{"id":2655,"date":"2013-10-08T20:17:00","date_gmt":"2013-10-08T20:17:00","guid":{"rendered":"http:\/\/nonsolomodanews.com\/?p=2655"},"modified":"2013-10-08T20:17:00","modified_gmt":"2013-10-08T20:17:00","slug":"lis-bruna-kedma-giovane-modella-di-origini-brasiliane-che-sa-il-fatto-suo-e-sa-dove-vuole-arrivare","status":"publish","type":"post","link":"https:\/\/www.nonsolomodanews.it\/wordpress\/lis-bruna-kedma-giovane-modella-di-origini-brasiliane-che-sa-il-fatto-suo-e-sa-dove-vuole-arrivare\/","title":{"rendered":"Lis Bruna Kedma. Giovane modella di origini brasiliane che sa il fatto suo e sa dove vuole arrivare."},"content":{"rendered":"<p style=\"text-align:justify;\"><span style=\"color:#000000;\"><strong>\n\t\t<style>\n\t\t\t#gallery-1 {\n\t\t\t\tmargin: auto;\n\t\t\t}\n\t\t\t#gallery-1 .gallery-item {\n\t\t\t\tfloat: left;\n\t\t\t\tmargin-top: 10px;\n\t\t\t\ttext-align: center;\n\t\t\t\twidth: 33%;\n\t\t\t}\n\t\t\t#gallery-1 img {\n\t\t\t\tborder: 2px solid #cfcfcf;\n\t\t\t}\n\t\t\t#gallery-1 .gallery-caption {\n\t\t\t\tmargin-left: 0;\n\t\t\t}\n\t\t\t\/* see gallery_shortcode() in wp-includes\/media.php *\/\n\t\t<\/style>\n\t\t<div id='gallery-1' class='gallery galleryid-2655 gallery-columns-3 gallery-size-thumbnail'><dl class='gallery-item'>\n\t\t\t<dt class='gallery-icon portrait'>\n\t\t\t\t<a href='https:\/\/www.nonsolomodanews.it\/wordpress\/1011760_395110793955775_2088724671_n\/'><img loading=\"lazy\" decoding=\"async\" width=\"150\" height=\"150\" src=\"https:\/\/www.nonsolomodanews.it\/wordpress\/wp-content\/uploads\/2013\/10\/1011760_395110793955775_2088724671_n-150x150.jpg\" class=\"attachment-thumbnail size-thumbnail\" alt=\"\" aria-describedby=\"gallery-1-2668\" \/><\/a>\n\t\t\t<\/dt>\n\t\t\t\t<dd class='wp-caption-text gallery-caption' id='gallery-1-2668'>\n\t\t\t\tLis Kedma Ph. Michele Stabile\n\t\t\t\t<\/dd><\/dl><dl class='gallery-item'>\n\t\t\t<dt class='gallery-icon landscape'>\n\t\t\t\t<a href='https:\/\/www.nonsolomodanews.it\/wordpress\/1209419_395112553955599_661393338_n\/'><img loading=\"lazy\" decoding=\"async\" width=\"150\" height=\"150\" src=\"https:\/\/www.nonsolomodanews.it\/wordpress\/wp-content\/uploads\/2013\/10\/1209419_395112553955599_661393338_n-150x150.jpg\" class=\"attachment-thumbnail size-thumbnail\" alt=\"\" aria-describedby=\"gallery-1-2669\" \/><\/a>\n\t\t\t<\/dt>\n\t\t\t\t<dd class='wp-caption-text gallery-caption' id='gallery-1-2669'>\n\t\t\t\tLis Kedma Ph. Michele Stabile\n\t\t\t\t<\/dd><\/dl><dl class='gallery-item'>\n\t\t\t<dt class='gallery-icon portrait'>\n\t\t\t\t<a href='https:\/\/www.nonsolomodanews.it\/wordpress\/1374309_394178964048958_990970501_n\/'><img loading=\"lazy\" decoding=\"async\" width=\"150\" height=\"150\" src=\"https:\/\/www.nonsolomodanews.it\/wordpress\/wp-content\/uploads\/2013\/10\/1374309_394178964048958_990970501_n-150x150.jpg\" class=\"attachment-thumbnail size-thumbnail\" alt=\"\" aria-describedby=\"gallery-1-2670\" \/><\/a>\n\t\t\t<\/dt>\n\t\t\t\t<dd class='wp-caption-text gallery-caption' id='gallery-1-2670'>\n\t\t\t\tLis Kedma Ph. Michele Stabile\n\t\t\t\t<\/dd><\/dl><br style=\"clear: both\" \/><dl class='gallery-item'>\n\t\t\t<dt class='gallery-icon landscape'>\n\t\t\t\t<a href='https:\/\/www.nonsolomodanews.it\/wordpress\/1379633_393687327431455_446972571_n\/'><img loading=\"lazy\" decoding=\"async\" width=\"150\" height=\"150\" src=\"https:\/\/www.nonsolomodanews.it\/wordpress\/wp-content\/uploads\/2013\/10\/1379633_393687327431455_446972571_n-150x150.jpg\" class=\"attachment-thumbnail size-thumbnail\" alt=\"\" aria-describedby=\"gallery-1-2678\" \/><\/a>\n\t\t\t<\/dt>\n\t\t\t\t<dd class='wp-caption-text gallery-caption' id='gallery-1-2678'>\n\t\t\t\tLis Kedma Ph. Michele Stabile\n\t\t\t\t<\/dd><\/dl><dl class='gallery-item'>\n\t\t\t<dt class='gallery-icon portrait'>\n\t\t\t\t<a href='https:\/\/www.nonsolomodanews.it\/wordpress\/1378354_394239500709571_929078168_n\/'><img loading=\"lazy\" decoding=\"async\" width=\"150\" height=\"150\" src=\"https:\/\/www.nonsolomodanews.it\/wordpress\/wp-content\/uploads\/2013\/10\/1378354_394239500709571_929078168_n-150x150.jpg\" class=\"attachment-thumbnail size-thumbnail\" alt=\"\" aria-describedby=\"gallery-1-2674\" \/><\/a>\n\t\t\t<\/dt>\n\t\t\t\t<dd class='wp-caption-text gallery-caption' id='gallery-1-2674'>\n\t\t\t\tLis Kedma Ph. Michele Stabile\n\t\t\t\t<\/dd><\/dl><dl class='gallery-item'>\n\t\t\t<dt class='gallery-icon portrait'>\n\t\t\t\t<a href='https:\/\/www.nonsolomodanews.it\/wordpress\/556588_394166050716916_401080292_n\/'><img loading=\"lazy\" decoding=\"async\" width=\"150\" height=\"150\" src=\"https:\/\/www.nonsolomodanews.it\/wordpress\/wp-content\/uploads\/2013\/10\/556588_394166050716916_401080292_n-150x150.jpg\" class=\"attachment-thumbnail size-thumbnail\" alt=\"\" aria-describedby=\"gallery-1-2665\" \/><\/a>\n\t\t\t<\/dt>\n\t\t\t\t<dd class='wp-caption-text gallery-caption' id='gallery-1-2665'>\n\t\t\t\tLis Kedma Ph. Michele Stabile\n\t\t\t\t<\/dd><\/dl><br style=\"clear: both\" \/><dl class='gallery-item'>\n\t\t\t<dt class='gallery-icon portrait'>\n\t\t\t\t<a href='https:\/\/www.nonsolomodanews.it\/wordpress\/1375799_395110620622459_275412895_n\/'><img loading=\"lazy\" decoding=\"async\" width=\"150\" height=\"150\" src=\"https:\/\/www.nonsolomodanews.it\/wordpress\/wp-content\/uploads\/2013\/10\/1375799_395110620622459_275412895_n-150x150.jpg\" class=\"attachment-thumbnail size-thumbnail\" alt=\"\" aria-describedby=\"gallery-1-2672\" \/><\/a>\n\t\t\t<\/dt>\n\t\t\t\t<dd class='wp-caption-text gallery-caption' id='gallery-1-2672'>\n\t\t\t\tLis Kedma Ph. Michele Stabile\n\t\t\t\t<\/dd><\/dl><dl class='gallery-item'>\n\t\t\t<dt class='gallery-icon portrait'>\n\t\t\t\t<a href='https:\/\/www.nonsolomodanews.it\/wordpress\/12372_395110660622455_308135753_n\/'><img loading=\"lazy\" decoding=\"async\" width=\"150\" height=\"150\" src=\"https:\/\/www.nonsolomodanews.it\/wordpress\/wp-content\/uploads\/2013\/10\/12372_395110660622455_308135753_n-150x150.jpg\" class=\"attachment-thumbnail size-thumbnail\" alt=\"\" aria-describedby=\"gallery-1-2663\" \/><\/a>\n\t\t\t<\/dt>\n\t\t\t\t<dd class='wp-caption-text gallery-caption' id='gallery-1-2663'>\n\t\t\t\tLis Kedma Ph. Michele Stabile\n\t\t\t\t<\/dd><\/dl><dl class='gallery-item'>\n\t\t\t<dt class='gallery-icon portrait'>\n\t\t\t\t<a href='https:\/\/www.nonsolomodanews.it\/wordpress\/1379937_394172220716299_961809232_n\/'><img loading=\"lazy\" decoding=\"async\" width=\"150\" height=\"150\" src=\"https:\/\/www.nonsolomodanews.it\/wordpress\/wp-content\/uploads\/2013\/10\/1379937_394172220716299_961809232_n-150x150.jpg\" class=\"attachment-thumbnail size-thumbnail\" alt=\"\" aria-describedby=\"gallery-1-2679\" \/><\/a>\n\t\t\t<\/dt>\n\t\t\t\t<dd class='wp-caption-text gallery-caption' id='gallery-1-2679'>\n\t\t\t\tLis Kedma Ph. Michele Stabile\n\t\t\t\t<\/dd><\/dl><br style=\"clear: both\" \/><dl class='gallery-item'>\n\t\t\t<dt class='gallery-icon portrait'>\n\t\t\t\t<a href='https:\/\/www.nonsolomodanews.it\/wordpress\/934029_394250214041833_1715889054_n\/'><img loading=\"lazy\" decoding=\"async\" width=\"150\" height=\"150\" src=\"https:\/\/www.nonsolomodanews.it\/wordpress\/wp-content\/uploads\/2013\/10\/934029_394250214041833_1715889054_n-150x150.jpg\" class=\"attachment-thumbnail size-thumbnail\" alt=\"\" aria-describedby=\"gallery-1-2666\" \/><\/a>\n\t\t\t<\/dt>\n\t\t\t\t<dd class='wp-caption-text gallery-caption' id='gallery-1-2666'>\n\t\t\t\tLis Kedma Ph. Michele Stabile\n\t\t\t\t<\/dd><\/dl><dl class='gallery-item'>\n\t\t\t<dt class='gallery-icon portrait'>\n\t\t\t\t<a href='https:\/\/www.nonsolomodanews.it\/wordpress\/1385107_395110700622451_1426766755_n\/'><img loading=\"lazy\" decoding=\"async\" width=\"150\" height=\"150\" src=\"https:\/\/www.nonsolomodanews.it\/wordpress\/wp-content\/uploads\/2013\/10\/1385107_395110700622451_1426766755_n-150x150.jpg\" class=\"attachment-thumbnail size-thumbnail\" alt=\"\" aria-describedby=\"gallery-1-2685\" \/><\/a>\n\t\t\t<\/dt>\n\t\t\t\t<dd class='wp-caption-text gallery-caption' id='gallery-1-2685'>\n\t\t\t\tLis Kedma Ph. Michele Stabile\n\t\t\t\t<\/dd><\/dl><dl class='gallery-item'>\n\t\t\t<dt class='gallery-icon portrait'>\n\t\t\t\t<a href='https:\/\/www.nonsolomodanews.it\/wordpress\/1381628_395110953955759_470465688_n\/'><img loading=\"lazy\" decoding=\"async\" width=\"150\" height=\"150\" src=\"https:\/\/www.nonsolomodanews.it\/wordpress\/wp-content\/uploads\/2013\/10\/1381628_395110953955759_470465688_n-150x150.jpg\" class=\"attachment-thumbnail size-thumbnail\" alt=\"\" aria-describedby=\"gallery-1-2682\" \/><\/a>\n\t\t\t<\/dt>\n\t\t\t\t<dd class='wp-caption-text gallery-caption' id='gallery-1-2682'>\n\t\t\t\tLis Kedma Ph. Michele Stabile\n\t\t\t\t<\/dd><\/dl><br style=\"clear: both\" \/><dl class='gallery-item'>\n\t\t\t<dt class='gallery-icon landscape'>\n\t\t\t\t<a href='https:\/\/www.nonsolomodanews.it\/wordpress\/1382130_395118847288303_1042119055_n\/'><img loading=\"lazy\" decoding=\"async\" width=\"150\" height=\"150\" src=\"https:\/\/www.nonsolomodanews.it\/wordpress\/wp-content\/uploads\/2013\/10\/1382130_395118847288303_1042119055_n-150x150.jpg\" class=\"attachment-thumbnail size-thumbnail\" alt=\"\" aria-describedby=\"gallery-1-2683\" \/><\/a>\n\t\t\t<\/dt>\n\t\t\t\t<dd class='wp-caption-text gallery-caption' id='gallery-1-2683'>\n\t\t\t\tLis Kedma Ph. Michele Stabile\n\t\t\t\t<\/dd><\/dl><dl class='gallery-item'>\n\t\t\t<dt class='gallery-icon portrait'>\n\t\t\t\t<a href='https:\/\/www.nonsolomodanews.it\/wordpress\/994020_395110567289131_2016884959_n\/'><img loading=\"lazy\" decoding=\"async\" width=\"150\" height=\"150\" src=\"https:\/\/www.nonsolomodanews.it\/wordpress\/wp-content\/uploads\/2013\/10\/994020_395110567289131_2016884959_n-150x150.jpg\" class=\"attachment-thumbnail size-thumbnail\" alt=\"\" aria-describedby=\"gallery-1-2667\" \/><\/a>\n\t\t\t<\/dt>\n\t\t\t\t<dd class='wp-caption-text gallery-caption' id='gallery-1-2667'>\n\t\t\t\tLis Kedma Ph. Michele Stabile\n\t\t\t\t<\/dd><\/dl><dl class='gallery-item'>\n\t\t\t<dt class='gallery-icon portrait'>\n\t\t\t\t<a href='https:\/\/www.nonsolomodanews.it\/wordpress\/1378837_395110927289095_269250906_n\/'><img loading=\"lazy\" decoding=\"async\" width=\"150\" height=\"150\" src=\"https:\/\/www.nonsolomodanews.it\/wordpress\/wp-content\/uploads\/2013\/10\/1378837_395110927289095_269250906_n-150x150.jpg\" class=\"attachment-thumbnail size-thumbnail\" alt=\"\" aria-describedby=\"gallery-1-2676\" \/><\/a>\n\t\t\t<\/dt>\n\t\t\t\t<dd class='wp-caption-text gallery-caption' id='gallery-1-2676'>\n\t\t\t\tLis Kedma Ph. Michele Stabile\n\t\t\t\t<\/dd><\/dl><br style=\"clear: both\" \/><dl class='gallery-item'>\n\t\t\t<dt class='gallery-icon landscape'>\n\t\t\t\t<a href='https:\/\/www.nonsolomodanews.it\/wordpress\/1383643_395111003955754_1293288164_n\/'><img loading=\"lazy\" decoding=\"async\" width=\"150\" height=\"150\" src=\"https:\/\/www.nonsolomodanews.it\/wordpress\/wp-content\/uploads\/2013\/10\/1383643_395111003955754_1293288164_n-150x150.jpg\" class=\"attachment-thumbnail size-thumbnail\" alt=\"\" aria-describedby=\"gallery-1-2684\" \/><\/a>\n\t\t\t<\/dt>\n\t\t\t\t<dd class='wp-caption-text gallery-caption' id='gallery-1-2684'>\n\t\t\t\tLis Kedma Ph. Michele Stabile\n\t\t\t\t<\/dd><\/dl><dl class='gallery-item'>\n\t\t\t<dt class='gallery-icon portrait'>\n\t\t\t\t<a href='https:\/\/www.nonsolomodanews.it\/wordpress\/531963_394272147372973_93145869_n\/'><img loading=\"lazy\" decoding=\"async\" width=\"150\" height=\"150\" src=\"https:\/\/www.nonsolomodanews.it\/wordpress\/wp-content\/uploads\/2013\/10\/531963_394272147372973_93145869_n-150x150.jpg\" class=\"attachment-thumbnail size-thumbnail\" alt=\"\" aria-describedby=\"gallery-1-2664\" \/><\/a>\n\t\t\t<\/dt>\n\t\t\t\t<dd class='wp-caption-text gallery-caption' id='gallery-1-2664'>\n\t\t\t\tLis Kedma Ph. Michele Stabile\n\t\t\t\t<\/dd><\/dl><dl class='gallery-item'>\n\t\t\t<dt class='gallery-icon portrait'>\n\t\t\t\t<a href='https:\/\/www.nonsolomodanews.it\/wordpress\/1375084_395112243955630_1164902891_n\/'><img loading=\"lazy\" decoding=\"async\" width=\"150\" height=\"150\" src=\"https:\/\/www.nonsolomodanews.it\/wordpress\/wp-content\/uploads\/2013\/10\/1375084_395112243955630_1164902891_n-150x150.jpg\" class=\"attachment-thumbnail size-thumbnail\" alt=\"\" aria-describedby=\"gallery-1-2671\" \/><\/a>\n\t\t\t<\/dt>\n\t\t\t\t<dd class='wp-caption-text gallery-caption' id='gallery-1-2671'>\n\t\t\t\tLis Kedma Ph. Michele Stabile\n\t\t\t\t<\/dd><\/dl><br style=\"clear: both\" \/><dl class='gallery-item'>\n\t\t\t<dt class='gallery-icon portrait'>\n\t\t\t\t<a href='https:\/\/www.nonsolomodanews.it\/wordpress\/1380741_395110723955782_1230048777_n\/'><img loading=\"lazy\" decoding=\"async\" width=\"150\" height=\"150\" src=\"https:\/\/www.nonsolomodanews.it\/wordpress\/wp-content\/uploads\/2013\/10\/1380741_395110723955782_1230048777_n-150x150.jpg\" class=\"attachment-thumbnail size-thumbnail\" alt=\"\" aria-describedby=\"gallery-1-2681\" \/><\/a>\n\t\t\t<\/dt>\n\t\t\t\t<dd class='wp-caption-text gallery-caption' id='gallery-1-2681'>\n\t\t\t\tLis Kedma Ph. Michele Stabile\n\t\t\t\t<\/dd><\/dl><dl class='gallery-item'>\n\t\t\t<dt class='gallery-icon portrait'>\n\t\t\t\t<a href='https:\/\/www.nonsolomodanews.it\/wordpress\/1380461_395110767289111_368446160_n\/'><img loading=\"lazy\" decoding=\"async\" width=\"150\" height=\"150\" src=\"https:\/\/www.nonsolomodanews.it\/wordpress\/wp-content\/uploads\/2013\/10\/1380461_395110767289111_368446160_n-150x150.jpg\" class=\"attachment-thumbnail size-thumbnail\" alt=\"\" aria-describedby=\"gallery-1-2680\" \/><\/a>\n\t\t\t<\/dt>\n\t\t\t\t<dd class='wp-caption-text gallery-caption' id='gallery-1-2680'>\n\t\t\t\tLis Kedma Ph. Michele Stabile\n\t\t\t\t<\/dd><\/dl><dl class='gallery-item'>\n\t\t\t<dt class='gallery-icon portrait'>\n\t\t\t\t<a href='https:\/\/www.nonsolomodanews.it\/wordpress\/1379416_395110817289106_473278319_n\/'><img loading=\"lazy\" decoding=\"async\" width=\"150\" height=\"150\" src=\"https:\/\/www.nonsolomodanews.it\/wordpress\/wp-content\/uploads\/2013\/10\/1379416_395110817289106_473278319_n-150x150.jpg\" class=\"attachment-thumbnail size-thumbnail\" alt=\"\" aria-describedby=\"gallery-1-2677\" \/><\/a>\n\t\t\t<\/dt>\n\t\t\t\t<dd class='wp-caption-text gallery-caption' id='gallery-1-2677'>\n\t\t\t\tLis Kedma Ph. Michele Stabile\n\t\t\t\t<\/dd><\/dl><br style=\"clear: both\" \/><dl class='gallery-item'>\n\t\t\t<dt class='gallery-icon portrait'>\n\t\t\t\t<a href='https:\/\/www.nonsolomodanews.it\/wordpress\/1378116_395110843955770_1941645731_n\/'><img loading=\"lazy\" decoding=\"async\" width=\"150\" height=\"150\" src=\"https:\/\/www.nonsolomodanews.it\/wordpress\/wp-content\/uploads\/2013\/10\/1378116_395110843955770_1941645731_n-150x150.jpg\" class=\"attachment-thumbnail size-thumbnail\" alt=\"\" aria-describedby=\"gallery-1-2673\" \/><\/a>\n\t\t\t<\/dt>\n\t\t\t\t<dd class='wp-caption-text gallery-caption' id='gallery-1-2673'>\n\t\t\t\tLis Kedma Ph. Michele Stabile\n\t\t\t\t<\/dd><\/dl><dl class='gallery-item'>\n\t\t\t<dt class='gallery-icon portrait'>\n\t\t\t\t<a href='https:\/\/www.nonsolomodanews.it\/wordpress\/1378547_395118880621633_1356811410_n\/'><img loading=\"lazy\" decoding=\"async\" width=\"150\" height=\"150\" src=\"https:\/\/www.nonsolomodanews.it\/wordpress\/wp-content\/uploads\/2013\/10\/1378547_395118880621633_1356811410_n-150x150.jpg\" class=\"attachment-thumbnail size-thumbnail\" alt=\"\" aria-describedby=\"gallery-1-2675\" \/><\/a>\n\t\t\t<\/dt>\n\t\t\t\t<dd class='wp-caption-text gallery-caption' id='gallery-1-2675'>\n\t\t\t\tLis Kedma Ph. Michele Stabile\n\t\t\t\t<\/dd><\/dl>\n\t\t\t<br style='clear: both' \/>\n\t\t<\/div>\n<\/p>\n<p><\/strong><\/span><\/p>\n<p>&nbsp;<\/p>\n<div id=\"attachment_2666\" style=\"width: 339px\" class=\"wp-caption alignleft\"><a href=\"http:\/\/nonsolomodanews.files.wordpress.com\/2013\/10\/934029_394250214041833_1715889054_n.jpg\"><img loading=\"lazy\" decoding=\"async\" aria-describedby=\"caption-attachment-2666\" class=\" wp-image-2666 \" alt=\"Lis Kedma Ph. Michele Stabile\" src=\"http:\/\/nonsolomodanews.files.wordpress.com\/2013\/10\/934029_394250214041833_1715889054_n.jpg\" width=\"329\" height=\"576\" srcset=\"https:\/\/www.nonsolomodanews.it\/wordpress\/wp-content\/uploads\/2013\/10\/934029_394250214041833_1715889054_n.jpg 549w, https:\/\/www.nonsolomodanews.it\/wordpress\/wp-content\/uploads\/2013\/10\/934029_394250214041833_1715889054_n-172x300.jpg 172w\" sizes=\"auto, (max-width: 329px) 100vw, 329px\" \/><\/a><p id=\"caption-attachment-2666\" class=\"wp-caption-text\">Lis Kedma Ph. Michele Stabile<\/p><\/div>\n<p style=\"text-align:justify;\"><span style=\"color:#000000;\"><strong>Lis Bruna Kedma<\/strong> \u00e8 una modella italo brasiliana molto giovane essendo nata nel 1997. Modella con alle spalle gi\u00e0 molte sfilate e ottimo risultati ai concorsi di bellezza, recentemente ha sfilato per Valeria Marini alla Milano Fashion week. Appassionata di Basket, ha le idee chiare di come dovrebbe essere la sua vita\u2026 &#8220;un mix tra grande giocatrice di basket, modella di nome e chirurgo di fama mondiale&#8221;.\u00a0Ringraziamo la mamma Nassara per averci dato la possibilit\u00e0 di intervistare la figlia ed ecco a voi, lettori di <strong>Nonsolomodanews<\/strong>, l&#8217;intervista con Lis.<\/span><\/p>\n<p style=\"text-align:justify;\"><span style=\"color:#000000;\"><b>Grazie Lis, ti vuoi presentare ai nostri lettori? \u201c<\/b><i>Ciao, mi chiamo Lis Bruna Kedma, ho 16 anni, abito a Battipaglia (SA), sono nata il 4 maggio 1997 a San Paolo del Brasile. Essendo italo-brasiliana sono una persona molto allegra, divertente, mi piace stare in mezzo alla gente ma sono anche molto testarda e determinata a raggiungere i miei propri obiettivi\u201d .<\/i><\/span><\/p>\n<div id=\"attachment_2684\" style=\"width: 310px\" class=\"wp-caption alignright\"><img loading=\"lazy\" decoding=\"async\" aria-describedby=\"caption-attachment-2684\" class=\"size-medium wp-image-2684\" alt=\"Lis Kedma Ph. Michele Stabile\" src=\"http:\/\/nonsolomodanews.files.wordpress.com\/2013\/10\/1383643_395111003955754_1293288164_n.jpg?w=300\" width=\"300\" height=\"208\" srcset=\"https:\/\/www.nonsolomodanews.it\/wordpress\/wp-content\/uploads\/2013\/10\/1383643_395111003955754_1293288164_n.jpg 960w, https:\/\/www.nonsolomodanews.it\/wordpress\/wp-content\/uploads\/2013\/10\/1383643_395111003955754_1293288164_n-300x208.jpg 300w\" sizes=\"auto, (max-width: 300px) 100vw, 300px\" \/><p id=\"caption-attachment-2684\" class=\"wp-caption-text\"><span style=\"color:#000000;\">Lis Kedma Ph. Michele Stabile<\/span><\/p><\/div>\n<p style=\"text-align:justify;\"><span style=\"color:#000000;\"><b>Abbiamo visto le tue fotografie ma ci dici quali sono le tue misure?<\/b> <i>&#8220;Le mie misure sono 88-62-92, sono alta 180 cm , calzo una scarpa misura 40\/41. Il colore dei capelli \u00e8 castano chiaro e ho gli occhi di colore castani\u201d.<\/i><\/span><\/p>\n<p style=\"text-align:justify;\"><span style=\"color:#000000;\"><b>Come sei di carattere?<\/b> <i>\u201cCome ho detto prima, mi ritengo una persona divertente, allegra, testarda e determinata, ma anche sincera, sensibile ma allo stesso tempo forte anche se non lo dimostro\u201d.<\/i> (sorride)<\/span><\/p>\n<p style=\"text-align:justify;\"><span style=\"color:#000000;\"><b>Che cosa ti piace? <\/b><em>\u201cMi piace godere sempre di buona salute, mi piace l\u2019amicizia, la moda, lo sport, leggere un bel libro e vedere un bel film&#8221;.<\/em><\/span><\/p>\n<p style=\"text-align:justify;\"><span style=\"color:#000000;\"><b>\u2026e cosa non ti piace?<\/b> <i>\u201cNon mi piace la falsit\u00e0, la bugia ma soprattutto l\u2019invidia, perch\u00e9 penso che il mondo sia talmente grande che ognuno possa avere il suo spazio\u00a0 e non c\u2019\u00e8 bisogno di cercare di essere migliore degli altri\u201d.<\/i><\/span><\/p>\n<div id=\"attachment_2678\" style=\"width: 650px\" class=\"wp-caption aligncenter\"><img loading=\"lazy\" decoding=\"async\" aria-describedby=\"caption-attachment-2678\" class=\"size-large wp-image-2678\" alt=\"Lis Kedma Ph. Michele Stabile\" src=\"http:\/\/nonsolomodanews.files.wordpress.com\/2013\/10\/1379633_393687327431455_446972571_n.jpg?w=640\" width=\"640\" height=\"479\" srcset=\"https:\/\/www.nonsolomodanews.it\/wordpress\/wp-content\/uploads\/2013\/10\/1379633_393687327431455_446972571_n.jpg 960w, https:\/\/www.nonsolomodanews.it\/wordpress\/wp-content\/uploads\/2013\/10\/1379633_393687327431455_446972571_n-300x225.jpg 300w\" sizes=\"auto, (max-width: 640px) 100vw, 640px\" \/><p id=\"caption-attachment-2678\" class=\"wp-caption-text\"><span style=\"color:#000000;\">Lis Kedma Ph. Michele Stabile<\/span><\/p><\/div>\n<p style=\"text-align:justify;\"><span style=\"color:#000000;\"><b>Qual \u00e8 il colore preferito<\/b>? <i>\u201cMi piacciono il colore verde e rosa<\/i>\u201d.<\/span><\/p>\n<p style=\"text-align:justify;\"><span style=\"color:#000000;\"><b>Qual \u00e8 il\u00a0 tuo rapporto con gli animali?<\/b> <i>\u201cDirei che ho un bel rapporto, amo gli animali! Se potessi la mia casa sarebbe uno zoo\u201d.<\/i><\/span><\/p>\n<p style=\"text-align:justify;\"><span style=\"color:#000000;\"><b>Tu sei giovanissima oltre a lavorare con la moda che cosa fai?<\/b> <i>\u201cStudio, faccio il terzo anno del liceo scientifico\u201d.<\/i><\/span><\/p>\n<div id=\"attachment_2682\" style=\"width: 650px\" class=\"wp-caption aligncenter\"><img loading=\"lazy\" decoding=\"async\" aria-describedby=\"caption-attachment-2682\" class=\"size-large wp-image-2682\" alt=\"Lis Kedma Ph. Michele Stabile\" src=\"http:\/\/nonsolomodanews.files.wordpress.com\/2013\/10\/1381628_395110953955759_470465688_n.jpg?w=640\" width=\"640\" height=\"918\" srcset=\"https:\/\/www.nonsolomodanews.it\/wordpress\/wp-content\/uploads\/2013\/10\/1381628_395110953955759_470465688_n.jpg 669w, https:\/\/www.nonsolomodanews.it\/wordpress\/wp-content\/uploads\/2013\/10\/1381628_395110953955759_470465688_n-209x300.jpg 209w\" sizes=\"auto, (max-width: 640px) 100vw, 640px\" \/><p id=\"caption-attachment-2682\" class=\"wp-caption-text\"><span style=\"color:#000000;\">Lis Kedma Ph. Michele Stabile<\/span><\/p><\/div>\n<p style=\"text-align:justify;\"><span style=\"color:#000000;\"><b>Che cosa vorresti fare da &#8220;grande&#8221;, ovvero dopo che hai terminato di posare e sfilare?<\/b> <i>\u201cTre sono i miei obiettivi: diventare una grande modella, perch\u00e9 sin da piccola ho sempre sognato di entrare nel mondo dello spettacolo; una giocatrice di pallacanestro, perch\u00e9 ho praticato tanti sport diversi, ma non mi sono mai innamorata cosi tanto come mi sono innamorata della pallacanestro; e di diventare un bravissimo chirurgo plastico, perch\u00e9 amo la perfezione. Un insieme perfetto secondo me\u201d.<\/i><\/span><\/p>\n<p style=\"text-align:justify;\"><span style=\"color:#000000;\"><b>Cosa cerchi da un fotografo e pi\u00f9 in generale che cosa cerchi dalla fotografia?<\/b> <i>\u201cDa un fotografo cerco soprattutto la seriet\u00e0, la professionalit\u00e0, il rispetto e l\u2019ispirazione. Che mi faccia sentire a mio agio. <\/i><i>\u00a0Mi piace quando un&#8217;immagine dice qualcosa di interessante. Mi piacciono foto che combinano azione, luogo e personaggio\u2026 Catturare l&#8217;azione e positivo. Combinare questi diversi aspetti pu\u00f2 risultare un ottimo lavoro\u201d. <\/i><\/span><\/p>\n<div id=\"attachment_2663\" style=\"width: 650px\" class=\"wp-caption alignright\"><img loading=\"lazy\" decoding=\"async\" aria-describedby=\"caption-attachment-2663\" class=\"size-large wp-image-2663\" alt=\"Lis Kedma Ph. Michele Stabile\" src=\"http:\/\/nonsolomodanews.files.wordpress.com\/2013\/10\/12372_395110660622455_308135753_n.jpg?w=640\" width=\"640\" height=\"918\" srcset=\"https:\/\/www.nonsolomodanews.it\/wordpress\/wp-content\/uploads\/2013\/10\/12372_395110660622455_308135753_n.jpg 669w, https:\/\/www.nonsolomodanews.it\/wordpress\/wp-content\/uploads\/2013\/10\/12372_395110660622455_308135753_n-209x300.jpg 209w\" sizes=\"auto, (max-width: 640px) 100vw, 640px\" \/><p id=\"caption-attachment-2663\" class=\"wp-caption-text\"><span style=\"color:#000000;\">Lis Kedma Ph. Michele Stabile<\/span><\/p><\/div>\n<p style=\"text-align:justify;\"><span style=\"color:#000000;\"><b>Che cosa cercano i fotografi da te?<\/b> <i>\u201cDipende molto dal genere di foto che si deve fare, ma di solito loro cercano da me\u00a0 la mia complicit\u00e0, pazienza, professionalit\u00e0, fisicit\u00e0 e seriet\u00e0. Penso che se ognuno fa il suo lavoro come si deve, ne esce un bel lavoro\u201d.<\/i><\/span><\/p>\n<p style=\"text-align:justify;\"><span style=\"color:#000000;\"><b>Chi \u00e8 nella tua famiglia il tuo primo sostenitore\/sostenitrice<\/b>? <i>\u201cSenza dubbi, i miei genitori sono i miei primi sostenitori, senza di loro non sarei arrivata dove sono arrivata fino ad oggi\u201d.<\/i><\/span><\/p>\n<div id=\"attachment_2674\" style=\"width: 181px\" class=\"wp-caption alignright\"><img loading=\"lazy\" decoding=\"async\" aria-describedby=\"caption-attachment-2674\" class=\"size-medium wp-image-2674\" alt=\"Lis Kedma Ph. Michele Stabile\" src=\"http:\/\/nonsolomodanews.files.wordpress.com\/2013\/10\/1378354_394239500709571_929078168_n.jpg?w=171\" width=\"171\" height=\"300\" \/><p id=\"caption-attachment-2674\" class=\"wp-caption-text\"><span style=\"color:#000000;\">Lis Kedma Ph. Michele Stabile<\/span><\/p><\/div>\n<p style=\"text-align:justify;\"><span style=\"color:#000000;\"><b>Quando hai iniziato a posare?<\/b> <i>\u201cHo iniziato a posare quando avevo 8 anni\u201d.<\/i><\/span><\/p>\n<p style=\"text-align:justify;\"><span style=\"color:#000000;\"><b>Quali sono i generi fotografici che preferisci e perch\u00e9?<\/b> <i>\u201cIn genere ritratti, difficilmente di soggetti in posa quasi sempre in atteggiamenti naturali e spontanei. Paesaggi o comunque qualunque cosa che attiri la mia attenzione\u201d.<\/i><\/span><\/p>\n<p style=\"text-align:justify;\"><span style=\"color:#000000;\"><b>Quale progetto fotografico ti piacerebbe realizzare e perch\u00e9?<\/b> <i>\u201cPosare per i grandi marchi come Dolce&amp;Gabbana, Armani, Dior, Channel&#8230; e fare un servizio fotografico per Vogue\u201d.<\/i><\/span><\/p>\n<p style=\"text-align:justify;\"><span style=\"color:#000000;\"><b>Che cosa significa per te &#8220;essere una modella\/fotomodella?<\/b> <i>\u201cCome ti ho gi\u00e0 detto prima, ogni bambino ha un sogno, e il mio era quello di diventare una modella, ci\u00f2 significa realizzare il mio sogno da bambina, ogni volta che salgo sulla passarella sento un brivido che attraversa ogni singola parte del mio corpo, \u00e8 una sensazione meravigliosa, in quel momento mi sento LIS KEDMA\u2026\u201d.<\/i><\/span><\/p>\n<p style=\"text-align:justify;\"><span style=\"color:#000000;\"><b>Hai frequentato corsi di modeling e portamento?<\/b> <i>\u201cNo, mia mamma \u00e8 la istruttrice, se so qualcosa \u00e8 tutto grazie a lei\u201d.<\/i><\/span><\/p>\n<p style=\"text-align:justify;\"><span style=\"color:#000000;\"><b>Hai degli hobby?<\/b> <i>\u201cSi, mi piace molto andare a cavallo, giocare a basket e\u00a0 viaggiare\u201d.<\/i><\/span><\/p>\n<p style=\"text-align:justify;\"><span style=\"color:#000000;\"><b>A<\/b><\/span><\/p>\n<div id=\"attachment_2669\" style=\"width: 650px\" class=\"wp-caption alignnone\"><img loading=\"lazy\" decoding=\"async\" aria-describedby=\"caption-attachment-2669\" class=\"size-large wp-image-2669\" alt=\"Lis Kedma Ph. Michele Stabile\" src=\"http:\/\/nonsolomodanews.files.wordpress.com\/2013\/10\/1209419_395112553955599_661393338_n.jpg?w=640\" width=\"640\" height=\"560\" srcset=\"https:\/\/www.nonsolomodanews.it\/wordpress\/wp-content\/uploads\/2013\/10\/1209419_395112553955599_661393338_n.jpg 960w, https:\/\/www.nonsolomodanews.it\/wordpress\/wp-content\/uploads\/2013\/10\/1209419_395112553955599_661393338_n-300x263.jpg 300w\" sizes=\"auto, (max-width: 640px) 100vw, 640px\" \/><p id=\"caption-attachment-2669\" class=\"wp-caption-text\"><span style=\"color:#000000;\">Lis Kedma Ph. Michele Stabile<\/span><\/p><\/div>\n<p style=\"text-align:justify;\"><span style=\"color:#000000;\"><b>livello di cucina, qual \u00e8 il piatto che ti piace di pi\u00f9?<\/b> <i>\u201cCos\u2019\u00e8 meglio di un piatto di pasta con sugo fatto dalla nonna? Oppure la lasagna appena sfornata preparata dalla mamma solo per te\u201d?<\/i><\/span><\/p>\n<p style=\"text-align:justify;\"><span style=\"color:#000000;\"><b>Qual \u00e8 il tuo rapporto con il cibo?<\/b> <i>\u201cDirei che abbiamo un rapporto molto intimo, si amo diventati migliori amici in cos\u00ec poco tempo\u201d. (sorride)<\/i><\/span><\/p>\n<p style=\"text-align:justify;\"><span style=\"color:#000000;\"><b>Ti piace il vino?<\/b> <i>\u201cNo, sono astemia\u201d.<\/i><\/span><\/p>\n<div id=\"attachment_2668\" style=\"width: 219px\" class=\"wp-caption alignleft\"><img loading=\"lazy\" decoding=\"async\" aria-describedby=\"caption-attachment-2668\" class=\"size-medium wp-image-2668\" alt=\"Lis Kedma Ph. Michele Stabile\" src=\"http:\/\/nonsolomodanews.files.wordpress.com\/2013\/10\/1011760_395110793955775_2088724671_n.jpg?w=209\" width=\"209\" height=\"300\" srcset=\"https:\/\/www.nonsolomodanews.it\/wordpress\/wp-content\/uploads\/2013\/10\/1011760_395110793955775_2088724671_n.jpg 669w, https:\/\/www.nonsolomodanews.it\/wordpress\/wp-content\/uploads\/2013\/10\/1011760_395110793955775_2088724671_n-209x300.jpg 209w\" sizes=\"auto, (max-width: 209px) 100vw, 209px\" \/><p id=\"caption-attachment-2668\" class=\"wp-caption-text\"><span style=\"color:#000000;\">Lis Kedma Ph. Michele Stabile<\/span><\/p><\/div>\n<p style=\"text-align:justify;\"><span style=\"color:#000000;\"><b>Modella o fotomodella che conosci e alla quale ti ispiri?<\/b> <i>\u201cGisele Bundchen e Adriana Lima sono le mie preferite\u201d.<\/i><\/span><\/p>\n<p style=\"text-align:justify;\"><span style=\"color:#000000;\"><b>Tu hai partecipato a concorsi di bellezza. Che cosa ti offrono e qual \u00e8 la sensazione che provi quando sali in passerella?<\/b> <i>\u201cSisi, ho partecipato a dei concorsi di bellezza. Mi offrono visibilit\u00e0 e servono anche da esperienza. La sensazione che provo quando salgo in passerella \u00e8 indescrivibile, sento qualcosa dentro di me pi\u00f9 forte di qualsiasi altra cosa, di solito sono una persona chiusa e timida, invece quando sto sulla passerella tutto questo sparisce\u201d.<\/i><\/span><\/p>\n<p style=\"text-align:justify;\"><span style=\"color:#000000;\"><b>Hai da fare qualche ringraziamento?<\/b> \u00a0<i>\u201cRingrazio in primo posto Dio per essere sempre stato vicino a me, i miei genitori che hanno sempre creduto in me, la mia famiglia e tutti coloro che credono in me, nel mio potenziale\u201d.<\/i><\/span><\/p>\n<div id=\"attachment_2683\" style=\"width: 650px\" class=\"wp-caption alignnone\"><img loading=\"lazy\" decoding=\"async\" aria-describedby=\"caption-attachment-2683\" class=\"size-large wp-image-2683\" alt=\"Lis Kedma Ph. Michele Stabile\" src=\"http:\/\/nonsolomodanews.files.wordpress.com\/2013\/10\/1382130_395118847288303_1042119055_n.jpg?w=640\" width=\"640\" height=\"518\" srcset=\"https:\/\/www.nonsolomodanews.it\/wordpress\/wp-content\/uploads\/2013\/10\/1382130_395118847288303_1042119055_n.jpg 960w, https:\/\/www.nonsolomodanews.it\/wordpress\/wp-content\/uploads\/2013\/10\/1382130_395118847288303_1042119055_n-300x243.jpg 300w\" sizes=\"auto, (max-width: 640px) 100vw, 640px\" \/><p id=\"caption-attachment-2683\" class=\"wp-caption-text\"><span style=\"color:#000000;\">Lis Kedma Ph. Michele Stabile<\/span><\/p><\/div>\n<p style=\"text-align:justify;\"><span style=\"color:#000000;\"><b>Hai una frase che meglio ti rappresenta?<\/b><i> \u201cLa frase che mi rappresenta meglio \u00e8<\/i> <i>&lt;&lt;<\/i><i>Chi desidera vedere l&#8217;arcobaleno, deve imparare ad amare la pioggia&gt;&gt;\u201d. <\/i><\/span><\/p>\n<p style=\"text-align:justify;\"><span style=\"color:#000000;\">Grazie Lis a nome mio e dei lettori di Nonsolomodanews<\/span><\/p>\n<p style=\"text-align:justify;\"><span style=\"color:#000000;\">I credits delle fotografie appartengono ai relativi fotografi. \u00a0Le fotografie sono state fornite da Nassara Kedma \u2013 Tutti i diritti riservati \u2013 Email: nonsolomodanews@gmail.com<\/span><\/p>\n","protected":false},"excerpt":{"rendered":"<p>&nbsp; Lis Bruna Kedma &egrave; una modella italo brasiliana molto giovane essendo nata nel 1997. Modella con alle spalle gi&agrave; molte sfilate e ottimo risultati ai concorsi di bellezza, recentemente ha sfilato per Valeria Marini alla Milano Fashion week. Appassionata di Basket, ha le idee chiare di come dovrebbe essere la sua vita&hellip; &ldquo;un mix tra grande giocatrice di basket, modella di nome e chirurgo di fama mondiale&rdquo;.&nbsp;Ringraziamo la mamma Nassara per averci dato la possibilit&agrave; di intervistare la figlia ed ecco a voi, lettori di Nonsolomodanews, l&rsquo;intervista con Lis. Grazie Lis, ti vuoi presentare ai nostri lettori? &ldquo;Ciao, mi chiamo Lis Bruna Kedma, ho 16 anni, abito a Battipaglia (SA), sono nata il 4 maggio 1997 a San Paolo del Brasile. Essendo italo-brasiliana sono una persona molto allegra, divertente, mi piace stare in mezzo alla gente ma sono anche molto testarda e determinata a raggiungere i miei propri obiettivi&rdquo; . Abbiamo visto le tue fotografie ma ci dici quali sono le tue misure? &ldquo;Le mie misure sono 88-62-92, sono alta 180 cm , calzo una scarpa misura 40\/41. Il colore dei capelli &egrave; castano chiaro e ho gli occhi di colore castani&rdquo;. Come sei di carattere? &ldquo;Come ho detto [&hellip;]<\/p>\n","protected":false},"author":1,"featured_media":0,"comment_status":"open","ping_status":"open","sticky":false,"template":"","format":"standard","meta":{"rop_custom_images_group":[],"rop_custom_messages_group":[],"rop_publish_now":"initial","rop_publish_now_accounts":[],"rop_publish_now_history":[],"rop_publish_now_status":"pending","footnotes":""},"categories":[16],"tags":[837,996,1456],"class_list":["post-2655","post","type-post","status-publish","format-standard","hentry","category-articolo","tag-lis-bruna-kedma","tag-milano-fashion-week","tag-valeria-marini"],"_links":{"self":[{"href":"https:\/\/www.nonsolomodanews.it\/wordpress\/wp-json\/wp\/v2\/posts\/2655","targetHints":{"allow":["GET"]}}],"collection":[{"href":"https:\/\/www.nonsolomodanews.it\/wordpress\/wp-json\/wp\/v2\/posts"}],"about":[{"href":"https:\/\/www.nonsolomodanews.it\/wordpress\/wp-json\/wp\/v2\/types\/post"}],"author":[{"embeddable":true,"href":"https:\/\/www.nonsolomodanews.it\/wordpress\/wp-json\/wp\/v2\/users\/1"}],"replies":[{"embeddable":true,"href":"https:\/\/www.nonsolomodanews.it\/wordpress\/wp-json\/wp\/v2\/comments?post=2655"}],"version-history":[{"count":0,"href":"https:\/\/www.nonsolomodanews.it\/wordpress\/wp-json\/wp\/v2\/posts\/2655\/revisions"}],"wp:attachment":[{"href":"https:\/\/www.nonsolomodanews.it\/wordpress\/wp-json\/wp\/v2\/media?parent=2655"}],"wp:term":[{"taxonomy":"category","embeddable":true,"href":"https:\/\/www.nonsolomodanews.it\/wordpress\/wp-json\/wp\/v2\/categories?post=2655"},{"taxonomy":"post_tag","embeddable":true,"href":"https:\/\/www.nonsolomodanews.it\/wordpress\/wp-json\/wp\/v2\/tags?post=2655"}],"curies":[{"name":"wp","href":"https:\/\/api.w.org\/{rel}","templated":true}]}}