{"id":26509,"date":"2024-03-11T22:20:01","date_gmt":"2024-03-11T22:20:01","guid":{"rendered":"https:\/\/www.nonsolomodanews.it\/wordpress\/?p=26509"},"modified":"2024-03-11T22:20:01","modified_gmt":"2024-03-11T22:20:01","slug":"motodays-2024-una-scommessa-vinta","status":"publish","type":"post","link":"https:\/\/www.nonsolomodanews.it\/wordpress\/motodays-2024-una-scommessa-vinta\/","title":{"rendered":"MOTODAYS 2024, UNA SCOMMESSA VINTA"},"content":{"rendered":"<div id=\"attachment_26510\" style=\"width: 210px\" class=\"wp-caption alignleft\"><img loading=\"lazy\" decoding=\"async\" aria-describedby=\"caption-attachment-26510\" class=\"wp-image-26510 size-medium\" src=\"https:\/\/www.nonsolomodanews.it\/wordpress\/wp-content\/uploads\/2024\/03\/MSA_9219-200x300.jpg\" alt=\"\" width=\"200\" height=\"300\" srcset=\"https:\/\/www.nonsolomodanews.it\/wordpress\/wp-content\/uploads\/2024\/03\/MSA_9219-200x300.jpg 200w, https:\/\/www.nonsolomodanews.it\/wordpress\/wp-content\/uploads\/2024\/03\/MSA_9219-681x1024.jpg 681w, https:\/\/www.nonsolomodanews.it\/wordpress\/wp-content\/uploads\/2024\/03\/MSA_9219-768x1155.jpg 768w, https:\/\/www.nonsolomodanews.it\/wordpress\/wp-content\/uploads\/2024\/03\/MSA_9219-1021x1536.jpg 1021w, https:\/\/www.nonsolomodanews.it\/wordpress\/wp-content\/uploads\/2024\/03\/MSA_9219-1080x1624.jpg 1080w, https:\/\/www.nonsolomodanews.it\/wordpress\/wp-content\/uploads\/2024\/03\/MSA_9219.jpg 1330w\" sizes=\"auto, (max-width: 200px) 100vw, 200px\" \/><p id=\"caption-attachment-26510\" class=\"wp-caption-text\"><\/span> <span style=\"color: #000000;\">Credit Motodays<\/span><\/p><\/div>\n<p><span style=\"color: #000000;\"><strong>Si \u00e8 conclusa, Sabato 9 marzo, la manifestazione di Fiera Roma dedicata alle due ruote, promosso il nuovo format #provaesploravivi, arrivederci al 7-9 marzo 2024<\/strong><\/span><\/p>\n<p><span style=\"color: #000000;\"><em>\u201cUna scommessa vinta. Al concludersi del terzo giorno di Motodays 2024<\/em> \u2013 commenta Mauro Giustibelli, exhibition manager della manifestazione &#8211; <em>possiamo dirlo. Dopo 4 anni di stop post Covid dell\u2019appuntamento di Fiera Roma dedicato alle due ruote, abbiamo lanciato il cuore oltre l\u2019ostacolo e siamo finalmente ripartiti. Abbiamo proposto un format nuovo dove, accanto alla parte espositiva, \u00e8 protagonista l\u2019esperienza da vivere: gare tra le bellezze dei territori attorno a Roma, tanto spazio all\u2019offerta moto turistica, formazione, informazione, spettacoli, mostre, e mototerapia sono stati gli ingredienti fondamentali di questi tre giorn<\/em>i\u201d.<\/span><\/p>\n<p><span style=\"color: #000000;\"><!--more--><\/span><\/p>\n<div id=\"attachment_26515\" style=\"width: 310px\" class=\"wp-caption aligncenter\"><img loading=\"lazy\" decoding=\"async\" aria-describedby=\"caption-attachment-26515\" class=\"wp-image-26515 size-medium\" src=\"https:\/\/www.nonsolomodanews.it\/wordpress\/wp-content\/uploads\/2024\/03\/08032024-DSC_1335-300x200.jpg\" alt=\"\" width=\"300\" height=\"200\" srcset=\"https:\/\/www.nonsolomodanews.it\/wordpress\/wp-content\/uploads\/2024\/03\/08032024-DSC_1335-300x200.jpg 300w, https:\/\/www.nonsolomodanews.it\/wordpress\/wp-content\/uploads\/2024\/03\/08032024-DSC_1335-1024x684.jpg 1024w, https:\/\/www.nonsolomodanews.it\/wordpress\/wp-content\/uploads\/2024\/03\/08032024-DSC_1335-768x513.jpg 768w, https:\/\/www.nonsolomodanews.it\/wordpress\/wp-content\/uploads\/2024\/03\/08032024-DSC_1335-1536x1025.jpg 1536w, https:\/\/www.nonsolomodanews.it\/wordpress\/wp-content\/uploads\/2024\/03\/08032024-DSC_1335-1080x721.jpg 1080w, https:\/\/www.nonsolomodanews.it\/wordpress\/wp-content\/uploads\/2024\/03\/08032024-DSC_1335.jpg 2048w\" sizes=\"auto, (max-width: 300px) 100vw, 300px\" \/><p id=\"caption-attachment-26515\" class=\"wp-caption-text\"><\/span> <span style=\"color: #000000;\">Credit Bruno Angelo Porcellana<\/span><\/p><\/div>\n<p><span style=\"color: #000000;\">Grande spazio nel Salone \u00e8 stato dedicato alla mobilit\u00e0 sostenibile, sempre pi\u00f9 protagonista anche del settore delle due ruote, che partecipa attivamente alla transizione ecologica. Al centro dell\u2019area espositiva, con la collaborazione di Cooltra,\u00a0leader europeo di un nuovo paradigma della mobilit\u00e0 sostenibile, per tutti e tre i giorni, presso lo spazio\u00a0Cooltra Arena c\u2019\u00e8 stato un\u00a0confronto aperto a tutti gli stakeholder, interessati a un nuovo modello di mobilit\u00e0 sostenibile. Sul palco le testimonianze di oltre\u00a025 tra partner e aziende\u00a0particolarmente significative in relazione ai temi della transizione ecologica, della digitalizzazione e della sostenibilit\u00e0 a 360 gradi, in un percorso di dibattiti, approfondimenti, spunti e appunti per presente e futuro.\u00a0Tante le aziende, le associazioni\u00a0 e le istituzioni coinvolte:\u00a0Ministero Direzione Generale Trasporto Pubblico Locale,\u00a0Free2move, Telepass, Enjoy, Renault, E-On, Lime, Glovo, Picky Rent, FMI, Unasca, EasyPark, Movesion, Euromobility, Travel for Business, Admiral Pay, Alis, Motus-E, TNTelettronica, Terravision, Sace, Osservatorio Bikeconomy, Roma Servizi per la Mobilit\u00e0, Comitato Promotore E-Sport Italia, Askoll, Datafolio, Blimp, Emoby, XMove, Scuter, VEM, Elerent, NoleggiAmo, Navia, Tazzari, EPS.<\/span><\/p>\n<div id=\"attachment_26513\" style=\"width: 310px\" class=\"wp-caption aligncenter\"><img loading=\"lazy\" decoding=\"async\" aria-describedby=\"caption-attachment-26513\" class=\"wp-image-26513 size-medium\" src=\"https:\/\/www.nonsolomodanews.it\/wordpress\/wp-content\/uploads\/2024\/03\/08032024-DSC_1288-300x200.jpg\" alt=\"\" width=\"300\" height=\"200\" srcset=\"https:\/\/www.nonsolomodanews.it\/wordpress\/wp-content\/uploads\/2024\/03\/08032024-DSC_1288-300x200.jpg 300w, https:\/\/www.nonsolomodanews.it\/wordpress\/wp-content\/uploads\/2024\/03\/08032024-DSC_1288-1024x684.jpg 1024w, https:\/\/www.nonsolomodanews.it\/wordpress\/wp-content\/uploads\/2024\/03\/08032024-DSC_1288-768x513.jpg 768w, https:\/\/www.nonsolomodanews.it\/wordpress\/wp-content\/uploads\/2024\/03\/08032024-DSC_1288-1536x1025.jpg 1536w, https:\/\/www.nonsolomodanews.it\/wordpress\/wp-content\/uploads\/2024\/03\/08032024-DSC_1288-1080x721.jpg 1080w, https:\/\/www.nonsolomodanews.it\/wordpress\/wp-content\/uploads\/2024\/03\/08032024-DSC_1288.jpg 2048w\" sizes=\"auto, (max-width: 300px) 100vw, 300px\" \/><p id=\"caption-attachment-26513\" class=\"wp-caption-text\"><\/span> <span style=\"color: #000000;\">Credit Bruno Angelo Porcellana<\/span><\/p><\/div>\n<p><span style=\"color: #000000;\">Top di gamma, novit\u00e0 e anteprime: molte e importanti le case motociclistiche presenti nell&#8217;area espositiva di\u00a0Motodays\u00a02024. Tra gli altri, Suzuki, Honda, Yamaha, Ducati, Benelli,\u00a0Sym,\u00a0Royal Enfield,\u00a0Wottan,\u00a0Keeway,\u00a0VMoto\u00a0VOGE, CFMOTO,\u00a0Husqvarna, Benelli,\u00a0\u00a0Keeway,\u00a0MBP,\u00a0EZI\u00a0Electric\u00a0Mobility,\u00a0VOGE,\u00a0MT,\u00a0\u00a0Padana Sviluppo,\u00a0KTM.<\/span><\/p>\n<div id=\"attachment_26514\" style=\"width: 310px\" class=\"wp-caption aligncenter\"><img loading=\"lazy\" decoding=\"async\" aria-describedby=\"caption-attachment-26514\" class=\"wp-image-26514 size-medium\" src=\"https:\/\/www.nonsolomodanews.it\/wordpress\/wp-content\/uploads\/2024\/03\/08032024-DSC_1350-300x200.jpg\" alt=\"\" width=\"300\" height=\"200\" srcset=\"https:\/\/www.nonsolomodanews.it\/wordpress\/wp-content\/uploads\/2024\/03\/08032024-DSC_1350-300x200.jpg 300w, https:\/\/www.nonsolomodanews.it\/wordpress\/wp-content\/uploads\/2024\/03\/08032024-DSC_1350-1024x684.jpg 1024w, https:\/\/www.nonsolomodanews.it\/wordpress\/wp-content\/uploads\/2024\/03\/08032024-DSC_1350-768x513.jpg 768w, https:\/\/www.nonsolomodanews.it\/wordpress\/wp-content\/uploads\/2024\/03\/08032024-DSC_1350-1536x1025.jpg 1536w, https:\/\/www.nonsolomodanews.it\/wordpress\/wp-content\/uploads\/2024\/03\/08032024-DSC_1350-1080x721.jpg 1080w, https:\/\/www.nonsolomodanews.it\/wordpress\/wp-content\/uploads\/2024\/03\/08032024-DSC_1350.jpg 2048w\" sizes=\"auto, (max-width: 300px) 100vw, 300px\" \/><p id=\"caption-attachment-26514\" class=\"wp-caption-text\"><\/span> <span style=\"color: #000000;\">Credit Bruno Angelo Porcellana<\/span><\/p><\/div>\n<p><span style=\"color: #000000;\"><em>\u201cRibadiamo il successo<\/em> \u2013 sottolinea Giustibelli &#8211; <em>della \u2018Riding\u00a0Experience\u2019, l\u2019area test esterna\u00a0dove\u00a0i partecipanti hanno potuto provare i nuovi modelli messi a disposizione delle case, format lanciato in esclusiva da Motodays fin dalle prime edizioni, che si conferma vincente\u201d.<\/em>\u00a0<\/span><\/p>\n<p><span style=\"color: #000000;\">Non \u00e8 mancato lo spazio per la solidariet\u00e0 con la mototerapia, per far provare a bambini e ragazzi speciali l\u2019ebbrezza dell\u2019andare in moto con Vanni Oddera e altri campioni di freestyle motocross, in collaborazione con l\u2019Associazione \u2018Una zebra a pois\u2019.<\/span><\/p>\n<p><span style=\"color: #000000;\">Da sottolineare la partecipazione alla manifestazione del nove volte Campione del Mondo di Motocross Tony Cairoli.<\/span><\/p>\n<p style=\"text-align: center;\"><span style=\"color: #000000;\">Ufficio Stampa Motodays \u2013 Cecilia Coccia Ceciliacoccia@gmail.com \u2013 Credit fotografici Motodays\/Bruno Angelo Porcellana<\/span><br \/>\n<span style=\"color: #000000;\">Tutti i diritti riservati \u00a9 2024 \u2013 Email: nonsolomodanews@gmail.com<\/span><\/p>\n","protected":false},"excerpt":{"rendered":"<p>Si &egrave; conclusa, Sabato 9 marzo, la manifestazione di Fiera Roma dedicata alle due ruote, promosso il nuovo format #provaesploravivi, arrivederci al 7-9 marzo 2024 &ldquo;Una scommessa vinta. Al concludersi del terzo giorno di Motodays 2024 &ndash; commenta Mauro Giustibelli, exhibition manager della manifestazione &ndash; possiamo dirlo. Dopo 4 anni di stop post Covid dell&rsquo;appuntamento di Fiera Roma dedicato alle due ruote, abbiamo lanciato il cuore oltre l&rsquo;ostacolo e siamo finalmente ripartiti. Abbiamo proposto un format nuovo dove, accanto alla parte espositiva, &egrave; protagonista l&rsquo;esperienza da vivere: gare tra le bellezze dei territori attorno a Roma, tanto spazio all&rsquo;offerta moto turistica, formazione, informazione, spettacoli, mostre, e mototerapia sono stati gli ingredienti fondamentali di questi tre giorni&rdquo;.<\/p>\n","protected":false},"author":1,"featured_media":26511,"comment_status":"open","ping_status":"open","sticky":false,"template":"","format":"standard","meta":{"rop_custom_images_group":[],"rop_custom_messages_group":[],"rop_publish_now":"initial","rop_publish_now_accounts":[],"rop_publish_now_history":[],"rop_publish_now_status":"pending","footnotes":""},"categories":[16],"tags":[281,372,9600,1099,1242],"class_list":["post-26509","post","type-post","status-publish","format-standard","has-post-thumbnail","hentry","category-articolo","tag-bruno-angelo-porcellana","tag-comunicato-stampa-2","tag-motodays","tag-nonsolomodanews","tag-roma"],"_links":{"self":[{"href":"https:\/\/www.nonsolomodanews.it\/wordpress\/wp-json\/wp\/v2\/posts\/26509","targetHints":{"allow":["GET"]}}],"collection":[{"href":"https:\/\/www.nonsolomodanews.it\/wordpress\/wp-json\/wp\/v2\/posts"}],"about":[{"href":"https:\/\/www.nonsolomodanews.it\/wordpress\/wp-json\/wp\/v2\/types\/post"}],"author":[{"embeddable":true,"href":"https:\/\/www.nonsolomodanews.it\/wordpress\/wp-json\/wp\/v2\/users\/1"}],"replies":[{"embeddable":true,"href":"https:\/\/www.nonsolomodanews.it\/wordpress\/wp-json\/wp\/v2\/comments?post=26509"}],"version-history":[{"count":3,"href":"https:\/\/www.nonsolomodanews.it\/wordpress\/wp-json\/wp\/v2\/posts\/26509\/revisions"}],"predecessor-version":[{"id":26517,"href":"https:\/\/www.nonsolomodanews.it\/wordpress\/wp-json\/wp\/v2\/posts\/26509\/revisions\/26517"}],"wp:featuredmedia":[{"embeddable":true,"href":"https:\/\/www.nonsolomodanews.it\/wordpress\/wp-json\/wp\/v2\/media\/26511"}],"wp:attachment":[{"href":"https:\/\/www.nonsolomodanews.it\/wordpress\/wp-json\/wp\/v2\/media?parent=26509"}],"wp:term":[{"taxonomy":"category","embeddable":true,"href":"https:\/\/www.nonsolomodanews.it\/wordpress\/wp-json\/wp\/v2\/categories?post=26509"},{"taxonomy":"post_tag","embeddable":true,"href":"https:\/\/www.nonsolomodanews.it\/wordpress\/wp-json\/wp\/v2\/tags?post=26509"}],"curies":[{"name":"wp","href":"https:\/\/api.w.org\/{rel}","templated":true}]}}