{"id":26450,"date":"2024-03-02T15:47:31","date_gmt":"2024-03-02T15:47:31","guid":{"rendered":"https:\/\/www.nonsolomodanews.it\/wordpress\/?p=26450"},"modified":"2024-03-02T16:06:59","modified_gmt":"2024-03-02T16:06:59","slug":"provaesploravivi-si-avvicina-motodays-dall8-al-10-marzo-a-fiera-roma","status":"publish","type":"post","link":"https:\/\/www.nonsolomodanews.it\/wordpress\/provaesploravivi-si-avvicina-motodays-dall8-al-10-marzo-a-fiera-roma\/","title":{"rendered":"#PROVAESPLORAVIVI, SI AVVICINA MOTODAYS, DALL\u20198 AL 10 MARZO A FIERA ROMA"},"content":{"rendered":"<div id=\"attachment_26454\" style=\"width: 210px\" class=\"wp-caption alignleft\"><img loading=\"lazy\" decoding=\"async\" aria-describedby=\"caption-attachment-26454\" class=\"wp-image-26454 size-medium\" src=\"https:\/\/www.nonsolomodanews.it\/wordpress\/wp-content\/uploads\/2024\/03\/53470210_2330169853927695_2175783810283601920_n-200x300.jpg\" alt=\"\" width=\"200\" height=\"300\" srcset=\"https:\/\/www.nonsolomodanews.it\/wordpress\/wp-content\/uploads\/2024\/03\/53470210_2330169853927695_2175783810283601920_n-200x300.jpg 200w, https:\/\/www.nonsolomodanews.it\/wordpress\/wp-content\/uploads\/2024\/03\/53470210_2330169853927695_2175783810283601920_n-684x1024.jpg 684w, https:\/\/www.nonsolomodanews.it\/wordpress\/wp-content\/uploads\/2024\/03\/53470210_2330169853927695_2175783810283601920_n-768x1151.jpg 768w, https:\/\/www.nonsolomodanews.it\/wordpress\/wp-content\/uploads\/2024\/03\/53470210_2330169853927695_2175783810283601920_n-1025x1536.jpg 1025w, https:\/\/www.nonsolomodanews.it\/wordpress\/wp-content\/uploads\/2024\/03\/53470210_2330169853927695_2175783810283601920_n-1080x1618.jpg 1080w, https:\/\/www.nonsolomodanews.it\/wordpress\/wp-content\/uploads\/2024\/03\/53470210_2330169853927695_2175783810283601920_n.jpg 1367w\" sizes=\"auto, (max-width: 200px) 100vw, 200px\" \/><p id=\"caption-attachment-26454\" class=\"wp-caption-text\">Credit Bruno Angelo Porcellana <span style=\"color: #000000;\">Motodays2019<\/span><\/p><\/div>\n<p><span style=\"color: #000000;\"><strong>\u00a0#PROVAESPLORAVIVI, <\/strong><strong>SI AVVICINA MOTODAYS, DALL\u20198 AL 10 MARZO A FIERA ROMA<\/strong><\/span><\/p>\n<p><span style=\"color: #000000;\">Esperienze (di guida ma non solo), interazione, formazione e informazione, esposizione e intrattenimento: <strong>dall\u20198 al 10 marzo 2024 Motodays torna a Fiera Roma<\/strong> (padd 3-4-5-6) con una formula nuova, all\u2019insegna dell\u2019hashtag #ProvaEsploraVivi. Propone a motocicliste e motociclisti del Centro-Sud un intenso programma tutto da vivere, oltre a una grande scelta di moto da provare (e comprare), per tutti i gusti e tutte le tasche (qui il programma in costante aggiornamento https:\/\/www.motodays.it\/).<\/span><\/p>\n<p><span style=\"color: #000000;\">L\u2019<strong>8 marzo<\/strong> per celebrare la Giornata internazionale della donna il primo giorno di manifestazione \u00e8 dedicato alle motocicliste con <strong>\u201cMotociclista Sostantivo Femminile\u201d<\/strong>, iniziativa patrocinata da Sport &amp; Salute. Sono previsti momenti formativi, in aula e in pista, una premiazione dedicata alle donne professioniste del motociclismo, gli incontri e i racconti di viaggio con le moto viaggiatrici, fino a concludersi con una parata di sole motocicliste con arrivo in serata al centro di Roma. Ospiti della giornata, le pilote del Campionato Italiano. L\u20198 marzo \u00e8 riservato l\u2019ingresso gratuito a tutto il pubblico femminile.<\/span><\/p>\n<p><span style=\"color: #000000;\">Molte le attivit\u00e0 esperienziali, gli eventi e le avventure proposti. Tra queste, il <strong>9 marzo, la race di mototurismo 1000 CURVE<\/strong>, sempre pi\u00f9 un\u2019esperienza imprescindibile nel mondo delle competizioni su due ruote, una gara motociclistica aperta a tutti coloro che possiedono una moto e amano il brivido della curva, una vera e propria prova di abilit\u00e0, prima nella tracciatura del percorso e poi nella guida. I partecipanti, armati di un Roadbook da timbrare a ogni check point, potranno scegliere gli itinerari preferiti nella provincia di Roma e nella regione Lazio: vince chi valuta meglio curve e percorsi, totalizzando nel lasso di tempo della competizione il maggior numero di punti (iscrizioni online <a style=\"color: #000000;\" href=\"https:\/\/www.motodays.it\/1000-curve\">https:\/\/www.motodays.it\/1000-curve<\/a>\/ e chi si iscrive pu\u00f2 partecipare a Motodays 2024 senza pagare il biglietto).<\/span><\/p>\n<p><span style=\"color: #000000;\">Altrettanto entusiasmante <strong>ETRURIA DISCOVERING<\/strong>, un avvincente itinerario in sterrato e asfalto secondario di circa 200 km (tutti immortalati da un operatore con tecnologie DJI), che il <strong>10 marzo<\/strong> porter\u00e0 gli iscritti dalla pedana di partenza a Motodays fino alle necropoli etrusche, in uno dei territori pi\u00f9 affascinanti di tutta l\u2019Italia centrale. (Iscrizioni su:\u202fhttps:\/\/www.stradebiancheinmoto.it\/ceres\/etruria-discovering\/)<\/span><\/p>\n<div id=\"attachment_26456\" style=\"width: 310px\" class=\"wp-caption aligncenter\"><img loading=\"lazy\" decoding=\"async\" aria-describedby=\"caption-attachment-26456\" class=\"wp-image-26456 size-medium\" src=\"https:\/\/www.nonsolomodanews.it\/wordpress\/wp-content\/uploads\/2024\/03\/0649_Roma_Moto_Days_2019-300x200.jpg\" alt=\"\" width=\"300\" height=\"200\" srcset=\"https:\/\/www.nonsolomodanews.it\/wordpress\/wp-content\/uploads\/2024\/03\/0649_Roma_Moto_Days_2019-300x200.jpg 300w, https:\/\/www.nonsolomodanews.it\/wordpress\/wp-content\/uploads\/2024\/03\/0649_Roma_Moto_Days_2019-1024x682.jpg 1024w, https:\/\/www.nonsolomodanews.it\/wordpress\/wp-content\/uploads\/2024\/03\/0649_Roma_Moto_Days_2019-768x511.jpg 768w, https:\/\/www.nonsolomodanews.it\/wordpress\/wp-content\/uploads\/2024\/03\/0649_Roma_Moto_Days_2019-1536x1023.jpg 1536w, https:\/\/www.nonsolomodanews.it\/wordpress\/wp-content\/uploads\/2024\/03\/0649_Roma_Moto_Days_2019-2048x1364.jpg 2048w, https:\/\/www.nonsolomodanews.it\/wordpress\/wp-content\/uploads\/2024\/03\/0649_Roma_Moto_Days_2019-1080x719.jpg 1080w\" sizes=\"auto, (max-width: 300px) 100vw, 300px\" \/><p id=\"caption-attachment-26456\" class=\"wp-caption-text\">Credit Ufficio Stampa Motodays<\/p><\/div>\n<p><span style=\"color: #000000;\">Protagonista di Motodays 2024 anche il <strong>mototurismo<\/strong>. <strong>Welcome Bikers<\/strong> sar\u00e0 l\u2019area speciale che punta l\u2019attenzione sul turismo a due ruote con focus a 360 gradi su soluzioni e itinerari specifici: Turchia, Brasile, Cuba quali paesi ospiti, 50 espositori -tra i quali tutti i migliori Tour Operator italiani-, tour operator stranieri, il palco con i racconti di viaggio, i viaggiatori, i moto club.<\/span><\/p>\n<p><span style=\"color: #000000;\">Grande attenzione anche per la <strong>mobilit\u00e0 sostenibile<\/strong>. Si trover\u00e0 nel pad. 3 lo spazio dedicato agli approfondimenti sulle tematiche pi\u00f9 attuali di urban mobility e transizione ecologica, realizzato in collaborazione con la societ\u00e0 spagnola Cooltra, tra i leader europei nelle attivit\u00e0 di noleggio e protagonista indiscussa dello sharing scooter italiano nelle citt\u00e0 di Roma, Milano e Torino.<\/span><\/p>\n<p><span style=\"color: #000000;\">Da Terravision a Dekra, da Roma Capitale alle aziende dell\u2019industria motociclistica, saranno oltre 25 gli speaker che prenderanno parte ai <strong>talk della Cooltra Arena<\/strong>, durante i quali verranno condivise idee e visioni nell&#8217;ambito dell&#8217;innovazione, della sostenibilit\u00e0 passando per il welfare, le infrastrutture, l&#8217;educazione stradale, i servizi a imprese e cittadini e molto altro (<a style=\"color: #000000;\" href=\"https:\/\/drive.google.com\/drive\/folders\/14I7EI2lRfI1zR3anwGTSHP8jMKOgM_fZ?usp=drive_link\">qui<\/a> il comunicato dedicato).<\/span><\/p>\n<p><span style=\"color: #000000;\">Con il coordinamento dei tecnici di Veio Trails e la firma di YOYO 2024, la city car che ormai \u00e8 diventata il veicolo urbano preferito dai romani, nei tre giorni di Motodays, sar\u00e0 possibile <strong>testare decine di e-bike<\/strong> dei migliori brand sul mercato: Specialized, Trek, Scott, Cube, Pinarello, Bianchi, Cannondale.<\/span><\/p>\n<p><span style=\"color: #000000;\">E una <strong>pista interna di oltre 400 metri<\/strong> nel pad. 3 consentir\u00e0 di scegliere -tra urban, mountain bike e gravel- il prossimo acquisto per affrontare il traffico cittadino o le passeggiate outdoor.<\/span><\/p>\n<p><span style=\"color: #000000;\">Grande novit\u00e0 dell\u2019edizione Motodays 2024 \u00e8 l\u2019approdo degli <strong>e-sport<\/strong>. In collaborazione con Lega Esport arriva il gaming motoristico in manifestazione, in un\u2019area in cui gli appassionati e i neofiti potranno giocare su postazione PC, Nintendo Switch, Playstation 5, Xbox serie X, ma anche con Oculus Quest e simulatori di guida. Tante e differenti le app gioco coinvolte, da MXGP motocross a Moto GP e molte altre. L\u2019area sar\u00e0 animata nei tre giorni di fiera con attivit\u00e0 formative per le scuole, con tornei e sfide, organizzati anche in collaborazione con Federmoto, e momenti di contatto con i gamer pi\u00f9 famosi e affermati.<\/span><\/p>\n<p><span style=\"color: #000000;\">A Motodays 2024 trova spazio anche la storia. In collaborazione con il Team Ecosantagata Althea Racing, sar\u00e0 allestita una <strong>mostra iconica di modelli che hanno raggiunto i massimi risultati a livello mondiale<\/strong>. Esemplari unici, prototipi, derivate di serie che hanno scritto la storia del motociclismo sportivo e caratterizzato la carriera di alcuni grandi campioni, come Kenny Roberts, Stoner, Carlos Checa, Max Biaggi, e molti altri. Un\u2019occasione unica per ammirare moto originali dalla storia blasonata.<\/span><\/p>\n<p><span style=\"color: #000000;\">PER PARTECIPARE<\/span><br \/>\n<span style=\"color: #000000;\">I biglietti d\u2019ingresso saranno acquistabili esclusivamente su sito e punti vendita vivaticket<\/span><br \/>\n<span style=\"color: #000000;\">Costo biglietto intero: \u20ac 15 + diritti di prevendita<\/span><br \/>\n<span style=\"color: #000000;\">Gratuit\u00e0 e tutti i dettagli sul sito https:\/\/www.motodays.it\/biglietteria\/<\/span><\/p>\n<p><span style=\"color: #000000;\">ORARI MANIFESTAZIONE:<\/span><br \/>\n<span style=\"color: #000000;\">Venerd\u00ec 8 Marzo &#8211; 9:00-19:00 (orario ultimo ingresso 18:00)<\/span><br \/>\n<span style=\"color: #000000;\">Sabato 9 Marzo &#8211; 9:00-20:00 (orario ultimo ingresso 19:00)<\/span><br \/>\n<span style=\"color: #000000;\">Domenica 10 Marzo &#8211; 9:00-19:00 (orario ultimo ingresso 18:00)<\/span><br \/>\n<span style=\"color: #000000;\">INGRESSO EST MOTO, Via Alexandre Gustave Eiffel<\/span><br \/>\n<span style=\"color: #000000;\">Il parcheggio interno gratuito \u00e8 riservato solo a chi arriva in moto con biglietto gi\u00e0 acquistato (capienza fino ad esaurimento posti)<\/span><\/p>\n<p>Comunicato Stampa.<\/p>\n<p style=\"text-align: center;\"><span style=\"color: #000000;\">Ufficio Stampa Motodays &#8211; Cecilia Coccia Ceciliacoccia@gmail.com &#8211; Credit fotografici Bruno Angelo Porcellana\/Motodays<br \/>\n<\/span><span style=\"color: #000000;\">Tutti i diritti riservati \u00a9 2024 \u2013 Email: nonsolomodanews@gmail.com<\/span><\/p>\n","protected":false},"excerpt":{"rendered":"<p>&nbsp;#PROVAESPLORAVIVI, SI AVVICINA MOTODAYS, DALL&rsquo;8 AL 10 MARZO A FIERA ROMA Esperienze (di guida ma non solo), interazione, formazione e informazione, esposizione e intrattenimento: dall&rsquo;8 al 10 marzo 2024 Motodays torna a Fiera Roma (padd 3-4-5-6) con una formula nuova, all&rsquo;insegna dell&rsquo;hashtag #ProvaEsploraVivi. Propone a motocicliste e motociclisti del Centro-Sud un intenso programma tutto da vivere, oltre a una grande scelta di moto da provare (e comprare), per tutti i gusti e tutte le tasche (qui il programma in costante aggiornamento https:\/\/www.motodays.it\/). L&rsquo;8 marzo per celebrare la Giornata internazionale della donna il primo giorno di manifestazione &egrave; dedicato alle motocicliste con &ldquo;Motociclista Sostantivo Femminile&rdquo;, iniziativa patrocinata da Sport &amp; Salute. Sono previsti momenti formativi, in aula e in pista, una premiazione dedicata alle donne professioniste del motociclismo, gli incontri e i racconti di viaggio con le moto viaggiatrici, fino a concludersi con una parata di sole motocicliste con arrivo in serata al centro di Roma. Ospiti della giornata, le pilote del Campionato Italiano. L&rsquo;8 marzo &egrave; riservato l&rsquo;ingresso gratuito a tutto il pubblico femminile. Molte le attivit&agrave; esperienziali, gli eventi e le avventure proposti. Tra queste, il 9 marzo, la race di mototurismo 1000 CURVE, sempre pi&ugrave; un&rsquo;esperienza imprescindibile nel [&hellip;]<\/p>\n","protected":false},"author":1,"featured_media":26453,"comment_status":"open","ping_status":"open","sticky":false,"template":"","format":"standard","meta":{"rop_custom_images_group":[],"rop_custom_messages_group":[],"rop_publish_now":"initial","rop_publish_now_accounts":[],"rop_publish_now_history":[],"rop_publish_now_status":"pending","footnotes":""},"categories":[16],"tags":[281,372,1099],"class_list":["post-26450","post","type-post","status-publish","format-standard","has-post-thumbnail","hentry","category-articolo","tag-bruno-angelo-porcellana","tag-comunicato-stampa-2","tag-nonsolomodanews"],"_links":{"self":[{"href":"https:\/\/www.nonsolomodanews.it\/wordpress\/wp-json\/wp\/v2\/posts\/26450","targetHints":{"allow":["GET"]}}],"collection":[{"href":"https:\/\/www.nonsolomodanews.it\/wordpress\/wp-json\/wp\/v2\/posts"}],"about":[{"href":"https:\/\/www.nonsolomodanews.it\/wordpress\/wp-json\/wp\/v2\/types\/post"}],"author":[{"embeddable":true,"href":"https:\/\/www.nonsolomodanews.it\/wordpress\/wp-json\/wp\/v2\/users\/1"}],"replies":[{"embeddable":true,"href":"https:\/\/www.nonsolomodanews.it\/wordpress\/wp-json\/wp\/v2\/comments?post=26450"}],"version-history":[{"count":6,"href":"https:\/\/www.nonsolomodanews.it\/wordpress\/wp-json\/wp\/v2\/posts\/26450\/revisions"}],"predecessor-version":[{"id":26462,"href":"https:\/\/www.nonsolomodanews.it\/wordpress\/wp-json\/wp\/v2\/posts\/26450\/revisions\/26462"}],"wp:featuredmedia":[{"embeddable":true,"href":"https:\/\/www.nonsolomodanews.it\/wordpress\/wp-json\/wp\/v2\/media\/26453"}],"wp:attachment":[{"href":"https:\/\/www.nonsolomodanews.it\/wordpress\/wp-json\/wp\/v2\/media?parent=26450"}],"wp:term":[{"taxonomy":"category","embeddable":true,"href":"https:\/\/www.nonsolomodanews.it\/wordpress\/wp-json\/wp\/v2\/categories?post=26450"},{"taxonomy":"post_tag","embeddable":true,"href":"https:\/\/www.nonsolomodanews.it\/wordpress\/wp-json\/wp\/v2\/tags?post=26450"}],"curies":[{"name":"wp","href":"https:\/\/api.w.org\/{rel}","templated":true}]}}