{"id":26439,"date":"2024-03-01T18:01:28","date_gmt":"2024-03-01T18:01:28","guid":{"rendered":"https:\/\/www.nonsolomodanews.it\/wordpress\/?p=26439"},"modified":"2024-03-01T18:01:28","modified_gmt":"2024-03-01T18:01:28","slug":"motodays-2024-8-10-marzo-sempre-piu-vicina-riflettori-puntati-su-moto-turismo-e-mobilita-sostenibile","status":"publish","type":"post","link":"https:\/\/www.nonsolomodanews.it\/wordpress\/motodays-2024-8-10-marzo-sempre-piu-vicina-riflettori-puntati-su-moto-turismo-e-mobilita-sostenibile\/","title":{"rendered":"MOTODAYS 2024 (8-10 Marzo) SEMPRE PI\u00d9 VICINA: RIFLETTORI PUNTATI SU MOTO TURISMO E MOBILIT\u00c0 SOSTENIBILE"},"content":{"rendered":"<p><strong><img loading=\"lazy\" decoding=\"async\" class=\"size-medium wp-image-26440 alignleft\" src=\"https:\/\/www.nonsolomodanews.it\/wordpress\/wp-content\/uploads\/2024\/03\/logo-def-300x212.png\" alt=\"\" width=\"300\" height=\"212\" srcset=\"https:\/\/www.nonsolomodanews.it\/wordpress\/wp-content\/uploads\/2024\/03\/logo-def-300x212.png 300w, https:\/\/www.nonsolomodanews.it\/wordpress\/wp-content\/uploads\/2024\/03\/logo-def.png 600w\" sizes=\"auto, (max-width: 300px) 100vw, 300px\" \/>\u00c8 sempre pi\u00f9 vicina Motodays 2024 <\/strong>(<a href=\"https:\/\/www.motodays.it\/\">https:\/\/www.motodays.it\/<\/a>), edizione declinata all\u2019insegna di<strong> #<\/strong><strong><em>ProvaEsploraVivi!<\/em><\/strong>, e si delineano programmi e iniziative.<\/p>\n<p>Protagonista dell\u2019appuntamento di quest\u2019anno, dall\u20198 al 10 marzo presso i padd 3-4-5-6 di Fiera Roma, il <strong>mototurismo<\/strong>.<\/p>\n<p>Presso <strong>Welcome Bikers<\/strong>, area speciale che punta l\u2019attenzione sul turismo a due ruote, Turchia, Brasile, Cuba quali paesi ospiti, 50 espositori -tra i quali tutti i migliori Tour Operator italiani-, tour operator stranieri, il palco con i racconti di viaggio, i viaggiatori, i moto club. Insomma, a Motodays 2024 ci attende un intero spazio per parlare e sognare soltanto di viaggi in moto, con soluzioni e itinerari specifici.<\/p>\n<p><!--more--><\/p>\n<p>Ma non se ne parla e basta. Per chi vuole gi\u00e0 mettersi alla prova, c\u2019\u00e8, tra le attivit\u00e0 esperienziali proposte, <strong>ETRURIA DISCOVERING, <\/strong>un\u2019avventura che verr\u00e0 immortalata km per km. Un <strong>operatore con tecnologie DJI<\/strong> riprender\u00e0 infatti l\u2019intero itinerario in sterrato ed asfalto secondario, che il giorno 10 marzo porter\u00e0 gli iscritti dalla pedana di partenza a Motodays fino alle necropoli etrusche, in uno dei territori pi\u00f9 affascinanti di tutta l\u2019Italia centrale. Iscrizioni su:\u00a0<a href=\"https:\/\/www.stradebiancheinmoto.it\/ceres\/etruria-discovering\/\">https:\/\/www.stradebiancheinmoto.it\/ceres\/etruria-discovering\/<\/a>.<\/p>\n<p>Molta attenzione sar\u00e0 riservata in questa edizione anche alla <strong>mobilit\u00e0 sostenibile<\/strong>.<\/p>\n<p>Si trover\u00e0 nel <strong>pad. 3<\/strong> lo spazio dedicato agli approfondimenti sulle tematiche pi\u00f9 attuali di <strong>urban mobility<\/strong> <strong>e transizione ecologica<\/strong>, realizzato in collaborazione con la societ\u00e0 spagnola Cooltra, tra i leader europei nelle attivit\u00e0 di noleggio e protagonista indiscussa dello sharing scooter italiano nelle citt\u00e0 di Roma, Milano e Torino.<\/p>\n<p>Da Terravision a Dekra, da Roma Capitale alle aziende dell\u2019industria motociclistica, saranno oltre 30 gli speaker che prenderanno parte ai talk della <strong>Cooltra Arena<\/strong>.<\/p>\n<p>Con il coordinamento dei tecnici di Veio Trails e la firma di YOYO 2024, la city car che ormai \u00e8 diventata il veicolo urbano preferito dai romani, nei tre giorni di Motodays, sar\u00e0 possibile testare decine di <strong>e-bike dei migliori brand sul mercato<\/strong>: Specialized, Trek, Scott, Cube, Pinarello, Bianchi, Cannondale.<\/p>\n<p>E una <strong>pista interna di oltre 400 metri<\/strong> nel pad. 3 consentir\u00e0 di scegliere -tra urban, mountain bike e gravel- il prossimo acquisto per affrontare il traffico cittadino o le passeggiate outdoor.<\/p>\n<p>Da segnalare, la presenza in Fiera di <strong>Honda Italia<\/strong>. L\u2019Ala Rossa \u00e8 in forza a Motodays\u00a0 (pad. 6) con l\u2019intera gamma, tutta la linea di abbigliamento e accessori e Honda Live Tour, il progetto che ormai da anni caratterizza i test della nuova gamma. I visitatori avranno la possibilit\u00e0 di provare tutte le novit\u00e0 della casa di Atessa. Tra queste: Hornet500, NX500, CBR500R, CB650R e CBR650R, con nuova frizione elettronica e-clutch, la super attesa Africa Twin 24YM, Transalp, X-ADV e ADV350, oltre all\u2019iconico SH.<\/p>\n<p><strong>PER PARTECIPARE<\/strong><\/p>\n<p>I biglietti d\u2019ingresso saranno acquistabili esclusivamente su sito e punti vendita vivaticket<br \/>\nCosto biglietto intero: \u20ac 15 + diritti di prevendita<br \/>\nGratuit\u00e0 e tutti i dettagli sul sito <a href=\"https:\/\/www.motodays.it\/biglietteria\/\">https:\/\/www.motodays.it\/biglietteria\/<\/a><\/p>\n<p>ORARI MANIFESTAZIONE:<br \/>\nVenerd\u00ec 8 Marzo &#8211; 9:00-19:00 (orario ultimo ingresso 18:00)<br \/>\nSabato 9 Marzo &#8211; 9:00-20:00 (orario ultimo ingresso 19:00)<br \/>\nDomenica 10 Marzo &#8211; 9:00-19:00 (orario ultimo ingresso 18:00)<\/p>\n<p>INGRESSO EST MOTO, Via Alexandre Gustave Eiffel<br \/>\nIl parcheggio interno gratuito \u00e8 riservato solo a chi arriva in moto con biglietto gi\u00e0 acquistato (capienza fino ad esaurimento posti)<\/p>\n<p style=\"text-align: center;\">Testo fornito dall\u2019Ufficio Stampa Motodays<br \/>\nTutti i diritti riservati \u00a9 2024 \u2013 Email: nonsolomodanews@gmail.com<\/p>\n","protected":false},"excerpt":{"rendered":"<p>&Egrave; sempre pi&ugrave; vicina Motodays 2024 (https:\/\/www.motodays.it\/), edizione declinata all&rsquo;insegna di #ProvaEsploraVivi!, e si delineano programmi e iniziative. Protagonista dell&rsquo;appuntamento di quest&rsquo;anno, dall&rsquo;8 al 10 marzo presso i padd 3-4-5-6 di Fiera Roma, il mototurismo. Presso Welcome Bikers, area speciale che punta l&rsquo;attenzione sul turismo a due ruote, Turchia, Brasile, Cuba quali paesi ospiti, 50 espositori -tra i quali tutti i migliori Tour Operator italiani-, tour operator stranieri, il palco con i racconti di viaggio, i viaggiatori, i moto club. Insomma, a Motodays 2024 ci attende un intero spazio per parlare e sognare soltanto di viaggi in moto, con soluzioni e itinerari specifici.<\/p>\n","protected":false},"author":1,"featured_media":26440,"comment_status":"open","ping_status":"open","sticky":false,"template":"","format":"standard","meta":{"rop_custom_images_group":[],"rop_custom_messages_group":[],"rop_publish_now":"initial","rop_publish_now_accounts":[],"rop_publish_now_history":[],"rop_publish_now_status":"pending","footnotes":""},"categories":[16],"tags":[281,372,1099,9589],"class_list":["post-26439","post","type-post","status-publish","format-standard","has-post-thumbnail","hentry","category-articolo","tag-bruno-angelo-porcellana","tag-comunicato-stampa-2","tag-nonsolomodanews","tag-romamotodays"],"_links":{"self":[{"href":"https:\/\/www.nonsolomodanews.it\/wordpress\/wp-json\/wp\/v2\/posts\/26439","targetHints":{"allow":["GET"]}}],"collection":[{"href":"https:\/\/www.nonsolomodanews.it\/wordpress\/wp-json\/wp\/v2\/posts"}],"about":[{"href":"https:\/\/www.nonsolomodanews.it\/wordpress\/wp-json\/wp\/v2\/types\/post"}],"author":[{"embeddable":true,"href":"https:\/\/www.nonsolomodanews.it\/wordpress\/wp-json\/wp\/v2\/users\/1"}],"replies":[{"embeddable":true,"href":"https:\/\/www.nonsolomodanews.it\/wordpress\/wp-json\/wp\/v2\/comments?post=26439"}],"version-history":[{"count":3,"href":"https:\/\/www.nonsolomodanews.it\/wordpress\/wp-json\/wp\/v2\/posts\/26439\/revisions"}],"predecessor-version":[{"id":26443,"href":"https:\/\/www.nonsolomodanews.it\/wordpress\/wp-json\/wp\/v2\/posts\/26439\/revisions\/26443"}],"wp:featuredmedia":[{"embeddable":true,"href":"https:\/\/www.nonsolomodanews.it\/wordpress\/wp-json\/wp\/v2\/media\/26440"}],"wp:attachment":[{"href":"https:\/\/www.nonsolomodanews.it\/wordpress\/wp-json\/wp\/v2\/media?parent=26439"}],"wp:term":[{"taxonomy":"category","embeddable":true,"href":"https:\/\/www.nonsolomodanews.it\/wordpress\/wp-json\/wp\/v2\/categories?post=26439"},{"taxonomy":"post_tag","embeddable":true,"href":"https:\/\/www.nonsolomodanews.it\/wordpress\/wp-json\/wp\/v2\/tags?post=26439"}],"curies":[{"name":"wp","href":"https:\/\/api.w.org\/{rel}","templated":true}]}}