{"id":26411,"date":"2024-02-26T18:08:38","date_gmt":"2024-02-26T18:08:38","guid":{"rendered":"https:\/\/www.nonsolomodanews.it\/wordpress\/?p=26411"},"modified":"2024-02-26T18:11:04","modified_gmt":"2024-02-26T18:11:04","slug":"a-bologna-centergross-presenta-lestate-in-italia-sfilata-delle-collezioni-primavera-estate-2024-un-viaggio-nella-grande-bellezza-italiana","status":"publish","type":"post","link":"https:\/\/www.nonsolomodanews.it\/wordpress\/a-bologna-centergross-presenta-lestate-in-italia-sfilata-delle-collezioni-primavera-estate-2024-un-viaggio-nella-grande-bellezza-italiana\/","title":{"rendered":"A BOLOGNA CENTERGROSS PRESENTA L&#8217;ESTATE IN ITALIA,  SFILATA DELLE COLLEZIONI PRIMAVERA ESTATE 2024.   UN VIAGGIO NELLA GRANDE BELLEZZA ITALIANA"},"content":{"rendered":"<div id=\"attachment_26415\" style=\"width: 210px\" class=\"wp-caption alignleft\"><img loading=\"lazy\" decoding=\"async\" aria-describedby=\"caption-attachment-26415\" class=\"wp-image-26415 size-medium\" src=\"https:\/\/www.nonsolomodanews.it\/wordpress\/wp-content\/uploads\/2024\/02\/Angela-Mele-Milano-2-200x300.jpg\" alt=\"\" width=\"200\" height=\"300\" srcset=\"https:\/\/www.nonsolomodanews.it\/wordpress\/wp-content\/uploads\/2024\/02\/Angela-Mele-Milano-2-200x300.jpg 200w, https:\/\/www.nonsolomodanews.it\/wordpress\/wp-content\/uploads\/2024\/02\/Angela-Mele-Milano-2-683x1024.jpg 683w, https:\/\/www.nonsolomodanews.it\/wordpress\/wp-content\/uploads\/2024\/02\/Angela-Mele-Milano-2-768x1152.jpg 768w, https:\/\/www.nonsolomodanews.it\/wordpress\/wp-content\/uploads\/2024\/02\/Angela-Mele-Milano-2-1024x1536.jpg 1024w, https:\/\/www.nonsolomodanews.it\/wordpress\/wp-content\/uploads\/2024\/02\/Angela-Mele-Milano-2-1365x2048.jpg 1365w, https:\/\/www.nonsolomodanews.it\/wordpress\/wp-content\/uploads\/2024\/02\/Angela-Mele-Milano-2-1080x1620.jpg 1080w, https:\/\/www.nonsolomodanews.it\/wordpress\/wp-content\/uploads\/2024\/02\/Angela-Mele-Milano-2-scaled.jpg 1706w\" sizes=\"auto, (max-width: 200px) 100vw, 200px\" \/><p id=\"caption-attachment-26415\" class=\"wp-caption-text\">Angela Mele Milano<\/p><\/div>\n<p><strong>MODA: A BOLOGNA CENTERGROSS PRESENTA L&#8217;ESTATE IN ITALIA, <\/strong><strong>SFILATA DELLE COLLEZIONI PRIMAVERA ESTATE 2024.<\/strong><\/p>\n<p style=\"font-weight: 400;\"><strong>UN VIAGGIO NELLA GRANDE BELLEZZA ITALIANA <\/strong><strong>SOSTENIBILE E POSSIBILE, PERCH\u00c9 IL PRONTO MODA \u00c8 OPPORTUNIT\u00c0 PER L&#8217;INTERO MERCATO E TENDENZA ALL&#8217;INSEGNA DEL GREEN<\/strong><\/p>\n<p style=\"font-weight: 400;\"><strong>Edizione dopo edizione il Pronto Moda si propone come strategia vincente a vantaggio di un mercato della moda sempre pi\u00f9 orientato alla svolta \u201cgreen\u201d, sostenibile, concorrenziale. <\/strong><strong>Una moda che esprime la perfetta sintesi tra bello, ben fatto e accessibile.<\/strong><\/p>\n<p><!--more--><\/p>\n<p>Grande successo e teatro tutto esaurito per la sfilata Summer in Italy, presentazione delle Collezioni Primavera Estate 2024 di sette brand di Centergross, il pi\u00f9 grande e importante Polo europeo del Pronto Moda made in Italy:\u00a0<strong>Angela Mele Milano, Gil Santucci, J.B4, Keyr\u00e0 Alberto Cacciari, Rinascimento, Sophia Curvy, Souvenir<\/strong>\u00a0. Un evento che, anche questa volta, ha portato grandi novit\u00e0, attraverso la creazione di tre momenti: la Sfilata Collettiva preceduta da un incontro sul virtuoso modello di business del Pronto Moda bolognese, il Tour guidato nel Polo Europeo pi\u00f9 grande e pi\u00f9 importante d&#8217; Europa. E per la prima volta la sfilata, assecondando la grande richiesta di partecipazione della citt\u00e0, ha destinato un buon numero di posti al pubblico di non addetti ai lavori, appassionato di moda. In passerella le collezioni.<\/p>\n<p>\u201c\u00a0<em>Con grande orgoglio stiamo dimostrando a istituzioni, buyer, stampa, ea tutta la platea a cui ci rivolgiamo, che il Pronto Moda realizzato dalle aziende di Centergross \u00e8 un modello di assoluta eccellenza, un tassello molto importante del nostro Made in<\/em> Italy &#8211; afferma il Presidente <strong>Piero Scandellari<\/strong> -. La valorizzazione e la promozione a tutti i livelli \u00e8 un asset fondamentale della nostra strategia e momenti come la sfilata, i tour per far conoscere il distretto e toccare con mano le realt\u00e0 delle centinaia di aziende che qui progresso, e le occasioni di incontro e riflessioni come il convegno sono fondamentali per garantire crescita e riconoscibilit\u00e0 del nostro sistema.<\/p>\n<p>Per questo, le produzioni Centergross del Pronto Moda, per tutte le peculiarit\u00e0 che rappresentano, avranno presto anche un &#8220;marchio di riconoscibilit\u00e0&#8221; che faremo valere in giro per il mondo che si aggiunger\u00e0 al Fatto in Italia&#8221;.<\/p>\n<p><strong>Il Convegno<\/strong><\/p>\n<p>Il Presidente di Centergross, Piero Scandellari ha aperto il dibattito con i principali player istituzionali con uno speciale convegno, prima della grande sfilata, aperto ai media e agli addetti ai lavori, per trasmettere gli autentici valori, di etica e qualit\u00e0 del Pronto Moda. All&#8217;incontro\u201c\u00a0Pronto Moda Made in Italy, l&#8217;\u00a0alternativa sostenibile al Fast-Fashion\u201d, al Teatro Arena del Sole, hanno partecipato il Vice Ministro delle Imprese e del Made in Italy Valentino Valentini, l&#8217;Europarlamentare Alessandra Basso, l&#8217;Assessore allo Sviluppo Economico e G reen E\u00a0conomy\u00a0,\u00a0Lavoro\u00a0e Formazione della Regione Emilia Romagna Vincenzo Colla, il Vice Sindaco della Citt\u00e0 Metropolitana di Bologna Marco Panieri, il Responsabile CNA Federmoda Antonio Franceschini, Roberto Corbelli &#8211; Art Director ed esperto dei cambiamenti socioculturali dei mercati, Riccardo Collina &#8211; Phygital Export Manager Centergross e Alessandro Nardone &#8211; Responsabile della comunicazione del distretto che ha moderato l&#8217;\u00a0evento.<\/p>\n<p>Con questo momento di riflessione tra istituzioni e operatori del settore si intende puntualizzare e definire i tratti salienti e caratterizzanti del Pronto Moda, per iniziare a tracciarne una sorta di \u201cmarchio di qualit\u00e0\u201d, che aiuta a delineare il tratto distintivo di una prestigiosa impresa collettiva , nel segno della qualit\u00e0, con quasi un mezzo secolo di attivit\u00e0. Questo settore per Bologna, l&#8217;\u00a0Emilia Romagna e per l&#8217;\u00a0Italia, in questo particolare momento storico, \u00e8 di grande attualit\u00e0, ed \u00e8 necessario per sottolineare la doverosa differenza tra Pronto Moda Italiano e Fast Fashion. L&#8217;anima della moda pronta \u00e8 nell&#8217;attivit\u00e0 commerciale dei piccoli rivenditori, \u00e8 la produzione realizzata da piccole e medie imprese italiane di prossimit\u00e0, accorciando tempi e filiera, a vantaggio della qualit\u00e0 e del valore etico dei capi. I capi vengono realizzati praticamente \u201con demand\u201d rispondendo alle effettive richieste della domanda, per evitare sprechi e giacenze, dannose per l&#8217;ambiente. Una svolta etica e green che si contrappone nettamente al cosiddetto \u201cFast Fashion\u201d attuato dai grandi colossi stranieri, che per massimizzare gli utili sfruttano la manodopera a basso costo del Sud del Mondo e causano e alte emissioni e un numero impressionante di capi invenduti che inquinano inevitabilmente l&#8217;ambiente.<\/p>\n<p><strong>La sfilata<\/strong><\/p>\n<p>La sfilata SUMMER IN ITALY si \u00e8 svolta nel pieno della F\u00a0ashion\u00a0Week\u00a0,\u00a0a piena dimostrazione del ruolo di primaria importanza nel mercato e nella comunicazione della Moda. La sfilata collettiva esprime una sintesi delle collezioni Primavera E\u00a0state 2024\u00a0attraverso una selezione di brand di Pronto Moda del distretto bolognese.<\/p>\n<p>Sulla passerella del Teatro Arena del Sole hanno sfilato le collezioni di sette brand: Angela Mele Milano, Gil Santucci, J.B4, Keyr\u00e0 Alberto Cacciari, Rinascimento, Sophia Curvy, Souvenir hanno presentato le creazioni attraverso una sorta di\u201c\u00a0viaggio nella Grande\u00a0Bellezza\u00a0Italiana\u201d, un racconto corale che si \u00e8 sviluppato per capitoli, uno diverso dall&#8217;altro, ognuno dedicato a una bellezza italiana. Una similitudine che attinge dal patrimonio del nostro Belpaese, le cui citt\u00e0, dai grandi centri ai piccoli borghi, sono scrigni di unicit\u00e0 ed eccellenza. Il messaggio \u00e8 chiaro, la nostra penisola sa esprimere pi\u00f9 di ogni altro paese la Bellezza, ha una concentrazione di siti UNESCO unica al mondo, ed \u00e8 simbolo riconosciuto e indiscutibile delle manifatture di qualit\u00e0. Se lL&#8217;\u00a0Italia \u00e8 universalmente riconosciuta come\u201c\u00a0eccellenza\u201d dell&#8217;\u00a0eleganza, il Polo del Centergross oltre al\u201c\u00a0bello e ben fatto\u201d, aggiunge la capacit\u00e0 imprenditoriale\u201c\u00a0smart\u00a0\u201d, fatta di esperienza decennale, attenzione all&#8217;\u00a0evoluzione del mercato e al servizio al dettaglio, categoria in continua trasformazione, alla quale va riservata attenzione speciale.<\/p>\n<p>La colonna sonora che ha accompagnato la sfilata ha visto alternarsi sound track creati appositamente dal DJ Matteo Mussoni con le esibizioni di un&#8217;orchestra di 20 giovani e talentuosi elementi diretta dal maestro Davide Tura, chiamata per l&#8217;occasione Orchestra Centergross. Il video dell&#8217;evento \u00e8 disponibile sulle piattaforme ufficiali di Centergross, il Sito internet istituzionale, YouTube ei profili social Instagram e Facebook.<\/p>\n<p><strong>Angela Mele Milano<\/strong><\/p>\n<div id=\"attachment_26416\" style=\"width: 210px\" class=\"wp-caption alignleft\"><img loading=\"lazy\" decoding=\"async\" aria-describedby=\"caption-attachment-26416\" class=\"size-medium wp-image-26416\" src=\"https:\/\/www.nonsolomodanews.it\/wordpress\/wp-content\/uploads\/2024\/02\/Angela-Mele-Milano-2-1-200x300.jpg\" alt=\"\" width=\"200\" height=\"300\" srcset=\"https:\/\/www.nonsolomodanews.it\/wordpress\/wp-content\/uploads\/2024\/02\/Angela-Mele-Milano-2-1-200x300.jpg 200w, https:\/\/www.nonsolomodanews.it\/wordpress\/wp-content\/uploads\/2024\/02\/Angela-Mele-Milano-2-1-683x1024.jpg 683w, https:\/\/www.nonsolomodanews.it\/wordpress\/wp-content\/uploads\/2024\/02\/Angela-Mele-Milano-2-1-768x1152.jpg 768w, https:\/\/www.nonsolomodanews.it\/wordpress\/wp-content\/uploads\/2024\/02\/Angela-Mele-Milano-2-1-1024x1536.jpg 1024w, https:\/\/www.nonsolomodanews.it\/wordpress\/wp-content\/uploads\/2024\/02\/Angela-Mele-Milano-2-1-1365x2048.jpg 1365w, https:\/\/www.nonsolomodanews.it\/wordpress\/wp-content\/uploads\/2024\/02\/Angela-Mele-Milano-2-1-1080x1620.jpg 1080w, https:\/\/www.nonsolomodanews.it\/wordpress\/wp-content\/uploads\/2024\/02\/Angela-Mele-Milano-2-1-scaled.jpg 1706w\" sizes=\"auto, (max-width: 200px) 100vw, 200px\" \/><p id=\"caption-attachment-26416\" class=\"wp-caption-text\">Angela Mele Milano<\/p><\/div>\n<p>La splendida e incontaminata Maremma Toscana \u00e8 il contesto in cui sfila la \u201cfierezza\u201d della Country-girl di Angela Mele Milano. La stilista, che fa del sapiente upcycling il suo principale tratto distintivo, presenta pezzi unici e irripetibili, creati ridando vita ad abiti pre-loved e recuperati in giro per il mondo, con appassionata ricerca. Inediti e affascinanti gli accostamenti: ai patchwork in denim, con cui sono realizzati abiti, pantaloni e cappe, vengono abbinate voluttuose trasparenze, ricami luminescenti e frange. Sempre protagonisti degli outfit, inoltre i classici capi spalla sartoriali, resi speciali da originali ricami e applicazioni. Queste creazioni non sono pensate per terminare il loro ciclo in un&#8217;unica stagione, ma per durare nel tempo, rimanere protagonista nel guardaroba, ed essere tramandate di madre in figlia portando con s\u00e9 il valore del tempo che non si esaurisce, ma perdura.<\/p>\n<p>&nbsp;<\/p>\n<p>&nbsp;<\/p>\n<p>&nbsp;<\/p>\n<p><strong>Gil Santucci<\/strong><\/p>\n<div id=\"attachment_26417\" style=\"width: 210px\" class=\"wp-caption alignleft\"><img loading=\"lazy\" decoding=\"async\" aria-describedby=\"caption-attachment-26417\" class=\"size-medium wp-image-26417\" src=\"https:\/\/www.nonsolomodanews.it\/wordpress\/wp-content\/uploads\/2024\/02\/Gil-Santucci-200x300.jpg\" alt=\"\" width=\"200\" height=\"300\" srcset=\"https:\/\/www.nonsolomodanews.it\/wordpress\/wp-content\/uploads\/2024\/02\/Gil-Santucci-200x300.jpg 200w, https:\/\/www.nonsolomodanews.it\/wordpress\/wp-content\/uploads\/2024\/02\/Gil-Santucci-683x1024.jpg 683w, https:\/\/www.nonsolomodanews.it\/wordpress\/wp-content\/uploads\/2024\/02\/Gil-Santucci-768x1152.jpg 768w, https:\/\/www.nonsolomodanews.it\/wordpress\/wp-content\/uploads\/2024\/02\/Gil-Santucci-1024x1536.jpg 1024w, https:\/\/www.nonsolomodanews.it\/wordpress\/wp-content\/uploads\/2024\/02\/Gil-Santucci-1365x2048.jpg 1365w, https:\/\/www.nonsolomodanews.it\/wordpress\/wp-content\/uploads\/2024\/02\/Gil-Santucci-1080x1620.jpg 1080w, https:\/\/www.nonsolomodanews.it\/wordpress\/wp-content\/uploads\/2024\/02\/Gil-Santucci-scaled.jpg 1706w\" sizes=\"auto, (max-width: 200px) 100vw, 200px\" \/><p id=\"caption-attachment-26417\" class=\"wp-caption-text\">Gil Santucci<\/p><\/div>\n<p>Attinge<strong>\u00a0<\/strong>alla mitologia, in bilico tra il tempo remoto e la realt\u00e0 di oggi, l&#8217;ispirazione per le donne di Gil Santucci. Semidee, maestose e altere, si muovono fiere e sicure nell&#8217;antica Eea, la leggendaria isola di Ponza, covo della Maga Circe, ammaliatrice di Ulisse e dei suoi compagni di viaggio. \u00c8 da questa terra che ha ispirato il mito che la collezione trae la forte personalit\u00e0, per donne che amano apparire e mostrare tutta la loro femminilit\u00e0 in ogni momento della giornata. Blazer abbinati a hot pant, pelle a vista attraverso obl\u00f2, spacchi e trasparenze, grinta e seduzione dai capi dall&#8217;anima sporty e urban chic, con i dettagli metallici dal sapore rock. Accanto al bianco e nero la tonalit\u00e0 tenue dell&#8217;azzurro illuminata da paillettes.<\/p>\n<p><strong>\u00a0<\/strong><\/p>\n<p>&nbsp;<\/p>\n<p>&nbsp;<\/p>\n<p>&nbsp;<\/p>\n<p>&nbsp;<\/p>\n<p><strong>J.B4<\/strong><\/p>\n<div id=\"attachment_26418\" style=\"width: 210px\" class=\"wp-caption alignleft\"><img loading=\"lazy\" decoding=\"async\" aria-describedby=\"caption-attachment-26418\" class=\"size-medium wp-image-26418\" src=\"https:\/\/www.nonsolomodanews.it\/wordpress\/wp-content\/uploads\/2024\/02\/J.B4-200x300.jpg\" alt=\"\" width=\"200\" height=\"300\" srcset=\"https:\/\/www.nonsolomodanews.it\/wordpress\/wp-content\/uploads\/2024\/02\/J.B4-200x300.jpg 200w, https:\/\/www.nonsolomodanews.it\/wordpress\/wp-content\/uploads\/2024\/02\/J.B4-683x1024.jpg 683w, https:\/\/www.nonsolomodanews.it\/wordpress\/wp-content\/uploads\/2024\/02\/J.B4-768x1152.jpg 768w, https:\/\/www.nonsolomodanews.it\/wordpress\/wp-content\/uploads\/2024\/02\/J.B4-1024x1536.jpg 1024w, https:\/\/www.nonsolomodanews.it\/wordpress\/wp-content\/uploads\/2024\/02\/J.B4-1366x2048.jpg 1366w, https:\/\/www.nonsolomodanews.it\/wordpress\/wp-content\/uploads\/2024\/02\/J.B4-1080x1620.jpg 1080w, https:\/\/www.nonsolomodanews.it\/wordpress\/wp-content\/uploads\/2024\/02\/J.B4-scaled.jpg 1707w\" sizes=\"auto, (max-width: 200px) 100vw, 200px\" \/><p id=\"caption-attachment-26418\" class=\"wp-caption-text\">J.B4<\/p><\/div>\n<p>\u00c8\u00a0Napoli, mirabile sintesi tra bellezza prepotente di natura, arte, storia e avanguardia contemporanea a fare da sottofondo alla collezione, attraverso i colori del tramonto, le sfumature dell&#8217;acqua, della sabbia e delle spiagge. La nuova collezione J.B4, fa della freschezza e della modernit\u00e0 il suo tratto distintivo. Capi che rappresentano il sapore autentico dello street style di un giovane marchio che trae dalla strada e dalla natura la propria fonte di ispirazione. In linea con le macro tendenze della moda le camicie e le felpe cropped con la grafica del logo bene in vista, i blazer leggeri oversize, gli abiti sirena declinati nelle sfumature pastello. Gli outfit in generale hanno grande carattere e riconoscibilit\u00e0, proprio come Napoli, la citt\u00e0 famosa in tutto il mondo per la sua bellezza, la sua energia e la sua unicit\u00e0.<\/p>\n<p>&nbsp;<\/p>\n<p>&nbsp;<\/p>\n<p>&nbsp;<\/p>\n<p>&nbsp;<\/p>\n<p><strong>Keir\u00e0 Alberto Cacciari<\/strong><\/p>\n<div id=\"attachment_26419\" style=\"width: 210px\" class=\"wp-caption alignleft\"><img loading=\"lazy\" decoding=\"async\" aria-describedby=\"caption-attachment-26419\" class=\"size-medium wp-image-26419\" src=\"https:\/\/www.nonsolomodanews.it\/wordpress\/wp-content\/uploads\/2024\/02\/Keyra-Alberto-Cacciari-200x300.jpg\" alt=\"\" width=\"200\" height=\"300\" srcset=\"https:\/\/www.nonsolomodanews.it\/wordpress\/wp-content\/uploads\/2024\/02\/Keyra-Alberto-Cacciari-200x300.jpg 200w, https:\/\/www.nonsolomodanews.it\/wordpress\/wp-content\/uploads\/2024\/02\/Keyra-Alberto-Cacciari-683x1024.jpg 683w, https:\/\/www.nonsolomodanews.it\/wordpress\/wp-content\/uploads\/2024\/02\/Keyra-Alberto-Cacciari-768x1152.jpg 768w, https:\/\/www.nonsolomodanews.it\/wordpress\/wp-content\/uploads\/2024\/02\/Keyra-Alberto-Cacciari-1024x1536.jpg 1024w, https:\/\/www.nonsolomodanews.it\/wordpress\/wp-content\/uploads\/2024\/02\/Keyra-Alberto-Cacciari-1366x2048.jpg 1366w, https:\/\/www.nonsolomodanews.it\/wordpress\/wp-content\/uploads\/2024\/02\/Keyra-Alberto-Cacciari-1080x1620.jpg 1080w, https:\/\/www.nonsolomodanews.it\/wordpress\/wp-content\/uploads\/2024\/02\/Keyra-Alberto-Cacciari-scaled.jpg 1707w\" sizes=\"auto, (max-width: 200px) 100vw, 200px\" \/><p id=\"caption-attachment-26419\" class=\"wp-caption-text\">Keir\u00e0 Alberto Cacciari<\/p><\/div>\n<p>La maestosit\u00e0 opulenta di Venezia \u00e8 un unicum di bellezza, mistero e fascino.<strong>\u00a0<\/strong>Vanta quarant&#8217;anni di storia il brand, che presenta per questa stagione una collezione senza tempo: Keyr\u00e0 Alberto Cacciari come sempre interpreta i desideri femminili che si traducono in abiti ispirati alla bellezza e alla cultura. Le sue muse sono donne morbide e sinuose che attraversano Venezia, citt\u00e0 d&#8217;arte, di cinema, la loro \u00e8 una passeggiata in pratici capi in denim dall&#8217;aspetto vissuto, resi unici da motivi esclusivi, abbinati a t-shirt con originali applicazioni in tessuto tra le tortuose calli. Per le soir\u00e9e invece occhieggiano abiti e completi in pizzo, per vivere appieno la magica ed elegante atmosfera della Laguna. La collezione \u00e8 dunque una summa di stili e spunti dedicata a una donna dalle molteplici emozioni, pronta a condividerle col mondo.<\/p>\n<p>&nbsp;<\/p>\n<p>&nbsp;<\/p>\n<p>&nbsp;<\/p>\n<p>&nbsp;<\/p>\n<p><strong>Sofia Curvy<\/strong><\/p>\n<div id=\"attachment_26420\" style=\"width: 210px\" class=\"wp-caption alignleft\"><img loading=\"lazy\" decoding=\"async\" aria-describedby=\"caption-attachment-26420\" class=\"size-medium wp-image-26420\" src=\"https:\/\/www.nonsolomodanews.it\/wordpress\/wp-content\/uploads\/2024\/02\/Sophia-Curvy-200x300.jpg\" alt=\"\" width=\"200\" height=\"300\" srcset=\"https:\/\/www.nonsolomodanews.it\/wordpress\/wp-content\/uploads\/2024\/02\/Sophia-Curvy-200x300.jpg 200w, https:\/\/www.nonsolomodanews.it\/wordpress\/wp-content\/uploads\/2024\/02\/Sophia-Curvy-683x1024.jpg 683w, https:\/\/www.nonsolomodanews.it\/wordpress\/wp-content\/uploads\/2024\/02\/Sophia-Curvy-768x1152.jpg 768w, https:\/\/www.nonsolomodanews.it\/wordpress\/wp-content\/uploads\/2024\/02\/Sophia-Curvy-1024x1536.jpg 1024w, https:\/\/www.nonsolomodanews.it\/wordpress\/wp-content\/uploads\/2024\/02\/Sophia-Curvy-1365x2048.jpg 1365w, https:\/\/www.nonsolomodanews.it\/wordpress\/wp-content\/uploads\/2024\/02\/Sophia-Curvy-1080x1620.jpg 1080w, https:\/\/www.nonsolomodanews.it\/wordpress\/wp-content\/uploads\/2024\/02\/Sophia-Curvy-scaled.jpg 1707w\" sizes=\"auto, (max-width: 200px) 100vw, 200px\" \/><p id=\"caption-attachment-26420\" class=\"wp-caption-text\">Sofia Curvy<\/p><\/div>\n<p>Moderna, sempre alla moda, e cosmopolita. La grande capitale della Moda, delle avanguardie e del business internazionale. Milano \u00e8 la citt\u00e0 che rappresenta la collezione di Sophia Curvy, trovando come tratto comune l&#8217;essere giovane nello spirito, pronta ad accettare e lanciare tutte le innovazioni, sicura di s\u00e9, a partire dalla propria immagine. Gli abiti neri che scivolano accarezzando la silhouette sono resi importanti e grintosi da dettagli in metallo dorato, i completi sportivi strizzano l&#8217;occhio al glam rock con paillettes argentate e stampe metallizzate, i capi in denim, bianco o rosa cipria, sono animati da perle e strass multicolori. In passerella un total look studiato per tutte le occasioni, dal lavoro al tempo libero. Abiti e accessori che piacciono alle donne di ogni et\u00e0, con un elemento in pi\u00f9: l&#8217;inclusivit\u00e0, che parte dall&#8217;attenzione alle taglie per una nuova normalit\u00e0.<\/p>\n<p>&nbsp;<\/p>\n<p>&nbsp;<\/p>\n<p>&nbsp;<\/p>\n<p>&nbsp;<\/p>\n<p><strong>Rinascimento<\/strong><\/p>\n<div id=\"attachment_26421\" style=\"width: 210px\" class=\"wp-caption alignleft\"><img loading=\"lazy\" decoding=\"async\" aria-describedby=\"caption-attachment-26421\" class=\"size-medium wp-image-26421\" src=\"https:\/\/www.nonsolomodanews.it\/wordpress\/wp-content\/uploads\/2024\/02\/Rinascimento-200x300.jpg\" alt=\"\" width=\"200\" height=\"300\" srcset=\"https:\/\/www.nonsolomodanews.it\/wordpress\/wp-content\/uploads\/2024\/02\/Rinascimento-200x300.jpg 200w, https:\/\/www.nonsolomodanews.it\/wordpress\/wp-content\/uploads\/2024\/02\/Rinascimento-683x1024.jpg 683w, https:\/\/www.nonsolomodanews.it\/wordpress\/wp-content\/uploads\/2024\/02\/Rinascimento-768x1152.jpg 768w, https:\/\/www.nonsolomodanews.it\/wordpress\/wp-content\/uploads\/2024\/02\/Rinascimento-1024x1536.jpg 1024w, https:\/\/www.nonsolomodanews.it\/wordpress\/wp-content\/uploads\/2024\/02\/Rinascimento-1365x2048.jpg 1365w, https:\/\/www.nonsolomodanews.it\/wordpress\/wp-content\/uploads\/2024\/02\/Rinascimento-1080x1620.jpg 1080w, https:\/\/www.nonsolomodanews.it\/wordpress\/wp-content\/uploads\/2024\/02\/Rinascimento-scaled.jpg 1707w\" sizes=\"auto, (max-width: 200px) 100vw, 200px\" \/><p id=\"caption-attachment-26421\" class=\"wp-caption-text\">Rinascimento<\/p><\/div>\n<p>Nella luce, nei colori e nella bellezza dell&#8217;isola di Stromboli si materializza la collezione Rinascimento. Una fusione di tonalit\u00e0 classiche e sfumature innovative come i delicati colori pastello fino a una tavolozza pi\u00f9 audace e vibrante di giallo e lime. Al centro estrema cura dei dettagli e grande attenzione alle esigenze di tutte le donne con modellistiche, appositamente sviluppate, anche nelle proposte curvy. Una collezione creata per donne di charme ed eleganti, ma che amano anche look pratici e sportivi.\u00a0Il tutto arricchito da borse e calzature che rendono speciale ogni outfit.<\/p>\n<p>&nbsp;<\/p>\n<p>&nbsp;<\/p>\n<p>&nbsp;<\/p>\n<p>&nbsp;<\/p>\n<p>&nbsp;<\/p>\n<p><strong>Souvenir<\/strong><\/p>\n<div id=\"attachment_26422\" style=\"width: 210px\" class=\"wp-caption alignleft\"><img loading=\"lazy\" decoding=\"async\" aria-describedby=\"caption-attachment-26422\" class=\"size-medium wp-image-26422\" src=\"https:\/\/www.nonsolomodanews.it\/wordpress\/wp-content\/uploads\/2024\/02\/Souvenir-200x300.jpg\" alt=\"\" width=\"200\" height=\"300\" srcset=\"https:\/\/www.nonsolomodanews.it\/wordpress\/wp-content\/uploads\/2024\/02\/Souvenir-200x300.jpg 200w, https:\/\/www.nonsolomodanews.it\/wordpress\/wp-content\/uploads\/2024\/02\/Souvenir-683x1024.jpg 683w, https:\/\/www.nonsolomodanews.it\/wordpress\/wp-content\/uploads\/2024\/02\/Souvenir-768x1152.jpg 768w, https:\/\/www.nonsolomodanews.it\/wordpress\/wp-content\/uploads\/2024\/02\/Souvenir-1024x1536.jpg 1024w, https:\/\/www.nonsolomodanews.it\/wordpress\/wp-content\/uploads\/2024\/02\/Souvenir-1365x2048.jpg 1365w, https:\/\/www.nonsolomodanews.it\/wordpress\/wp-content\/uploads\/2024\/02\/Souvenir-1080x1620.jpg 1080w, https:\/\/www.nonsolomodanews.it\/wordpress\/wp-content\/uploads\/2024\/02\/Souvenir-scaled.jpg 1706w\" sizes=\"auto, (max-width: 200px) 100vw, 200px\" \/><p id=\"caption-attachment-26422\" class=\"wp-caption-text\">Souvenir<\/p><\/div>\n<p>Incastonata fra le rocce e il mare, in un unicum di bellezza e meraviglia, \u00e8 Taormina a ispirare le proposte per la prossima primavera tenuta Souvenir. L&#8217;azzurro del cielo, il giallo del sole, i beige della sabbia, i rossi dell&#8217;argilla e della terracotta. Ampi pantaloni cargo si abbinano a sofisticate camicie dalla costruzione e volumi inediti: ampie maniche con scenografici fiocchi che lasciano intravedere le braccia, top freschi dalle ampie ruche pliss\u00e9, abiti fluidi incrociati e drappeggiati, per avvolgere la figura senza costringerla. Linee fluide e al contempo costruite, che simulano le onde del mare e gli intrecci di abiti da sirena pronte a incantare. Atmosfere da sogno nella perla del Mediterraneo che Guy de Maupassant, descrisse come un \u201cquadro nel quale si ritrova tutto ci\u00f2 che sembra esistere sulla Terra per sedurre occhi, spirito ed immaginazione\u201d. Proprio come gli abiti sotto i riflettori.<\/p>\n<p>&nbsp;<\/p>\n<p>&nbsp;<\/p>\n<p>&nbsp;<\/p>\n<p><strong>Il tour per buyer e stampa al Centergross<\/strong><\/p>\n<p>Nel giorno successivo la sfilata, \u00e8 stato nuovamente organizzato un tour guidato, dedicato a buyer e giornalisti, fra le settecento aziende di Centergross.<\/p>\n<p><strong>Estate in Italia<\/strong>\u00a0:\u00a0<em>direzione artistica<\/em>\u00a0:\u00a0<strong>Roberto Corbelli<\/strong>\u00a0;\u00a0<em>supervisione<\/em>\u00a0:\u00a0<strong>Riccardo Collina<\/strong>\u00a0<em>Phygital Export Manager<\/em>\u00a0;\u00a0<em>regia<\/em>\u00a0:\u00a0<strong>Alex Leardini<\/strong>\u00a0;\u00a0<em>direzione comunicazione<\/em>\u00a0:\u00a0<strong>Alessandro Nardone<\/strong>\u00a0.<\/p>\n<p><strong>CENTRO UFFICIO STAMPAGROSS<\/strong>\u00a0&#8211; Maria Grazia Vernuccio<\/p>\n<p><strong>T<\/strong>\u00a0+39 3351282864 &#8211;\u00a0<strong>E<\/strong>\u00a0<u><a href=\"mailto:mariagrazia.vernuccio@mgvcommunication.it\">mariagrazia.vernuccio@mgvcommunication.it<\/a><\/u><\/p>\n<p><strong>WINTER MELODY<\/strong>\u00a0<strong>\u00c8<\/strong>\u00a0<strong>UN EVENTO REALIZZATO:<\/strong><\/p>\n<p><strong>con il patrocinio di<\/strong>\u00a0:Citt\u00e0 Metropolitana di Bologna, Comune di Bologna, Regione Emilia Romagna, CNA Federmoda, Confartigianato Imprese Bologna Metropolitana, ITA Italian Trade Agency, Comune di Argelato, Confcommercio Imprese per l\u00a0&#8216;\u00a0Italia \u2013 Ascom Citt\u00e0 Metropolitana di Bologna, Camera di Commercio, Industria, Artigianato e Agricoltura di Bologna, Destinazione Turistica Bologna\/Modena, Confindustria Emilia Area Centro, Fondazione ANT, Confesercenti Bologna<\/p>\n<p><strong>con il sostegno di<\/strong>\u00a0: #inEmiliaRomagna, Territori Bologna Modena<\/p>\n<p><strong>con il contributo di<\/strong>\u00a0: Bononia, Borelli Orlando, Intesa San Paolo, Rizzi Silvio, UP Agenzia per il Lavoro, Team Cuba scuola di ballo,<\/p>\n<p><strong>partner<\/strong>\u00a0: ER T Emilia Romagna Teatro Fondazione Teatro Nazionale, Globe Theatre, Next Fashion School, Felsinea Eventi, Best Color, Picri, She Hair Extensions, Make Art<\/p>\n<p><strong>CENTRO UFFICIO STAMPA GROSS<\/strong><\/p>\n<p>Maria Grazia Vernuccio \u00a0<u><a href=\"mailto:mariagrazia.vernuccio@mgvcommunication.it\">mariagrazia.vernuccio@mgvcommunication.it<\/a><\/u><\/p>\n<p><strong>A proposito del Centergross<\/strong><\/p>\n<p><em>Centergross rappresenta la pi\u00f9 grande area commerciale business-to-business europea della Moda Pronta italiana: 1 milione di metri quadri la superficie totale, di cui 400mila area espositiva e 100mila metri quadri dedicati ad area uffici e servizi. 700 le attivit\u00e0 commerciali di livello nazionale ed internazionale di cui oltre 400 brand moda, aziende tessili e accessori, e il resto riferito ai settori di commercio, meccanica, alta tecnologia e fornitori di servizi a imprese e professionisti. Il volume di affari annuali \u00e8 di 5 miliardi di euro di cui 3,5 relativi alla moda e 60% riferito all<\/em>\u00a0<em>&#8216;<\/em>\u00a0<em>esportare. Centergross conta 6mila lavoratori diretti (a cui si aggiunge l<\/em>\u00a0<em>&#8216;<\/em>\u00a0<em>indotto). Ogni giorno accedono al Centergross migliaia di compratori e addetti ai lavori.<\/em><\/p>\n<p><em>Nato nel 1977 alle porte di Bologna, negli anni ha assunto sempre pi\u00f9 le funzioni di un vero e proprio Smart Center, mettendo a disposizione delle aziende servizi, know how, occasioni per fare networking e la sua rete di rapporti economici e istituzionali creando valore a livello locale, nazionale e internazionale. Caratteristiche che fanno di Centergross il luogo ideale per fare business.<\/em><\/p>\n<p style=\"text-align: center;\">Ufficio stampa Centergross Maria Grazia Vernuccio<br \/>\nTutti i diritti riservati \u00a9 2024 \u2013 Email: nonsolomodanews@gmail.com<\/p>\n","protected":false},"excerpt":{"rendered":"<p>MODA: A BOLOGNA CENTERGROSS PRESENTA L&rsquo;ESTATE IN ITALIA, SFILATA DELLE COLLEZIONI PRIMAVERA ESTATE 2024. UN VIAGGIO NELLA GRANDE BELLEZZA ITALIANA SOSTENIBILE E POSSIBILE, PERCH&Eacute; IL PRONTO MODA &Egrave; OPPORTUNIT&Agrave; PER L&rsquo;INTERO MERCATO E TENDENZA ALL&rsquo;INSEGNA DEL GREEN Edizione dopo edizione il Pronto Moda si propone come strategia vincente a vantaggio di un mercato della moda sempre pi&ugrave; orientato alla svolta &ldquo;green&rdquo;, sostenibile, concorrenziale. Una moda che esprime la perfetta sintesi tra bello, ben fatto e accessibile.<\/p>\n","protected":false},"author":1,"featured_media":26414,"comment_status":"open","ping_status":"open","sticky":false,"template":"","format":"standard","meta":{"rop_custom_images_group":[],"rop_custom_messages_group":[],"rop_publish_now":"initial","rop_publish_now_accounts":[],"rop_publish_now_history":[],"rop_publish_now_status":"pending","footnotes":""},"categories":[16],"tags":[281,7988,1099],"class_list":["post-26411","post","type-post","status-publish","format-standard","has-post-thumbnail","hentry","category-articolo","tag-bruno-angelo-porcellana","tag-centergross","tag-nonsolomodanews"],"_links":{"self":[{"href":"https:\/\/www.nonsolomodanews.it\/wordpress\/wp-json\/wp\/v2\/posts\/26411","targetHints":{"allow":["GET"]}}],"collection":[{"href":"https:\/\/www.nonsolomodanews.it\/wordpress\/wp-json\/wp\/v2\/posts"}],"about":[{"href":"https:\/\/www.nonsolomodanews.it\/wordpress\/wp-json\/wp\/v2\/types\/post"}],"author":[{"embeddable":true,"href":"https:\/\/www.nonsolomodanews.it\/wordpress\/wp-json\/wp\/v2\/users\/1"}],"replies":[{"embeddable":true,"href":"https:\/\/www.nonsolomodanews.it\/wordpress\/wp-json\/wp\/v2\/comments?post=26411"}],"version-history":[{"count":4,"href":"https:\/\/www.nonsolomodanews.it\/wordpress\/wp-json\/wp\/v2\/posts\/26411\/revisions"}],"predecessor-version":[{"id":26425,"href":"https:\/\/www.nonsolomodanews.it\/wordpress\/wp-json\/wp\/v2\/posts\/26411\/revisions\/26425"}],"wp:featuredmedia":[{"embeddable":true,"href":"https:\/\/www.nonsolomodanews.it\/wordpress\/wp-json\/wp\/v2\/media\/26414"}],"wp:attachment":[{"href":"https:\/\/www.nonsolomodanews.it\/wordpress\/wp-json\/wp\/v2\/media?parent=26411"}],"wp:term":[{"taxonomy":"category","embeddable":true,"href":"https:\/\/www.nonsolomodanews.it\/wordpress\/wp-json\/wp\/v2\/categories?post=26411"},{"taxonomy":"post_tag","embeddable":true,"href":"https:\/\/www.nonsolomodanews.it\/wordpress\/wp-json\/wp\/v2\/tags?post=26411"}],"curies":[{"name":"wp","href":"https:\/\/api.w.org\/{rel}","templated":true}]}}