{"id":26336,"date":"2024-02-16T15:14:07","date_gmt":"2024-02-16T15:14:07","guid":{"rendered":"https:\/\/www.nonsolomodanews.it\/wordpress\/?p=26336"},"modified":"2024-02-16T15:18:18","modified_gmt":"2024-02-16T15:18:18","slug":"moda-a-bologna-centergross-presenta-summer-in-italy-sfilata-delle-collezioni-primavera-estate-2024","status":"publish","type":"post","link":"https:\/\/www.nonsolomodanews.it\/wordpress\/moda-a-bologna-centergross-presenta-summer-in-italy-sfilata-delle-collezioni-primavera-estate-2024\/","title":{"rendered":"MODA: A BOLOGNA CENTERGROSS PRESENTA SUMMER IN ITALY:\u00a0SFILATA DELLE COLLEZIONI PRIMAVERA ESTATE 2024"},"content":{"rendered":"<p><span style=\"color: #000000;\"><b><a style=\"color: #000000;\" href=\"https:\/\/www.nonsolomodanews.it\/wordpress\/wp-content\/uploads\/2024\/02\/Immagineallegata-1-1.tiff\"><img loading=\"lazy\" decoding=\"async\" class=\"size-medium wp-image-26339 alignleft\" src=\"https:\/\/www.nonsolomodanews.it\/wordpress\/wp-content\/uploads\/2024\/02\/Immagineallegata-1-1-225x300.jpg\" alt=\"\" width=\"225\" height=\"300\" srcset=\"https:\/\/www.nonsolomodanews.it\/wordpress\/wp-content\/uploads\/2024\/02\/Immagineallegata-1-1-225x300.jpg 225w, https:\/\/www.nonsolomodanews.it\/wordpress\/wp-content\/uploads\/2024\/02\/Immagineallegata-1-1.jpg 480w\" sizes=\"auto, (max-width: 225px) 100vw, 225px\" \/><img decoding=\"async\" class=\"alignnone size-full wp-image-26337\" src=\"https:\/\/www.nonsolomodanews.it\/wordpress\/wp-content\/uploads\/2024\/02\/Immagineallegata-1-1.tiff\" alt=\"\" \/><\/a>MODA: A BOLOGNA CENTERGROSS PRESENTA SUMMER IN ITALY:\u00a0 <\/b><b>SFILATA DELLE COLLEZIONI PRIMAVERA ESTATE 2024,\u00a0<\/b><b>CONVEGNO E TOUR ALL\u2019INTERNO DEL PI\u00d9 GRANDE E IMPORTANTE POLO EUROPEO DEL PRONTO MODA MADE IN ITALY\u00a0 <\/b><i>Per la prima volta, la sfilata sar\u00e0 aperta al pubblico e sar\u00e0 preceduta da un incontro a cui interverranno rappresentanti istituzionali dell\u2019Europarlamento, del Governo, della Regione, della Citt\u00e0 Metropolitana di Bologna e delle associazioni di categoria per l\u2019importanza della strategia che il distretto bolognese sta portando avanti.<\/i><\/span><\/p>\n<p><span style=\"color: #000000;\"><!--more--><\/span><\/p>\n<p><span style=\"color: #000000;\">Nel vivo delle fashion week mondiali, il 21 febbraio Centergross presenta a Bologna \u201cSummer in Italy\u201d, sfilata di presentazione delle collezioni primavera estate 2024 di una selezione di brand Pronto Moda del distretto bolognese. Sulla passerella del Teatro Arena del Sole, i sette marchi Angela Mele Milano, Gil Santucci, J.B4, Keyr\u00e0 Alberto Cacciari, Rinascimento, Sophia Curvy, Souvenir porteranno le loro creazioni in una sorta di \u201cviaggio nella grande bellezza italiana\u201d, un racconto corale che sveler\u00e0, una ad una, le collezioni dei brand presentate in uno scenario immaginario. Il messaggio \u00e8 chiaro, la nostra penisola sa esprimere pi\u00f9 di ogni altro paese la Bellezza, ha una concentrazione di siti UNESCO unica al mondo, ed \u00e8 simbolo riconosciuto e indiscutibile delle manifatture di qualit\u00e0. Se l\u2019Italia \u00e8 universalmente riconosciuta come \u201ceccellenza\u201d dell\u2019eleganza, il polo del Centergross oltre al \u201cbello e ben fatto\u201d aggiunge una capacit\u00e0 imprenditoriale \u201csmart\u201d, fatta di esperienza decennale, attenzione all\u2019evoluzione del mercato e al servizio al retail, categoria in continua trasformazione, alla quale va riservata attenzione speciale.<\/span><\/p>\n<p><span style=\"color: #000000;\">Ma non solo: in occasione dell\u2019evento, il Presidente di Centergross, Piero Scandellari ha organizzato, sempre il 21 febbraio alle 17.00, il convegno \u201cPronto Moda Made in Italy, l\u2019alternativa sostenibile al Fast-Fashion\u201d a cui interverranno, fra gli altri, anche il Vice Ministro delle Imprese e del Made in Italy Valentino Valentini, Alessandra Basso, Europarlamentare; Vincenzo Colla, assessore allo sviluppo economico e green economy, lavoro, formazione della Regione; Marco Panieri, Vice Sindaco della Citt\u00e0 metropolitana di Bologna; Antonio Franceschini, Responsabile CNA Federmoda; Roberto Corbelli &#8211; Art Director ed esperto dei cambiamenti socioculturali dei mercati, Riccardo Collina &#8211; Phygital Export Manager Centergross e Alessandro Nardone &#8211; Communication Manager del distretto che moderer\u00e0 l\u2019evento. Un appuntamento per riflettere sull\u2019importanza strategica di questo settore per Bologna, l\u2019Emilia Romagna e l\u2019Italia e, soprattutto, ribadire la netta differenza del Pronto Moda italiano, venduto dai piccoli commercianti, realizzato da piccole e medie imprese italiane e prodotto solo rispondendo alle effettive richieste della domanda, che si contrappone nettamente alle produzioni massive di multinazionali straniere in paesi con manodopera a basso costo e ad alte emissioni, con la conseguenza di generare milioni di capi invenduti che inquinano il pianeta, vendute nelle grandi catene monomarca. \u00a0<\/span><\/p>\n<p><span style=\"color: #000000;\">\u201cIl Pronto Moda di Centergross \u00e8 un modello di assoluta eccellenza e come tale va non solo promosso molto di pi\u00f9 di quanto non sia stato fatto in passato, ma addirittura tutelato e protetto. Per questo \u2013 afferma il Presidente\u00a0<b>Piero Scandellari<\/b>, le produzioni Centergross del Pronto Moda, per tutte le peculiarit\u00e0 che rappresentano, avranno presto anche un \u201c<b>marchio di riconoscibilit\u00e0<\/b>\u201d che faremo valere in giro per il mondo e che si aggiunger\u00e0 al gi\u00e0 noto Made in Italy\u201d.\u00a0<\/span><\/p>\n<p><span style=\"color: #000000;\"><b>La sfilata aperta al pubblico<\/b><\/span><\/p>\n<p><span style=\"color: #000000;\">Grande novit\u00e0, pensata per rafforzare il legame con il territorio, sar\u00e0 dedicata al pubblico, che previa prenotazione, potr\u00e0 assistere alla sfilata nel teatro. A seguito delle numerose richieste di partecipazione, il Presidente Piero Scandellari ha esaudito in questo modo il desiderio di tanti appassionati di moda, che potranno cos\u00ec partecipare e vivere l\u2019esperienza di una vera sfilata, accanto al pubblico di addetti ai lavori, media e buyers. Per assistere alla sfilata, il pubblico dovr\u00e0 inviare una mail all\u2019indirizzo\u00a0<a style=\"color: #000000;\" href=\"mailto:segreteria@centergross.com\" target=\"_blank\" rel=\"noopener\">segreteria@<wbr \/>centergross.com<\/a>, indicando nome, cognome, telefono e profili social dell\u2019interessato. I posti a sedere saranno sorteggiati fra tutte le richieste pervenute e l\u2019assegnazione sar\u00e0 comunicata ai vincitori.Il sound track della sfilata vedr\u00e0 alternare il dj set di Matteo Mussoni e un\u2019orchestra di 20 elementi diretta dal maestro Davide Tura.<\/span><\/p>\n<p><span style=\"color: #000000;\"><b>Il tour per buyer e stampa al Centergross<\/b><\/span><\/p>\n<p><span style=\"color: #000000;\">Per la seconda volta, dopo il successo dello scorso settembre, il giorno dopo la sfilata, sar\u00e0 nuovamente organizzato, nella mattinata del 22 febbraio, un tour guidato, dedicato a buyers e giornalisti, fra le settecento aziende di Centergross.<\/span><\/p>\n<p><span style=\"color: #000000;\">All\u2019evento si potr\u00e0 assistere anche in diretta streaming ed \u00e8 disponibile sulle piattaforme ufficiali di Centergross, il Sito internet istituzionale, YouTube e i profili social Instagram e Facebook.\u00a0<\/span><\/p>\n<p><span style=\"color: #000000;\"><b>Summer in Ital<\/b>y:\u00a0<i>direzione artistica<\/i>:\u00a0<b>Roberto Corbelli<\/b>;\u00a0<i>supervisione<\/i>:\u00a0<b>Riccar<wbr \/>do Collina<\/b><i>\u00a0Phygital Export Manager<\/i>;\u00a0<i>regia<\/i>:\u00a0<b>Alex Leardini<\/b>;\u00a0<i>direzione comunicazione<\/i>:\u00a0<b>Alessandro Nardone<\/b>.\u00a0<\/span><\/p>\n<p style=\"text-align: center;\"><span style=\"color: #000000;\">Ufficio stampa Centergross Maria Grazia Vernuccio<\/span><br \/>\n<span style=\"color: #000000;\">Tutti i diritti riservati \u00a9 2024 \u2013 Email: nonsolomodanews@gmail.com<\/span><\/p>\n","protected":false},"excerpt":{"rendered":"<p>MODA: A BOLOGNA CENTERGROSS PRESENTA SUMMER IN ITALY:&nbsp; SFILATA DELLE COLLEZIONI PRIMAVERA ESTATE 2024,&nbsp;CONVEGNO E TOUR ALL&rsquo;INTERNO DEL PI&Ugrave; GRANDE E IMPORTANTE POLO EUROPEO DEL PRONTO MODA MADE IN ITALY&nbsp; Per la prima volta, la sfilata sar&agrave; aperta al pubblico e sar&agrave; preceduta da un incontro a cui interverranno rappresentanti istituzionali dell&rsquo;Europarlamento, del Governo, della Regione, della Citt&agrave; Metropolitana di Bologna e delle associazioni di categoria per l&rsquo;importanza della strategia che il distretto bolognese sta portando avanti.<\/p>\n","protected":false},"author":1,"featured_media":26341,"comment_status":"open","ping_status":"open","sticky":false,"template":"","format":"standard","meta":{"rop_custom_images_group":[],"rop_custom_messages_group":[],"rop_publish_now":"initial","rop_publish_now_accounts":[],"rop_publish_now_history":[],"rop_publish_now_status":"pending","footnotes":""},"categories":[16],"tags":[2491,281,7988,372,9137,1099],"class_list":["post-26336","post","type-post","status-publish","format-standard","has-post-thumbnail","hentry","category-articolo","tag-alessandra-lepri","tag-bruno-angelo-porcellana","tag-centergross","tag-comunicato-stampa-2","tag-maria-grazia-vernuccio","tag-nonsolomodanews"],"_links":{"self":[{"href":"https:\/\/www.nonsolomodanews.it\/wordpress\/wp-json\/wp\/v2\/posts\/26336","targetHints":{"allow":["GET"]}}],"collection":[{"href":"https:\/\/www.nonsolomodanews.it\/wordpress\/wp-json\/wp\/v2\/posts"}],"about":[{"href":"https:\/\/www.nonsolomodanews.it\/wordpress\/wp-json\/wp\/v2\/types\/post"}],"author":[{"embeddable":true,"href":"https:\/\/www.nonsolomodanews.it\/wordpress\/wp-json\/wp\/v2\/users\/1"}],"replies":[{"embeddable":true,"href":"https:\/\/www.nonsolomodanews.it\/wordpress\/wp-json\/wp\/v2\/comments?post=26336"}],"version-history":[{"count":3,"href":"https:\/\/www.nonsolomodanews.it\/wordpress\/wp-json\/wp\/v2\/posts\/26336\/revisions"}],"predecessor-version":[{"id":26344,"href":"https:\/\/www.nonsolomodanews.it\/wordpress\/wp-json\/wp\/v2\/posts\/26336\/revisions\/26344"}],"wp:featuredmedia":[{"embeddable":true,"href":"https:\/\/www.nonsolomodanews.it\/wordpress\/wp-json\/wp\/v2\/media\/26341"}],"wp:attachment":[{"href":"https:\/\/www.nonsolomodanews.it\/wordpress\/wp-json\/wp\/v2\/media?parent=26336"}],"wp:term":[{"taxonomy":"category","embeddable":true,"href":"https:\/\/www.nonsolomodanews.it\/wordpress\/wp-json\/wp\/v2\/categories?post=26336"},{"taxonomy":"post_tag","embeddable":true,"href":"https:\/\/www.nonsolomodanews.it\/wordpress\/wp-json\/wp\/v2\/tags?post=26336"}],"curies":[{"name":"wp","href":"https:\/\/api.w.org\/{rel}","templated":true}]}}