{"id":26327,"date":"2024-02-15T13:50:05","date_gmt":"2024-02-15T13:50:05","guid":{"rendered":"https:\/\/www.nonsolomodanews.it\/wordpress\/?p=26327"},"modified":"2024-02-15T13:50:05","modified_gmt":"2024-02-15T13:50:05","slug":"oltre-3-000-aziende-da-67-paesi-a-cosmoprofworldwide-bologna-2024","status":"publish","type":"post","link":"https:\/\/www.nonsolomodanews.it\/wordpress\/oltre-3-000-aziende-da-67-paesi-a-cosmoprofworldwide-bologna-2024\/","title":{"rendered":"OLTRE 3.000 AZIENDE DA 67 PAESI A COSMOPROFWORLDWIDE BOLOGNA 2024"},"content":{"rendered":"<p><strong><img loading=\"lazy\" decoding=\"async\" class=\"size-medium wp-image-26329 alignleft\" src=\"https:\/\/www.nonsolomodanews.it\/wordpress\/wp-content\/uploads\/2024\/02\/COSMOPROF_CPBO24_PRESS_CONFERENCE-34-300x200.jpg\" alt=\"\" width=\"300\" height=\"200\" srcset=\"https:\/\/www.nonsolomodanews.it\/wordpress\/wp-content\/uploads\/2024\/02\/COSMOPROF_CPBO24_PRESS_CONFERENCE-34-300x200.jpg 300w, https:\/\/www.nonsolomodanews.it\/wordpress\/wp-content\/uploads\/2024\/02\/COSMOPROF_CPBO24_PRESS_CONFERENCE-34-1024x683.jpg 1024w, https:\/\/www.nonsolomodanews.it\/wordpress\/wp-content\/uploads\/2024\/02\/COSMOPROF_CPBO24_PRESS_CONFERENCE-34-768x512.jpg 768w, https:\/\/www.nonsolomodanews.it\/wordpress\/wp-content\/uploads\/2024\/02\/COSMOPROF_CPBO24_PRESS_CONFERENCE-34-1536x1024.jpg 1536w, https:\/\/www.nonsolomodanews.it\/wordpress\/wp-content\/uploads\/2024\/02\/COSMOPROF_CPBO24_PRESS_CONFERENCE-34-2048x1365.jpg 2048w, https:\/\/www.nonsolomodanews.it\/wordpress\/wp-content\/uploads\/2024\/02\/COSMOPROF_CPBO24_PRESS_CONFERENCE-34-1080x720.jpg 1080w\" sizes=\"auto, (max-width: 300px) 100vw, 300px\" \/>Grandi aspettative per l\u2019edizione di marzo 2024: la manifestazione \u00e8 gi\u00e0 sold- out e sono in aumento le registrazioni online degli operatori internazionali<\/strong><\/p>\n<p>Cosmoprof Worldwide Bologna si appresta a celebrare la sua 55a edizione con risultati estremamente positivi. Sono <strong>gi\u00e0 oltre 3.000 le aziende provenienti da 67 paesi <\/strong>che hanno confermato la loro presenza <strong>(+4% rispetto al 2023)<\/strong>, e l&#8217;area espositiva \u00e8 sold-out. Il 58% degli espositori proviene dall\u2019Europa, il 42% da paesi extra europei. Particolarmente rilevante la percentuale di <strong>nuovi espositori rispetto al 2023, il 35% del totale<\/strong>. A conferma dell\u2019appeal internazionale della manifestazione, da evidenziare la <strong>partecipazione di 30 padiglioni nazionali<\/strong>, che porteranno a Cosmoprof il meglio della produzione nazionale per <strong>Australia, Brasile, Cina, Corea, Francia, Germania, Giappone, Grecia, India, Indonesia, Irlanda, Lettonia, Polonia, Spagna, Svezia, Ucraina, UK, Regione di Taiwan, Repubblica Ceca, Romania, Turchia, USA<\/strong>. Novit\u00e0 rispetto all\u2019edizione 2023 la presenza di <strong>Estonia, Norvegia, Pacific Islands, Palestina <\/strong>e <strong>Singapore<\/strong>.<\/p>\n<p><!--more--><\/p>\n<p>I risultati positivi in termini di offerta espositiva influenzano anche le registrazioni dei visitatori e le vendite online dei titoli d\u2019ingresso. Per l\u2019edizione 2024, da settembre a oggi, il sito Cosmoprof ha registrato oltre <strong>1.7 milioni di visualizzazioni da circa 217 paesi e dipendenze nel mondo<\/strong>. Rispetto alla scorsa edizione \u00e8 stato registrato un <strong>incremento del traffico del +204% in termini di utenti e del +32% in termini di registrazioni al sito<\/strong>, grazie anche alle campagne di promozione attivate nei mesi scorsi sui principali canali digitali. In crescita costante anche i dati dei profili social ufficiali della manifestazione, che ad oggi in totale contano <strong>oltre 400.000 follower<\/strong>. Per l&#8217;edizione 2024, la biglietteria online \u00e8 stata attivata in anticipo rispetto alle edizioni precedenti, strategia che si \u00e8 dimostrata vincente, con una crescita significativa rispetto al 2023, soprattutto nelle registrazioni da parte degli operatori internazionali. Ad oggi sono <strong>oltre 110 i paesi di origine dei visitatori gi\u00e0 registrati per l\u2019evento<\/strong>. La collaborazione con il <strong>Ministero degli Affari Esteri e della Cooperazione Internazionale <\/strong>e con <strong>ICE &#8211; Agenzia per la promozione all&#8217;estero e l&#8217;internazionalizzazione delle imprese italiane <\/strong>faciliter\u00e0 la partecipazione di <strong>oltre 90 delegazioni con i pi\u00f9 importanti importatori, distributori e retailer da tutto il mondo<\/strong>. Questi risultati riflettono la fiducia e l&#8217;ottimismo del mercato, cos\u00ec come l&#8217;approccio positivo al nuovo format della manifestazione, con <strong>l\u2019apertura coordinata di tutti i padiglioni lo stesso giorno, gioved\u00ec 21 marzo, per facilitare l\u2019interazione tra canali distributivi<\/strong>. <strong>Cosmopack <\/strong>e <strong>Cosmo Perfumery &amp; Cosmetics <\/strong>saranno aperti per 3 giorni e <strong>chiuderanno sabato 23 marzo<\/strong>. I padiglioni dedicati al canale professionale di <strong>Cosmo Hair Nail &amp; Beauty Salon <\/strong>saranno aperti per 4 giorni e <strong>chiuderanno domenica 24 marzo<\/strong>. La decisione di rivedere le date dell&#8217;evento \u00e8 motivata dai cambiamenti nelle abitudini degli operatori del settore. L&#8217;apertura di tutti i padiglioni il gioved\u00ec faciliter\u00e0 i contatti tra le aziende e gli operatori internazionali attraverso tutti i canali distributivi. Un grande cambiamento \u00e8 il fatto che il luned\u00ec la fiera sar\u00e0 chiusa, riflettendo le trasformazioni nel canale professionale: il luned\u00ec \u00e8 infatti un giorno lavorativo per la maggior parte dei saloni professionali. I titolari di saloni e operatori di centri estetici avranno finalmente l&#8217;opportunit\u00e0 di visitare la fiera nei giorni pi\u00f9 dedicati al business, gioved\u00ec e venerd\u00ec.<\/p>\n<p>Cosmoprof Worldwide Bologna potr\u00e0 contare sulla collaborazione con <strong>Cosmetica Italia \u2013 Associazione nazionale imprese cosmetiche<\/strong>. Il supporto delle associazioni di categoria nazionali, come CNA &#8211; Confederazione Nazionale dell\u2019Artigianato e della Piccola e Media Impresa, CONFARTIGIANATO e CAMERA ITALIANA DELL\u2019ACCONCIATURA, sar\u00e0 fondamentale per il coinvolgimento di estetiste e acconciatori. Grazie ad iniziative in partnership con associazioni e media partner di settore, saranno incentivate le attivit\u00e0 di incoming di operatori italiani, in particolare di distributori per i canali professionali e delle principali catene di profumeria.<\/p>\n<div id=\"attachment_26332\" style=\"width: 310px\" class=\"wp-caption aligncenter\"><img loading=\"lazy\" decoding=\"async\" aria-describedby=\"caption-attachment-26332\" class=\"wp-image-26332 size-medium\" src=\"https:\/\/www.nonsolomodanews.it\/wordpress\/wp-content\/uploads\/2024\/02\/Giapiero-Calzolari_Presidente-BolognaFiere-300x200.jpg\" alt=\"\" width=\"300\" height=\"200\" srcset=\"https:\/\/www.nonsolomodanews.it\/wordpress\/wp-content\/uploads\/2024\/02\/Giapiero-Calzolari_Presidente-BolognaFiere-300x200.jpg 300w, https:\/\/www.nonsolomodanews.it\/wordpress\/wp-content\/uploads\/2024\/02\/Giapiero-Calzolari_Presidente-BolognaFiere-1024x683.jpg 1024w, https:\/\/www.nonsolomodanews.it\/wordpress\/wp-content\/uploads\/2024\/02\/Giapiero-Calzolari_Presidente-BolognaFiere-768x512.jpg 768w, https:\/\/www.nonsolomodanews.it\/wordpress\/wp-content\/uploads\/2024\/02\/Giapiero-Calzolari_Presidente-BolognaFiere-1536x1024.jpg 1536w, https:\/\/www.nonsolomodanews.it\/wordpress\/wp-content\/uploads\/2024\/02\/Giapiero-Calzolari_Presidente-BolognaFiere-2048x1365.jpg 2048w, https:\/\/www.nonsolomodanews.it\/wordpress\/wp-content\/uploads\/2024\/02\/Giapiero-Calzolari_Presidente-BolognaFiere-1080x720.jpg 1080w\" sizes=\"auto, (max-width: 300px) 100vw, 300px\" \/><p id=\"caption-attachment-26332\" class=\"wp-caption-text\">Gianpiero Calzolari<\/p><\/div>\n<p>\u201cGiunta alla 55a edizione, Cosmoprof Worldwide Bologna continua a registrare risultati molto positivi, confermandosi un appuntamento di riferimento mondiale per fornitori, produttori, brand owner, buyer, distributori, rivenditori e operatori interessati a nuove soluzioni per lo sviluppo delle loro attivit\u00e0\u201c, sottolinea <strong>Gianpiero Calzolari, Presidente di BolognaFiere<\/strong>. \u201cL\u2019industria cosmetica sta attraversando un momento entusiasmante a livello globale: secondo il report beauty 2023-2027 della societ\u00e0 di analisi McKinsey &amp; Company, il settore ha raggiunto nel 2023 un fatturato di 427 miliardi di dollari e si prevede che nel 2027 raggiunger\u00e0 i 580 miliardi di dollari, con una crescita annua del 6%. In questo contesto Cosmoprof pu\u00f2 offrire un supporto fondamentale per aziende e operatori\u201d.<\/p>\n<p>\u201c165 buyer esteri, 70 Paesi di provenienza, 42 giornalisti. Sono i numeri legati all\u2019incoming di operatori che Agenzia ICE porter\u00e0 all\u2019edizione 2024 di Cosmoprof. L\u2019industria del beauty \u00e8 uno dei comparti in cui innovazione e ricerca finalizzati al benessere e alla sostenibilit\u00e0, si mescolano per dare vita a prodotti d\u2019eccellenza riconosciuti in tutto il mondo\u201d, dichiara <strong>Matteo Zoppas, Presidente Agenzia ICE<\/strong>. \u201cI dati dell\u2019export avvalorano le potenzialit\u00e0 del settore, che nei primi dieci mesi del 2023 ha segnato una crescita a doppia cifra (+21,9%) rispetto all\u2019anno precedente, in controtendenza rispetto alla media nazionale (+0,7%), attestandosi a oltre 6,3 miliardi di euro. Promuovere gli investimenti e l\u2019innovazione, insieme alle occasioni di business-matching fra le imprese italiane e quelle dei mercati consolidati ma anche e soprattutto emergenti, \u00e8 cruciale per la crescita e la competitivit\u00e0 del Made in Italy in questo settore. Per questo Agenzia ICE anche quest\u2019anno partecipa a Cosmoprof, il principale appuntamento del beauty italiano a livello globale. In stretta sinergia con tutti gli attori del Sistema Paese coinvolti nei progetti di Diplomazia della Crescita, continuiamo ad investire nelle piattaforme fieristiche, contribuendo al posizionamento e alla diffusione del beauty italiano nel mondo\u201d.<\/p>\n<p>\u201cA Cosmoprof Worldwide Bologna trova espressione e si incontra un\u2019intera filiera che nelle molteplici sfaccettature dei suoi diversi anelli, dalla produzione alla distribuzione, in Italia coinvolge circa 390mila professionisti\u201d, evidenzia <strong>Benedetto Lavino, presidente di Cosmetica Italia \u2013 Associazione nazionale imprese cosmetiche<\/strong>. \u201cIn questa sede abbiamo modo di dare voce a un\u2019eccellenza nazionale che crea valore per il Sistema Paese ed \u00e8 riconosciuta e apprezzata sui mercati esteri per gli elevati standard di qualit\u00e0, sicurezza, innovazione e creativit\u00e0: i dati preconsuntivi sul 2023 ci indicano che il fatturato totale dell\u2019industria cosmetica in Italia raggiunge i 15 miliardi di euro, di cui 7 miliardi legati alle esportazioni. Grazie alla storica partnership che da oltre 50 anni lega Cosmetica Italia e BolognaFiere Cosmoprof, due eccellenze tricolori, il Made In Italy cosmetico e il format fieristico di riferimento per l\u2019intero settore, rinnovano un sodalizio che ci permettere di evidenziare il valore del comparto cosmetico anche agli occhi di stakeholder e istituzioni\u201d.<\/p>\n<p>Cosmoprof Worldwide Bologna \u00e8 la manifestazione pi\u00f9 importante della piattaforma internazionale Cosmoprof, che, con i suoi eventi ad Hong Kong, Las Vegas, Mumbai, Bangkok e, da quest\u2019anno, a Miami, offre opportunit\u00e0 commerciali internazionali uniche. L&#8217;eccellenza dei servizi offerti e la presenza dei principali player per tutti i comparti dell&#8217;industria rendono la partecipazione a Cosmoprof un&#8217;esperienza senza eguali grazie alla capacit\u00e0 di offrire contemporaneamente una <strong>ricchezza espositiva di eccellenza<\/strong>, con le novit\u00e0 pi\u00f9 interessanti da ogni Paese nel mondo, e <strong>momenti di formazione di qualit\u00e0<\/strong>, con il contributo di prestigiosi esperti e opinion leader. Inoltre, i <strong>servizi digitali specifici per le esigenze dei singoli operatori <\/strong>e il <strong>know-how di un team altamente qualificato <\/strong>aiutano gli stakeholder a incrementare relazioni commerciali e nuove progettualit\u00e0 con strumenti esclusivi di match-making, come Cosmoprof My Match e il Buyer Program rivolto ai compratori provenienti da tutto il mondo.<\/p>\n<div id=\"attachment_26331\" style=\"width: 310px\" class=\"wp-caption aligncenter\"><img loading=\"lazy\" decoding=\"async\" aria-describedby=\"caption-attachment-26331\" class=\"wp-image-26331 size-medium\" src=\"https:\/\/www.nonsolomodanews.it\/wordpress\/wp-content\/uploads\/2024\/02\/Enrico-Zannini_Direttore-Generale-BolognaFiere-Cosmoprof-300x200.jpg\" alt=\"\" width=\"300\" height=\"200\" srcset=\"https:\/\/www.nonsolomodanews.it\/wordpress\/wp-content\/uploads\/2024\/02\/Enrico-Zannini_Direttore-Generale-BolognaFiere-Cosmoprof-300x200.jpg 300w, https:\/\/www.nonsolomodanews.it\/wordpress\/wp-content\/uploads\/2024\/02\/Enrico-Zannini_Direttore-Generale-BolognaFiere-Cosmoprof-1024x683.jpg 1024w, https:\/\/www.nonsolomodanews.it\/wordpress\/wp-content\/uploads\/2024\/02\/Enrico-Zannini_Direttore-Generale-BolognaFiere-Cosmoprof-768x512.jpg 768w, https:\/\/www.nonsolomodanews.it\/wordpress\/wp-content\/uploads\/2024\/02\/Enrico-Zannini_Direttore-Generale-BolognaFiere-Cosmoprof-1536x1024.jpg 1536w, https:\/\/www.nonsolomodanews.it\/wordpress\/wp-content\/uploads\/2024\/02\/Enrico-Zannini_Direttore-Generale-BolognaFiere-Cosmoprof-2048x1365.jpg 2048w, https:\/\/www.nonsolomodanews.it\/wordpress\/wp-content\/uploads\/2024\/02\/Enrico-Zannini_Direttore-Generale-BolognaFiere-Cosmoprof-1080x720.jpg 1080w\" sizes=\"auto, (max-width: 300px) 100vw, 300px\" \/><p id=\"caption-attachment-26331\" class=\"wp-caption-text\">Enrico Zannini<\/p><\/div>\n<p>&#8220;Grazie ai nostri servizi e alla nostra capacit\u00e0 di facilitare le relazioni commerciali e lo scambio tra domanda e offerta siamo un evento leader nel mercato fieristico\u201d, sottolinea<strong>, Direttore Generale di BolognaFiere Cosmoprof<\/strong>. \u201cI risultati raggiunti fino ad oggi sono la migliore testimonianza della qualit\u00e0 del nostro lavoro. Dal 21 al 24 marzo ci prepariamo ad accogliere gli stakeholder a Bologna con enorme entusiasmo, per creare nuove sinergie e guidare il settore attraverso le molteplici trasformazioni del mercato\u201d.Per approfondimenti, <a href=\"http:\/\/www.cosmoprof.com\/\">www.cosmoprof.com<\/a><\/p>\n<p style=\"text-align: center;\">Comunicato stampa e fotografie a cura Ufficio Stampa Bolognafiere Cosmoprof S.p.A<br \/>\nTutti i diritti riservati \u00a9 2024 \u2013 Email: nonsolomodanews@gmail.com<\/p>\n","protected":false},"excerpt":{"rendered":"<p>Grandi aspettative per l&rsquo;edizione di marzo 2024: la manifestazione &egrave; gi&agrave; sold- out e sono in aumento le registrazioni online degli operatori internazionali Cosmoprof Worldwide Bologna si appresta a celebrare la sua 55a edizione con risultati estremamente positivi. Sono gi&agrave; oltre 3.000 le aziende provenienti da 67 paesi che hanno confermato la loro presenza (+4% rispetto al 2023), e l&rsquo;area espositiva &egrave; sold-out. Il 58% degli espositori proviene dall&rsquo;Europa, il 42% da paesi extra europei. Particolarmente rilevante la percentuale di nuovi espositori rispetto al 2023, il 35% del totale. A conferma dell&rsquo;appeal internazionale della manifestazione, da evidenziare la partecipazione di 30 padiglioni nazionali, che porteranno a Cosmoprof il meglio della produzione nazionale per Australia, Brasile, Cina, Corea, Francia, Germania, Giappone, Grecia, India, Indonesia, Irlanda, Lettonia, Polonia, Spagna, Svezia, Ucraina, UK, Regione di Taiwan, Repubblica Ceca, Romania, Turchia, USA. Novit&agrave; rispetto all&rsquo;edizione 2023 la presenza di Estonia, Norvegia, Pacific Islands, Palestina e Singapore.<\/p>\n","protected":false},"author":1,"featured_media":26328,"comment_status":"open","ping_status":"open","sticky":false,"template":"","format":"standard","meta":{"rop_custom_images_group":[],"rop_custom_messages_group":[],"rop_publish_now":"initial","rop_publish_now_accounts":[],"rop_publish_now_history":[],"rop_publish_now_status":"pending","footnotes":""},"categories":[16],"tags":[9591,262,2331,2440,9590,9366,9592],"class_list":["post-26327","post","type-post","status-publish","format-standard","has-post-thumbnail","hentry","category-articolo","tag-arianna-rizzi","tag-bologna","tag-conferenza-stampa","tag-cosmoprofworldwide","tag-enrico-zannini","tag-gianpiero-calzolari","tag-giulia-zucchetti"],"_links":{"self":[{"href":"https:\/\/www.nonsolomodanews.it\/wordpress\/wp-json\/wp\/v2\/posts\/26327","targetHints":{"allow":["GET"]}}],"collection":[{"href":"https:\/\/www.nonsolomodanews.it\/wordpress\/wp-json\/wp\/v2\/posts"}],"about":[{"href":"https:\/\/www.nonsolomodanews.it\/wordpress\/wp-json\/wp\/v2\/types\/post"}],"author":[{"embeddable":true,"href":"https:\/\/www.nonsolomodanews.it\/wordpress\/wp-json\/wp\/v2\/users\/1"}],"replies":[{"embeddable":true,"href":"https:\/\/www.nonsolomodanews.it\/wordpress\/wp-json\/wp\/v2\/comments?post=26327"}],"version-history":[{"count":3,"href":"https:\/\/www.nonsolomodanews.it\/wordpress\/wp-json\/wp\/v2\/posts\/26327\/revisions"}],"predecessor-version":[{"id":26335,"href":"https:\/\/www.nonsolomodanews.it\/wordpress\/wp-json\/wp\/v2\/posts\/26327\/revisions\/26335"}],"wp:featuredmedia":[{"embeddable":true,"href":"https:\/\/www.nonsolomodanews.it\/wordpress\/wp-json\/wp\/v2\/media\/26328"}],"wp:attachment":[{"href":"https:\/\/www.nonsolomodanews.it\/wordpress\/wp-json\/wp\/v2\/media?parent=26327"}],"wp:term":[{"taxonomy":"category","embeddable":true,"href":"https:\/\/www.nonsolomodanews.it\/wordpress\/wp-json\/wp\/v2\/categories?post=26327"},{"taxonomy":"post_tag","embeddable":true,"href":"https:\/\/www.nonsolomodanews.it\/wordpress\/wp-json\/wp\/v2\/tags?post=26327"}],"curies":[{"name":"wp","href":"https:\/\/api.w.org\/{rel}","templated":true}]}}