{"id":26292,"date":"2024-02-11T21:54:51","date_gmt":"2024-02-11T21:54:51","guid":{"rendered":"https:\/\/www.nonsolomodanews.it\/wordpress\/?p=26292"},"modified":"2024-02-11T22:02:34","modified_gmt":"2024-02-11T22:02:34","slug":"miss-italia-intervista-con-veronica-lasagna-seconda-classificata-alla-finale-nazionale-2023","status":"publish","type":"post","link":"https:\/\/www.nonsolomodanews.it\/wordpress\/miss-italia-intervista-con-veronica-lasagna-seconda-classificata-alla-finale-nazionale-2023\/","title":{"rendered":"Miss Italia. Intervista con Veronica Lasagna, seconda classificata alla finale nazionale 2023"},"content":{"rendered":"<div id=\"attachment_26293\" style=\"width: 210px\" class=\"wp-caption alignleft\"><img loading=\"lazy\" decoding=\"async\" aria-describedby=\"caption-attachment-26293\" class=\"wp-image-26293 size-medium\" src=\"https:\/\/www.nonsolomodanews.it\/wordpress\/wp-content\/uploads\/2024\/02\/IMG_1412-200x300.jpg\" alt=\"\" width=\"200\" height=\"300\" srcset=\"https:\/\/www.nonsolomodanews.it\/wordpress\/wp-content\/uploads\/2024\/02\/IMG_1412-200x300.jpg 200w, https:\/\/www.nonsolomodanews.it\/wordpress\/wp-content\/uploads\/2024\/02\/IMG_1412-683x1024.jpg 683w, https:\/\/www.nonsolomodanews.it\/wordpress\/wp-content\/uploads\/2024\/02\/IMG_1412-768x1151.jpg 768w, https:\/\/www.nonsolomodanews.it\/wordpress\/wp-content\/uploads\/2024\/02\/IMG_1412-1025x1536.jpg 1025w, https:\/\/www.nonsolomodanews.it\/wordpress\/wp-content\/uploads\/2024\/02\/IMG_1412-1366x2048.jpg 1366w, https:\/\/www.nonsolomodanews.it\/wordpress\/wp-content\/uploads\/2024\/02\/IMG_1412-1080x1619.jpg 1080w, https:\/\/www.nonsolomodanews.it\/wordpress\/wp-content\/uploads\/2024\/02\/IMG_1412-scaled.jpg 1708w\" sizes=\"auto, (max-width: 200px) 100vw, 200px\" \/><p id=\"caption-attachment-26293\" class=\"wp-caption-text\">Veronica Lasagna<\/p><\/div>\n<p><span style=\"color: #000000;\"><strong><span style=\"color: #000000;\">Nonsolomodanews <\/span><\/strong>ha il piacere di presentare ai propri lettori la giovanissima <strong>Veronica Lasagna<\/strong>, seconda classificata alla finale nazionale di Miss Italia 2023 della patron Mirigliani, andata in scena a Salsomaggiore Terme (PR), sede storica del concorso, lo scorso Novembre. Veronica ha partecipato alla finale nazionale con i titoli di Miss Mantova e Miss Cinema Dr. Kleein Lombardia. Abbiamo avuto il piacere di conoscere Veronica durante una sua attivit\u00e0 lavorativa presso il polo fieristico di Milano\/Rho. Le abbiamo chiesto di raccontarci un po di s\u00e9 rispondendo a una lunga serie di domande. Ringraziamo Veronica per questa intervista e auguriamo ai nostri lettori buona lettura.<\/span><\/p>\n<p><span style=\"color: #000000;\"><!--more--><\/span><\/p>\n<p><span style=\"color: #000000;\"><strong>Ciao Veronica, benvenuta su Nonsolomodanews, ti vuoi presentare? <\/strong><em>\u201cBuonasera, assolutamente si! Sono Veronica Lasagna e sono nata il 23 luglio 2004 a Fiorenzuola d\u2019Arda in provincia di Piacenza. Sono alta 1,82 m, di scarpe indosso un 41 e le mie misure sono 82 cm di seno, 63,5 di vita e 96 di fianchi. Ho i capelli di un colore castano chiaro, lunghi quasi fino al bacino. Parlando un po\u2019 di me sono vissuta undici a Milano Marittima, dove i miei genitori avevano un hotel e l\u00ed ho frequentato le scuole elementari e la prima media, i restanti due anni li ho terminati a Mantova, essendo i miei genitori originari di l\u00ec, dove poi ho deciso di iscrivermi al liceo classico, una scuola per cui ho provato un mix tra amore e odio\u201d. <\/em><\/span><\/p>\n<p><span style=\"color: #000000;\"><strong>Veronica, veniamo subito alla nota dolente (relativa, ovviamente) tu sei stata ad un passo dall\u2019essere nominata Miss Italia 2023. In cuor tuo, quando eri sul palco, hai mai pensato di poter vincere il titolo?<\/strong><em> \u201cNon la considero proprio una nota dolente, per me \u00e8 stata pi\u00f9 una gioia. Non mi sarei mai aspettata di poter arrivare letteralmente a un passo dalla vittoria, avevo aspettative bassissime, credevo sarei uscita alla prima eliminazione; quindi, non avevo proprio nemmeno considerato l\u2019idea di poter arrivare a un passo dalla vittoria\u201d. <\/em><\/span><\/p>\n<p><span style=\"color: #000000;\"><strong>Sei arrivata alla finale nazionale con il titolo di Miss Mantova e Miss Cinema Lombardia. Cosa significano questi due titoli per te?<\/strong><em> \u201cAl titolo di Miss Mantova ci sono particolarmente legata, \u00e8 stata la mia prima fascia e mi ha dato l\u2019opportunit\u00e0 di rappresentare la mia citt\u00e0 allo step successivo del concorso, le fasi regionali, dove invece ho acquisito la fascia di Miss Cinema Dr Kleein, fascia che mi ha permesso s\u00ec di passare alle prefinali nazionali, ma anche di conoscere e creare un bellissimo gruppo con le altre prefinaliste lombarde\u201d. <\/em><\/span><\/p>\n<p><span style=\"color: #000000;\"><strong>Quando sei stata nella terna finale, qual \u00e8 stato il pensiero ricorrente che avevi in testa?<\/strong><em> \u201cArrivata a quel punto ho provato un turbinio di emozioni, felicit\u00e0, paura e davvero tanta tensione; stavo pensando solamente a dare il meglio di me, senza cercare di preoccuparmi del risultato finale\u201d.<\/em><\/span><\/p>\n<p><span style=\"color: #000000;\"><strong>Come si vive da seconda al concorso di Miss Italia?<\/strong><em> \u201cL\u2019essere arrivata seconda sicuramente a livello sociale mi ha dato un po\u2019 di notoriet\u00e0 che mi ha permesso di fare nuove conoscenze e amicizie, ma che mi ha fatto aprire gli occhi sulla falsit\u00e0 e l\u2019invidia delle persone: chi prima non si faceva mai vivo e ora ti cerca sempre o al contrario chi prima consideravi amico e adesso non si fa pi\u00f9 sentire; oppure capita di conoscere persone che appena scoprono che ho partecipato a Miss Italia cambiano atteggiamento, forse perch\u00e9 lo considerano erroneamente un concorso di bellezza non pi\u00f9 in linea con i valori di oggi. <\/em><\/span><\/p>\n<p><span style=\"color: #000000;\"><em>Tuttavia, di cosa pu\u00f2 pensare la gente poco mi importa, io sono felicissima del mio piazzamento e delle varie opportunit\u00e0 che pian piano stanno iniziando a presentarsi\u201d. <\/em><\/span><\/p>\n<p><span style=\"color: #000000;\"><strong>Che cosa hai pensato quando \u00e8 stato fatto il nome della vincitrice? <\/strong><em>\u201cEro contentissima per Francesca. Arrivata a quel punto del percorso penso solo si possa essere felici, e dentro di me ho tirato un po\u2019 un sospiro di sollievo, non avevo mai preso in considerazione l\u2019idea di riuscire a diventare Miss Italia e men che meno come avrei potuto reagire se fosse stato fatto il mio nome\u201d. <\/em><\/span><\/p>\n<p><span style=\"color: #000000;\"><strong>Come \u00e8 cambiata (se \u00e8 cambiata, ovviamente) la tua vita dopo le finali nazionali di Salsomaggiore?<\/strong><em> \u201cMi rifaccio un po\u2019 alla domanda precedente riguardante il come si vive da seconda a Miss Italia: la mia vita sicuramente \u00e8 cambiata dal punto di vista sociale, poi adesso stanno iniziando a presentarsi i primi lavori, e non potrei esserne pi\u00f9 contenta, il mio sogno nel cassetto, il poter lavorare nel mondo della moda, sta iniziando poco a poco a prendere forma\u201d. <\/em><\/span><\/p>\n<p><span style=\"color: #000000;\"><strong>Dopo tanti anni, il concorso \u00e8 ritornato a Salsomaggiore Terme, sede storica del concorso. Come ti sei trovata e come \u00e8 stato il rapporto con le altre concorrenti?<\/strong><em> \u201cIl sapere di essere tornati dopo tanto tempo nella sede storica del concorso ha reso l\u2019esperienza ancora pi\u00f9 unica; con le altre finaliste mi sono trovata bene, per lo meno nel mio caso specifico non ho avvertito situazioni di invidia o di tensioni; mi sarebbe per\u00f2 piaciuto conoscere meglio le altre ragazze ma purtroppo tra prove, tour per Salsomaggiore, shooting e preparazioni varie, di tempo ce ne \u00e8 stato davvero poco\u201d. <\/em><\/span><\/p>\n<p><span style=\"color: #000000;\"><strong>Da chi sei stata accompagnata alla finale?<\/strong><em> \u201cAlla finale sono venuti a vedermi i miei genitori, la cugina di mia mamma e sua figlia. Era presente anche l\u2019ex esclusivista della Lombardia, Alessandra Riva, che \u00e8 stata un pilastro per me e per Alessia (Anzioli ndr), l\u2019altra finalista lombarda, durante tutto il percorso\u201d. <\/em><\/span><\/p>\n<p><span style=\"color: #000000;\"><strong>Tu sei anche Miss Cinema Lombardia 2023, ti piacerebbe entrare nel mondo del cinema e studiare da attrice?<\/strong><em> \u201cPerch\u00e9 no, prima che mi venisse attribuito questo titolo non avevo mai preso in considerazione l\u2019idea, ma ad oggi non mi dispiacerebbe provare ad entrare anche in questo mondo\u201d.<\/em><\/span><\/p>\n<p><span style=\"color: #000000;\"><b>Ora cerchiamo di capire un <\/b><b>po&#8217;<\/b><b> di pi\u00f9 di te, come sei di carattere?<\/b><em> \u201cSono una persona abbastanza riservata, non sono timida ma non riesco ad aprirmi con tutti.\u00a0 Mi considero una persona molto determinata, amo impegnarmi e dare il massimo di me in ci\u00f2 che faccio. Sono per\u00f2 molto testarda, se mi metto in testa qualcosa \u00e8 difficile farmi cambiare idea, e ogni tanto ammetto di essere anche un po\u2019 permalosa\u201d. <\/em><\/span><\/p>\n<p><span style=\"color: #000000;\"><strong>Quali sono i tuoi hobby?<\/strong><em> \u201cQuando posso mi piace molto viaggiare, anche solo per un weekend, giusto per cambiare aria, faccio fatica a rimanere ferma a lungo nello stesso posto. Mi piace anche molto concedermi del tempo per fare delle camminate, mi rilassa moltissimo e cos\u00ec allo stesso tempo faccio anche un po\u2019 di attivit\u00e0 fisica\u201d. <\/em><\/span><\/p>\n<p><span style=\"color: #000000;\"><strong>Sappiamo che sei una sportiva, volley, ginnastica ritmica e danza moderna. Studiando a Milano riesci a continuare a fare questi sport oppure fai qualcosa d\u2019altro?<\/strong><em> \u201cNo, da quando vivo a Milano non pratico pi\u00f9 danza per una questione di tempistiche, farei fatica con le lezioni avendo molti corsi al pomeriggio; mi tengo allenata andando in palestra, anche se ovviamente non \u00e8 la stessa cosa\u201d. <\/em><\/span><\/p>\n<p><span style=\"color: #000000;\"><strong>Che cosa ti ha insegnato la danza classica, sei ancora in grado di danzare?<\/strong><em> \u201cS\u00ec certo in grado lo sono ancora ed \u00e8 una disciplina che insegna ad essere costanti e determinati, a provare e riprovare e a non arrendersi se magari un passo o un esercizio non viene perfettamente al primo tentativo\u201d. <\/em><\/span><\/p>\n<p><span style=\"color: #000000;\"><strong>Tu sei diplomata al classico. Ora stai studiando a Milano allo IUAD. Che cosa vuoi fare da grande?<\/strong><em> \u201cIl mio sogno \u00e8 poter lavorare nel mondo della moda, non so ancora dire di preciso la professione, ma sicuramente che sia nel settore marketing\/ manageriale\u201d. <\/em><\/span><\/p>\n<p><span style=\"color: #000000;\"><strong>Sei una persona curiosa?<\/strong><em> \u201cS\u00ec molto, amo interessarmi degli ambiti che non conosco e approfondirli\u201d.<\/em><\/span><\/p>\n<p><span style=\"color: #000000;\"><strong>Ti piace metterti in gioco?<\/strong><em> \u201cSi, all\u2019inizio sono sempre un po\u2019 titubante ma alla fine penso a cosa avrei da perdere se non rimanessi nel mio e mi butto\u201d.<\/em><\/span><\/p>\n<p><span style=\"color: #000000;\"><strong>Sei estroversa?<\/strong><em> \u201cCome ho detto prima non mi considero estroversa ma nemmeno una persona introversa, piuttosto riservata. Per essere davvero me stessa con una persona ho bisogno del mio tempo e soprattutto di fidarmi\u201d. <\/em><\/span><\/p>\n<p><span style=\"color: #000000;\"><strong>Qual \u00e8 il tuo colore preferito?<\/strong><em> \u201cMi piacciono molto il rosa e l\u2019oro, ma quando si tratta mi ritrovo troppo spesso ad acquistare capi neri\u201d. <\/em><\/span><\/p>\n<p><span style=\"color: #000000;\"><strong>Sulla base della tua esperienza personale, consiglieresti ad una ragazza di partecipare ai concorsi di bellezza e in modo particolare a Miss Italia?<\/strong><em> \u201cCerto lo consiglierei a tutte. Sono di parte ma consiglierei soprattutto Miss Italia perch\u00e9 rimane comunque il concorso principe che ormai viene celebrato da 84 anni, nonostante le numerose critiche che sta ricevendo negli ultimi anni. Lo consiglio perch\u00e9 \u00e8 un\u2018esperienza che ti permette di metterti in gioco a 360 gradi, non solo dal punto di vista estetico; ti permette di fare nuove conoscenze, positive o negative che siano e di acquisire una consapevolezza e sicurezza di te stessa magari prima non sapevi nemmeno di avere\u201d.<\/em><\/span><\/p>\n<p><span style=\"color: #000000;\"><strong>Quando ti sei avvicinata al mondo delle sfilate e della fotografia?<\/strong><em> \u201cHo iniziato ad avvicinarmi a questo mondo all\u2019et\u00e0 di 15\/16 anni. \u00c8 sempre stato un mondo che mi incuriosiva e mi affascinava e nell\u2019estate in cui poi ho compiuto 16 anni mi ero fatta fare qualche scatto da inviare alle agenzie di moda, che ho contattato a settembre. Alcune ovviamente non hanno risposto, altre erano interessate ma ero comunque molto piccola e mi hanno detto che se ne poteva riparlare un anno dopo e altre invece volevano avermi subito. Io ho deciso di iniziare subito un contratto di esclusiva con una delle agenzie che era disposta a prendermi da subito, anche se poi di fatto non sono mai riuscita ad andare a casting o fare qualche lavoro perch\u00e9 andando a scuola e abitando a Mantova, quindi a due ore di distanza da Milano, ero molto tirata con i tempi\u201d. <\/em><\/span><\/p>\n<p><span style=\"color: #000000;\"><strong>Ti ricordi la prima volta che hai sfilato in passerella?<\/strong><em> \u201cLa mia prima passerella \u00e8 stata quella di Miss Italia ed \u00e8 stata un\u2019emozione grandissima perch\u00e9 prima di allora non avevo mai sfilato davanti ad un pubblico\u201d. <\/em><\/span><\/p>\n<p><span style=\"color: #000000;\"><strong>In una tua fotografia di ritratto che cosa noti immediatamente?<\/strong><em> \u201cL\u2019inquadratura e le luci sono la prima cosa che guardo perch\u00e9 sono in grado di stravolgere completamente una foto: il soggetto della foto pu\u00f2 essere bellissimo ma se non valorizzato sotto questi aspetti perde tutto il suo fascino\u201d. <\/em><\/span><\/p>\n<p><span style=\"color: #000000;\"><strong>Quali sono le tue sensazioni quando vieni fotografata?<\/strong><em> \u201cDipende, se mi trovo a mio agio con la persona che fotografa e con quello che sto indossando sono rilassata e sicura di me e sento di stare facendo un buon lavoro, in caso contrario ho sempre un po\u2019 il timore di non stare lavorando al meglio e che le foto non rispecchino le aspettative\u201d. <\/em><\/span><\/p>\n<p><span style=\"color: #000000;\"><strong>Quali sono i generi fotografici che preferisci e perch\u00e8?<\/strong> <em>\u201cCome generi fotografici preferiti ho la fotografia di moda in quanto riguardante una delle mie passioni, ma anche di architettura; mi permette di viaggiare con la mente e mi fornisce spunti per nuove mete da visitare\u201d. <\/em><\/span><\/p>\n<p><span style=\"color: #000000;\"><strong>Un progetto fotografico che vorresti realizzare?<\/strong><em> \u201cMi piacerebbe moltissimo realizzare un progetto fotografico per abiti da sposa e da cerimonia, mi affascinano moltissimo e mi riportano un po\u2019 indietro con la mente a quando ero piccola che passavo ore incollata alla televisione ad ammirare gli abiti da principessa dei cartoni animati, col sogno un giorno di poterne indossare uno\u201d.<\/em><\/span><\/p>\n<p><span style=\"color: #000000;\"><strong>Che cosa \u00e8 per te la volgarit\u00e0?<\/strong><em> \u201cPer me \u00e8 una persona che passa e sputa per terra, che bestemmia o semplicemente che parla di argomenti non consoni a persone sconosciute creando situazioni di imbarazzo\u201d. <\/em><\/span><\/p>\n<p><span style=\"color: #000000;\"><strong>Pensi che sfilare in costume sia lesivo della dignit\u00e0 della donna?<\/strong><em> \u201cNo, non trovo ci sia nulla di male, poi ovviamente dipende da che tipo di costume viene proposto di indossare. Personalmente non \u00e8 una cosa che io gradirei fare, ma pi\u00f9 per una questione di sicurezza del proprio corpo\u201d. <\/em><\/span><\/p>\n<p><span style=\"color: #000000;\"><strong>Qual \u00e8 il capo di vestiario che ami di pi\u00f9 e quello di meno?<\/strong> <em>\u201cAmo le gonne e i vestiti, apprezzo meno i pantaloni, ma pi\u00f9 per una questione di difficolt\u00e0 a trovarne. Essendo molto alta spesso non trovo quel pantalone che mi valorizzi e che mi stia bene, spesso se sono della lunghezza giusta mi sono larghi in vita o viceversa\u201d. <\/em><\/span><\/p>\n<p><span style=\"color: #000000;\"><strong>Sei una ragazza che passa molto tempo sui social?<\/strong><em> Si, trascorro abbastanza tempo sui social, in particolare Instagram e Tik tok, ma quando sono in compagnia cerco sempre di guardare il meno possibile il telefono\u201d.<\/em><\/span><\/p>\n<p><span style=\"color: #000000;\"><strong>Scarpe basse o tacchi?<\/strong> <em>\u201cPer quanto ami i tacchi sono costretta a dire scarpe basse perch\u00e8 con i tacchi divento davvero troppo alta. Quando compro un paio di tacchi poi cerco sempre quello con il tacco pi\u00f9 basso; se dovessi mettere anche solo un tacco 10 diventerei alta pi\u00f9 di un metro e novanta e mi sentirei abbastanza a disagio\u201d. <\/em><\/span><\/p>\n<p><span style=\"color: #000000;\"><strong>Un accessorio che non manca mai quando esci da casa?<\/strong><em> \u201cGli orecchini. \u00c8 un accessorio che indosso sempre perch\u00e9 avendo molti buchi alle orecchie tendo ad indossare sempre gli stessi sia per pigrizia che per male nel toglierli ed indossarne di diversi\u201d. <\/em><\/span><\/p>\n<p><span style=\"color: #000000;\"><strong>Qual \u00e8 il tuo rapporto con la tecnologia?<\/strong><em> \u201cBuono. Mi considero una persona abbastanza tecnologica anche se vorrei approfondire questo campo immenso di cui comunque non conosco ancora moltissime cose\u201d.<\/em><\/span><\/p>\n<p><span style=\"color: #000000;\"><strong>Quali sono i tuoi riferimenti social?<\/strong><em> \u201cNon ho un punto di riferimento in particolare, anche perch\u00e9 lo considero un mondo da prendere molto con le pinze. Seguo molto pagine di attualit\u00e0, moda e anche influencer ma tra questi non c\u2019\u00e8 nessuno che ad ora possa ritenere un modello da seguire\u201d. <\/em><\/span><\/p>\n<p><span style=\"color: #000000;\"><strong>Sogno nel cassetto?<\/strong><em> \u201cSono una persona molto scaramantica quindi mi riservo un po\u2019 a dirlo, dico solo che anche questo c\u2019entra con il mondo moda\u201d.<\/em><\/span><\/p>\n<p><a href=\"https:\/\/www.instagram.com\/brunoangeloporcellana\/\">Bruno Angelo Porcellana<\/a><\/p>\n<p style=\"text-align: center;\"><span style=\"color: #000000;\">Le fotografie sono state fornite da Veronica Lasagna &#8211; I crediti appartengono ai relativi fotografi<br \/>\n<\/span><span style=\"color: #000000;\">Tutti i diritti riservati \u00a9 2024 \u2013 Email: nonsolomodanews@gmail.com<style id=\"bwg-style-0\">      #bwg_container1_0 #bwg_container2_0 #bwg_mosaic_thumbnails_div_0 {        width: 100%;        position: relative;        background-color: rgba(255, 255, 255, 0.00);        text-align: center;        justify-content: center;                  margin-left: auto;          margin-right: auto;                    padding-left: 4px;          padding-top: 4px;                }          #bwg_container1_0 #bwg_container2_0 .bwg_mosaic_thumb_spun_0 {        display: block;        position: absolute;\t\t\t\tborder-radius: 0;\t\t\t\tborder: 0px none #CCCCCC;    \t\t    \t\tbackground-color:rgba(0,0,0, 0.30);        -moz-box-sizing: content-box !important;        -webkit-box-sizing: content-box !important;        box-sizing: content-box !important;      }\t\t\t#bwg_container1_0 #bwg_container2_0 .bwg_mosaic_thumb_0 {\t\t\t\tdisplay: block;\t\t\t\t-moz-box-sizing: content-box !important;\t\t\t\t-webkit-box-sizing: content-box !important;\t\t\t\tbox-sizing: content-box !important;\t\t\t\tmargin: 0;\t\t\t\topacity: 1.00;\t\t\t}      #bwg_container1_0 #bwg_container2_0 .bwg_mosaic_thumb_spun_0:hover {        opacity: 1;        backface-visibility: hidden;        -webkit-backface-visibility: hidden;        -moz-backface-visibility: hidden;        -ms-backface-visibility: hidden;        z-index: 102;      }\t      @media only screen and (min-width: 480px) {        #bwg_container1_0 #bwg_container2_0 .bwg_mosaic_thumb_spun_0:hover {          transform: scale(1.1);          -ms-transform: scale(1.1);          -webkit-transform: scale(1.1);        }      }\t      #bwg_container1_0 #bwg_container2_0 .bwg_mosaic_thumbnails_0 {        background-color: rgba(255, 255, 255, 0.00);        font-size: 0;        position: relative;        text-align: center;        display: inline-block;        visibility: hidden;              }\t  \/*image title styles*\/      #bwg_container1_0 #bwg_container2_0 .bwg_mosaic_title_spun1_0,      #bwg_container1_0 #bwg_container2_0 .bwg-mosaic-thumbnails .bwg_ecommerce_spun1_0 {        position: absolute;        display: block;        opacity: 0;        box-sizing: border-box;        text-align: center;\t\t\t\ttop: 50%;\t\t\t\tleft: 50%;\t\t\t\ttransform: translate(-50%, -50%);      }      #bwg_container1_0 #bwg_container2_0 .bwg-mosaic-thumbnails .bwg_mosaic_title_spun2_0,      #bwg_container1_0 #bwg_container2_0 .bwg-mosaic-thumbnails .bwg_ecommerce_spun2_0 {\t\t    color: #CCCCCC;        font-family: segoe ui;        font-size: 16px;        font-weight: bold;        text-shadow: 0px 0px 0px #888888;        vertical-align: middle;        word-wrap: break-word;      }            .bwg_mosaic_play_icon_spun_0 {        display: table;        position: absolute;        left: -10000px;        top: 0px;        opacity: 0;      }      .bwg_mosaic_play_icon_0 {        color: #CCCCCC;        font-size: 32px;        vertical-align: middle;        display: table-cell !important;        z-index: 1;        text-align: center;        margin: 0 auto;      }      #bwg_container1_0 #bwg_container2_0 .bwg_gal_title_0 {        background-color: rgba(0, 0, 0, 0);        color: #323A45;        display: block;        font-family: Ubuntu;        font-size: 16px;        font-weight: bold;        padding: 2px;        text-shadow: ;        text-align: center;      }            @media screen and (max-width: 350px) {      div[class^=\"bwg_mosaic_thumbnails_\"],      span[class^=\"bwg_mosaic_thumb_spun_\"] {      width: 100% !important;      }      img[class^=\"bwg_mosaic_thumb_\"] {      width: 100% !important;      height: auto !important;      margin: 0px auto !important;      }      }      <\/style>    <div id=\"bwg_container1_0\"         class=\"bwg_container bwg_thumbnail bwg_thumbnails_mosaic \"         data-right-click-protection=\"0\"         data-bwg=\"0\"         data-scroll=\"0\"         data-gallery-type=\"thumbnails_mosaic\"         data-gallery-view-type=\"thumbnails_mosaic\"         data-current-url=\"\/wordpress\/wp-json\/wp\/v2\/posts\/26292\"         data-lightbox-url=\"https:\/\/www.nonsolomodanews.it\/wordpress\/wp-admin\/admin-ajax.php?action=GalleryBox&#038;current_view=0&#038;gallery_id=747&#038;tag=0&#038;theme_id=1&#038;shortcode_id=1518&#038;sort_by=filename&#038;order_by=asc&#038;current_url=%2Fwordpress%2Fwp-json%2Fwp%2Fv2%2Fposts%2F26292\"         data-gallery-id=\"747\"         data-popup-width=\"800\"         data-popup-height=\"500\"         data-is-album=\"gallery\"         data-buttons-position=\"bottom\">      <div id=\"bwg_container2_0\">             <div id=\"ajax_loading_0\" class=\"bwg_loading_div_1\">      <div class=\"bwg_loading_div_2\">        <div class=\"bwg_loading_div_3\">          <div id=\"loading_div_0\" class=\"bwg_spider_ajax_loading\">          <\/div>        <\/div>      <\/div>    <\/div>            <form id=\"gal_front_form_0\"              class=\"bwg-hidden\"              method=\"post\"              action=\"#\"              data-current=\"0\"              data-shortcode-id=\"1518\"              data-gallery-type=\"thumbnails_mosaic\"              data-gallery-id=\"747\"              data-tag=\"0\"              data-album-id=\"0\"              data-theme-id=\"1\"              data-ajax-url=\"https:\/\/www.nonsolomodanews.it\/wordpress\/wp-admin\/admin-ajax.php?action=bwg_frontend_data\">          <div id=\"bwg_container3_0\" class=\"bwg-background bwg-background-0\">                <div id=\"bwg_mosaic_thumbnails_div_0\"         class=\"bwg-container-0 bwg-container bwg-mosaic-thumbnails\"         data-bwg=\"0\"         data-mosaic-direction=\"vertical\"         data-resizable=\"0\"         data-width=\"250\"         data-height=\"250\"         data-total-width=\"100\"         data-block-id=\"bwg_thumbnails_mosaic_0\"         data-thumb-padding=\"4\"         data-thumb-border=\"0\"         data-title-margin=\"2px\"         data-image-title=\"none\"         data-play-icon=\"1\"         data-ecommerce-icon=\"none\"         data-gallery-id=\"747\"         data-lightbox-url=\"https:\/\/www.nonsolomodanews.it\/wordpress\/wp-admin\/admin-ajax.php?action=GalleryBox&#038;current_view=0&#038;gallery_id=747&#038;tag=0&#038;theme_id=1&#038;shortcode_id=1518&#038;sort_by=filename&#038;order_by=asc&#038;current_url=%2Fwordpress%2Fwp-json%2Fwp%2Fv2%2Fposts%2F26292\"         data-mosaic-thumb-transition=\"1\"         style=\"visibility: hidden\" >      <div id=\"bwg_thumbnails_mosaic_0\" class=\"bwg_mosaic_thumbnails_0\">                  <a  class=\"bwg-a bwg_lightbox bwg_lightbox_0\" href=\"https:\/\/www.nonsolomodanews.it\/wordpress\/wp-content\/uploads\/photo-gallery\/Veronica_Lasagna\/05022024-DSC_5497.jpg?bwg=1707683430\" data-image-id=\"38623\" data-elementor-open-lightbox=\"no\">          <div class=\"bwg_mosaic_thumb_spun_0 bwg-item0 bwg-mosaic-thumb-span \">            <img decoding=\"async\" class=\"bwg_mosaic_thumb_0 skip-lazy bwg_img_clear bwg_img_custom \"                 id=\"38623\"                 src=\"https:\/\/www.nonsolomodanews.it\/wordpress\/wp-content\/uploads\/photo-gallery\/Veronica_Lasagna\/thumb\/05022024-DSC_5497.jpg?bwg=1707683430\"                 data-src=\"https:\/\/www.nonsolomodanews.it\/wordpress\/wp-content\/uploads\/photo-gallery\/Veronica_Lasagna\/thumb\/05022024-DSC_5497.jpg?bwg=1707683430\"                 data-width=\"200.00\"                 data-height=\"300.00\"                 alt=\"Veronica Lasagna Credit Bruno Angelo Porcellana\"                 title=\"Veronica Lasagna Credit Bruno Angelo Porcellana\" \/>                      <\/div>        <\/a>                <a  class=\"bwg-a bwg_lightbox bwg_lightbox_0\" href=\"https:\/\/www.nonsolomodanews.it\/wordpress\/wp-content\/uploads\/photo-gallery\/Veronica_Lasagna\/131760a6-c74e-4bca-a5fe-95a1e9e6404c.jpg?bwg=1707683430\" data-image-id=\"38628\" data-elementor-open-lightbox=\"no\">          <div class=\"bwg_mosaic_thumb_spun_0 bwg-item0 bwg-mosaic-thumb-span \">            <img decoding=\"async\" class=\"bwg_mosaic_thumb_0 skip-lazy bwg_img_clear bwg_img_custom \"                 id=\"38628\"                 src=\"https:\/\/www.nonsolomodanews.it\/wordpress\/wp-content\/uploads\/photo-gallery\/Veronica_Lasagna\/thumb\/131760a6-c74e-4bca-a5fe-95a1e9e6404c.jpg?bwg=1707683430\"                 data-src=\"https:\/\/www.nonsolomodanews.it\/wordpress\/wp-content\/uploads\/photo-gallery\/Veronica_Lasagna\/thumb\/131760a6-c74e-4bca-a5fe-95a1e9e6404c.jpg?bwg=1707683430\"                 data-width=\"227.00\"                 data-height=\"300.00\"                 alt=\"Veronica Lasagna c\"                 title=\"Veronica Lasagna c\" \/>                      <\/div>        <\/a>                <a  class=\"bwg-a bwg_lightbox bwg_lightbox_0\" href=\"https:\/\/www.nonsolomodanews.it\/wordpress\/wp-content\/uploads\/photo-gallery\/Veronica_Lasagna\/due-scatti-di-veronica-lasagna.webp?bwg=1707737032\" data-image-id=\"38629\" data-elementor-open-lightbox=\"no\">          <div class=\"bwg_mosaic_thumb_spun_0 bwg-item0 bwg-mosaic-thumb-span \">            <img decoding=\"async\" class=\"bwg_mosaic_thumb_0 skip-lazy bwg_img_clear bwg_img_custom \"                 id=\"38629\"                 src=\"https:\/\/www.nonsolomodanews.it\/wordpress\/wp-content\/uploads\/photo-gallery\/Veronica_Lasagna\/thumb\/due-scatti-di-veronica-lasagna.webp?bwg=1707737032\"                 data-src=\"https:\/\/www.nonsolomodanews.it\/wordpress\/wp-content\/uploads\/photo-gallery\/Veronica_Lasagna\/thumb\/due-scatti-di-veronica-lasagna.webp?bwg=1707737032\"                 data-width=\"300.00\"                 data-height=\"169.00\"                 alt=\"due-scatti-di-veronica-lasagna\"                 title=\"due-scatti-di-veronica-lasagna\" \/>                      <\/div>        <\/a>                <a  class=\"bwg-a bwg_lightbox bwg_lightbox_0\" href=\"https:\/\/www.nonsolomodanews.it\/wordpress\/wp-content\/uploads\/photo-gallery\/Veronica_Lasagna\/IMG_1412.jpg?bwg=1707683430\" data-image-id=\"38624\" data-elementor-open-lightbox=\"no\">          <div class=\"bwg_mosaic_thumb_spun_0 bwg-item0 bwg-mosaic-thumb-span \">            <img decoding=\"async\" class=\"bwg_mosaic_thumb_0 skip-lazy bwg_img_clear bwg_img_custom \"                 id=\"38624\"                 src=\"https:\/\/www.nonsolomodanews.it\/wordpress\/wp-content\/uploads\/photo-gallery\/Veronica_Lasagna\/thumb\/IMG_1412.jpg?bwg=1707683430\"                 data-src=\"https:\/\/www.nonsolomodanews.it\/wordpress\/wp-content\/uploads\/photo-gallery\/Veronica_Lasagna\/thumb\/IMG_1412.jpg?bwg=1707683430\"                 data-width=\"200.00\"                 data-height=\"300.00\"                 alt=\"Veronica Lasagna \"                 title=\"Veronica Lasagna \" \/>                      <\/div>        <\/a>                <a  class=\"bwg-a bwg_lightbox bwg_lightbox_0\" href=\"https:\/\/www.nonsolomodanews.it\/wordpress\/wp-content\/uploads\/photo-gallery\/Veronica_Lasagna\/IMG_4066.jpg?bwg=1707683430\" data-image-id=\"38625\" data-elementor-open-lightbox=\"no\">          <div class=\"bwg_mosaic_thumb_spun_0 bwg-item0 bwg-mosaic-thumb-span \">            <img decoding=\"async\" class=\"bwg_mosaic_thumb_0 skip-lazy bwg_img_clear bwg_img_custom \"                 id=\"38625\"                 src=\"https:\/\/www.nonsolomodanews.it\/wordpress\/wp-content\/uploads\/photo-gallery\/Veronica_Lasagna\/thumb\/IMG_4066.jpg?bwg=1707683430\"                 data-src=\"https:\/\/www.nonsolomodanews.it\/wordpress\/wp-content\/uploads\/photo-gallery\/Veronica_Lasagna\/thumb\/IMG_4066.jpg?bwg=1707683430\"                 data-width=\"300.00\"                 data-height=\"200.00\"                 alt=\"Veronica Lasagna \"                 title=\"Veronica Lasagna \" \/>                      <\/div>        <\/a>                <a  class=\"bwg-a bwg_lightbox bwg_lightbox_0\" href=\"https:\/\/www.nonsolomodanews.it\/wordpress\/wp-content\/uploads\/photo-gallery\/Veronica_Lasagna\/IMG_5318.jpg?bwg=1707683430\" data-image-id=\"38626\" data-elementor-open-lightbox=\"no\">          <div class=\"bwg_mosaic_thumb_spun_0 bwg-item0 bwg-mosaic-thumb-span \">            <img decoding=\"async\" class=\"bwg_mosaic_thumb_0 skip-lazy bwg_img_clear bwg_img_custom \"                 id=\"38626\"                 src=\"https:\/\/www.nonsolomodanews.it\/wordpress\/wp-content\/uploads\/photo-gallery\/Veronica_Lasagna\/thumb\/IMG_5318.jpg?bwg=1707683430\"                 data-src=\"https:\/\/www.nonsolomodanews.it\/wordpress\/wp-content\/uploads\/photo-gallery\/Veronica_Lasagna\/thumb\/IMG_5318.jpg?bwg=1707683430\"                 data-width=\"200.00\"                 data-height=\"300.00\"                 alt=\"Veronica Lasagna \"                 title=\"Veronica Lasagna \" \/>                      <\/div>        <\/a>                <a  class=\"bwg-a bwg_lightbox bwg_lightbox_0\" href=\"https:\/\/www.nonsolomodanews.it\/wordpress\/wp-content\/uploads\/photo-gallery\/Veronica_Lasagna\/IMG_5793.jpg?bwg=1707683416\" data-image-id=\"38622\" data-elementor-open-lightbox=\"no\">          <div class=\"bwg_mosaic_thumb_spun_0 bwg-item0 bwg-mosaic-thumb-span \">            <img decoding=\"async\" class=\"bwg_mosaic_thumb_0 skip-lazy bwg_img_clear bwg_img_custom \"                 id=\"38622\"                 src=\"https:\/\/www.nonsolomodanews.it\/wordpress\/wp-content\/uploads\/photo-gallery\/Veronica_Lasagna\/thumb\/IMG_5793.jpg?bwg=1707683416\"                 data-src=\"https:\/\/www.nonsolomodanews.it\/wordpress\/wp-content\/uploads\/photo-gallery\/Veronica_Lasagna\/thumb\/IMG_5793.jpg?bwg=1707683416\"                 data-width=\"200.00\"                 data-height=\"300.00\"                 alt=\"Veronica Lasagna \"                 title=\"Veronica Lasagna \" \/>                      <\/div>        <\/a>                <a  class=\"bwg-a bwg_lightbox bwg_lightbox_0\" href=\"https:\/\/www.nonsolomodanews.it\/wordpress\/wp-content\/uploads\/photo-gallery\/Veronica_Lasagna\/IMG_8756.jpg?bwg=1707683430\" data-image-id=\"38627\" data-elementor-open-lightbox=\"no\">          <div class=\"bwg_mosaic_thumb_spun_0 bwg-item0 bwg-mosaic-thumb-span \">            <img decoding=\"async\" class=\"bwg_mosaic_thumb_0 skip-lazy bwg_img_clear bwg_img_custom \"                 id=\"38627\"                 src=\"https:\/\/www.nonsolomodanews.it\/wordpress\/wp-content\/uploads\/photo-gallery\/Veronica_Lasagna\/thumb\/IMG_8756.jpg?bwg=1707683430\"                 data-src=\"https:\/\/www.nonsolomodanews.it\/wordpress\/wp-content\/uploads\/photo-gallery\/Veronica_Lasagna\/thumb\/IMG_8756.jpg?bwg=1707683430\"                 data-width=\"300.00\"                 data-height=\"201.00\"                 alt=\"Veronica Lasagna \"                 title=\"Veronica Lasagna \" \/>                      <\/div>        <\/a>            <\/div>    <\/div>    <style>      \/*pagination styles*\/      #bwg_container1_0 #bwg_container2_0 .tablenav-pages_0 {\t\t\t\ttext-align: center;\t\t\t\tfont-size: 12px;\t\t\t\tfont-family: segoe ui;\t\t\t\tfont-weight: bold;\t\t\t\tcolor: #666666;\t\t\t\tmargin: 6px 0 4px;\t\t\t\tdisplay: block;      }      @media only screen and (max-width : 320px) {      #bwg_container1_0 #bwg_container2_0 .displaying-num_0 {     \t display: none;      }      }      #bwg_container1_0 #bwg_container2_0 .displaying-num_0 {\t\t\t\tfont-size: 12px;\t\t\t\tfont-family: segoe ui;\t\t\t\tfont-weight: bold;\t\t\t\tcolor: #666666;\t\t\t\tmargin-right: 10px;\t\t\t\tvertical-align: middle;      }      #bwg_container1_0 #bwg_container2_0 .paging-input_0 {\t\t\t\tfont-size: 12px;\t\t\t\tfont-family: segoe ui;\t\t\t\tfont-weight: bold;\t\t\t\tcolor: #666666;\t\t\t\tvertical-align: middle;      }      #bwg_container1_0 #bwg_container2_0 .tablenav-pages_0 a.disabled,      #bwg_container1_0 #bwg_container2_0 .tablenav-pages_0 a.disabled:hover,      #bwg_container1_0 #bwg_container2_0 .tablenav-pages_0 a.disabled:focus,\t\t\t#bwg_container1_0 #bwg_container2_0 .tablenav-pages_0 input.bwg_current_page {\t\t\t\tcursor: default;\t\t\t\tcolor: rgba(102, 102, 102, 0.5);      }      #bwg_container1_0 #bwg_container2_0 .tablenav-pages_0 a,      #bwg_container1_0 #bwg_container2_0 .tablenav-pages_0 input.bwg_current_page {\t\t\t\tcursor: pointer;\t\t\t\ttext-align: center;\t\t\t\tfont-size: 12px;\t\t\t\tfont-family: segoe ui;\t\t\t\tfont-weight: bold;\t\t\t\tcolor: #666666;\t\t\t\ttext-decoration: none;\t\t\t\tpadding: 3px 6px;\t\t\t\tmargin: 0;\t\t\t\tborder-radius: 0;\t\t\t\tborder-style: solid;\t\t\t\tborder-width: 1px;\t\t\t\tborder-color: #E3E3E3;\t\t\t\t\t\t\t\tbackground-color: rgba(255, 255, 255, 1.00);\t\t\t\tbox-shadow: 0;\t\t\t\ttransition: all 0.3s ease 0s;-webkit-transition: all 0.3s ease 0s;      }      <\/style>      <span class=\"bwg_nav_cont_0\">              <div class=\"tablenav-pages_0\">                  <\/div>                <input type=\"hidden\" id=\"page_number_0\" name=\"page_number_0\" value=\"1\" \/>      <script type=\"text\/javascript\">        if( jQuery('.bwg_nav_cont_0').length > 1 ) {          jQuery('.bwg_nav_cont_0').first().remove()        }        function spider_page_0(cur, x, y, load_more) {          if (typeof load_more == \"undefined\") {            var load_more = false;          }          if (jQuery(cur).hasClass('disabled')) {            return false;          }          var items_county_0 = 1;          switch (y) {            case 1:              if (x >= items_county_0) {                document.getElementById('page_number_0').value = items_county_0;              }              else {                document.getElementById('page_number_0').value = x + 1;              }              break;            case 2:              document.getElementById('page_number_0').value = items_county_0;              break;            case -1:              if (x == 1) {                document.getElementById('page_number_0').value = 1;              }              else {                document.getElementById('page_number_0').value = x - 1;              }              break;            case -2:              document.getElementById('page_number_0').value = 1;              break;\t\t\t\t\t\tcase 0:              document.getElementById('page_number_0').value = x;              break;            default:              document.getElementById('page_number_0').value = 1;          }          bwg_ajax('gal_front_form_0', '0', 'bwg_thumbnails_mosaic_0', '0', '', 'gallery', 0, '', '', load_more, '', 1);        }                    jQuery('.first-page-0').on('click', function () {              spider_page_0(this, 1, -2, 'numeric');              return false;            });            jQuery('.prev-page-0').on('click', function () {              spider_page_0(this, 1, -1, 'numeric');              return false;            });            jQuery('.next-page-0').on('click', function () {              spider_page_0(this, 1, 1, 'numeric');              return false;            });            jQuery('.last-page-0').on('click', function () {              spider_page_0(this, 1, 2, 'numeric');              return false;            });        \t\t\t\t\/* Change page on input enter. *\/        function bwg_change_page_0( e, that ) {          if (  e.key == 'Enter' ) {            var to_page = parseInt(jQuery(that).val());            var pages_count = jQuery(that).parents(\".pagination-links\").data(\"pages-count\");            var current_url_param = jQuery(that).attr('data-url-info');            if (to_page > pages_count) {              to_page = 1;            }\t \t\t\t\t\t\t\t\t\t\t\t\tspider_page_0(this, to_page, 0, 'numeric');\t\t\t\t\t\t\treturn false;\t\t\t\t\t\t          }          return true;        }        jQuery('.bwg_load_btn_0').on('click', function () {            spider_page_0(this, 1, 1, true);            return false;        });      <\/script>      <\/span>                <\/div>        <\/form>        <style>          #bwg_container1_0 #bwg_container2_0 #spider_popup_overlay_0 {          background-color: #000000;          opacity: 0.70;          }          <\/style>        <div id=\"bwg_spider_popup_loading_0\" class=\"bwg_spider_popup_loading\"><\/div>        <div id=\"spider_popup_overlay_0\" class=\"spider_popup_overlay\" onclick=\"spider_destroypopup(1000)\"><\/div>        <input type=\"hidden\" id=\"bwg_random_seed_0\" value=\"2124424377\">                <\/div>    <\/div>    <script>      if (document.readyState === 'complete') {        if( typeof bwg_main_ready == 'function' ) {          if ( jQuery(\"#bwg_container1_0\").height() ) {            bwg_main_ready(jQuery(\"#bwg_container1_0\"));          }        }      } else {        document.addEventListener('DOMContentLoaded', function() {          if( typeof bwg_main_ready == 'function' ) {            if ( jQuery(\"#bwg_container1_0\").height() ) {             bwg_main_ready(jQuery(\"#bwg_container1_0\"));            }          }        });      }    <\/script>    <\/p>\n<p><\/span><\/p>\n<p>&nbsp;<\/p>\n<p>&nbsp;<\/p>\n<p>&nbsp;<\/p>\n","protected":false},"excerpt":{"rendered":"<p>Nonsolomodanews ha il piacere di presentare ai propri lettori la giovanissima Veronica Lasagna, seconda classificata alla finale nazionale di Miss Italia 2023 della patron Mirigliani, andata in scena a Salsomaggiore Terme (PR), sede storica del concorso, lo scorso Novembre. Veronica ha partecipato alla finale nazionale con i titoli di Miss Mantova e Miss Cinema Dr. Kleein Lombardia. Abbiamo avuto il piacere di conoscere Veronica durante una sua attivit&agrave; lavorativa presso il polo fieristico di Milano\/Rho. Le abbiamo chiesto di raccontarci un po di s&eacute; rispondendo a una lunga serie di domande. Ringraziamo Veronica per questa intervista e auguriamo ai nostri lettori buona lettura.<\/p>\n","protected":false},"author":1,"featured_media":26294,"comment_status":"open","ping_status":"open","sticky":false,"template":"","format":"standard","meta":{"rop_custom_images_group":[],"rop_custom_messages_group":[],"rop_publish_now":"initial","rop_publish_now_accounts":[],"rop_publish_now_history":[],"rop_publish_now_status":"pending","footnotes":""},"categories":[16],"tags":[281,1016,9587,1099,9588,9586],"class_list":["post-26292","post","type-post","status-publish","format-standard","has-post-thumbnail","hentry","category-articolo","tag-bruno-angelo-porcellana","tag-miss-italia","tag-miss-mantova","tag-nonsolomodanews","tag-salsomaggiore-terme","tag-veronica-lasagna"],"_links":{"self":[{"href":"https:\/\/www.nonsolomodanews.it\/wordpress\/wp-json\/wp\/v2\/posts\/26292","targetHints":{"allow":["GET"]}}],"collection":[{"href":"https:\/\/www.nonsolomodanews.it\/wordpress\/wp-json\/wp\/v2\/posts"}],"about":[{"href":"https:\/\/www.nonsolomodanews.it\/wordpress\/wp-json\/wp\/v2\/types\/post"}],"author":[{"embeddable":true,"href":"https:\/\/www.nonsolomodanews.it\/wordpress\/wp-json\/wp\/v2\/users\/1"}],"replies":[{"embeddable":true,"href":"https:\/\/www.nonsolomodanews.it\/wordpress\/wp-json\/wp\/v2\/comments?post=26292"}],"version-history":[{"count":8,"href":"https:\/\/www.nonsolomodanews.it\/wordpress\/wp-json\/wp\/v2\/posts\/26292\/revisions"}],"predecessor-version":[{"id":26304,"href":"https:\/\/www.nonsolomodanews.it\/wordpress\/wp-json\/wp\/v2\/posts\/26292\/revisions\/26304"}],"wp:featuredmedia":[{"embeddable":true,"href":"https:\/\/www.nonsolomodanews.it\/wordpress\/wp-json\/wp\/v2\/media\/26294"}],"wp:attachment":[{"href":"https:\/\/www.nonsolomodanews.it\/wordpress\/wp-json\/wp\/v2\/media?parent=26292"}],"wp:term":[{"taxonomy":"category","embeddable":true,"href":"https:\/\/www.nonsolomodanews.it\/wordpress\/wp-json\/wp\/v2\/categories?post=26292"},{"taxonomy":"post_tag","embeddable":true,"href":"https:\/\/www.nonsolomodanews.it\/wordpress\/wp-json\/wp\/v2\/tags?post=26292"}],"curies":[{"name":"wp","href":"https:\/\/api.w.org\/{rel}","templated":true}]}}