{"id":26286,"date":"2024-02-09T18:46:35","date_gmt":"2024-02-09T18:46:35","guid":{"rendered":"https:\/\/www.nonsolomodanews.it\/wordpress\/?p=26286"},"modified":"2024-02-09T18:49:52","modified_gmt":"2024-02-09T18:49:52","slug":"sanremo-settantaquattresimo-festival-della-canzone-italiana-le-polemiche","status":"publish","type":"post","link":"https:\/\/www.nonsolomodanews.it\/wordpress\/sanremo-settantaquattresimo-festival-della-canzone-italiana-le-polemiche\/","title":{"rendered":"Sanremo &#8211; Settantaquattresimo festival della canzone Italiana &#8211; Le polemiche"},"content":{"rendered":"<p><span style=\"color: #000000;\"><img loading=\"lazy\" decoding=\"async\" class=\"size-medium wp-image-26287 alignleft\" src=\"https:\/\/www.nonsolomodanews.it\/wordpress\/wp-content\/uploads\/2024\/02\/sanremo-2024-amadeus-300x171.jpg\" alt=\"\" width=\"300\" height=\"171\" srcset=\"https:\/\/www.nonsolomodanews.it\/wordpress\/wp-content\/uploads\/2024\/02\/sanremo-2024-amadeus-300x171.jpg 300w, https:\/\/www.nonsolomodanews.it\/wordpress\/wp-content\/uploads\/2024\/02\/sanremo-2024-amadeus-1024x584.jpg 1024w, https:\/\/www.nonsolomodanews.it\/wordpress\/wp-content\/uploads\/2024\/02\/sanremo-2024-amadeus-768x438.jpg 768w, https:\/\/www.nonsolomodanews.it\/wordpress\/wp-content\/uploads\/2024\/02\/sanremo-2024-amadeus-1080x616.jpg 1080w, https:\/\/www.nonsolomodanews.it\/wordpress\/wp-content\/uploads\/2024\/02\/sanremo-2024-amadeus.jpg 1217w\" sizes=\"auto, (max-width: 300px) 100vw, 300px\" \/>Marted\u00ec 6 febbraio \u00e8 iniziato il settantaquattresimo festival della Canzone di Sanremo, quinto, a ad essere guidato come direttore artistico da Amadeus. Escluso un\u2019edizione del festival del secolo scorso che fece pi\u00f9 share e ascolti (ma eravamo un secolo fa\u2026) Amadeus \u00e8 riuscito a prendere il festival dopo Baglioni e portarlo a livelli di ascolto che mai si sarebbero potuti pensare nell\u2019epoca dei social e invece. <\/span><\/p>\n<p><span style=\"color: #000000;\"><!--more-->Bravo Amadeus, bravissimi i collaboratori e bravo anche Fiorello che, pur facendo un programma su un\u2019altra rete Rai ha dato il suo contributo alla riuscita della pi\u00f9 grande kermesse canora del nostro paese. Sicuramente \u00e8 migliorabile (vogliamo vedere chi si cimenter\u00e0 in questa epica sfida) ma chi verr\u00e0 dopo Amadeus, visto che dall\u2019inizio del festival ha dichiarato che questo sar\u00e0 l\u2019ultimo da direttore artistico (da crederci?) sar\u00e0 come scalare il K2 partendo dal mare di Karachi. La bravura di Amadeus \u00e8 quella che del festival si parla tutto l\u2019anno. Vuoi con anticipazioni, vuoi con pseudo scandali, vuoi. Nell\u2019epoca del governo Meloni ci si attendeva una direzione pi\u00f9 tranquilla rispetto al \u201cmanovratore\u201d invece si \u00e8 continuati nel solco del passato senza dare troppo adito alle malelingue che volevano Amadeus asservito al potere. Ma come si pu\u00f2 pensare ci\u00f2 quando il potere lo ha Amadeus? In questi giorni abbiamo visto tutti a Sanremo. Per noi che seguiamo gli eventi fashion, Sanremo non \u00e8 solo il palco dell\u2019Ariston e dell\u2019aristonello (brutto neologismo) dove si sono esibiti i cantanti in gara e gli ospiti ma tutto quello che lo circonda. Miss o aspiranti Miss che danno lustro alla manifestazione facendosi fotografare in giro per la citt\u00e0. Modelle che si incontrano in eventi come fiere e convention sono ora a Sanremo, chi sulla terra ferma e chi sulla Costa, ancorata a poche centinaia di metri dall\u2019Ariston. Il livello canoro \u00e8 buono, 30 artisti con belle canzoni, ritorni alla gara di nomi storici come quello di Fiorella Mannaia e dei Negroamaro per giungere alla pattuglia degli artisti provenienti da Sanremo Giovani. Il palco di Sanremo \u00e8 anche la vetrina per stilisti di fama internazionale che hanno vestito i concorrenti. Abbiamo visto nella prima serata l\u2019ospite d\u2019onore Marco Mengoni in Versace, Fiorella Mannaia in Luisa Spagnoli, il vincitore dell\u2019ultimo Sanremo Alessandro Mahmood in Prada, Clara in Armani Priv\u00e8 e Annalisa in Dolce e Gabbana. Anche altri artisti erano vestiti da brand di moda pi\u00f9 o meno famosi e questo \u00e8 molto importante per il made in Italy. In una manifestazione come questa non sono mancate le polemiche e in modo particolare con la partecipazione di John Travolta. Come giustamente ha detto Amadeus, si \u00e8 parlato pi\u00f9 del presunto scandalo delle scarpe dell\u2019attore americano che dell\u2019intervento del maestro Giovanni Allevi e della sua malattia che da due anni non gli permette pi\u00f9 di fare quello per cui ha studiato, ovvero i concerti. \u00c8 stato un intervento strappalacrime ma che ha lasciato una luce in fondo al tunnel.<\/span><\/p>\n<p><span style=\"color: #000000;\">Bruno Angelo Porcellana<\/span><\/p>\n<p style=\"text-align: center;\"><span style=\"color: #000000;\">Tutti i diritti riservati \u00a9 2024\u2013 Email:\u00a0<a style=\"color: #000000;\" href=\"mailto:nonsolomodanews@gmail.com\">nonsolomodanews@gmail.com<\/a><\/span><\/p>\n","protected":false},"excerpt":{"rendered":"<p>Marted&igrave; 6 febbraio &egrave; iniziato il settantaquattresimo festival della Canzone di Sanremo, quinto, a ad essere guidato come direttore artistico da Amadeus. Escluso un&rsquo;edizione del festival del secolo scorso che fece pi&ugrave; share e ascolti (ma eravamo un secolo fa&hellip;) Amadeus &egrave; riuscito a prendere il festival dopo Baglioni e portarlo a livelli di ascolto che mai si sarebbero potuti pensare nell&rsquo;epoca dei social e invece.<\/p>\n","protected":false},"author":1,"featured_media":26288,"comment_status":"open","ping_status":"open","sticky":false,"template":"","format":"standard","meta":{"rop_custom_images_group":[],"rop_custom_messages_group":[],"rop_publish_now":"initial","rop_publish_now_accounts":[],"rop_publish_now_history":[],"rop_publish_now_status":"pending","footnotes":""},"categories":[16],"tags":[281,552,1062,1099],"class_list":["post-26286","post","type-post","status-publish","format-standard","has-post-thumbnail","hentry","category-articolo","tag-bruno-angelo-porcellana","tag-festival-di-sanremo","tag-musica-2","tag-nonsolomodanews"],"_links":{"self":[{"href":"https:\/\/www.nonsolomodanews.it\/wordpress\/wp-json\/wp\/v2\/posts\/26286","targetHints":{"allow":["GET"]}}],"collection":[{"href":"https:\/\/www.nonsolomodanews.it\/wordpress\/wp-json\/wp\/v2\/posts"}],"about":[{"href":"https:\/\/www.nonsolomodanews.it\/wordpress\/wp-json\/wp\/v2\/types\/post"}],"author":[{"embeddable":true,"href":"https:\/\/www.nonsolomodanews.it\/wordpress\/wp-json\/wp\/v2\/users\/1"}],"replies":[{"embeddable":true,"href":"https:\/\/www.nonsolomodanews.it\/wordpress\/wp-json\/wp\/v2\/comments?post=26286"}],"version-history":[{"count":2,"href":"https:\/\/www.nonsolomodanews.it\/wordpress\/wp-json\/wp\/v2\/posts\/26286\/revisions"}],"predecessor-version":[{"id":26290,"href":"https:\/\/www.nonsolomodanews.it\/wordpress\/wp-json\/wp\/v2\/posts\/26286\/revisions\/26290"}],"wp:featuredmedia":[{"embeddable":true,"href":"https:\/\/www.nonsolomodanews.it\/wordpress\/wp-json\/wp\/v2\/media\/26288"}],"wp:attachment":[{"href":"https:\/\/www.nonsolomodanews.it\/wordpress\/wp-json\/wp\/v2\/media?parent=26286"}],"wp:term":[{"taxonomy":"category","embeddable":true,"href":"https:\/\/www.nonsolomodanews.it\/wordpress\/wp-json\/wp\/v2\/categories?post=26286"},{"taxonomy":"post_tag","embeddable":true,"href":"https:\/\/www.nonsolomodanews.it\/wordpress\/wp-json\/wp\/v2\/tags?post=26286"}],"curies":[{"name":"wp","href":"https:\/\/api.w.org\/{rel}","templated":true}]}}