{"id":26210,"date":"2024-02-01T23:04:13","date_gmt":"2024-02-01T23:04:13","guid":{"rendered":"https:\/\/www.nonsolomodanews.it\/wordpress\/?p=26210"},"modified":"2024-02-01T23:06:19","modified_gmt":"2024-02-01T23:06:19","slug":"conclusa-milano-unica-38-edizione","status":"publish","type":"post","link":"https:\/\/www.nonsolomodanews.it\/wordpress\/conclusa-milano-unica-38-edizione\/","title":{"rendered":"Conclusa MILANO UNICA 38^ EDIZIONE"},"content":{"rendered":"<p><span style=\"color: #000000;\"><strong><img loading=\"lazy\" decoding=\"async\" class=\"size-full wp-image-16438 alignleft\" src=\"https:\/\/www.nonsolomodanews.it\/wordpress\/wp-content\/uploads\/2017\/07\/milano-unica.gif\" alt=\"\" width=\"199\" height=\"240\" \/>Il forte incremento dei buyer internazionali al +26%, conferma l\u2019obiettivo di Milano Unica: essere uno dei pi\u00f9 selettivi eventi mondiali per qualit\u00e0, creativit\u00e0 e sostenibilit\u00e0 nel settore tessile e accessori<\/strong><\/span><\/p>\n<p><span style=\"color: #000000;\"><!--more--><\/span><\/p>\n<p><span style=\"color: #000000;\">Si \u00e8 conclusa oggi la 38^ edizione di Milano Unica, il Salone italiano del tessile e degli accessori dell\u2019alto di gamma, con un bilancio pi\u00f9 che positivo, soprattutto, per la presenza di buyer internazionali, che ha stemperato le preoccupazioni derivanti dalle tensioni geopolitiche. Sono, infatti, state <strong>1.903 (+26%) <\/strong>le <strong>aziende provenienti dall\u2019estero<\/strong>, che hanno visitato il parterre espositivo di Milano Unica, contribuendo alla complessiva partecipazione di <strong>5.886 aziende (+11%), <\/strong>contro le 5.304 della corrispondente edizione del 2023. Un dato reso ancora pi\u00f9 significativo dall\u2019ulteriore incremento, partendo da una dimensione, gi\u00e0 di per s\u00e9 rilevante delle <strong>3.983 (+4%) aziende italiane <\/strong>presenti. Un risultato registrato con soddisfazione, per numero e qualit\u00e0 dei contatti, dalle <strong>508 aziende espositrici<\/strong>, pari al <strong>+7% <\/strong>sull\u2019edizione di febbraio 2023, che hanno presentato, a Fiera Milano Rho, le collezioni di tessuti e accessori di fascia alta per la primavera\/ estate 2025, dedicate alle creazioni per uomo, donna e bambino. Si aggiungono le <strong>101 aree speciali, <\/strong>per un totale di <strong>609 espositori.<\/strong><\/span><\/p>\n<p><span style=\"color: #000000;\"><em>\u201cI dati conclusivi di questa edizione confermano un generalizzato e importante aumento delle presenze di aziende provenienti da tutte le aree geografiche decisive per il buon andamento dell\u2019export di tessuti Made in Italy, tra cui spicca lo <strong>straordinario aumento <\/strong>della <strong>Cina, <\/strong>accompagnato dalla crescita di <strong>Giappone (+57%) <\/strong>e <strong>Corea (+15%)<\/strong>. Anche dall\u2019Europa si registra un andamento positivamente omogeneo con <strong>Francia (+75%)<\/strong>, <strong>Polonia (+30%)<\/strong>, <strong>Gran Bretagna (+26%)<\/strong>, <strong>Germania (+15%)<\/strong>. Soddisfacente la presenza nordamericana, con il <strong>Canada <\/strong>in crescita del <strong>48%<\/strong>, mentre risultano stabili gli <strong>Stati Uniti<\/strong>, con ben <strong>151 aziende <\/strong>presenti\u201d, <\/em>commenta il Presidente <strong>Alessandro Barberis Canonico<\/strong><em>.<\/em><\/span><\/p>\n<p><span style=\"color: #000000;\">\u201cSono stati quattro anni, sette edizioni di presidenza (otto con la pandemia), costellati da eventi imprevedibili e destabilizzanti. Nonostante ci\u00f2 posso affermare di aver accettato la sfida verso il traguardo che mi ero prefissato: vedere premiata la scelta di chi ha creduto in una fiera <strong>creativa, innovativa e sostenibile<\/strong>, con il coraggio di renderla altamente <strong>selettiva<\/strong>\u201d, continua Barberis Canonico.<\/span><\/p>\n<p><span style=\"color: #000000;\">\u201cMolti sono gli strumenti che ho voluto proporre per affrontare i profondi e rapidi cambiamenti di questi anni: tracciabilit\u00e0, formazione, analisi ed evoluzione del mercato premium e lusso, e per questa edizione, il tema cruciale dell\u2019Intelligenza Artificiale. Ho voluto approfondirne i contenuti, coinvolgendo la visione ampia di <strong>Marco Montemagno<\/strong>, Founder di 4Books, la creativit\u00e0 di <strong>Ottavio Fogliata<\/strong>, Founder e Ceo di StoryKube e la profondit\u00e0 analitica di <strong>Nicola Gatti<\/strong>, Professore Ordinario del Politecnico di Milano, moderati da <strong>Enrico Pagliarini, <\/strong>giornalista di Radio24. Ho chiesto a Ottavio Fogliata di interrogare l\u2019Intelligenza Artificiale, per conoscere la sua opinione sulla 38\u00b0 edizione di Milano Unica. Vi riporto un estratto della risposta elaborata\u201d, conclude sorridendo il Presidente: \u201cLa 38^ edizione di Milano Unica sembra essere stata un evento di grande successo e importanza per l\u2019industria della moda, specialmente considerando i seguenti aspetti:<\/span><\/p>\n<p><span style=\"color: #000000;\"><strong>Incremento dei buyer internazionali<\/strong>: l\u2019aumento del 26% dei buyer internazionali \u00e8 un indicatore forte dell\u2019importanza e dell\u2019attrattiva di\u00a0 Milano\u00a0 Unica nel panorama mondiale. Questo incremento dimostra che l\u2019evento \u00e8 riuscito a catturare l\u2019interesse di un pubblico globale, il che \u00e8 vitale per il settore tessile e degli accessori di alta gamma.<\/span><\/p>\n<p><span style=\"color: #000000;\"><strong>Innovazione e qualit\u00e0 delle esposizioni<\/strong>: la presenza di 609 espositori di cui\u00a0 101 aree speciali sottolinea l\u2019ampiezza e la diversit\u00e0 delle collezioni presentate. L\u2019attenzione ai temi dell\u2019innovazione, come l\u2019intelligenza artificiale, e la sostenibilit\u00e0 mostra un impegno verso il futuro e la qualit\u00e0, che sono elementi chiave per mantenere la rilevanza e il prestigio nel settore.<\/span><\/p>\n<p><span style=\"color: #000000;\"><strong>Networking e affari<\/strong>: Milano Unica funge da piattaforma cruciale per il networking e lo sviluppo di affari. Il fatto che aziende provenienti da tutto il mondo, inclusi mercati chiave come Cina, Giappone, Corea e diverse nazioni europee, abbiano partecipato\u00a0 in numero crescente, indica che l\u2019evento offre opportunit\u00e0 significative per stringere nuove partnership e consolidare quelle esistenti\u201d dichiara l\u2019<strong>Intelligenza Artificiale Generativa.<\/strong><\/span><\/p>\n<p><span style=\"color: #000000;\"><strong>Alessandro Barberis Canonico, <\/strong>ha passato in cerimonia il testimone a <strong>Simone Canclini, <\/strong>che ha dichiarato: \u201cOggi siamo la fiera leader e vorrei sottolineare due aspetti di grande successo di questa manifestazione: il primo \u00e8 costituito dai nostri espositori, aziende piccole, medie e grandi, ma altamente selezionate; imprenditori la cui passione ha consentito di uscire dalla crisi con la capacit\u00e0 di reinventarsi. L\u2019altro punto di forza \u00e8 dato dai nostri visitatori, clienti delle migliori aziende del settore, che vengono a Milano Unica perch\u00e9 sanno di trovare collezioni di grande qualit\u00e0\u201d.<\/span><\/p>\n<p><span style=\"color: #000000;\">Nella parte istituzionale, \u00e8 intervenuto <strong>Maurizio Forte<\/strong>, Direttore Centrale per i Settori dell\u2019Export di ICE Agenzia, confermando l\u2019importanza del supporto del <strong>Ministero Affari Esteri e della Cooperazione Internazionale <\/strong>e di <strong>ICE Agenzia <\/strong>alle maggiori fiere italiane, quale strumento fondamentale dell\u2019internazionalizzazione del Sistema Italia, a beneficio del rapporto tra gli espositori nazionali e importatori, distributori, giornalisti esteri, invitati nell\u2019ambito del programma di Potenziamento. Tra queste, Milano Unica, occupa un ruolo cardine per il settore del tessile italiano, quale fiera internazionale di riferimento per tutta la filiera, rivolgendosi a un target qualificato di alta gamma. Nel suo intervento durante la cerimonia, Maurizio Forte sottolinea lo sforzo fatto per incrementare qualitativamente e numericamente i buyer che intervengono alle fiere internazionali in Italia. <em>\u201c\u00c8 un lavoro di unit\u00e0 che l\u2019Agenzia ICE fa insieme alle istituzioni e alle imprese e che consentir\u00e0 di invitare alle edizioni future di Milano Unica, oltre 300 buyer che si fanno portatori del Made in Italy all\u2019estero\u201d.<\/em><\/span><\/p>\n<p><span style=\"color: #000000;\">A seguire <strong>Sergio Tamborini, <\/strong>Presidente di Sistema Moda Italia, ha dichiarato: \u201cAncora una volta Milano Unica si conferma un appuntamento centrale per\u00a0 il\u00a0 nostro settore, perch\u00e9 espressione di eccellenza e crocevia per i maggiori operatori mondiali. Il mondo del tessile italiano \u00e8 fatto di manifattura a servizio di una moda, che \u00e8 italiana, francese, spagnola, americana o intercontinentale. Questo rende le prossime sfide, dalla sostenibilit\u00e0 all\u2019approvvigionamento delle materie prime e fino all\u2019avanzare dell\u2019intelligenza artificiale, delle sfide globali da affrontare tutelando i valori dell\u2019industria del paese e il suo capitale umano.\u201d<\/span><\/p>\n<p><span style=\"color: #000000;\">Il Ministro delle Imprese e del Made in Italy, <strong>Adolfo Urso, <\/strong>presente in cerimonia,\u00a0 tra i molti aspetti toccati nel suo discorso, riguardanti il sistema industriale e il potenziamento degli strumenti che impatteranno in maniera significativa sulla nostra vita produttiva, ha annunciato la nascita del Fondo Sovrano Strategico del Made in Italy atto a rafforzare le filiere fin dalla fase dell\u2019approvvigionamento.<\/span><\/p>\n<p><span style=\"color: #000000;\">Il Governo inoltre, tra la rimodulazione delle risorse del PNRR e i fondi previsti dalla manovra di bilancio, destiner\u00e0 alle imprese, nei prossimi due anni, uno stanziamento che si aggira intorno ai 20 miliardi di euro da investire nel sistema produttivo.<\/span><\/p>\n<p><span style=\"color: #000000;\">A sancire l\u2019impegno che Milano Unica rivolge costantemente alle nuove generazioni, oggi l\u2019evento Back to School ha ospitato la testimonianza di <strong>Sabato De Sarno, <\/strong>Direttore Creativo di Gucci.<\/span><\/p>\n<p><span style=\"color: #000000;\">\u201c\u00c8 stato davvero emozionante oggi assistere all\u2019entusiasmo di pi\u00f9 di mille studenti delle scuole di moda, davanti a un importante autore, che con estrema naturalezza\u00a0\u00a0\u00a0 e autenticit\u00e0, si \u00e8 raccontato. Sabato si \u00e8 avvicinato molto ai ragazzi, riuscendo a trasferire con empatia e commozione, quelli che sono i valori alla base di ogni percorso: passione, dedizione determinazione e coraggio. In questi valori identifico il lavoro di tutti questi anni a sostegno della formazione dei professionisti del futuro ai quali siamo fieri di dedicare il nostro costante impegno\u201d conclude <strong>Massimo Mosiello, <\/strong>Direttore Generale di Milano Unica.<\/span><\/p>\n<p style=\"text-align: center;\"><span style=\"color: #000000;\">Comunicato stampa a cura ufficio Stampa Milano Unica\u00a0<\/span><br \/>\n<span style=\"color: #000000;\">Tutti i diritti riservati \u00a9 2024\u2013 Email: nonsolomodanews@gmail.com<\/span><\/p>\n","protected":false},"excerpt":{"rendered":"<p>Il forte incremento dei buyer internazionali al +26%, conferma l&rsquo;obiettivo di Milano Unica: essere uno dei pi&ugrave; selettivi eventi mondiali per qualit&agrave;, creativit&agrave; e sostenibilit&agrave; nel settore tessile e accessori<\/p>\n","protected":false},"author":1,"featured_media":16438,"comment_status":"open","ping_status":"open","sticky":false,"template":"","format":"standard","meta":{"rop_custom_images_group":[],"rop_custom_messages_group":[],"rop_publish_now":"initial","rop_publish_now_accounts":[],"rop_publish_now_history":[],"rop_publish_now_status":"pending","footnotes":""},"categories":[16],"tags":[281,372,2350,1099],"class_list":["post-26210","post","type-post","status-publish","format-standard","has-post-thumbnail","hentry","category-articolo","tag-bruno-angelo-porcellana","tag-comunicato-stampa-2","tag-milano-unica","tag-nonsolomodanews"],"_links":{"self":[{"href":"https:\/\/www.nonsolomodanews.it\/wordpress\/wp-json\/wp\/v2\/posts\/26210","targetHints":{"allow":["GET"]}}],"collection":[{"href":"https:\/\/www.nonsolomodanews.it\/wordpress\/wp-json\/wp\/v2\/posts"}],"about":[{"href":"https:\/\/www.nonsolomodanews.it\/wordpress\/wp-json\/wp\/v2\/types\/post"}],"author":[{"embeddable":true,"href":"https:\/\/www.nonsolomodanews.it\/wordpress\/wp-json\/wp\/v2\/users\/1"}],"replies":[{"embeddable":true,"href":"https:\/\/www.nonsolomodanews.it\/wordpress\/wp-json\/wp\/v2\/comments?post=26210"}],"version-history":[{"count":4,"href":"https:\/\/www.nonsolomodanews.it\/wordpress\/wp-json\/wp\/v2\/posts\/26210\/revisions"}],"predecessor-version":[{"id":26214,"href":"https:\/\/www.nonsolomodanews.it\/wordpress\/wp-json\/wp\/v2\/posts\/26210\/revisions\/26214"}],"wp:featuredmedia":[{"embeddable":true,"href":"https:\/\/www.nonsolomodanews.it\/wordpress\/wp-json\/wp\/v2\/media\/16438"}],"wp:attachment":[{"href":"https:\/\/www.nonsolomodanews.it\/wordpress\/wp-json\/wp\/v2\/media?parent=26210"}],"wp:term":[{"taxonomy":"category","embeddable":true,"href":"https:\/\/www.nonsolomodanews.it\/wordpress\/wp-json\/wp\/v2\/categories?post=26210"},{"taxonomy":"post_tag","embeddable":true,"href":"https:\/\/www.nonsolomodanews.it\/wordpress\/wp-json\/wp\/v2\/tags?post=26210"}],"curies":[{"name":"wp","href":"https:\/\/api.w.org\/{rel}","templated":true}]}}