{"id":26075,"date":"2024-01-15T19:16:02","date_gmt":"2024-01-15T19:16:02","guid":{"rendered":"https:\/\/www.nonsolomodanews.it\/wordpress\/?p=26075"},"modified":"2024-01-15T19:16:02","modified_gmt":"2024-01-15T19:16:02","slug":"marca-by-bolognafiere-la-ventesima-edizione-e-la-piu-grande-di-sempre","status":"publish","type":"post","link":"https:\/\/www.nonsolomodanews.it\/wordpress\/marca-by-bolognafiere-la-ventesima-edizione-e-la-piu-grande-di-sempre\/","title":{"rendered":"Marca by BolognaFiere, la ventesima edizione \u00e8 la pi\u00f9 grande di sempre"},"content":{"rendered":"<p><strong>\u00a0<img loading=\"lazy\" decoding=\"async\" class=\"size-medium wp-image-26077 alignleft\" src=\"https:\/\/www.nonsolomodanews.it\/wordpress\/wp-content\/uploads\/2024\/01\/OIP-4-300x133.jpeg\" alt=\"\" width=\"300\" height=\"133\" srcset=\"https:\/\/www.nonsolomodanews.it\/wordpress\/wp-content\/uploads\/2024\/01\/OIP-4-300x133.jpeg 300w, https:\/\/www.nonsolomodanews.it\/wordpress\/wp-content\/uploads\/2024\/01\/OIP-4.jpeg 474w\" sizes=\"auto, (max-width: 300px) 100vw, 300px\" \/>Marca by BolognaFiere, la ventesima edizione \u00e8 la pi\u00f9 grande di sempre<\/strong><br \/>\n<strong>Oltre 1.100 espositori, 24 insegne della DMO, 7 padiglioni su 26.000 metri quadrati di superficie netta e pi\u00f9 di 250 hosted buyer per una Marca del Distributore in forte crescita<\/strong><br \/>\nAppuntamento il 16 e 17 gennaio a BolognaFiere con l\u2019unica manifestazione italiana dedicata alla Marca Commerciale.<\/p>\n<p><!--more--><br \/>\nIl Convegno Inaugurale con la presentazione del Position Paper 2024 a cura di The European House-Ambrosetti. A seguire, la presentazione del Rapporto Marca sulla MDD realizzato da Circana e il nuovo \u201cOsservatorio Non Food\u201d di GS1 Italy.<br \/>\nSi avvicina l\u2019appuntamento con la ventesima edizione di <strong>Marca by BolognaFiere, <\/strong>in programma <strong>marted\u00ec 16 e mercoled\u00ec 17 gennaio 2024 <\/strong>presso il Quartiere fieristico di Bologna.<br \/>\nOrganizzata in collaborazione con <strong>ADM &#8211; Associazione Distribuzione Moderna <\/strong>e con il patrocinio della <strong>Regione Emilia-Romagna <\/strong>e della <strong>Camera di Commercio di Bologna<\/strong>, <strong>Marca by BolognaFiere <\/strong>\u00e8 l\u2019unico appuntamento in Italia interamente dedicato ai prodotti food e non food a Marca del Distributore e l\u2019unico in Europa ad annoverare tra gli espositori le principali insegne della Distribuzione Moderna Organizzata che compongono anche il Comitato Tecnico Scientifico dell\u2019evento: <strong>Agor\u00e0 Network, Brico Io, Carrefour, Conad, Consorzio C3, Coop, Coralis, Cortilia, Crai, D.It &#8211; Distribuzione Italiana, Dec\u00f2, Despar, Ergon, Italy Discount, Lekkerland, Marr, Md, Pi\u00f9Me, Risparmio Casa, Selex, S &amp; C Consorzio Distribuzione Italia <\/strong>e <strong>V\u00e9g\u00e9.<\/strong><\/p>\n<h1>I NUMERI DELL\u2019EDIZIONE 2024<\/h1>\n<p>La manifestazione negli anni \u00e8 cresciuta per quantit\u00e0 e qualit\u00e0 della proposta espositiva, fino a raggiungere i numeri record della ventesima edizione. Sono infatti oltre <strong>1.100 gli espositori <\/strong>di <strong>Marca by BolognaFiere<\/strong>, distribuiti in <strong>7 padiglioni <\/strong>e <strong>26.000 metri quadrati di superficie netta, <\/strong>con un <strong>aumento del 26% <\/strong>rispetto allo scorso anno. Se il <strong>food <\/strong>mantiene il proprio ruolo di rilievo, con <strong>pi\u00f9 di 800 aziende <\/strong>che porteranno in fiera novit\u00e0 e prodotti di tendenza, il <strong>non food <\/strong>si conferma come segmento di grande interesse, con <strong>200 espositori <\/strong>presenti. Si amplia in quest\u2019area il paniere dei prodotti per la <strong>cura della casa, <\/strong>la <strong>cura della persona <\/strong>e il <strong>fai-da-te\/brico<\/strong>, con particolare attenzione ai temi dell\u2019efficienza e della sostenibilit\u00e0, mentre aumentano di pari passo le soluzioni legate al <strong>packaging<\/strong>, ai <strong>servizi <\/strong>e alla <strong>logistica <\/strong>nell\u2019area <strong>Marca Tech<\/strong>, con circa <strong>100 espositori<\/strong>.<\/p>\n<p>A <strong>Marca by BolognaFiere <\/strong>sar\u00e0 presente con uno stand anche il <strong>Ministero dell\u2019Agricoltura, della Sovranit\u00e0 alimentare e delle Foreste<\/strong>, mentre la <strong>Camera di Commercio di Bologna <\/strong>sar\u00e0 protagonista di una collettiva con 10 imprese del territorio.<\/p>\n<p>\u201cMarca by BolognaFiere non solo \u00e8 il primo appuntamento fieristico del nuovo anno, ma \u00e8 anche una delle fiere dirette che ci d\u00e0 maggiori soddisfazioni. Marca in questi 20 anni ha saputo interpretare i bisogni della Distribuzione Moderna Organizzata, diventando l\u2019appuntamento imprescindibile per produttori e buyer di prodotti food e non food a Marchio del Distributore. Due giornate di business frenetico che spesso riescono a far realizzare il salto dimensionale a molte aziende del Made in Italy. Il successo della manifestazione va di pari passo all\u2019espansione del mercato dei prodotti della MDD, che negli anni ha saputo conquistare la fiducia dei consumatori. \u2013 dichiara l\u2019AD di BolognaFiere, <strong>Antonio Bruzzone <\/strong>\u2013 Siamo anche felici della crescente attenzione dei buyer internazionali, grazie alla partnership con ICE-ITA Agency e alla nutrita presenza di espositori esteri.\u201d<\/p>\n<h1>250 HOSTED BUYER IN ARRIVO DA 30 PAESI<\/h1>\n<p>Con la crescita strategica e dimensionale del mercato della MDD e della manifestazione, aumenta l\u2019interesse dei buyer internazionali. Grazie alla collaborazione di <strong>ICE<\/strong>&#8211;<strong>ITA <\/strong><strong>Agency <\/strong>e alle attivit\u00e0 di promozione all\u2019estero messe in campo da BolognaFiere, \u00e8 confermata la partecipazione di hosted buyer provenienti da <strong>Argentina<\/strong>, <strong>Austria<\/strong>, <strong>Belgio<\/strong>, <strong>Brasile<\/strong>, <strong>Canada<\/strong>, <strong>Cina<\/strong>, <strong>Cipro<\/strong>, <strong>Colombia<\/strong>, <strong>Costa Rica<\/strong>, <strong>Croazia, Danimarca<\/strong>, <strong>Ecuador<\/strong>, <strong>Francia<\/strong>, <strong>Georgia<\/strong>, <strong>Germania<\/strong>, <strong>Giappone<\/strong>, <strong>Gran Bretagna<\/strong>, <strong>Grecia<\/strong>, <strong>Israele<\/strong>, <strong>Kossovo<\/strong>, <strong>Paesi Bassi<\/strong>, <strong>Paraguay<\/strong>, <strong>Per\u00f9<\/strong>, <strong>Polonia, Serbia<\/strong>, <strong>Slovacchia<\/strong>, <strong>Spagna<\/strong>, <strong>Stati Uniti<\/strong>, <strong>Svezia <\/strong>e <strong>Ungheria<\/strong>.<\/p>\n<h1>TUTTI GLI EVENTI DA NON PERDERE<\/h1>\n<p>Come sempre Marca by BolognaFiere rappresenta un appuntamento essenziale per tracciare il futuro della Marca Commerciale. Il <strong>16 gennaio <\/strong>alle 10.30 si svolger\u00e0 il convegno inaugurale promosso da ADM, a cura di The European House-Ambrosetti \u201c<strong><em>Marca del Distributore e Made in Italy: il ruolo della Distribuzione Moderna<\/em><\/strong>\u201d.<\/p>\n<p>Nel pomeriggio, a partire dalle 14.30, l\u2019analisi completa dei dati sulla Marca del Distributore \u00e8 oggetto del <strong>XX Rapporto Marca by BolognaFiere <\/strong>a cura di Circana, assieme alla presentazione del primo <strong>\u201cOsservatorio Non Food\u201d <\/strong>di <strong>GS1 Italy<\/strong>, che offrir\u00e0 un quadro completo delle <strong>dinamiche di mercato<\/strong>, delle <strong>tendenze <\/strong>e delle <strong>opportunit\u00e0 <\/strong>emergenti per il complesso e diversificato universo non food.<\/p>\n<p>Il 17 gennaio a partire dalle 9.30 si terr\u00e0 il convegno \u201c<strong><em>L\u2019Italia di oggi e di domani: il ruolo sociale ed economico del biologico nella Distribuzione Moderna\u201d<\/em><\/strong>, organizzato da AssoBio, nell\u2019ambito del progetto Being Organic in EU promosso da FederBio in collaborazione con Naturland e cofinanziato dall\u2019Unione Europea ai sensi del regolamento UE n.1144\/2014.<\/p>\n<p>A seguire la presentazione dell\u2019<strong>Osservatorio Packaging del largo consumo <\/strong>a cura di Nomisma con il convegno <strong>\u201c<em>Gli italiani e la sostenibilit\u00e0: il ruolo del packaging nel carrello della spesa<\/em><\/strong>\u201d e la premiazione dell\u2019<strong>ADI Packaging Design Award<\/strong>. Il premio, alla sua settima edizione, \u00e8 promosso da ADI-Associazione per il Disegno Industriale e intende valorizzare l\u2019innovazione del packaging italiano. La commissione di esperti analizzer\u00e0 i prodotti esposti in fiera e selezioner\u00e0 i cinque premiati: due nel settore food, due nel settore non-food, e una Menzione d\u2019Onore a discrezione della giuria.<\/p>\n<h1>I FORMAT TEMATICI: MARCA FRESH E MARCA TECH<\/h1>\n<p>L\u2019espansione della Marca Commerciale in tutti i reparti della Distribuzione Moderna Organizzata traina la crescita anche di <strong>Marca Fresh<\/strong>, il concept dedicato ai freschi e freschissimi, giunto alla quarta edizione.<\/p>\n<p>In un\u2019area di oltre <strong>1.000 mq<\/strong>, <strong>50 espositori <\/strong>avranno occasione di coniugare business e approfondimento tematico. con un ricco programma di incontri, presentazioni e case history di successo, promossi da <strong>SGMarketing.<\/strong><\/p>\n<p><strong>Marca Tech<\/strong>, alla sua decima edizione, raddoppia la superficie espositiva e il numero di aziende (<strong>2.200 mq e 100 imprese<\/strong>), confermando il suo ruolo di hub fondamentale per il segmento dei beni intermedi per la supply chain a marca del distributore: packaging, logistica, materie prime, ingredienti, tecnologia e servizi.<\/p>\n<p><strong>NUOVA FORMULA PER L\u2019INTERNATIONAL PRIVATE LABEL SELECTION<\/strong><\/p>\n<p>L\u2019<strong>International Private Label Selection 2024 \u2013 IPLS, <\/strong>promossa da <strong>Marca by BolognaFiere <\/strong>in collaborazione con <strong>Expertise On Field- IPLC<\/strong>, torna protagonista in fiera in una veste completamente rinnovata. Sar\u00e0 un\u2019<strong>area espositiva <\/strong>allestita nel <strong>padiglione 28<\/strong>, dedicata alla presentazione <strong>dei prodotti novit\u00e0<\/strong>, raggruppati secondo <strong>i megatrend di settore<\/strong>. Circa 100 i prodotti selezionati, in un percorso tutto da scoprire \u2013 tra le innovazioni di prodotto del made in Italy Dop e IGP, per il benessere e la salute, biologici, free from e rich in, piatti pronti e molto altro ancora.<\/p>\n<p>&nbsp;<\/p>\n<h1>MARCA PER IL SOCIALE<\/h1>\n<p>Per contrastare lo spreco alimentare e sostenere i cittadini in condizione di fragilit\u00e0 economica, <strong>Marca by BolognaFiere <\/strong>rinnova la partnership con <strong>Caritas diocesana di Bologna <\/strong>a cui saranno donati i prodotti alimentari esposti in fiera. La ventesima edizione di Marca dar\u00e0 ampio spazio anche ai temi e alle istanze legate al sociale e agli obiettivi dell\u2019Agenda 2030 per lo Sviluppo sostenibile, promuovendo un progetto di <strong>empowerment femminile <\/strong>in Mozambico con <strong>CEFA \u2013 Il seme della solidariet\u00e0<\/strong>.<\/p>\n<p style=\"text-align: center;\">Ufficio stampa Marca by BolognaFiere<br \/>\nTutti i diritti riservati \u00a9 2024 \u2013 Email: nonsolomodanews@gmail.com<\/p>\n","protected":false},"excerpt":{"rendered":"<p>&nbsp;Marca by BolognaFiere, la ventesima edizione &egrave; la pi&ugrave; grande di sempre Oltre 1.100 espositori, 24 insegne della DMO, 7 padiglioni su 26.000 metri quadrati di superficie netta e pi&ugrave; di 250 hosted buyer per una Marca del Distributore in forte crescita Appuntamento il 16 e 17 gennaio a BolognaFiere con l&rsquo;unica manifestazione italiana dedicata alla Marca Commerciale.<\/p>\n","protected":false},"author":1,"featured_media":26076,"comment_status":"open","ping_status":"open","sticky":false,"template":"","format":"standard","meta":{"rop_custom_images_group":[],"rop_custom_messages_group":[],"rop_publish_now":"initial","rop_publish_now_accounts":[],"rop_publish_now_history":[],"rop_publish_now_status":"pending","footnotes":""},"categories":[16],"tags":[262,281,372,893,894,1099],"class_list":["post-26075","post","type-post","status-publish","format-standard","has-post-thumbnail","hentry","category-articolo","tag-bologna","tag-bruno-angelo-porcellana","tag-comunicato-stampa-2","tag-marca","tag-marcabybolognafiere","tag-nonsolomodanews"],"_links":{"self":[{"href":"https:\/\/www.nonsolomodanews.it\/wordpress\/wp-json\/wp\/v2\/posts\/26075","targetHints":{"allow":["GET"]}}],"collection":[{"href":"https:\/\/www.nonsolomodanews.it\/wordpress\/wp-json\/wp\/v2\/posts"}],"about":[{"href":"https:\/\/www.nonsolomodanews.it\/wordpress\/wp-json\/wp\/v2\/types\/post"}],"author":[{"embeddable":true,"href":"https:\/\/www.nonsolomodanews.it\/wordpress\/wp-json\/wp\/v2\/users\/1"}],"replies":[{"embeddable":true,"href":"https:\/\/www.nonsolomodanews.it\/wordpress\/wp-json\/wp\/v2\/comments?post=26075"}],"version-history":[{"count":2,"href":"https:\/\/www.nonsolomodanews.it\/wordpress\/wp-json\/wp\/v2\/posts\/26075\/revisions"}],"predecessor-version":[{"id":26079,"href":"https:\/\/www.nonsolomodanews.it\/wordpress\/wp-json\/wp\/v2\/posts\/26075\/revisions\/26079"}],"wp:featuredmedia":[{"embeddable":true,"href":"https:\/\/www.nonsolomodanews.it\/wordpress\/wp-json\/wp\/v2\/media\/26076"}],"wp:attachment":[{"href":"https:\/\/www.nonsolomodanews.it\/wordpress\/wp-json\/wp\/v2\/media?parent=26075"}],"wp:term":[{"taxonomy":"category","embeddable":true,"href":"https:\/\/www.nonsolomodanews.it\/wordpress\/wp-json\/wp\/v2\/categories?post=26075"},{"taxonomy":"post_tag","embeddable":true,"href":"https:\/\/www.nonsolomodanews.it\/wordpress\/wp-json\/wp\/v2\/tags?post=26075"}],"curies":[{"name":"wp","href":"https:\/\/api.w.org\/{rel}","templated":true}]}}