{"id":25819,"date":"2023-11-28T16:53:29","date_gmt":"2023-11-28T16:53:29","guid":{"rendered":"https:\/\/www.nonsolomodanews.it\/wordpress\/?p=25819"},"modified":"2023-11-28T16:53:29","modified_gmt":"2023-11-28T16:53:29","slug":"12o-mercato-dei-vini-dei-vignaioli-indipendenti-buona-la-prima-a-bologna","status":"publish","type":"post","link":"https:\/\/www.nonsolomodanews.it\/wordpress\/12o-mercato-dei-vini-dei-vignaioli-indipendenti-buona-la-prima-a-bologna\/","title":{"rendered":"12\u00ba MERCATO DEI VINI DEI VIGNAIOLI INDIPENDENTI  BUONA LA PRIMA A BOLOGNA!"},"content":{"rendered":"<p><span style=\"color: #000000;\"><em><img loading=\"lazy\" decoding=\"async\" class=\"size-medium wp-image-25820 alignleft\" src=\"https:\/\/www.nonsolomodanews.it\/wordpress\/wp-content\/uploads\/2023\/11\/Fivi_Mercato23_Bologna_MichelePurin_231126_Web_82-200x300.jpg\" alt=\"\" width=\"200\" height=\"300\" srcset=\"https:\/\/www.nonsolomodanews.it\/wordpress\/wp-content\/uploads\/2023\/11\/Fivi_Mercato23_Bologna_MichelePurin_231126_Web_82-200x300.jpg 200w, https:\/\/www.nonsolomodanews.it\/wordpress\/wp-content\/uploads\/2023\/11\/Fivi_Mercato23_Bologna_MichelePurin_231126_Web_82-683x1024.jpg 683w, https:\/\/www.nonsolomodanews.it\/wordpress\/wp-content\/uploads\/2023\/11\/Fivi_Mercato23_Bologna_MichelePurin_231126_Web_82-768x1152.jpg 768w, https:\/\/www.nonsolomodanews.it\/wordpress\/wp-content\/uploads\/2023\/11\/Fivi_Mercato23_Bologna_MichelePurin_231126_Web_82-1024x1536.jpg 1024w, https:\/\/www.nonsolomodanews.it\/wordpress\/wp-content\/uploads\/2023\/11\/Fivi_Mercato23_Bologna_MichelePurin_231126_Web_82-1366x2048.jpg 1366w, https:\/\/www.nonsolomodanews.it\/wordpress\/wp-content\/uploads\/2023\/11\/Fivi_Mercato23_Bologna_MichelePurin_231126_Web_82-1080x1620.jpg 1080w, https:\/\/www.nonsolomodanews.it\/wordpress\/wp-content\/uploads\/2023\/11\/Fivi_Mercato23_Bologna_MichelePurin_231126_Web_82.jpg 1667w\" sizes=\"auto, (max-width: 200px) 100vw, 200px\" \/>Con 985 Vignaioli e pi\u00f9 di 26mila ingressi distribuiti nei tre giorni, <\/em><em>12\u00b0 edizione record per la manifestazione della FIVI organizzata per la prima volta a <\/em><em>BolognaFiere.<\/em><\/span><\/p>\n<p><span style=\"color: #000000;\"><em>Presentate le proposte sul rapporto tra agricoltura e manutenzione del territorio, di cui il Vignaiolo Indipendente \u00e8 il primo custode.<\/em><\/span><\/p>\n<p><span style=\"color: #000000;\">Erano alte le aspettative per questa prima edizione a Bologna del Mercato dei Vini dei Vignaioli Indipendenti, che gi\u00e0 si preannunciava da record con 985 Vignaioli partecipanti, 2 associazioni di Vignaioli stranieri e 29 olivicoltori della FIOI a sancire un\u2019importante alleanza tra produttori agricoli. E i risultati sono stati all\u2019altezza delle aspettative, con un costante afflusso di pubblico nei 3 giorni di manifestazione e un ottimo ritorno in termini di soddisfazione di espositori e visitatori.<\/span><\/p>\n<p><span style=\"color: #000000;\"><!--more--><\/span><\/p>\n<p><span style=\"color: #000000;\">A parlare sono prima di tutto i numeri, con <strong>oltre<\/strong> <strong>26mila ingressi totali<\/strong>, ma pi\u00f9 dei numeri ci\u00f2 che ha contato \u00e8 stata <strong>la qualit\u00e0 dell\u2019evento <\/strong>nella sua totalit\u00e0.<\/span><\/p>\n<p><span style=\"color: #000000;\">I <strong>nuovi spazi fieristici<\/strong> di BolognaFiere hanno permesso di disporre gli stand dei Vignaioli in un contesto ampio e gradevole, luminoso e poco rumoroso, nonostante il grande afflusso di pubblico, favorendo cos\u00ec gli incontri ai banchi, gli assaggi e anche gli spostamenti dei visitatori tra i corridoi. Un vero clima di festa.<\/span><\/p>\n<p><span style=\"color: #000000;\">\u201c<em>Buona la prima<\/em> \u2013 dichiara <strong>Lorenzo Cesconi, Presidente FIVI<\/strong> &#8211; <em>verrebbe da dire, non fosse la dodicesima edizione di questo nostro Mercato dei Vini. Ma \u00e8 la prima volta qui a Bologna, con risultati che ci rendono davvero molto soddisfatti: abbiamo dimostrato ancora una volta che il cuore di questa manifestazione sono le Vignaiole e i Vignaioli, che con i loro vini raccontano tanti tasselli del grande puzzle dell\u2019Italia del vino. E non \u00e8 una questione di numeri: come per i nostri vini, \u00e8 una questione di autenticit\u00e0 e qualit\u00e0, gli elementi fondanti di questo evento, ormai uno dei pi\u00f9 importanti in Italia. Ci sono ancora molte cose da mettere a punto, non c\u2019\u00e8 dubbio: ma siamo nelle condizioni ideali per fare meglio, grazie alla forza dei contenuti che mettiamo sul tavolo e alla positiva collaborazione con BolognaFiere<\/em>\u201d.<\/span><\/p>\n<p><span style=\"color: #000000;\">Confermato anche a Bologna <strong>il comune denominatore del Mercato dei Vini: la qualit\u00e0,<\/strong> sincera e senza fronzoli, trasmessa al pubblico dai Vignaioli e dalle Vignaiole attraverso i loro vini, in un ambiente dall\u2019allestimento che resta essenziale e dove l\u2019assegnazione della posizione nei padiglioni \u00e8 frutto \u2013 dai pi\u00f9 piccoli ai pi\u00f9 grandi, dalle aziende con decenni di storia a quelle alle prime vendemmie \u2013 di un sorteggio casuale, nella piena filosofia FIVI di eguaglianza e democraticit\u00e0.<\/span><\/p>\n<p><span style=\"color: #000000;\">Contenta anche BolognaFiere, con il Presidente <strong>Gianpiero Calzolari<\/strong>: <em>\u201cSiamo molto soddisfatti di questa prima edizione bolognese del Mercato dei Vini dei Vignaioli Indipendenti. Il numero di espositori e il clima di entusiasmo che si \u00e8 creato attorno a questa manifestazione ci avevano gi\u00e0 fatto ben sperare. La conferma \u00e8 arrivata dai tanti visitatori accorsi in fiera e alle iniziative \u201cFuori Mercato\u201d promosse in citt\u00e0 da Confcommercio Ascom e AMO. Il Mercato dei Vini \u00e8 stato una festa corale e un importante momento di confronto tra gli operatori. La citt\u00e0 ha risposto con calore, dimostrando di voler accogliere la comunit\u00e0 dei Vignaioli Indipendenti e i valori che le piccole e le medie cantine promuovono. Considero questo il primo passo di un percorso che ci vedr\u00e0 impegnati per molto tempo accanto a FIVI. Il Mercato dei Vini dei Vignaioli Indipendenti contribuisce, infatti, a consolidare il ruolo di BolognaFiere come riferimento fieristico di primo piano per i produttori e i consumatori di vini di eccellenza, sostenibili, saldamente legati alla storia e alla cultura dei territori. E ora appuntamento a febbraio con la Slow Wine Fair 2024\u201d.<\/em><\/span><\/p>\n<p><span style=\"color: #000000;\"><img loading=\"lazy\" decoding=\"async\" class=\"size-medium wp-image-25824 aligncenter\" src=\"https:\/\/www.nonsolomodanews.it\/wordpress\/wp-content\/uploads\/2023\/11\/fivi-risultati-295x300.jpg\" alt=\"\" width=\"295\" height=\"300\" srcset=\"https:\/\/www.nonsolomodanews.it\/wordpress\/wp-content\/uploads\/2023\/11\/fivi-risultati-295x300.jpg 295w, https:\/\/www.nonsolomodanews.it\/wordpress\/wp-content\/uploads\/2023\/11\/fivi-risultati.jpg 490w\" sizes=\"auto, (max-width: 295px) 100vw, 295px\" \/><\/span><\/p>\n<p><span style=\"color: #000000;\">Dal lato del pubblico, in questa edizione 2023 il Mercato dei Vini ha confermato di essere <strong>uno dei principali<\/strong> <strong>appuntamenti del mondo del vino italiano:<\/strong> non solo gli ingressi sono aumentati di oltre 2.000 unit\u00e0 rispetto all\u2019edizione precedente, ma \u00e8 cresciuta ulteriormente l\u2019attenzione di operatori di settore, ristoratori, enotecari e di piccoli trader esteri, favoriti dalla centralit\u00e0 e raggiungibilit\u00e0 di Bologna. La conferma del successo \u00e8 sostenuta dalle moltissime uscite sulla stampa e dalla frizzante attivit\u00e0 sui social media, con la condivisione di migliaia di foto e video.<\/span><\/p>\n<p><span style=\"color: #000000;\">Il Mercato dei Vini \u00e8 prima di tutto il principale appuntamento associativo della FIVI, che in questo contesto organizza l\u2019Assemblea annuale dei soci, quest\u2019anno ancora pi\u00f9 partecipata degli anni scorsi.<\/span><\/p>\n<p><span style=\"color: #000000;\"><strong>La manutenzione del territorio e l\u2019importante azione portata avanti dai Vignaioli in questo senso<\/strong> sono stati al centro di un <strong>dossier presentato proprio durante l\u2019Assemblea,<\/strong> che si \u00e8 svolta la mattina del terzo giorno di Mercato. Puntuali le richieste alla classe politica, che si concentrano sul disegno di legge attualmente in esame presso la XIII Commissione Agricoltura della Camera \u201c<em>Disposizioni per il riconoscimento della figura dell\u2019agricoltore custode dell\u2019ambiente del territorio e per l\u2019istituzione della Giornata nazionale dell\u2019agricoltura\u201d.<\/em><\/span><\/p>\n<p><span style=\"color: #000000;\"><em>L\u2019Assemblea si \u00e8 conclusa con la consegna del Premio \u201cLeonildo Pieropan\u201d 2023 a Emidio Pepe, Vignaiolo in Abruzzo e storico socio FIVI, mentre al taglio del nastro era stato consegnato al musicista Stefano Belisari in arte Elio il nuovo premio \u201cVignaiolo come noi\u201d.<\/em><\/span><\/p>\n<div id=\"attachment_25823\" style=\"width: 310px\" class=\"wp-caption aligncenter\"><img loading=\"lazy\" decoding=\"async\" aria-describedby=\"caption-attachment-25823\" class=\"wp-image-25823 size-medium\" src=\"https:\/\/www.nonsolomodanews.it\/wordpress\/wp-content\/uploads\/2023\/11\/Elio_Lorenzo-Cesconi-1-300x200.jpg\" alt=\"\" width=\"300\" height=\"200\" srcset=\"https:\/\/www.nonsolomodanews.it\/wordpress\/wp-content\/uploads\/2023\/11\/Elio_Lorenzo-Cesconi-1-300x200.jpg 300w, https:\/\/www.nonsolomodanews.it\/wordpress\/wp-content\/uploads\/2023\/11\/Elio_Lorenzo-Cesconi-1-1024x683.jpg 1024w, https:\/\/www.nonsolomodanews.it\/wordpress\/wp-content\/uploads\/2023\/11\/Elio_Lorenzo-Cesconi-1-768x512.jpg 768w, https:\/\/www.nonsolomodanews.it\/wordpress\/wp-content\/uploads\/2023\/11\/Elio_Lorenzo-Cesconi-1-1536x1024.jpg 1536w, https:\/\/www.nonsolomodanews.it\/wordpress\/wp-content\/uploads\/2023\/11\/Elio_Lorenzo-Cesconi-1-2048x1366.jpg 2048w, https:\/\/www.nonsolomodanews.it\/wordpress\/wp-content\/uploads\/2023\/11\/Elio_Lorenzo-Cesconi-1-1080x720.jpg 1080w\" sizes=\"auto, (max-width: 300px) 100vw, 300px\" \/><p id=\"caption-attachment-25823\" class=\"wp-caption-text\"><\/span> <span style=\"color: #000000;\">Elio e Lorenzo Cesconi<\/span><\/p><\/div>\n<p><span style=\"color: #000000;\"><em>Ufficio Stampa FIVI<\/em><\/span><br \/>\n<span style=\"color: #000000;\">Axelle Brown Videau | 338 7848516 | axelle@origamiconsulting.it<\/span><br \/>\n<span style=\"color: #000000;\">Mirta Oregna | 338 7000168 | <a style=\"color: #000000;\" href=\"mailto:mirta_oregna@yahoo.it\">mirta_oregna@yahoo.it<\/a><\/span><br \/>\n<span style=\"color: #000000;\"><em>Ufficio Stampa <\/em><em>BolognaFiere<\/em><\/span><br \/>\n<span style=\"color: #000000;\">Daniela Modonesi | 366 6659090 | daniela.modonesi@bolognafiere.it<\/span><br \/>\n<span style=\"color: #000000;\"><strong>FIVI &#8211; Federazione Italiana dei Vignaioli Indipendenti<\/strong><\/span><\/p>\n<p><span style=\"color: #000000;\">La Federazione Italiana Vignaioli Indipendenti (FIVI) \u00e8 un\u2019organizzazione senza scopo di lucro nata nel 2008, che si propone di promuovere e tutelare la figura, il lavoro, gli interessi e le esigenze tecnico-economiche del Vignaiolo Indipendente italiano, inteso quale soggetto che attua il completo ciclo produttivo del vino, dalla coltivazione delle uve fino all\u2019imbottigliamento e alla commercializzazione del prodotto finale. Attualmente sono 1.700 i produttori associati, da tutte le regioni italiane, per un totale di oltre 15.000 ettari di vigneto.<\/span><\/p>\n<p><span style=\"color: #000000;\"><img loading=\"lazy\" decoding=\"async\" class=\"size-medium wp-image-25709 aligncenter\" src=\"https:\/\/www.nonsolomodanews.it\/wordpress\/wp-content\/uploads\/2023\/11\/unnamed-23-300x169.jpg\" alt=\"\" width=\"300\" height=\"169\" srcset=\"https:\/\/www.nonsolomodanews.it\/wordpress\/wp-content\/uploads\/2023\/11\/unnamed-23-300x169.jpg 300w, https:\/\/www.nonsolomodanews.it\/wordpress\/wp-content\/uploads\/2023\/11\/unnamed-23-1024x576.jpg 1024w, https:\/\/www.nonsolomodanews.it\/wordpress\/wp-content\/uploads\/2023\/11\/unnamed-23-768x432.jpg 768w, https:\/\/www.nonsolomodanews.it\/wordpress\/wp-content\/uploads\/2023\/11\/unnamed-23-1080x608.jpg 1080w, https:\/\/www.nonsolomodanews.it\/wordpress\/wp-content\/uploads\/2023\/11\/unnamed-23.jpg 1200w\" sizes=\"auto, (max-width: 300px) 100vw, 300px\" \/><\/span><\/p>\n<p><span style=\"color: #000000;\">Il Marchio FIVI raffigura \u201cAmpelio\u201d, immagine di un Vignaiolo che porta una cesta d\u2019uva sulle spalle e la cui ombra prende la forma di una bottiglia. In questa figura \u00e8 riassunto tutto quello che per la FIVI significa essere Vignaioli, impegnati quotidianamente in un processo che segue tutta la filiera di produzione, operando costantemente per custodire, tutelare e promuovere il territorio di appartenenza.<\/span><\/p>\n<p style=\"text-align: center;\"><span style=\"color: #000000;\">Testo e fotografie a cura Ufficio stampa BolognaFiere \u2013 Ufficio Stampa FIVI<\/span><br \/>\n<span style=\"color: #000000;\">Tutti i diritti riservati \u00a9 2023 \u2013 Email:\u00a0<a style=\"color: #000000;\" href=\"mailto:nonsolomodanews@gmail.com\">nonsolomodanews@gmail.com<\/a><\/span><\/p>\n","protected":false},"excerpt":{"rendered":"<p>Con 985 Vignaioli e pi&ugrave; di 26mila ingressi distribuiti nei tre giorni, 12&deg; edizione record per la manifestazione della FIVI organizzata per la prima volta a BolognaFiere. Presentate le proposte sul rapporto tra agricoltura e manutenzione del territorio, di cui il Vignaiolo Indipendente &egrave; il primo custode. Erano alte le aspettative per questa prima edizione a Bologna del Mercato dei Vini dei Vignaioli Indipendenti, che gi&agrave; si preannunciava da record con 985 Vignaioli partecipanti, 2 associazioni di Vignaioli stranieri e 29 olivicoltori della FIOI a sancire un&rsquo;importante alleanza tra produttori agricoli. E i risultati sono stati all&rsquo;altezza delle aspettative, con un costante afflusso di pubblico nei 3 giorni di manifestazione e un ottimo ritorno in termini di soddisfazione di espositori e visitatori.<\/p>\n","protected":false},"author":1,"featured_media":25821,"comment_status":"open","ping_status":"open","sticky":false,"template":"","format":"standard","meta":{"rop_custom_images_group":[],"rop_custom_messages_group":[],"rop_publish_now":"initial","rop_publish_now_accounts":[],"rop_publish_now_history":[],"rop_publish_now_status":"pending","footnotes":""},"categories":[16],"tags":[281,372,9317,9512,1099],"class_list":["post-25819","post","type-post","status-publish","format-standard","has-post-thumbnail","hentry","category-articolo","tag-bruno-angelo-porcellana","tag-comunicato-stampa-2","tag-fivi","tag-mercato-dei-vini-dei-vignaioli-indipendenti-fivi","tag-nonsolomodanews"],"_links":{"self":[{"href":"https:\/\/www.nonsolomodanews.it\/wordpress\/wp-json\/wp\/v2\/posts\/25819","targetHints":{"allow":["GET"]}}],"collection":[{"href":"https:\/\/www.nonsolomodanews.it\/wordpress\/wp-json\/wp\/v2\/posts"}],"about":[{"href":"https:\/\/www.nonsolomodanews.it\/wordpress\/wp-json\/wp\/v2\/types\/post"}],"author":[{"embeddable":true,"href":"https:\/\/www.nonsolomodanews.it\/wordpress\/wp-json\/wp\/v2\/users\/1"}],"replies":[{"embeddable":true,"href":"https:\/\/www.nonsolomodanews.it\/wordpress\/wp-json\/wp\/v2\/comments?post=25819"}],"version-history":[{"count":4,"href":"https:\/\/www.nonsolomodanews.it\/wordpress\/wp-json\/wp\/v2\/posts\/25819\/revisions"}],"predecessor-version":[{"id":25827,"href":"https:\/\/www.nonsolomodanews.it\/wordpress\/wp-json\/wp\/v2\/posts\/25819\/revisions\/25827"}],"wp:featuredmedia":[{"embeddable":true,"href":"https:\/\/www.nonsolomodanews.it\/wordpress\/wp-json\/wp\/v2\/media\/25821"}],"wp:attachment":[{"href":"https:\/\/www.nonsolomodanews.it\/wordpress\/wp-json\/wp\/v2\/media?parent=25819"}],"wp:term":[{"taxonomy":"category","embeddable":true,"href":"https:\/\/www.nonsolomodanews.it\/wordpress\/wp-json\/wp\/v2\/categories?post=25819"},{"taxonomy":"post_tag","embeddable":true,"href":"https:\/\/www.nonsolomodanews.it\/wordpress\/wp-json\/wp\/v2\/tags?post=25819"}],"curies":[{"name":"wp","href":"https:\/\/api.w.org\/{rel}","templated":true}]}}