{"id":25806,"date":"2023-11-27T22:03:19","date_gmt":"2023-11-27T22:03:19","guid":{"rendered":"https:\/\/www.nonsolomodanews.it\/wordpress\/?p=25806"},"modified":"2023-11-27T22:03:19","modified_gmt":"2023-11-27T22:03:19","slug":"motor-bike-expo-verona-da-evento-locale-a-manifestazione-internazionale-al-via-i-festeggiamenti-per-i-30-anni-di-attivita","status":"publish","type":"post","link":"https:\/\/www.nonsolomodanews.it\/wordpress\/motor-bike-expo-verona-da-evento-locale-a-manifestazione-internazionale-al-via-i-festeggiamenti-per-i-30-anni-di-attivita\/","title":{"rendered":"Motor Bike Expo Verona &#8211; Da evento locale a manifestazione internazionale. Al via i festeggiamenti per i 30 anni di attivit\u00e0"},"content":{"rendered":"<div id=\"attachment_25810\" style=\"width: 310px\" class=\"wp-caption alignleft\"><a style=\"color: #000000;\" href=\"https:\/\/www.nonsolomodanews.it\/wordpress\/wp-content\/uploads\/2023\/11\/Francesco-Paola-e-Federico-Agnoletto-ai-FIM-Awards-2022.heic\"><img loading=\"lazy\" decoding=\"async\" aria-describedby=\"caption-attachment-25810\" class=\"wp-image-25810 size-medium\" src=\"https:\/\/www.nonsolomodanews.it\/wordpress\/wp-content\/uploads\/2023\/11\/Francesco-Agnoletto-e-Alessandro-Borghese-300x234.jpg\" alt=\"\" width=\"300\" height=\"234\" srcset=\"https:\/\/www.nonsolomodanews.it\/wordpress\/wp-content\/uploads\/2023\/11\/Francesco-Agnoletto-e-Alessandro-Borghese-300x234.jpg 300w, https:\/\/www.nonsolomodanews.it\/wordpress\/wp-content\/uploads\/2023\/11\/Francesco-Agnoletto-e-Alessandro-Borghese-1024x799.jpg 1024w, https:\/\/www.nonsolomodanews.it\/wordpress\/wp-content\/uploads\/2023\/11\/Francesco-Agnoletto-e-Alessandro-Borghese-768x599.jpg 768w, https:\/\/www.nonsolomodanews.it\/wordpress\/wp-content\/uploads\/2023\/11\/Francesco-Agnoletto-e-Alessandro-Borghese-1536x1198.jpg 1536w, https:\/\/www.nonsolomodanews.it\/wordpress\/wp-content\/uploads\/2023\/11\/Francesco-Agnoletto-e-Alessandro-Borghese-2048x1598.jpg 2048w, https:\/\/www.nonsolomodanews.it\/wordpress\/wp-content\/uploads\/2023\/11\/Francesco-Agnoletto-e-Alessandro-Borghese-1080x842.jpg 1080w\" sizes=\"auto, (max-width: 300px) 100vw, 300px\" \/><\/a><p id=\"caption-attachment-25810\" class=\"wp-caption-text\"><img decoding=\"async\" class=\"alignnone size-full wp-image-25808\" src=\"https:\/\/www.nonsolomodanews.it\/wordpress\/wp-content\/uploads\/2023\/11\/Francesco-Paola-e-Federico-Agnoletto-ai-FIM-Awards-2022.heic\" alt=\"\" \/> <span style=\"color: #000000;\">Alessandro Borghese (sx) e Federico Agnoletto<\/span><\/p><\/div>\n<p><span style=\"color: #000000;\"><strong>Da evento locale a manifestazione internazionale. <\/strong><strong>Al via i festeggiamenti per il 30\u00b0 anno di attivit\u00e0\u00a0 <\/strong><strong>di Paola Somma e Francesco Agnoletto: <\/strong><strong>ideatori e organizzatori di Motor Bike Expo<\/strong><\/span><br \/>\n<span style=\"color: #000000;\">Il tempo vola veloce e gli scenari mutano continuamente, ma ci sono delle costanti che resistono e si evolvono \u201csurfando\u201d tra le novit\u00e0 ed i cambiamenti che si susseguono. Una di queste \u00e8 un appuntamento fisso, imperdibile per i veri appassionati di moto, che si tiene straordinariamente d\u2019inverno, durante i primi giorni dell\u2019anno\u2026 un evento che ha vissuto una <strong>crescita esponenziale<\/strong>, diventando <strong>punto di riferimento globale.<\/strong><\/span><\/p>\n<p><span style=\"color: #000000;\"><!--more--><\/span><br \/>\n<span style=\"color: #000000;\">Si chiama <strong>Motor Bike Expo<\/strong> ed \u00e8 frutto dell\u2019esperienza di Paola e Francesco, che con lungimiranza e ambizione hanno creato qualcosa di importante per i motociclisti.<\/span><br \/>\n<span style=\"color: #000000;\">Nasce nel 1993 l\u2019idea di organizzare un <strong>appuntamento invernale dedicato al mondo delle due ruote<\/strong>, partendo da una nicchia di settore\u2026 quella delle moto personalizzate. Dopo due anni di progettazione, <strong>nel 1995 vede la luce il primo \u201cChopper &amp; Custom Show\u201d<\/strong>: un evento pionieristico che ha sancito l\u2019inizio di un\u2019epoca. 65 espositori, 2 padiglioni per un totale di 7.500 mq, 18.000 presenze\u2026 sono i numeri della prima edizione.<\/span><br \/>\n<span style=\"color: #000000;\"><strong>Chopper &amp; Custom Show <\/strong><\/span><br \/>\n<span style=\"color: #000000;\">Siamo a Padova, l\u2019influenza della cultura americana della personalizzazione \u201ccustom&#8221; comincia a diffondersi anche in Europa. Francesco coglie l\u2019intuizione e con la complicit\u00e0 e la collaborazione di Paola creano un momento che tutti gli appassionati del genere, e non solo\u2026 avrebbero atteso da l\u00ec in avanti. Moto, artisti, preparatori, artigiani si ritagliano un fine settimana mettendo in bella mostra le proprie opere uniche. Il pubblico apprezza e anno dopo anno decreta il successo di questo evento.<\/span><br \/>\n<span style=\"color: #000000;\">Ne susseguono ben <strong>14 edizioni<\/strong> (Chopper &amp; Custom Show fino al 2000, poi Bike Expo fino al 2008), in costante crescita, tanto da abbracciare progressivamente anche il mondo delle competizioni sportive, molto in voga negli anni \u201990 e 2000, della produzione di serie, grazie ad uno speciale mix tra artigianato e industria, grazie alla presenza delle Case Motociclistiche e dei colossi della distribuzione internazionale.<\/span><br \/>\n<span style=\"color: #000000;\"><strong>Motor Bike Expo<\/strong><\/span><br \/>\n<span style=\"color: #000000;\">Nel 2009 gli organizzatori, lavorando instancabilmente, organizzano a Verona un evento di caratura internazionale in grado di attrarre i maggiori player del settore. Sono questi i presupposti per la realizzazione della prima edizione di Motor Bike Expo. La manifestazione riesce a coinvolgere il mondo del fuoristrada, del turismo e delle special a 360\u00b0 come il filone delle cafe racer e il ritorno in auge delle scrambler. Vengono potenziati in modo evidente show esterni, esibizioni di qualsiasi disciplina, esperienze attive per emozionare e divertire il pubblico. La crescita ed il successo del format sono annunciati, anno dopo anno <strong>l\u2019evento si espande e si ritaglia uno status di protagonista<\/strong> nel calendario degli addetti ai lavori.<\/span><\/p>\n<p><span style=\"color: #000000;\">Dopo trent\u2019anni la riuscita della manifestazione \u00e8 lampante, con un incremento di numeri sotto tutti i punti di vista: gli espositori da 65 sono diventati 720, i padiglioni da 1 a 7 (+5 aree esterne) per un totale di oltre 100.000 mq. dai 7.500 della prima edizione. Le presenze dei visitatori da 18.000 diventano ben 160.000.<\/span><\/p>\n<p><span style=\"color: #000000;\">Il prossimo appuntamento \u00e8 fissato <strong>dal 19 al 21 gennaio a Veronafiere<\/strong>, per scoprire assieme l\u2019edizione 2024 di Motor Bike Expo. Tante le cose da non perdere, come la conferma delle maggiori Case motociclistiche; massima attenzione ai giovani con la conferma della <strong>RiderZone<\/strong> dedicata ai modelli 50 e 125; il <strong>Distretto Ruote piccole<\/strong> per gli amanti dei moped e degli scooter, un grande entusiasmo anche dal settore dell\u2019off-road e del <strong>Mototurismo<\/strong>\u2026 MBE si riconferma evento internazionale per gli appassionati, per gli artigiani e per le aziende del settore.<\/span><\/p>\n<p><span style=\"color: #000000;\"><strong>Non solo organizzatori di eventi<\/strong><\/span><\/p>\n<p><span style=\"color: #000000;\">Oggi la realt\u00e0 conta uno staff di oltre una decina di persone impiegate a tempo pieno, con i dipartimenti di <strong>Comunicazione<\/strong>, <strong>Media e Stampa<\/strong>, <strong>Marketing e \u201cSales\u201d<\/strong> (commerciale), Dipartimento <strong>Tecnico<\/strong>&#8230; non solo con il focus sull\u2019organizzazione di grandi eventi, ma anche con un\u2019attivit\u00e0 a 360\u00b0 sul piano della promozione. Oggi l&#8217;organizzazione di Paola e Francesco, grazie anche al coinvolgimento del figlio <strong>Federico<\/strong>, \u00e8 in grado di affiancare le aziende nello sviluppo dei brand, con soluzioni personalizzate, cos\u00ec da massimizzare la loro visibilit\u00e0 in un mercato sempre pi\u00f9 competitivo e in movimento.<\/span><\/p>\n<p><span style=\"color: #000000;\"><em>\u201c30 anni di esperienza, racchiusi in risultati raggiunti, in capacit\u00e0 e soprattutto conoscenza del settore. L\u2019essere imprenditori, per lo pi\u00f9 veneti, spinge verso il perseguimento ed il raggiungimento degli obiettivi, questo approccio porta oltre i sogni e stimola ad essere protagonisti di uno scenario\u2026 oggi di fama mondiale\u201d<\/em> Paola Somma, Head of Marketing and Sales di Motor Bike Expo<\/span><\/p>\n<p><span style=\"color: #000000;\"><em>\u201cVedere concretizzarsi un\u2019idea, un sogno\u2026 penso sia qualcosa che chiunque desideri. Motor Bike Expo \u00e8 l\u2019evento di chi, come me, ama la moto in tutte le sue declinazioni. Realizzare un sogno e mantenerlo ai pi\u00f9 alti livelli non \u00e8 facile. Ma cos\u2019\u00e8 facile?\u201d<\/em> <em>Francesco Agnoletto, CEO e Co-Founder di Motor Bike Expo<\/em><\/span><\/p>\n<p><span style=\"color: #000000;\">#MotorBikeExpo #MBE2024 #30anni<\/span><\/p>\n<p><span style=\"color: #000000;\">#PaolaSomma #FrancescoAgnoletto<\/span><\/p>\n<p><span style=\"color: #000000;\">Contatti<\/span><\/p>\n<p><span style=\"color: #000000;\">Resp. Ufficio Comunicazione: Thomas Petten\u00f2, 041 5010188,<\/span><\/p>\n<p><span style=\"color: #000000;\"><a style=\"color: #000000;\" href=\"mailto:thomaspetteno@motorbikeexpo.it\">thomaspetteno@motorbikeexpo.it<\/a><\/span><\/p>\n<p><span style=\"color: #000000;\"><a style=\"color: #000000;\" href=\"http:\/\/www.motorbikeexpo.it\/\">www.motorbikeexpo.it<\/a><\/span><\/p>\n<p><span style=\"color: #000000;\">Youtube: <a style=\"color: #000000;\" href=\"https:\/\/www.youtube.com\/@motorbikeexpo\">https:\/\/www.youtube.com\/@motorbikeexpo<\/a><\/span><\/p>\n<p><span style=\"color: #000000;\">Facebook: <a style=\"color: #000000;\" href=\"http:\/\/www.facebook.com\/MotorBikeExpoOfficial\">www.facebook.com\/MotorBikeExpoOfficial<\/a><\/span><\/p>\n<p><span style=\"color: #000000;\">Instagram: <a style=\"color: #000000;\" href=\"http:\/\/www.instagram.com\/motorbikeexpo\">www.instagram.com\/motorbikeexpo<\/a><\/span><\/p>\n<p><span style=\"color: #000000;\">Twitter: <a style=\"color: #000000;\" href=\"http:\/\/twitter.com\/motorbikeexpo\">twitter.com\/motorbikeexpo<\/a><\/span><\/p>\n<p><span style=\"color: #000000;\">LinkedIn: <a style=\"color: #000000;\" href=\"http:\/\/it.linkedin.com\/company\/motor-bike-expo\">it.linkedin.com\/company\/motor-bike-expo<\/a><\/span><\/p>\n<p><span style=\"color: #000000;\">TikTok: <a style=\"color: #000000;\" href=\"http:\/\/www.tiktok.com\/@motorbikeexpo\">www.tiktok.com\/@motorbikeexpo<\/a><\/span><\/p>\n<p><span style=\"color: #000000;\">WhatsApp info line: 347 748 8114<\/span><\/p>\n<p style=\"text-align: center;\"><span style=\"color: #000000;\">Testo e immagini a cura ufficio Stampa MBE<\/span><br \/>\n<span style=\"color: #000000;\">Tutti i diritti riservati \u00a9 2023 \u2013 Email: nonsolomodanews@gmail.com<style id=\"bwg-style-0\">      #bwg_container1_0 #bwg_container2_0 #bwg_mosaic_thumbnails_div_0 {        width: 100%;        position: relative;        background-color: rgba(255, 255, 255, 0.00);        text-align: center;        justify-content: center;                  margin-left: auto;          margin-right: auto;                    padding-left: 4px;          padding-top: 4px;                }          #bwg_container1_0 #bwg_container2_0 .bwg_mosaic_thumb_spun_0 {        display: block;        position: absolute;\t\t\t\tborder-radius: 0;\t\t\t\tborder: 0px none #CCCCCC;    \t\t    \t\tbackground-color:rgba(0,0,0, 0.30);        -moz-box-sizing: content-box !important;        -webkit-box-sizing: content-box !important;        box-sizing: content-box !important;      }\t\t\t#bwg_container1_0 #bwg_container2_0 .bwg_mosaic_thumb_0 {\t\t\t\tdisplay: block;\t\t\t\t-moz-box-sizing: content-box !important;\t\t\t\t-webkit-box-sizing: content-box !important;\t\t\t\tbox-sizing: content-box !important;\t\t\t\tmargin: 0;\t\t\t\topacity: 1.00;\t\t\t}      #bwg_container1_0 #bwg_container2_0 .bwg_mosaic_thumb_spun_0:hover {        opacity: 1;        backface-visibility: hidden;        -webkit-backface-visibility: hidden;        -moz-backface-visibility: hidden;        -ms-backface-visibility: hidden;        z-index: 102;      }\t      @media only screen and (min-width: 480px) {        #bwg_container1_0 #bwg_container2_0 .bwg_mosaic_thumb_spun_0:hover {          transform: scale(1.1);          -ms-transform: scale(1.1);          -webkit-transform: scale(1.1);        }      }\t      #bwg_container1_0 #bwg_container2_0 .bwg_mosaic_thumbnails_0 {        background-color: rgba(255, 255, 255, 0.00);        font-size: 0;        position: relative;        text-align: center;        display: inline-block;        visibility: hidden;              }\t  \/*image title styles*\/      #bwg_container1_0 #bwg_container2_0 .bwg_mosaic_title_spun1_0,      #bwg_container1_0 #bwg_container2_0 .bwg-mosaic-thumbnails .bwg_ecommerce_spun1_0 {        position: absolute;        display: block;        opacity: 0;        box-sizing: border-box;        text-align: center;\t\t\t\ttop: 50%;\t\t\t\tleft: 50%;\t\t\t\ttransform: translate(-50%, -50%);      }      #bwg_container1_0 #bwg_container2_0 .bwg-mosaic-thumbnails .bwg_mosaic_title_spun2_0,      #bwg_container1_0 #bwg_container2_0 .bwg-mosaic-thumbnails .bwg_ecommerce_spun2_0 {\t\t    color: #CCCCCC;        font-family: segoe ui;        font-size: 16px;        font-weight: bold;        text-shadow: 0px 0px 0px #888888;        vertical-align: middle;        word-wrap: break-word;      }            .bwg_mosaic_play_icon_spun_0 {        display: table;        position: absolute;        left: -10000px;        top: 0px;        opacity: 0;      }      .bwg_mosaic_play_icon_0 {        color: #CCCCCC;        font-size: 32px;        vertical-align: middle;        display: table-cell !important;        z-index: 1;        text-align: center;        margin: 0 auto;      }      #bwg_container1_0 #bwg_container2_0 .bwg_gal_title_0 {        background-color: rgba(0, 0, 0, 0);        color: #323A45;        display: block;        font-family: Ubuntu;        font-size: 16px;        font-weight: bold;        padding: 2px;        text-shadow: ;        text-align: center;      }            @media screen and (max-width: 350px) {      div[class^=\"bwg_mosaic_thumbnails_\"],      span[class^=\"bwg_mosaic_thumb_spun_\"] {      width: 100% !important;      }      img[class^=\"bwg_mosaic_thumb_\"] {      width: 100% !important;      height: auto !important;      margin: 0px auto !important;      }      }      <\/style>    <div id=\"bwg_container1_0\"         class=\"bwg_container bwg_thumbnail bwg_thumbnails_mosaic \"         data-right-click-protection=\"0\"         data-bwg=\"0\"         data-scroll=\"0\"         data-gallery-type=\"thumbnails_mosaic\"         data-gallery-view-type=\"thumbnails_mosaic\"         data-current-url=\"\/wordpress\/wp-json\/wp\/v2\/posts\/25806\"         data-lightbox-url=\"https:\/\/www.nonsolomodanews.it\/wordpress\/wp-admin\/admin-ajax.php?action=GalleryBox&#038;current_view=0&#038;gallery_id=728&#038;tag=0&#038;theme_id=1&#038;shortcode_id=1482&#038;sort_by=filename&#038;order_by=asc&#038;current_url=%2Fwordpress%2Fwp-json%2Fwp%2Fv2%2Fposts%2F25806\"         data-gallery-id=\"728\"         data-popup-width=\"800\"         data-popup-height=\"500\"         data-is-album=\"gallery\"         data-buttons-position=\"bottom\">      <div id=\"bwg_container2_0\">             <div id=\"ajax_loading_0\" class=\"bwg_loading_div_1\">      <div class=\"bwg_loading_div_2\">        <div class=\"bwg_loading_div_3\">          <div id=\"loading_div_0\" class=\"bwg_spider_ajax_loading\">          <\/div>        <\/div>      <\/div>    <\/div>            <form id=\"gal_front_form_0\"              class=\"bwg-hidden\"              method=\"post\"              action=\"#\"              data-current=\"0\"              data-shortcode-id=\"1482\"              data-gallery-type=\"thumbnails_mosaic\"              data-gallery-id=\"728\"              data-tag=\"0\"              data-album-id=\"0\"              data-theme-id=\"1\"              data-ajax-url=\"https:\/\/www.nonsolomodanews.it\/wordpress\/wp-admin\/admin-ajax.php?action=bwg_frontend_data\">          <div id=\"bwg_container3_0\" class=\"bwg-background bwg-background-0\">                <div id=\"bwg_mosaic_thumbnails_div_0\"         class=\"bwg-container-0 bwg-container bwg-mosaic-thumbnails\"         data-bwg=\"0\"         data-mosaic-direction=\"vertical\"         data-resizable=\"0\"         data-width=\"250\"         data-height=\"250\"         data-total-width=\"100\"         data-block-id=\"bwg_thumbnails_mosaic_0\"         data-thumb-padding=\"4\"         data-thumb-border=\"0\"         data-title-margin=\"2px\"         data-image-title=\"none\"         data-play-icon=\"1\"         data-ecommerce-icon=\"none\"         data-gallery-id=\"728\"         data-lightbox-url=\"https:\/\/www.nonsolomodanews.it\/wordpress\/wp-admin\/admin-ajax.php?action=GalleryBox&#038;current_view=0&#038;gallery_id=728&#038;tag=0&#038;theme_id=1&#038;shortcode_id=1482&#038;sort_by=filename&#038;order_by=asc&#038;current_url=%2Fwordpress%2Fwp-json%2Fwp%2Fv2%2Fposts%2F25806\"         data-mosaic-thumb-transition=\"1\"         style=\"visibility: hidden\" >      <div id=\"bwg_thumbnails_mosaic_0\" class=\"bwg_mosaic_thumbnails_0\">                  <a  class=\"bwg-a bwg_lightbox bwg_lightbox_0\" href=\"https:\/\/www.nonsolomodanews.it\/wordpress\/wp-content\/uploads\/photo-gallery\/MBE_30_anni\/Chopper-Custom-Show-Padova.jpg?bwg=1701122545\" data-image-id=\"37979\" data-elementor-open-lightbox=\"no\">          <div class=\"bwg_mosaic_thumb_spun_0 bwg-item0 bwg-mosaic-thumb-span \">            <img decoding=\"async\" class=\"bwg_mosaic_thumb_0 skip-lazy bwg_img_clear bwg_img_custom \"                 id=\"37979\"                 src=\"https:\/\/www.nonsolomodanews.it\/wordpress\/wp-content\/uploads\/photo-gallery\/MBE_30_anni\/thumb\/Chopper-Custom-Show-Padova.jpg?bwg=1701122545\"                 data-src=\"https:\/\/www.nonsolomodanews.it\/wordpress\/wp-content\/uploads\/photo-gallery\/MBE_30_anni\/thumb\/Chopper-Custom-Show-Padova.jpg?bwg=1701122545\"                 data-width=\"300.00\"                 data-height=\"223.00\"                 alt=\"Chopper-Custom-Show-Padova\"                 title=\"Chopper-Custom-Show-Padova\" \/>                      <\/div>        <\/a>                <a  class=\"bwg-a bwg_lightbox bwg_lightbox_0\" href=\"https:\/\/www.nonsolomodanews.it\/wordpress\/wp-content\/uploads\/photo-gallery\/MBE_30_anni\/Federico-Agnoletto.jpg?bwg=1701122545\" data-image-id=\"37980\" data-elementor-open-lightbox=\"no\">          <div class=\"bwg_mosaic_thumb_spun_0 bwg-item0 bwg-mosaic-thumb-span \">            <img decoding=\"async\" class=\"bwg_mosaic_thumb_0 skip-lazy bwg_img_clear bwg_img_custom \"                 id=\"37980\"                 src=\"https:\/\/www.nonsolomodanews.it\/wordpress\/wp-content\/uploads\/photo-gallery\/MBE_30_anni\/thumb\/Federico-Agnoletto.jpg?bwg=1701122545\"                 data-src=\"https:\/\/www.nonsolomodanews.it\/wordpress\/wp-content\/uploads\/photo-gallery\/MBE_30_anni\/thumb\/Federico-Agnoletto.jpg?bwg=1701122545\"                 data-width=\"300.00\"                 data-height=\"205.00\"                 alt=\"Federico-Agnoletto\"                 title=\"Federico-Agnoletto\" \/>                      <\/div>        <\/a>                <a  class=\"bwg-a bwg_lightbox bwg_lightbox_0\" href=\"https:\/\/www.nonsolomodanews.it\/wordpress\/wp-content\/uploads\/photo-gallery\/MBE_30_anni\/Francesco-Agnoletto-e-Alessandro-Borghese.jpg?bwg=1701122545\" data-image-id=\"37981\" data-elementor-open-lightbox=\"no\">          <div class=\"bwg_mosaic_thumb_spun_0 bwg-item0 bwg-mosaic-thumb-span \">            <img decoding=\"async\" class=\"bwg_mosaic_thumb_0 skip-lazy bwg_img_clear bwg_img_custom \"                 id=\"37981\"                 src=\"https:\/\/www.nonsolomodanews.it\/wordpress\/wp-content\/uploads\/photo-gallery\/MBE_30_anni\/thumb\/Francesco-Agnoletto-e-Alessandro-Borghese.jpg?bwg=1701122545\"                 data-src=\"https:\/\/www.nonsolomodanews.it\/wordpress\/wp-content\/uploads\/photo-gallery\/MBE_30_anni\/thumb\/Francesco-Agnoletto-e-Alessandro-Borghese.jpg?bwg=1701122545\"                 data-width=\"300.00\"                 data-height=\"234.00\"                 alt=\"Francesco-Agnoletto-e-Alessandro-Borghese\"                 title=\"Francesco-Agnoletto-e-Alessandro-Borghese\" \/>                      <\/div>        <\/a>                <a  class=\"bwg-a bwg_lightbox bwg_lightbox_0\" href=\"https:\/\/www.nonsolomodanews.it\/wordpress\/wp-content\/uploads\/photo-gallery\/MBE_30_anni\/Francesco-Federico-e-Alvise-Rigo.jpg?bwg=1701122545\" data-image-id=\"37983\" data-elementor-open-lightbox=\"no\">          <div class=\"bwg_mosaic_thumb_spun_0 bwg-item0 bwg-mosaic-thumb-span \">            <img decoding=\"async\" class=\"bwg_mosaic_thumb_0 skip-lazy bwg_img_clear bwg_img_custom \"                 id=\"37983\"                 src=\"https:\/\/www.nonsolomodanews.it\/wordpress\/wp-content\/uploads\/photo-gallery\/MBE_30_anni\/thumb\/Francesco-Federico-e-Alvise-Rigo.jpg?bwg=1701122545\"                 data-src=\"https:\/\/www.nonsolomodanews.it\/wordpress\/wp-content\/uploads\/photo-gallery\/MBE_30_anni\/thumb\/Francesco-Federico-e-Alvise-Rigo.jpg?bwg=1701122545\"                 data-width=\"300.00\"                 data-height=\"206.00\"                 alt=\"Francesco-Federico-e-Alvise-Rigo\"                 title=\"Francesco-Federico-e-Alvise-Rigo\" \/>                      <\/div>        <\/a>                <a  class=\"bwg-a bwg_lightbox bwg_lightbox_0\" href=\"https:\/\/www.nonsolomodanews.it\/wordpress\/wp-content\/uploads\/photo-gallery\/MBE_30_anni\/Francesco-Paola-e-Federico.jpg?bwg=1701122545\" data-image-id=\"37982\" data-elementor-open-lightbox=\"no\">          <div class=\"bwg_mosaic_thumb_spun_0 bwg-item0 bwg-mosaic-thumb-span \">            <img decoding=\"async\" class=\"bwg_mosaic_thumb_0 skip-lazy bwg_img_clear bwg_img_custom \"                 id=\"37982\"                 src=\"https:\/\/www.nonsolomodanews.it\/wordpress\/wp-content\/uploads\/photo-gallery\/MBE_30_anni\/thumb\/Francesco-Paola-e-Federico.jpg?bwg=1701122545\"                 data-src=\"https:\/\/www.nonsolomodanews.it\/wordpress\/wp-content\/uploads\/photo-gallery\/MBE_30_anni\/thumb\/Francesco-Paola-e-Federico.jpg?bwg=1701122545\"                 data-width=\"300.00\"                 data-height=\"207.00\"                 alt=\"Francesco-Paola-e-Federico\"                 title=\"Francesco-Paola-e-Federico\" \/>                      <\/div>        <\/a>                <a  class=\"bwg-a bwg_lightbox bwg_lightbox_0\" href=\"https:\/\/www.nonsolomodanews.it\/wordpress\/wp-content\/uploads\/photo-gallery\/MBE_30_anni\/Francesco-Paola-e-Federico.png?bwg=1701122545\" data-image-id=\"37986\" data-elementor-open-lightbox=\"no\">          <div class=\"bwg_mosaic_thumb_spun_0 bwg-item0 bwg-mosaic-thumb-span \">            <img decoding=\"async\" class=\"bwg_mosaic_thumb_0 skip-lazy bwg_img_clear bwg_img_custom \"                 id=\"37986\"                 src=\"https:\/\/www.nonsolomodanews.it\/wordpress\/wp-content\/uploads\/photo-gallery\/MBE_30_anni\/thumb\/Francesco-Paola-e-Federico.png?bwg=1701122545\"                 data-src=\"https:\/\/www.nonsolomodanews.it\/wordpress\/wp-content\/uploads\/photo-gallery\/MBE_30_anni\/thumb\/Francesco-Paola-e-Federico.png?bwg=1701122545\"                 data-width=\"300.00\"                 data-height=\"207.00\"                 alt=\"Francesco-Paola-e-Federico\"                 title=\"Francesco-Paola-e-Federico\" \/>                      <\/div>        <\/a>                <a  class=\"bwg-a bwg_lightbox bwg_lightbox_0\" href=\"https:\/\/www.nonsolomodanews.it\/wordpress\/wp-content\/uploads\/photo-gallery\/MBE_30_anni\/MBE-2012.jpg?bwg=1701122545\" data-image-id=\"37984\" data-elementor-open-lightbox=\"no\">          <div class=\"bwg_mosaic_thumb_spun_0 bwg-item0 bwg-mosaic-thumb-span \">            <img decoding=\"async\" class=\"bwg_mosaic_thumb_0 skip-lazy bwg_img_clear bwg_img_custom \"                 id=\"37984\"                 src=\"https:\/\/www.nonsolomodanews.it\/wordpress\/wp-content\/uploads\/photo-gallery\/MBE_30_anni\/thumb\/MBE-2012.jpg?bwg=1701122545\"                 data-src=\"https:\/\/www.nonsolomodanews.it\/wordpress\/wp-content\/uploads\/photo-gallery\/MBE_30_anni\/thumb\/MBE-2012.jpg?bwg=1701122545\"                 data-width=\"300.00\"                 data-height=\"130.00\"                 alt=\"MBE-2012\"                 title=\"MBE-2012\" \/>                      <\/div>        <\/a>                <a  class=\"bwg-a bwg_lightbox bwg_lightbox_0\" href=\"https:\/\/www.nonsolomodanews.it\/wordpress\/wp-content\/uploads\/photo-gallery\/MBE_30_anni\/MBE-2017-Vittorio-Sgarbi.jpg?bwg=1701122545\" data-image-id=\"37985\" data-elementor-open-lightbox=\"no\">          <div class=\"bwg_mosaic_thumb_spun_0 bwg-item0 bwg-mosaic-thumb-span \">            <img decoding=\"async\" class=\"bwg_mosaic_thumb_0 skip-lazy bwg_img_clear bwg_img_custom \"                 id=\"37985\"                 src=\"https:\/\/www.nonsolomodanews.it\/wordpress\/wp-content\/uploads\/photo-gallery\/MBE_30_anni\/thumb\/MBE-2017-Vittorio-Sgarbi.jpg?bwg=1701122545\"                 data-src=\"https:\/\/www.nonsolomodanews.it\/wordpress\/wp-content\/uploads\/photo-gallery\/MBE_30_anni\/thumb\/MBE-2017-Vittorio-Sgarbi.jpg?bwg=1701122545\"                 data-width=\"300.00\"                 data-height=\"200.00\"                 alt=\"MBE-2017-Vittorio-Sgarbi\"                 title=\"MBE-2017-Vittorio-Sgarbi\" \/>                      <\/div>        <\/a>                <a  class=\"bwg-a bwg_lightbox bwg_lightbox_0\" href=\"https:\/\/www.nonsolomodanews.it\/wordpress\/wp-content\/uploads\/photo-gallery\/MBE_30_anni\/MBE-Jesse-James.jpg?bwg=1701122545\" data-image-id=\"37987\" data-elementor-open-lightbox=\"no\">          <div class=\"bwg_mosaic_thumb_spun_0 bwg-item0 bwg-mosaic-thumb-span \">            <img decoding=\"async\" class=\"bwg_mosaic_thumb_0 skip-lazy bwg_img_clear bwg_img_custom \"                 id=\"37987\"                 src=\"https:\/\/www.nonsolomodanews.it\/wordpress\/wp-content\/uploads\/photo-gallery\/MBE_30_anni\/thumb\/MBE-Jesse-James.jpg?bwg=1701122545\"                 data-src=\"https:\/\/www.nonsolomodanews.it\/wordpress\/wp-content\/uploads\/photo-gallery\/MBE_30_anni\/thumb\/MBE-Jesse-James.jpg?bwg=1701122545\"                 data-width=\"300.00\"                 data-height=\"188.00\"                 alt=\"MBE-Jesse-James\"                 title=\"MBE-Jesse-James\" \/>                      <\/div>        <\/a>                <a  class=\"bwg-a bwg_lightbox bwg_lightbox_0\" href=\"https:\/\/www.nonsolomodanews.it\/wordpress\/wp-content\/uploads\/photo-gallery\/MBE_30_anni\/MBE-Ospiti-internazionali.jpg?bwg=1701122545\" data-image-id=\"37989\" data-elementor-open-lightbox=\"no\">          <div class=\"bwg_mosaic_thumb_spun_0 bwg-item0 bwg-mosaic-thumb-span \">            <img decoding=\"async\" class=\"bwg_mosaic_thumb_0 skip-lazy bwg_img_clear bwg_img_custom \"                 id=\"37989\"                 src=\"https:\/\/www.nonsolomodanews.it\/wordpress\/wp-content\/uploads\/photo-gallery\/MBE_30_anni\/thumb\/MBE-Ospiti-internazionali.jpg?bwg=1701122545\"                 data-src=\"https:\/\/www.nonsolomodanews.it\/wordpress\/wp-content\/uploads\/photo-gallery\/MBE_30_anni\/thumb\/MBE-Ospiti-internazionali.jpg?bwg=1701122545\"                 data-width=\"300.00\"                 data-height=\"180.00\"                 alt=\"MBE-Ospiti-internazionali\"                 title=\"MBE-Ospiti-internazionali\" \/>                      <\/div>        <\/a>                <a  class=\"bwg-a bwg_lightbox bwg_lightbox_0\" href=\"https:\/\/www.nonsolomodanews.it\/wordpress\/wp-content\/uploads\/photo-gallery\/MBE_30_anni\/MBE-Verona.jpg?bwg=1701122545\" data-image-id=\"37988\" data-elementor-open-lightbox=\"no\">          <div class=\"bwg_mosaic_thumb_spun_0 bwg-item0 bwg-mosaic-thumb-span \">            <img decoding=\"async\" class=\"bwg_mosaic_thumb_0 skip-lazy bwg_img_clear bwg_img_custom \"                 id=\"37988\"                 src=\"https:\/\/www.nonsolomodanews.it\/wordpress\/wp-content\/uploads\/photo-gallery\/MBE_30_anni\/thumb\/MBE-Verona.jpg?bwg=1701122545\"                 data-src=\"https:\/\/www.nonsolomodanews.it\/wordpress\/wp-content\/uploads\/photo-gallery\/MBE_30_anni\/thumb\/MBE-Verona.jpg?bwg=1701122545\"                 data-width=\"300.00\"                 data-height=\"200.00\"                 alt=\"MBE-Verona\"                 title=\"MBE-Verona\" \/>                      <\/div>        <\/a>                <a  class=\"bwg-a bwg_lightbox bwg_lightbox_0\" href=\"https:\/\/www.nonsolomodanews.it\/wordpress\/wp-content\/uploads\/photo-gallery\/MBE_30_anni\/Motor-Bike-Expo.jpg?bwg=1701122545\" data-image-id=\"37992\" data-elementor-open-lightbox=\"no\">          <div class=\"bwg_mosaic_thumb_spun_0 bwg-item0 bwg-mosaic-thumb-span \">            <img decoding=\"async\" class=\"bwg_mosaic_thumb_0 skip-lazy bwg_img_clear bwg_img_custom \"                 id=\"37992\"                 src=\"https:\/\/www.nonsolomodanews.it\/wordpress\/wp-content\/uploads\/photo-gallery\/MBE_30_anni\/thumb\/Motor-Bike-Expo.jpg?bwg=1701122545\"                 data-src=\"https:\/\/www.nonsolomodanews.it\/wordpress\/wp-content\/uploads\/photo-gallery\/MBE_30_anni\/thumb\/Motor-Bike-Expo.jpg?bwg=1701122545\"                 data-width=\"300.00\"                 data-height=\"200.00\"                 alt=\"Motor-Bike-Expo\"                 title=\"Motor-Bike-Expo\" \/>                      <\/div>        <\/a>                <a  class=\"bwg-a bwg_lightbox bwg_lightbox_0\" href=\"https:\/\/www.nonsolomodanews.it\/wordpress\/wp-content\/uploads\/photo-gallery\/MBE_30_anni\/Paola-Somma-e-Sabrina-Salerno.jpg?bwg=1701122545\" data-image-id=\"37991\" data-elementor-open-lightbox=\"no\">          <div class=\"bwg_mosaic_thumb_spun_0 bwg-item0 bwg-mosaic-thumb-span \">            <img decoding=\"async\" class=\"bwg_mosaic_thumb_0 skip-lazy bwg_img_clear bwg_img_custom \"                 id=\"37991\"                 src=\"https:\/\/www.nonsolomodanews.it\/wordpress\/wp-content\/uploads\/photo-gallery\/MBE_30_anni\/thumb\/Paola-Somma-e-Sabrina-Salerno.jpg?bwg=1701122545\"                 data-src=\"https:\/\/www.nonsolomodanews.it\/wordpress\/wp-content\/uploads\/photo-gallery\/MBE_30_anni\/thumb\/Paola-Somma-e-Sabrina-Salerno.jpg?bwg=1701122545\"                 data-width=\"300.00\"                 data-height=\"200.00\"                 alt=\"Paola-Somma-e-Sabrina-Salerno\"                 title=\"Paola-Somma-e-Sabrina-Salerno\" \/>                      <\/div>        <\/a>                <a  class=\"bwg-a bwg_lightbox bwg_lightbox_0\" href=\"https:\/\/www.nonsolomodanews.it\/wordpress\/wp-content\/uploads\/photo-gallery\/MBE_30_anni\/Serata-di-Gala-MBE-2023.jpg?bwg=1701122545\" data-image-id=\"37990\" data-elementor-open-lightbox=\"no\">          <div class=\"bwg_mosaic_thumb_spun_0 bwg-item0 bwg-mosaic-thumb-span \">            <img decoding=\"async\" class=\"bwg_mosaic_thumb_0 skip-lazy bwg_img_clear bwg_img_custom \"                 id=\"37990\"                 src=\"https:\/\/www.nonsolomodanews.it\/wordpress\/wp-content\/uploads\/photo-gallery\/MBE_30_anni\/thumb\/Serata-di-Gala-MBE-2023.jpg?bwg=1701122545\"                 data-src=\"https:\/\/www.nonsolomodanews.it\/wordpress\/wp-content\/uploads\/photo-gallery\/MBE_30_anni\/thumb\/Serata-di-Gala-MBE-2023.jpg?bwg=1701122545\"                 data-width=\"300.00\"                 data-height=\"200.00\"                 alt=\"Serata-di-Gala-MBE-2023\"                 title=\"Serata-di-Gala-MBE-2023\" \/>                      <\/div>        <\/a>            <\/div>    <\/div>    <style>      \/*pagination styles*\/      #bwg_container1_0 #bwg_container2_0 .tablenav-pages_0 {\t\t\t\ttext-align: center;\t\t\t\tfont-size: 12px;\t\t\t\tfont-family: segoe ui;\t\t\t\tfont-weight: bold;\t\t\t\tcolor: #666666;\t\t\t\tmargin: 6px 0 4px;\t\t\t\tdisplay: block;      }      @media only screen and (max-width : 320px) {      #bwg_container1_0 #bwg_container2_0 .displaying-num_0 {     \t display: none;      }      }      #bwg_container1_0 #bwg_container2_0 .displaying-num_0 {\t\t\t\tfont-size: 12px;\t\t\t\tfont-family: segoe ui;\t\t\t\tfont-weight: bold;\t\t\t\tcolor: #666666;\t\t\t\tmargin-right: 10px;\t\t\t\tvertical-align: middle;      }      #bwg_container1_0 #bwg_container2_0 .paging-input_0 {\t\t\t\tfont-size: 12px;\t\t\t\tfont-family: segoe ui;\t\t\t\tfont-weight: bold;\t\t\t\tcolor: #666666;\t\t\t\tvertical-align: middle;      }      #bwg_container1_0 #bwg_container2_0 .tablenav-pages_0 a.disabled,      #bwg_container1_0 #bwg_container2_0 .tablenav-pages_0 a.disabled:hover,      #bwg_container1_0 #bwg_container2_0 .tablenav-pages_0 a.disabled:focus,\t\t\t#bwg_container1_0 #bwg_container2_0 .tablenav-pages_0 input.bwg_current_page {\t\t\t\tcursor: default;\t\t\t\tcolor: rgba(102, 102, 102, 0.5);      }      #bwg_container1_0 #bwg_container2_0 .tablenav-pages_0 a,      #bwg_container1_0 #bwg_container2_0 .tablenav-pages_0 input.bwg_current_page {\t\t\t\tcursor: pointer;\t\t\t\ttext-align: center;\t\t\t\tfont-size: 12px;\t\t\t\tfont-family: segoe ui;\t\t\t\tfont-weight: bold;\t\t\t\tcolor: #666666;\t\t\t\ttext-decoration: none;\t\t\t\tpadding: 3px 6px;\t\t\t\tmargin: 0;\t\t\t\tborder-radius: 0;\t\t\t\tborder-style: solid;\t\t\t\tborder-width: 1px;\t\t\t\tborder-color: #E3E3E3;\t\t\t\t\t\t\t\tbackground-color: rgba(255, 255, 255, 1.00);\t\t\t\tbox-shadow: 0;\t\t\t\ttransition: all 0.3s ease 0s;-webkit-transition: all 0.3s ease 0s;      }      <\/style>      <span class=\"bwg_nav_cont_0\">              <div class=\"tablenav-pages_0\">                  <\/div>                <input type=\"hidden\" id=\"page_number_0\" name=\"page_number_0\" value=\"1\" \/>      <script type=\"text\/javascript\">        if( jQuery('.bwg_nav_cont_0').length > 1 ) {          jQuery('.bwg_nav_cont_0').first().remove()        }        function spider_page_0(cur, x, y, load_more) {          if (typeof load_more == \"undefined\") {            var load_more = false;          }          if (jQuery(cur).hasClass('disabled')) {            return false;          }          var items_county_0 = 1;          switch (y) {            case 1:              if (x >= items_county_0) {                document.getElementById('page_number_0').value = items_county_0;              }              else {                document.getElementById('page_number_0').value = x + 1;              }              break;            case 2:              document.getElementById('page_number_0').value = items_county_0;              break;            case -1:              if (x == 1) {                document.getElementById('page_number_0').value = 1;              }              else {                document.getElementById('page_number_0').value = x - 1;              }              break;            case -2:              document.getElementById('page_number_0').value = 1;              break;\t\t\t\t\t\tcase 0:              document.getElementById('page_number_0').value = x;              break;            default:              document.getElementById('page_number_0').value = 1;          }          bwg_ajax('gal_front_form_0', '0', 'bwg_thumbnails_mosaic_0', '0', '', 'gallery', 0, '', '', load_more, '', 1);        }                    jQuery('.first-page-0').on('click', function () {              spider_page_0(this, 1, -2, 'numeric');              return false;            });            jQuery('.prev-page-0').on('click', function () {              spider_page_0(this, 1, -1, 'numeric');              return false;            });            jQuery('.next-page-0').on('click', function () {              spider_page_0(this, 1, 1, 'numeric');              return false;            });            jQuery('.last-page-0').on('click', function () {              spider_page_0(this, 1, 2, 'numeric');              return false;            });        \t\t\t\t\/* Change page on input enter. *\/        function bwg_change_page_0( e, that ) {          if (  e.key == 'Enter' ) {            var to_page = parseInt(jQuery(that).val());            var pages_count = jQuery(that).parents(\".pagination-links\").data(\"pages-count\");            var current_url_param = jQuery(that).attr('data-url-info');            if (to_page > pages_count) {              to_page = 1;            }\t \t\t\t\t\t\t\t\t\t\t\t\tspider_page_0(this, to_page, 0, 'numeric');\t\t\t\t\t\t\treturn false;\t\t\t\t\t\t          }          return true;        }        jQuery('.bwg_load_btn_0').on('click', function () {            spider_page_0(this, 1, 1, true);            return false;        });      <\/script>      <\/span>                <\/div>        <\/form>        <style>          #bwg_container1_0 #bwg_container2_0 #spider_popup_overlay_0 {          background-color: #000000;          opacity: 0.70;          }          <\/style>        <div id=\"bwg_spider_popup_loading_0\" class=\"bwg_spider_popup_loading\"><\/div>        <div id=\"spider_popup_overlay_0\" class=\"spider_popup_overlay\" onclick=\"spider_destroypopup(1000)\"><\/div>        <input type=\"hidden\" id=\"bwg_random_seed_0\" value=\"1535426819\">                <\/div>    <\/div>    <script>      if (document.readyState === 'complete') {        if( typeof bwg_main_ready == 'function' ) {          if ( jQuery(\"#bwg_container1_0\").height() ) {            bwg_main_ready(jQuery(\"#bwg_container1_0\"));          }        }      } else {        document.addEventListener('DOMContentLoaded', function() {          if( typeof bwg_main_ready == 'function' ) {            if ( jQuery(\"#bwg_container1_0\").height() ) {             bwg_main_ready(jQuery(\"#bwg_container1_0\"));            }          }        });      }    <\/script>    <\/p>\n<p><\/span><\/p>\n<p>&nbsp;<\/p>\n<p>&nbsp;<\/p>\n","protected":false},"excerpt":{"rendered":"<p>Da evento locale a manifestazione internazionale. Al via i festeggiamenti per il 30&deg; anno di attivit&agrave;&nbsp; di Paola Somma e Francesco Agnoletto: ideatori e organizzatori di Motor Bike Expo Il tempo vola veloce e gli scenari mutano continuamente, ma ci sono delle costanti che resistono e si evolvono &ldquo;surfando&rdquo; tra le novit&agrave; ed i cambiamenti che si susseguono. Una di queste &egrave; un appuntamento fisso, imperdibile per i veri appassionati di moto, che si tiene straordinariamente d&rsquo;inverno, durante i primi giorni dell&rsquo;anno&hellip; un evento che ha vissuto una crescita esponenziale, diventando punto di riferimento globale.<\/p>\n","protected":false},"author":1,"featured_media":25809,"comment_status":"open","ping_status":"open","sticky":false,"template":"","format":"standard","meta":{"rop_custom_images_group":[],"rop_custom_messages_group":[],"rop_publish_now":"initial","rop_publish_now_accounts":[],"rop_publish_now_history":[],"rop_publish_now_status":"pending","footnotes":""},"categories":[16],"tags":[281,372,2794,2153,1099],"class_list":["post-25806","post","type-post","status-publish","format-standard","has-post-thumbnail","hentry","category-articolo","tag-bruno-angelo-porcellana","tag-comunicato-stampa-2","tag-mbe","tag-motor-bike-expo","tag-nonsolomodanews"],"_links":{"self":[{"href":"https:\/\/www.nonsolomodanews.it\/wordpress\/wp-json\/wp\/v2\/posts\/25806","targetHints":{"allow":["GET"]}}],"collection":[{"href":"https:\/\/www.nonsolomodanews.it\/wordpress\/wp-json\/wp\/v2\/posts"}],"about":[{"href":"https:\/\/www.nonsolomodanews.it\/wordpress\/wp-json\/wp\/v2\/types\/post"}],"author":[{"embeddable":true,"href":"https:\/\/www.nonsolomodanews.it\/wordpress\/wp-json\/wp\/v2\/users\/1"}],"replies":[{"embeddable":true,"href":"https:\/\/www.nonsolomodanews.it\/wordpress\/wp-json\/wp\/v2\/comments?post=25806"}],"version-history":[{"count":6,"href":"https:\/\/www.nonsolomodanews.it\/wordpress\/wp-json\/wp\/v2\/posts\/25806\/revisions"}],"predecessor-version":[{"id":25818,"href":"https:\/\/www.nonsolomodanews.it\/wordpress\/wp-json\/wp\/v2\/posts\/25806\/revisions\/25818"}],"wp:featuredmedia":[{"embeddable":true,"href":"https:\/\/www.nonsolomodanews.it\/wordpress\/wp-json\/wp\/v2\/media\/25809"}],"wp:attachment":[{"href":"https:\/\/www.nonsolomodanews.it\/wordpress\/wp-json\/wp\/v2\/media?parent=25806"}],"wp:term":[{"taxonomy":"category","embeddable":true,"href":"https:\/\/www.nonsolomodanews.it\/wordpress\/wp-json\/wp\/v2\/categories?post=25806"},{"taxonomy":"post_tag","embeddable":true,"href":"https:\/\/www.nonsolomodanews.it\/wordpress\/wp-json\/wp\/v2\/tags?post=25806"}],"curies":[{"name":"wp","href":"https:\/\/api.w.org\/{rel}","templated":true}]}}