{"id":25773,"date":"2023-11-26T09:51:27","date_gmt":"2023-11-26T09:51:27","guid":{"rendered":"https:\/\/www.nonsolomodanews.it\/wordpress\/?p=25773"},"modified":"2023-11-26T09:59:18","modified_gmt":"2023-11-26T09:59:18","slug":"stefano-belisari-in-arte-elio-delle-storie-tese-ha-inaugurato-il-12o-mercato-dei-vini-dei-vignaioli-indipendenti","status":"publish","type":"post","link":"https:\/\/www.nonsolomodanews.it\/wordpress\/stefano-belisari-in-arte-elio-delle-storie-tese-ha-inaugurato-il-12o-mercato-dei-vini-dei-vignaioli-indipendenti\/","title":{"rendered":"Stefano Belisari, in arte Elio (delle storie tese) ha Inaugurato il 12\u00ba Mercato dei Vini dei Vignaioli Indipendenti"},"content":{"rendered":"<p><img loading=\"lazy\" decoding=\"async\" class=\"size-medium wp-image-25783 alignleft\" src=\"https:\/\/www.nonsolomodanews.it\/wordpress\/wp-content\/uploads\/2023\/11\/IMG_0957-225x300.jpeg\" alt=\"\" width=\"225\" height=\"300\" srcset=\"https:\/\/www.nonsolomodanews.it\/wordpress\/wp-content\/uploads\/2023\/11\/IMG_0957-225x300.jpeg 225w, https:\/\/www.nonsolomodanews.it\/wordpress\/wp-content\/uploads\/2023\/11\/IMG_0957-768x1024.jpeg 768w, https:\/\/www.nonsolomodanews.it\/wordpress\/wp-content\/uploads\/2023\/11\/IMG_0957-1152x1536.jpeg 1152w, https:\/\/www.nonsolomodanews.it\/wordpress\/wp-content\/uploads\/2023\/11\/IMG_0957-1080x1440.jpeg 1080w, https:\/\/www.nonsolomodanews.it\/wordpress\/wp-content\/uploads\/2023\/11\/IMG_0957-rotated.jpeg 1536w\" sizes=\"auto, (max-width: 225px) 100vw, 225px\" \/>Inaugurato il 12\u00ba Mercato dei Vini dei Vignaioli Indipendenti &#8211; Il pi\u00f9 importante evento dei Vignaioli italiani prosegue a BolognaFiere fino a luned\u00ec 27 novembre.<br \/>\n<strong>Pi\u00f9 di 1.000 espositori, tra vignaioli italiani ed europei, olivicoltori e artigiani del cibo. <\/strong><strong>8.000 vini da assaggiare e acquistare, <\/strong><strong>e masterclass sulle eccellenze dell\u2019enologia italiana<\/strong><\/p>\n<p><!--more--><br \/>\n<strong>\u00a0<\/strong><em>\u00a0\u201cCi sono tutte le premesse perch\u00e9 sia una tre giorni di successo e da qui vogliamo iniziare una lunga avventura insieme. Tenevamo particolarmente ad avere il Mercato dei Vini dei Vignaioli Indipendenti a BolognaFiere che, grazie anche alla Slow Wine Fair in calendario la prossima primavera, sta diventando il punto di riferimento fieristico per i produttori e i consumatori di vino di qualit\u00e0\u201d.<\/em><br \/>\nCon queste parole, il Presidente di BolognaFiere, <strong>Gianpiero Calzolari<\/strong>, ha aperto la dodicesima edizione del Mercato dei Vini dei Vignaioli Indipendenti, che <strong>per la prima volta <\/strong>si tiene <strong>nel capoluogo emiliano<\/strong>, dove proseguir\u00e0 <strong>fino a luned\u00ec 27 novembre<\/strong>.<br \/>\nIl taglio del nastro \u00e8 stato affidato a un ospite d\u2019onore, il cantautore <strong>Elio <\/strong>(all\u2019anagrafe Stefano Belisari), che ha poi ricevuto da <strong>FIVI <\/strong>&#8211; Federazione Italiana Vignaioli Indipendenti il <strong>premio \u201cVignaiolo come noi\u201d <\/strong>per aver <em>\u201criannodato i fili delle sue radici contadine <\/em>\u2013 questo un passaggio della motivazione \u2013 <em>e, pur rimanendo a vivere in citt\u00e0, aver trovato nella campagna marchigiana un luogo dove esprimere un altro lato del suo caleidoscopico talento\u201d.<\/em><br \/>\nIl <strong>Comune di Bologna<\/strong>, che patrocina il Mercato dei Vini, era presente all\u2019inaugurazione con <strong>Daniele Ara<\/strong>, Assessore all&#8217;Educazione ambientale, Agricoltura, Agroalimentare e Reti idriche, che ha ringraziato FIVI per aver scelto Bologna e ha sottolineato come il vino sia un prodotto centrale per la citt\u00e0 e per la regione: <em>\u201cQuesto evento ci consente di riprendere il dialogo con i consumatori, che talvolta dimenticano quanto sia rilevante bere bene, cio\u00e8 prodotti di qualit\u00e0, che hanno un\u2019identit\u00e0, un legame con il territorio\u201d. <\/em>Ara ha, inoltre, ringraziato <strong>Confcommercio Ascom Bologna<\/strong>, che supporta la manifestazione, per aver consentito \u2013 in particolare, con la <strong>\u201cLa notte bianca dei Vignaioli\u201d <\/strong>in programma sabato 25 novembre<br \/>\n\u2013 di portare la fiera nei luoghi della citt\u00e0.<br \/>\nMa l\u2019intervento pi\u00f9 atteso dal pubblico dei Vignaioli \u00e8 stato quello di <strong>Lorenzo Cesconi<\/strong>, Presidente di FIVI: <em>\u201cIl Mercato dei Vini ci permette di promuovere degli ideali produttivi sani e veri, che partono dalla terra con estrema onest\u00e0 e arrivano nelle bottiglie che mettiamo sulle nostre tavole. Qui in fiera trova espressione un percorso identitario spontaneo e virtuoso, che come FIVI cerchiamo di accompagnare. Venire a Bologna segna un cambiamento epocale ed \u00e8 una sfida, ma la manifestazione aveva ormai bisogno di spazi e servizi adeguati, all\u2019altezza dei Vignaioli e dei visitatori, per continuare ad appassionare tutti\u201d.<\/em><br \/>\nIl Mercato si dispiega su <strong>30.000 metri quadrati<\/strong>, distribuiti in <strong>quattro padiglioni<\/strong>.<br \/>\nNel <strong>29 e <\/strong>nel <strong>30 <\/strong>sono collocati ben <strong>985 Vignaioli <\/strong>soci FIVI, provenienti <strong>da tutte le regioni italiane<\/strong>. Accanto a loro, i <strong>Vignaioli europei <\/strong>di due associazioni nazionali appartenenti a <strong>CEVI <\/strong>&#8211; Conf\u00e9d\u00e9ration Europ\u00e9enne des Vignerons Ind\u00e9pendants e <strong>29 olivicoltori <\/strong>indipendenti soci della <strong>FIOI <\/strong>&#8211; Federazione Italiana Olivicoltori Indipendenti.<br \/>\n<strong>Oltre 8.000 i vini in assaggio<\/strong>, che il pubblico pu\u00f2 acquistare e trasportare fino al parcheggio multipiano Michelino con gli iconici <strong>carrelli <\/strong>FIVI (restituendoli l\u00ec agli organizzatori, senza dover tornare nei padiglioni) oppure farsi recapitare direttamente a casa grazie a un pratico <strong>servizio di spedizioni<\/strong>.<br \/>\nNella galleria centrale tra i padiglioni 29 e 30 trovano spazio i partner e gli sponsor del Mercato dei Vini, nonch\u00e9 lo <strong>stand istituzionale FIVI <\/strong>con le celebri <strong>t-shirt e <\/strong>altri <strong>gadget <\/strong>firmati \u201cVignaioli Indipendenti\u201d, mentre i <strong>padiglioni 28 e 36 <\/strong>ospitano il <strong>food <\/strong>e i servizi correlati al Mercato.<br \/>\nNel <strong>programma di domani, domenica 26 novembre<\/strong>, spiccano due <strong>masterclass <\/strong>realizzate in collaborazione con <strong>ALMA <\/strong>&#8211; La scuola internazionale di cucina italiana e <strong>dedicate ad altrettanti importanti vitigni autoctoni<\/strong>, vere e proprie <strong>eccellenze dell\u2019enologia italiana<\/strong>.<br \/>\nLa prima degustazione guidata dai Vignaioli si terr\u00e0 <strong>dalle 11.30 alle 13.00 <\/strong>e verter\u00e0 su <strong>\u201cU Baccan, il Pigato che sfida il tempo\u201d<\/strong>.<br \/>\nSevera selezione delle vigne pi\u00f9 vecchie dei vigneti aziendali, \u201cU Baccan\u201d \u2013 \u201cil capo\u201d, in dialetto ligure \u2013 \u00e8 una delle pi\u00f9 importanti e note espressioni del Pigato e mostra la vocazione di questo vitigno a produrre un vino di grande personalit\u00e0, con ottime capacit\u00e0 d\u2019invecchiamento.<br \/>\nRiccardo Bruna \u00e8 stato uno dei pionieri del Pigato, che ha imbottigliato gi\u00e0 dai primi anni Settanta: affettuosamente ribattezzato \u201cU Baccan\u201d, con l\u2019omonimo vino la famiglia Bruna porta avanti la memoria di Riccardo, nella concretezza di tante vendemmie.<br \/>\nIl produttore Roberto Germani dialoga con Paolo Trimani, enotecaro a Roma e Vignaiolo nel Lazio. In degustazione: Pigato Riviera Ligure di Ponente DOC \u201cU Baccan\u201d 2016\/17\/19\/20\/21.<br \/>\nA seguire, <strong>dalle 14.30 alle 16.00<\/strong>, la Masterclass <strong>\u201cEmozioni dal Vulture: il \u201cDamaschito\u201d di Grifalco\u201d<\/strong>. Un unico cru, nel cuore del Vulture. Vigne di Aglianico di oltre settant\u2019anni. Una vinificazione scrupolosa e circa due anni di affinamento in botte. Nasce cos\u00ec il Damaschito di Grifalco, una delle versioni di Aglianico della cantina di Venosa, che fin dalla fondazione ha deciso di dedicarsi solo a questo antico vitigno. Il produttore Andrea Piccin dialoga con Angela Fronti, Vignaiola in Toscana.<br \/>\nIn degustazione: Aglianico del Vulture Superiore DOCG \u201cDamaschito\u201d 2015\/16\/17\/18\/19. Per informazioni e prenotazioni, scrivere a <a href=\"mailto:info@fivi.it\">info@fivi.it<\/a>.<br \/>\nPer maggiori dettagli su orari, ingressi, biglietti, parcheggi, spedizioni: <a href=\"https:\/\/mercatodeivini.it\/\">mercatodeivini.it<\/a>.<\/p>\n<p style=\"text-align: center;\">Testo a cura Ufficio stampa BolognaFiere &#8211; Ufficio Stampa FIVI<br \/>\nTutti i diritti riservati \u00a9 2023 \u2013 Email:\u00a0<a href=\"mailto:nonsolomodanews@gmail.com\">nonsolomodanews@gmail.com<\/a><\/p>\n<p><iframe loading=\"lazy\" title=\"Inaugurato il 12\u00ba Mercato dei Vini dei Vignaioli Indipendenti\" width=\"1080\" height=\"608\" src=\"https:\/\/www.youtube.com\/embed\/VXWpy1y9APM?feature=oembed\" frameborder=\"0\" allow=\"accelerometer; autoplay; clipboard-write; encrypted-media; gyroscope; picture-in-picture; web-share\" allowfullscreen><\/iframe><\/p>\n","protected":false},"excerpt":{"rendered":"<p>Inaugurato il 12&ordm; Mercato dei Vini dei Vignaioli Indipendenti &ndash; Il pi&ugrave; importante evento dei Vignaioli italiani prosegue a BolognaFiere fino a luned&igrave; 27 novembre. Pi&ugrave; di 1.000 espositori, tra vignaioli italiani ed europei, olivicoltori e artigiani del cibo. 8.000 vini da assaggiare e acquistare, e masterclass sulle eccellenze dell&rsquo;enologia italiana<\/p>\n","protected":false},"author":1,"featured_media":25780,"comment_status":"open","ping_status":"open","sticky":false,"template":"","format":"standard","meta":{"rop_custom_images_group":[],"rop_custom_messages_group":[],"rop_publish_now":"initial","rop_publish_now_accounts":[],"rop_publish_now_history":[],"rop_publish_now_status":"pending","footnotes":""},"categories":[16],"tags":[281,372,9532,9317,1099,9533],"class_list":["post-25773","post","type-post","status-publish","format-standard","has-post-thumbnail","hentry","category-articolo","tag-bruno-angelo-porcellana","tag-comunicato-stampa-2","tag-elio","tag-fivi","tag-nonsolomodanews","tag-stefano-belisari"],"_links":{"self":[{"href":"https:\/\/www.nonsolomodanews.it\/wordpress\/wp-json\/wp\/v2\/posts\/25773","targetHints":{"allow":["GET"]}}],"collection":[{"href":"https:\/\/www.nonsolomodanews.it\/wordpress\/wp-json\/wp\/v2\/posts"}],"about":[{"href":"https:\/\/www.nonsolomodanews.it\/wordpress\/wp-json\/wp\/v2\/types\/post"}],"author":[{"embeddable":true,"href":"https:\/\/www.nonsolomodanews.it\/wordpress\/wp-json\/wp\/v2\/users\/1"}],"replies":[{"embeddable":true,"href":"https:\/\/www.nonsolomodanews.it\/wordpress\/wp-json\/wp\/v2\/comments?post=25773"}],"version-history":[{"count":11,"href":"https:\/\/www.nonsolomodanews.it\/wordpress\/wp-json\/wp\/v2\/posts\/25773\/revisions"}],"predecessor-version":[{"id":25797,"href":"https:\/\/www.nonsolomodanews.it\/wordpress\/wp-json\/wp\/v2\/posts\/25773\/revisions\/25797"}],"wp:featuredmedia":[{"embeddable":true,"href":"https:\/\/www.nonsolomodanews.it\/wordpress\/wp-json\/wp\/v2\/media\/25780"}],"wp:attachment":[{"href":"https:\/\/www.nonsolomodanews.it\/wordpress\/wp-json\/wp\/v2\/media?parent=25773"}],"wp:term":[{"taxonomy":"category","embeddable":true,"href":"https:\/\/www.nonsolomodanews.it\/wordpress\/wp-json\/wp\/v2\/categories?post=25773"},{"taxonomy":"post_tag","embeddable":true,"href":"https:\/\/www.nonsolomodanews.it\/wordpress\/wp-json\/wp\/v2\/tags?post=25773"}],"curies":[{"name":"wp","href":"https:\/\/api.w.org\/{rel}","templated":true}]}}