{"id":25763,"date":"2023-11-26T07:59:31","date_gmt":"2023-11-26T07:59:31","guid":{"rendered":"https:\/\/www.nonsolomodanews.it\/wordpress\/?p=25763"},"modified":"2023-11-26T09:08:33","modified_gmt":"2023-11-26T09:08:33","slug":"presentate-le-collezioni-invernali-23-24-della-maison-lombardi-e-jgio","status":"publish","type":"post","link":"https:\/\/www.nonsolomodanews.it\/wordpress\/presentate-le-collezioni-invernali-23-24-della-maison-lombardi-e-jgio\/","title":{"rendered":"Presentate le collezioni invernali 23\/24 della Maison Lombardi e J&#038;Gi\u00f2"},"content":{"rendered":"<p><img loading=\"lazy\" decoding=\"async\" class=\"size-medium wp-image-25769 alignleft\" src=\"https:\/\/www.nonsolomodanews.it\/wordpress\/wp-content\/uploads\/2023\/11\/20231119-sfilatalombardi-1423-e-200x300.jpg\" alt=\"\" width=\"200\" height=\"300\" srcset=\"https:\/\/www.nonsolomodanews.it\/wordpress\/wp-content\/uploads\/2023\/11\/20231119-sfilatalombardi-1423-e-200x300.jpg 200w, https:\/\/www.nonsolomodanews.it\/wordpress\/wp-content\/uploads\/2023\/11\/20231119-sfilatalombardi-1423-e-684x1024.jpg 684w, https:\/\/www.nonsolomodanews.it\/wordpress\/wp-content\/uploads\/2023\/11\/20231119-sfilatalombardi-1423-e-768x1151.jpg 768w, https:\/\/www.nonsolomodanews.it\/wordpress\/wp-content\/uploads\/2023\/11\/20231119-sfilatalombardi-1423-e-1025x1536.jpg 1025w, https:\/\/www.nonsolomodanews.it\/wordpress\/wp-content\/uploads\/2023\/11\/20231119-sfilatalombardi-1423-e-1080x1618.jpg 1080w, https:\/\/www.nonsolomodanews.it\/wordpress\/wp-content\/uploads\/2023\/11\/20231119-sfilatalombardi-1423-e.jpg 1367w\" sizes=\"auto, (max-width: 200px) 100vw, 200px\" \/>Una sfilata molto attesa quella che si \u00e8 tenuta nella splendida cornice del Circolo Carabinieri Tevere di Roma domenica 19 novembre 2023.\u00a0 Una serata blindatissima ed esclusiva, all\u2019insegna del fashion ad altissimi livelli, con ospiti di eccezione e super selezionati. Protagonisti della serata, gli abiti della nuova collezione autunno inverno 2023\/2024 della <strong>Maison Lombardi Haute Couture<\/strong> che insieme a <strong>Giovanni Filangier<\/strong>i, che si occupa della linea maschile, della linea giovanile e anche per l&#8217;alta moda e i favolosi gioielli della Jewelry della Designer <strong>Maura Sofia degli Estensi<\/strong> pluripremiata a livello Internazionale e contesa da tutti i pi\u00f9 importanti brand di alta gioielleria che la vorrebbero nei propri team.<\/p>\n<p>I protagonisti sono stati gli abiti sinuosi ed eleganti realizzati dallo stilista Jos\u00e9 Lombardi, con tessuti pregiatissimi ricamati a mano e i meravigliosi gioielli in diamanti e pietre preziose della bellissima Maura Sofia degli Estensi, realizzati in esclusiva per la serata. Un connubio perfetto di creativit\u00e0 e arte a livelli altissimi che ha incantato tutti. Nel corso della serata \u00e8 stata presentata anche la nuova linea della Maison Lombardi e la J&amp;Gi\u00f2 rivolta ad un pubblico pi\u00f9 giovane. La serata \u00e8 stata allietata dalle note musicali dei maestri di musica Riccardo Manenti e Gennaro de Crescenzo. A presentare magistralmente la serata Angela Achilli nota showgirl televisiva<\/p>\n<p>Tra gli ospiti della serata erano presenti molti volti noti della Tv, dell\u2019imprenditoria e della nobilt\u00e0 Romana Presenti alla sfilata la giornalista Maridi\u2019 Vicedomini, l\u2019Avv Lello Spoletini avvocato matrimonialista di molti volti noti della Tv, la Showgirl Maria Monse e la figlia Perla Maria, il modello Mario Castrichino che ha sfilato in passerella, l\u2019ex concorrente a Miss Italia Elisabetta Viaggi, la showgirl Eva Hengher con il marito Massimiliano Caroletti, il Gen Bruno Pisciotta, la dott.ssa Silvia Poiata Spivacenco imprenditrice nel campo dell\u2019Estetica Oncologica, l\u2019imprenditore nella sanit\u00e0 privata Simone Improta e sua moglie Dolores, i nobili Manfredi Mattei Filo Della torre, Michela Pellegrini Colonna e la principessa Conny Caracciolo, Franco Lobefalo, agente di molti personaggi del Cinema e Televisione organizzatore di grandi eventi, l\u2019imprenditore Andrea Perrone con la moglie la stilista napoletana Antonietta De Magistris e la figlia Annie, l\u2019imprenditore Claudio Bugatti, Il protagonista del trono Over di Uomini e Donne Giorgio Manetti, Maria Ermachkova di Ballando con le Stelle, Giacomo Scifo figlio del noto imprenditore delle Cliniche di Bellezza, il Prefetto Fulvio Rocco de Marinis, il giornalista sportivo Amedeo Goria, il famoso chirurgo estetico dott. Gianluca Idrontino, Maila Lampisti MUA e tanti altri. Un particolare ringraziamento a tutti gli sponsor della serata, Stefano Vetriani, Laura Marciani, Luciero Velez, Gladys Mercedes Rosado, Raffaele Medico e Giovanni Filangieri.<\/p>\n<p style=\"text-align: center;\">Tutti i diritti riservati \u00a9 2023 \u2013 Email: nonsolomodanews@gmail.com<\/p>\n<style id=\"bwg-style-0\">      #bwg_container1_0 #bwg_container2_0 #bwg_mosaic_thumbnails_div_0 {        width: 100%;        position: relative;        background-color: rgba(255, 255, 255, 0.00);        text-align: center;        justify-content: center;                  margin-left: auto;          margin-right: auto;                    padding-left: 4px;          padding-top: 4px;                }          #bwg_container1_0 #bwg_container2_0 .bwg_mosaic_thumb_spun_0 {        display: block;        position: absolute;\t\t\t\tborder-radius: 0;\t\t\t\tborder: 0px none #CCCCCC;    \t\t    \t\tbackground-color:rgba(0,0,0, 0.30);        -moz-box-sizing: content-box !important;        -webkit-box-sizing: content-box !important;        box-sizing: content-box !important;      }\t\t\t#bwg_container1_0 #bwg_container2_0 .bwg_mosaic_thumb_0 {\t\t\t\tdisplay: block;\t\t\t\t-moz-box-sizing: content-box !important;\t\t\t\t-webkit-box-sizing: content-box !important;\t\t\t\tbox-sizing: content-box !important;\t\t\t\tmargin: 0;\t\t\t\topacity: 1.00;\t\t\t}      #bwg_container1_0 #bwg_container2_0 .bwg_mosaic_thumb_spun_0:hover {        opacity: 1;        backface-visibility: hidden;        -webkit-backface-visibility: hidden;        -moz-backface-visibility: hidden;        -ms-backface-visibility: hidden;        z-index: 102;      }\t      @media only screen and (min-width: 480px) {        #bwg_container1_0 #bwg_container2_0 .bwg_mosaic_thumb_spun_0:hover {          transform: scale(1.1);          -ms-transform: scale(1.1);          -webkit-transform: scale(1.1);        }      }\t      #bwg_container1_0 #bwg_container2_0 .bwg_mosaic_thumbnails_0 {        background-color: rgba(255, 255, 255, 0.00);        font-size: 0;        position: relative;        text-align: center;        display: inline-block;        visibility: hidden;              }\t  \/*image title styles*\/      #bwg_container1_0 #bwg_container2_0 .bwg_mosaic_title_spun1_0,      #bwg_container1_0 #bwg_container2_0 .bwg-mosaic-thumbnails .bwg_ecommerce_spun1_0 {        position: absolute;        display: block;        opacity: 0;        box-sizing: border-box;        text-align: center;\t\t\t\ttop: 50%;\t\t\t\tleft: 50%;\t\t\t\ttransform: translate(-50%, -50%);      }      #bwg_container1_0 #bwg_container2_0 .bwg-mosaic-thumbnails .bwg_mosaic_title_spun2_0,      #bwg_container1_0 #bwg_container2_0 .bwg-mosaic-thumbnails .bwg_ecommerce_spun2_0 {\t\t    color: #CCCCCC;        font-family: segoe ui;        font-size: 16px;        font-weight: bold;        text-shadow: 0px 0px 0px #888888;        vertical-align: middle;        word-wrap: break-word;      }            .bwg_mosaic_play_icon_spun_0 {        display: table;        position: absolute;        left: -10000px;        top: 0px;        opacity: 0;      }      .bwg_mosaic_play_icon_0 {        color: #CCCCCC;        font-size: 32px;        vertical-align: middle;        display: table-cell !important;        z-index: 1;        text-align: center;        margin: 0 auto;      }      #bwg_container1_0 #bwg_container2_0 .bwg_gal_title_0 {        background-color: rgba(0, 0, 0, 0);        color: #323A45;        display: block;        font-family: Ubuntu;        font-size: 16px;        font-weight: bold;        padding: 2px;        text-shadow: ;        text-align: center;      }            @media screen and (max-width: 350px) {      div[class^=\"bwg_mosaic_thumbnails_\"],      span[class^=\"bwg_mosaic_thumb_spun_\"] {      width: 100% !important;      }      img[class^=\"bwg_mosaic_thumb_\"] {      width: 100% !important;      height: auto !important;      margin: 0px auto !important;      }      }      <\/style>    <div id=\"bwg_container1_0\"         class=\"bwg_container bwg_thumbnail bwg_thumbnails_mosaic \"         data-right-click-protection=\"0\"         data-bwg=\"0\"         data-scroll=\"0\"         data-gallery-type=\"thumbnails_mosaic\"         data-gallery-view-type=\"thumbnails_mosaic\"         data-current-url=\"\/wordpress\/wp-json\/wp\/v2\/posts\/25763\"         data-lightbox-url=\"https:\/\/www.nonsolomodanews.it\/wordpress\/wp-admin\/admin-ajax.php?action=GalleryBox&#038;current_view=0&#038;gallery_id=727&#038;tag=0&#038;theme_id=1&#038;shortcode_id=1478&#038;sort_by=filename&#038;order_by=asc&#038;current_url=%2Fwordpress%2Fwp-json%2Fwp%2Fv2%2Fposts%2F25763\"         data-gallery-id=\"727\"         data-popup-width=\"800\"         data-popup-height=\"500\"         data-is-album=\"gallery\"         data-buttons-position=\"bottom\">      <div id=\"bwg_container2_0\">             <div id=\"ajax_loading_0\" class=\"bwg_loading_div_1\">      <div class=\"bwg_loading_div_2\">        <div class=\"bwg_loading_div_3\">          <div id=\"loading_div_0\" class=\"bwg_spider_ajax_loading\">          <\/div>        <\/div>      <\/div>    <\/div>            <form id=\"gal_front_form_0\"              class=\"bwg-hidden\"              method=\"post\"              action=\"#\"              data-current=\"0\"              data-shortcode-id=\"1478\"              data-gallery-type=\"thumbnails_mosaic\"              data-gallery-id=\"727\"              data-tag=\"0\"              data-album-id=\"0\"              data-theme-id=\"1\"              data-ajax-url=\"https:\/\/www.nonsolomodanews.it\/wordpress\/wp-admin\/admin-ajax.php?action=bwg_frontend_data\">          <div id=\"bwg_container3_0\" class=\"bwg-background bwg-background-0\">                <div id=\"bwg_mosaic_thumbnails_div_0\"         class=\"bwg-container-0 bwg-container bwg-mosaic-thumbnails\"         data-bwg=\"0\"         data-mosaic-direction=\"vertical\"         data-resizable=\"0\"         data-width=\"250\"         data-height=\"250\"         data-total-width=\"100\"         data-block-id=\"bwg_thumbnails_mosaic_0\"         data-thumb-padding=\"4\"         data-thumb-border=\"0\"         data-title-margin=\"2px\"         data-image-title=\"none\"         data-play-icon=\"1\"         data-ecommerce-icon=\"none\"         data-gallery-id=\"727\"         data-lightbox-url=\"https:\/\/www.nonsolomodanews.it\/wordpress\/wp-admin\/admin-ajax.php?action=GalleryBox&#038;current_view=0&#038;gallery_id=727&#038;tag=0&#038;theme_id=1&#038;shortcode_id=1478&#038;sort_by=filename&#038;order_by=asc&#038;current_url=%2Fwordpress%2Fwp-json%2Fwp%2Fv2%2Fposts%2F25763\"         data-mosaic-thumb-transition=\"1\"         style=\"visibility: hidden\" >      <div id=\"bwg_thumbnails_mosaic_0\" class=\"bwg_mosaic_thumbnails_0\">                  <a  class=\"bwg-a bwg_lightbox bwg_lightbox_0\" href=\"https:\/\/www.nonsolomodanews.it\/wordpress\/wp-content\/uploads\/photo-gallery\/Jose_Lombardi_191123\/20231119-sfilatalombardi-1046-e.jpg?bwg=1700984961\" data-image-id=\"37895\" data-elementor-open-lightbox=\"no\">          <div class=\"bwg_mosaic_thumb_spun_0 bwg-item0 bwg-mosaic-thumb-span \">            <img decoding=\"async\" class=\"bwg_mosaic_thumb_0 skip-lazy bwg_img_clear bwg_img_custom \"                 id=\"37895\"                 src=\"https:\/\/www.nonsolomodanews.it\/wordpress\/wp-content\/uploads\/photo-gallery\/Jose_Lombardi_191123\/thumb\/20231119-sfilatalombardi-1046-e.jpg?bwg=1700984961\"                 data-src=\"https:\/\/www.nonsolomodanews.it\/wordpress\/wp-content\/uploads\/photo-gallery\/Jose_Lombardi_191123\/thumb\/20231119-sfilatalombardi-1046-e.jpg?bwg=1700984961\"                 data-width=\"200.00\"                 data-height=\"300.00\"                 alt=\"Credit Luigi Scuderi Ph\"                 title=\"Credit Luigi Scuderi Ph\" \/>                      <\/div>        <\/a>                <a  class=\"bwg-a bwg_lightbox bwg_lightbox_0\" href=\"https:\/\/www.nonsolomodanews.it\/wordpress\/wp-content\/uploads\/photo-gallery\/Jose_Lombardi_191123\/20231119-sfilatalombardi-1056-e.jpg?bwg=1700984961\" data-image-id=\"37897\" data-elementor-open-lightbox=\"no\">          <div class=\"bwg_mosaic_thumb_spun_0 bwg-item0 bwg-mosaic-thumb-span \">            <img decoding=\"async\" class=\"bwg_mosaic_thumb_0 skip-lazy bwg_img_clear bwg_img_custom \"                 id=\"37897\"                 src=\"https:\/\/www.nonsolomodanews.it\/wordpress\/wp-content\/uploads\/photo-gallery\/Jose_Lombardi_191123\/thumb\/20231119-sfilatalombardi-1056-e.jpg?bwg=1700984961\"                 data-src=\"https:\/\/www.nonsolomodanews.it\/wordpress\/wp-content\/uploads\/photo-gallery\/Jose_Lombardi_191123\/thumb\/20231119-sfilatalombardi-1056-e.jpg?bwg=1700984961\"                 data-width=\"200.00\"                 data-height=\"300.00\"                 alt=\"Credit Luigi Scuderi Ph\"                 title=\"Credit Luigi Scuderi Ph\" \/>                      <\/div>        <\/a>                <a  class=\"bwg-a bwg_lightbox bwg_lightbox_0\" href=\"https:\/\/www.nonsolomodanews.it\/wordpress\/wp-content\/uploads\/photo-gallery\/Jose_Lombardi_191123\/20231119-sfilatalombardi-1090-e.jpg?bwg=1700984961\" data-image-id=\"37913\" data-elementor-open-lightbox=\"no\">          <div class=\"bwg_mosaic_thumb_spun_0 bwg-item0 bwg-mosaic-thumb-span \">            <img decoding=\"async\" class=\"bwg_mosaic_thumb_0 skip-lazy bwg_img_clear bwg_img_custom \"                 id=\"37913\"                 src=\"https:\/\/www.nonsolomodanews.it\/wordpress\/wp-content\/uploads\/photo-gallery\/Jose_Lombardi_191123\/thumb\/20231119-sfilatalombardi-1090-e.jpg?bwg=1700984961\"                 data-src=\"https:\/\/www.nonsolomodanews.it\/wordpress\/wp-content\/uploads\/photo-gallery\/Jose_Lombardi_191123\/thumb\/20231119-sfilatalombardi-1090-e.jpg?bwg=1700984961\"                 data-width=\"200.00\"                 data-height=\"300.00\"                 alt=\"Credit Luigi Scuderi Ph\"                 title=\"Credit Luigi Scuderi Ph\" \/>                      <\/div>        <\/a>                <a  class=\"bwg-a bwg_lightbox bwg_lightbox_0\" href=\"https:\/\/www.nonsolomodanews.it\/wordpress\/wp-content\/uploads\/photo-gallery\/Jose_Lombardi_191123\/20231119-sfilatalombardi-1098-e.jpg?bwg=1700984961\" data-image-id=\"37914\" data-elementor-open-lightbox=\"no\">          <div class=\"bwg_mosaic_thumb_spun_0 bwg-item0 bwg-mosaic-thumb-span \">            <img decoding=\"async\" class=\"bwg_mosaic_thumb_0 skip-lazy bwg_img_clear bwg_img_custom \"                 id=\"37914\"                 src=\"https:\/\/www.nonsolomodanews.it\/wordpress\/wp-content\/uploads\/photo-gallery\/Jose_Lombardi_191123\/thumb\/20231119-sfilatalombardi-1098-e.jpg?bwg=1700984961\"                 data-src=\"https:\/\/www.nonsolomodanews.it\/wordpress\/wp-content\/uploads\/photo-gallery\/Jose_Lombardi_191123\/thumb\/20231119-sfilatalombardi-1098-e.jpg?bwg=1700984961\"                 data-width=\"200.00\"                 data-height=\"300.00\"                 alt=\"Credit Luigi Scuderi Ph\"                 title=\"Credit Luigi Scuderi Ph\" \/>                      <\/div>        <\/a>                <a  class=\"bwg-a bwg_lightbox bwg_lightbox_0\" href=\"https:\/\/www.nonsolomodanews.it\/wordpress\/wp-content\/uploads\/photo-gallery\/Jose_Lombardi_191123\/20231119-sfilatalombardi-1190-e.jpg?bwg=1700984961\" data-image-id=\"37899\" data-elementor-open-lightbox=\"no\">          <div class=\"bwg_mosaic_thumb_spun_0 bwg-item0 bwg-mosaic-thumb-span \">            <img decoding=\"async\" class=\"bwg_mosaic_thumb_0 skip-lazy bwg_img_clear bwg_img_custom \"                 id=\"37899\"                 src=\"https:\/\/www.nonsolomodanews.it\/wordpress\/wp-content\/uploads\/photo-gallery\/Jose_Lombardi_191123\/thumb\/20231119-sfilatalombardi-1190-e.jpg?bwg=1700984961\"                 data-src=\"https:\/\/www.nonsolomodanews.it\/wordpress\/wp-content\/uploads\/photo-gallery\/Jose_Lombardi_191123\/thumb\/20231119-sfilatalombardi-1190-e.jpg?bwg=1700984961\"                 data-width=\"200.00\"                 data-height=\"300.00\"                 alt=\"Credit Luigi Scuderi Ph\"                 title=\"Credit Luigi Scuderi Ph\" \/>                      <\/div>        <\/a>                <a  class=\"bwg-a bwg_lightbox bwg_lightbox_0\" href=\"https:\/\/www.nonsolomodanews.it\/wordpress\/wp-content\/uploads\/photo-gallery\/Jose_Lombardi_191123\/20231119-sfilatalombardi-1192-e.jpg?bwg=1700984961\" data-image-id=\"37915\" data-elementor-open-lightbox=\"no\">          <div class=\"bwg_mosaic_thumb_spun_0 bwg-item0 bwg-mosaic-thumb-span \">            <img decoding=\"async\" class=\"bwg_mosaic_thumb_0 skip-lazy bwg_img_clear bwg_img_custom \"                 id=\"37915\"                 src=\"https:\/\/www.nonsolomodanews.it\/wordpress\/wp-content\/uploads\/photo-gallery\/Jose_Lombardi_191123\/thumb\/20231119-sfilatalombardi-1192-e.jpg?bwg=1700984961\"                 data-src=\"https:\/\/www.nonsolomodanews.it\/wordpress\/wp-content\/uploads\/photo-gallery\/Jose_Lombardi_191123\/thumb\/20231119-sfilatalombardi-1192-e.jpg?bwg=1700984961\"                 data-width=\"200.00\"                 data-height=\"300.00\"                 alt=\"Credit Luigi Scuderi Ph\"                 title=\"Credit Luigi Scuderi Ph\" \/>                      <\/div>        <\/a>                <a  class=\"bwg-a bwg_lightbox bwg_lightbox_0\" href=\"https:\/\/www.nonsolomodanews.it\/wordpress\/wp-content\/uploads\/photo-gallery\/Jose_Lombardi_191123\/20231119-sfilatalombardi-1196-e.jpg?bwg=1700984961\" data-image-id=\"37898\" data-elementor-open-lightbox=\"no\">          <div class=\"bwg_mosaic_thumb_spun_0 bwg-item0 bwg-mosaic-thumb-span \">            <img decoding=\"async\" class=\"bwg_mosaic_thumb_0 skip-lazy bwg_img_clear bwg_img_custom \"                 id=\"37898\"                 src=\"https:\/\/www.nonsolomodanews.it\/wordpress\/wp-content\/uploads\/photo-gallery\/Jose_Lombardi_191123\/thumb\/20231119-sfilatalombardi-1196-e.jpg?bwg=1700984961\"                 data-src=\"https:\/\/www.nonsolomodanews.it\/wordpress\/wp-content\/uploads\/photo-gallery\/Jose_Lombardi_191123\/thumb\/20231119-sfilatalombardi-1196-e.jpg?bwg=1700984961\"                 data-width=\"200.00\"                 data-height=\"300.00\"                 alt=\"Credit Luigi Scuderi Ph\"                 title=\"Credit Luigi Scuderi Ph\" \/>                      <\/div>        <\/a>                <a  class=\"bwg-a bwg_lightbox bwg_lightbox_0\" href=\"https:\/\/www.nonsolomodanews.it\/wordpress\/wp-content\/uploads\/photo-gallery\/Jose_Lombardi_191123\/20231119-sfilatalombardi-1208-e.jpg?bwg=1700984961\" data-image-id=\"37901\" data-elementor-open-lightbox=\"no\">          <div class=\"bwg_mosaic_thumb_spun_0 bwg-item0 bwg-mosaic-thumb-span \">            <img decoding=\"async\" class=\"bwg_mosaic_thumb_0 skip-lazy bwg_img_clear bwg_img_custom \"                 id=\"37901\"                 src=\"https:\/\/www.nonsolomodanews.it\/wordpress\/wp-content\/uploads\/photo-gallery\/Jose_Lombardi_191123\/thumb\/20231119-sfilatalombardi-1208-e.jpg?bwg=1700984961\"                 data-src=\"https:\/\/www.nonsolomodanews.it\/wordpress\/wp-content\/uploads\/photo-gallery\/Jose_Lombardi_191123\/thumb\/20231119-sfilatalombardi-1208-e.jpg?bwg=1700984961\"                 data-width=\"200.00\"                 data-height=\"300.00\"                 alt=\"Credit Luigi Scuderi Ph\"                 title=\"Credit Luigi Scuderi Ph\" \/>                      <\/div>        <\/a>                <a  class=\"bwg-a bwg_lightbox bwg_lightbox_0\" href=\"https:\/\/www.nonsolomodanews.it\/wordpress\/wp-content\/uploads\/photo-gallery\/Jose_Lombardi_191123\/20231119-sfilatalombardi-1210-e.jpg?bwg=1700984961\" data-image-id=\"37900\" data-elementor-open-lightbox=\"no\">          <div class=\"bwg_mosaic_thumb_spun_0 bwg-item0 bwg-mosaic-thumb-span \">            <img decoding=\"async\" class=\"bwg_mosaic_thumb_0 skip-lazy bwg_img_clear bwg_img_custom \"                 id=\"37900\"                 src=\"https:\/\/www.nonsolomodanews.it\/wordpress\/wp-content\/uploads\/photo-gallery\/Jose_Lombardi_191123\/thumb\/20231119-sfilatalombardi-1210-e.jpg?bwg=1700984961\"                 data-src=\"https:\/\/www.nonsolomodanews.it\/wordpress\/wp-content\/uploads\/photo-gallery\/Jose_Lombardi_191123\/thumb\/20231119-sfilatalombardi-1210-e.jpg?bwg=1700984961\"                 data-width=\"200.00\"                 data-height=\"300.00\"                 alt=\"Credit Luigi Scuderi Ph\"                 title=\"Credit Luigi Scuderi Ph\" \/>                      <\/div>        <\/a>                <a  class=\"bwg-a bwg_lightbox bwg_lightbox_0\" href=\"https:\/\/www.nonsolomodanews.it\/wordpress\/wp-content\/uploads\/photo-gallery\/Jose_Lombardi_191123\/20231119-sfilatalombardi-1217-e.jpg?bwg=1700984961\" data-image-id=\"37902\" data-elementor-open-lightbox=\"no\">          <div class=\"bwg_mosaic_thumb_spun_0 bwg-item0 bwg-mosaic-thumb-span \">            <img decoding=\"async\" class=\"bwg_mosaic_thumb_0 skip-lazy bwg_img_clear bwg_img_custom \"                 id=\"37902\"                 src=\"https:\/\/www.nonsolomodanews.it\/wordpress\/wp-content\/uploads\/photo-gallery\/Jose_Lombardi_191123\/thumb\/20231119-sfilatalombardi-1217-e.jpg?bwg=1700984961\"                 data-src=\"https:\/\/www.nonsolomodanews.it\/wordpress\/wp-content\/uploads\/photo-gallery\/Jose_Lombardi_191123\/thumb\/20231119-sfilatalombardi-1217-e.jpg?bwg=1700984961\"                 data-width=\"200.00\"                 data-height=\"300.00\"                 alt=\"Credit Luigi Scuderi Ph\"                 title=\"Credit Luigi Scuderi Ph\" \/>                      <\/div>        <\/a>                <a  class=\"bwg-a bwg_lightbox bwg_lightbox_0\" href=\"https:\/\/www.nonsolomodanews.it\/wordpress\/wp-content\/uploads\/photo-gallery\/Jose_Lombardi_191123\/20231119-sfilatalombardi-1234-e.jpg?bwg=1700984961\" data-image-id=\"37916\" data-elementor-open-lightbox=\"no\">          <div class=\"bwg_mosaic_thumb_spun_0 bwg-item0 bwg-mosaic-thumb-span \">            <img decoding=\"async\" class=\"bwg_mosaic_thumb_0 skip-lazy bwg_img_clear bwg_img_custom \"                 id=\"37916\"                 src=\"https:\/\/www.nonsolomodanews.it\/wordpress\/wp-content\/uploads\/photo-gallery\/Jose_Lombardi_191123\/thumb\/20231119-sfilatalombardi-1234-e.jpg?bwg=1700984961\"                 data-src=\"https:\/\/www.nonsolomodanews.it\/wordpress\/wp-content\/uploads\/photo-gallery\/Jose_Lombardi_191123\/thumb\/20231119-sfilatalombardi-1234-e.jpg?bwg=1700984961\"                 data-width=\"200.00\"                 data-height=\"300.00\"                 alt=\"Credit Luigi Scuderi Ph\"                 title=\"Credit Luigi Scuderi Ph\" \/>                      <\/div>        <\/a>                <a  class=\"bwg-a bwg_lightbox bwg_lightbox_0\" href=\"https:\/\/www.nonsolomodanews.it\/wordpress\/wp-content\/uploads\/photo-gallery\/Jose_Lombardi_191123\/20231119-sfilatalombardi-1237-e.jpg?bwg=1700984961\" data-image-id=\"37903\" data-elementor-open-lightbox=\"no\">          <div class=\"bwg_mosaic_thumb_spun_0 bwg-item0 bwg-mosaic-thumb-span \">            <img decoding=\"async\" class=\"bwg_mosaic_thumb_0 skip-lazy bwg_img_clear bwg_img_custom \"                 id=\"37903\"                 src=\"https:\/\/www.nonsolomodanews.it\/wordpress\/wp-content\/uploads\/photo-gallery\/Jose_Lombardi_191123\/thumb\/20231119-sfilatalombardi-1237-e.jpg?bwg=1700984961\"                 data-src=\"https:\/\/www.nonsolomodanews.it\/wordpress\/wp-content\/uploads\/photo-gallery\/Jose_Lombardi_191123\/thumb\/20231119-sfilatalombardi-1237-e.jpg?bwg=1700984961\"                 data-width=\"200.00\"                 data-height=\"300.00\"                 alt=\"Credit Luigi Scuderi Ph\"                 title=\"Credit Luigi Scuderi Ph\" \/>                      <\/div>        <\/a>                <a  class=\"bwg-a bwg_lightbox bwg_lightbox_0\" href=\"https:\/\/www.nonsolomodanews.it\/wordpress\/wp-content\/uploads\/photo-gallery\/Jose_Lombardi_191123\/20231119-sfilatalombardi-1240-e.jpg?bwg=1700984961\" data-image-id=\"37906\" data-elementor-open-lightbox=\"no\">          <div class=\"bwg_mosaic_thumb_spun_0 bwg-item0 bwg-mosaic-thumb-span \">            <img decoding=\"async\" class=\"bwg_mosaic_thumb_0 skip-lazy bwg_img_clear bwg_img_custom \"                 id=\"37906\"                 src=\"https:\/\/www.nonsolomodanews.it\/wordpress\/wp-content\/uploads\/photo-gallery\/Jose_Lombardi_191123\/thumb\/20231119-sfilatalombardi-1240-e.jpg?bwg=1700984961\"                 data-src=\"https:\/\/www.nonsolomodanews.it\/wordpress\/wp-content\/uploads\/photo-gallery\/Jose_Lombardi_191123\/thumb\/20231119-sfilatalombardi-1240-e.jpg?bwg=1700984961\"                 data-width=\"200.00\"                 data-height=\"300.00\"                 alt=\"Credit Luigi Scuderi Ph\"                 title=\"Credit Luigi Scuderi Ph\" \/>                      <\/div>        <\/a>                <a  class=\"bwg-a bwg_lightbox bwg_lightbox_0\" href=\"https:\/\/www.nonsolomodanews.it\/wordpress\/wp-content\/uploads\/photo-gallery\/Jose_Lombardi_191123\/20231119-sfilatalombardi-1263-e-v2.jpg?bwg=1700984961\" data-image-id=\"37917\" data-elementor-open-lightbox=\"no\">          <div class=\"bwg_mosaic_thumb_spun_0 bwg-item0 bwg-mosaic-thumb-span \">            <img decoding=\"async\" class=\"bwg_mosaic_thumb_0 skip-lazy bwg_img_clear bwg_img_custom \"                 id=\"37917\"                 src=\"https:\/\/www.nonsolomodanews.it\/wordpress\/wp-content\/uploads\/photo-gallery\/Jose_Lombardi_191123\/thumb\/20231119-sfilatalombardi-1263-e-v2.jpg?bwg=1700984961\"                 data-src=\"https:\/\/www.nonsolomodanews.it\/wordpress\/wp-content\/uploads\/photo-gallery\/Jose_Lombardi_191123\/thumb\/20231119-sfilatalombardi-1263-e-v2.jpg?bwg=1700984961\"                 data-width=\"200.00\"                 data-height=\"300.00\"                 alt=\"Credit Luigi Scuderi Ph\"                 title=\"Credit Luigi Scuderi Ph\" \/>                      <\/div>        <\/a>                <a  class=\"bwg-a bwg_lightbox bwg_lightbox_0\" href=\"https:\/\/www.nonsolomodanews.it\/wordpress\/wp-content\/uploads\/photo-gallery\/Jose_Lombardi_191123\/20231119-sfilatalombardi-1264-e.jpg?bwg=1700984961\" data-image-id=\"37904\" data-elementor-open-lightbox=\"no\">          <div class=\"bwg_mosaic_thumb_spun_0 bwg-item0 bwg-mosaic-thumb-span \">            <img decoding=\"async\" class=\"bwg_mosaic_thumb_0 skip-lazy bwg_img_clear bwg_img_custom \"                 id=\"37904\"                 src=\"https:\/\/www.nonsolomodanews.it\/wordpress\/wp-content\/uploads\/photo-gallery\/Jose_Lombardi_191123\/thumb\/20231119-sfilatalombardi-1264-e.jpg?bwg=1700984961\"                 data-src=\"https:\/\/www.nonsolomodanews.it\/wordpress\/wp-content\/uploads\/photo-gallery\/Jose_Lombardi_191123\/thumb\/20231119-sfilatalombardi-1264-e.jpg?bwg=1700984961\"                 data-width=\"200.00\"                 data-height=\"300.00\"                 alt=\"Credit Luigi Scuderi Ph\"                 title=\"Credit Luigi Scuderi Ph\" \/>                      <\/div>        <\/a>                <a  class=\"bwg-a bwg_lightbox bwg_lightbox_0\" href=\"https:\/\/www.nonsolomodanews.it\/wordpress\/wp-content\/uploads\/photo-gallery\/Jose_Lombardi_191123\/20231119-sfilatalombardi-1297-e.jpg?bwg=1700984961\" data-image-id=\"37918\" data-elementor-open-lightbox=\"no\">          <div class=\"bwg_mosaic_thumb_spun_0 bwg-item0 bwg-mosaic-thumb-span \">            <img decoding=\"async\" class=\"bwg_mosaic_thumb_0 skip-lazy bwg_img_clear bwg_img_custom \"                 id=\"37918\"                 src=\"https:\/\/www.nonsolomodanews.it\/wordpress\/wp-content\/uploads\/photo-gallery\/Jose_Lombardi_191123\/thumb\/20231119-sfilatalombardi-1297-e.jpg?bwg=1700984961\"                 data-src=\"https:\/\/www.nonsolomodanews.it\/wordpress\/wp-content\/uploads\/photo-gallery\/Jose_Lombardi_191123\/thumb\/20231119-sfilatalombardi-1297-e.jpg?bwg=1700984961\"                 data-width=\"200.00\"                 data-height=\"300.00\"                 alt=\"Credit Luigi Scuderi Ph\"                 title=\"Credit Luigi Scuderi Ph\" \/>                      <\/div>        <\/a>                <a  class=\"bwg-a bwg_lightbox bwg_lightbox_0\" href=\"https:\/\/www.nonsolomodanews.it\/wordpress\/wp-content\/uploads\/photo-gallery\/Jose_Lombardi_191123\/20231119-sfilatalombardi-1302-e-v2.jpg?bwg=1700984961\" data-image-id=\"37905\" data-elementor-open-lightbox=\"no\">          <div class=\"bwg_mosaic_thumb_spun_0 bwg-item0 bwg-mosaic-thumb-span \">            <img decoding=\"async\" class=\"bwg_mosaic_thumb_0 skip-lazy bwg_img_clear bwg_img_custom \"                 id=\"37905\"                 src=\"https:\/\/www.nonsolomodanews.it\/wordpress\/wp-content\/uploads\/photo-gallery\/Jose_Lombardi_191123\/thumb\/20231119-sfilatalombardi-1302-e-v2.jpg?bwg=1700984961\"                 data-src=\"https:\/\/www.nonsolomodanews.it\/wordpress\/wp-content\/uploads\/photo-gallery\/Jose_Lombardi_191123\/thumb\/20231119-sfilatalombardi-1302-e-v2.jpg?bwg=1700984961\"                 data-width=\"200.00\"                 data-height=\"300.00\"                 alt=\"Credit Luigi Scuderi Ph\"                 title=\"Credit Luigi Scuderi Ph\" \/>                      <\/div>        <\/a>                <a  class=\"bwg-a bwg_lightbox bwg_lightbox_0\" href=\"https:\/\/www.nonsolomodanews.it\/wordpress\/wp-content\/uploads\/photo-gallery\/Jose_Lombardi_191123\/20231119-sfilatalombardi-1308-e.jpg?bwg=1700984961\" data-image-id=\"37919\" data-elementor-open-lightbox=\"no\">          <div class=\"bwg_mosaic_thumb_spun_0 bwg-item0 bwg-mosaic-thumb-span \">            <img decoding=\"async\" class=\"bwg_mosaic_thumb_0 skip-lazy bwg_img_clear bwg_img_custom \"                 id=\"37919\"                 src=\"https:\/\/www.nonsolomodanews.it\/wordpress\/wp-content\/uploads\/photo-gallery\/Jose_Lombardi_191123\/thumb\/20231119-sfilatalombardi-1308-e.jpg?bwg=1700984961\"                 data-src=\"https:\/\/www.nonsolomodanews.it\/wordpress\/wp-content\/uploads\/photo-gallery\/Jose_Lombardi_191123\/thumb\/20231119-sfilatalombardi-1308-e.jpg?bwg=1700984961\"                 data-width=\"200.00\"                 data-height=\"300.00\"                 alt=\"Credit Luigi Scuderi Ph\"                 title=\"Credit Luigi Scuderi Ph\" \/>                      <\/div>        <\/a>                <a  class=\"bwg-a bwg_lightbox bwg_lightbox_0\" href=\"https:\/\/www.nonsolomodanews.it\/wordpress\/wp-content\/uploads\/photo-gallery\/Jose_Lombardi_191123\/20231119-sfilatalombardi-1359-e.jpg?bwg=1700984961\" data-image-id=\"37907\" data-elementor-open-lightbox=\"no\">          <div class=\"bwg_mosaic_thumb_spun_0 bwg-item0 bwg-mosaic-thumb-span \">            <img decoding=\"async\" class=\"bwg_mosaic_thumb_0 skip-lazy bwg_img_clear bwg_img_custom \"                 id=\"37907\"                 src=\"https:\/\/www.nonsolomodanews.it\/wordpress\/wp-content\/uploads\/photo-gallery\/Jose_Lombardi_191123\/thumb\/20231119-sfilatalombardi-1359-e.jpg?bwg=1700984961\"                 data-src=\"https:\/\/www.nonsolomodanews.it\/wordpress\/wp-content\/uploads\/photo-gallery\/Jose_Lombardi_191123\/thumb\/20231119-sfilatalombardi-1359-e.jpg?bwg=1700984961\"                 data-width=\"200.00\"                 data-height=\"300.00\"                 alt=\"Credit Luigi Scuderi Ph\"                 title=\"Credit Luigi Scuderi Ph\" \/>                      <\/div>        <\/a>                <a  class=\"bwg-a bwg_lightbox bwg_lightbox_0\" href=\"https:\/\/www.nonsolomodanews.it\/wordpress\/wp-content\/uploads\/photo-gallery\/Jose_Lombardi_191123\/20231119-sfilatalombardi-1364-e.jpg?bwg=1700984961\" data-image-id=\"37908\" data-elementor-open-lightbox=\"no\">          <div class=\"bwg_mosaic_thumb_spun_0 bwg-item0 bwg-mosaic-thumb-span \">            <img decoding=\"async\" class=\"bwg_mosaic_thumb_0 skip-lazy bwg_img_clear bwg_img_custom \"                 id=\"37908\"                 src=\"https:\/\/www.nonsolomodanews.it\/wordpress\/wp-content\/uploads\/photo-gallery\/Jose_Lombardi_191123\/thumb\/20231119-sfilatalombardi-1364-e.jpg?bwg=1700984961\"                 data-src=\"https:\/\/www.nonsolomodanews.it\/wordpress\/wp-content\/uploads\/photo-gallery\/Jose_Lombardi_191123\/thumb\/20231119-sfilatalombardi-1364-e.jpg?bwg=1700984961\"                 data-width=\"200.00\"                 data-height=\"300.00\"                 alt=\"Credit Luigi Scuderi Ph\"                 title=\"Credit Luigi Scuderi Ph\" \/>                      <\/div>        <\/a>                <a  class=\"bwg-a bwg_lightbox bwg_lightbox_0\" href=\"https:\/\/www.nonsolomodanews.it\/wordpress\/wp-content\/uploads\/photo-gallery\/Jose_Lombardi_191123\/20231119-sfilatalombardi-1423-e.jpg?bwg=1700984961\" data-image-id=\"37909\" data-elementor-open-lightbox=\"no\">          <div class=\"bwg_mosaic_thumb_spun_0 bwg-item0 bwg-mosaic-thumb-span \">            <img decoding=\"async\" class=\"bwg_mosaic_thumb_0 skip-lazy bwg_img_clear bwg_img_custom \"                 id=\"37909\"                 src=\"https:\/\/www.nonsolomodanews.it\/wordpress\/wp-content\/uploads\/photo-gallery\/Jose_Lombardi_191123\/thumb\/20231119-sfilatalombardi-1423-e.jpg?bwg=1700984961\"                 data-src=\"https:\/\/www.nonsolomodanews.it\/wordpress\/wp-content\/uploads\/photo-gallery\/Jose_Lombardi_191123\/thumb\/20231119-sfilatalombardi-1423-e.jpg?bwg=1700984961\"                 data-width=\"200.00\"                 data-height=\"300.00\"                 alt=\"Credit Luigi Scuderi Ph\"                 title=\"Credit Luigi Scuderi Ph\" \/>                      <\/div>        <\/a>                <a  class=\"bwg-a bwg_lightbox bwg_lightbox_0\" href=\"https:\/\/www.nonsolomodanews.it\/wordpress\/wp-content\/uploads\/photo-gallery\/Jose_Lombardi_191123\/20231119-sfilatalombardi-1513-e-v3g.jpg?bwg=1700984961\" data-image-id=\"37920\" data-elementor-open-lightbox=\"no\">          <div class=\"bwg_mosaic_thumb_spun_0 bwg-item0 bwg-mosaic-thumb-span \">            <img decoding=\"async\" class=\"bwg_mosaic_thumb_0 skip-lazy bwg_img_clear bwg_img_custom \"                 id=\"37920\"                 src=\"https:\/\/www.nonsolomodanews.it\/wordpress\/wp-content\/uploads\/photo-gallery\/Jose_Lombardi_191123\/thumb\/20231119-sfilatalombardi-1513-e-v3g.jpg?bwg=1700984961\"                 data-src=\"https:\/\/www.nonsolomodanews.it\/wordpress\/wp-content\/uploads\/photo-gallery\/Jose_Lombardi_191123\/thumb\/20231119-sfilatalombardi-1513-e-v3g.jpg?bwg=1700984961\"                 data-width=\"300.00\"                 data-height=\"200.00\"                 alt=\"Credit Luigi Scuderi Ph\"                 title=\"Credit Luigi Scuderi Ph\" \/>                      <\/div>        <\/a>                <a  class=\"bwg-a bwg_lightbox bwg_lightbox_0\" href=\"https:\/\/www.nonsolomodanews.it\/wordpress\/wp-content\/uploads\/photo-gallery\/Jose_Lombardi_191123\/20231119-sfilatalombardi-1579-e2.jpg?bwg=1700984961\" data-image-id=\"37910\" data-elementor-open-lightbox=\"no\">          <div class=\"bwg_mosaic_thumb_spun_0 bwg-item0 bwg-mosaic-thumb-span \">            <img decoding=\"async\" class=\"bwg_mosaic_thumb_0 skip-lazy bwg_img_clear bwg_img_custom \"                 id=\"37910\"                 src=\"https:\/\/www.nonsolomodanews.it\/wordpress\/wp-content\/uploads\/photo-gallery\/Jose_Lombardi_191123\/thumb\/20231119-sfilatalombardi-1579-e2.jpg?bwg=1700984961\"                 data-src=\"https:\/\/www.nonsolomodanews.it\/wordpress\/wp-content\/uploads\/photo-gallery\/Jose_Lombardi_191123\/thumb\/20231119-sfilatalombardi-1579-e2.jpg?bwg=1700984961\"                 data-width=\"300.00\"                 data-height=\"200.00\"                 alt=\"Credit Luigi Scuderi Ph\"                 title=\"Credit Luigi Scuderi Ph\" \/>                      <\/div>        <\/a>                <a  class=\"bwg-a bwg_lightbox bwg_lightbox_0\" href=\"https:\/\/www.nonsolomodanews.it\/wordpress\/wp-content\/uploads\/photo-gallery\/Jose_Lombardi_191123\/20231119-sfilatalombardi-1662-e.jpg?bwg=1700984961\" data-image-id=\"37911\" data-elementor-open-lightbox=\"no\">          <div class=\"bwg_mosaic_thumb_spun_0 bwg-item0 bwg-mosaic-thumb-span \">            <img decoding=\"async\" class=\"bwg_mosaic_thumb_0 skip-lazy bwg_img_clear bwg_img_custom \"                 id=\"37911\"                 src=\"https:\/\/www.nonsolomodanews.it\/wordpress\/wp-content\/uploads\/photo-gallery\/Jose_Lombardi_191123\/thumb\/20231119-sfilatalombardi-1662-e.jpg?bwg=1700984961\"                 data-src=\"https:\/\/www.nonsolomodanews.it\/wordpress\/wp-content\/uploads\/photo-gallery\/Jose_Lombardi_191123\/thumb\/20231119-sfilatalombardi-1662-e.jpg?bwg=1700984961\"                 data-width=\"300.00\"                 data-height=\"200.00\"                 alt=\"Credit Luigi Scuderi Ph\"                 title=\"Credit Luigi Scuderi Ph\" \/>                      <\/div>        <\/a>                <a  class=\"bwg-a bwg_lightbox bwg_lightbox_0\" href=\"https:\/\/www.nonsolomodanews.it\/wordpress\/wp-content\/uploads\/photo-gallery\/Jose_Lombardi_191123\/20231119-sfilatalombardi-1719-e.jpg?bwg=1700984961\" data-image-id=\"37912\" data-elementor-open-lightbox=\"no\">          <div class=\"bwg_mosaic_thumb_spun_0 bwg-item0 bwg-mosaic-thumb-span \">            <img decoding=\"async\" class=\"bwg_mosaic_thumb_0 skip-lazy bwg_img_clear bwg_img_custom \"                 id=\"37912\"                 src=\"https:\/\/www.nonsolomodanews.it\/wordpress\/wp-content\/uploads\/photo-gallery\/Jose_Lombardi_191123\/thumb\/20231119-sfilatalombardi-1719-e.jpg?bwg=1700984961\"                 data-src=\"https:\/\/www.nonsolomodanews.it\/wordpress\/wp-content\/uploads\/photo-gallery\/Jose_Lombardi_191123\/thumb\/20231119-sfilatalombardi-1719-e.jpg?bwg=1700984961\"                 data-width=\"300.00\"                 data-height=\"200.00\"                 alt=\"Credit Luigi Scuderi Ph\"                 title=\"Credit Luigi Scuderi Ph\" \/>                      <\/div>        <\/a>                <a  class=\"bwg-a bwg_lightbox bwg_lightbox_0\" href=\"https:\/\/www.nonsolomodanews.it\/wordpress\/wp-content\/uploads\/photo-gallery\/Jose_Lombardi_191123\/20231119-sfilatalombardi-363-jandgio-v2.jpg?bwg=1700984961\" data-image-id=\"37883\" data-elementor-open-lightbox=\"no\">          <div class=\"bwg_mosaic_thumb_spun_0 bwg-item0 bwg-mosaic-thumb-span \">            <img decoding=\"async\" class=\"bwg_mosaic_thumb_0 skip-lazy bwg_img_clear bwg_img_custom \"                 id=\"37883\"                 src=\"https:\/\/www.nonsolomodanews.it\/wordpress\/wp-content\/uploads\/photo-gallery\/Jose_Lombardi_191123\/thumb\/20231119-sfilatalombardi-363-jandgio-v2.jpg?bwg=1700984961\"                 data-src=\"https:\/\/www.nonsolomodanews.it\/wordpress\/wp-content\/uploads\/photo-gallery\/Jose_Lombardi_191123\/thumb\/20231119-sfilatalombardi-363-jandgio-v2.jpg?bwg=1700984961\"                 data-width=\"200.00\"                 data-height=\"300.00\"                 alt=\"Credit Luigi Scuderi Ph\"                 title=\"Credit Luigi Scuderi Ph\" \/>                      <\/div>        <\/a>                <a  class=\"bwg-a bwg_lightbox bwg_lightbox_0\" href=\"https:\/\/www.nonsolomodanews.it\/wordpress\/wp-content\/uploads\/photo-gallery\/Jose_Lombardi_191123\/20231119-sfilatalombardi-464-jandgio.jpg?bwg=1700984961\" data-image-id=\"37884\" data-elementor-open-lightbox=\"no\">          <div class=\"bwg_mosaic_thumb_spun_0 bwg-item0 bwg-mosaic-thumb-span \">            <img decoding=\"async\" class=\"bwg_mosaic_thumb_0 skip-lazy bwg_img_clear bwg_img_custom \"                 id=\"37884\"                 src=\"https:\/\/www.nonsolomodanews.it\/wordpress\/wp-content\/uploads\/photo-gallery\/Jose_Lombardi_191123\/thumb\/20231119-sfilatalombardi-464-jandgio.jpg?bwg=1700984961\"                 data-src=\"https:\/\/www.nonsolomodanews.it\/wordpress\/wp-content\/uploads\/photo-gallery\/Jose_Lombardi_191123\/thumb\/20231119-sfilatalombardi-464-jandgio.jpg?bwg=1700984961\"                 data-width=\"200.00\"                 data-height=\"300.00\"                 alt=\"Credit Luigi Scuderi Ph\"                 title=\"Credit Luigi Scuderi Ph\" \/>                      <\/div>        <\/a>                <a  class=\"bwg-a bwg_lightbox bwg_lightbox_0\" href=\"https:\/\/www.nonsolomodanews.it\/wordpress\/wp-content\/uploads\/photo-gallery\/Jose_Lombardi_191123\/20231119-sfilatalombardi-522-jandgio.jpg?bwg=1700984961\" data-image-id=\"37886\" data-elementor-open-lightbox=\"no\">          <div class=\"bwg_mosaic_thumb_spun_0 bwg-item0 bwg-mosaic-thumb-span \">            <img decoding=\"async\" class=\"bwg_mosaic_thumb_0 skip-lazy bwg_img_clear bwg_img_custom \"                 id=\"37886\"                 src=\"https:\/\/www.nonsolomodanews.it\/wordpress\/wp-content\/uploads\/photo-gallery\/Jose_Lombardi_191123\/thumb\/20231119-sfilatalombardi-522-jandgio.jpg?bwg=1700984961\"                 data-src=\"https:\/\/www.nonsolomodanews.it\/wordpress\/wp-content\/uploads\/photo-gallery\/Jose_Lombardi_191123\/thumb\/20231119-sfilatalombardi-522-jandgio.jpg?bwg=1700984961\"                 data-width=\"200.00\"                 data-height=\"300.00\"                 alt=\"Credit Luigi Scuderi Ph\"                 title=\"Credit Luigi Scuderi Ph\" \/>                      <\/div>        <\/a>                <a  class=\"bwg-a bwg_lightbox bwg_lightbox_0\" href=\"https:\/\/www.nonsolomodanews.it\/wordpress\/wp-content\/uploads\/photo-gallery\/Jose_Lombardi_191123\/20231119-sfilatalombardi-524-jandgio.jpg?bwg=1700984961\" data-image-id=\"37885\" data-elementor-open-lightbox=\"no\">          <div class=\"bwg_mosaic_thumb_spun_0 bwg-item0 bwg-mosaic-thumb-span \">            <img decoding=\"async\" class=\"bwg_mosaic_thumb_0 skip-lazy bwg_img_clear bwg_img_custom \"                 id=\"37885\"                 src=\"https:\/\/www.nonsolomodanews.it\/wordpress\/wp-content\/uploads\/photo-gallery\/Jose_Lombardi_191123\/thumb\/20231119-sfilatalombardi-524-jandgio.jpg?bwg=1700984961\"                 data-src=\"https:\/\/www.nonsolomodanews.it\/wordpress\/wp-content\/uploads\/photo-gallery\/Jose_Lombardi_191123\/thumb\/20231119-sfilatalombardi-524-jandgio.jpg?bwg=1700984961\"                 data-width=\"200.00\"                 data-height=\"300.00\"                 alt=\"Credit Luigi Scuderi Ph\"                 title=\"Credit Luigi Scuderi Ph\" \/>                      <\/div>        <\/a>                <a  class=\"bwg-a bwg_lightbox bwg_lightbox_0\" href=\"https:\/\/www.nonsolomodanews.it\/wordpress\/wp-content\/uploads\/photo-gallery\/Jose_Lombardi_191123\/20231119-sfilatalombardi-527-jandgio.jpg?bwg=1700984961\" data-image-id=\"37882\" data-elementor-open-lightbox=\"no\">          <div class=\"bwg_mosaic_thumb_spun_0 bwg-item0 bwg-mosaic-thumb-span \">            <img decoding=\"async\" class=\"bwg_mosaic_thumb_0 skip-lazy bwg_img_clear bwg_img_custom \"                 id=\"37882\"                 src=\"https:\/\/www.nonsolomodanews.it\/wordpress\/wp-content\/uploads\/photo-gallery\/Jose_Lombardi_191123\/thumb\/20231119-sfilatalombardi-527-jandgio.jpg?bwg=1700984961\"                 data-src=\"https:\/\/www.nonsolomodanews.it\/wordpress\/wp-content\/uploads\/photo-gallery\/Jose_Lombardi_191123\/thumb\/20231119-sfilatalombardi-527-jandgio.jpg?bwg=1700984961\"                 data-width=\"200.00\"                 data-height=\"300.00\"                 alt=\"Credit Luigi Scuderi Ph\"                 title=\"Credit Luigi Scuderi Ph\" \/>                      <\/div>        <\/a>            <\/div>    <\/div>    <style>      \/*pagination styles*\/      #bwg_container1_0 #bwg_container2_0 .tablenav-pages_0 {\t\t\t\ttext-align: center;\t\t\t\tfont-size: 12px;\t\t\t\tfont-family: segoe ui;\t\t\t\tfont-weight: bold;\t\t\t\tcolor: #666666;\t\t\t\tmargin: 6px 0 4px;\t\t\t\tdisplay: block;      }      @media only screen and (max-width : 320px) {      #bwg_container1_0 #bwg_container2_0 .displaying-num_0 {     \t display: none;      }      }      #bwg_container1_0 #bwg_container2_0 .displaying-num_0 {\t\t\t\tfont-size: 12px;\t\t\t\tfont-family: segoe ui;\t\t\t\tfont-weight: bold;\t\t\t\tcolor: #666666;\t\t\t\tmargin-right: 10px;\t\t\t\tvertical-align: middle;      }      #bwg_container1_0 #bwg_container2_0 .paging-input_0 {\t\t\t\tfont-size: 12px;\t\t\t\tfont-family: segoe ui;\t\t\t\tfont-weight: bold;\t\t\t\tcolor: #666666;\t\t\t\tvertical-align: middle;      }      #bwg_container1_0 #bwg_container2_0 .tablenav-pages_0 a.disabled,      #bwg_container1_0 #bwg_container2_0 .tablenav-pages_0 a.disabled:hover,      #bwg_container1_0 #bwg_container2_0 .tablenav-pages_0 a.disabled:focus,\t\t\t#bwg_container1_0 #bwg_container2_0 .tablenav-pages_0 input.bwg_current_page {\t\t\t\tcursor: default;\t\t\t\tcolor: rgba(102, 102, 102, 0.5);      }      #bwg_container1_0 #bwg_container2_0 .tablenav-pages_0 a,      #bwg_container1_0 #bwg_container2_0 .tablenav-pages_0 input.bwg_current_page {\t\t\t\tcursor: pointer;\t\t\t\ttext-align: center;\t\t\t\tfont-size: 12px;\t\t\t\tfont-family: segoe ui;\t\t\t\tfont-weight: bold;\t\t\t\tcolor: #666666;\t\t\t\ttext-decoration: none;\t\t\t\tpadding: 3px 6px;\t\t\t\tmargin: 0;\t\t\t\tborder-radius: 0;\t\t\t\tborder-style: solid;\t\t\t\tborder-width: 1px;\t\t\t\tborder-color: #E3E3E3;\t\t\t\t\t\t\t\tbackground-color: rgba(255, 255, 255, 1.00);\t\t\t\tbox-shadow: 0;\t\t\t\ttransition: all 0.3s ease 0s;-webkit-transition: all 0.3s ease 0s;      }      <\/style>      <span class=\"bwg_nav_cont_0\">              <div class=\"tablenav-pages_0\">                      <span class=\"pagination-links_0 pagination-links\" data-pages-count=\"2\">              <span class=\"pagination-links_col1\">              <a class=\"bwg-a first-page disabled\" title=\"Vai alla prima pagina\" >\u00ab<\/a>              <a class=\"bwg-a prev-page disabled\" title=\"Vai alla pagina precedente\" >\u2039<\/a>              <\/span>\t\t\t\t\t\t\t<span class=\"pagination-links_col2\">\t\t\t\t\t\t\t\t\t<input type=\"number\" class=\"bwg_current_page\" name=\"bwg_current_page\" value=\"1\" data-url-info=\"page_number_0\" onkeypress=\"return bwg_change_page_0(event, this)\" min=\"1\" oninput=\"validity.valid||(value='')\" \/>\t\t\t\t\t\t\t\t\t\tdi\t\t\t\t\t\t\t\t\t\t<span class=\"total-pages_0\">\t\t\t\t\t\t\t\t\t\t\t2\t\t\t\t\t\t\t\t\t\t<\/span>\t\t\t\t\t\t\t<\/span>              <span class=\"pagination-links_col3\">                <a class=\"bwg-a next-page-0\" title=\"Vai alla pagina successiva\" href=\"\/wordpress\/wp-json\/wp\/v2\/posts\/25763?page_number_0=2\">\u203a<\/a>                <a class=\"bwg-a last-page-0\" title=\"Vai all&#039;ultima pagina\" href=\"\/wordpress\/wp-json\/wp\/v2\/posts\/25763?page_number_0=2\">\u00bb<\/a>              <\/span>\t\t\t\t\t\t<\/span>\t\t\t\t\t\t        <\/div>                <input type=\"hidden\" id=\"page_number_0\" name=\"page_number_0\" value=\"1\" \/>      <script type=\"text\/javascript\">        if( jQuery('.bwg_nav_cont_0').length > 1 ) {          jQuery('.bwg_nav_cont_0').first().remove()        }        function spider_page_0(cur, x, y, load_more) {          if (typeof load_more == \"undefined\") {            var load_more = false;          }          if (jQuery(cur).hasClass('disabled')) {            return false;          }          var items_county_0 = 2;          switch (y) {            case 1:              if (x >= items_county_0) {                document.getElementById('page_number_0').value = items_county_0;              }              else {                document.getElementById('page_number_0').value = x + 1;              }              break;            case 2:              document.getElementById('page_number_0').value = items_county_0;              break;            case -1:              if (x == 1) {                document.getElementById('page_number_0').value = 1;              }              else {                document.getElementById('page_number_0').value = x - 1;              }              break;            case -2:              document.getElementById('page_number_0').value = 1;              break;\t\t\t\t\t\tcase 0:              document.getElementById('page_number_0').value = x;              break;            default:              document.getElementById('page_number_0').value = 1;          }          bwg_ajax('gal_front_form_0', '0', 'bwg_thumbnails_mosaic_0', '0', '', 'gallery', 0, '', '', load_more, '', 1);        }                    jQuery('.first-page disabled').on('click', function () {              spider_page_0(this, 1, -2, 'numeric');              return false;            });            jQuery('.prev-page disabled').on('click', function () {              spider_page_0(this, 1, -1, 'numeric');              return false;            });            jQuery('.next-page-0').on('click', function () {              spider_page_0(this, 1, 1, 'numeric');              return false;            });            jQuery('.last-page-0').on('click', function () {              spider_page_0(this, 1, 2, 'numeric');              return false;            });        \t\t\t\t\/* Change page on input enter. *\/        function bwg_change_page_0( e, that ) {          if (  e.key == 'Enter' ) {            var to_page = parseInt(jQuery(that).val());            var pages_count = jQuery(that).parents(\".pagination-links\").data(\"pages-count\");            var current_url_param = jQuery(that).attr('data-url-info');            if (to_page > pages_count) {              to_page = 1;            }\t \t\t\t\t\t\t\t\t\t\t\t\tspider_page_0(this, to_page, 0, 'numeric');\t\t\t\t\t\t\treturn false;\t\t\t\t\t\t          }          return true;        }        jQuery('.bwg_load_btn_0').on('click', function () {            spider_page_0(this, 1, 1, true);            return false;        });      <\/script>      <\/span>                <\/div>        <\/form>        <style>          #bwg_container1_0 #bwg_container2_0 #spider_popup_overlay_0 {          background-color: #000000;          opacity: 0.70;          }          <\/style>        <div id=\"bwg_spider_popup_loading_0\" class=\"bwg_spider_popup_loading\"><\/div>        <div id=\"spider_popup_overlay_0\" class=\"spider_popup_overlay\" onclick=\"spider_destroypopup(1000)\"><\/div>        <input type=\"hidden\" id=\"bwg_random_seed_0\" value=\"1974758605\">                <\/div>    <\/div>    <script>      if (document.readyState === 'complete') {        if( typeof bwg_main_ready == 'function' ) {          if ( jQuery(\"#bwg_container1_0\").height() ) {            bwg_main_ready(jQuery(\"#bwg_container1_0\"));          }        }      } else {        document.addEventListener('DOMContentLoaded', function() {          if( typeof bwg_main_ready == 'function' ) {            if ( jQuery(\"#bwg_container1_0\").height() ) {             bwg_main_ready(jQuery(\"#bwg_container1_0\"));            }          }        });      }    <\/script>    \n","protected":false},"excerpt":{"rendered":"<p>Una sfilata molto attesa quella che si &egrave; tenuta nella splendida cornice del Circolo Carabinieri Tevere di Roma domenica 19 novembre 2023.&nbsp; Una serata blindatissima ed esclusiva, all&rsquo;insegna del fashion ad altissimi livelli, con ospiti di eccezione e super selezionati. Protagonisti della serata, gli abiti della nuova collezione autunno inverno 2023\/2024 della Maison Lombardi Haute Couture che insieme a Giovanni Filangieri, che si occupa della linea maschile, della linea giovanile e anche per l&rsquo;alta moda e i favolosi gioielli della Jewelry della Designer Maura Sofia degli Estensi pluripremiata a livello Internazionale e contesa da tutti i pi&ugrave; importanti brand di alta gioielleria che la vorrebbero nei propri team. I protagonisti sono stati gli abiti sinuosi ed eleganti realizzati dallo stilista Jos&eacute; Lombardi, con tessuti pregiatissimi ricamati a mano e i meravigliosi gioielli in diamanti e pietre preziose della bellissima Maura Sofia degli Estensi, realizzati in esclusiva per la serata. Un connubio perfetto di creativit&agrave; e arte a livelli altissimi che ha incantato tutti. Nel corso della serata &egrave; stata presentata anche la nuova linea della Maison Lombardi e la J&amp;Gi&ograve; rivolta ad un pubblico pi&ugrave; giovane. La serata &egrave; stata allietata dalle note musicali dei maestri di musica Riccardo Manenti [&hellip;]<\/p>\n","protected":false},"author":1,"featured_media":25768,"comment_status":"open","ping_status":"open","sticky":false,"template":"","format":"standard","meta":{"rop_custom_images_group":[],"rop_custom_messages_group":[],"rop_publish_now":"initial","rop_publish_now_accounts":[],"rop_publish_now_history":[],"rop_publish_now_status":"pending","footnotes":""},"categories":[16],"tags":[281,2764,2718,2719,1099],"class_list":["post-25763","post","type-post","status-publish","format-standard","has-post-thumbnail","hentry","category-articolo","tag-bruno-angelo-porcellana","tag-giovanni-filangeri","tag-jose-lombardi","tag-maison-lombardi-haute-couture","tag-nonsolomodanews"],"_links":{"self":[{"href":"https:\/\/www.nonsolomodanews.it\/wordpress\/wp-json\/wp\/v2\/posts\/25763","targetHints":{"allow":["GET"]}}],"collection":[{"href":"https:\/\/www.nonsolomodanews.it\/wordpress\/wp-json\/wp\/v2\/posts"}],"about":[{"href":"https:\/\/www.nonsolomodanews.it\/wordpress\/wp-json\/wp\/v2\/types\/post"}],"author":[{"embeddable":true,"href":"https:\/\/www.nonsolomodanews.it\/wordpress\/wp-json\/wp\/v2\/users\/1"}],"replies":[{"embeddable":true,"href":"https:\/\/www.nonsolomodanews.it\/wordpress\/wp-json\/wp\/v2\/comments?post=25763"}],"version-history":[{"count":8,"href":"https:\/\/www.nonsolomodanews.it\/wordpress\/wp-json\/wp\/v2\/posts\/25763\/revisions"}],"predecessor-version":[{"id":25777,"href":"https:\/\/www.nonsolomodanews.it\/wordpress\/wp-json\/wp\/v2\/posts\/25763\/revisions\/25777"}],"wp:featuredmedia":[{"embeddable":true,"href":"https:\/\/www.nonsolomodanews.it\/wordpress\/wp-json\/wp\/v2\/media\/25768"}],"wp:attachment":[{"href":"https:\/\/www.nonsolomodanews.it\/wordpress\/wp-json\/wp\/v2\/media?parent=25763"}],"wp:term":[{"taxonomy":"category","embeddable":true,"href":"https:\/\/www.nonsolomodanews.it\/wordpress\/wp-json\/wp\/v2\/categories?post=25763"},{"taxonomy":"post_tag","embeddable":true,"href":"https:\/\/www.nonsolomodanews.it\/wordpress\/wp-json\/wp\/v2\/tags?post=25763"}],"curies":[{"name":"wp","href":"https:\/\/api.w.org\/{rel}","templated":true}]}}