{"id":25745,"date":"2023-11-23T18:50:23","date_gmt":"2023-11-23T18:50:23","guid":{"rendered":"https:\/\/www.nonsolomodanews.it\/wordpress\/?p=25745"},"modified":"2023-11-24T11:19:21","modified_gmt":"2023-11-24T11:19:21","slug":"12o-mercato-dei-vini-dei-vignaioli-indipendenti-2023-bolognafiere-25-27-novembre-2023","status":"publish","type":"post","link":"https:\/\/www.nonsolomodanews.it\/wordpress\/12o-mercato-dei-vini-dei-vignaioli-indipendenti-2023-bolognafiere-25-27-novembre-2023\/","title":{"rendered":"12\u00ba Mercato dei Vini dei Vignaioli Indipendenti 2023\u00a0&#8211; BolognaFiere &#8211; 25-27 Novembre 2023"},"content":{"rendered":"<p><strong><img loading=\"lazy\" decoding=\"async\" class=\"size-medium wp-image-25747 alignleft\" src=\"https:\/\/www.nonsolomodanews.it\/wordpress\/wp-content\/uploads\/2023\/11\/MERCATO-DEI-VINI-FIVI-2022_2-300x200.jpg\" alt=\"\" width=\"300\" height=\"200\" srcset=\"https:\/\/www.nonsolomodanews.it\/wordpress\/wp-content\/uploads\/2023\/11\/MERCATO-DEI-VINI-FIVI-2022_2-300x200.jpg 300w, https:\/\/www.nonsolomodanews.it\/wordpress\/wp-content\/uploads\/2023\/11\/MERCATO-DEI-VINI-FIVI-2022_2-1024x683.jpg 1024w, https:\/\/www.nonsolomodanews.it\/wordpress\/wp-content\/uploads\/2023\/11\/MERCATO-DEI-VINI-FIVI-2022_2-768x512.jpg 768w, https:\/\/www.nonsolomodanews.it\/wordpress\/wp-content\/uploads\/2023\/11\/MERCATO-DEI-VINI-FIVI-2022_2-1536x1024.jpg 1536w, https:\/\/www.nonsolomodanews.it\/wordpress\/wp-content\/uploads\/2023\/11\/MERCATO-DEI-VINI-FIVI-2022_2-2048x1365.jpg 2048w, https:\/\/www.nonsolomodanews.it\/wordpress\/wp-content\/uploads\/2023\/11\/MERCATO-DEI-VINI-FIVI-2022_2-1080x720.jpg 1080w\" sizes=\"auto, (max-width: 300px) 100vw, 300px\" \/>12\u00ba Mercato dei Vini dei Vignaioli Indipendenti 2023<\/strong>\u00a0 &#8211; <strong>Dal 25 al 27 novembre, pi\u00f9 di 1.000 espositori\u00a0 <\/strong><strong>accoglieranno il pubblico nei padiglioni di BolognaFiere,\u00a0 <\/strong><strong>per il pi\u00f9 importante evento dei Vignaioli italiani<\/strong><\/p>\n<p>Il <strong>Mercato dei Vini dei Vignaioli Indipendenti FIVI<\/strong>\u00a0arriva nei padiglioni di\u00a0<strong>BolognaFiere<\/strong>, dove\u00a0<strong>da sabato 25 a luned\u00ec 27 novembre<\/strong>\u00a0festegger\u00e0 la\u00a0<strong>dodicesima edizione<\/strong>.<\/p>\n<p>Saranno ben\u00a0<strong>985<\/strong>, provenienti\u00a0<strong>da tutte le regioni italiane<\/strong>, i Vignaioli che accoglieranno il pubblico al Mercato dei Vini, dal 2011 l\u2019unico evento in Italia organizzato dai Vignaioli per i Vignaioli e per chi ama i loro vini.<\/p>\n<p>&nbsp;<\/p>\n<p>Accanto ai Vignaioli soci FIVI, saranno presenti a Bologna i\u00a0<strong>Vignaioli europei<\/strong>\u00a0di due associazioni nazionali appartenenti a\u00a0<strong>CEVI<\/strong>\u00a0&#8211; Conf\u00e9d\u00e9ration Europ\u00e9enne des Vignerons Ind\u00e9pendants e\u00a0<strong>29<\/strong>\u00a0<strong>olivicoltori<\/strong>\u00a0indipendenti soci della\u00a0<strong>FIOI<\/strong>\u00a0&#8211; Federazione Italiana Olivicoltori Indipendenti, che con FIVI ha siglato un\u2019alleanza fondamentale tra produttori agricoli.<\/p>\n<p><strong>Oltre 8.000 i vini in assaggio<\/strong>.<strong>\u00a0<\/strong><\/p>\n<p><em>\u201cDopo le due edizioni di successo della Slow Wine Fair, con l\u2019ingresso del Mercato dei Vini dei Vignaioli Indipendenti FIVI nel calendario fieristico di BolognaFiere, Bologna si afferma come sede elettiva degli eventi sul vino sostenibile, di eccellente qualit\u00e0, prodotto con metodi artigianali e del territorio\u201d,\u00a0<\/em>sottolinea il Presidente di BolognaFiere,\u00a0<strong>Gianpiero Calzolari<\/strong><em>. \u201cSiamo certi che questo nuovo appuntamento espositivo ci dar\u00e0 grandi soddisfazioni e sar\u00e0 apprezzato dalla citt\u00e0. Grazie alla Slow Wine Fair, a Marca, a Sana e alla new entry del Mercato dei Vini, BolognaFiere rafforza il proprio posizionamento come polo espositivo leader nell\u2019agroalimentare, sia nel settore food che nel settore beverage\u201d.\u00a0<\/em><\/p>\n<p><em>\u201cAttendiamo con emozione questa prima edizione bolognese\u201d,\u00a0<\/em>osserva\u00a0<strong>Lorenzo Cesconi<\/strong>, Vignaiolo e Presidente di FIVI.<em>\u00a0\u201cPer noi Vignaioli, il Mercato dei Vini \u00e8 un evento di enorme importanza, al quale tutti i soci FIVI sono affezionati. Non \u00e8 un caso che abbiano risposto in mille, su circa 1.700 soci, perch\u00e9 il Mercato \u00e8 prima di tutto un\u2019occasione unica e inimitabile per incontrarsi e confrontarsi tra colleghi e con il pubblico. Abbiamo scelto Bologna come luogo ideale per sviluppare questo nostro evento associativo: per crescere in modo coerente e adeguato, dando ai soci e al pubblico la possibilit\u00e0 di vivere al meglio l\u2019esperienza del Mercato dei Vini. Mi piace ricordare che FIVI \u00e8 un\u2019associazione di rappresentanza che tutela e difende i Vignaioli italiani, non un organizzatore di eventi commerciali. Questo \u00e8 il valore che sta alle spalle del Mercato dei Vini, perch\u00e9 il pubblico che verr\u00e0 a Bologna sa chi si trover\u00e0 di fronte: Vignaiole e Vignaioli, coltivatori di vigna e produttori di vino, gli artigiani del vino italiano che si raccontano in prima persona<\/em>\u201d.<\/p>\n<p><img loading=\"lazy\" decoding=\"async\" class=\"size-medium wp-image-25750 aligncenter\" src=\"https:\/\/www.nonsolomodanews.it\/wordpress\/wp-content\/uploads\/2023\/11\/20231122_120158-300x225.jpg\" alt=\"\" width=\"300\" height=\"225\" srcset=\"https:\/\/www.nonsolomodanews.it\/wordpress\/wp-content\/uploads\/2023\/11\/20231122_120158-300x225.jpg 300w, https:\/\/www.nonsolomodanews.it\/wordpress\/wp-content\/uploads\/2023\/11\/20231122_120158-1024x768.jpg 1024w, https:\/\/www.nonsolomodanews.it\/wordpress\/wp-content\/uploads\/2023\/11\/20231122_120158-768x576.jpg 768w, https:\/\/www.nonsolomodanews.it\/wordpress\/wp-content\/uploads\/2023\/11\/20231122_120158-1536x1152.jpg 1536w, https:\/\/www.nonsolomodanews.it\/wordpress\/wp-content\/uploads\/2023\/11\/20231122_120158-2048x1536.jpg 2048w, https:\/\/www.nonsolomodanews.it\/wordpress\/wp-content\/uploads\/2023\/11\/20231122_120158-1080x810.jpg 1080w\" sizes=\"auto, (max-width: 300px) 100vw, 300px\" \/><\/p>\n<p>BolognaFiere ha messo a disposizione del Mercato\u00a0<strong>30.000 metri quadrati<\/strong>, distribuiti in\u00a0<strong>quattro padiglioni<\/strong>: i Vignaioli saranno collocati nel 29 e nel 30, mentre i padiglioni 28 e 36 ospiteranno il food e i servizi correlati al Mercato. Nella galleria centrale, in particolare, troveranno spazio i partner e gli sponsor del Mercato dei Vini, nonch\u00e9 lo stand istituzionale FIVI con le celebri t-shirt e altri gadget firmati \u201cVignaioli Indipendenti\u201d.<\/p>\n<p>Lo spostamento della manifestazione a Bologna permetter\u00e0 al pubblico di<strong>\u00a0raggiungere pi\u00f9 agevolmente il Mercato dei Vini non solo con l\u2019automobile, ma anche con i mezzi pubblici<\/strong>, a partire dal treno: una scelta di sicurezza e sostenibilit\u00e0 in linea con lo spirito della manifestazione, e che dovrebbe allargare la platea dei visitatori.<\/p>\n<p>Rispetto alle precedenti edizioni del Mercato, le migliorie riguardano anche lo\u00a0<strong>shopping<\/strong>: in fiera sar\u00e0, infatti, attivo un pratico\u00a0<strong>servizio di spedizioni<\/strong>, che consentir\u00e0 al pubblico di farsi recapitare direttamente a casa le bottiglie acquistate.<\/p>\n<p>Senza contare che la fiera di Bologna fornir\u00e0 gli iconici\u00a0<strong>carrelli<\/strong>\u00a0del Mercato FIVI: i visitatori potranno utilizzarli per trasportare\u00a0<strong>fino al parcheggio multipiano<\/strong>\u00a0le bottiglie comprate e restituirli direttamente l\u00ec agli organizzatori, senza dover tornare nel quartiere fieristico.<\/p>\n<p><em>\u201cL\u2019evento si preannuncia come il\u00a0<strong>principale appuntamento dei produttori di vino italiano<\/strong>\u201d<\/em>, prosegue\u00a0<strong>Cesconi<\/strong>,\u00a0<em>\u201cnell&#8217;accezione che \u00e8 giusto dare a questo termine. Per noi, l\u2019aggettivo \u2018italiano\u2019 non \u00e8, infatti, un mero dato geografico, men che meno un orpello formale, ma pu\u00f2 essere associato solo a un vino rappresentativo dell&#8217;identit\u00e0 e della vocazione di un territorio, prodotto nel rispetto del paesaggio e dell&#8217;ambiente, intrinsecamente connesso in un complesso sistema di relazioni culturali, economiche e sociali\u201d.\u00a0<\/em><\/p>\n<p><img loading=\"lazy\" decoding=\"async\" class=\"size-medium wp-image-25751 aligncenter\" src=\"https:\/\/www.nonsolomodanews.it\/wordpress\/wp-content\/uploads\/2023\/11\/MERCATO-DEI-VINI-FIVI-2022_1-300x200.jpg\" alt=\"\" width=\"300\" height=\"200\" srcset=\"https:\/\/www.nonsolomodanews.it\/wordpress\/wp-content\/uploads\/2023\/11\/MERCATO-DEI-VINI-FIVI-2022_1-300x200.jpg 300w, https:\/\/www.nonsolomodanews.it\/wordpress\/wp-content\/uploads\/2023\/11\/MERCATO-DEI-VINI-FIVI-2022_1-1024x683.jpg 1024w, https:\/\/www.nonsolomodanews.it\/wordpress\/wp-content\/uploads\/2023\/11\/MERCATO-DEI-VINI-FIVI-2022_1-768x512.jpg 768w, https:\/\/www.nonsolomodanews.it\/wordpress\/wp-content\/uploads\/2023\/11\/MERCATO-DEI-VINI-FIVI-2022_1-1536x1024.jpg 1536w, https:\/\/www.nonsolomodanews.it\/wordpress\/wp-content\/uploads\/2023\/11\/MERCATO-DEI-VINI-FIVI-2022_1-2048x1365.jpg 2048w, https:\/\/www.nonsolomodanews.it\/wordpress\/wp-content\/uploads\/2023\/11\/MERCATO-DEI-VINI-FIVI-2022_1-1080x720.jpg 1080w\" sizes=\"auto, (max-width: 300px) 100vw, 300px\" \/>A fare del Mercato dei Vini FIVI un evento unico e identitario contribuisce anche il suo programma, che proporr\u00e0\u00a0<strong>quattro masterclass dedicate ad altrettanti importanti vitigni autoctoni<\/strong>\u00a0e realizzate in collaborazione con\u00a0<strong>ALMA\u00a0<\/strong>&#8211; La scuola internazionale di cucina italiana. Dal Fiano di Avellino al Pigato, dall\u2019Aglianico del Vulture al Lambrusco, attraverso i vini e il racconto dei Vignaioli, il pubblico potr\u00e0 approfondire la propria conoscenza di quattro eccellenze dell\u2019enologia italiana.<\/p>\n<p>In occasione del Mercato dei Vini saranno, poi, assegnati il\u00a0<strong>Premio \u201cLeonildo Pieropan\u201d2023<\/strong>, in memoria di uno dei pionieri di FIVI, e il\u00a0<strong>nuovo premio \u201cVignaiolo come noi\u201d<\/strong>. Ad aggiudicarseli, rispettivamente il Vignaiolo abruzzese\u00a0<strong>Emidio Pepe<\/strong>\u00a0e l\u2019artista Stefano Belisari, a tutti noto pi\u00f9 semplicemente come\u00a0<strong>\u2018Elio\u2019<\/strong>.<\/p>\n<p>Grazie alla collaborazione con\u00a0<strong>Confcommercio Ascom Bologna<\/strong>\u00a0e con\u00a0<strong>AMO<\/strong>\u00a0&#8211; Associazione Mescitori Organizzati, prima e durante il Mercato dei Vini la citt\u00e0 di<strong>\u00a0<\/strong>Bologna sar\u00e0 coinvolta in eventi con protagonisti i vini dei Vignaioli Indipendenti e i Vignaioli stessi.<\/p>\n<p>In particolare,\u00a0<strong>gioved\u00ec 23 novembre<\/strong>\u00a0si entrer\u00e0 nel clima della festa del Mercato con la\u00a0<strong>\u201cWine City Night\u201d<\/strong>\u00a0itinerante targata AMO, mentre\u00a0<strong>sabato 25 novembre<\/strong>\u00a0<strong>\u201cLa notte bianca dei Vignaioli\u201d<\/strong>\u00a0porter\u00e0 un Vignaiolo o una Vignaiola FIVI in ognuno dei locali aderenti all\u2019iniziativa, per raccontare e degustare insieme agli avventori i vini artigianali e del territorio.<\/p>\n<p>Il Mercato dei Vini dei Vignaioli Indipendenti \u00e8 un evento FIVI. \u00c8 organizzato da BolognaFiere, con il supporto di\u00a0<strong>Confcommercio Ascom Bologna<\/strong>\u00a0e il patrocinio del\u00a0<strong>Comune di Bologna<\/strong>.<\/p>\n<p>Comunicato Stampa<\/p>\n<p style=\"text-align: center;\">Testo e foto a cura ufficio Stampa FIVI e Ufficio stampa BolognaFiere<br \/>\nTutti i diritti riservati \u00a9 2023 \u2013 Email:\u00a0<a href=\"mailto:nonsolomodanews@gmail.com\">nonsolomodanews@gmail.com<\/a><\/p>\n<p>&nbsp;<\/p>\n","protected":false},"excerpt":{"rendered":"<p>12&ordm; Mercato dei Vini dei Vignaioli Indipendenti 2023&nbsp; &ndash; Dal 25 al 27 novembre, pi&ugrave; di 1.000 espositori&nbsp; accoglieranno il pubblico nei padiglioni di BolognaFiere,&nbsp; per il pi&ugrave; importante evento dei Vignaioli italiani Il Mercato dei Vini dei Vignaioli Indipendenti FIVI&nbsp;arriva nei padiglioni di&nbsp;BolognaFiere, dove&nbsp;da sabato 25 a luned&igrave; 27 novembre&nbsp;festegger&agrave; la&nbsp;dodicesima edizione. Saranno ben&nbsp;985, provenienti&nbsp;da tutte le regioni italiane, i Vignaioli che accoglieranno il pubblico al Mercato dei Vini, dal 2011 l&rsquo;unico evento in Italia organizzato dai Vignaioli per i Vignaioli e per chi ama i loro vini. &nbsp; Accanto ai Vignaioli soci FIVI, saranno presenti a Bologna i&nbsp;Vignaioli europei&nbsp;di due associazioni nazionali appartenenti a&nbsp;CEVI&nbsp;&ndash; Conf&eacute;d&eacute;ration Europ&eacute;enne des Vignerons Ind&eacute;pendants e&nbsp;29&nbsp;olivicoltori&nbsp;indipendenti soci della&nbsp;FIOI&nbsp;&ndash; Federazione Italiana Olivicoltori Indipendenti, che con FIVI ha siglato un&rsquo;alleanza fondamentale tra produttori agricoli. Oltre 8.000 i vini in assaggio.&nbsp; &ldquo;Dopo le due edizioni di successo della Slow Wine Fair, con l&rsquo;ingresso del Mercato dei Vini dei Vignaioli Indipendenti FIVI nel calendario fieristico di BolognaFiere, Bologna si afferma come sede elettiva degli eventi sul vino sostenibile, di eccellente qualit&agrave;, prodotto con metodi artigianali e del territorio&rdquo;,&nbsp;sottolinea il Presidente di BolognaFiere,&nbsp;Gianpiero Calzolari. &ldquo;Siamo certi che questo nuovo appuntamento espositivo ci dar&agrave; grandi soddisfazioni e sar&agrave; apprezzato dalla [&hellip;]<\/p>\n","protected":false},"author":1,"featured_media":25748,"comment_status":"open","ping_status":"open","sticky":false,"template":"","format":"standard","meta":{"rop_custom_images_group":[],"rop_custom_messages_group":[],"rop_publish_now":"initial","rop_publish_now_accounts":[],"rop_publish_now_history":[],"rop_publish_now_status":"pending","footnotes":""},"categories":[16],"tags":[281,9317,9318,1099],"class_list":["post-25745","post","type-post","status-publish","format-standard","has-post-thumbnail","hentry","category-articolo","tag-bruno-angelo-porcellana","tag-fivi","tag-mercato-dei-vini-dei-vignaioli-indipendenti","tag-nonsolomodanews"],"_links":{"self":[{"href":"https:\/\/www.nonsolomodanews.it\/wordpress\/wp-json\/wp\/v2\/posts\/25745","targetHints":{"allow":["GET"]}}],"collection":[{"href":"https:\/\/www.nonsolomodanews.it\/wordpress\/wp-json\/wp\/v2\/posts"}],"about":[{"href":"https:\/\/www.nonsolomodanews.it\/wordpress\/wp-json\/wp\/v2\/types\/post"}],"author":[{"embeddable":true,"href":"https:\/\/www.nonsolomodanews.it\/wordpress\/wp-json\/wp\/v2\/users\/1"}],"replies":[{"embeddable":true,"href":"https:\/\/www.nonsolomodanews.it\/wordpress\/wp-json\/wp\/v2\/comments?post=25745"}],"version-history":[{"count":4,"href":"https:\/\/www.nonsolomodanews.it\/wordpress\/wp-json\/wp\/v2\/posts\/25745\/revisions"}],"predecessor-version":[{"id":25762,"href":"https:\/\/www.nonsolomodanews.it\/wordpress\/wp-json\/wp\/v2\/posts\/25745\/revisions\/25762"}],"wp:featuredmedia":[{"embeddable":true,"href":"https:\/\/www.nonsolomodanews.it\/wordpress\/wp-json\/wp\/v2\/media\/25748"}],"wp:attachment":[{"href":"https:\/\/www.nonsolomodanews.it\/wordpress\/wp-json\/wp\/v2\/media?parent=25745"}],"wp:term":[{"taxonomy":"category","embeddable":true,"href":"https:\/\/www.nonsolomodanews.it\/wordpress\/wp-json\/wp\/v2\/categories?post=25745"},{"taxonomy":"post_tag","embeddable":true,"href":"https:\/\/www.nonsolomodanews.it\/wordpress\/wp-json\/wp\/v2\/tags?post=25745"}],"curies":[{"name":"wp","href":"https:\/\/api.w.org\/{rel}","templated":true}]}}