{"id":25707,"date":"2023-11-14T13:21:47","date_gmt":"2023-11-14T13:21:47","guid":{"rendered":"https:\/\/www.nonsolomodanews.it\/wordpress\/?p=25707"},"modified":"2023-11-14T13:21:47","modified_gmt":"2023-11-14T13:21:47","slug":"a-bologna-tutto-pronto-per-il-12o-mercato-dei-vini-dei-vignaioli-indipendenti-elio-delle-storie-tese-presente-al-taglio-del-nastro","status":"publish","type":"post","link":"https:\/\/www.nonsolomodanews.it\/wordpress\/a-bologna-tutto-pronto-per-il-12o-mercato-dei-vini-dei-vignaioli-indipendenti-elio-delle-storie-tese-presente-al-taglio-del-nastro\/","title":{"rendered":"A Bologna tutto pronto per il 12\u00ba Mercato dei Vini dei Vignaioli Indipendenti. Elio, delle Storie Tese, presente al taglio del nastro"},"content":{"rendered":"<div id=\"attachment_25710\" style=\"width: 307px\" class=\"wp-caption alignleft\"><img loading=\"lazy\" decoding=\"async\" aria-describedby=\"caption-attachment-25710\" class=\"wp-image-25710 size-medium\" src=\"https:\/\/www.nonsolomodanews.it\/wordpress\/wp-content\/uploads\/2023\/11\/Senza-titolo-2-297x300.jpg\" alt=\"\" width=\"297\" height=\"300\" srcset=\"https:\/\/www.nonsolomodanews.it\/wordpress\/wp-content\/uploads\/2023\/11\/Senza-titolo-2-297x300.jpg 297w, https:\/\/www.nonsolomodanews.it\/wordpress\/wp-content\/uploads\/2023\/11\/Senza-titolo-2.jpg 588w\" sizes=\"auto, (max-width: 297px) 100vw, 297px\" \/><p id=\"caption-attachment-25710\" class=\"wp-caption-text\"><\/span> <span style=\"color: #000000;\">Stefano Belisari, in arte Elio<\/span><\/p><\/div>\n<p><span style=\"color: #000000;\">A Bologna tutto pronto per il 12\u00ba Mercato dei Vini dei Vignaioli Indipendenti &#8211; A poco pi\u00f9 di dieci giorni dall\u2019apertura dell\u2019edizione 2023, (25-26 e 27 Novembre) l\u2019annuncio del vincitore del Premio \u201cLeonildo Pieropan\u201d e del nuovo Premio \u201cVignaiolo come noi\u201d.<\/span><br \/>\n<span style=\"color: #000000;\">Il premio alla memoria di Leonildo Pieropan sar\u00e0 consegnato a <strong>Emidio Pepe<\/strong>, Vignaiolo in Abruzzo.<\/span><br \/>\n<span style=\"color: #000000;\">Il nuovo premio <strong>\u201cVignaiolo come noi\u201d <\/strong>attribuito a chi interpreta il proprio lavoro mettendo al centro i valori di qualit\u00e0, originalit\u00e0, professionalit\u00e0 e l\u2019amore per le cose fatte bene, andr\u00e0 a <strong>Stefano Belisari<\/strong>, in arte Elio, che sar\u00e0 presente al taglio del nastro del Mercato.<\/span><br \/>\n<span style=\"color: #000000;\">4 Masterclass in fiera e il primo \u201cFuori Mercato\u201d in citt\u00e0 renderanno l\u2019edizione 2023 ancora pi\u00f9 attrattiva.<\/span><\/p>\n<p><span style=\"color: #000000;\"><!--more--><\/span><\/p>\n<p><span style=\"color: #000000;\">Ci siamo. Manca davvero poco all\u2019apertura del Mercato dei Vini dei Vignaioli Indipendenti FIVI, edizione n. 12, che nella <strong>nuova sede di BolognaFiere dal 25 al 27 novembre 2023 <\/strong>\u00e8 pronto ad accogliere il pubblico e oltre 1.000 espositori per la festa del vino artigianale, di qualit\u00e0 e del territorio.<\/span><\/p>\n<p><span style=\"color: #000000;\"><strong>Questi i numeri alla partenza<\/strong>: <strong>985 vignaioli italiani<\/strong>, 2 associazioni che fanno parte di CEVI &#8211; Conf\u00e9d\u00e9ration Europ\u00e9enne des Vignerons Ind\u00e9pendants, <strong>29 olivicoltori <\/strong>FIOI, la Federazione Italiana Olivicoltori Indipendenti, che con FIVI ha siglato un\u2019alleanza fondamentale tra produttori agricoli. <strong>Oltre<\/strong><\/span><\/p>\n<p><span style=\"color: #000000;\"><strong>8.000 vini in assaggio<\/strong>, acquistabili grazie agli immancabili e ormai iconici <strong>carrelli<\/strong>. <strong>Pi\u00f9 di 30.000 metri quadrati <\/strong>di superficie fieristica, distribuita su 4 padiglioni: 29 e 30 per vignaioli e olivicoltori, 28 e 36 per il food e i servizi correlati al Mercato. Un <strong>parcheggio da oltre 5mila posti<\/strong>, con la possibilit\u00e0 di riconsegnare l\u00ec il carrello, senza tornare in fiera. Ma il numero pi\u00f9 importante \u00e8 il pi\u00f9 piccolo: uno. Una infatti, e una sola, \u00e8 l\u2019identit\u00e0 della manifestazione: l\u2019<strong>unica in Italia organizzata dai Vignaioli per i Vignaioli e per chi ama i loro vini<\/strong>. \u201c<em>Mi piace continuare a ricordare che FIVI \u00e8 un\u2019associazione di rappresentanza, che tutela e difende i Vignaioli italiani, non un organizzatore di eventi commerciali. Questo \u00e8 il valore che sta alle spalle del Mercato dei Vini, perch\u00e9 il pubblico che verr\u00e0 a Bologna sa chi si trover\u00e0 di fronte: Vignaiole e Vignaioli, coltivatori di vigna e produttori di vino, gli artigiani del vino italiano che si raccontano in prima persona<\/em>\u201d, sottolinea <strong>Lorenzo Cesconi<\/strong>, Vignaiolo e Presidente FIVI.<\/span><\/p>\n<p><span style=\"color: #000000;\">A poco pi\u00f9 di dieci giorni dall\u2019apertura, come di consueto viene dato l\u2019annuncio del vincitore del <strong>Premio \u201cLeonildo Pieropan\u201d, dedicato alla memoria di uno dei fondatori di FIVI e giunto alla 9<\/strong><strong>a <\/strong><strong>edizione<\/strong>. <strong>Quest\u2019anno sar\u00e0 assegnato a Emidio Pepe <\/strong>dell\u2019omonima cantina di Torano Nuovo in Abruzzo: la consegna avverr\u00e0 luned\u00ec 27 novembre 2023 in occasione dell\u2019Assemblea degli Associati.<\/span><\/p>\n<p><span style=\"color: #000000;\">Questa la <strong>motivazione <\/strong>con la quale FIVI ha voluto premiare lo storico socio abruzzese: \u201c<em>Emidio Pepe \u00e8 l\u2019Abruzzo. C\u2019\u00e8 chi lo definisce \u2018Mr. Montepulciano\u2019 e mai soprannome fu cos\u00ec appropriato. Nel 1964 fonda la sua azienda e comincia la produzione dei suoi vini, quando in Abruzzo non esistevano ancora le denominazioni: lui e altri vignaioli si misero d\u2019impegno e diedero il loro contributo per plasmare la viticoltura abruzzese, nella consapevolezza che i risultati migliori si ottengono unendo le forze, e che il successo di ogni vignaiolo \u00e8 legato indissolubilmente al successo del proprio territorio. Quando nel mondo non c\u2019era spazio che per vitigni e vini di grande blasone, Emidio Pepe ha preso la sua valigia e i suoi vini, mettendosi in gioco in prima persona, senza l\u2019aiuto di nessuno se non delle sue forze, diventando cos\u00ec un modello che da generazioni tanti vignaioli abruzzesi cercano di seguire, traendo <\/em><em>ispirazione dal suo esempio. E se, nonostante le difficolt\u00e0, ancora oggi qualcuno decide di fare questo mestiere, pensando che il vino sia il frutto della vite e di una vita dedicata al lavoro, ci risulta ancora pi\u00f9 facile capire che l\u2019esempio di vignaioli come Emidio Pepe continua a dare i suoi frutti<\/em>\u201d.<\/span><\/p>\n<p><span style=\"color: #000000;\">Alle tante novit\u00e0 di Bologna si aggiunge quella del <strong>nuovo Premio \u201cVignaiolo come noi\u201d<\/strong>, attribuito a un uomo o a una donna del mondo della cultura, del giornalismo, dell\u2019economia o dello spettacolo che interpreta il proprio lavoro mettendo al centro i valori di qualit\u00e0, originalit\u00e0, professionalit\u00e0 e l\u2019amore per le cose fatte bene, eseguite con passione e cura artigiana.<\/span><\/p>\n<p><span style=\"color: #000000;\"><strong>Quest\u2019anno \u00e8 stato assegnato a un notissimo personaggio del mondo dello spettacolo, il cantante e musicista Stefano Belisari, conosciuto da tutti come Elio, che sar\u00e0 presente a Bologna al taglio del nastro del Mercato.<\/strong><\/span><br \/>\n<span style=\"color: #000000;\">Questa la <strong>motivazione<\/strong>: <em>\u201cC\u2019\u00e8 la campagna nel passato familiare di quasi tutti gli italiani. Ma non tutti gli italiani lo riconoscono e lo sanno apprezzare. Stefano Belisari, per tutti Elio, ha riannodato i fili delle sue radici contadine e, pur rimanendo a vivere in citt\u00e0, ha trovato nella campagna marchigiana un luogo dove esprimere un altro lato del suo caleidoscopico talento. E dopo averlo dimostrato per tutta la sua carriera in studio di registrazione, sul palco dei palazzetti o dei teatri, alla radio, in televisione, anche questo suo piccolo ritorno alla terra lo conferma: bisogna amare profondamente il proprio mestiere, e dedicarsi ad esso con passione e cura, per fare cose belle e farle amare\u201d.<\/em><\/span><\/p>\n<p><span style=\"color: #000000;\"><strong>LE MASTER CLASS DEL MERCATO DEI VINI<\/strong><\/span><\/p>\n<p><span style=\"color: #000000;\"><strong>Quattro le masterclass che arricchiranno il programma della manifestazione<\/strong>: al centro, quattro importanti vitigni autoctoni italiani, raccontati dalla viva voce dei Vignaioli dei rispettivi territori. Dal <strong>Fiano di Avellino <\/strong>\u2013 con una verticale di \u201cVigna della Congregazione\u201d, lo storico vino di Villa Diamante \u2013 al <strong>Lambrusco<\/strong>, di cui parler\u00e0 il vignaiolo Camillo Favaro; dal <strong>Pigato <\/strong>\u201cU Baccan\u201d di Bruna all\u2019<strong>Aglianico del Vulture <\/strong>con il \u201cDamaschito\u201d di Grifalco. Per info e prenotazioni scrivere a <a style=\"color: #000000;\" href=\"mailto:info@fivi.it\">info@fivi.it<\/a>.<\/span><\/p>\n<p><span style=\"color: #000000;\"><strong>Il \u201cFUORI MERCATO\u201d<\/strong><\/span><\/p>\n<p><span style=\"color: #000000;\">Ulteriore novit\u00e0 di questa edizione bolognese \u00e8 un ricco programma di attivit\u00e0 in centro a Bologna, per coinvolgere attivamente la citt\u00e0 nel clima di festa del Mercato. Il programma \u201cFuori Mercato\u201d \u00e8 organizzato insieme ad AMO (Associazione Mescitori Organizzati), con il supporto di Confcommercio Ascom Bologna.<\/span><\/p>\n<p><span style=\"color: #000000;\"><strong>Gioved\u00ec 23 novembre <\/strong>si svolger\u00e0 la <strong>Wine FIVI Night, la degustazione itinerante <\/strong>dei Vignaioli Indipendenti. Chi visiter\u00e0 almeno 5 locali AMO aderenti all\u2019iniziativa ricever\u00e0 un codice per un ingresso ridotto al Mercato.<\/span><\/p>\n<p><span style=\"color: #000000;\"><strong>Sabato 25 novembre <\/strong>arriva in citt\u00e0 <strong>La notte bianca dei Vignaioli<\/strong>: in ciascuno dei locali aderenti sar\u00e0 ospitato un Vignaiolo FIVI, dando cos\u00ec vita a tanti momenti speciali all\u2019insegna dei vini artigianali e del territorio. Per info e prenotazioni chiamare il locale prescelto tra quelli elencati sul sito del Mercato a questo link: <a style=\"color: #000000;\" href=\"https:\/\/mercatodeivini.it\/fuorimercato2023\/\">https:\/\/mercatodeivini.it\/fuorimercato2023\/<\/a>.<\/span><\/p>\n<p><span style=\"color: #000000;\"><strong>FIVI &#8211; Federazione Italiana dei Vignaioli Indipendenti<\/strong><\/span><\/p>\n<p><span style=\"color: #000000;\">La Federazione Italiana Vignaioli Indipendenti (FIVI) \u00e8 un\u2019organizzazione senza scopo di lucro nata nel 2008, che si propone di promuovere e tutelare la figura, il lavoro, gli interessi e le esigenze tecnico-economiche del Vignaiolo Indipendente italiano, inteso quale soggetto che attua il completo ciclo produttivo del vino, dalla coltivazione delle uve fino all\u2019imbottigliamento e alla commercializzazione del prodotto finale. Attualmente sono 1.700 i produttori associati, da tutte le regioni italiane, per un totale di oltre 15.000 ettari di vigneto.<\/span><\/p>\n<p><span style=\"color: #000000;\">Il Marchio FIVI raffigura \u201cAmpelio\u201d, immagine di un Vignaiolo che porta una cesta d\u2019uva sulle spalle e la cui ombra prende la forma di una bottiglia. In questa figura \u00e8 riassunto tutto quello che per la FIVI significa essere Vignaioli, impegnati quotidianamente in un processo che segue tutta la filiera di produzione, operando costantemente per custodire, tutelare e promuovere il territorio di appartenenza.<\/span><\/p>\n<p><span style=\"color: #000000;\">Comunicato Stampa<\/span><\/p>\n<p style=\"text-align: center;\"><span style=\"color: #000000;\">Testo e foto a cura ufficio Stampa FIVI e Ufficio stampa BolognaFiere\u00a0<\/span><br \/>\n<span style=\"color: #000000;\">Tutti i diritti riservati \u00a9 2023 \u2013 Email:\u00a0<a style=\"color: #000000;\" href=\"mailto:nonsolomodanews@gmail.com\">nonsolomodanews@gmail.com<\/a><\/span><\/p>\n","protected":false},"excerpt":{"rendered":"<p>A Bologna tutto pronto per il 12&ordm; Mercato dei Vini dei Vignaioli Indipendenti &ndash; A poco pi&ugrave; di dieci giorni dall&rsquo;apertura dell&rsquo;edizione 2023, (25-26 e 27 Novembre) l&rsquo;annuncio del vincitore del Premio &ldquo;Leonildo Pieropan&rdquo; e del nuovo Premio &ldquo;Vignaiolo come noi&rdquo;. Il premio alla memoria di Leonildo Pieropan sar&agrave; consegnato a Emidio Pepe, Vignaiolo in Abruzzo. Il nuovo premio &ldquo;Vignaiolo come noi&rdquo; attribuito a chi interpreta il proprio lavoro mettendo al centro i valori di qualit&agrave;, originalit&agrave;, professionalit&agrave; e l&rsquo;amore per le cose fatte bene, andr&agrave; a Stefano Belisari, in arte Elio, che sar&agrave; presente al taglio del nastro del Mercato. 4 Masterclass in fiera e il primo &ldquo;Fuori Mercato&rdquo; in citt&agrave; renderanno l&rsquo;edizione 2023 ancora pi&ugrave; attrattiva.<\/p>\n","protected":false},"author":1,"featured_media":25709,"comment_status":"open","ping_status":"open","sticky":false,"template":"","format":"standard","meta":{"rop_custom_images_group":[],"rop_custom_messages_group":[],"rop_publish_now":"initial","rop_publish_now_accounts":[],"rop_publish_now_history":[],"rop_publish_now_status":"pending","footnotes":""},"categories":[16],"tags":[266,281,372,9317,9512,1099],"class_list":["post-25707","post","type-post","status-publish","format-standard","has-post-thumbnail","hentry","category-articolo","tag-bolognafiere","tag-bruno-angelo-porcellana","tag-comunicato-stampa-2","tag-fivi","tag-mercato-dei-vini-dei-vignaioli-indipendenti-fivi","tag-nonsolomodanews"],"_links":{"self":[{"href":"https:\/\/www.nonsolomodanews.it\/wordpress\/wp-json\/wp\/v2\/posts\/25707","targetHints":{"allow":["GET"]}}],"collection":[{"href":"https:\/\/www.nonsolomodanews.it\/wordpress\/wp-json\/wp\/v2\/posts"}],"about":[{"href":"https:\/\/www.nonsolomodanews.it\/wordpress\/wp-json\/wp\/v2\/types\/post"}],"author":[{"embeddable":true,"href":"https:\/\/www.nonsolomodanews.it\/wordpress\/wp-json\/wp\/v2\/users\/1"}],"replies":[{"embeddable":true,"href":"https:\/\/www.nonsolomodanews.it\/wordpress\/wp-json\/wp\/v2\/comments?post=25707"}],"version-history":[{"count":4,"href":"https:\/\/www.nonsolomodanews.it\/wordpress\/wp-json\/wp\/v2\/posts\/25707\/revisions"}],"predecessor-version":[{"id":25713,"href":"https:\/\/www.nonsolomodanews.it\/wordpress\/wp-json\/wp\/v2\/posts\/25707\/revisions\/25713"}],"wp:featuredmedia":[{"embeddable":true,"href":"https:\/\/www.nonsolomodanews.it\/wordpress\/wp-json\/wp\/v2\/media\/25709"}],"wp:attachment":[{"href":"https:\/\/www.nonsolomodanews.it\/wordpress\/wp-json\/wp\/v2\/media?parent=25707"}],"wp:term":[{"taxonomy":"category","embeddable":true,"href":"https:\/\/www.nonsolomodanews.it\/wordpress\/wp-json\/wp\/v2\/categories?post=25707"},{"taxonomy":"post_tag","embeddable":true,"href":"https:\/\/www.nonsolomodanews.it\/wordpress\/wp-json\/wp\/v2\/tags?post=25707"}],"curies":[{"name":"wp","href":"https:\/\/api.w.org\/{rel}","templated":true}]}}