{"id":25701,"date":"2023-11-14T11:09:49","date_gmt":"2023-11-14T11:09:49","guid":{"rendered":"https:\/\/www.nonsolomodanews.it\/wordpress\/?p=25701"},"modified":"2023-11-14T11:27:29","modified_gmt":"2023-11-14T11:27:29","slug":"pitti-immagine-uomo-105-guest-designer-di-questa-edizione-e-luca-magliano-founder-e-creative-director-di-magliano","status":"publish","type":"post","link":"https:\/\/www.nonsolomodanews.it\/wordpress\/pitti-immagine-uomo-105-guest-designer-di-questa-edizione-e-luca-magliano-founder-e-creative-director-di-magliano\/","title":{"rendered":"Pitti Immagine Uomo 105: Guest Designer di questa edizione \u00e8 Luca Magliano, Founder e Creative Director di Magliano"},"content":{"rendered":"<p><span style=\"color: #000000;\"><strong><img loading=\"lazy\" decoding=\"async\" class=\"size-medium wp-image-25702 alignleft\" src=\"https:\/\/www.nonsolomodanews.it\/wordpress\/wp-content\/uploads\/2023\/11\/portrait_1_1-300x300.webp\" alt=\"\" width=\"300\" height=\"300\" srcset=\"https:\/\/www.nonsolomodanews.it\/wordpress\/wp-content\/uploads\/2023\/11\/portrait_1_1-300x300.webp 300w, https:\/\/www.nonsolomodanews.it\/wordpress\/wp-content\/uploads\/2023\/11\/portrait_1_1-150x150.webp 150w, https:\/\/www.nonsolomodanews.it\/wordpress\/wp-content\/uploads\/2023\/11\/portrait_1_1.webp 600w\" sizes=\"auto, (max-width: 300px) 100vw, 300px\" \/><\/strong><\/span><\/p>\n<p><span style=\"color: #000000;\"><strong>Luca Magliano<\/strong>, anima del brand<strong> MAGLIANO, sar\u00e0 Guest Designer di Pitti Immagine Uomo n.105 <\/strong>(Firenze, 9-12 gennaio 2024). Classe 1987, il designer di origini bolognesi realizzer\u00e0 un evento speciale a Firenze, uno show in una location ancora da svelare.<\/span><\/p>\n<p><span style=\"color: #000000;\"><!--more--><\/span><\/p>\n<p><span style=\"color: #000000;\">\u201cCi sono almeno tre buoni motivi \u2013 <strong><em>dice Lapo Cianchi, direttore comunicazione e eventi di Pitti Immagine<\/em><\/strong> &#8211; per cui abbiamo proposto a Magliano di sfilare a Firenze, d\u2019accordo con Camera della Moda, come guest designer della prossima edizione di Pitti Uomo. Il primo \u00e8 che Luca si distingue per la capacit\u00e0 di modellare in maniera originale i canoni culturali e sociali di solito associati alla moda italiana: un elemento centrale in questo senso \u00e8 la sua inclinazione verso un lavoro realmente collettivo. Il secondo \u00e8 che ci sembra interessante, quando possibile, scandire periodicamente il tempo \u2013 la carriera, l\u2019evoluzione stilistica &#8211; dei designer che hanno esordito pubblicamente a Pitti Uomo (<em>Magliano fu vincitore di Who\u2019s Next 2017 e fu Pitti Italics nel 2018, ndr<\/em>) e che si sono poi affermati a livello internazionale. Il terzo \u00e8 che ci piace la persona, la sua generosit\u00e0 e il suo entusiasmo, la sua colta semplicit\u00e0. Da vero emiliano\u201d.<\/span><\/p>\n<p><span style=\"color: #000000;\">\u201cPitti \u00e8 dove il nostro progetto si \u00e8 manifestato per la prima volta cinque anni fa, con quella enorme montagna di rose rosse che a pensarci adesso mi d\u00e0 un gran senso di vertigine e di tenerezza: come guardarsi allo specchio dopo tempo e ritrovare le cose importanti, anche se intanto \u00e8 successo di tutto.\u00a0<\/span><\/p>\n<p><span style=\"color: #000000;\">Questo ritorno a casa, da persone a cui vuoi bene e che stimi, mi riempie di gioia. E\u2019 l\u2019occasione ideale per immaginarci al futuro, pi\u00f9 Magliano che mai.\u201d<\/span><\/p>\n<p><span style=\"color: #000000;\"><strong><em>&#8211; Luca Magliano<\/em><\/strong><\/span><\/p>\n<p><span style=\"color: #000000;\"><strong>Brand profile<\/strong><\/span><\/p>\n<p><span style=\"color: #000000;\">Magliano \u00e8 un brand di moda italiano fondato nel 2017 da Luca Magliano. La casa di moda ha sede a Bologna, emblema dei movimenti libertari giovanili italiani e della lotta di classe: la citt\u00e0 \u00e8 celebrata come paradigma sia di etica che di estetica. <\/span><br \/>\n<span style=\"color: #000000;\">Nel 2018 Pitti Uomo ospita la sfilata di debutto del brand, dal titolo \u201cGuardaroba per Uomo Innamorato\u201d, una collezione che sottolinea un\u2019idea di eleganza personale, ormai del tutto radicata: il lusso non \u00e8 altro che un gesto. Dal 2018 Magliano presenta regolarmente le proprie collezioni in passerella durante la settimana della moda di Milano. Gran parte dell\u2019immaginario del marchio \u00e8 alimentato dal concetto di \u201cprovincia\u201d, un sistema diffuso di paesaggi bellissimi e di aree periferiche, dove le persone parlano il dialetto e dove accadono cose magiche. Magliano permea gli elementi fondamentali dell&#8217;abbigliamento maschile con una peculiare attitudine dark, insolita e scompigliata, per renderlo un codice genderless del tutto naturale. Il suo design \u00e8 minimale e al tempo stesso caotico, il suo stile rappresenta la quintessenza dell\u2019italianit\u00e0.<\/span><br \/>\n<span style=\"color: #000000;\">Nel 2023 il brand viene insignito del premio <em>LVMH Karl Lagerfeld.<\/em><\/span><\/p>\n<p style=\"text-align: center;\"><span style=\"color: #000000;\">Testo e fotografia a cura di Pitti Immagine\u00a0<\/span><br \/>\n<span style=\"color: #000000;\">Tutti i diritti riservati \u00a9 2023 \u2013 Email: nonsolomodanews@gmail.com<\/span><\/p>\n","protected":false},"excerpt":{"rendered":"<p>Luca Magliano, anima del brand MAGLIANO, sar&agrave; Guest Designer di Pitti Immagine Uomo n.105 (Firenze, 9-12 gennaio 2024). Classe 1987, il designer di origini bolognesi realizzer&agrave; un evento speciale a Firenze, uno show in una location ancora da svelare.<\/p>\n","protected":false},"author":1,"featured_media":25702,"comment_status":"open","ping_status":"open","sticky":false,"template":"","format":"standard","meta":{"rop_custom_images_group":[],"rop_custom_messages_group":[],"rop_publish_now":"initial","rop_publish_now_accounts":[],"rop_publish_now_history":[],"rop_publish_now_status":"pending","footnotes":""},"categories":[16],"tags":[281,9525,1099,9524],"class_list":["post-25701","post","type-post","status-publish","format-standard","has-post-thumbnail","hentry","category-articolo","tag-bruno-angelo-porcellana","tag-luca-magliano","tag-nonsolomodanews","tag-pitti-uomo-105"],"_links":{"self":[{"href":"https:\/\/www.nonsolomodanews.it\/wordpress\/wp-json\/wp\/v2\/posts\/25701","targetHints":{"allow":["GET"]}}],"collection":[{"href":"https:\/\/www.nonsolomodanews.it\/wordpress\/wp-json\/wp\/v2\/posts"}],"about":[{"href":"https:\/\/www.nonsolomodanews.it\/wordpress\/wp-json\/wp\/v2\/types\/post"}],"author":[{"embeddable":true,"href":"https:\/\/www.nonsolomodanews.it\/wordpress\/wp-json\/wp\/v2\/users\/1"}],"replies":[{"embeddable":true,"href":"https:\/\/www.nonsolomodanews.it\/wordpress\/wp-json\/wp\/v2\/comments?post=25701"}],"version-history":[{"count":2,"href":"https:\/\/www.nonsolomodanews.it\/wordpress\/wp-json\/wp\/v2\/posts\/25701\/revisions"}],"predecessor-version":[{"id":25704,"href":"https:\/\/www.nonsolomodanews.it\/wordpress\/wp-json\/wp\/v2\/posts\/25701\/revisions\/25704"}],"wp:featuredmedia":[{"embeddable":true,"href":"https:\/\/www.nonsolomodanews.it\/wordpress\/wp-json\/wp\/v2\/media\/25702"}],"wp:attachment":[{"href":"https:\/\/www.nonsolomodanews.it\/wordpress\/wp-json\/wp\/v2\/media?parent=25701"}],"wp:term":[{"taxonomy":"category","embeddable":true,"href":"https:\/\/www.nonsolomodanews.it\/wordpress\/wp-json\/wp\/v2\/categories?post=25701"},{"taxonomy":"post_tag","embeddable":true,"href":"https:\/\/www.nonsolomodanews.it\/wordpress\/wp-json\/wp\/v2\/tags?post=25701"}],"curies":[{"name":"wp","href":"https:\/\/api.w.org\/{rel}","templated":true}]}}