{"id":25690,"date":"2023-11-14T09:15:09","date_gmt":"2023-11-14T09:15:09","guid":{"rendered":"https:\/\/www.nonsolomodanews.it\/wordpress\/?p=25690"},"modified":"2023-11-14T09:15:09","modified_gmt":"2023-11-14T09:15:09","slug":"todd-snyder-sara-il-designer-showcase-di-pitti-immagine-uomo-105","status":"publish","type":"post","link":"https:\/\/www.nonsolomodanews.it\/wordpress\/todd-snyder-sara-il-designer-showcase-di-pitti-immagine-uomo-105\/","title":{"rendered":"Todd Snyder sar\u00e0 il Designer Showcase di Pitti Immagine Uomo 105"},"content":{"rendered":"<p><span style=\"color: #000000;\"><strong><img loading=\"lazy\" decoding=\"async\" class=\"size-medium wp-image-25691 alignleft\" src=\"https:\/\/www.nonsolomodanews.it\/wordpress\/wp-content\/uploads\/2023\/11\/HERO_toddsnyder_2-300x145.webp\" alt=\"\" width=\"300\" height=\"145\" srcset=\"https:\/\/www.nonsolomodanews.it\/wordpress\/wp-content\/uploads\/2023\/11\/HERO_toddsnyder_2-300x145.webp 300w, https:\/\/www.nonsolomodanews.it\/wordpress\/wp-content\/uploads\/2023\/11\/HERO_toddsnyder_2-1024x496.webp 1024w, https:\/\/www.nonsolomodanews.it\/wordpress\/wp-content\/uploads\/2023\/11\/HERO_toddsnyder_2-768x372.webp 768w, https:\/\/www.nonsolomodanews.it\/wordpress\/wp-content\/uploads\/2023\/11\/HERO_toddsnyder_2-1080x523.webp 1080w, https:\/\/www.nonsolomodanews.it\/wordpress\/wp-content\/uploads\/2023\/11\/HERO_toddsnyder_2.webp 1200w\" sizes=\"auto, (max-width: 300px) 100vw, 300px\" \/>Todd Snyder <\/strong><strong>sar\u00e0 il <em>Designer Showcase <\/em><\/strong><strong>di Pitti Immagine Uomo 105<\/strong><\/span><\/p>\n<p><span style=\"color: #000000;\"><strong>Il designer americano torna in passerella con un evento speciale in programma il 9 gennaio, primo giorno del salone<\/strong><\/span><\/p>\n<p><span style=\"color: #000000;\"><!--more--><\/span><\/p>\n<p><span style=\"color: #000000;\">In occasione di<strong> Pitti Immagine Uomo 105<\/strong> (Firenze, 9-12 gennaio 2024), <strong>Todd Snyder<\/strong> sar\u00e0 protagonista, con il brand eponimo, del<strong><em> Designer Showcase<\/em><\/strong> di questa edizione. Gi\u00e0 definito dagli addetti ai lavori come uno dei menswear designer statunitensi pi\u00f9 influenti della sua generazione, Todd Snyder presenter\u00e0 a Firenze, alla Stazione Leopolda, la nuova collezione con una sfilata nel proprio stile distintivo.<\/span><\/p>\n<p><span style=\"color: #000000;\">\u201cHo incontrato Todd Snyder a New York circa un anno fa, in occasione del nostro tradizionale appuntamento con la stampa americana \u2013 <strong><em>dice Raffaello Napoleone, AD di Pitti Immagine <\/em>&#8211; <\/strong>e nel corso di quella lunga e piacevole conversazione abbiamo entrambi spontaneamente convenuto che sarebbe stato perfetto fare del suo atteso ritorno in passerella uno degli eventi speciali del nostro appuntamento internazionale di moda e lifestyle maschile. Beh, ci siamo riusciti: sono felice di annunciare che Todd Snyder, con la nuova collezione, sar\u00e0 il protagonista del Designer Showcase di Pitti Uomo 105. Ma questo progetto \u00e8 anche il riconoscimento di Pitti a una lunga e brillante carriera, caratterizzata dalla capacit\u00e0 di rinnovarsi costantemente in sintonia con lo spirito del tempo, restando fedele a un\u2019idea di eleganza moderna saldata ai valori della sostenibilit\u00e0. Ed ha anche la funzione di un buon auspicio: la sfilata di Todd Snyder, in programma marted\u00ec 9 gennaio, giorno di apertura del salone, apre infatti il calendario degli eventi di un\u2019edizione che abbiamo costruito per essere forte, dinamica e ricca di ispirazioni per l\u2019intero settore, in Fortezza e in citt\u00e0.\u201d<\/span><\/p>\n<p><span style=\"color: #000000;\">&#8220;Sono davvero entusiasta di tornare in passerella e di farlo proprio a Pitti Uomo, uno dei luoghi pi\u00f9 iconici al mondo per il menswear, \u00e8 come un sogno che diventa realt\u00e0. Per quanto sia orgoglioso di essere un designer americano, lo stile italiano per me \u00e8 una fonte inesauribile di ispirazione, e con la mia azienda continuiamo a collaborare con tante leggendarie realt\u00e0 tessili italiane. Ho sempre amato il senso di comunit\u00e0 e lo spirito di scoperta di Pitti\u2026 Non esistono luoghi simili dove ritrovare vecchi amici e al tempo stesso costruire nuove relazioni, proprio mentre stiamo pianificando i migliori passi da fare per espandere il brand Todd Snyder a livello globale. Assieme al mio team siamo grati a Raffaello Napoleone e all&#8217;intera squadra di Pitti Uomo per questo onore.&#8221; <strong><br \/>\n<em>&#8211; Todd Snyder<\/em><\/strong><\/span><\/p>\n<p><span style=\"color: #000000;\"><strong>Brand profile<\/strong><\/span><\/p>\n<p><span style=\"color: #000000;\">Todd Snyder \u00e8 uno stilista americano di stanza a New York. Dal lancio del suo brand omonimo, nel 2011, ha saputo ridefinire i modi degli americani di oggi per presentarsi al mondo, con stile e inaspettata eleganza. Dalle rivisitazioni luxury di capi essenziali al tailoring su misura, le creazioni di Todd dimostrano come lo stile di buon gusto possa diventare non solo accessibile ma persino divertente. Oltre ad essere uno dei pi\u00f9 influenti menswear designer statunitensi, Todd Snyder \u00e8 partner di fiducia di una serie di iconici brand americani. Tra le collaborazioni, nomi del calibro di L.L.Bean, Champion, Converse, Timex e New Balance. \u00a0<\/span><\/p>\n<p><span style=\"color: #000000;\">Prima di lanciare la propria label, Todd ricopre ruoli di primo piano da Ralph Lauren, The Gap e J.Crew. E ancora, per due volte viene scelto dal Council of Fashion Designers of America come candidato a Menswear Designer of the Year e finalista del CFDA\/Vogue Fashion Fund.<\/span><\/p>\n<p><span style=\"color: #000000;\">Attualmente Todd Snyder gestisce quattordici store: quattro a New York e poi: uno a Los Angeles, CA, a Miami, FL, a San Francisco, CA, a Boston, MA, a Chicago, IL, a Washington, D.C., a Dallas, TX, a East Hampton, NY, a Greenwich, CT e a Manhasset, NY. L\u2019apertura dello store di Atlanta \u00e8 prevista per l&#8217;autunno 2023.<\/span><\/p>\n<p style=\"text-align: center;\"><span style=\"color: #000000;\">Testo e fotografia a cura di Pitti Immagine\u00a0<\/span><br \/>\n<span style=\"color: #000000;\">Tutti i diritti riservati \u00a9 2023 \u2013 Email: nonsolomodanews@gmail.com<\/span><\/p>\n","protected":false},"excerpt":{"rendered":"<p>Todd Snyder sar&agrave; il Designer Showcase di Pitti Immagine Uomo 105 Il designer americano torna in passerella con un evento speciale in programma il 9 gennaio, primo giorno del salone<\/p>\n","protected":false},"author":1,"featured_media":25691,"comment_status":"open","ping_status":"open","sticky":false,"template":"","format":"standard","meta":{"rop_custom_images_group":[],"rop_custom_messages_group":[],"rop_publish_now":"initial","rop_publish_now_accounts":[],"rop_publish_now_history":[],"rop_publish_now_status":"pending","footnotes":""},"categories":[16],"tags":[281,1099,9524,9523],"class_list":["post-25690","post","type-post","status-publish","format-standard","has-post-thumbnail","hentry","category-articolo","tag-bruno-angelo-porcellana","tag-nonsolomodanews","tag-pitti-uomo-105","tag-todd-snyder"],"_links":{"self":[{"href":"https:\/\/www.nonsolomodanews.it\/wordpress\/wp-json\/wp\/v2\/posts\/25690","targetHints":{"allow":["GET"]}}],"collection":[{"href":"https:\/\/www.nonsolomodanews.it\/wordpress\/wp-json\/wp\/v2\/posts"}],"about":[{"href":"https:\/\/www.nonsolomodanews.it\/wordpress\/wp-json\/wp\/v2\/types\/post"}],"author":[{"embeddable":true,"href":"https:\/\/www.nonsolomodanews.it\/wordpress\/wp-json\/wp\/v2\/users\/1"}],"replies":[{"embeddable":true,"href":"https:\/\/www.nonsolomodanews.it\/wordpress\/wp-json\/wp\/v2\/comments?post=25690"}],"version-history":[{"count":3,"href":"https:\/\/www.nonsolomodanews.it\/wordpress\/wp-json\/wp\/v2\/posts\/25690\/revisions"}],"predecessor-version":[{"id":25694,"href":"https:\/\/www.nonsolomodanews.it\/wordpress\/wp-json\/wp\/v2\/posts\/25690\/revisions\/25694"}],"wp:featuredmedia":[{"embeddable":true,"href":"https:\/\/www.nonsolomodanews.it\/wordpress\/wp-json\/wp\/v2\/media\/25691"}],"wp:attachment":[{"href":"https:\/\/www.nonsolomodanews.it\/wordpress\/wp-json\/wp\/v2\/media?parent=25690"}],"wp:term":[{"taxonomy":"category","embeddable":true,"href":"https:\/\/www.nonsolomodanews.it\/wordpress\/wp-json\/wp\/v2\/categories?post=25690"},{"taxonomy":"post_tag","embeddable":true,"href":"https:\/\/www.nonsolomodanews.it\/wordpress\/wp-json\/wp\/v2\/tags?post=25690"}],"curies":[{"name":"wp","href":"https:\/\/api.w.org\/{rel}","templated":true}]}}