{"id":25687,"date":"2023-11-14T09:36:16","date_gmt":"2023-11-14T09:36:16","guid":{"rendered":"https:\/\/www.nonsolomodanews.it\/wordpress\/?p=25687"},"modified":"2023-11-14T09:36:16","modified_gmt":"2023-11-14T09:36:16","slug":"eicma-2023-edizione-da-medaglia-doro-oltre-560mila-le-presenze-allevento-espositivo","status":"publish","type":"post","link":"https:\/\/www.nonsolomodanews.it\/wordpress\/eicma-2023-edizione-da-medaglia-doro-oltre-560mila-le-presenze-allevento-espositivo\/","title":{"rendered":"EICMA 2023: EDIZIONE DA MEDAGLIA D\u2019ORO, OLTRE 560MILA LE PRESENZE ALL\u2019EVENTO ESPOSITIVO"},"content":{"rendered":"<div id=\"attachment_25698\" style=\"width: 223px\" class=\"wp-caption alignleft\"><img loading=\"lazy\" decoding=\"async\" aria-describedby=\"caption-attachment-25698\" class=\"wp-image-25698 size-medium\" src=\"https:\/\/www.nonsolomodanews.it\/wordpress\/wp-content\/uploads\/2023\/11\/23210e27-9e4f-409d-becc-b4e705130ce2-213x300.jpeg\" alt=\"\" width=\"213\" height=\"300\" srcset=\"https:\/\/www.nonsolomodanews.it\/wordpress\/wp-content\/uploads\/2023\/11\/23210e27-9e4f-409d-becc-b4e705130ce2-213x300.jpeg 213w, https:\/\/www.nonsolomodanews.it\/wordpress\/wp-content\/uploads\/2023\/11\/23210e27-9e4f-409d-becc-b4e705130ce2-728x1024.jpeg 728w, https:\/\/www.nonsolomodanews.it\/wordpress\/wp-content\/uploads\/2023\/11\/23210e27-9e4f-409d-becc-b4e705130ce2-768x1080.jpeg 768w, https:\/\/www.nonsolomodanews.it\/wordpress\/wp-content\/uploads\/2023\/11\/23210e27-9e4f-409d-becc-b4e705130ce2.jpeg 910w\" sizes=\"auto, (max-width: 213px) 100vw, 213px\" \/><p id=\"caption-attachment-25698\" class=\"wp-caption-text\"><\/span> <span style=\"color: #000000;\">Anteprima del Calendario di Gerry Rossi, Le Gerryne. Ph. Bruno Angelo Porcellana<\/span><\/p><\/div>\n<p><span style=\"color: #000000;\"><strong>EICMA 2023: EDIZIONE DA MEDAGLIA D\u2019ORO, OLTRE 560MILA LE PRESENZE ALL\u2019EVENTO ESPOSITIVO<\/strong><\/span><\/p>\n<p><span style=\"color: #000000;\"><strong>L\u2019ESPOSIZIONE INTERNAZIONALE DELLE DUE RUOTE TRAGUARDA IL SUO 110\u00b0 ANNIVERSARIO CON NUMERI E RISULTATI CHE CONFERMANO UNA INDISCUTIBILE LEADERSHIP INTERNAZIONALE.<\/strong><\/span><\/p>\n<p><span style=\"color: #000000;\">EICMA cala il sipario e si spegne la fiamma su quelle che erano stante definite in apertura \u201cle olimpiadi della passione e della mobilit\u00e0 su due ruote\u201d. Ben 2036 i marchi presenti, (record storico della manifestazione), oltre 700 gli espositori diretti, di cui il 67% proveniente dall\u2019estero in rappresentanza di 45 Paesi. Pi\u00f9 del 30% le aziende presenti per la prima volta negli otto i padiglioni occupati, due in pi\u00f9 rispetto al 2022 e tre in confronto al 2021.<\/span><\/p>\n<p><span style=\"color: #000000;\"><!--more--><\/span><\/p>\n<p><span style=\"color: #000000;\">Le premesse dell\u2019edizione numero 80 dell\u2019Esposizione internazionale delle due ruote, che si \u00e8 chiusa ieri sera a Fiera Milano Rho, erano gi\u00e0 quelle di un successo annunciato e i risultati, al termine della settimana espositiva, assegnano alla kermesse milanese l\u2019ennesima medaglia d\u2019oro.<\/span><\/p>\n<p><span style=\"color: #000000;\">Le presenze hanno infatti superato quota 560mila, 563.848 pi\u00f9 precisamente, pari a un +19% sul 2022, numeri che attestano l\u2019edizione 2023 come la migliore nella storia di EICMA.<\/span><\/p>\n<p><span style=\"color: #000000;\">Molto consistenti i dati legati all\u2019ambito business: sono stati 39.392 gli operatori del settore, selezionati e profilati con i rinnovati criteri di qualit\u00e0 introdotti nel 2022, che hanno visitato l\u2019Esposizione in questa edizione 2023. Di questi il 52% proveniva dall\u2019estero e in particolare da 120 differenti nazioni.<\/span><\/p>\n<p><span style=\"color: #000000;\">Buone notizie anche sui dati che riguardano la presenza dei media: di poco sopra le 7000 persone provenienti da 62 Paesi, i giornalisti, tecnici e professionisti della comunicazione, content creator, che hanno approfittato dell\u2019esclusivo press day del marted\u00ec e raccontato, anche durante tutta la settimana espositiva, lo spettacolo offerto dentro e fuori i padiglioni. E a proposito dell\u2019intrattenimento proposto dall\u2019Esposizione, considerevole \u00e8 anche il successo dell\u2019arena di MotoLive, lo spazio esterno dedicato alle gare, all\u2019intrattenimento e allo spettacolo, con gli oltre 3000 posti a sedere delle tribune sempre occupati. Sono quasi 9.000 anche i visitatori che hanno approfittato delle aree di test ride dedicata all\u2019e-Bike e ai veicoli degli espositori, mentre \u00e8 stata presa d\u2019assalto l\u2019Esports Arena, il nuovissimo e coinvolgente contenuto espositivo dedicato al mondo gaming, che ha visto la presenza di tantissimi giovani e numerosi VIP e piloti. Degno di nota anche l\u2019interesse sviluppatosi attorno all\u2019area YUM (Your Urban Mobility), altra novit\u00e0 del 2023, che ha accolto imprese, istituzioni, Forze dell\u2019ordine, ma anche le startup pi\u00f9 innovative di settore, a cui EICMA offre una vetrina internazionale grazie al sostegno dell\u2019ICE, l\u2019Agenzia per la promozione all\u2019estero e l\u2019internazionalizzazione delle imprese italiane.<\/span><\/p>\n<p><span style=\"color: #000000;\">Positivo, infine, il riscontro sui servizi digitali e in particolare quelli legati alla biglietteria online, modalit\u00e0 di acquisto scelta dall\u201988% del grande pubblico, mentre il 12% ha optato per il botteghino fisico.<\/span><\/p>\n<p><span style=\"color: #000000;\">Paolo Magri, amministratore delegato di EICMA S.p.A.: \u201cNon c\u2019\u00e8 un pre o un post-pandemia, c\u2019\u00e8 EICMA. La lettura di questi risultati non lascia spazio a interpretazioni e conferma quanto il nostro appuntamento sia oggi ancora l\u2019opportunit\u00e0 di business e relazioni, e soprattutto, di marketing e comunicazione, pi\u00f9 performante per le aziende del nostro settore. Continuiamo a dimostrare un\u2019attrattivit\u00e0 internazionale e un valore unici al mondo, crescendo ininterrottamente e in modo esponenziale in tutti gli indicatori dal 2021, quando alcuni pensavano che il nostro evento fosse obsoleto. A questo si aggiunge l\u2019attenzione crescente delle istituzioni, che rilancia anche il valore di EICMA come momento indispensabile per accendere un riflettore sulle istanze del comparto e accrescerne e rilevanza e autorevolezza\u201d.<\/span><\/p>\n<p><span style=\"color: #000000;\">Pietro Meda, presidente di EICMA S.p.A.: \u201cEICMA non ha solo continuato a investire sulla sua evoluzione da fiera ad evento espositivo, ma entra nel suo 110\u00b0 anno di storia con uno sguardo aperto al futuro e all\u2019innovazione della manifestazione stessa, attestandosi in qualche misura anche come un appuntamento trasversale e di costume. I padiglioni erano stracolmi di famiglie e di giovani, di passione, di nuovi contenuti speciali, intrattenimento ed eventi, che affiancano in modo sempre pi\u00f9 completo e coinvolgente il grande impegno degli espositori, a cui va il nostro pi\u00f9 sentito ringraziamento per la fiducia e la fedelt\u00e0 che continuano a dimostrarci. La stessa riconoscenza la tributiamo anche ai nostri sponsor, ai partner e alle istituzioni che sostengono EICMA\u201d.<\/span><\/p>\n<p><span style=\"color: #000000;\">L\u2019appuntamento con EICMA 2024 \u00e8 dal 5 al 10 novembre.<\/span><\/p>\n<p style=\"text-align: center;\"><span style=\"color: #000000;\">Testo e immagini comunicato stampa a cura ufficio Stampa Eicma<\/span><br \/>\n<span style=\"color: #000000;\">Tutti i diritti riservati \u00a9 2023 \u2013 Email: nonsolomodanews@gmail.com<\/span><\/p>\n<p>&nbsp;<\/p>\n","protected":false},"excerpt":{"rendered":"<p>EICMA 2023: EDIZIONE DA MEDAGLIA D&rsquo;ORO, OLTRE 560MILA LE PRESENZE ALL&rsquo;EVENTO ESPOSITIVO L&rsquo;ESPOSIZIONE INTERNAZIONALE DELLE DUE RUOTE TRAGUARDA IL SUO 110&deg; ANNIVERSARIO CON NUMERI E RISULTATI CHE CONFERMANO UNA INDISCUTIBILE LEADERSHIP INTERNAZIONALE. EICMA cala il sipario e si spegne la fiamma su quelle che erano stante definite in apertura &ldquo;le olimpiadi della passione e della mobilit&agrave; su due ruote&rdquo;. Ben 2036 i marchi presenti, (record storico della manifestazione), oltre 700 gli espositori diretti, di cui il 67% proveniente dall&rsquo;estero in rappresentanza di 45 Paesi. Pi&ugrave; del 30% le aziende presenti per la prima volta negli otto i padiglioni occupati, due in pi&ugrave; rispetto al 2022 e tre in confronto al 2021.<\/p>\n","protected":false},"author":1,"featured_media":25697,"comment_status":"open","ping_status":"open","sticky":false,"template":"","format":"standard","meta":{"rop_custom_images_group":[],"rop_custom_messages_group":[],"rop_publish_now":"initial","rop_publish_now_accounts":[],"rop_publish_now_history":[],"rop_publish_now_status":"pending","footnotes":""},"categories":[16],"tags":[281,1689,1099],"class_list":["post-25687","post","type-post","status-publish","format-standard","has-post-thumbnail","hentry","category-articolo","tag-bruno-angelo-porcellana","tag-eicma","tag-nonsolomodanews"],"_links":{"self":[{"href":"https:\/\/www.nonsolomodanews.it\/wordpress\/wp-json\/wp\/v2\/posts\/25687","targetHints":{"allow":["GET"]}}],"collection":[{"href":"https:\/\/www.nonsolomodanews.it\/wordpress\/wp-json\/wp\/v2\/posts"}],"about":[{"href":"https:\/\/www.nonsolomodanews.it\/wordpress\/wp-json\/wp\/v2\/types\/post"}],"author":[{"embeddable":true,"href":"https:\/\/www.nonsolomodanews.it\/wordpress\/wp-json\/wp\/v2\/users\/1"}],"replies":[{"embeddable":true,"href":"https:\/\/www.nonsolomodanews.it\/wordpress\/wp-json\/wp\/v2\/comments?post=25687"}],"version-history":[{"count":4,"href":"https:\/\/www.nonsolomodanews.it\/wordpress\/wp-json\/wp\/v2\/posts\/25687\/revisions"}],"predecessor-version":[{"id":25700,"href":"https:\/\/www.nonsolomodanews.it\/wordpress\/wp-json\/wp\/v2\/posts\/25687\/revisions\/25700"}],"wp:featuredmedia":[{"embeddable":true,"href":"https:\/\/www.nonsolomodanews.it\/wordpress\/wp-json\/wp\/v2\/media\/25697"}],"wp:attachment":[{"href":"https:\/\/www.nonsolomodanews.it\/wordpress\/wp-json\/wp\/v2\/media?parent=25687"}],"wp:term":[{"taxonomy":"category","embeddable":true,"href":"https:\/\/www.nonsolomodanews.it\/wordpress\/wp-json\/wp\/v2\/categories?post=25687"},{"taxonomy":"post_tag","embeddable":true,"href":"https:\/\/www.nonsolomodanews.it\/wordpress\/wp-json\/wp\/v2\/tags?post=25687"}],"curies":[{"name":"wp","href":"https:\/\/api.w.org\/{rel}","templated":true}]}}