{"id":25677,"date":"2023-11-12T17:57:44","date_gmt":"2023-11-12T17:57:44","guid":{"rendered":"https:\/\/www.nonsolomodanews.it\/wordpress\/?p=25677"},"modified":"2023-11-14T20:34:03","modified_gmt":"2023-11-14T20:34:03","slug":"claudia-blengino-una-modella-con-la-passione-per-lo-sport-e-gli-oggetti-antichi","status":"publish","type":"post","link":"https:\/\/www.nonsolomodanews.it\/wordpress\/claudia-blengino-una-modella-con-la-passione-per-lo-sport-e-gli-oggetti-antichi\/","title":{"rendered":"Claudia Blengino, una modella con la passione per lo sport e gli oggetti antichi."},"content":{"rendered":"<p><strong><img loading=\"lazy\" decoding=\"async\" class=\"size-medium wp-image-25683 alignleft\" src=\"https:\/\/www.nonsolomodanews.it\/wordpress\/wp-content\/uploads\/2023\/11\/Claudia-Blengino-018-200x300.jpg\" alt=\"\" width=\"200\" height=\"300\" srcset=\"https:\/\/www.nonsolomodanews.it\/wordpress\/wp-content\/uploads\/2023\/11\/Claudia-Blengino-018-200x300.jpg 200w, https:\/\/www.nonsolomodanews.it\/wordpress\/wp-content\/uploads\/2023\/11\/Claudia-Blengino-018-682x1024.jpg 682w, https:\/\/www.nonsolomodanews.it\/wordpress\/wp-content\/uploads\/2023\/11\/Claudia-Blengino-018-768x1152.jpg 768w, https:\/\/www.nonsolomodanews.it\/wordpress\/wp-content\/uploads\/2023\/11\/Claudia-Blengino-018.jpg 853w\" sizes=\"auto, (max-width: 200px) 100vw, 200px\" \/>Nonsolomodanews<\/strong> ha il piacere di presentare ai propri lettori <strong>Claudia Blengino<\/strong>. Claudia \u00e8 una modella e mamma di origini piemontesi. Ha tante passioni ma per questioni professionali e non solo, le piace ristrutturare edifici d\u2019epoca. Evitando di spoilerare l\u2019intervista, possiamo dire che la passione per la fotografia \u00e8 molto alta ed \u00e8 nata quasi per caso e questo si unisce ad un carattere estroverso che le ha permesso di mettersi in gioco. Ringraziamo Claudia per averci concesso questa lunghissima intervista e siamo sicuri che i nostri lettori apprezzeranno sia le risposte che le immagini della galleria unita.<\/p>\n<p><!--more--><\/p>\n<p><strong>Ciao, benvenuta su Nonsolomodanews, ti vuoi presentare? \u00a0<\/strong><em>\u201c\u00c8 un onore essere intervistata da Nonsolomodanews, mi presento: mi chiamo Claudia Blengino, sono nata a Saluzzo il 24 maggio 1971.\u00a0 <\/em><em>Le mie misure sono 90\/60\/90. Sono alta 1.67\u00a0 m e ho i capelli castani lunghi a met\u00e0 schiena e gli occhi scuri\u201d.<\/em><\/p>\n<p><strong>Come sei di carattere? <\/strong><em>\u201cSono socievole, estroversa, curiosa, amo mettermi in gioco, confrontarmi con il prossimo, imparare e vivere esperienze muovo. Amo il bello, l\u2019eleganza, essere donna e tutto ci\u00f2 che riguarda la cura di me e del mio corpo.\u00a0 <\/em><em>Sono molto socievole, mi fido troppo del prossimo. Sono ottimista, sono un fiume di parole ma so ascoltare, sono paziente pi\u00f9 di quanto dovrei, cocciuta e molto indipendente. Non mi piace la prepotenza, L\u2019opportunismo e chi fa torti ai pi\u00f9 deboli\u201d.<\/em><\/p>\n<p><strong>Sei curiosa? <\/strong><em>\u201cSono molto curiosa! Tutto ci\u00f2 che mi circonda, in un certo qual modo, mi incuriosisce o sorprende: un tramonto, il sorgere del sole, un animale buffo, un bambino, le persone e la natura.\u00a0 <\/em><em>Non sono curiosa nel senso di \u2018interessata alle vite altrui\u201d e non giudico mai il prossimo\u201d.<\/em><\/p>\n<p><strong>Ti piace essere al centro dell\u2019attenzione? <\/strong><em>\u201cMi fa stare bene essere al centro dell\u2019attenzione, \u00e8 nella mia natura, ma amo essere attorniata da persone al centro dell\u2019attenzione tanto quanto me\u201d.<\/em><\/p>\n<p><strong>Qual \u00e8 il tuo colore preferito? <\/strong><em>\u201cIl bianco, lo \u00e8 sempre stato e sempre lo sar\u00e0! Ha qualcosa di unico\u201d.<\/em><\/p>\n<p><strong>Quali sono le tue passioni? <\/strong><em>\u201cHo molte passioni: amo ristrutturare edifici d\u2019epoca, arredarli rendendoli completi con oggetti.\u00a0<\/em> <em>Ho una passione per l\u2019antico: \u00e8 stato l\u2019ambito in cui ho lavorato per 25 anni, pi\u00f9 precisamente nel settore del mobile, nelle aziende di famiglia, mi \u00e8 rimasto nel DNA.\u00a0 <\/em><em>Mi sento a casa negli edifici antichi, arredati con mobili dell\u2019epoca passata, sono molto legata ai valori del passato e alle tradizioni, ma guardo al futuro, ecco perch\u00e9 mi piace anche il moderno nonostante fatichi ad imparare la nuova tecnologia.\u00a0 <\/em><em>Amo dare un tocco di classe ad abitazioni, auto, anche alle persone con abiti o profumi: aggiungere gusto e bellezza a ci\u00f2 che mi circonda.\u00a0 <\/em><em>Amo lo sport, leggere, gli animali, i fiori, la musica, l\u2019arte, sperimentare luoghi e\u2026 ristoranti!\u201d.<\/em><\/p>\n<p><strong>Sei sportiva? <\/strong><em>\u201cSono sportiva, dinamica. Sono una ciclista di bici da corsa, amo la palestra e camminare\u201d.<\/em><\/p>\n<p><strong>Hai animali? <\/strong><em>\u201cHo tre cani: un pastore australiano nano (di mia figlia) un maltese nano (di mio figlio) e un barboncino toy. Di loro ho cura come fossero miei figli, anche loro una volta la settimana hanno appuntamento nel centro di benessere (toilettatrice). Li profumo, li curo e li coccolo.\u00a0<\/em> <em>Amo tutti gli animali\u201d.<\/em><\/p>\n<p><strong>Quanti vestiti hai? <\/strong><em>\u201cCredo di avere pi\u00f9 vestiti di quanti realmente riesca a mettere. Ho un debole per gli abiti, ho due camere con tanto di pareti piene di armadi e a dicembre avr\u00f2 una nuova cabina armadio: non ho spazio per tutti i miei vestiti! <\/em><em>Le mie seconde case sono invase di abiti e scarpe, io ritengo che sia naturale: fa parte dell\u2019essere donna\u201d.<\/em><\/p>\n<p><strong>E scarpe?<\/strong><em> \u201cPer quanto riguarda le scarpe ho un vero e proprio debole: a casa ho 20 metri di armadio, da pavimento a soffitto, colmi di scarpe. Nella casa estiva ho riempito armadi di scarpe di tutti i tipi.\u00a0 <\/em><em>Questo \u00e8 il lato positivo di aver lavorato nel settore dei mobili d\u2019altronde! Preferisco mobili in pi\u00f9 piuttosto che limitarmi nell\u2019acquisto di scarpe\u201d.<\/em><\/p>\n<p><strong>Entrando in un negozio di abbigliamento, sai gi\u00e0 che cosa vuoi comprare e quanto vuoi spendere oppure il budget dipende da che cosa vuoi comprare? <\/strong><em>\u201cQuando entro in un negozio di abbigliamento non so quanto spenser\u00f2, ma so esattamente ci\u00f2 che voglio. Non perdo troppo tempo per gli acquisti, ho le idee molto chiare su ci\u00f2 che mi piace e ci\u00f2 che non mi piace.\u00a0 <\/em><em>Sembra assurdo, visto che amo cos\u00ec tanto acquistare abiti, ma non mi piace perdere troppo tempo nello shopping, ecco perch\u00e9 preferisco avere negozi di fiducia che conoscono i miei gusti. Ogni mese mi ci reco: mi tengono da parte articoli nuovi che ritiro e porto a casa senza quasi mai provare. <\/em><em>Faccio lo stesso per mio figlio: il suo armadio contiene di tutto, non mi piace avere solo per me, voglio che anche lui abbia altrettanto. Le mie figlie sono grandi e ormai scelgono loro per loro stesse\u201d.<\/em><\/p>\n<p><strong>In un capo di abbigliamento che cosa valuti per acquistarlo? <\/strong><em>\u201cUn capo deve piacermi, deve essere femminile, elegante, seguire la moda.\u00a0<\/em> <em>Ogni giorno indosso abiti diversi in base a come mi sento, attraverso l\u2019abito esprimo me stessa\u201d.<\/em><\/p>\n<p><strong>Tu sei donna, gli intimi li scegli tu o condividi la scelta con il tuo partner? <\/strong><em>\u201cAdoro l\u2019intimo, lo acquisto di ogni tipo, amo l\u2019intimo molto femminile, ma nel quotidiano non lo indosso mai. Lo acquisto da sola, ma il mio compagno ama regalarmi intimo in base al suo gusto personale\u201d.<\/em><\/p>\n<p><strong>Cosa significa per te essere donna? <\/strong><em>\u201cSono donna e amo esserlo. Sono molto indipendente, mi gestisco da sola in tutto, non ho bisogno di un uomo accanto perch\u00e9 so fare tutto da sola. Nonostante ci\u00f2, sono molto all\u2019antica, credo ci sia una netta differenza tra uomo e donna e deve rimanere tale\u201d.<\/em><\/p>\n<p><strong>Come ti sei avvicinata alla fotografia?\u00a0 <\/strong><em>\u201cMi sono avvicinata alla fotografia casualmente: accompagnai un\u2019amica ad un servizio fotografico e mi ritrovai ad essere fotografata anche io\u201d. <\/em><em>Sono sempre stata restia a farmi scattare foto, ma lo sguardo di quel fotografo, l\u2019interesse su di me e la certezza che io fossi una modella abituata agli scatti, mi ha dato coraggio e ho voluto provare\u201d.<\/em><\/p>\n<p><strong>In una tua fotografia di ritratto che cosa noti immediatamente? <\/strong><em>\u201cMi piace molto il ritratto, valorizzare il volto, lo sguardo. In una fotografia di ritratto guardo la naturalezza, credo siano le foto pi\u00f9 difficili, sia da scattare sia per le quali posare: di fronte all\u2019obbiettivo non \u00e8 facile essere completamente naturali\u201d.<\/em><\/p>\n<p><strong>Quali sono le tue sensazioni quando vieni fotografata? <\/strong><em>\u201cEssere fotografata da fotografi diversi \u00e8 sempre un\u2019emozione diversa.\u00a0 <\/em><em>Io sono me stessa, ma immortalata a seconda del modo in cui il fotografo mi vede.\u00a0 <\/em><em>Mi piace pensare che quel momento rimarr\u00e0 immortalato nel tempo: non importa ci\u00f2 che accadr\u00e0, il mio stato d\u2019animo, quel preciso attimo, rimarranno invariati per sempre\u201d.<\/em><\/p>\n<p><strong>Tu sei mamma. Che cosa ti dicono i tuoi figli di questa passione per la fotografia? <\/strong><em>\u201cSono mamma di 3 figli, 2 femmine e 1 maschio che condividono ogni mia passione. Mi incitano a continuare, mi elogiano e commentano le mie foto dandomi il loro punto di vista\u201d.<\/em><\/p>\n<p><strong>C\u2019\u00e8 qualcuno di loro (tu hai 2 femmine e un maschio) che ti seguono in questo mondo che \u00e8 la fotografia? <\/strong><em>\u201cMia figlia di mezzo ha fatto un servizio da un fotografo amico, lei \u00e8 predisposta per essere fotografata, sembra una modella esperta, ma ha tenuto le foto per se, non le ha mai mostrate in pubblico. La grande \u00e8 molto fotogenica ma non scatterebbe mai con fotografi, ha tantissimi talenti, tra cui immortalare e valorizzare tutto attraverso gli scatti, quando ho aperto i profili social era lei a fotografami.\u00a0<\/em><\/p>\n<p><em>Mio figlio ha solo 13 anni, lui ha voluto provare a fare un servizio ed era naturalmente predisposto. Dei 3 chi \u00e8 pi\u00f9 predisposto agli scatti e a renderli pubblici \u00e8 lui\u201d.<\/em><\/p>\n<p><strong>Quali sono i generi fotografici che preferisci e perch\u00e8? <\/strong><em>\u201cMi piace particolarmente il fashion, lo scatto elegante, che mostra abiti, accessori, in location lussuose. Rappresenta me per come sono.\u00a0Mi sento a mio agio anche in intimo, perch\u00e9 vivo bene nel mio corpo\u201d.<\/em><\/p>\n<p><strong>Un progetto fotografico che vorresti realizzare e perch\u00e8? <\/strong><em>\u201cVorrei realizzare un servizio fotografico nella neve, in montagna, \u00e8 una cosa che non ho mai fatto.\u201d<\/em><\/p>\n<p><strong>Che cosa \u00e8 per te la volgarit\u00e0? <\/strong><em>\u201cPer me volgarit\u00e0 \u00e8 il contrario di eleganza\u201d.<\/em><\/p>\n<p><strong>Qual \u00e8 il capo di vestiario che ami di pi\u00f9 e quello di meno? <\/strong><em>\u201cAmo qualsiasi abito che sottolinei le curve del mio corpo, indosso molto le scollature. Detesto ci\u00f2 che \u00e8 abbondante, le felpe enormi e i colli alti, mi sento soffocare\u201d.<\/em><\/p>\n<p><strong>Scarpe basse o tacchi? <\/strong><em>\u201cSempre e solo tacchi: a casa, in spiaggia, di giorno e di sera. Vivo con i tacchi sempre.\u00a0 <\/em><em>Ultimamente ho dovuto acquistare scarpe da ginnastica, sono stata \u201cobbligata\u201d per lavoro e fatico a camminare, a guidare. Per me \u00e8 un vero e proprio sacrificio indossare la scarpa bassa\u201d.<\/em><\/p>\n<p><strong>Un accessorio che non manca mai quando esci da casa?<\/strong><em> \u201cQuando esco di casa indosso sempre profumo, tacchi e ho sempre una borsa con me\u201d.<\/em><\/p>\n<p><strong>Qual \u00e8 il tuo rapporto con la tecnologia? <\/strong><em>\u201cSono negata con la tecnologia, voglio e devo imparare, ma faccio fatica. Impiego tempo a capire ci\u00f2 che i miei figli fanno in modo naturale.\u00a0 Ma sono ostinata ad imparare\u201d.<\/em><\/p>\n<p><strong>Tra le 3 S (Salute, Sesso e Soldi) qual \u00e8 quella pi\u00f9 importante per te? <\/strong><em>\u201cTra le tre s la Salute \u00e8 assolutamente al primo posto. Sesso e soldi sono paritetici.\u201d<\/em><\/p>\n<p><strong>Quali sono i tuoi riferimenti social? <\/strong><em>\u201cSono sui social su Instagram con due profili: @\/clableofficial \u00e8 il mio profilo modella, @\/claudia.blengino \u00e8 il mio personale dove presto racconter\u00f2 i miei progetti imprenditoriali. Su Facebook ho due pagine e un profilo personale che seguo pochissimo a causa del poco tempo libero che ho a disposizione.\u201d<\/em><\/p>\n<p><strong>Sogno nel cassetto? <\/strong><em>\u201cCredo che i sogni nel cassetto debbano essere realizzati man mano che viviamo la nostra vita: tanti di quelli che erano sogni non sono pi\u00f9 tali ma obiettivi gi\u00e0 raggiunti, c\u2019\u00e8 ancora tanto, tuttavia, che voglio ancora realizzare.\u00a0 <\/em><em>Un grande sogno \u00e8 avere un paradiso terrestre in cui potermi rifugiare, con tutto ci\u00f2 che mi fa stare bene. Sto per realizzare questo sogno con il mio compagno di vita, di lavoro, di viaggi e di avventure; \u00e8 un sogno magico, perch\u00e9 siamo in due a crederci <\/em><em>Ogni volta che realizzo un obiettivo passo al prossimo.\u00a0 <\/em><em>Non mi aggrada tanto la realizzazione finale, quanto pi\u00f9 il percorso, lo svegliarsi con un progetto, con tante idee e la voglia di realizzare. \u00a0Tutto ci\u00f2 fa sentire vivi: tutti dovrebbero dedicarsi ad un progetto, alla realizzazione di un sogno per sentirsi vivi e veramente appagati\u201d.<\/em><\/p>\n<p><a href=\"https:\/\/www.instagram.com\/brunoangeloporcellana\/\"><strong>Bruno Angelo Porcellana<\/strong><\/a><\/p>\n<p style=\"text-align: center;\">Le fotografie sono state fornite da Claudia Blengino \u2013 I crediti delle fotografie appartengono ai relativi fotografi<br \/>\nTutti i diritti riservati \u00a9 2023 \u2013 Email: info@nonsolomodanews.it<style id=\"bwg-style-0\">      #bwg_container1_0 #bwg_container2_0 #bwg_mosaic_thumbnails_div_0 {        width: 100%;        position: relative;        background-color: rgba(255, 255, 255, 0.00);        text-align: center;        justify-content: center;                  margin-left: auto;          margin-right: auto;                    padding-left: 4px;          padding-top: 4px;                }          #bwg_container1_0 #bwg_container2_0 .bwg_mosaic_thumb_spun_0 {        display: block;        position: absolute;\t\t\t\tborder-radius: 0;\t\t\t\tborder: 0px none #CCCCCC;    \t\t    \t\tbackground-color:rgba(0,0,0, 0.30);        -moz-box-sizing: content-box !important;        -webkit-box-sizing: content-box !important;        box-sizing: content-box !important;      }\t\t\t#bwg_container1_0 #bwg_container2_0 .bwg_mosaic_thumb_0 {\t\t\t\tdisplay: block;\t\t\t\t-moz-box-sizing: content-box !important;\t\t\t\t-webkit-box-sizing: content-box !important;\t\t\t\tbox-sizing: content-box !important;\t\t\t\tmargin: 0;\t\t\t\topacity: 1.00;\t\t\t}      #bwg_container1_0 #bwg_container2_0 .bwg_mosaic_thumb_spun_0:hover {        opacity: 1;        backface-visibility: hidden;        -webkit-backface-visibility: hidden;        -moz-backface-visibility: hidden;        -ms-backface-visibility: hidden;        z-index: 102;      }\t      @media only screen and (min-width: 480px) {        #bwg_container1_0 #bwg_container2_0 .bwg_mosaic_thumb_spun_0:hover {          transform: scale(1.1);          -ms-transform: scale(1.1);          -webkit-transform: scale(1.1);        }      }\t      #bwg_container1_0 #bwg_container2_0 .bwg_mosaic_thumbnails_0 {        background-color: rgba(255, 255, 255, 0.00);        font-size: 0;        position: relative;        text-align: center;        display: inline-block;        visibility: hidden;              }\t  \/*image title styles*\/      #bwg_container1_0 #bwg_container2_0 .bwg_mosaic_title_spun1_0,      #bwg_container1_0 #bwg_container2_0 .bwg-mosaic-thumbnails .bwg_ecommerce_spun1_0 {        position: absolute;        display: block;        opacity: 0;        box-sizing: border-box;        text-align: center;\t\t\t\ttop: 50%;\t\t\t\tleft: 50%;\t\t\t\ttransform: translate(-50%, -50%);      }      #bwg_container1_0 #bwg_container2_0 .bwg-mosaic-thumbnails .bwg_mosaic_title_spun2_0,      #bwg_container1_0 #bwg_container2_0 .bwg-mosaic-thumbnails .bwg_ecommerce_spun2_0 {\t\t    color: #CCCCCC;        font-family: segoe ui;        font-size: 16px;        font-weight: bold;        text-shadow: 0px 0px 0px #888888;        vertical-align: middle;        word-wrap: break-word;      }            .bwg_mosaic_play_icon_spun_0 {        display: table;        position: absolute;        left: -10000px;        top: 0px;        opacity: 0;      }      .bwg_mosaic_play_icon_0 {        color: #CCCCCC;        font-size: 32px;        vertical-align: middle;        display: table-cell !important;        z-index: 1;        text-align: center;        margin: 0 auto;      }      #bwg_container1_0 #bwg_container2_0 .bwg_gal_title_0 {        background-color: rgba(0, 0, 0, 0);        color: #323A45;        display: block;        font-family: Ubuntu;        font-size: 16px;        font-weight: bold;        padding: 2px;        text-shadow: ;        text-align: center;      }            @media screen and (max-width: 350px) {      div[class^=\"bwg_mosaic_thumbnails_\"],      span[class^=\"bwg_mosaic_thumb_spun_\"] {      width: 100% !important;      }      img[class^=\"bwg_mosaic_thumb_\"] {      width: 100% !important;      height: auto !important;      margin: 0px auto !important;      }      }      <\/style>    <div id=\"bwg_container1_0\"         class=\"bwg_container bwg_thumbnail bwg_thumbnails_mosaic \"         data-right-click-protection=\"0\"         data-bwg=\"0\"         data-scroll=\"0\"         data-gallery-type=\"thumbnails_mosaic\"         data-gallery-view-type=\"thumbnails_mosaic\"         data-current-url=\"\/wordpress\/wp-json\/wp\/v2\/posts\/25677\"         data-lightbox-url=\"https:\/\/www.nonsolomodanews.it\/wordpress\/wp-admin\/admin-ajax.php?action=GalleryBox&#038;current_view=0&#038;gallery_id=725&#038;tag=0&#038;theme_id=1&#038;shortcode_id=1474&#038;sort_by=filename&#038;order_by=asc&#038;current_url=%2Fwordpress%2Fwp-json%2Fwp%2Fv2%2Fposts%2F25677\"         data-gallery-id=\"725\"         data-popup-width=\"800\"         data-popup-height=\"500\"         data-is-album=\"gallery\"         data-buttons-position=\"bottom\">      <div id=\"bwg_container2_0\">             <div id=\"ajax_loading_0\" class=\"bwg_loading_div_1\">      <div class=\"bwg_loading_div_2\">        <div class=\"bwg_loading_div_3\">          <div id=\"loading_div_0\" class=\"bwg_spider_ajax_loading\">          <\/div>        <\/div>      <\/div>    <\/div>            <form id=\"gal_front_form_0\"              class=\"bwg-hidden\"              method=\"post\"              action=\"#\"              data-current=\"0\"              data-shortcode-id=\"1474\"              data-gallery-type=\"thumbnails_mosaic\"              data-gallery-id=\"725\"              data-tag=\"0\"              data-album-id=\"0\"              data-theme-id=\"1\"              data-ajax-url=\"https:\/\/www.nonsolomodanews.it\/wordpress\/wp-admin\/admin-ajax.php?action=bwg_frontend_data\">          <div id=\"bwg_container3_0\" class=\"bwg-background bwg-background-0\">                <div id=\"bwg_mosaic_thumbnails_div_0\"         class=\"bwg-container-0 bwg-container bwg-mosaic-thumbnails\"         data-bwg=\"0\"         data-mosaic-direction=\"vertical\"         data-resizable=\"0\"         data-width=\"250\"         data-height=\"250\"         data-total-width=\"100\"         data-block-id=\"bwg_thumbnails_mosaic_0\"         data-thumb-padding=\"4\"         data-thumb-border=\"0\"         data-title-margin=\"2px\"         data-image-title=\"none\"         data-play-icon=\"1\"         data-ecommerce-icon=\"none\"         data-gallery-id=\"725\"         data-lightbox-url=\"https:\/\/www.nonsolomodanews.it\/wordpress\/wp-admin\/admin-ajax.php?action=GalleryBox&#038;current_view=0&#038;gallery_id=725&#038;tag=0&#038;theme_id=1&#038;shortcode_id=1474&#038;sort_by=filename&#038;order_by=asc&#038;current_url=%2Fwordpress%2Fwp-json%2Fwp%2Fv2%2Fposts%2F25677\"         data-mosaic-thumb-transition=\"1\"         style=\"visibility: hidden\" >      <div id=\"bwg_thumbnails_mosaic_0\" class=\"bwg_mosaic_thumbnails_0\">                  <a  class=\"bwg-a bwg_lightbox bwg_lightbox_0\" href=\"https:\/\/www.nonsolomodanews.it\/wordpress\/wp-content\/uploads\/photo-gallery\/Claudia_Blengino\/Claudia-Blengino-001.jpg?bwg=1699811728\" data-image-id=\"37844\" data-elementor-open-lightbox=\"no\">          <div class=\"bwg_mosaic_thumb_spun_0 bwg-item0 bwg-mosaic-thumb-span \">            <img decoding=\"async\" class=\"bwg_mosaic_thumb_0 skip-lazy bwg_img_clear bwg_img_custom \"                 id=\"37844\"                 src=\"https:\/\/www.nonsolomodanews.it\/wordpress\/wp-content\/uploads\/photo-gallery\/Claudia_Blengino\/thumb\/Claudia-Blengino-001.jpg?bwg=1699811728\"                 data-src=\"https:\/\/www.nonsolomodanews.it\/wordpress\/wp-content\/uploads\/photo-gallery\/Claudia_Blengino\/thumb\/Claudia-Blengino-001.jpg?bwg=1699811728\"                 data-width=\"200.00\"                 data-height=\"300.00\"                 alt=\"Claudia-Blengino-001\"                 title=\"Claudia-Blengino-001\" \/>                      <\/div>        <\/a>                <a  class=\"bwg-a bwg_lightbox bwg_lightbox_0\" href=\"https:\/\/www.nonsolomodanews.it\/wordpress\/wp-content\/uploads\/photo-gallery\/Claudia_Blengino\/Claudia-Blengino-002.jpg?bwg=1699811728\" data-image-id=\"37843\" data-elementor-open-lightbox=\"no\">          <div class=\"bwg_mosaic_thumb_spun_0 bwg-item0 bwg-mosaic-thumb-span \">            <img decoding=\"async\" class=\"bwg_mosaic_thumb_0 skip-lazy bwg_img_clear bwg_img_custom \"                 id=\"37843\"                 src=\"https:\/\/www.nonsolomodanews.it\/wordpress\/wp-content\/uploads\/photo-gallery\/Claudia_Blengino\/thumb\/Claudia-Blengino-002.jpg?bwg=1699811728\"                 data-src=\"https:\/\/www.nonsolomodanews.it\/wordpress\/wp-content\/uploads\/photo-gallery\/Claudia_Blengino\/thumb\/Claudia-Blengino-002.jpg?bwg=1699811728\"                 data-width=\"200.00\"                 data-height=\"300.00\"                 alt=\"Claudia-Blengino-002\"                 title=\"Claudia-Blengino-002\" \/>                      <\/div>        <\/a>                <a  class=\"bwg-a bwg_lightbox bwg_lightbox_0\" href=\"https:\/\/www.nonsolomodanews.it\/wordpress\/wp-content\/uploads\/photo-gallery\/Claudia_Blengino\/Claudia-Blengino-003.jpg?bwg=1699811728\" data-image-id=\"37845\" data-elementor-open-lightbox=\"no\">          <div class=\"bwg_mosaic_thumb_spun_0 bwg-item0 bwg-mosaic-thumb-span \">            <img decoding=\"async\" class=\"bwg_mosaic_thumb_0 skip-lazy bwg_img_clear bwg_img_custom \"                 id=\"37845\"                 src=\"https:\/\/www.nonsolomodanews.it\/wordpress\/wp-content\/uploads\/photo-gallery\/Claudia_Blengino\/thumb\/Claudia-Blengino-003.jpg?bwg=1699811728\"                 data-src=\"https:\/\/www.nonsolomodanews.it\/wordpress\/wp-content\/uploads\/photo-gallery\/Claudia_Blengino\/thumb\/Claudia-Blengino-003.jpg?bwg=1699811728\"                 data-width=\"200.00\"                 data-height=\"300.00\"                 alt=\"Claudia-Blengino-003\"                 title=\"Claudia-Blengino-003\" \/>                      <\/div>        <\/a>                <a  class=\"bwg-a bwg_lightbox bwg_lightbox_0\" href=\"https:\/\/www.nonsolomodanews.it\/wordpress\/wp-content\/uploads\/photo-gallery\/Claudia_Blengino\/Claudia-Blengino-004.jpg?bwg=1699811728\" data-image-id=\"37847\" data-elementor-open-lightbox=\"no\">          <div class=\"bwg_mosaic_thumb_spun_0 bwg-item0 bwg-mosaic-thumb-span \">            <img decoding=\"async\" class=\"bwg_mosaic_thumb_0 skip-lazy bwg_img_clear bwg_img_custom \"                 id=\"37847\"                 src=\"https:\/\/www.nonsolomodanews.it\/wordpress\/wp-content\/uploads\/photo-gallery\/Claudia_Blengino\/thumb\/Claudia-Blengino-004.jpg?bwg=1699811728\"                 data-src=\"https:\/\/www.nonsolomodanews.it\/wordpress\/wp-content\/uploads\/photo-gallery\/Claudia_Blengino\/thumb\/Claudia-Blengino-004.jpg?bwg=1699811728\"                 data-width=\"200.00\"                 data-height=\"300.00\"                 alt=\"Claudia-Blengino-004\"                 title=\"Claudia-Blengino-004\" \/>                      <\/div>        <\/a>                <a  class=\"bwg-a bwg_lightbox bwg_lightbox_0\" href=\"https:\/\/www.nonsolomodanews.it\/wordpress\/wp-content\/uploads\/photo-gallery\/Claudia_Blengino\/Claudia-Blengino-005.jpg?bwg=1699811728\" data-image-id=\"37846\" data-elementor-open-lightbox=\"no\">          <div class=\"bwg_mosaic_thumb_spun_0 bwg-item0 bwg-mosaic-thumb-span \">            <img decoding=\"async\" class=\"bwg_mosaic_thumb_0 skip-lazy bwg_img_clear bwg_img_custom \"                 id=\"37846\"                 src=\"https:\/\/www.nonsolomodanews.it\/wordpress\/wp-content\/uploads\/photo-gallery\/Claudia_Blengino\/thumb\/Claudia-Blengino-005.jpg?bwg=1699811728\"                 data-src=\"https:\/\/www.nonsolomodanews.it\/wordpress\/wp-content\/uploads\/photo-gallery\/Claudia_Blengino\/thumb\/Claudia-Blengino-005.jpg?bwg=1699811728\"                 data-width=\"300.00\"                 data-height=\"200.00\"                 alt=\"Claudia-Blengino-005\"                 title=\"Claudia-Blengino-005\" \/>                      <\/div>        <\/a>                <a  class=\"bwg-a bwg_lightbox bwg_lightbox_0\" href=\"https:\/\/www.nonsolomodanews.it\/wordpress\/wp-content\/uploads\/photo-gallery\/Claudia_Blengino\/Claudia-Blengino-006.jpg?bwg=1699811728\" data-image-id=\"37849\" data-elementor-open-lightbox=\"no\">          <div class=\"bwg_mosaic_thumb_spun_0 bwg-item0 bwg-mosaic-thumb-span \">            <img decoding=\"async\" class=\"bwg_mosaic_thumb_0 skip-lazy bwg_img_clear bwg_img_custom \"                 id=\"37849\"                 src=\"https:\/\/www.nonsolomodanews.it\/wordpress\/wp-content\/uploads\/photo-gallery\/Claudia_Blengino\/thumb\/Claudia-Blengino-006.jpg?bwg=1699811728\"                 data-src=\"https:\/\/www.nonsolomodanews.it\/wordpress\/wp-content\/uploads\/photo-gallery\/Claudia_Blengino\/thumb\/Claudia-Blengino-006.jpg?bwg=1699811728\"                 data-width=\"300.00\"                 data-height=\"300.00\"                 alt=\"Claudia-Blengino-006\"                 title=\"Claudia-Blengino-006\" \/>                      <\/div>        <\/a>                <a  class=\"bwg-a bwg_lightbox bwg_lightbox_0\" href=\"https:\/\/www.nonsolomodanews.it\/wordpress\/wp-content\/uploads\/photo-gallery\/Claudia_Blengino\/Claudia-Blengino-007.jpg?bwg=1699811728\" data-image-id=\"37848\" data-elementor-open-lightbox=\"no\">          <div class=\"bwg_mosaic_thumb_spun_0 bwg-item0 bwg-mosaic-thumb-span \">            <img decoding=\"async\" class=\"bwg_mosaic_thumb_0 skip-lazy bwg_img_clear bwg_img_custom \"                 id=\"37848\"                 src=\"https:\/\/www.nonsolomodanews.it\/wordpress\/wp-content\/uploads\/photo-gallery\/Claudia_Blengino\/thumb\/Claudia-Blengino-007.jpg?bwg=1699811728\"                 data-src=\"https:\/\/www.nonsolomodanews.it\/wordpress\/wp-content\/uploads\/photo-gallery\/Claudia_Blengino\/thumb\/Claudia-Blengino-007.jpg?bwg=1699811728\"                 data-width=\"200.00\"                 data-height=\"300.00\"                 alt=\"Claudia-Blengino-007\"                 title=\"Claudia-Blengino-007\" \/>                      <\/div>        <\/a>                <a  class=\"bwg-a bwg_lightbox bwg_lightbox_0\" href=\"https:\/\/www.nonsolomodanews.it\/wordpress\/wp-content\/uploads\/photo-gallery\/Claudia_Blengino\/Claudia-Blengino-008.jpg?bwg=1699811728\" data-image-id=\"37852\" data-elementor-open-lightbox=\"no\">          <div class=\"bwg_mosaic_thumb_spun_0 bwg-item0 bwg-mosaic-thumb-span \">            <img decoding=\"async\" class=\"bwg_mosaic_thumb_0 skip-lazy bwg_img_clear bwg_img_custom \"                 id=\"37852\"                 src=\"https:\/\/www.nonsolomodanews.it\/wordpress\/wp-content\/uploads\/photo-gallery\/Claudia_Blengino\/thumb\/Claudia-Blengino-008.jpg?bwg=1699811728\"                 data-src=\"https:\/\/www.nonsolomodanews.it\/wordpress\/wp-content\/uploads\/photo-gallery\/Claudia_Blengino\/thumb\/Claudia-Blengino-008.jpg?bwg=1699811728\"                 data-width=\"200.00\"                 data-height=\"300.00\"                 alt=\"Claudia-Blengino-008\"                 title=\"Claudia-Blengino-008\" \/>                      <\/div>        <\/a>                <a  class=\"bwg-a bwg_lightbox bwg_lightbox_0\" href=\"https:\/\/www.nonsolomodanews.it\/wordpress\/wp-content\/uploads\/photo-gallery\/Claudia_Blengino\/Claudia-Blengino-009.jpg?bwg=1699811728\" data-image-id=\"37851\" data-elementor-open-lightbox=\"no\">          <div class=\"bwg_mosaic_thumb_spun_0 bwg-item0 bwg-mosaic-thumb-span \">            <img decoding=\"async\" class=\"bwg_mosaic_thumb_0 skip-lazy bwg_img_clear bwg_img_custom \"                 id=\"37851\"                 src=\"https:\/\/www.nonsolomodanews.it\/wordpress\/wp-content\/uploads\/photo-gallery\/Claudia_Blengino\/thumb\/Claudia-Blengino-009.jpg?bwg=1699811728\"                 data-src=\"https:\/\/www.nonsolomodanews.it\/wordpress\/wp-content\/uploads\/photo-gallery\/Claudia_Blengino\/thumb\/Claudia-Blengino-009.jpg?bwg=1699811728\"                 data-width=\"200.00\"                 data-height=\"300.00\"                 alt=\"Claudia-Blengino-009\"                 title=\"Claudia-Blengino-009\" \/>                      <\/div>        <\/a>                <a  class=\"bwg-a bwg_lightbox bwg_lightbox_0\" href=\"https:\/\/www.nonsolomodanews.it\/wordpress\/wp-content\/uploads\/photo-gallery\/Claudia_Blengino\/Claudia-Blengino-010.jpg?bwg=1699811728\" data-image-id=\"37850\" data-elementor-open-lightbox=\"no\">          <div class=\"bwg_mosaic_thumb_spun_0 bwg-item0 bwg-mosaic-thumb-span \">            <img decoding=\"async\" class=\"bwg_mosaic_thumb_0 skip-lazy bwg_img_clear bwg_img_custom \"                 id=\"37850\"                 src=\"https:\/\/www.nonsolomodanews.it\/wordpress\/wp-content\/uploads\/photo-gallery\/Claudia_Blengino\/thumb\/Claudia-Blengino-010.jpg?bwg=1699811728\"                 data-src=\"https:\/\/www.nonsolomodanews.it\/wordpress\/wp-content\/uploads\/photo-gallery\/Claudia_Blengino\/thumb\/Claudia-Blengino-010.jpg?bwg=1699811728\"                 data-width=\"200.00\"                 data-height=\"300.00\"                 alt=\"Claudia-Blengino-010\"                 title=\"Claudia-Blengino-010\" \/>                      <\/div>        <\/a>                <a  class=\"bwg-a bwg_lightbox bwg_lightbox_0\" href=\"https:\/\/www.nonsolomodanews.it\/wordpress\/wp-content\/uploads\/photo-gallery\/Claudia_Blengino\/Claudia-Blengino-011.jpg?bwg=1699811728\" data-image-id=\"37853\" data-elementor-open-lightbox=\"no\">          <div class=\"bwg_mosaic_thumb_spun_0 bwg-item0 bwg-mosaic-thumb-span \">            <img decoding=\"async\" class=\"bwg_mosaic_thumb_0 skip-lazy bwg_img_clear bwg_img_custom \"                 id=\"37853\"                 src=\"https:\/\/www.nonsolomodanews.it\/wordpress\/wp-content\/uploads\/photo-gallery\/Claudia_Blengino\/thumb\/Claudia-Blengino-011.jpg?bwg=1699811728\"                 data-src=\"https:\/\/www.nonsolomodanews.it\/wordpress\/wp-content\/uploads\/photo-gallery\/Claudia_Blengino\/thumb\/Claudia-Blengino-011.jpg?bwg=1699811728\"                 data-width=\"300.00\"                 data-height=\"200.00\"                 alt=\"Claudia-Blengino-011\"                 title=\"Claudia-Blengino-011\" \/>                      <\/div>        <\/a>                <a  class=\"bwg-a bwg_lightbox bwg_lightbox_0\" href=\"https:\/\/www.nonsolomodanews.it\/wordpress\/wp-content\/uploads\/photo-gallery\/Claudia_Blengino\/Claudia-Blengino-012.jpg?bwg=1699811728\" data-image-id=\"37856\" data-elementor-open-lightbox=\"no\">          <div class=\"bwg_mosaic_thumb_spun_0 bwg-item0 bwg-mosaic-thumb-span \">            <img decoding=\"async\" class=\"bwg_mosaic_thumb_0 skip-lazy bwg_img_clear bwg_img_custom \"                 id=\"37856\"                 src=\"https:\/\/www.nonsolomodanews.it\/wordpress\/wp-content\/uploads\/photo-gallery\/Claudia_Blengino\/thumb\/Claudia-Blengino-012.jpg?bwg=1699811728\"                 data-src=\"https:\/\/www.nonsolomodanews.it\/wordpress\/wp-content\/uploads\/photo-gallery\/Claudia_Blengino\/thumb\/Claudia-Blengino-012.jpg?bwg=1699811728\"                 data-width=\"300.00\"                 data-height=\"200.00\"                 alt=\"Claudia-Blengino-012\"                 title=\"Claudia-Blengino-012\" \/>                      <\/div>        <\/a>                <a  class=\"bwg-a bwg_lightbox bwg_lightbox_0\" href=\"https:\/\/www.nonsolomodanews.it\/wordpress\/wp-content\/uploads\/photo-gallery\/Claudia_Blengino\/Claudia-Blengino-013.jpg?bwg=1699811728\" data-image-id=\"37857\" data-elementor-open-lightbox=\"no\">          <div class=\"bwg_mosaic_thumb_spun_0 bwg-item0 bwg-mosaic-thumb-span \">            <img decoding=\"async\" class=\"bwg_mosaic_thumb_0 skip-lazy bwg_img_clear bwg_img_custom \"                 id=\"37857\"                 src=\"https:\/\/www.nonsolomodanews.it\/wordpress\/wp-content\/uploads\/photo-gallery\/Claudia_Blengino\/thumb\/Claudia-Blengino-013.jpg?bwg=1699811728\"                 data-src=\"https:\/\/www.nonsolomodanews.it\/wordpress\/wp-content\/uploads\/photo-gallery\/Claudia_Blengino\/thumb\/Claudia-Blengino-013.jpg?bwg=1699811728\"                 data-width=\"300.00\"                 data-height=\"200.00\"                 alt=\"Claudia-Blengino-013\"                 title=\"Claudia-Blengino-013\" \/>                      <\/div>        <\/a>                <a  class=\"bwg-a bwg_lightbox bwg_lightbox_0\" href=\"https:\/\/www.nonsolomodanews.it\/wordpress\/wp-content\/uploads\/photo-gallery\/Claudia_Blengino\/Claudia-Blengino-014.jpg?bwg=1699811728\" data-image-id=\"37855\" data-elementor-open-lightbox=\"no\">          <div class=\"bwg_mosaic_thumb_spun_0 bwg-item0 bwg-mosaic-thumb-span \">            <img decoding=\"async\" class=\"bwg_mosaic_thumb_0 skip-lazy bwg_img_clear bwg_img_custom \"                 id=\"37855\"                 src=\"https:\/\/www.nonsolomodanews.it\/wordpress\/wp-content\/uploads\/photo-gallery\/Claudia_Blengino\/thumb\/Claudia-Blengino-014.jpg?bwg=1699811728\"                 data-src=\"https:\/\/www.nonsolomodanews.it\/wordpress\/wp-content\/uploads\/photo-gallery\/Claudia_Blengino\/thumb\/Claudia-Blengino-014.jpg?bwg=1699811728\"                 data-width=\"200.00\"                 data-height=\"300.00\"                 alt=\"Claudia-Blengino-014\"                 title=\"Claudia-Blengino-014\" \/>                      <\/div>        <\/a>                <a  class=\"bwg-a bwg_lightbox bwg_lightbox_0\" href=\"https:\/\/www.nonsolomodanews.it\/wordpress\/wp-content\/uploads\/photo-gallery\/Claudia_Blengino\/Claudia-Blengino-015.jpg?bwg=1699811728\" data-image-id=\"37854\" data-elementor-open-lightbox=\"no\">          <div class=\"bwg_mosaic_thumb_spun_0 bwg-item0 bwg-mosaic-thumb-span \">            <img decoding=\"async\" class=\"bwg_mosaic_thumb_0 skip-lazy bwg_img_clear bwg_img_custom \"                 id=\"37854\"                 src=\"https:\/\/www.nonsolomodanews.it\/wordpress\/wp-content\/uploads\/photo-gallery\/Claudia_Blengino\/thumb\/Claudia-Blengino-015.jpg?bwg=1699811728\"                 data-src=\"https:\/\/www.nonsolomodanews.it\/wordpress\/wp-content\/uploads\/photo-gallery\/Claudia_Blengino\/thumb\/Claudia-Blengino-015.jpg?bwg=1699811728\"                 data-width=\"200.00\"                 data-height=\"300.00\"                 alt=\"Claudia-Blengino-015\"                 title=\"Claudia-Blengino-015\" \/>                      <\/div>        <\/a>                <a  class=\"bwg-a bwg_lightbox bwg_lightbox_0\" href=\"https:\/\/www.nonsolomodanews.it\/wordpress\/wp-content\/uploads\/photo-gallery\/Claudia_Blengino\/Claudia-Blengino-016.jpg?bwg=1699811728\" data-image-id=\"37858\" data-elementor-open-lightbox=\"no\">          <div class=\"bwg_mosaic_thumb_spun_0 bwg-item0 bwg-mosaic-thumb-span \">            <img decoding=\"async\" class=\"bwg_mosaic_thumb_0 skip-lazy bwg_img_clear bwg_img_custom \"                 id=\"37858\"                 src=\"https:\/\/www.nonsolomodanews.it\/wordpress\/wp-content\/uploads\/photo-gallery\/Claudia_Blengino\/thumb\/Claudia-Blengino-016.jpg?bwg=1699811728\"                 data-src=\"https:\/\/www.nonsolomodanews.it\/wordpress\/wp-content\/uploads\/photo-gallery\/Claudia_Blengino\/thumb\/Claudia-Blengino-016.jpg?bwg=1699811728\"                 data-width=\"300.00\"                 data-height=\"200.00\"                 alt=\"Claudia-Blengino-016\"                 title=\"Claudia-Blengino-016\" \/>                      <\/div>        <\/a>                <a  class=\"bwg-a bwg_lightbox bwg_lightbox_0\" href=\"https:\/\/www.nonsolomodanews.it\/wordpress\/wp-content\/uploads\/photo-gallery\/Claudia_Blengino\/Claudia-Blengino-017.jpg?bwg=1699811728\" data-image-id=\"37860\" data-elementor-open-lightbox=\"no\">          <div class=\"bwg_mosaic_thumb_spun_0 bwg-item0 bwg-mosaic-thumb-span \">            <img decoding=\"async\" class=\"bwg_mosaic_thumb_0 skip-lazy bwg_img_clear bwg_img_custom \"                 id=\"37860\"                 src=\"https:\/\/www.nonsolomodanews.it\/wordpress\/wp-content\/uploads\/photo-gallery\/Claudia_Blengino\/thumb\/Claudia-Blengino-017.jpg?bwg=1699811728\"                 data-src=\"https:\/\/www.nonsolomodanews.it\/wordpress\/wp-content\/uploads\/photo-gallery\/Claudia_Blengino\/thumb\/Claudia-Blengino-017.jpg?bwg=1699811728\"                 data-width=\"200.00\"                 data-height=\"300.00\"                 alt=\"Claudia-Blengino-017\"                 title=\"Claudia-Blengino-017\" \/>                      <\/div>        <\/a>                <a  class=\"bwg-a bwg_lightbox bwg_lightbox_0\" href=\"https:\/\/www.nonsolomodanews.it\/wordpress\/wp-content\/uploads\/photo-gallery\/Claudia_Blengino\/Claudia-Blengino-018.jpg?bwg=1699811728\" data-image-id=\"37861\" data-elementor-open-lightbox=\"no\">          <div class=\"bwg_mosaic_thumb_spun_0 bwg-item0 bwg-mosaic-thumb-span \">            <img decoding=\"async\" class=\"bwg_mosaic_thumb_0 skip-lazy bwg_img_clear bwg_img_custom \"                 id=\"37861\"                 src=\"https:\/\/www.nonsolomodanews.it\/wordpress\/wp-content\/uploads\/photo-gallery\/Claudia_Blengino\/thumb\/Claudia-Blengino-018.jpg?bwg=1699811728\"                 data-src=\"https:\/\/www.nonsolomodanews.it\/wordpress\/wp-content\/uploads\/photo-gallery\/Claudia_Blengino\/thumb\/Claudia-Blengino-018.jpg?bwg=1699811728\"                 data-width=\"200.00\"                 data-height=\"300.00\"                 alt=\"Claudia-Blengino-018\"                 title=\"Claudia-Blengino-018\" \/>                      <\/div>        <\/a>                <a  class=\"bwg-a bwg_lightbox bwg_lightbox_0\" href=\"https:\/\/www.nonsolomodanews.it\/wordpress\/wp-content\/uploads\/photo-gallery\/Claudia_Blengino\/Claudia-Blengino-019.jpg?bwg=1699811728\" data-image-id=\"37859\" data-elementor-open-lightbox=\"no\">          <div class=\"bwg_mosaic_thumb_spun_0 bwg-item0 bwg-mosaic-thumb-span \">            <img decoding=\"async\" class=\"bwg_mosaic_thumb_0 skip-lazy bwg_img_clear bwg_img_custom \"                 id=\"37859\"                 src=\"https:\/\/www.nonsolomodanews.it\/wordpress\/wp-content\/uploads\/photo-gallery\/Claudia_Blengino\/thumb\/Claudia-Blengino-019.jpg?bwg=1699811728\"                 data-src=\"https:\/\/www.nonsolomodanews.it\/wordpress\/wp-content\/uploads\/photo-gallery\/Claudia_Blengino\/thumb\/Claudia-Blengino-019.jpg?bwg=1699811728\"                 data-width=\"300.00\"                 data-height=\"200.00\"                 alt=\"Claudia-Blengino-019\"                 title=\"Claudia-Blengino-019\" \/>                      <\/div>        <\/a>                <a  class=\"bwg-a bwg_lightbox bwg_lightbox_0\" href=\"https:\/\/www.nonsolomodanews.it\/wordpress\/wp-content\/uploads\/photo-gallery\/Claudia_Blengino\/Claudia-Blengino-020.jpg?bwg=1699811728\" data-image-id=\"37862\" data-elementor-open-lightbox=\"no\">          <div class=\"bwg_mosaic_thumb_spun_0 bwg-item0 bwg-mosaic-thumb-span \">            <img decoding=\"async\" class=\"bwg_mosaic_thumb_0 skip-lazy bwg_img_clear bwg_img_custom \"                 id=\"37862\"                 src=\"https:\/\/www.nonsolomodanews.it\/wordpress\/wp-content\/uploads\/photo-gallery\/Claudia_Blengino\/thumb\/Claudia-Blengino-020.jpg?bwg=1699811728\"                 data-src=\"https:\/\/www.nonsolomodanews.it\/wordpress\/wp-content\/uploads\/photo-gallery\/Claudia_Blengino\/thumb\/Claudia-Blengino-020.jpg?bwg=1699811728\"                 data-width=\"300.00\"                 data-height=\"200.00\"                 alt=\"Claudia-Blengino-020\"                 title=\"Claudia-Blengino-020\" \/>                      <\/div>        <\/a>                <a  class=\"bwg-a bwg_lightbox bwg_lightbox_0\" href=\"https:\/\/www.nonsolomodanews.it\/wordpress\/wp-content\/uploads\/photo-gallery\/Claudia_Blengino\/Claudia-Blengino-021.jpg?bwg=1699811728\" data-image-id=\"37863\" data-elementor-open-lightbox=\"no\">          <div class=\"bwg_mosaic_thumb_spun_0 bwg-item0 bwg-mosaic-thumb-span \">            <img decoding=\"async\" class=\"bwg_mosaic_thumb_0 skip-lazy bwg_img_clear bwg_img_custom \"                 id=\"37863\"                 src=\"https:\/\/www.nonsolomodanews.it\/wordpress\/wp-content\/uploads\/photo-gallery\/Claudia_Blengino\/thumb\/Claudia-Blengino-021.jpg?bwg=1699811728\"                 data-src=\"https:\/\/www.nonsolomodanews.it\/wordpress\/wp-content\/uploads\/photo-gallery\/Claudia_Blengino\/thumb\/Claudia-Blengino-021.jpg?bwg=1699811728\"                 data-width=\"200.00\"                 data-height=\"300.00\"                 alt=\"Claudia-Blengino-021\"                 title=\"Claudia-Blengino-021\" \/>                      <\/div>        <\/a>            <\/div>    <\/div>    <style>      \/*pagination styles*\/      #bwg_container1_0 #bwg_container2_0 .tablenav-pages_0 {\t\t\t\ttext-align: center;\t\t\t\tfont-size: 12px;\t\t\t\tfont-family: segoe ui;\t\t\t\tfont-weight: bold;\t\t\t\tcolor: #666666;\t\t\t\tmargin: 6px 0 4px;\t\t\t\tdisplay: block;      }      @media only screen and (max-width : 320px) {      #bwg_container1_0 #bwg_container2_0 .displaying-num_0 {     \t display: none;      }      }      #bwg_container1_0 #bwg_container2_0 .displaying-num_0 {\t\t\t\tfont-size: 12px;\t\t\t\tfont-family: segoe ui;\t\t\t\tfont-weight: bold;\t\t\t\tcolor: #666666;\t\t\t\tmargin-right: 10px;\t\t\t\tvertical-align: middle;      }      #bwg_container1_0 #bwg_container2_0 .paging-input_0 {\t\t\t\tfont-size: 12px;\t\t\t\tfont-family: segoe ui;\t\t\t\tfont-weight: bold;\t\t\t\tcolor: #666666;\t\t\t\tvertical-align: middle;      }      #bwg_container1_0 #bwg_container2_0 .tablenav-pages_0 a.disabled,      #bwg_container1_0 #bwg_container2_0 .tablenav-pages_0 a.disabled:hover,      #bwg_container1_0 #bwg_container2_0 .tablenav-pages_0 a.disabled:focus,\t\t\t#bwg_container1_0 #bwg_container2_0 .tablenav-pages_0 input.bwg_current_page {\t\t\t\tcursor: default;\t\t\t\tcolor: rgba(102, 102, 102, 0.5);      }      #bwg_container1_0 #bwg_container2_0 .tablenav-pages_0 a,      #bwg_container1_0 #bwg_container2_0 .tablenav-pages_0 input.bwg_current_page {\t\t\t\tcursor: pointer;\t\t\t\ttext-align: center;\t\t\t\tfont-size: 12px;\t\t\t\tfont-family: segoe ui;\t\t\t\tfont-weight: bold;\t\t\t\tcolor: #666666;\t\t\t\ttext-decoration: none;\t\t\t\tpadding: 3px 6px;\t\t\t\tmargin: 0;\t\t\t\tborder-radius: 0;\t\t\t\tborder-style: solid;\t\t\t\tborder-width: 1px;\t\t\t\tborder-color: #E3E3E3;\t\t\t\t\t\t\t\tbackground-color: rgba(255, 255, 255, 1.00);\t\t\t\tbox-shadow: 0;\t\t\t\ttransition: all 0.3s ease 0s;-webkit-transition: all 0.3s ease 0s;      }      <\/style>      <span class=\"bwg_nav_cont_0\">              <div class=\"tablenav-pages_0\">                  <\/div>                <input type=\"hidden\" id=\"page_number_0\" name=\"page_number_0\" value=\"1\" \/>      <script type=\"text\/javascript\">        if( jQuery('.bwg_nav_cont_0').length > 1 ) {          jQuery('.bwg_nav_cont_0').first().remove()        }        function spider_page_0(cur, x, y, load_more) {          if (typeof load_more == \"undefined\") {            var load_more = false;          }          if (jQuery(cur).hasClass('disabled')) {            return false;          }          var items_county_0 = 1;          switch (y) {            case 1:              if (x >= items_county_0) {                document.getElementById('page_number_0').value = items_county_0;              }              else {                document.getElementById('page_number_0').value = x + 1;              }              break;            case 2:              document.getElementById('page_number_0').value = items_county_0;              break;            case -1:              if (x == 1) {                document.getElementById('page_number_0').value = 1;              }              else {                document.getElementById('page_number_0').value = x - 1;              }              break;            case -2:              document.getElementById('page_number_0').value = 1;              break;\t\t\t\t\t\tcase 0:              document.getElementById('page_number_0').value = x;              break;            default:              document.getElementById('page_number_0').value = 1;          }          bwg_ajax('gal_front_form_0', '0', 'bwg_thumbnails_mosaic_0', '0', '', 'gallery', 0, '', '', load_more, '', 1);        }                    jQuery('.first-page-0').on('click', function () {              spider_page_0(this, 1, -2, 'numeric');              return false;            });            jQuery('.prev-page-0').on('click', function () {              spider_page_0(this, 1, -1, 'numeric');              return false;            });            jQuery('.next-page-0').on('click', function () {              spider_page_0(this, 1, 1, 'numeric');              return false;            });            jQuery('.last-page-0').on('click', function () {              spider_page_0(this, 1, 2, 'numeric');              return false;            });        \t\t\t\t\/* Change page on input enter. *\/        function bwg_change_page_0( e, that ) {          if (  e.key == 'Enter' ) {            var to_page = parseInt(jQuery(that).val());            var pages_count = jQuery(that).parents(\".pagination-links\").data(\"pages-count\");            var current_url_param = jQuery(that).attr('data-url-info');            if (to_page > pages_count) {              to_page = 1;            }\t \t\t\t\t\t\t\t\t\t\t\t\tspider_page_0(this, to_page, 0, 'numeric');\t\t\t\t\t\t\treturn false;\t\t\t\t\t\t          }          return true;        }        jQuery('.bwg_load_btn_0').on('click', function () {            spider_page_0(this, 1, 1, true);            return false;        });      <\/script>      <\/span>                <\/div>        <\/form>        <style>          #bwg_container1_0 #bwg_container2_0 #spider_popup_overlay_0 {          background-color: #000000;          opacity: 0.70;          }          <\/style>        <div id=\"bwg_spider_popup_loading_0\" class=\"bwg_spider_popup_loading\"><\/div>        <div id=\"spider_popup_overlay_0\" class=\"spider_popup_overlay\" onclick=\"spider_destroypopup(1000)\"><\/div>        <input type=\"hidden\" id=\"bwg_random_seed_0\" value=\"1869538932\">                <\/div>    <\/div>    <script>      if (document.readyState === 'complete') {        if( typeof bwg_main_ready == 'function' ) {          if ( jQuery(\"#bwg_container1_0\").height() ) {            bwg_main_ready(jQuery(\"#bwg_container1_0\"));          }        }      } else {        document.addEventListener('DOMContentLoaded', function() {          if( typeof bwg_main_ready == 'function' ) {            if ( jQuery(\"#bwg_container1_0\").height() ) {             bwg_main_ready(jQuery(\"#bwg_container1_0\"));            }          }        });      }    <\/script>    <\/p>\n<p>&nbsp;<\/p>\n","protected":false},"excerpt":{"rendered":"<p>Nonsolomodanews ha il piacere di presentare ai propri lettori Claudia Blengino. Claudia &egrave; una modella e mamma di origini piemontesi. Ha tante passioni ma per questioni professionali e non solo, le piace ristrutturare edifici d&rsquo;epoca. Evitando di spoilerare l&rsquo;intervista, possiamo dire che la passione per la fotografia &egrave; molto alta ed &egrave; nata quasi per caso e questo si unisce ad un carattere estroverso che le ha permesso di mettersi in gioco. Ringraziamo Claudia per averci concesso questa lunghissima intervista e siamo sicuri che i nostri lettori apprezzeranno sia le risposte che le immagini della galleria unita.<\/p>\n","protected":false},"author":1,"featured_media":25686,"comment_status":"open","ping_status":"open","sticky":false,"template":"","format":"standard","meta":{"rop_custom_images_group":[],"rop_custom_messages_group":[],"rop_publish_now":"initial","rop_publish_now_accounts":[],"rop_publish_now_history":[],"rop_publish_now_status":"pending","footnotes":""},"categories":[16],"tags":[281,9522,746,1099],"class_list":["post-25677","post","type-post","status-publish","format-standard","has-post-thumbnail","hentry","category-articolo","tag-bruno-angelo-porcellana","tag-claudia-blengino","tag-intervista","tag-nonsolomodanews"],"_links":{"self":[{"href":"https:\/\/www.nonsolomodanews.it\/wordpress\/wp-json\/wp\/v2\/posts\/25677","targetHints":{"allow":["GET"]}}],"collection":[{"href":"https:\/\/www.nonsolomodanews.it\/wordpress\/wp-json\/wp\/v2\/posts"}],"about":[{"href":"https:\/\/www.nonsolomodanews.it\/wordpress\/wp-json\/wp\/v2\/types\/post"}],"author":[{"embeddable":true,"href":"https:\/\/www.nonsolomodanews.it\/wordpress\/wp-json\/wp\/v2\/users\/1"}],"replies":[{"embeddable":true,"href":"https:\/\/www.nonsolomodanews.it\/wordpress\/wp-json\/wp\/v2\/comments?post=25677"}],"version-history":[{"count":7,"href":"https:\/\/www.nonsolomodanews.it\/wordpress\/wp-json\/wp\/v2\/posts\/25677\/revisions"}],"predecessor-version":[{"id":25715,"href":"https:\/\/www.nonsolomodanews.it\/wordpress\/wp-json\/wp\/v2\/posts\/25677\/revisions\/25715"}],"wp:featuredmedia":[{"embeddable":true,"href":"https:\/\/www.nonsolomodanews.it\/wordpress\/wp-json\/wp\/v2\/media\/25686"}],"wp:attachment":[{"href":"https:\/\/www.nonsolomodanews.it\/wordpress\/wp-json\/wp\/v2\/media?parent=25677"}],"wp:term":[{"taxonomy":"category","embeddable":true,"href":"https:\/\/www.nonsolomodanews.it\/wordpress\/wp-json\/wp\/v2\/categories?post=25677"},{"taxonomy":"post_tag","embeddable":true,"href":"https:\/\/www.nonsolomodanews.it\/wordpress\/wp-json\/wp\/v2\/tags?post=25677"}],"curies":[{"name":"wp","href":"https:\/\/api.w.org\/{rel}","templated":true}]}}