{"id":25669,"date":"2023-11-12T17:05:14","date_gmt":"2023-11-12T17:05:14","guid":{"rendered":"https:\/\/www.nonsolomodanews.it\/wordpress\/?p=25669"},"modified":"2023-11-12T17:05:33","modified_gmt":"2023-11-12T17:05:33","slug":"francesca-bergesio-e-miss-italia-2023","status":"publish","type":"post","link":"https:\/\/www.nonsolomodanews.it\/wordpress\/francesca-bergesio-e-miss-italia-2023\/","title":{"rendered":"FRANCESCA BERGESIO \u00c8 MISS ITALIA 2023"},"content":{"rendered":"<div id=\"attachment_25672\" style=\"width: 250px\" class=\"wp-caption alignleft\"><img loading=\"lazy\" decoding=\"async\" aria-describedby=\"caption-attachment-25672\" class=\"wp-image-25672 size-medium\" src=\"https:\/\/www.nonsolomodanews.it\/wordpress\/wp-content\/uploads\/2023\/11\/Francesca-Bergesio-Miss-Italia-2023-240x300.jpg\" alt=\"\" width=\"240\" height=\"300\" srcset=\"https:\/\/www.nonsolomodanews.it\/wordpress\/wp-content\/uploads\/2023\/11\/Francesca-Bergesio-Miss-Italia-2023-240x300.jpg 240w, https:\/\/www.nonsolomodanews.it\/wordpress\/wp-content\/uploads\/2023\/11\/Francesca-Bergesio-Miss-Italia-2023-819x1024.jpg 819w, https:\/\/www.nonsolomodanews.it\/wordpress\/wp-content\/uploads\/2023\/11\/Francesca-Bergesio-Miss-Italia-2023-768x960.jpg 768w, https:\/\/www.nonsolomodanews.it\/wordpress\/wp-content\/uploads\/2023\/11\/Francesca-Bergesio-Miss-Italia-2023-1229x1536.jpg 1229w, https:\/\/www.nonsolomodanews.it\/wordpress\/wp-content\/uploads\/2023\/11\/Francesca-Bergesio-Miss-Italia-2023-1080x1350.jpg 1080w, https:\/\/www.nonsolomodanews.it\/wordpress\/wp-content\/uploads\/2023\/11\/Francesca-Bergesio-Miss-Italia-2023.jpg 1350w\" sizes=\"auto, (max-width: 240px) 100vw, 240px\" \/><p id=\"caption-attachment-25672\" class=\"wp-caption-text\"><\/span> <span style=\"color: #000000;\">@francesca.bergesio &#x1f495;&#x1f451;&#x1f1ee;&#x1f1f9; Photo: @albinashooter<\/span><\/p><\/div>\n<p><span style=\"color: #000000;\">FRANCESCA BERGESIO \u00c8 MISS ITALIA 2023<\/span><\/p>\n<p><span style=\"color: #000000;\">La quinta nella storia del Piemonte, prima di lei Edelfa Masciotta nel 2005 e Cristina Chiabotto nel 2004<\/span><\/p>\n<p><span style=\"color: #000000;\">Francesca Bergesio \u00e8 Miss Italia 2023. \u00c8 stata incoronata dalla titolare del Concorso, Patrizia Mirigliani, e dal presidente della giuria, Vittorio Sgarbi, nella Sala Europa del Palazzo dei Congressi di Salsomaggiore Terme, in streaming sul sito di Miss Italia. Seconda la ventenne mantovana Veronica Lasagna, terza la ventitreenne sarda Siria Pozzi. La fascia di Miss Italia Social \u00e8 stata, invece, assegnata a Elisa Novello, gi\u00e0 Miss Social Calabria.<\/span><\/p>\n<p><span style=\"color: #000000;\"><!--more--><\/span><\/p>\n<p><span style=\"color: #000000;\">La diciannovenne piemontese \u00e8 stata scelta dalla giuria dell&#8217;84^ edizione dopo essere arrivata alle finali del Concorso con il titolo di Miss Piemonte e aver conquistato la fascia nazionale di Miss Guida Sicura. Francesca \u00e8 nata a Bra ma risiede a Cervere, in provincia di Cuneo, \u00e8 alta 1,80, ha occhi e capelli castani ed \u00e8 diplomata al Liceo Classico Europeo. Da poco \u00e8 iscritta al primo anno della facolt\u00e0 di Medicina a Roma. Ha vissuto cinque anni in un convitto dove ha appreso la passione per la recitazione. Segue il calcio e ama la Juventus. Francesca si definisce una ragazza pacata e riservata e molto determinata. La riservatezza e la semplicit\u00e0 sono i segni che contraddistinguono la sua personalit\u00e0. Spera, in futuro, di riuscire a conciliare il lavoro con le sue passioni. &#8220;Vorrei diventare un medico e specializzarmi in cardiochirurgia &#8211; assicura la miss &#8211; ma spero anche di affiancare al mio lavoro il mondo della moda o del cinema, al quale non rinuncio&#8221;.<\/span><\/p>\n<p><span style=\"color: #000000;\">E ha aggiunto: &#8220;Dedico la vittoria alla mia mamma che mi \u00e8 stata sempre vicina, anche nei momenti pi\u00f9 difficili, e alla mia terra il Piemonte. Spero di poter rappresentare degnamente tutta Italia&#8221;. Sul palco ad abbracciarla la mamma Ilaria Abrate e la sorella Virgina, tra pochi mesi maggiorenne.<\/span><br \/>\n<span style=\"color: #000000;\">A presentare lo spettacolo Jo Squillo, l&#8217;artista diventata famosa a Sanremo nel 1991 con &#8220;Siamo donne&#8221; e impegnata attualmente nella difesa dei diritti delle donne. Particolarmente apprezzate dal pubblico le performance degli ospiti di questa edizione: il rapper Icy Subzero, la violinista Laura Marzadori, il soprano Chiara Guerra, il Piceno Pop Chorus e la danzatrice Petra Conti. Madrina dell&#8217;evento e testimonial d&#8217;eccellenza del territorio Gloria Bellicchi, prima e unica Miss Italia di Salsomaggiore nel 1998.<\/span><br \/>\n<span style=\"color: #000000;\">Con Francesca, il Piemonte conquista il titolo per la quinta volta. Ultime prima di lei Edelfa Chiara Masciotta nel 2005 e Cristina Chiabotto nel 2004. Le regioni che hanno collezionato il maggior numero di titoli in assoluto sono il Lazio con 13 miss, la Lombardia e la Sicilia con 11 ragazze. Seguono il Veneto con 6, il Friuli, la Toscana, la Calabria e il Piemonte con 5, le Marche e la Campania con 4, l\u2019Emilia-Romagna, la Liguria, la Sardegna, l\u2019Umbria e il Trentino Alto Adige con 2, la Puglia e l\u2019Abruzzo con una sola miss. Il titolo non \u00e8 mai stato vinto da Basilicata, Molise e Valle d&#8217;Aosta.<\/span><\/p>\n<p style=\"text-align: center;\"><span style=\"color: #000000;\">Testo e Fotografia a cura di Miss Italia &#8211; www.missitalia.it<\/span><br \/>\n<span style=\"color: #000000;\">Tutti i diritti riservati \u00a9 2023 \u2013 Email: nonsolomodanews@gmail.com<\/span><\/p>\n<p>&nbsp;<\/p>\n","protected":false},"excerpt":{"rendered":"<p>FRANCESCA BERGESIO &Egrave; MISS ITALIA 2023 La quinta nella storia del Piemonte, prima di lei Edelfa Masciotta nel 2005 e Cristina Chiabotto nel 2004 Francesca Bergesio &egrave; Miss Italia 2023. &Egrave; stata incoronata dalla titolare del Concorso, Patrizia Mirigliani, e dal presidente della giuria, Vittorio Sgarbi, nella Sala Europa del Palazzo dei Congressi di Salsomaggiore Terme, in streaming sul sito di Miss Italia. Seconda la ventenne mantovana Veronica Lasagna, terza la ventitreenne sarda Siria Pozzi. La fascia di Miss Italia Social &egrave; stata, invece, assegnata a Elisa Novello, gi&agrave; Miss Social Calabria.<\/p>\n","protected":false},"author":1,"featured_media":25673,"comment_status":"open","ping_status":"open","sticky":false,"template":"","format":"standard","meta":{"rop_custom_images_group":[],"rop_custom_messages_group":[],"rop_publish_now":"initial","rop_publish_now_accounts":[],"rop_publish_now_history":[],"rop_publish_now_status":"pending","footnotes":""},"categories":[16],"tags":[407,9521,752,1016,1157],"class_list":["post-25669","post","type-post","status-publish","format-standard","has-post-thumbnail","hentry","category-articolo","tag-cuneo","tag-francesca-bergesio","tag-italia","tag-miss-italia","tag-piemonte"],"_links":{"self":[{"href":"https:\/\/www.nonsolomodanews.it\/wordpress\/wp-json\/wp\/v2\/posts\/25669","targetHints":{"allow":["GET"]}}],"collection":[{"href":"https:\/\/www.nonsolomodanews.it\/wordpress\/wp-json\/wp\/v2\/posts"}],"about":[{"href":"https:\/\/www.nonsolomodanews.it\/wordpress\/wp-json\/wp\/v2\/types\/post"}],"author":[{"embeddable":true,"href":"https:\/\/www.nonsolomodanews.it\/wordpress\/wp-json\/wp\/v2\/users\/1"}],"replies":[{"embeddable":true,"href":"https:\/\/www.nonsolomodanews.it\/wordpress\/wp-json\/wp\/v2\/comments?post=25669"}],"version-history":[{"count":3,"href":"https:\/\/www.nonsolomodanews.it\/wordpress\/wp-json\/wp\/v2\/posts\/25669\/revisions"}],"predecessor-version":[{"id":25676,"href":"https:\/\/www.nonsolomodanews.it\/wordpress\/wp-json\/wp\/v2\/posts\/25669\/revisions\/25676"}],"wp:featuredmedia":[{"embeddable":true,"href":"https:\/\/www.nonsolomodanews.it\/wordpress\/wp-json\/wp\/v2\/media\/25673"}],"wp:attachment":[{"href":"https:\/\/www.nonsolomodanews.it\/wordpress\/wp-json\/wp\/v2\/media?parent=25669"}],"wp:term":[{"taxonomy":"category","embeddable":true,"href":"https:\/\/www.nonsolomodanews.it\/wordpress\/wp-json\/wp\/v2\/categories?post=25669"},{"taxonomy":"post_tag","embeddable":true,"href":"https:\/\/www.nonsolomodanews.it\/wordpress\/wp-json\/wp\/v2\/tags?post=25669"}],"curies":[{"name":"wp","href":"https:\/\/api.w.org\/{rel}","templated":true}]}}