{"id":25013,"date":"2023-08-01T19:06:21","date_gmt":"2023-08-01T19:06:21","guid":{"rendered":"https:\/\/www.nonsolomodanews.it\/wordpress\/?p=25013"},"modified":"2023-08-01T23:26:30","modified_gmt":"2023-08-01T23:26:30","slug":"intervista-con-clara-moroni-modella-over-con-la-passione-per-la-passerella-e-la-fotografia","status":"publish","type":"post","link":"https:\/\/www.nonsolomodanews.it\/wordpress\/intervista-con-clara-moroni-modella-over-con-la-passione-per-la-passerella-e-la-fotografia\/","title":{"rendered":"Intervista con Clara Moroni, modella over con la passione per la passerella e la fotografia"},"content":{"rendered":"<div id=\"attachment_25023\" style=\"width: 210px\" class=\"wp-caption alignleft\"><img loading=\"lazy\" decoding=\"async\" aria-describedby=\"caption-attachment-25023\" class=\"size-medium wp-image-25023\" src=\"https:\/\/www.nonsolomodanews.it\/wordpress\/wp-content\/uploads\/2023\/08\/DSC_7234-200x300.jpg\" alt=\"\" width=\"200\" height=\"300\" srcset=\"https:\/\/www.nonsolomodanews.it\/wordpress\/wp-content\/uploads\/2023\/08\/DSC_7234-200x300.jpg 200w, https:\/\/www.nonsolomodanews.it\/wordpress\/wp-content\/uploads\/2023\/08\/DSC_7234-681x1024.jpg 681w, https:\/\/www.nonsolomodanews.it\/wordpress\/wp-content\/uploads\/2023\/08\/DSC_7234-768x1154.jpg 768w, https:\/\/www.nonsolomodanews.it\/wordpress\/wp-content\/uploads\/2023\/08\/DSC_7234-1022x1536.jpg 1022w, https:\/\/www.nonsolomodanews.it\/wordpress\/wp-content\/uploads\/2023\/08\/DSC_7234-1363x2048.jpg 1363w, https:\/\/www.nonsolomodanews.it\/wordpress\/wp-content\/uploads\/2023\/08\/DSC_7234-1080x1623.jpg 1080w, https:\/\/www.nonsolomodanews.it\/wordpress\/wp-content\/uploads\/2023\/08\/DSC_7234-scaled.jpg 1703w\" sizes=\"auto, (max-width: 200px) 100vw, 200px\" \/><p id=\"caption-attachment-25023\" class=\"wp-caption-text\">Crediti Ph. Francesco Francia<\/p><\/div>\n<p><strong>Nonsolomodanews<\/strong> ha il piacere di presentare <strong>Clara Moroni<\/strong>, modella over. Clara \u00e8 una donna che fino ad ora ha fatto molte cose nella sua vita, dagli studi universitari di farmacia in quel di Pisa (lei \u00e8 livornese), all&#8217;imprenditrice edile per poi diventare proprietaria di un BB a Roma ma non vogliamo spoilerare nulla, considerato che nell&#8217;intervista Clara ci racconta molto bene le sue esperienze e come \u00e8 tornata al vecchio amore delle passerelle e della fotografia (e non solo). Ringraziamo Clara per averci concesso questa lunghissima intervista e auguriamo ai nostri lettori buona lettura.<\/p>\n<p style=\"text-align: center;\"><!--more--><\/p>\n<p><strong> Benvenuta su Nonsolomodanews, ti vuoi presentare? <\/strong><em>\u201cCiao, sono Clara, di origini toscane, precisamente \u201clabroniche\u201d, ma di adozione romana ormai da pi\u00f9 di 20 anni, sposata con una figlia. Sono una donna consapevole che ama una vita stimolante dove poter cogliere nuove opportunit\u00e0&#8230;basta volerlo!!\u201d. <\/em><em>Nella mia vita ho fatto diversi lavori, sempre pronta a nuove sfide con coraggio e perseveranza. <\/em><em>Il mio percorso interiore mi vede pi\u00f9 forte e determinata per affrontare ci\u00f2 che la vita mi offre.<\/em><\/p>\n<p><strong>Tu sei una Farmacista e nella tua vita ha fatto molte cose, tra quali l\u2019imprenditrice edile e la titolare di un B\/B, oltre ovviamente la farmacista. Quali tra queste attivit\u00e0 ricordi con pi\u00f9 piacere e perch\u00e9? <\/strong><em>\u201cSi, ho fatto diversi lavori&#8230;formarmi come farmacista mi \u00e8 molto piaciuto anche se quando mi sono inserita nel contesto lavorativo mi sono quasi subito resa conto che non avrei continuato a lungo&#8230;ho resistito per 10 anni, comunque, quando certe circostanze mi hanno portata a cogliere l&#8217;opportunit\u00e0 di cambiare. <\/em><em>Dopodich\u00e9 mi sono lanciata come imprenditrice nel settore edile, ereditando un background dal mio babbo ed anche questa \u00e8 stata una bella esperienza lavorativa che mi ha permesso di crescere al livello di gestione di una piccola azienda portandomi discrete soddisfazioni! <\/em><em>Ma credo che l&#8217;esperienza di creare e gestire una struttura di accoglienza turistica sia stata l&#8217;esperienza pi\u00f9 bella e gratificante seppur molto impegnativa in quanto mi ha permesso di conoscere molte persone, parlare di nuovo le lingue &#8230;si il lavoro che mi \u00e8 piaciuto fare di pi\u00f9- <\/em><em>Sono una persona piuttosto relazionale e amo ogni lavoro dove questo aspetto \u00e8 fortemente presente!\u201d. <\/em><em>Adesso l&#8217;esperienza come modella e attrice mi sta portando ancora belle e nuove soddisfazioni, ma soprattutto\u00a0molto benessere nella riscoperta di me stessa come donna. Sto investendo su me stessa e credo sia una delle cose pi\u00f9 belle e al contempo coraggiose che si possa attuare!<\/em><\/p>\n<p><strong>Dopo molto tempo hai deciso di cambiare nuovamente vita, intesa quella lavorativa. Che cosa ti ha fatto propendere per questa scelta?<\/strong><em> \u201cIn seguito a varie circostanze che mi hanno portato a terminare anche questa fase lavorativa, \u00e8 nata dentro di me la voglia di rimettermi in gioco come modella. Questa propensione viene in realt\u00e0 da un passato da modella che \u00e8 riemerso fortemente in seguito ad un percorso di rinascita interiore e che mi ha portato a riscoprire la mia femminilit\u00e0\u201d.<\/em><\/p>\n<p><strong>Tu sei sposata e sei anche una mamma di una teenager. Come gestisci i tuoi tempi e quelli della famiglia?<\/strong><em> \u201cNon \u00e8 sempre facile conciliare i tempi lavorativi con quelli famigliari, infatti, non sempre ci si riesce, basta pensare che non tutto deve essere sempre perfetto e farsi anche aiutare da chi ti sta accanto\u201d.<\/em><\/p>\n<p><strong>Tu sei romana di adozione ma livornese di nascita. Che cosa apprezzi di pi\u00f9 di Roma e dei Romani?<\/strong><em> \u201cRoma \u00e8 una citt\u00e0 bellissima e coinvolgente, ma al contempo invivibile e caotica. Credo che sia la citt\u00e0 dove trovi pi\u00f9 bellezza in assoluto e dove si respira un&#8217;aria magica ad ogni angolo ed i romani sono comunque accoglienti, simpatici&#8230;un po&#8217; caciaroni ma va bene cos\u00ec!\u201d.<\/em><\/p>\n<p><strong>Clara, dopo molto tempo ha deciso di ritornare a posare fotograficamente e non solo, sappiamo che partecipi ai casting per film. Che cosa ti ha spinto a ritornare a questo mondo? \u201c<\/strong><em>Diciamo che le strade che percorro sono diverse perch\u00e8 voler fare la modella \u00e8 comunque prestare la propria immagine non solo ai fotografi, ma anche mettersi in gioco proponendosi a casting per spot e cinema\u201d.<\/em><\/p>\n<p><strong>Quali sono i generi fotografici che preferisci e perch\u00e9 e che cosa cercano i fotografi dalla tua persona? <\/strong><em>\u201cIn genere la fotografia mi piace tutta dal ritratto al nudo artistico. Mi sono provata in tutti i generi, ma il genere in cui piace esprimermi maggiormente \u00e8 il boudoir perch\u00e8 mi permette di esprimere la mia intimit\u00e0 di donna femminile e sensuale. Credo che ci sia bisogno di far arrivare l&#8217;aspetto femminile di una donna poich\u00e9 molte donne se ne dimenticano prese da problemi famigliari e lavorativi\u201d.<\/em><\/p>\n<p><strong>Come ti rapporti per la prima volta con un fotografo? Chiedi un porfolio dove vedere i suoi lavori, gli chiedi quale progetto ha sulla tua persona o altro? <\/strong><em>\u201cDi solito quando un fotografo mi chiede di posare per lui a mia volta chiedo un suo portfolio perch\u00e8 credo sia importante capire il suo stile e soprattutto capire se mi piace. Talvolta si propongono gi\u00e0 con dei progetti che valuto oppure valutiamo insieme cosa poter creare\u201d.<\/em><\/p>\n<p><strong>Tu hai una figlia femmina. Se uno giorno ti dicesse: &lt;&lt;mamma, vorrei fare delle fotografie&gt;&gt;. Tu che cosa gli risponderesti? <\/strong><em>\u201cDa mamma non glielo negherei assolutamente, ma le darei dei consigli e delle avvertenze. La seguirei comunque\u201d.<\/em><\/p>\n<p><strong>Pensi che sfilare in intimo\/costume possa ledere la dignit\u00e0 della donna? <\/strong><em>\u201cSfilare in intimo\/costume non lede assolutamente alla dignit\u00e0 della donna anzi permette di esprimere tutta la bellezza di un corpo femminile\u201d.<\/em><\/p>\n<p><strong>Che cosa apprezzi della tua fisicit\u00e0?<\/strong> <em>\u201cApprezzo da sempre il mio corpo e il fatto di avere delle proporzioni armoniche e sicuramente le mie gambe sono il pezzo forte&#8230;ahaha\u201d.<\/em><\/p>\n<p><strong>Come sei di carattere?<\/strong><em> -\u201cAh sicuramente sono una persona molto solare e relazionale, anche se ultimamente apprezzo anche stare in intimit\u00e0 con me stessa. Mi piace essere al centro dell&#8217;attenzione&#8230;come tutte le modelle sono piuttosto esibizionista e amo essere corteggiata. A volte potrei manifestare una tendenza ad essere permalosa, ma non spiccata e sono abbastanza testarda!\u201d.<\/em><\/p>\n<p><b>Sicuramente sei una persona determinata. Che cosa ti piacerebbe che la gente dicesse di te? <\/b><em>\u201cMi piacerebbe che le persone riconoscessero il mio valore di donna determinata e ambiziosa che s&#8217;impegna per riuscire nei suoi obiettivi e progetti&#8230;credo che dobbiamo sempre provarci, altrimenti non potremo mai sapere cosa siamo in grado di poter realizzare&#8230;&#8221;.<\/em><\/p>\n<p><strong>Tu hai maturato moltissima esperienza in questo campo. Pensi che lo spazio che viene dedicato alle donne che hanno qualche centimetro in pi\u00f9 per poter indossare capi da stilista sia corretto o pensi che dopo una certa et\u00e0 e una certa taglia si rischia di essere messe da parte?<\/strong><em> &#8220;Credo che la moda non sia inclusiva, anche se dice di esserlo. Purtroppo, siamo ancora molto lontani, in Italia, da questo punto di vista anche se qualcosa si sta aprendo, ma molto timidamente. Gli stilisti ancora vogliono la modella giovane, magra, proporzionata ed \u00e8 in parte giusto, ma dovrebbero ampliare la finestra delle modelle curvy e over&#8230;non so se ci sar\u00e0 mai questo coraggio\u201d.<\/em><\/p>\n<p><strong>Quali sono i tuoi hobby<em>?<\/em><\/strong><em> Pi\u00f9 che hobby ho delle cose che mi piace fare come ballare in primis, poi camminare nella natura, ascoltare musica possibilmente ritmata, in passato ho anche espresso la mia creativit\u00e0 nel fare decoupage e creare gioielli\u201d.<\/em><\/p>\n<p><strong>Colore preferito? <\/strong><em>\u201cRosso.\u201d<\/em><\/p>\n<p><strong>Qual \u00e8 il tuo rapporto con il cibo? <\/strong><em>\u201cNon ho mai avuto problemi con il cibo fortunatamente, anzi con l&#8217;avanzare dell&#8217;et\u00e0 tenderei a mangiare di pi\u00f9, ma se voglio fare la modella mi devo contenere\u201d.<\/em><\/p>\n<p><strong>Tu sei di origini toscane, qual \u00e8 il tuo piatto preferito?<\/strong><em> \u201cAdoro i crostini toscani con la crema di fegatini\u201d.<\/em><\/p>\n<p><strong>Quale musica ascolti? \u201c<\/strong><em>Ascolto musica pop degli anni 80-90 soprattutto, ma mi piace anche la musica attuale&#8230;perfino alcuni rapper che mia figlia mi fa ascoltare! \u201d.<\/em><\/p>\n<p><strong>Quando hai iniziato a posare, ti ricordi la prima volta?<\/strong><em> -\u201cHo iniziato a gennaio del 2022, non da molto, ma ricordo perfettamente che gi\u00e0 mi piaceva e mi sentivo a mio agio di fronte alla macchina fotografica. Sono state due donne le prime fotografe a scattarmi\u201d.<\/em><\/p>\n<p><strong>Che cosa \u00e8 per te il fashion?<\/strong><em> \u201cIl fashion \u00e8 un genere del ritratto che mira a fotografare la donna in vari outfit.. dal casual all&#8217;elegante in contesti sia urbani che in sala posa\u201d.<\/em><\/p>\n<p><strong>Hai uno stilista preferito?<\/strong><em> \u201cNon ho uno stilista in particolare, sicuramente amo l&#8217;eleganza nella moda\u201d.<\/em><\/p>\n<p><strong>Qual \u00e8 il capo di vestiario che ami di pi\u00f9 e quello di meno? <\/strong><em>\u201cAmo il pantalone largo a vita alta, magari con una blusa di raso colorata, non amo molto le gonne in genere, infatti non le porto, semmai vestitini in estate&#8230;\u201d.<\/em><\/p>\n<p><strong>Scarpe basse o tacchi? <\/strong><em>\u201cSicuramente tacchi.\u201d<\/em><\/p>\n<p><strong>Un accessorio che non manca mai quando esci da casa?<\/strong><em> \u201cGli orecchini, possibilmente pendenti\u201d.<\/em><\/p>\n<p><strong>Ti piace viaggiare o sei una sedentaria?<\/strong><em> \u201cSono abbastanza pigra nell&#8217;organizzare un viaggio, ci ha sempre pensato mio marito&#8230;ma poi quando sono in ballo, mi piace scoprire nuovi posti\u201d.<\/em><\/p>\n<p><strong>Quale sarebbe la tua citt\u00e0 ideale per vivere?<\/strong> <em>\u201cNon ho una citt\u00e0 ideale&#8230;per me \u00e8 dove ho i miei contatti, le mie radici quindi stare tra Roma e Livorno mi sta bene perch\u00e8 sono due citt\u00e0 che si bilanciano. Roma ti d\u00e0 la vitalit\u00e0, Livorno ti regala tranquillit\u00e0 e soprattutto il mare!!\u201d.<\/em><\/p>\n<p><strong>Ultima domanda, sogno nel cassetto che desideri realizzare?<\/strong> <em>\u201cIl mio sogno? Sfilare a Piazza di Spagna o alla fashion week di Milano&#8230;la passerella in realt\u00e0 \u00e8 ci\u00f2 che adoro fare!\u201d.<\/em><\/p>\n<p><strong>Chi desiderasse collaborare con te, quali sono i tuoi contatti social? <\/strong><em>\u201cSono sempre stata social&#8230;ecco i miei contatti:<\/em><\/p>\n<p><em>Instagram <\/em><em><a href=\"https:\/\/www.instagram.com\/clara_moroni_official\">https:\/\/www.instagram.com\/clara_moroni_official<\/a><\/em><br \/>\n<em><a href=\"https:\/\/www.instagram.com\/clara_moroni_\/\">https:\/\/www.instagram.com\/clara_moroni_\/<\/a><\/em><br \/>\n<em>Facebook<\/em><br \/>\n<a href=\"http:\/\/www.facebook.com\/clara.moroni.50\/\"><em>https:\/\/www.facebook.com\/clara.moroni.50\/<\/em><\/a><\/p>\n<p><a href=\"https:\/\/www.instagram.com\/brunoangeloporcellana\/\"><strong>Bruno Angelo Porcellana<\/strong><\/a><\/p>\n<p style=\"text-align: center;\">Le fotografie sono state fornite da Clara Moroni \u2013I credits delle fotografie appartengono ai relativi fotografi<br \/>\nTutti i diritti riservati \u00a9 2023 \u2013 Email: info@nonsolomodanews.it<\/p>\n<style id=\"bwg-style-0\">      #bwg_container1_0 #bwg_container2_0 #bwg_mosaic_thumbnails_div_0 {        width: 100%;        position: relative;        background-color: rgba(255, 255, 255, 0.00);        text-align: center;        justify-content: center;                  margin-left: auto;          margin-right: auto;                    padding-left: 4px;          padding-top: 4px;                }          #bwg_container1_0 #bwg_container2_0 .bwg_mosaic_thumb_spun_0 {        display: block;        position: absolute;\t\t\t\tborder-radius: 0;\t\t\t\tborder: 0px none #CCCCCC;    \t\t    \t\tbackground-color:rgba(0,0,0, 0.30);        -moz-box-sizing: content-box !important;        -webkit-box-sizing: content-box !important;        box-sizing: content-box !important;      }\t\t\t#bwg_container1_0 #bwg_container2_0 .bwg_mosaic_thumb_0 {\t\t\t\tdisplay: block;\t\t\t\t-moz-box-sizing: content-box !important;\t\t\t\t-webkit-box-sizing: content-box !important;\t\t\t\tbox-sizing: content-box !important;\t\t\t\tmargin: 0;\t\t\t\topacity: 1.00;\t\t\t}      #bwg_container1_0 #bwg_container2_0 .bwg_mosaic_thumb_spun_0:hover {        opacity: 1;        backface-visibility: hidden;        -webkit-backface-visibility: hidden;        -moz-backface-visibility: hidden;        -ms-backface-visibility: hidden;        z-index: 102;      }\t      @media only screen and (min-width: 480px) {        #bwg_container1_0 #bwg_container2_0 .bwg_mosaic_thumb_spun_0:hover {          transform: scale(1.1);          -ms-transform: scale(1.1);          -webkit-transform: scale(1.1);        }      }\t      #bwg_container1_0 #bwg_container2_0 .bwg_mosaic_thumbnails_0 {        background-color: rgba(255, 255, 255, 0.00);        font-size: 0;        position: relative;        text-align: center;        display: inline-block;        visibility: hidden;              }\t  \/*image title styles*\/      #bwg_container1_0 #bwg_container2_0 .bwg_mosaic_title_spun1_0,      #bwg_container1_0 #bwg_container2_0 .bwg-mosaic-thumbnails .bwg_ecommerce_spun1_0 {        position: absolute;        display: block;        opacity: 0;        box-sizing: border-box;        text-align: center;\t\t\t\ttop: 50%;\t\t\t\tleft: 50%;\t\t\t\ttransform: translate(-50%, -50%);      }      #bwg_container1_0 #bwg_container2_0 .bwg-mosaic-thumbnails .bwg_mosaic_title_spun2_0,      #bwg_container1_0 #bwg_container2_0 .bwg-mosaic-thumbnails .bwg_ecommerce_spun2_0 {\t\t    color: #CCCCCC;        font-family: segoe ui;        font-size: 16px;        font-weight: bold;        text-shadow: 0px 0px 0px #888888;        vertical-align: middle;        word-wrap: break-word;      }            .bwg_mosaic_play_icon_spun_0 {        display: table;        position: absolute;        left: -10000px;        top: 0px;        opacity: 0;      }      .bwg_mosaic_play_icon_0 {        color: #CCCCCC;        font-size: 32px;        vertical-align: middle;        display: table-cell !important;        z-index: 1;        text-align: center;        margin: 0 auto;      }      #bwg_container1_0 #bwg_container2_0 .bwg_gal_title_0 {        background-color: rgba(0, 0, 0, 0);        color: #323A45;        display: block;        font-family: Ubuntu;        font-size: 16px;        font-weight: bold;        padding: 2px;        text-shadow: ;        text-align: center;      }            @media screen and (max-width: 350px) {      div[class^=\"bwg_mosaic_thumbnails_\"],      span[class^=\"bwg_mosaic_thumb_spun_\"] {      width: 100% !important;      }      img[class^=\"bwg_mosaic_thumb_\"] {      width: 100% !important;      height: auto !important;      margin: 0px auto !important;      }      }      <\/style>    <div id=\"bwg_container1_0\"         class=\"bwg_container bwg_thumbnail bwg_thumbnails_mosaic \"         data-right-click-protection=\"0\"         data-bwg=\"0\"         data-scroll=\"0\"         data-gallery-type=\"thumbnails_mosaic\"         data-gallery-view-type=\"thumbnails_mosaic\"         data-current-url=\"\/wordpress\/wp-json\/wp\/v2\/posts\/25013\"         data-lightbox-url=\"https:\/\/www.nonsolomodanews.it\/wordpress\/wp-admin\/admin-ajax.php?action=GalleryBox&#038;current_view=0&#038;gallery_id=697&#038;tag=0&#038;theme_id=1&#038;shortcode_id=1415&#038;sort_by=filename&#038;order_by=asc&#038;current_url=%2Fwordpress%2Fwp-json%2Fwp%2Fv2%2Fposts%2F25013\"         data-gallery-id=\"697\"         data-popup-width=\"800\"         data-popup-height=\"500\"         data-is-album=\"gallery\"         data-buttons-position=\"bottom\">      <div id=\"bwg_container2_0\">             <div id=\"ajax_loading_0\" class=\"bwg_loading_div_1\">      <div class=\"bwg_loading_div_2\">        <div class=\"bwg_loading_div_3\">          <div id=\"loading_div_0\" class=\"bwg_spider_ajax_loading\">          <\/div>        <\/div>      <\/div>    <\/div>            <form id=\"gal_front_form_0\"              class=\"bwg-hidden\"              method=\"post\"              action=\"#\"              data-current=\"0\"              data-shortcode-id=\"1415\"              data-gallery-type=\"thumbnails_mosaic\"              data-gallery-id=\"697\"              data-tag=\"0\"              data-album-id=\"0\"              data-theme-id=\"1\"              data-ajax-url=\"https:\/\/www.nonsolomodanews.it\/wordpress\/wp-admin\/admin-ajax.php?action=bwg_frontend_data\">          <div id=\"bwg_container3_0\" class=\"bwg-background bwg-background-0\">                <div id=\"bwg_mosaic_thumbnails_div_0\"         class=\"bwg-container-0 bwg-container bwg-mosaic-thumbnails\"         data-bwg=\"0\"         data-mosaic-direction=\"vertical\"         data-resizable=\"0\"         data-width=\"250\"         data-height=\"250\"         data-total-width=\"100\"         data-block-id=\"bwg_thumbnails_mosaic_0\"         data-thumb-padding=\"4\"         data-thumb-border=\"0\"         data-title-margin=\"2px\"         data-image-title=\"none\"         data-play-icon=\"1\"         data-ecommerce-icon=\"none\"         data-gallery-id=\"697\"         data-lightbox-url=\"https:\/\/www.nonsolomodanews.it\/wordpress\/wp-admin\/admin-ajax.php?action=GalleryBox&#038;current_view=0&#038;gallery_id=697&#038;tag=0&#038;theme_id=1&#038;shortcode_id=1415&#038;sort_by=filename&#038;order_by=asc&#038;current_url=%2Fwordpress%2Fwp-json%2Fwp%2Fv2%2Fposts%2F25013\"         data-mosaic-thumb-transition=\"1\"         style=\"visibility: hidden\" >      <div id=\"bwg_thumbnails_mosaic_0\" class=\"bwg_mosaic_thumbnails_0\">                  <a  class=\"bwg-a bwg_lightbox bwg_lightbox_0\" href=\"https:\/\/www.nonsolomodanews.it\/wordpress\/wp-content\/uploads\/photo-gallery\/Clara_Moroni\/BAR3308-mod.jpg?bwg=1690916716\" data-image-id=\"37367\" data-elementor-open-lightbox=\"no\">          <div class=\"bwg_mosaic_thumb_spun_0 bwg-item0 bwg-mosaic-thumb-span \">            <img decoding=\"async\" class=\"bwg_mosaic_thumb_0 skip-lazy bwg_img_clear bwg_img_custom \"                 id=\"37367\"                 src=\"https:\/\/www.nonsolomodanews.it\/wordpress\/wp-content\/uploads\/photo-gallery\/Clara_Moroni\/thumb\/BAR3308-mod.jpg?bwg=1690916716\"                 data-src=\"https:\/\/www.nonsolomodanews.it\/wordpress\/wp-content\/uploads\/photo-gallery\/Clara_Moroni\/thumb\/BAR3308-mod.jpg?bwg=1690916716\"                 data-width=\"208.00\"                 data-height=\"300.00\"                 alt=\"BAR3308-mod\"                 title=\"BAR3308-mod\" \/>                      <\/div>        <\/a>                <a  class=\"bwg-a bwg_lightbox bwg_lightbox_0\" href=\"https:\/\/www.nonsolomodanews.it\/wordpress\/wp-content\/uploads\/photo-gallery\/Clara_Moroni\/Clara-Moroni.jpg?bwg=1690916716\" data-image-id=\"37372\" data-elementor-open-lightbox=\"no\">          <div class=\"bwg_mosaic_thumb_spun_0 bwg-item0 bwg-mosaic-thumb-span \">            <img decoding=\"async\" class=\"bwg_mosaic_thumb_0 skip-lazy bwg_img_clear bwg_img_custom \"                 id=\"37372\"                 src=\"https:\/\/www.nonsolomodanews.it\/wordpress\/wp-content\/uploads\/photo-gallery\/Clara_Moroni\/thumb\/Clara-Moroni.jpg?bwg=1690916716\"                 data-src=\"https:\/\/www.nonsolomodanews.it\/wordpress\/wp-content\/uploads\/photo-gallery\/Clara_Moroni\/thumb\/Clara-Moroni.jpg?bwg=1690916716\"                 data-width=\"300.00\"                 data-height=\"200.00\"                 alt=\"Clara-Moroni\"                 title=\"Clara-Moroni\" \/>                      <\/div>        <\/a>                <a  class=\"bwg-a bwg_lightbox bwg_lightbox_0\" href=\"https:\/\/www.nonsolomodanews.it\/wordpress\/wp-content\/uploads\/photo-gallery\/Clara_Moroni\/Clara-Moroni-4.jpg?bwg=1690916716\" data-image-id=\"37370\" data-elementor-open-lightbox=\"no\">          <div class=\"bwg_mosaic_thumb_spun_0 bwg-item0 bwg-mosaic-thumb-span \">            <img decoding=\"async\" class=\"bwg_mosaic_thumb_0 skip-lazy bwg_img_clear bwg_img_custom \"                 id=\"37370\"                 src=\"https:\/\/www.nonsolomodanews.it\/wordpress\/wp-content\/uploads\/photo-gallery\/Clara_Moroni\/thumb\/Clara-Moroni-4.jpg?bwg=1690916716\"                 data-src=\"https:\/\/www.nonsolomodanews.it\/wordpress\/wp-content\/uploads\/photo-gallery\/Clara_Moroni\/thumb\/Clara-Moroni-4.jpg?bwg=1690916716\"                 data-width=\"200.00\"                 data-height=\"300.00\"                 alt=\"Clara Moroni\"                 title=\"Clara Moroni\" \/>                      <\/div>        <\/a>                <a  class=\"bwg-a bwg_lightbox bwg_lightbox_0\" href=\"https:\/\/www.nonsolomodanews.it\/wordpress\/wp-content\/uploads\/photo-gallery\/Clara_Moroni\/Clara-Moroni-6.jpg?bwg=1690916716\" data-image-id=\"37371\" data-elementor-open-lightbox=\"no\">          <div class=\"bwg_mosaic_thumb_spun_0 bwg-item0 bwg-mosaic-thumb-span \">            <img decoding=\"async\" class=\"bwg_mosaic_thumb_0 skip-lazy bwg_img_clear bwg_img_custom \"                 id=\"37371\"                 src=\"https:\/\/www.nonsolomodanews.it\/wordpress\/wp-content\/uploads\/photo-gallery\/Clara_Moroni\/thumb\/Clara-Moroni-6.jpg?bwg=1690916716\"                 data-src=\"https:\/\/www.nonsolomodanews.it\/wordpress\/wp-content\/uploads\/photo-gallery\/Clara_Moroni\/thumb\/Clara-Moroni-6.jpg?bwg=1690916716\"                 data-width=\"200.00\"                 data-height=\"300.00\"                 alt=\"Clara-Moroni-6\"                 title=\"Clara-Moroni-6\" \/>                      <\/div>        <\/a>                <a  class=\"bwg-a bwg_lightbox bwg_lightbox_0\" href=\"https:\/\/www.nonsolomodanews.it\/wordpress\/wp-content\/uploads\/photo-gallery\/Clara_Moroni\/Clara-Moroni_1.jpg?bwg=1690916716\" data-image-id=\"37368\" data-elementor-open-lightbox=\"no\">          <div class=\"bwg_mosaic_thumb_spun_0 bwg-item0 bwg-mosaic-thumb-span \">            <img decoding=\"async\" class=\"bwg_mosaic_thumb_0 skip-lazy bwg_img_clear bwg_img_custom \"                 id=\"37368\"                 src=\"https:\/\/www.nonsolomodanews.it\/wordpress\/wp-content\/uploads\/photo-gallery\/Clara_Moroni\/thumb\/Clara-Moroni_1.jpg?bwg=1690916716\"                 data-src=\"https:\/\/www.nonsolomodanews.it\/wordpress\/wp-content\/uploads\/photo-gallery\/Clara_Moroni\/thumb\/Clara-Moroni_1.jpg?bwg=1690916716\"                 data-width=\"200.00\"                 data-height=\"300.00\"                 alt=\"Clara-Moroni 1\"                 title=\"Clara-Moroni 1\" \/>                      <\/div>        <\/a>                <a  class=\"bwg-a bwg_lightbox bwg_lightbox_0\" href=\"https:\/\/www.nonsolomodanews.it\/wordpress\/wp-content\/uploads\/photo-gallery\/Clara_Moroni\/DSC_7234.jpg?bwg=1690916716\" data-image-id=\"37366\" data-elementor-open-lightbox=\"no\">          <div class=\"bwg_mosaic_thumb_spun_0 bwg-item0 bwg-mosaic-thumb-span \">            <img decoding=\"async\" class=\"bwg_mosaic_thumb_0 skip-lazy bwg_img_clear bwg_img_custom \"                 id=\"37366\"                 src=\"https:\/\/www.nonsolomodanews.it\/wordpress\/wp-content\/uploads\/photo-gallery\/Clara_Moroni\/thumb\/DSC_7234.jpg?bwg=1690916716\"                 data-src=\"https:\/\/www.nonsolomodanews.it\/wordpress\/wp-content\/uploads\/photo-gallery\/Clara_Moroni\/thumb\/DSC_7234.jpg?bwg=1690916716\"                 data-width=\"200.00\"                 data-height=\"300.00\"                 alt=\"DSC 7234\"                 title=\"DSC 7234\" \/>                      <\/div>        <\/a>                <a  class=\"bwg-a bwg_lightbox bwg_lightbox_0\" href=\"https:\/\/www.nonsolomodanews.it\/wordpress\/wp-content\/uploads\/photo-gallery\/Clara_Moroni\/DSC_7395.jpg?bwg=1690916716\" data-image-id=\"37365\" data-elementor-open-lightbox=\"no\">          <div class=\"bwg_mosaic_thumb_spun_0 bwg-item0 bwg-mosaic-thumb-span \">            <img decoding=\"async\" class=\"bwg_mosaic_thumb_0 skip-lazy bwg_img_clear bwg_img_custom \"                 id=\"37365\"                 src=\"https:\/\/www.nonsolomodanews.it\/wordpress\/wp-content\/uploads\/photo-gallery\/Clara_Moroni\/thumb\/DSC_7395.jpg?bwg=1690916716\"                 data-src=\"https:\/\/www.nonsolomodanews.it\/wordpress\/wp-content\/uploads\/photo-gallery\/Clara_Moroni\/thumb\/DSC_7395.jpg?bwg=1690916716\"                 data-width=\"200.00\"                 data-height=\"300.00\"                 alt=\"DSC 7395\"                 title=\"DSC 7395\" \/>                      <\/div>        <\/a>                <a  class=\"bwg-a bwg_lightbox bwg_lightbox_0\" href=\"https:\/\/www.nonsolomodanews.it\/wordpress\/wp-content\/uploads\/photo-gallery\/Clara_Moroni\/DSC_7604.jpg?bwg=1690916716\" data-image-id=\"37364\" data-elementor-open-lightbox=\"no\">          <div class=\"bwg_mosaic_thumb_spun_0 bwg-item0 bwg-mosaic-thumb-span \">            <img decoding=\"async\" class=\"bwg_mosaic_thumb_0 skip-lazy bwg_img_clear bwg_img_custom \"                 id=\"37364\"                 src=\"https:\/\/www.nonsolomodanews.it\/wordpress\/wp-content\/uploads\/photo-gallery\/Clara_Moroni\/thumb\/DSC_7604.jpg?bwg=1690916716\"                 data-src=\"https:\/\/www.nonsolomodanews.it\/wordpress\/wp-content\/uploads\/photo-gallery\/Clara_Moroni\/thumb\/DSC_7604.jpg?bwg=1690916716\"                 data-width=\"200.00\"                 data-height=\"300.00\"                 alt=\"DSC 7604\"                 title=\"DSC 7604\" \/>                      <\/div>        <\/a>                <a  class=\"bwg-a bwg_lightbox bwg_lightbox_0\" href=\"https:\/\/www.nonsolomodanews.it\/wordpress\/wp-content\/uploads\/photo-gallery\/Clara_Moroni\/IMG_20230226_203120_076.jpg?bwg=1690916716\" data-image-id=\"37369\" data-elementor-open-lightbox=\"no\">          <div class=\"bwg_mosaic_thumb_spun_0 bwg-item0 bwg-mosaic-thumb-span \">            <img decoding=\"async\" class=\"bwg_mosaic_thumb_0 skip-lazy bwg_img_clear bwg_img_custom \"                 id=\"37369\"                 src=\"https:\/\/www.nonsolomodanews.it\/wordpress\/wp-content\/uploads\/photo-gallery\/Clara_Moroni\/thumb\/IMG_20230226_203120_076.jpg?bwg=1690916716\"                 data-src=\"https:\/\/www.nonsolomodanews.it\/wordpress\/wp-content\/uploads\/photo-gallery\/Clara_Moroni\/thumb\/IMG_20230226_203120_076.jpg?bwg=1690916716\"                 data-width=\"200.00\"                 data-height=\"300.00\"                 alt=\"IMG 20230226 203120 076\"                 title=\"IMG 20230226 203120 076\" \/>                      <\/div>        <\/a>            <\/div>    <\/div>    <style>      \/*pagination styles*\/      #bwg_container1_0 #bwg_container2_0 .tablenav-pages_0 {\t\t\t\ttext-align: center;\t\t\t\tfont-size: 12px;\t\t\t\tfont-family: segoe ui;\t\t\t\tfont-weight: bold;\t\t\t\tcolor: #666666;\t\t\t\tmargin: 6px 0 4px;\t\t\t\tdisplay: block;      }      @media only screen and (max-width : 320px) {      #bwg_container1_0 #bwg_container2_0 .displaying-num_0 {     \t display: none;      }      }      #bwg_container1_0 #bwg_container2_0 .displaying-num_0 {\t\t\t\tfont-size: 12px;\t\t\t\tfont-family: segoe ui;\t\t\t\tfont-weight: bold;\t\t\t\tcolor: #666666;\t\t\t\tmargin-right: 10px;\t\t\t\tvertical-align: middle;      }      #bwg_container1_0 #bwg_container2_0 .paging-input_0 {\t\t\t\tfont-size: 12px;\t\t\t\tfont-family: segoe ui;\t\t\t\tfont-weight: bold;\t\t\t\tcolor: #666666;\t\t\t\tvertical-align: middle;      }      #bwg_container1_0 #bwg_container2_0 .tablenav-pages_0 a.disabled,      #bwg_container1_0 #bwg_container2_0 .tablenav-pages_0 a.disabled:hover,      #bwg_container1_0 #bwg_container2_0 .tablenav-pages_0 a.disabled:focus,\t\t\t#bwg_container1_0 #bwg_container2_0 .tablenav-pages_0 input.bwg_current_page {\t\t\t\tcursor: default;\t\t\t\tcolor: rgba(102, 102, 102, 0.5);      }      #bwg_container1_0 #bwg_container2_0 .tablenav-pages_0 a,      #bwg_container1_0 #bwg_container2_0 .tablenav-pages_0 input.bwg_current_page {\t\t\t\tcursor: pointer;\t\t\t\ttext-align: center;\t\t\t\tfont-size: 12px;\t\t\t\tfont-family: segoe ui;\t\t\t\tfont-weight: bold;\t\t\t\tcolor: #666666;\t\t\t\ttext-decoration: none;\t\t\t\tpadding: 3px 6px;\t\t\t\tmargin: 0;\t\t\t\tborder-radius: 0;\t\t\t\tborder-style: solid;\t\t\t\tborder-width: 1px;\t\t\t\tborder-color: #E3E3E3;\t\t\t\t\t\t\t\tbackground-color: rgba(255, 255, 255, 1.00);\t\t\t\tbox-shadow: 0;\t\t\t\ttransition: all 0.3s ease 0s;-webkit-transition: all 0.3s ease 0s;      }      <\/style>      <span class=\"bwg_nav_cont_0\">              <div class=\"tablenav-pages_0\">                  <\/div>                <input type=\"hidden\" id=\"page_number_0\" name=\"page_number_0\" value=\"1\" \/>      <script type=\"text\/javascript\">        if( jQuery('.bwg_nav_cont_0').length > 1 ) {          jQuery('.bwg_nav_cont_0').first().remove()        }        function spider_page_0(cur, x, y, load_more) {          if (typeof load_more == \"undefined\") {            var load_more = false;          }          if (jQuery(cur).hasClass('disabled')) {            return false;          }          var items_county_0 = 1;          switch (y) {            case 1:              if (x >= items_county_0) {                document.getElementById('page_number_0').value = items_county_0;              }              else {                document.getElementById('page_number_0').value = x + 1;              }              break;            case 2:              document.getElementById('page_number_0').value = items_county_0;              break;            case -1:              if (x == 1) {                document.getElementById('page_number_0').value = 1;              }              else {                document.getElementById('page_number_0').value = x - 1;              }              break;            case -2:              document.getElementById('page_number_0').value = 1;              break;\t\t\t\t\t\tcase 0:              document.getElementById('page_number_0').value = x;              break;            default:              document.getElementById('page_number_0').value = 1;          }          bwg_ajax('gal_front_form_0', '0', 'bwg_thumbnails_mosaic_0', '0', '', 'gallery', 0, '', '', load_more, '', 1);        }                    jQuery('.first-page-0').on('click', function () {              spider_page_0(this, 1, -2, 'numeric');              return false;            });            jQuery('.prev-page-0').on('click', function () {              spider_page_0(this, 1, -1, 'numeric');              return false;            });            jQuery('.next-page-0').on('click', function () {              spider_page_0(this, 1, 1, 'numeric');              return false;            });            jQuery('.last-page-0').on('click', function () {              spider_page_0(this, 1, 2, 'numeric');              return false;            });        \t\t\t\t\/* Change page on input enter. *\/        function bwg_change_page_0( e, that ) {          if (  e.key == 'Enter' ) {            var to_page = parseInt(jQuery(that).val());            var pages_count = jQuery(that).parents(\".pagination-links\").data(\"pages-count\");            var current_url_param = jQuery(that).attr('data-url-info');            if (to_page > pages_count) {              to_page = 1;            }\t \t\t\t\t\t\t\t\t\t\t\t\tspider_page_0(this, to_page, 0, 'numeric');\t\t\t\t\t\t\treturn false;\t\t\t\t\t\t          }          return true;        }        jQuery('.bwg_load_btn_0').on('click', function () {            spider_page_0(this, 1, 1, true);            return false;        });      <\/script>      <\/span>                <\/div>        <\/form>        <style>          #bwg_container1_0 #bwg_container2_0 #spider_popup_overlay_0 {          background-color: #000000;          opacity: 0.70;          }          <\/style>        <div id=\"bwg_spider_popup_loading_0\" class=\"bwg_spider_popup_loading\"><\/div>        <div id=\"spider_popup_overlay_0\" class=\"spider_popup_overlay\" onclick=\"spider_destroypopup(1000)\"><\/div>        <input type=\"hidden\" id=\"bwg_random_seed_0\" value=\"1866255866\">                <\/div>    <\/div>    <script>      if (document.readyState === 'complete') {        if( typeof bwg_main_ready == 'function' ) {          if ( jQuery(\"#bwg_container1_0\").height() ) {            bwg_main_ready(jQuery(\"#bwg_container1_0\"));          }        }      } else {        document.addEventListener('DOMContentLoaded', function() {          if( typeof bwg_main_ready == 'function' ) {            if ( jQuery(\"#bwg_container1_0\").height() ) {             bwg_main_ready(jQuery(\"#bwg_container1_0\"));            }          }        });      }    <\/script>    \n<p><em>\u201d.<\/em><\/p>\n<p>&nbsp;<\/p>\n","protected":false},"excerpt":{"rendered":"<p>Nonsolomodanews ha il piacere di presentare Clara Moroni, modella over. Clara &egrave; una donna che fino ad ora ha fatto molte cose nella sua vita, dagli studi universitari di farmacia in quel di Pisa (lei &egrave; livornese), all&rsquo;imprenditrice edile per poi diventare proprietaria di un BB a Roma ma non vogliamo spoilerare nulla, considerato che nell&rsquo;intervista Clara ci racconta molto bene le sue esperienze e come &egrave; tornata al vecchio amore delle passerelle e della fotografia (e non solo). Ringraziamo Clara per averci concesso questa lunghissima intervista e auguriamo ai nostri lettori buona lettura.<\/p>\n","protected":false},"author":1,"featured_media":25024,"comment_status":"open","ping_status":"open","sticky":false,"template":"","format":"standard","meta":{"rop_custom_images_group":[],"rop_custom_messages_group":[],"rop_publish_now":"initial","rop_publish_now_accounts":[],"rop_publish_now_history":[],"rop_publish_now_status":"pending","footnotes":""},"categories":[16],"tags":[9391,746,9392,1242],"class_list":["post-25013","post","type-post","status-publish","format-standard","has-post-thumbnail","hentry","category-articolo","tag-clara-moroni","tag-intervista","tag-modella-over","tag-roma"],"_links":{"self":[{"href":"https:\/\/www.nonsolomodanews.it\/wordpress\/wp-json\/wp\/v2\/posts\/25013","targetHints":{"allow":["GET"]}}],"collection":[{"href":"https:\/\/www.nonsolomodanews.it\/wordpress\/wp-json\/wp\/v2\/posts"}],"about":[{"href":"https:\/\/www.nonsolomodanews.it\/wordpress\/wp-json\/wp\/v2\/types\/post"}],"author":[{"embeddable":true,"href":"https:\/\/www.nonsolomodanews.it\/wordpress\/wp-json\/wp\/v2\/users\/1"}],"replies":[{"embeddable":true,"href":"https:\/\/www.nonsolomodanews.it\/wordpress\/wp-json\/wp\/v2\/comments?post=25013"}],"version-history":[{"count":9,"href":"https:\/\/www.nonsolomodanews.it\/wordpress\/wp-json\/wp\/v2\/posts\/25013\/revisions"}],"predecessor-version":[{"id":25033,"href":"https:\/\/www.nonsolomodanews.it\/wordpress\/wp-json\/wp\/v2\/posts\/25013\/revisions\/25033"}],"wp:featuredmedia":[{"embeddable":true,"href":"https:\/\/www.nonsolomodanews.it\/wordpress\/wp-json\/wp\/v2\/media\/25024"}],"wp:attachment":[{"href":"https:\/\/www.nonsolomodanews.it\/wordpress\/wp-json\/wp\/v2\/media?parent=25013"}],"wp:term":[{"taxonomy":"category","embeddable":true,"href":"https:\/\/www.nonsolomodanews.it\/wordpress\/wp-json\/wp\/v2\/categories?post=25013"},{"taxonomy":"post_tag","embeddable":true,"href":"https:\/\/www.nonsolomodanews.it\/wordpress\/wp-json\/wp\/v2\/tags?post=25013"}],"curies":[{"name":"wp","href":"https:\/\/api.w.org\/{rel}","templated":true}]}}