{"id":24999,"date":"2023-07-26T15:07:10","date_gmt":"2023-07-26T15:07:10","guid":{"rendered":"https:\/\/www.nonsolomodanews.it\/wordpress\/?p=24999"},"modified":"2023-07-26T15:07:10","modified_gmt":"2023-07-26T15:07:10","slug":"sunshine-stefania-secci-special-guest-al-bella-open-day-30-luglio-forte-dei-marm","status":"publish","type":"post","link":"https:\/\/www.nonsolomodanews.it\/wordpress\/sunshine-stefania-secci-special-guest-al-bella-open-day-30-luglio-forte-dei-marm\/","title":{"rendered":"SUNSHINE (STEFANIA SECCI)  SPECIAL GUEST  AL BELLA OPEN DAY  30 LUGLIO \u2013 FORTE DEI MARM"},"content":{"rendered":"<div id=\"attachment_25001\" style=\"width: 210px\" class=\"wp-caption alignleft\"><img loading=\"lazy\" decoding=\"async\" aria-describedby=\"caption-attachment-25001\" class=\"wp-image-25001 size-medium\" src=\"https:\/\/www.nonsolomodanews.it\/wordpress\/wp-content\/uploads\/2023\/07\/sunshine3-200x300.jpeg\" alt=\"\" width=\"200\" height=\"300\" srcset=\"https:\/\/www.nonsolomodanews.it\/wordpress\/wp-content\/uploads\/2023\/07\/sunshine3-200x300.jpeg 200w, https:\/\/www.nonsolomodanews.it\/wordpress\/wp-content\/uploads\/2023\/07\/sunshine3-681x1024.jpeg 681w, https:\/\/www.nonsolomodanews.it\/wordpress\/wp-content\/uploads\/2023\/07\/sunshine3-768x1154.jpeg 768w, https:\/\/www.nonsolomodanews.it\/wordpress\/wp-content\/uploads\/2023\/07\/sunshine3-1022x1536.jpeg 1022w, https:\/\/www.nonsolomodanews.it\/wordpress\/wp-content\/uploads\/2023\/07\/sunshine3-1363x2048.jpeg 1363w, https:\/\/www.nonsolomodanews.it\/wordpress\/wp-content\/uploads\/2023\/07\/sunshine3-1080x1623.jpeg 1080w, https:\/\/www.nonsolomodanews.it\/wordpress\/wp-content\/uploads\/2023\/07\/sunshine3-scaled.jpeg 1704w\" sizes=\"auto, (max-width: 200px) 100vw, 200px\" \/><p id=\"caption-attachment-25001\" class=\"wp-caption-text\">Credits: iraph<\/p><\/div>\n<p>Dopo il successo all&#8217;Expo Universale 2023 di Roma, dove ha spiccato anche nelle vesti di presentatrice e reporter, la modella e influencer <strong>Sunshine <\/strong>(al secolo <strong>Stefania Secci<\/strong>) sar\u00e0 Special Guest del <strong>Bella Open Day,<\/strong> evento con cui verranno celebrati i primi 75 anni della prestigiosa rivista femminile.<\/p>\n<p><!--more--><\/p>\n<p>L&#8217;appuntamento \u00e8 fissato per il <strong>30 luglio<\/strong> a <strong>Forte dei Marmi <\/strong>(in provincia di Lucca) e sar\u00e0 all&#8217;insegna del fashion, del beauty, dello spettacolo e non solo.<\/p>\n<p>Alle<strong> ore 17.00<\/strong>, infatti, Sunshine condurr\u00e0 sul palco di Villa Bertelli la conferenza &#8220;Web Social Sensibility&#8221; in cui verranno toccati temi a lei molto cari come la sensibilizzazione contro cyberbullismo, revenge porn, stalking, diffamazione, razzismo, discriminazione e qualsiasi altra forma di odio perpetrata via web e social.<\/p>\n<p>Per l&#8217;occasione l&#8217;influencer (che attualmente vanta su Instagram <strong>67.8K followers<\/strong>) presenter\u00e0 la sua affiliazione con Faro Giuridico (https:\/\/farogiuridico.wordpress.com\/mission\/), l\u2019organismo di volontariato di cui ne \u00e8 madrina per la parte social e web, intervistando la Presidente Vanessa Bonaiti e la Vice Presidente Emanuela Cortinovis.<\/p>\n<p>Segnaliamo che, dopo il Bella Open Day, vedremo Sunshine sul red carpet della 76esima edizione del<strong> Locarno Film Festival<\/strong> (in programma dal 2 al 12 agosto).<\/p>\n<p>&nbsp;<\/p>\n<p><strong>IL MESSAGGIO DI SUNSHINE<\/strong><\/p>\n<p>\u00abQuando ho scelto di aprirmi pubblicamente in merito alla mia esperienza da vittima di bullismo, violenza psicologica e abusi, il mio scopo \u00e8 sempre stato quello di infondere forza e coraggio ad altre persone che si trovano o si sono trovate nelle medesime situazioni! Ma non avrei mai pensato di poter avere cos\u00ec tanto spazio per dare voce a tutto questo. Ecco perch\u00e9 sono veramente onorata di essere tra le guest star presenti all\u2019evento del Bella Open Day.<\/p>\n<p>Quando mi sentite dire \u201cdivulgo raggi di sole\u201d, \u00e8 proprio perch\u00e9 cerco di divulgare il pi\u00f9 possibile pillole di sensibilizzazione in merito alle mie argomentazioni, assieme a spiragli di speranza e luce, affinch\u00e9 le vittime di queste forme di violenza si sentano sempre supportate, mai sole e soprattutto al sicuro.<\/p>\n<p>Ora poi con la mia organizzazione Faro Giuridico \u00e8 ancora pi\u00f9 semplice fornire i giusti strumenti di tutela a tutte le persone vittime di violenza piscologica e non (grazie ad un team di legali, psicologici, forze dell\u2019ordine e via dicendo). Perch\u00e9 ricordate che esistono sempre delle soluzioni a qualsiasi problematica.<\/p>\n<p>Voglio poi sottolineare che il mio attivismo nasce non solo a tutela delle vittime, ma anche come prevenzione verso atteggiamenti tossici degli odiatori seriali e di tutti coloro che utilizzano violenza psicologica per sentirsi \u201cforti\u201d. La mia mission \u00e8 quindi anche quella di educare al corretto utilizzo dei social, ricordando di dare il giusto peso alle parole, perch\u00e9 continuo ad imbattermi sempre pi\u00f9 in episodi di cyber odio generati da persone frustrate che forse sarebbero le prime ad aver bisogno di aiuto.<\/p>\n<p>I problemi andrebbero arginati partendo dalla fonte, infatti in questi casi \u201cla rieducazione\u201d dovrebbe partire sicuramente da quelle persone che di base ignorano quali siano, ad esempio, le gravi conseguenze che potrebbero scaturire nella psiche di una vittima, portando anche a gesti estremi quali il suicidio.<\/p>\n<p>Se non partiamo da qui, distribuendo informazione e sensibilizzazione, purtroppo la maggior parte delle persone continuer\u00e0 a non dare peso ai vari segnali d\u2019allarme nella societ\u00e0 attuale e continueremo a vedere: individui che postano allegramente sui social video di pestaggi e stupri da loro stessi commessi, ragazzi che avviano challenge omofobe e razziste su tiktok, mariti che divulgano pubblicamente i video intimi della loro ex compagna con lo scopo di umiliarla e distruggerla, persone che per fare qualche like riprendono video di violenze per strada senza per\u00f2 intervenire, sino ad arrivare alle ultime notizie di individui psicolabili che fanno delle live su facebook per commettere un omicidio e\u00a0 rendere il proprio pubblico testimone.<\/p>\n<p>Potrei fare tanti altri esempi, ma penso che tutti siamo a conoscenza del degrado che ormai galoppa in questa societ\u00e0, \u00e8 impossibile non aver aperto gli occhi sotto questo aspetto. E per quanto ognuno di noi possa avere una propria opinione in merito, penso che tutti siamo d\u2019accordo sul concetto fondamentale: il sacro rispetto verso il prossimo, perch\u00e9 ricordiamo che ci\u00f2 che togliamo la vita se lo riprende. Anche con le maniere forti.<\/p>\n<p>Non ho mai detto di voler cambiare il mondo, ma sono certa che se iniziassimo a modificare piccoli meccanismi comportamentali, tante dinamiche potrebbero avere un rovescio della medaglia in senso positivo. Ricordiamo\u00a0 che il gesto pi\u00f9 piccolo e semplice pu\u00f2 essere da esempio alla massa.<\/p>\n<p>Vi aspetto quindi il 30 Luglio per aprire anche dei dibattiti in merito e confrontarci.<\/p>\n<p>Nel frattempo, continuer\u00f2 a divulgare i miei raggi di sole, nella speranza che arrivino il pi\u00f9 lontano possibile.\u00bb<\/p>\n<p><strong>CHI \u00c8 SUNSHINE<\/strong><\/p>\n<p>Stefania Secci in arte Sunshine, \u00e8 una influencer, reporter fashion e sportiva, presentatrice, modella professionista di origini sarde. Inoltre \u00e8 affiliata con un&#8217;organizzazione di volontariato Faro Giuridico, di cui ne \u00e8 ambasciatrice e attivista contro il cyberbullismo, stalking, revenge porn, discriminazione e qualsiasi altra forma di violenza perpetrata via web o social.<\/p>\n<p>All&#8217;et\u00e0 di 16 anni inizia a muovere i primi passi nella moda e nella fotografia, intraprendendo un percorso che le porter\u00e0 tantissimi successi professionali e soddisfazioni personali. Stefania partecipa a diversi cortometraggi come protagonista e comparsa in alcuni film, testimonial per brand di intimo, lingerie e beachwear, \u00e8 stata anche musa ispiratrice per la trama di una trilogia fantasy di romanzi.<\/p>\n<p>I suoi servizi fotografici vengono pubblicati in tante riviste di moda nazionali ed internazionali, aggiudicandosi tante copertine ed interviste. Nel Dicembre 2020, la collector&#8217;s edition di Playboy le dedica un servizio fotografico glamour tra le sue celeberrime pagine patinate.<\/p>\n<p>Utilizza i suoi social non solo per promuovere il suo lavoro da modelle ed influencer, ma anche per sensibilizzare il suo pubblico a campagne antiviolenza fisica e psicologica, contro il bullismo e cyberbullismo. A tal proposito partecipa a delle rubriche live, in cui si interfaccia come ospite ed opinionista in merito a tematiche di moda, stile, bon ton, ma anche attualit\u00e0, fatti di cronaca e sempre tematiche delicate.<\/p>\n<p>Oltretutto si sta cimentando anche nell\u2019attivit\u00e0 da presentatrice, conducendo i vari eventi in cui viene invitata come ospite. Ultimamente la vediamo anche nei panni da reporter sportiva e di moda dove, intervistando i vari personaggi famosi ed emergenti, Sunshine riesce a dare voce alle loro personalit\u00e0.<\/p>\n<p><strong>SUNSHINE SUI SOCIAL<\/strong><\/p>\n<p>Instagram &#8211; https:\/\/www.instagram.com\/sunshine_model_\/<\/p>\n<p>Facebook &#8211; https:\/\/www.facebook.com\/stefania.secci1704<\/p>\n<p>Il comunicato stampa \u00e8 stato fornito da FrigerioPress \u2013 Laura Frigerio<br \/>\nTutti i diritti riservati \u00a9 2023 \u2013 Email: info@nonsolomodanews.it<\/p>\n<p>&nbsp;<\/p>\n","protected":false},"excerpt":{"rendered":"<p>Dopo il successo all&rsquo;Expo Universale 2023 di Roma, dove ha spiccato anche nelle vesti di presentatrice e reporter, la modella e influencer Sunshine (al secolo Stefania Secci) sar&agrave; Special Guest del Bella Open Day, evento con cui verranno celebrati i primi 75 anni della prestigiosa rivista femminile.<\/p>\n","protected":false},"author":1,"featured_media":25000,"comment_status":"open","ping_status":"open","sticky":false,"template":"","format":"standard","meta":{"rop_custom_images_group":[],"rop_custom_messages_group":[],"rop_publish_now":"initial","rop_publish_now_accounts":[],"rop_publish_now_history":[],"rop_publish_now_status":"pending","footnotes":""},"categories":[16],"tags":[281,372,8328,1099,9347,9348],"class_list":["post-24999","post","type-post","status-publish","format-standard","has-post-thumbnail","hentry","category-articolo","tag-bruno-angelo-porcellana","tag-comunicato-stampa-2","tag-laura-frigerio","tag-nonsolomodanews","tag-stefania-secci","tag-sunshine"],"_links":{"self":[{"href":"https:\/\/www.nonsolomodanews.it\/wordpress\/wp-json\/wp\/v2\/posts\/24999","targetHints":{"allow":["GET"]}}],"collection":[{"href":"https:\/\/www.nonsolomodanews.it\/wordpress\/wp-json\/wp\/v2\/posts"}],"about":[{"href":"https:\/\/www.nonsolomodanews.it\/wordpress\/wp-json\/wp\/v2\/types\/post"}],"author":[{"embeddable":true,"href":"https:\/\/www.nonsolomodanews.it\/wordpress\/wp-json\/wp\/v2\/users\/1"}],"replies":[{"embeddable":true,"href":"https:\/\/www.nonsolomodanews.it\/wordpress\/wp-json\/wp\/v2\/comments?post=24999"}],"version-history":[{"count":2,"href":"https:\/\/www.nonsolomodanews.it\/wordpress\/wp-json\/wp\/v2\/posts\/24999\/revisions"}],"predecessor-version":[{"id":25003,"href":"https:\/\/www.nonsolomodanews.it\/wordpress\/wp-json\/wp\/v2\/posts\/24999\/revisions\/25003"}],"wp:featuredmedia":[{"embeddable":true,"href":"https:\/\/www.nonsolomodanews.it\/wordpress\/wp-json\/wp\/v2\/media\/25000"}],"wp:attachment":[{"href":"https:\/\/www.nonsolomodanews.it\/wordpress\/wp-json\/wp\/v2\/media?parent=24999"}],"wp:term":[{"taxonomy":"category","embeddable":true,"href":"https:\/\/www.nonsolomodanews.it\/wordpress\/wp-json\/wp\/v2\/categories?post=24999"},{"taxonomy":"post_tag","embeddable":true,"href":"https:\/\/www.nonsolomodanews.it\/wordpress\/wp-json\/wp\/v2\/tags?post=24999"}],"curies":[{"name":"wp","href":"https:\/\/api.w.org\/{rel}","templated":true}]}}