{"id":24993,"date":"2023-07-20T14:36:34","date_gmt":"2023-07-20T14:36:34","guid":{"rendered":"https:\/\/www.nonsolomodanews.it\/wordpress\/?p=24993"},"modified":"2023-07-20T14:36:34","modified_gmt":"2023-07-20T14:36:34","slug":"premio-moda-citta-dei-sassi-di-matera-12-edizione","status":"publish","type":"post","link":"https:\/\/www.nonsolomodanews.it\/wordpress\/premio-moda-citta-dei-sassi-di-matera-12-edizione\/","title":{"rendered":"PREMIO MODA \u201cCITTA\u2019 DEI SASSI\u201d DI MATERA\u00a0\u00a0 &#8211; 12^ edizione"},"content":{"rendered":"<p><span style=\"color: #000000;\"><strong><img loading=\"lazy\" decoding=\"async\" class=\"size-medium wp-image-24994 alignleft\" src=\"https:\/\/www.nonsolomodanews.it\/wordpress\/wp-content\/uploads\/2023\/07\/Locandina-Premio-Moda-2023-Citta-dei-Sassi-Matera-212x300.jpg\" alt=\"\" width=\"212\" height=\"300\" srcset=\"https:\/\/www.nonsolomodanews.it\/wordpress\/wp-content\/uploads\/2023\/07\/Locandina-Premio-Moda-2023-Citta-dei-Sassi-Matera-212x300.jpg 212w, https:\/\/www.nonsolomodanews.it\/wordpress\/wp-content\/uploads\/2023\/07\/Locandina-Premio-Moda-2023-Citta-dei-Sassi-Matera-723x1024.jpg 723w, https:\/\/www.nonsolomodanews.it\/wordpress\/wp-content\/uploads\/2023\/07\/Locandina-Premio-Moda-2023-Citta-dei-Sassi-Matera-768x1087.jpg 768w, https:\/\/www.nonsolomodanews.it\/wordpress\/wp-content\/uploads\/2023\/07\/Locandina-Premio-Moda-2023-Citta-dei-Sassi-Matera.jpg 904w\" sizes=\"auto, (max-width: 212px) 100vw, 212px\" \/>IL MESSAGGIO 2023 <\/strong><strong>DAL PREMIO MODA \u201cCITTA\u2019 DEI SASSI\u201d DI MATERA\u00a0\u00a0 &#8211; 12^ edizione <\/strong><strong>SOSTEGNO A TUTTE LE DONNE CHE LOTTANO CONTRO LA VIOLENZA E\u00a0 <\/strong><strong>CHE PROMUOVONO LA PACE NEL MONDO.<\/strong><\/span><\/p>\n<p><span style=\"color: #000000;\"><strong>Presentazione dell\u2019Annuario \u201dIl Foglio della Moda\u201d <\/strong><strong>lo speciale del quotidiano Il Foglio sul mondo della moda\u00a0 <\/strong><strong>a cura di Fabiana Giacomotti<\/strong><\/span><\/p>\n<p><span style=\"color: #000000;\"><strong>Sabato 22 luglio 2023 ore 18:30\u00a0 <\/strong><strong>Terrazzo Palazzo Ducale Malvinni-Malvezzi <\/strong><strong>Piazza Duomo, 14 \u2013 Matera<\/strong><\/span><\/p>\n<p><span style=\"color: #000000;\"><strong>Premio Moda 2023 \u201cCitt\u00e0 dei Sassi\u201d 12^ edizione <\/strong><strong>Concorso Internazionale Fashion Designers\u00a0 <\/strong><strong>Premio Eccellenze <\/strong><strong>Domenica 23 luglio 2023 ore 20.30 <\/strong><strong>Piazza San Francesco d\u2019Assisi<\/strong><strong> \u2013 Matera<\/strong><\/span><\/p>\n<p><span style=\"color: #000000;\"><!--more--><\/span><\/p>\n<p><span style=\"color: #000000;\">La moda sinonimo di pace e parit\u00e0 dei diritti, uguaglianza e libert\u00e0 delle donne senza distinzione di razze, colori, e culture. La speranza \u00e8 donna.<\/span><\/p>\n<p><span style=\"color: #000000;\">Questo \u00e8 il messaggio che vogliono lanciare da <strong>Matera <\/strong>(Capitale Europea della Cultura 2019) il <strong>Premio Moda \u201cCitt\u00e0 dei Sassi\u201d<\/strong> con <strong>l\u2019Associazione Cultuale<\/strong> <strong>Officina della Cultura<\/strong> <strong>di Matera. <\/strong><\/span><\/p>\n<p><span style=\"color: #000000;\">Il prestigioso Premio Moda Citt\u00e0 dei Sassi sostiene tutte le donne coraggiose che lottano contro la violenza e promuovono la pace nel mondo. In un&#8217;epoca in cui la violenza persiste come una triste realt\u00e0, \u00e8 fondamentale unire le forze per porre fine a questa ingiustizia e costruire un futuro pacifico e armonioso.<\/span><\/p>\n<p><span style=\"color: #000000;\">Attraverso il Premio Moda Citt\u00e0 dei Sassi con l\u2019Associazione Culturale \u201cOfficina della Cultura\u201d, si vuole utilizzare la moda come potente veicolo di espressione per promuovere il messaggio di non violenza e diffondere la cultura della pace. Sostenendo e incoraggiando stilisti, designer e creativi di tutto il mondo a utilizzare il loro talento e la loro arte per creare capi e collezioni che veicolino questo importante messaggio di solidariet\u00e0 e speranza.<\/span><\/p>\n<p><span style=\"color: #000000;\">Inoltre, si vuole promuovere la diversit\u00e0 e l&#8217;inclusione nel settore della moda, incoraggiando una rappresentazione autentica di tutte le donne e sostenendo l&#8217;empowerment femminile, creando uno spazio in cui ogni voce possa essere ascoltata e apprezzata, indipendentemente dalla propria etnia, origine, orientamento sessuale o abilit\u00e0. Attraverso la moda, si pu\u00f2 contribuire a ridefinire gli standard di bellezza e a promuovere l&#8217;uguaglianza di genere.<\/span><\/p>\n<p><span style=\"color: #000000;\">L\u2019impegno del Premio Moda Citt\u00e0 dei Sassi \u00e8 quello di lavorare verso un mondo in cui tutte le donne possano vivere libere dalla violenza e in un contesto di pace duratura, riconoscendo il loro coraggio e la loro determinazione supportandole in ogni modo possibile.<\/span><\/p>\n<p><span style=\"color: #000000;\"><strong>Il Premio Moda\u00ae \u201cCitt\u00e0 dei Sassi\u201d <\/strong>(2008-2023)\u00a0 \u00e8 una\u00a0 \u201cRassegna\/Evento vetrina a sostegno dei giovani creativi del designer di moda, (Studenti, diplomati di Accademie, Universit\u00e0 e\/o Scuole Statali e Private, disegnatori, stilisti di moda, modellisti e operatori moda).<\/span><\/p>\n<p><span style=\"color: #000000;\">Istituito per promuovere gli artigiani\/creativi della moda in total look femminile, <strong>provenienti da ogni parte del mondo<\/strong>, per mettere in luce le proprie capacit\u00e0 artistiche e farsi conoscere attraverso i media ad un pubblico internazionale, grazie alla presenza di esponenti della moda,\u00a0 degli organi di stampa, delle reti\u00a0 televisive sia Nazionali che Internazionali\u00a0 e del pubblico presente.<\/span><\/p>\n<p><span style=\"color: #000000;\">La manifestazione giunta alla 12^ edizione, ideata e organizzata dall\u2019<strong>Officina della Cultura<\/strong>, Direttore Artistico <strong>Enzo Centonze<\/strong>,\u00a0 Regia e Coreografie di <strong>Stefania Coralluzzo <\/strong>nonch\u00e9 responsabile di tutta la parte Artistica<strong>,<\/strong> Ufficio Stampa\u00a0 e Pubbliche Relazioni <strong>Nicola Altomonte<\/strong>, Allestimento scenografico (Audio\/luci\/ledwall) <strong>Crewlapesa.com di Angelo Lapesa<\/strong>, Regia video <strong>Verardi Produzioni di Antonio Verardi, <\/strong>vedr\u00e0 il suo clou il<strong> 23 luglio 2023 alle ore 20.30 <\/strong>nella splendida <strong>Piazza di San Francesco d\u2019Assisi \u2013 Matera <\/strong>con la conduzione della showgirl e attrice <strong>Nadia Bengala.<\/strong><\/span><\/p>\n<p>&nbsp;<\/p>\n<p><span style=\"color: #000000;\">Ad aprire la manifestazione sar\u00e0, nel pomeriggio del <strong>22 luglio 2023<\/strong> <strong>alle 18.30 sul Terrazzo del Palazzo Ducale Malvinni-Malvezzi &#8211; Matera<\/strong> la presentazione dell\u2019<strong>Annuario\u00a0 \u201cIl Foglio della Moda\u201d<\/strong> curato da <strong>Fabiana Giacomotti<\/strong>, giornalista, scrittrice, curatrice di mostre di costume teatrale, televisivo e di moda, autrice e consulente televisiva per la Rai, docente e inviata di moda, e la moderatrice <strong>Rosalba Stasolla<\/strong> (Docente di Storia del Costume).<\/span><\/p>\n<p><span style=\"color: #000000;\">In occasione del secondo anno dell\u2019inserto mensile, \u201cIl Foglio della Moda\u201d, pubblicato con il Foglio ogni primo gioved\u00ec del mese e curato da Fabiana Giacomotti, disponibile in librerie<a style=\"color: #000000;\" href=\"https:\/\/www.ilfoglio.it\/moda\/2022\/04\/04\/news\/un-anno-col-foglio-della-moda-ecco-dove-trovare-il-nostro-annuario-3875272\/\">\u00a0<\/a>ed edicole italiane,\u00a0 si celebra, in occasione del Premio Moda 2023 \u201cCitt\u00e0 dei Sassi\u201d, l\u2019uscita dell<strong>&#8216;&#8221;Annuario Aprile 2022 \u2013 Marzo 2023 del Foglio della Moda\u201d<\/strong><strong>.<\/strong><\/span><\/p>\n<p><span style=\"color: #000000;\"><strong>L\u2019edizione \u00e8<\/strong> numerata 1\/1000, rilegato a mano, in formato Foglio cio\u00e8 di grandi dimensioni, il volume pubblica in copia anastatica tutti i numeri dell\u2019inserto. Al centro la raccolta delle \u201cXII tavole a cura di Marco Dambrosio, in arte\u00a0<strong>Makkox<\/strong><strong>,<\/strong> tratte dai wrap di contenuti e immagine che avvolgono ogni numero. In fondo, le traduzioni in inglese degli editoriali: Lorenzo Bertelli, Mario De Simoni, Ida Maria Ellekilde, Leonardo Ferragamo, Massimiliano Gioni, Massimiliano Giornetti, Laura Lusuardi, Aldo Melpignano, Fabio Novembre, Martine Rose, Paola Severini Melograni, Nicoletta Spagnoli.<\/span><\/p>\n<p><span style=\"color: #000000;\">\u201c<strong>Il Foglio della Moda<\/strong>\u201d, in uscita con il quotidiano Il Foglio, \u00e8 composto da: quattro pagine pi\u00f9 quattro su tema monografico, una strepitosa tavola di Makkox, molte illustrazioni e progetti fotografici speciali, molti convegni e interviste diffuse via social, ma soprattutto la moda raccontata attraverso i temi cari al Foglio \u2013 cio\u00e8 politica, cultura, industria \u2013 con la formula del network.<\/span><\/p>\n<p><span style=\"color: #000000;\">Il Foglio ha aspettato molti anni prima di scegliere di occuparsi di questo settore,\u00a0 l\u2019inserto ha una formula molto particolare, racconta la moda attraverso chi la moda la fa, la gestisce e anche chi la studia. Per la prima volta infatti le grandi universit\u00e0 italiane e straniere entrano a far parte di un progetto culturale con una serie di associazioni che saranno il grande network.<\/span><\/p>\n<p><span style=\"color: #000000;\">Media partner <strong>Fashion Channel<\/strong>, realizzato con il patrocinio e la collaborazione della <strong>Regione Basilicata<\/strong>, della<strong> Provincia e Comune di Matera<\/strong>, dell\u2019<strong>APT Azienda di Promozione Turistica della Basilicata, Fondazione Matera \u2013 Basilicata 2019 e con il sostegno al progetto culturale della Cosp Tecno Service.<\/strong><\/span><\/p>\n<p><span style=\"color: #000000;\">L\u2019evento ricco di uno spettacolo articolato con tempi televisivi ed \u00e8 riservato alla nuova generazione di creatori della moda a livello nazionale ed internazionale che potranno dar vita alle loro creazioni di alta moda, proponendo le loro idee di eleganza e creativit\u00e0 dinanzi ad un folto pubblico, in buona parte formato da rappresentanti aziende ed esperti del settore, stampa, autorit\u00e0 e dai tanti turisti che affollano \u00a0nel periodo estivo la Citt\u00e0 dei Sassi.<\/span><\/p>\n<p><span style=\"color: #000000;\"><strong>Premio Moda Citt\u00e0 dei Sassi<\/strong> non \u00e8\u00a0 un concorso ma un\u00a0 vero e proprio\u00a0progetto di scouting organizzato\u00a0\u00a0\u00a0\u00a0\u00a0\u00a0\u00a0\u00a0\u00a0\u00a0\u00a0\u00a0\u00a0 dall\u2019 <strong>Associazione Culturale Officina della Cultura<\/strong>, che ha come obiettivo la ricerca e la promozione di giovani talenti creativi del panorama nazionale ed internazionale. Un contest indirizzato specificatamente a giovani stilisti\u00a0 del mondo della moda e dedicato alle collezioni femminili nelle categorie abbigliamento ed accessori.<\/span><\/p>\n<p><span style=\"color: #000000;\">Il <strong>Premio Moda 2023 \u201cCitt\u00e0 dei Sassi\u201d<\/strong>, crocevia dell\u2019Alta Moda Internazionale, richiama a Matera giovani stilisti per la 12^ edizione e dopo un\u2019attenta selezione vede la partecipazione dei cinque finalisti: 1) <strong>Casale Raimonda <\/strong>della provincia di Verona, presenter\u00e0 una collezione ispirata alla notte con\u00a0 stelle, la donne brilla di fascino e seduzione, <strong>2)<\/strong> <strong>Rosmery Conterosito <\/strong>di Bari, la sua collezione \u00e8 ispirata al territorio d\u2019origine,\u00a0 Matera, i suoi outfits richiamano la natura misteriosa ricca di fascino e un po&#8217; selvaggia,<strong> 3) Sonia Flauto <\/strong>di Sassari, <strong>\u00a0<\/strong>la capsule si chiama \u201cOrigami\u201d ecco quindi nascere gonne con pieghe multiple e corpetti realizzati\u00a0 con lavorazione ruches a mano,<strong> 4) Fabrizio Minardo <\/strong>di Ragusa, presenta una collezione intitolata \u201cClio\u201d ispirata alle 9 Muse: una femminilit\u00e0 capace di affascinare,<strong> 5) Sara Sabato <\/strong>della provincia di Potenza, la sua collezione \u201cInfinity\u201d invita a cogliere le infinite possibilit\u00e0 che ogni istante ci offre dopo che la pandemia prima, e la guerra dopo, ci hanno mostrato la fragilit\u00e0 della condizione umana.<\/span><\/p>\n<p><span style=\"color: #000000;\">A decretare i vincitori una prestigiosa giuria internazionale di addetti ai lavori (giornalisti, stilisti, esperti del settore, associazioni di categoria ed istituzioni): La giuria \u00e8 composta dai creatori di moda: <strong>Gianni Molaro, Michele Miglionico<\/strong>, dai giornalisti: <strong>Fabiana Giacomotti <\/strong>(Il Foglio),<strong> Letizia Schatzinger <\/strong>(TikTok Letizianews e Letizianews Letter),<strong> Bea Spediacci <\/strong>(Fashion Channel),<strong> Maila Tritto\u00a0 <\/strong>(La Gazzetta del Mezzogiorno),<strong> Michele Capolupo <\/strong>(SassiLive), dalla docente di Storia del Costume:<strong> Rosalba Stasolla,<\/strong> dall\u2019esperto di moda: <strong>Marzio Nocera <\/strong>(Fashion Channel) e l\u2019Assessore del Turismo e Cultura del Comune di Matera <strong>Tiziana d\u2019Oppido<\/strong>.<\/span><\/p>\n<p><span style=\"color: #000000;\">Un\u00a0 momento speciale della serata sar\u00e0 la consegna del <strong>Premio Moda Eccellenze 2023<\/strong> a Stilisti italiani e Europei.\u00a0 In tale occasione presenteranno le loro collezioni\u00a0 e saranno premiati gli stilisti: 1) <strong>Nella Luongo<\/strong> di San Giorgio del Sannio (BN), presenta la collezione \u201cReborn (Rinascere)\u201d \u00e8 una narrazione tra passato, presente e futuro, un vissuto di bellezza e resilienza, <strong>2) Paolo Fumarulo<\/strong> di Santeramo in Colle:, la collezione, sperimenta, plasma, trasforma, si spinge oltre i confini della realt\u00e0 creando originali fusioni tra trasparenze ed effetto nude, abiti da cerimonia e sposa eleganti, moderni e rigorosi, 3<strong>) Grazia Urbano <\/strong>di San Severo (FG), la sua collezione raffinata, elegante, con dei dettagli ricercati come il pizzo, piume e paillettes per una donna di carattere e di buon gusto, <strong>4) Renata la Rena<\/strong> di Bratislava (Slovacchia), presenta la sua collezione \u201cla donna e l\u2019estate\u201d, la sua visione un po&#8217; vintage e solare di una femminilit\u00e0 che si sente protagonista della societ\u00e0 odierna, <strong>5) Giampaolo Proietto<\/strong> di Ragusa: Secret Garden collezione ispirata alla bellezza dei giardini fioriti. Abiti scultura con petali di fiori e foglie scolpiti sui corpetti, un insieme di trasparenze e tulle ricamati.<\/span><\/p>\n<p><span style=\"color: #000000;\">A rappresentare l\u2019<strong>Alta Moda Italiana<\/strong> sar\u00e0 la presenza dell\u2019ospite d\u2019onore <strong>Gianni Molaro<\/strong>, stilista napoletano di fama europea specialista e grande cultore dell\u2019Alta Sartoria, si distingue nel panorama della moda nazionale con le sue meravigliose collezioni di Alta Moda Sposa e Cerimonia. Detentore di ben tre guinness: il velo pi\u00f9 lungo del mondo, l\u2019abito pi\u00f9 largo del mondo e l\u2019abito pi\u00f9 prezioso al mondo. Lo stilista \u00e8 stato dieci anni in TV accanto a Caterina Balivo e poi a Bianca Guaccero nella trasmissione Detto Fatto su Rai2. Lo stilista presenter\u00e0 una capsule d\u2019Alta Moda che identifica la sua visione, la sua identit\u00e0 creativa, la sua donna e in tale occasione ritirer\u00e0 il Premio Moda 2023 \u201cCitt\u00e0 dei Sassi\u201d come icona prestigiosa del Made in Italy.<\/span><\/p>\n<p><span style=\"color: #000000;\">A completare il look delle modelle il Team Make Up Artist diretto da <strong>Sara de Virgilio<\/strong> che con la sua <strong>SDV Academy Make Up<\/strong> si occuper\u00e0 del trucco, mentre le hair stylist <strong>Primadonna di Patrizia Leontini e Miss Edward di Elisa Massari<\/strong> creeranno le acconciature, per le fotografie: <strong>Vincenzo Testa, <\/strong><strong>Enzo Dell\u2019Atti e\u00a0 Mario Palma.<\/strong><\/span><\/p>\n<p><span style=\"color: #000000;\">Saranno, inoltre, assegnati i premi:<\/span><\/p>\n<p><span style=\"color: #000000;\">&#8211; per la categoria <strong>Premio Moda 2023 Giovani Eccellenze <\/strong>\u00a0alla ballerina professionale di Bucarest nonch\u00e8 insegnante di danza <strong>Nas Nicolle Rebeca<\/strong>. Ha danzato nei migliori teatri internazionali e in tale occasione presenter\u00e0 due bellissime coreografie. Sar\u00e0 premiata per la sensibilizzazione, attraverso la danza, verso temi scottanti sulle donne, come i diritti umani e la violenza;<\/span><\/p>\n<p><span style=\"color: #000000;\">&#8211; per la categoria <strong>Premio Moda 2023 Eccellenze <\/strong>\u00a0all\u2019impresario artistico <strong>Tonino Galli <\/strong>che ha intrapreso da anni la strada di profondere nel mondo il Made in Italy organizzando sfilate, soprattutto nella sua Sicilia. Inoltre, ha creato anche una bellissima sinergia e interazione culturale, proponendo in Italia e all\u2019Estero la sartorialit\u00e0 di stilisti Europei e Internazionali.<\/span><\/p>\n<p><span style=\"color: #000000;\">Un momento speciale della serata sar\u00e0 la presentazione dell\u2019<strong>Abito della Pace<\/strong>. L\u2019associazione <strong>AIDE<\/strong> ha voluto dare il suo contributo alla cultura della Pace. Partendo da un\u2019idea del Presidente <strong>Anna Selvaggi<\/strong> che ha coinvolto 21 donne, riunite attorno al focolare virtuale, riscoprendo e rivalutando antiche manualit\u00e0. L\u2019Abito \u00e8 simbolo di tenacia certosina che esplode nel tripudio di colori e armonia di forme. Idealmente, ogni donna indossa questo abito fiera e orgogliosa di essere la Signora della Pace.<\/span><\/p>\n<p><span style=\"color: #000000;\">Gli anni passano e <strong>Matera con il suo paesaggio incantato continua ad affascinare<\/strong><strong> ed emozionare. Le <\/strong><strong>su<\/strong><strong>e<\/strong><strong> bellezz<\/strong><strong>e naturali, artistiche<\/strong><strong> incontra<\/strong><strong>no ed<\/strong><strong> illumina<\/strong><strong>no<\/strong><strong> l\u2019Alta Moda <\/strong><strong>Italiana e le Eccellenze Italiane, nel segno della sartorialit\u00e0, unicit\u00e0, innata eleganza volta ad esplorare inediti orizzonti creativi. <\/strong><strong>Un viaggio nella creativit\u00e0 e nell\u2019eccellenza italiana<\/strong> per guardare al passato e, cos\u00ec, costruire il futuro del <strong>Made in Italy.<\/strong><\/span><\/p>\n<p style=\"text-align: center;\"><span style=\"color: #000000;\">Tutti i diritti riservati \u00a9 2023 \u2013 Email: info@nonsolomodanews.it<\/span><\/p>\n","protected":false},"excerpt":{"rendered":"<p>IL MESSAGGIO 2023 DAL PREMIO MODA &ldquo;CITTA&rsquo; DEI SASSI&rdquo; DI MATERA&nbsp;&nbsp; &ndash; 12^ edizione SOSTEGNO A TUTTE LE DONNE CHE LOTTANO CONTRO LA VIOLENZA E&nbsp; CHE PROMUOVONO LA PACE NEL MONDO. Presentazione dell&rsquo;Annuario &rdquo;Il Foglio della Moda&rdquo; lo speciale del quotidiano Il Foglio sul mondo della moda&nbsp; a cura di Fabiana Giacomotti Sabato 22 luglio 2023 ore 18:30&nbsp; Terrazzo Palazzo Ducale Malvinni-Malvezzi Piazza Duomo, 14 &ndash; Matera Premio Moda 2023 &ldquo;Citt&agrave; dei Sassi&rdquo; 12^ edizione Concorso Internazionale Fashion Designers&nbsp; Premio Eccellenze Domenica 23 luglio 2023 ore 20.30 Piazza San Francesco d&rsquo;Assisi &ndash; Matera<\/p>\n","protected":false},"author":1,"featured_media":24996,"comment_status":"open","ping_status":"open","sticky":false,"template":"","format":"standard","meta":{"rop_custom_images_group":[],"rop_custom_messages_group":[],"rop_publish_now":"initial","rop_publish_now_accounts":[],"rop_publish_now_history":[],"rop_publish_now_status":"pending","footnotes":""},"categories":[16],"tags":[281,372,1099,9389],"class_list":["post-24993","post","type-post","status-publish","format-standard","has-post-thumbnail","hentry","category-articolo","tag-bruno-angelo-porcellana","tag-comunicato-stampa-2","tag-nonsolomodanews","tag-premio-moda-citta-dei-sassi-di-matera"],"_links":{"self":[{"href":"https:\/\/www.nonsolomodanews.it\/wordpress\/wp-json\/wp\/v2\/posts\/24993","targetHints":{"allow":["GET"]}}],"collection":[{"href":"https:\/\/www.nonsolomodanews.it\/wordpress\/wp-json\/wp\/v2\/posts"}],"about":[{"href":"https:\/\/www.nonsolomodanews.it\/wordpress\/wp-json\/wp\/v2\/types\/post"}],"author":[{"embeddable":true,"href":"https:\/\/www.nonsolomodanews.it\/wordpress\/wp-json\/wp\/v2\/users\/1"}],"replies":[{"embeddable":true,"href":"https:\/\/www.nonsolomodanews.it\/wordpress\/wp-json\/wp\/v2\/comments?post=24993"}],"version-history":[{"count":2,"href":"https:\/\/www.nonsolomodanews.it\/wordpress\/wp-json\/wp\/v2\/posts\/24993\/revisions"}],"predecessor-version":[{"id":24997,"href":"https:\/\/www.nonsolomodanews.it\/wordpress\/wp-json\/wp\/v2\/posts\/24993\/revisions\/24997"}],"wp:featuredmedia":[{"embeddable":true,"href":"https:\/\/www.nonsolomodanews.it\/wordpress\/wp-json\/wp\/v2\/media\/24996"}],"wp:attachment":[{"href":"https:\/\/www.nonsolomodanews.it\/wordpress\/wp-json\/wp\/v2\/media?parent=24993"}],"wp:term":[{"taxonomy":"category","embeddable":true,"href":"https:\/\/www.nonsolomodanews.it\/wordpress\/wp-json\/wp\/v2\/categories?post=24993"},{"taxonomy":"post_tag","embeddable":true,"href":"https:\/\/www.nonsolomodanews.it\/wordpress\/wp-json\/wp\/v2\/tags?post=24993"}],"curies":[{"name":"wp","href":"https:\/\/api.w.org\/{rel}","templated":true}]}}