{"id":2488,"date":"2013-09-30T19:48:49","date_gmt":"2013-09-30T19:48:49","guid":{"rendered":"http:\/\/nonsolomodanews.com\/?p=2488"},"modified":"2013-09-30T19:48:49","modified_gmt":"2013-09-30T19:48:49","slug":"federico-barbieri-come-fotografo-il-fashion","status":"publish","type":"post","link":"https:\/\/www.nonsolomodanews.it\/wordpress\/federico-barbieri-come-fotografo-il-fashion\/","title":{"rendered":"Federico Barbieri: Come fotografo il fashion"},"content":{"rendered":"\n\t\t<style>\n\t\t\t#gallery-1 {\n\t\t\t\tmargin: auto;\n\t\t\t}\n\t\t\t#gallery-1 .gallery-item {\n\t\t\t\tfloat: left;\n\t\t\t\tmargin-top: 10px;\n\t\t\t\ttext-align: center;\n\t\t\t\twidth: 33%;\n\t\t\t}\n\t\t\t#gallery-1 img {\n\t\t\t\tborder: 2px solid #cfcfcf;\n\t\t\t}\n\t\t\t#gallery-1 .gallery-caption {\n\t\t\t\tmargin-left: 0;\n\t\t\t}\n\t\t\t\/* see gallery_shortcode() in wp-includes\/media.php *\/\n\t\t<\/style>\n\t\t<div id='gallery-1' class='gallery galleryid-2488 gallery-columns-3 gallery-size-thumbnail'><dl class='gallery-item'>\n\t\t\t<dt class='gallery-icon portrait'>\n\t\t\t\t<a href='https:\/\/www.nonsolomodanews.it\/wordpress\/federico-barbieri-come-fotografo-il-fashion\/_mg_6099-exposure_22\/'><img loading=\"lazy\" decoding=\"async\" width=\"150\" height=\"150\" src=\"https:\/\/www.nonsolomodanews.it\/wordpress\/wp-content\/uploads\/2013\/09\/mg_6099-exposure_22-150x150.jpg\" class=\"attachment-thumbnail size-thumbnail\" alt=\"\" aria-describedby=\"gallery-1-2490\" \/><\/a>\n\t\t\t<\/dt>\n\t\t\t\t<dd class='wp-caption-text gallery-caption' id='gallery-1-2490'>\n\t\t\t\tPh. Federico Barbieri \n\u201dVenice in fashion\u201d\nModella: Nicole Bulgaru\nMake Up: Silvia Busso\n\t\t\t\t<\/dd><\/dl><dl class='gallery-item'>\n\t\t\t<dt class='gallery-icon portrait'>\n\t\t\t\t<a href='https:\/\/www.nonsolomodanews.it\/wordpress\/federico-barbieri-come-fotografo-il-fashion\/_mg_6097-exposure_22\/'><img loading=\"lazy\" decoding=\"async\" width=\"150\" height=\"150\" src=\"https:\/\/www.nonsolomodanews.it\/wordpress\/wp-content\/uploads\/2013\/09\/mg_6097-exposure_22-150x150.jpg\" class=\"attachment-thumbnail size-thumbnail\" alt=\"\" aria-describedby=\"gallery-1-2489\" \/><\/a>\n\t\t\t<\/dt>\n\t\t\t\t<dd class='wp-caption-text gallery-caption' id='gallery-1-2489'>\n\t\t\t\tPh. Federico Barbieri \n\u201dVenice in fashion\u201d\nModella: Nicole Bulgaru\nMake Up: Silvia Busso\n\t\t\t\t<\/dd><\/dl><dl class='gallery-item'>\n\t\t\t<dt class='gallery-icon portrait'>\n\t\t\t\t<a href='https:\/\/www.nonsolomodanews.it\/wordpress\/federico-barbieri-come-fotografo-il-fashion\/_mg_6163-exposure_22\/'><img loading=\"lazy\" decoding=\"async\" width=\"150\" height=\"150\" src=\"https:\/\/www.nonsolomodanews.it\/wordpress\/wp-content\/uploads\/2013\/09\/mg_6163-exposure_22-150x150.jpg\" class=\"attachment-thumbnail size-thumbnail\" alt=\"\" aria-describedby=\"gallery-1-2495\" \/><\/a>\n\t\t\t<\/dt>\n\t\t\t\t<dd class='wp-caption-text gallery-caption' id='gallery-1-2495'>\n\t\t\t\tPh. Federico Barbieri \n\u201dVenice in fashion\u201d\nModella: Nicole Bulgaru\nMake Up: Silvia Busso\n\t\t\t\t<\/dd><\/dl><br style=\"clear: both\" \/><dl class='gallery-item'>\n\t\t\t<dt class='gallery-icon landscape'>\n\t\t\t\t<a href='https:\/\/www.nonsolomodanews.it\/wordpress\/federico-barbieri-come-fotografo-il-fashion\/_mg_6103-exposure_22\/'><img loading=\"lazy\" decoding=\"async\" width=\"150\" height=\"150\" src=\"https:\/\/www.nonsolomodanews.it\/wordpress\/wp-content\/uploads\/2013\/09\/mg_6103-exposure_22-150x150.jpg\" class=\"attachment-thumbnail size-thumbnail\" alt=\"\" aria-describedby=\"gallery-1-2491\" \/><\/a>\n\t\t\t<\/dt>\n\t\t\t\t<dd class='wp-caption-text gallery-caption' id='gallery-1-2491'>\n\t\t\t\tPh. Federico Barbieri \n\u201dVenice in fashion\u201d\nModella: Nicole Bulgaru\nMake Up: Silvia Busso\n\t\t\t\t<\/dd><\/dl><dl class='gallery-item'>\n\t\t\t<dt class='gallery-icon portrait'>\n\t\t\t\t<a href='https:\/\/www.nonsolomodanews.it\/wordpress\/federico-barbieri-come-fotografo-il-fashion\/_mg_6108-exposure_22\/'><img loading=\"lazy\" decoding=\"async\" width=\"150\" height=\"150\" src=\"https:\/\/www.nonsolomodanews.it\/wordpress\/wp-content\/uploads\/2013\/09\/mg_6108-exposure_22-150x150.jpg\" class=\"attachment-thumbnail size-thumbnail\" alt=\"\" aria-describedby=\"gallery-1-2492\" \/><\/a>\n\t\t\t<\/dt>\n\t\t\t\t<dd class='wp-caption-text gallery-caption' id='gallery-1-2492'>\n\t\t\t\tPh. Federico Barbieri \n\u201dVenice in fashion\u201d\nModella: Nicole Bulgaru\nMake Up: Silvia Busso\n\t\t\t\t<\/dd><\/dl><dl class='gallery-item'>\n\t\t\t<dt class='gallery-icon portrait'>\n\t\t\t\t<a href='https:\/\/www.nonsolomodanews.it\/wordpress\/federico-barbieri-come-fotografo-il-fashion\/_mg_6112-exposure_22\/'><img loading=\"lazy\" decoding=\"async\" width=\"150\" height=\"150\" src=\"https:\/\/www.nonsolomodanews.it\/wordpress\/wp-content\/uploads\/2013\/09\/mg_6112-exposure_22-150x150.jpg\" class=\"attachment-thumbnail size-thumbnail\" alt=\"\" aria-describedby=\"gallery-1-2493\" \/><\/a>\n\t\t\t<\/dt>\n\t\t\t\t<dd class='wp-caption-text gallery-caption' id='gallery-1-2493'>\n\t\t\t\tPh. Federico Barbieri \n\u201dVenice in fashion\u201d\nModella: Nicole Bulgaru\nMake Up: Silvia Busso\n\t\t\t\t<\/dd><\/dl><br style=\"clear: both\" \/><dl class='gallery-item'>\n\t\t\t<dt class='gallery-icon landscape'>\n\t\t\t\t<a href='https:\/\/www.nonsolomodanews.it\/wordpress\/federico-barbieri-come-fotografo-il-fashion\/_mg_6161-exposure_22\/'><img loading=\"lazy\" decoding=\"async\" width=\"150\" height=\"150\" src=\"https:\/\/www.nonsolomodanews.it\/wordpress\/wp-content\/uploads\/2013\/09\/mg_6161-exposure_22-150x150.jpg\" class=\"attachment-thumbnail size-thumbnail\" alt=\"\" aria-describedby=\"gallery-1-2494\" \/><\/a>\n\t\t\t<\/dt>\n\t\t\t\t<dd class='wp-caption-text gallery-caption' id='gallery-1-2494'>\n\t\t\t\tPh. Federico Barbieri \n\u201dVenice in fashion\u201d\nModella: Nicole Bulgaru\nMake Up: Silvia Busso\n\t\t\t\t<\/dd><\/dl><dl class='gallery-item'>\n\t\t\t<dt class='gallery-icon portrait'>\n\t\t\t\t<a href='https:\/\/www.nonsolomodanews.it\/wordpress\/federico-barbieri-come-fotografo-il-fashion\/_mg_6165-exposure_22\/'><img loading=\"lazy\" decoding=\"async\" width=\"150\" height=\"150\" src=\"https:\/\/www.nonsolomodanews.it\/wordpress\/wp-content\/uploads\/2013\/09\/mg_6165-exposure_22-150x150.jpg\" class=\"attachment-thumbnail size-thumbnail\" alt=\"\" aria-describedby=\"gallery-1-2496\" \/><\/a>\n\t\t\t<\/dt>\n\t\t\t\t<dd class='wp-caption-text gallery-caption' id='gallery-1-2496'>\n\t\t\t\tPh. Federico Barbieri \n\u201dVenice in fashion\u201d\nModella: Nicole Bulgaru\nMake Up: Silvia Busso\n\t\t\t\t<\/dd><\/dl>\n\t\t\t<br style='clear: both' \/>\n\t\t<\/div>\n\n<p style=\"text-align:justify;\">Sono un ragazzo di Ferrara, appassionato da un anno alla fotografia di moda, o forse meglio <span style=\"color:#000000;\">conosciuta come fashion photography. Non so spiegare bene come sia nata questa passione, \u00e8 successo e basta: a piccoli passi, ho capito come muovermi e piano piano ho portato a casa scatti sempre pi\u00f9 soddisfacenti.\u00a0<\/span><span style=\"color:#000000;\">Sin dall&#8217;inizio era come se mi trovassi nel posto giusto al momento giusto, cio\u00e8 ho capito fin da subito che non era \u201cuna cosa tanto per provare\u201d, ma la mia strada. Da l\u00ec mi sono buttato a capofitto su libri e riviste, sia tecniche che puramente visive, per farmi l&#8217;occhio e capire quale era il mio stile, che da l\u00ec a poco sarebbe uscito fuori. La padronanza tecnica nella fotografia \u00e8 fondamentale, soprattutto quando si ha a che fare con altre persone riprese, perch\u00e9 si deve interagire con loro e soprattutto farsi\u00a0<\/span><span style=\"color:#000000;\">capire. Quindi la gestione della modella \u00e8 importante quanto la tecnica; il fotografo \u00e8 il regista di un copione scritto da lui stesso e deve farlo interpretare alla modella al fine di trasmettere emozioni e sentimenti, che devono essere attinenti alla location e\u00a0<\/span><span style=\"color:#000000;\">all&#8217;outfit. Preferisco scattare in esterna, per avere pi\u00f9 variet\u00e0 di location e di illuminazione, ma soprattutto per creare e mostrare<\/span><\/p>\n<div id=\"attachment_2496\" style=\"width: 650px\" class=\"wp-caption alignright\"><a href=\"http:\/\/nonsolomodanews.files.wordpress.com\/2013\/09\/mg_6165-exposure_22.jpg\"><img loading=\"lazy\" decoding=\"async\" aria-describedby=\"caption-attachment-2496\" class=\"size-large wp-image-2496\" alt=\"Ph. Federico Barbieri  \u201dVenice in fashion\u201d Modella: Nicole Bulgaru Make Up: Silvia Busso\" src=\"http:\/\/nonsolomodanews.files.wordpress.com\/2013\/09\/mg_6165-exposure_22.jpg?w=640\" width=\"640\" height=\"960\" srcset=\"https:\/\/www.nonsolomodanews.it\/wordpress\/wp-content\/uploads\/2013\/09\/mg_6165-exposure_22.jpg 816w, https:\/\/www.nonsolomodanews.it\/wordpress\/wp-content\/uploads\/2013\/09\/mg_6165-exposure_22-200x300.jpg 200w, https:\/\/www.nonsolomodanews.it\/wordpress\/wp-content\/uploads\/2013\/09\/mg_6165-exposure_22-682x1024.jpg 682w\" sizes=\"auto, (max-width: 640px) 100vw, 640px\" \/><\/a><p id=\"caption-attachment-2496\" class=\"wp-caption-text\">Ph. Federico Barbieri<br \/>\u201dVenice in fashion\u201d<br \/>Modella: Nicole Bulgaru<br \/>Make Up: Silvia Busso<\/p><\/div>\n<p style=\"text-align:justify;\"><span style=\"color:#000000;\">un&#8217;ambientazione che faccia da contorno e da cornice alla modella. Mi piace scattare utilizzando anche flash in abbinamento alla luce naturale, per creare un atmosfera pi\u00f9 ricercata e teatrale alla foto. Prima di ogni shooting \u00e8 fondamentale previsualizzare ci\u00f2 che<\/span><\/p>\n<div id=\"attachment_2491\" style=\"width: 650px\" class=\"wp-caption alignleft\"><a href=\"http:\/\/nonsolomodanews.files.wordpress.com\/2013\/09\/mg_6103-exposure_22.jpg\"><img loading=\"lazy\" decoding=\"async\" aria-describedby=\"caption-attachment-2491\" class=\"size-large wp-image-2491\" alt=\"Ph. Federico Barbieri  \u201dVenice in fashion\u201d Modella: Nicole Bulgaru Make Up: Silvia Busso\" src=\"http:\/\/nonsolomodanews.files.wordpress.com\/2013\/09\/mg_6103-exposure_22.jpg?w=640\" width=\"640\" height=\"426\" srcset=\"https:\/\/www.nonsolomodanews.it\/wordpress\/wp-content\/uploads\/2013\/09\/mg_6103-exposure_22.jpg 1225w, https:\/\/www.nonsolomodanews.it\/wordpress\/wp-content\/uploads\/2013\/09\/mg_6103-exposure_22-300x200.jpg 300w, https:\/\/www.nonsolomodanews.it\/wordpress\/wp-content\/uploads\/2013\/09\/mg_6103-exposure_22-1024x682.jpg 1024w, https:\/\/www.nonsolomodanews.it\/wordpress\/wp-content\/uploads\/2013\/09\/mg_6103-exposure_22-1080x719.jpg 1080w\" sizes=\"auto, (max-width: 640px) 100vw, 640px\" \/><\/a><p id=\"caption-attachment-2491\" class=\"wp-caption-text\">Ph. Federico Barbieri<br \/>\u201dVenice in fashion\u201d<br \/>Modella: Nicole Bulgaru<br \/>Make Up: Silvia Busso<\/p><\/div>\n<p style=\"text-align:justify;\"><span style=\"color:#000000;\">si va a fotografare, quindi \u00e8 bene scegliere la modella giusta, la location corretta e l&#8217;abbigliamento adatto al contesto. In\u00a0<\/span><span style=\"color:#000000;\">pratica si applica la ricerca dell&#8217;armonia, del buon senso e del buon gusto, a mio avviso, valori spesso travisati e trascurati da molti.\u00a0<\/span><span style=\"color:#000000;\">Durante lo shooting si cerca sempre di enfatizzare i lati positivi della modella, che possono essere lo sguardo, il sorriso, il volto ecc. Questo per dire che \u00e8 bene capire fin da subito quale modella fa a caso del fotografo e del contesto. Modelle adatte a scatti in stile fashion moderno possono non essere adatte a scatti in stile anni &#8217;50 e viceversa. \u00a0<\/span><span style=\"color:#000000;\">Dunque ci sono tanti fattori e se vogliamo pezzi di un puzzle, che devono combaciare per creare uno shooting ad hoc.\u00a0<\/span><\/p>\n<p style=\"text-align:justify;\">Ph. Federico Barbieri \u201dVenice in fashion\u201dModella: Nicole Bulgaru\u00a0Make Up: Silvia Busso<\/p>\n<p style=\"text-align:justify;\"><strong>Tutti i diritti riservati<\/strong><\/p>\n<p style=\"text-align:justify;\"><span style=\"color:#000000;\">\u00a0<\/span><\/p>\n","protected":false},"excerpt":{"rendered":"<p>Sono un ragazzo di Ferrara, appassionato da un anno alla fotografia di moda, o forse meglio conosciuta come fashion photography. Non so spiegare bene come sia nata questa passione, &egrave; successo e basta: a piccoli passi, ho capito come muovermi e piano piano ho portato a casa scatti sempre pi&ugrave; soddisfacenti.&nbsp;Sin dall&rsquo;inizio era come se mi trovassi nel posto giusto al momento giusto, cio&egrave; ho capito fin da subito che non era &ldquo;una cosa tanto per provare&rdquo;, ma la mia strada. Da l&igrave; mi sono buttato a capofitto su libri e riviste, sia tecniche che puramente visive, per farmi l&rsquo;occhio e capire quale era il mio stile, che da l&igrave; a poco sarebbe uscito fuori. La padronanza tecnica nella fotografia &egrave; fondamentale, soprattutto quando si ha a che fare con altre persone riprese, perch&eacute; si deve interagire con loro e soprattutto farsi&nbsp;capire. Quindi la gestione della modella &egrave; importante quanto la tecnica; il fotografo &egrave; il regista di un copione scritto da lui stesso e deve farlo interpretare alla modella al fine di trasmettere emozioni e sentimenti, che devono essere attinenti alla location e&nbsp;all&rsquo;outfit. Preferisco scattare in esterna, per avere pi&ugrave; variet&agrave; di location e di illuminazione, ma soprattutto per [&hellip;]<\/p>\n","protected":false},"author":1,"featured_media":0,"comment_status":"open","ping_status":"open","sticky":false,"template":"","format":"standard","meta":{"rop_custom_images_group":[],"rop_custom_messages_group":[],"rop_publish_now":"initial","rop_publish_now_accounts":[],"rop_publish_now_history":[],"rop_publish_now_status":"pending","footnotes":""},"categories":[16],"tags":[541,588,882,1036,1087,1098],"class_list":["post-2488","post","type-post","status-publish","format-standard","hentry","category-articolo","tag-federico-barbier","tag-fotomodella","tag-make-up-silvia-busso","tag-modella","tag-nicole-bulgaru","tag-nonsolomdanews"],"_links":{"self":[{"href":"https:\/\/www.nonsolomodanews.it\/wordpress\/wp-json\/wp\/v2\/posts\/2488","targetHints":{"allow":["GET"]}}],"collection":[{"href":"https:\/\/www.nonsolomodanews.it\/wordpress\/wp-json\/wp\/v2\/posts"}],"about":[{"href":"https:\/\/www.nonsolomodanews.it\/wordpress\/wp-json\/wp\/v2\/types\/post"}],"author":[{"embeddable":true,"href":"https:\/\/www.nonsolomodanews.it\/wordpress\/wp-json\/wp\/v2\/users\/1"}],"replies":[{"embeddable":true,"href":"https:\/\/www.nonsolomodanews.it\/wordpress\/wp-json\/wp\/v2\/comments?post=2488"}],"version-history":[{"count":0,"href":"https:\/\/www.nonsolomodanews.it\/wordpress\/wp-json\/wp\/v2\/posts\/2488\/revisions"}],"wp:attachment":[{"href":"https:\/\/www.nonsolomodanews.it\/wordpress\/wp-json\/wp\/v2\/media?parent=2488"}],"wp:term":[{"taxonomy":"category","embeddable":true,"href":"https:\/\/www.nonsolomodanews.it\/wordpress\/wp-json\/wp\/v2\/categories?post=2488"},{"taxonomy":"post_tag","embeddable":true,"href":"https:\/\/www.nonsolomodanews.it\/wordpress\/wp-json\/wp\/v2\/tags?post=2488"}],"curies":[{"name":"wp","href":"https:\/\/api.w.org\/{rel}","templated":true}]}}