{"id":24788,"date":"2023-06-18T22:16:55","date_gmt":"2023-06-18T22:16:55","guid":{"rendered":"https:\/\/www.nonsolomodanews.it\/wordpress\/?p=24788"},"modified":"2023-06-18T22:16:55","modified_gmt":"2023-06-18T22:16:55","slug":"grande-successo-al-pitti-uomo-104-per-brand-di-borse-di-lusso-elisa-burlamacchi","status":"publish","type":"post","link":"https:\/\/www.nonsolomodanews.it\/wordpress\/grande-successo-al-pitti-uomo-104-per-brand-di-borse-di-lusso-elisa-burlamacchi\/","title":{"rendered":"Grande successo al Pitti Uomo 104 per brand di borse di lusso Elisa Burlamacchi"},"content":{"rendered":"<p><span style=\"color: #000000;\"><img loading=\"lazy\" decoding=\"async\" class=\"size-medium wp-image-24790 alignleft\" src=\"https:\/\/www.nonsolomodanews.it\/wordpress\/wp-content\/uploads\/2023\/06\/Elisa-Burlamacchi-3-214x300.jpg\" alt=\"\" width=\"214\" height=\"300\" srcset=\"https:\/\/www.nonsolomodanews.it\/wordpress\/wp-content\/uploads\/2023\/06\/Elisa-Burlamacchi-3-214x300.jpg 214w, https:\/\/www.nonsolomodanews.it\/wordpress\/wp-content\/uploads\/2023\/06\/Elisa-Burlamacchi-3.jpg 457w\" sizes=\"auto, (max-width: 214px) 100vw, 214px\" \/>In occasione di <strong>Pitti Uomo edizione n.104<\/strong>, presso il Four Seasons Hotel, \u00e8 stato presentato il nuovo <strong>brand ELISA BURLAMACCHI<\/strong>, che introduce nel mondo della moda un nuovo stile e tendenza dove il lusso sposa la nobilt\u00e0 come essenza e non solo come etichetta.<\/span><\/p>\n<p><span style=\"color: #000000;\"><!--more--><\/span><\/p>\n<p><span style=\"color: #000000;\">Fondato nel 2021 da <strong>Elisa Saccomano Rocchi Burlamacchi<\/strong>, appartenente alla nota famiglia storica toscana dei marchesi Burlamacchi, il brand attraverso le sue creazioni vuole esaltare il made in Italy d\u2019eccellenza, selezionando le materie prime pi\u00f9 prestigiose nel territorio toscano, esaltando la migliore lavorazione delle pelli ma anche l\u2019arte orafa fiorentina. Caratteristica delle creazioni infatti \u00e8 la presenza di un diamante nella targhetta in oro loggata, e negli accessori progettati su misura con galvanica in oro in misura tale da farne delle vere e proprie borse gioiello. Un Brand che esprime eleganza e prestigio e che esalta in chi le indossa un\u2019autorevole bellezza.<\/span><\/p>\n<p><span style=\"color: #000000;\">\u201c<em>Un brand, che pu\u00f2 portare davvero avanti un Made in Italy autentico, non dovendo sottostare alle logiche di una produzione industrializzata e di massa. Ho creato questo Brand, partendo dal punto zero. Non avendo nessuna conoscenza del mondo della pelletteria. Eppure, inseguendo fortemente questo sogno, questa visione, ho realizzato ci\u00f2 che sembrava impossibile. Possiamo realizzare tutto ci\u00f2 che la nostra mente riesce a concepire e la nostra vita \u00e8 la realizzazione dei nostri pensieri. Il Divino \u00e8 in noi poich\u00e9 siamo esseri creatori. Rendiamo visibile ci\u00f2 che all\u2019inizio \u00e8 visibile solo alla nostra mente<\/em>\u201d. <strong>Elisa Burlamacchi<\/strong><\/span><\/p>\n<p><span style=\"color: #000000;\"><strong>Company Profile<\/strong><\/span><\/p>\n<p><span style=\"color: #000000;\"><strong>Elisa Saccomano Rocchi Burlamacchi<\/strong> nasce a Firenze, laurea in Scienze Politiche Relazioni Internazionali e diploma presso il Conservatorio di Musica Cherubini. Nel 2021 fonda il Brand ELISA BURLAMACCHI con la Mission di riportare in auge il concetto di Nobilt\u00e0, oggi pi\u00f9 attuale che mai, attraverso un Brand di lusso italiano che esalta il MADE in ITALY, cosi tanto amato e apprezzato nel mondo.<\/span><\/p>\n<p><span style=\"color: #000000;\">Comunicato Stampa<\/span><\/p>\n<p style=\"text-align: center;\"><span style=\"color: #000000;\">Tutti i diritti riservati \u00a9 2023 \u2013 Email: nonsolomodanews@nonsolomodanews.it<\/span><\/p>\n","protected":false},"excerpt":{"rendered":"<p>In occasione di Pitti Uomo edizione n.104, presso il Four Seasons Hotel, &egrave; stato presentato il nuovo brand ELISA BURLAMACCHI, che introduce nel mondo della moda un nuovo stile e tendenza dove il lusso sposa la nobilt&agrave; come essenza e non solo come etichetta.<\/p>\n","protected":false},"author":1,"featured_media":24789,"comment_status":"open","ping_status":"open","sticky":false,"template":"","format":"standard","meta":{"rop_custom_images_group":[],"rop_custom_messages_group":[],"rop_publish_now":"initial","rop_publish_now_accounts":[],"rop_publish_now_history":[],"rop_publish_now_status":"pending","footnotes":""},"categories":[16],"tags":[281,372,9353,2534,9322],"class_list":["post-24788","post","type-post","status-publish","format-standard","has-post-thumbnail","hentry","category-articolo","tag-bruno-angelo-porcellana","tag-comunicato-stampa-2","tag-elisa-saccomano-rocchi-burlamacchi","tag-pitti-immagine","tag-pitti-uomo-104"],"_links":{"self":[{"href":"https:\/\/www.nonsolomodanews.it\/wordpress\/wp-json\/wp\/v2\/posts\/24788","targetHints":{"allow":["GET"]}}],"collection":[{"href":"https:\/\/www.nonsolomodanews.it\/wordpress\/wp-json\/wp\/v2\/posts"}],"about":[{"href":"https:\/\/www.nonsolomodanews.it\/wordpress\/wp-json\/wp\/v2\/types\/post"}],"author":[{"embeddable":true,"href":"https:\/\/www.nonsolomodanews.it\/wordpress\/wp-json\/wp\/v2\/users\/1"}],"replies":[{"embeddable":true,"href":"https:\/\/www.nonsolomodanews.it\/wordpress\/wp-json\/wp\/v2\/comments?post=24788"}],"version-history":[{"count":3,"href":"https:\/\/www.nonsolomodanews.it\/wordpress\/wp-json\/wp\/v2\/posts\/24788\/revisions"}],"predecessor-version":[{"id":24793,"href":"https:\/\/www.nonsolomodanews.it\/wordpress\/wp-json\/wp\/v2\/posts\/24788\/revisions\/24793"}],"wp:featuredmedia":[{"embeddable":true,"href":"https:\/\/www.nonsolomodanews.it\/wordpress\/wp-json\/wp\/v2\/media\/24789"}],"wp:attachment":[{"href":"https:\/\/www.nonsolomodanews.it\/wordpress\/wp-json\/wp\/v2\/media?parent=24788"}],"wp:term":[{"taxonomy":"category","embeddable":true,"href":"https:\/\/www.nonsolomodanews.it\/wordpress\/wp-json\/wp\/v2\/categories?post=24788"},{"taxonomy":"post_tag","embeddable":true,"href":"https:\/\/www.nonsolomodanews.it\/wordpress\/wp-json\/wp\/v2\/tags?post=24788"}],"curies":[{"name":"wp","href":"https:\/\/api.w.org\/{rel}","templated":true}]}}