{"id":24742,"date":"2023-06-09T05:40:31","date_gmt":"2023-06-09T05:40:31","guid":{"rendered":"https:\/\/www.nonsolomodanews.it\/wordpress\/?p=24742"},"modified":"2023-06-09T05:40:31","modified_gmt":"2023-06-09T05:40:31","slug":"pitti-uomo-104-la-manifattura-calabrese-al-pitti-uomo-con-un-progetto-solidale","status":"publish","type":"post","link":"https:\/\/www.nonsolomodanews.it\/wordpress\/pitti-uomo-104-la-manifattura-calabrese-al-pitti-uomo-con-un-progetto-solidale\/","title":{"rendered":"Pitti Uomo 104. La manifattura Calabrese al Pitti Uomo con un progetto solidale"},"content":{"rendered":"<p><span style=\"color: #000000;\"><img loading=\"lazy\" decoding=\"async\" class=\"size-medium wp-image-24743 alignleft\" src=\"https:\/\/www.nonsolomodanews.it\/wordpress\/wp-content\/uploads\/2023\/06\/Gaetano_calabrese-Annalisa_Calbrese-300x281.webp\" alt=\"\" width=\"300\" height=\"281\" srcset=\"https:\/\/www.nonsolomodanews.it\/wordpress\/wp-content\/uploads\/2023\/06\/Gaetano_calabrese-Annalisa_Calbrese-300x281.webp 300w, https:\/\/www.nonsolomodanews.it\/wordpress\/wp-content\/uploads\/2023\/06\/Gaetano_calabrese-Annalisa_Calbrese-1024x958.webp 1024w, https:\/\/www.nonsolomodanews.it\/wordpress\/wp-content\/uploads\/2023\/06\/Gaetano_calabrese-Annalisa_Calbrese-768x719.webp 768w, https:\/\/www.nonsolomodanews.it\/wordpress\/wp-content\/uploads\/2023\/06\/Gaetano_calabrese-Annalisa_Calbrese-1080x1011.webp 1080w, https:\/\/www.nonsolomodanews.it\/wordpress\/wp-content\/uploads\/2023\/06\/Gaetano_calabrese-Annalisa_Calbrese.webp 1200w\" sizes=\"auto, (max-width: 300px) 100vw, 300px\" \/>La storica azienda napoletana\u00a0<strong>Calabrese 1924<\/strong>, eccellenza del made in Italy nella produzione di cravatte ed accessori per l\u2019eleganza maschile, presenter\u00e0 al Pitti Uomo 104 una speciale capsule collection realizzata per<strong>\u00a0<\/strong>la non profit<strong>\u00a0Humane Society International (HSI)\/ Europe.<\/strong><\/span><\/p>\n<p><span style=\"color: #000000;\"><!--more--><\/span><\/p>\n<p><span style=\"color: #000000;\">La capsule dal titolo \u201cCalabrese 4PETS\u201d si compone di fazzoletti in cotone, da collo e da taschino, popolati da simpatici cani e gatti stilizzati, e dall\u2019allure vintage, dove dolcissimi bassotti immersi tra fiori color pastello si alternano ad eleganti felini in papillons. La capsule sar\u00e0 in vendita esclusivamente sull\u2019online della non profit Humane Society International (HSI)\/Europe, una organizzazione Internazionale per la salvaguardia di tutti gli animali, per la raccolta fondi a favore della mission.<\/span><\/p>\n<p><span style=\"color: #000000;\">Oggi l\u2019azienda Calabrese 1924 \u00e8 guidata da Annalisa, quarta generazione di una famiglia di imprenditori della cravatta. Tutto ha inizio negli anni \u201920 del secolo scorso con\u00a0Eugenio Calabrese che per un brevissimo periodo fu affiancato dal fratello Antonio.\u00a0Con lo scoppio del secondo conflitto mondiale la fabbrica fu dismessa. Fu\u00a0Francesco Calabrese\u00a0nel dopoguerra ad affrontare una nuova sfida: riprendere in mano l\u2019eredit\u00e0 paterna. La prima difficolt\u00e0, per la ripresa della produzione, fu il reperire la materia prima: la seta. Una ricerca difficile che alla fine lo port\u00f2 a conoscere un grossista napoletano che riusc\u00ec a fornirgli unicamente dei tessuti per confezionare abiti da bambini: colori chiari, fiorellini, stampe, micro fantasie. Part\u00ec con questi per dare continuit\u00e0 a quella tradizione che non doveva e non poteva morire. Intorno agli anni \u201960 ormai aveva raggiunto un grande successo con le sue cravatte dall\u2019etichetta:\u00a0F. Calabrese\u201d. All\u2019epoca era uno dei cravattifici pi\u00f9 antichi, nonch\u00e9 tra i pochi in Europa, vantando clienti sparsi in tutto il vecchio continente e anche oltreoceano. Gli anni trascorrono e le generazioni si rinnovano e la storia continua prima con\u00a0Gaetano Calabrese e poi, nel \u201991, con la figlia Annalisa. Un heritage da preservare e custodire, ci\u00f2 che fa la differenza. Oggi le cravatte Calabrese 1924 sono in vendita nelle pi\u00f9 raffinate boutique di tutto il mondo.<\/span><\/p>\n<p><span style=\"color: #000000;\"><img loading=\"lazy\" decoding=\"async\" class=\"size-medium wp-image-24745 aligncenter\" src=\"https:\/\/www.nonsolomodanews.it\/wordpress\/wp-content\/uploads\/2023\/06\/annalisa_calabrese_titolare_calabrese_1924-300x200.jpg\" alt=\"\" width=\"300\" height=\"200\" srcset=\"https:\/\/www.nonsolomodanews.it\/wordpress\/wp-content\/uploads\/2023\/06\/annalisa_calabrese_titolare_calabrese_1924-300x200.jpg 300w, https:\/\/www.nonsolomodanews.it\/wordpress\/wp-content\/uploads\/2023\/06\/annalisa_calabrese_titolare_calabrese_1924-1024x683.jpg 1024w, https:\/\/www.nonsolomodanews.it\/wordpress\/wp-content\/uploads\/2023\/06\/annalisa_calabrese_titolare_calabrese_1924-768x512.jpg 768w, https:\/\/www.nonsolomodanews.it\/wordpress\/wp-content\/uploads\/2023\/06\/annalisa_calabrese_titolare_calabrese_1924-1080x721.jpg 1080w, https:\/\/www.nonsolomodanews.it\/wordpress\/wp-content\/uploads\/2023\/06\/annalisa_calabrese_titolare_calabrese_1924.jpg 1160w\" sizes=\"auto, (max-width: 300px) 100vw, 300px\" \/><\/span><\/p>\n<p>&nbsp;<\/p>\n<p><span style=\"color: #000000;\"><strong>Save The Date<\/strong><\/span><br \/>\n<span style=\"color: #000000;\"><strong>\u201cCalabrese 4PETS\u201d<\/strong><\/span><br \/>\n<span style=\"color: #000000;\"><strong>13 giugno <\/strong><\/span><br \/>\n<span style=\"color: #000000;\"><strong>Ore 11:00-16:00<\/strong><\/span><br \/>\n<span style=\"color: #000000;\"><strong>Fortezza da Basso, stand Calabrese 1924<\/strong><\/span><\/p>\n<p>&nbsp;<\/p>\n<p style=\"text-align: center;\"><span style=\"color: #000000;\">Tutti i diritti riservati \u00a9 2023 \u2013 Email: nonsolomodanews@nonsolomodanews.it<\/span><\/p>\n<p>&nbsp;<\/p>\n","protected":false},"excerpt":{"rendered":"<p>La storica azienda napoletana&nbsp;Calabrese 1924, eccellenza del made in Italy nella produzione di cravatte ed accessori per l&rsquo;eleganza maschile, presenter&agrave; al Pitti Uomo 104 una speciale capsule collection realizzata per&nbsp;la non profit&nbsp;Humane Society International (HSI)\/ Europe.<\/p>\n","protected":false},"author":1,"featured_media":24744,"comment_status":"open","ping_status":"open","sticky":false,"template":"","format":"standard","meta":{"rop_custom_images_group":[],"rop_custom_messages_group":[],"rop_publish_now":"initial","rop_publish_now_accounts":[],"rop_publish_now_history":[],"rop_publish_now_status":"pending","footnotes":""},"categories":[16],"tags":[281,9329,1099,9322],"class_list":["post-24742","post","type-post","status-publish","format-standard","has-post-thumbnail","hentry","category-articolo","tag-bruno-angelo-porcellana","tag-manifattura-calabrese","tag-nonsolomodanews","tag-pitti-uomo-104"],"_links":{"self":[{"href":"https:\/\/www.nonsolomodanews.it\/wordpress\/wp-json\/wp\/v2\/posts\/24742","targetHints":{"allow":["GET"]}}],"collection":[{"href":"https:\/\/www.nonsolomodanews.it\/wordpress\/wp-json\/wp\/v2\/posts"}],"about":[{"href":"https:\/\/www.nonsolomodanews.it\/wordpress\/wp-json\/wp\/v2\/types\/post"}],"author":[{"embeddable":true,"href":"https:\/\/www.nonsolomodanews.it\/wordpress\/wp-json\/wp\/v2\/users\/1"}],"replies":[{"embeddable":true,"href":"https:\/\/www.nonsolomodanews.it\/wordpress\/wp-json\/wp\/v2\/comments?post=24742"}],"version-history":[{"count":2,"href":"https:\/\/www.nonsolomodanews.it\/wordpress\/wp-json\/wp\/v2\/posts\/24742\/revisions"}],"predecessor-version":[{"id":24747,"href":"https:\/\/www.nonsolomodanews.it\/wordpress\/wp-json\/wp\/v2\/posts\/24742\/revisions\/24747"}],"wp:featuredmedia":[{"embeddable":true,"href":"https:\/\/www.nonsolomodanews.it\/wordpress\/wp-json\/wp\/v2\/media\/24744"}],"wp:attachment":[{"href":"https:\/\/www.nonsolomodanews.it\/wordpress\/wp-json\/wp\/v2\/media?parent=24742"}],"wp:term":[{"taxonomy":"category","embeddable":true,"href":"https:\/\/www.nonsolomodanews.it\/wordpress\/wp-json\/wp\/v2\/categories?post=24742"},{"taxonomy":"post_tag","embeddable":true,"href":"https:\/\/www.nonsolomodanews.it\/wordpress\/wp-json\/wp\/v2\/tags?post=24742"}],"curies":[{"name":"wp","href":"https:\/\/api.w.org\/{rel}","templated":true}]}}