{"id":24440,"date":"2023-02-23T07:12:10","date_gmt":"2023-02-23T07:12:10","guid":{"rendered":"https:\/\/www.nonsolomodanews.it\/wordpress\/?p=24440"},"modified":"2023-02-23T07:12:10","modified_gmt":"2023-02-23T07:12:10","slug":"the-closet-levento-dedicato-ai-nuovi-talenti-della-moda-dello-styling-della-fotografia-e-dei-social-media-arriva-alla-mfw","status":"publish","type":"post","link":"https:\/\/www.nonsolomodanews.it\/wordpress\/the-closet-levento-dedicato-ai-nuovi-talenti-della-moda-dello-styling-della-fotografia-e-dei-social-media-arriva-alla-mfw\/","title":{"rendered":"THE CLOSET, l\u2019evento dedicato ai nuovi Talenti della Moda, dello Styling, della Fotografia e dei Social Media arriva alla MFW"},"content":{"rendered":"<p><strong><img loading=\"lazy\" decoding=\"async\" class=\"size-medium wp-image-24441 alignleft\" src=\"https:\/\/www.nonsolomodanews.it\/wordpress\/wp-content\/uploads\/2023\/02\/THE-CLOSET-presentazione-evento-240x300.png\" alt=\"\" width=\"240\" height=\"300\" srcset=\"https:\/\/www.nonsolomodanews.it\/wordpress\/wp-content\/uploads\/2023\/02\/THE-CLOSET-presentazione-evento-240x300.png 240w, https:\/\/www.nonsolomodanews.it\/wordpress\/wp-content\/uploads\/2023\/02\/THE-CLOSET-presentazione-evento-819x1024.png 819w, https:\/\/www.nonsolomodanews.it\/wordpress\/wp-content\/uploads\/2023\/02\/THE-CLOSET-presentazione-evento-768x960.png 768w, https:\/\/www.nonsolomodanews.it\/wordpress\/wp-content\/uploads\/2023\/02\/THE-CLOSET-presentazione-evento.png 1080w\" sizes=\"auto, (max-width: 240px) 100vw, 240px\" \/>THE CLOSET, l\u2019evento dedicato ai nuovi Talenti della Moda, dello Styling, della Fotografia e dei Social Media arriva alla Milano Fashion Week<\/strong><\/p>\n<p><strong>Milano, 24-25 Febbraio 2023 &#8211; <\/strong><strong>24 giovani stilisti e brand emergenti italiani e internazionali selezionati dalla piattaforma TFP Talents, 13 stilosissimi Influencer e un talentuoso team di giovani stylist, fotografi e hair &amp; make up artist. Questa \u00e8 la ricetta perfetta per un evento moda unico alla prossima Milano Fashion Week di Febbraio 2023.<\/strong><\/p>\n<p><!--more--><\/p>\n<p>La piattaforma per stilisti emergenti<strong> TFP Talents<\/strong> mette in mostra il talento Italiano e Internazionale in un evento di due giorni interamente dedicato alle nuove leve della moda e della comunicazione.<\/p>\n<p>Il 24 e 25 Febbraio 2023, dalle 10 alle 18, i brand emergenti di <strong>TFP Talents<\/strong> esporranno le loro collezioni nei magnifici e lussuosi spazi dello showroom <strong>Show-Hub Milano<\/strong> e avranno la grande opportunit\u00e0 di essere presentati da <strong>JESSICA AMENDOLA<\/strong> e di vedere indossate le loro creazioni da 12 importanti <strong>Influencer<\/strong> che saranno <strong>Special Guest<\/strong> dell\u2019evento:<\/p>\n<p><strong>ALESSIA PASQUALON &#8211; CHIARA LISCI &#8211; EVA LABOLO &#8211; FABIANA MATTUZZI &#8211; FABIANA RUSSO \u2013 JULIETA HERRERA &#8211; KATE CAVALIERE &#8211; MARIE BIONDINI &#8211; MARTA TORRE &#8211; NICCOL\u00d2 MAZZON &#8211; SAMUELA GRILLO &#8211; STEFANIA SECCI<\/strong><\/p>\n<p>Il pubblico invitato avr\u00e0 quindi anche l\u2019occasione di vedere come funziona il <em>\u201cdietro le quinte\u201d<\/em> di uno shooting fotografico realizzato dai giovani fotografi e stylist della <strong>Ferrari Fashion School <\/strong>e dagli hair &amp;make up artist di <strong>Diadema Academy<\/strong> e <strong>Atelier della Bellezza by Michela Pezzutti<\/strong>, in cui poseranno come modelli d\u2019eccezione gli Influencer ospiti di <strong>THE CLOSET<\/strong>.<\/p>\n<p>Guest Brand dell&#8217;evento sar\u00e0 <strong>CGM<\/strong> di <strong>Chiara Giulia Micoccio,<\/strong> designer e imprenditrice pugliese che presenter\u00e0 a THE CLOSET le sue iconiche t-shirt ecosostenibili che rappresentano il cerchio della vita, dell&#8217;armonia e dell&#8217;inclusivit\u00e0. <strong>CGM Luxury Experience,<\/strong> bellissimo showroom e boutique nel cuore di Lecce, supporta poi l&#8217;evento dando la possibilit\u00e0 ai designer di essere selezionati per grandi opportunit\u00e0 di visibilit\u00e0.<\/p>\n<p>Protagonisti dello shooting saranno i capi, gli accessori e i gioielli realizzati dai brand emergenti della piattaforma TFP Talents.<\/p>\n<p>Dall\u2019abbigliamento casual chic e d\u2019Avanguardia, agli accessori super fashion fino agli abiti da sera e da cerimonia e ai preziosi bijoux scultorei e gli occhiali pi\u00f9 di tendenza, con un focus particolare sulla moda sostenibile, sono <strong>24 i fashion &amp; accessory designer<\/strong> di altissimo livello che parteciperanno all\u2019evento da tutta Italia e dall\u2019estero.<\/p>\n<p>Ecco i nuovi Talenti che presenteranno le loro collezioni di moda donna, uomo e gender fluid, di accessori e gioielli:<\/p>\n<ul>\n<li><strong>AIDA\u2019S<\/strong> by Aida Aliaskarli, un brand di moda sostenibile e Slow Fashion che propone uno stile minimal e d\u2019Avanguardia sottolineato da una palette colori in cui dominano il nero e i toni neutri<\/li>\n<li>Alberto Maiorelli e il suo brand<strong> OTREBLA<\/strong>, nato per dar voce ad una visione a-gender e super urbana, che trae ispirazione dal mondo underground e dallo street style in capi particolari dal forte impatto visivo<\/li>\n<li><strong>ANDREANA BONO<\/strong>, un brand dal carattere forte e dallo stile altamente riconoscibile che vuole creare un mondo estetico in cui la ricerca della bellezza \u00e8 fatta di tanti piccoli piaceri, di eleganza e seduzione<\/li>\n<li><strong>ASIA CODEBUE<\/strong> \u00e8 un brand giovanile pensato per le donne che vogliono indossare abiti eleganti e comodi, semplici ma allo stesso tempo originali che trasmettono ottimismo e tranquillit\u00e0 grazie alle colorazioni tenui dei tessuti<\/li>\n<li><strong>BLENX CODE<\/strong> \u00e8 il brand della designer Beatrice D\u2019Alessandro, che crede nella body positivity e nell\u2019unicit\u00e0 delle persone, che dovrebbero sempre sentirsi orgogliose di quello che sono e dell\u2019aspetto del proprio corpo<\/li>\n<li><strong>CHIARA MESSINA<\/strong>, giovane designer che, attraverso la sperimentazione, la ricercatezza e l\u2019originalit\u00e0 vuole evocare silhouette senza tempo cristallizzate in sculture contemporanee<\/li>\n<li><strong>CINTHYA COSTA<\/strong>, designer Brasiliana che porta i colori e i decori della sua terra nella moda contemporanea fatta di abiti eleganti per il giorno e la sera, camicie scultoree e pezzi multicolor<\/li>\n<li><strong>CLO CLO<\/strong> by Claudia Garraffa \u00e8 un brand in cui arte, moda, artigianato si fondono mixando tradizione e innovazione attraverso tecniche e materiali utilizzati che uniscono la qualit\u00e0 e la tradizione sartoriale alla ricerca di tessuti e materiali insoliti<\/li>\n<li><strong>DIAPSO<\/strong> \u00e8 il nuovo brand creato dai designer Giuseppe Iannone e Elena Caraccio, che propongono una capsule collection raffinata e dai tagli particolari e ricercati nelle forme, nei volumi e nei dettagli<\/li>\n<\/ul>\n<ul>\n<li><strong>DON\u2019T NOD<\/strong> by Rossella D\u2019Urso e Paola Chierichella \u00e8 un brand che nasce con l\u2019obiettivo di contrastare gli aspetti critici della fast fashion attraverso un attento recupero del vintage e la ricerca di tessuti e processi sostenibili<\/li>\n<\/ul>\n<ul>\n<li><strong>EMMA MIGLIORE<\/strong> permea le sue collezioni con un senso di leggerezza e di libert\u00e0 che viene evocato dalle linee degli abiti, dai colori della natura e dalle delicate stampe floreali che arricchiscono gentilmente capi che strizzano l\u2019occhio al vintage<\/li>\n<li><strong>FEDERICO ROSSI<\/strong>, giovane stilista veneto che coniuga l\u2019amore per l\u2019Haute Couture con la freschezza dello street style, in una collezione romantica, sensuale e accattivante allo stesso tempo<\/li>\n<li><strong>FIGLI DELLE STELLE<\/strong> \u00e8 brand emergente di Andrew Ghisini e Francesca Lunardini, il cui obiettivo \u00e8 dare vita a una visione di moda e design personale e gender fluid, attraverso la visione e prova di capi unici basati sul riciclo, sull&#8217;artigianato e la sartorialit\u00e0<\/li>\n<li><strong>GIULIA GARF\u00cc<\/strong> si ispira all\u2019interiorit\u00e0 dell\u2019essere umano ricostruito attraverso metafore e temi astratti, in una visione personale lievemente Dark fatta di capi over, tessuti morbidi, drappeggi e colori scuri<\/li>\n<li><strong>GIULIA IOSCO<\/strong> \u00e8 una giovane jewelry designer e artista costantemente alla ricerca di ogni tipo di sperimentazione e contaminazione artistica in un dialogo continuo tra pigmento, materia e corpo<\/li>\n<li><strong>IVYGROOVY<\/strong> by Simona Agnello vuole esaltare la creativit\u00e0 e il particolare in ogni sua espressione, attraverso una personalit\u00e0 luminosa ed eccentrica che vuole essere un simbolo di forza e femminilit\u00e0<\/li>\n<li><strong>LORICO EYEWEAR<\/strong>, brand di occhiali luxury di Mattia Arrigoni e Riccardo Scrocco, si ispira ai fasti delle antichit\u00e0 romane attraverso visioni estetiche potenti e provocative che si esplicitano in forme geometriche di grande impatto<\/li>\n<li><strong>MARTI<\/strong> \u00e8 il brand della giovane designer Vanessa Becker, che rappresenta lo spirito libero, ricco di colore e di fantasia, di passione e rispetto per un mondo pi\u00f9 sostenibile e naturale<\/li>\n<\/ul>\n<ul>\n<li><strong>MARTINA BAVARO<\/strong>, designer biellese che ha coniato un nuovo tipo di eleganza portabile e raffinata, un \u201cserene luxury\u201d fatto di freschezza ed eleganza mai ostentata<\/li>\n<li><strong>MY<\/strong> <strong>SWESWI<\/strong> \u00e8 il brand della designer Africana Teps Mashabane, che si ispira alla tradizione della trib\u00f9 sudafricana Tsonga e al vasto arcipelago di culture della sua terra d\u2019origine, attraverso collezioni ricche di colore, bellezza e rispetto per le diversit\u00e0<\/li>\n<li><strong>MOROSETA<\/strong> \u00e8 il brand ideato dalla designer e influencer Martina Melchiorri che propone coloratissime borse realizzate esclusivamente a mano con tessuti riciclati e tecniche sostenibili e con una grandissima attenzione ai dettagli<\/li>\n<li><strong>RUJ HERITAGE<\/strong> \u00e8 il brand della designer di accessori Sofia Scarponi, che ha come focus principale la realizzazione handmade in Italia, l\u2019upcycling di materiali di alta qualit\u00e0 e la grande passione per la moda, il colore e il lusso sostenibile<\/li>\n<li><strong>TARAI<\/strong> by Tarai Makawa \u00e8 un brand internazionale pensato per far risaltare l\u2019unicit\u00e0 dell\u2019essere umano con capi realizzati artigianalmente in edizioni limitate e dalle esclusive e originali stampe ispirate al mondo africano<\/li>\n<\/ul>\n<ul>\n<li><strong>VALENTINA POLTRONIERI<\/strong> \u00e8 la giovane stilista della bergamasca che si sta facendo strada nel mondo della moda con il suo stile ispirato al viaggio, dinamico e ricco di entusiasmo e con le sue caratteristiche e fresche stampe multicolor<\/li>\n<\/ul>\n<p>L\u2019evento \u00e8 promosso da <strong>TFP TALENTS<\/strong>, piattaforma che vuole mettere in luce il talento dei nuovi creativi della moda Made in Italy attraverso iniziative e progetti come sfilate, fashion competition ed eventi, e che vuole aiutare i giovani fashion designer emergenti a creare e lanciare il loro brand attraverso servizi specializzati di fashion consulting e brand coaching.<\/p>\n<p><strong>\u00a0<\/strong><\/p>\n<p><strong>Partner ufficiali di THE CLOSET:<\/strong><\/p>\n<ul>\n<li><strong>SHOW-HUB MILANO<\/strong>, luogo di incontro tra arte, stile e business dove trovano spazio i migliori tessuti di pregio, i nuovi talenti della moda e del design contemporaneo, gli oggetti d\u2019arte pi\u00f9 visionari e il meglio della artigianalit\u00e0 Made in Italy<\/li>\n<li><strong>FERRARI FASHION SCHOOL<\/strong> \u00e8 l\u2019importante Accademia di Moda che opera da 20 anni nell\u2019ambito della formazione nel settore Moda e Lusso, innovando e formando nuove generazioni di professionisti con l\u2019obiettivo di trasmettere la passione, il \u201csapere\u201d e il Saper fare\u201d<\/li>\n<li><strong>DIADEMA ACADEMY<\/strong> \u00e8 una scuola di\u00a0alta formazione professionale\u00a0nel settore\u00a0beauty e benessere che unisce l\u2019alta qualit\u00e0 formativa ad un\u00a0approccio molto pratico ed esperienziale\u00a0che proietta gli studenti nei backstage di shooting fotografici, passerelle e nel mondo del lavoro gi\u00e0 durante il percorso di studi<\/li>\n<li><strong>CGM LUXURY EXPERIENCE<\/strong> \u00e8 un concept store dedicato allo stile e alla creativit\u00e0 che vuole sottolineare la bellezza del vero Made in Italy e il talento anche degli stilisti pi\u00f9 giovani e interessanti che si affacciano nel mondo della moda, i cui pezzi vengono scelti con cura e affiancati a quelli di artisti emergenti in un mix culturale ed estetico all&#8217;avanguardia<\/li>\n<li><strong>FEDERICA PEZZAROSSA EVENTS<\/strong>, nuova realt\u00e0 del mondo degli eventi moda e spettacolo nato dall\u2019idea dell\u2019omonima giovane imprenditrice, che vanta numerose esperienze con grandi brand del settore moda Made in Italy e nel settore dello styling e del fashion marketing<\/li>\n<li><strong>ATELIER DELLA BELLEZZA<\/strong> \u00e8 il nuovo centro estetico nato a Chiavari, in Liguria, da un\u2019idea della make up artist ed esperta di dermopigmentazione Michela Pezzutti, che propone alle proprie clienti un accurato servizio di beauty care in un ambiente armonioso e rilassato<\/li>\n<li><strong>MATILDE TONETTI<\/strong> \u00e8 un giovane talento del videomaking di origine genovese, da sempre con la passione per la cinepresa e tutto quello che riguarda il mondo del cinema e dei cortometraggi, che studia alla Accademia 09 di Milano<\/li>\n<\/ul>\n<p><strong>\u00a0<\/strong><\/p>\n<p><strong>THE CLOSET si terr\u00e0 Venerd\u00ec 24 e Sabato 25 Febbraio 2023 dalle ore 10 alle 18 presso lo showroom Show-Hub Milano, in via Morimondo 2\/3.<\/strong><\/p>\n<p style=\"text-align: center;\">Testo e immagini a cura <b>Ufficio stampa TFP TALENTS<\/b><br \/>\nTutti i diritti riservati \u00a9 2023 \u2013 Email: <a href=\"mailto:nonsolomodanews@gmail.com\">nonsolomodanews@gmail.com<style id=\"bwg-style-0\">      #bwg_container1_0 #bwg_container2_0 #bwg_mosaic_thumbnails_div_0 {        width: 100%;        position: relative;        background-color: rgba(255, 255, 255, 0.00);        text-align: center;        justify-content: center;                  margin-left: auto;          margin-right: auto;                    padding-left: 4px;          padding-top: 4px;                }          #bwg_container1_0 #bwg_container2_0 .bwg_mosaic_thumb_spun_0 {        display: block;        position: absolute;\t\t\t\tborder-radius: 0;\t\t\t\tborder: 0px none #CCCCCC;    \t\t    \t\tbackground-color:rgba(0,0,0, 0.30);        -moz-box-sizing: content-box !important;        -webkit-box-sizing: content-box !important;        box-sizing: content-box !important;      }\t\t\t#bwg_container1_0 #bwg_container2_0 .bwg_mosaic_thumb_0 {\t\t\t\tdisplay: block;\t\t\t\t-moz-box-sizing: content-box !important;\t\t\t\t-webkit-box-sizing: content-box !important;\t\t\t\tbox-sizing: content-box !important;\t\t\t\tmargin: 0;\t\t\t\topacity: 1.00;\t\t\t}      #bwg_container1_0 #bwg_container2_0 .bwg_mosaic_thumb_spun_0:hover {        opacity: 1;        backface-visibility: hidden;        -webkit-backface-visibility: hidden;        -moz-backface-visibility: hidden;        -ms-backface-visibility: hidden;        z-index: 102;      }\t      @media only screen and (min-width: 480px) {        #bwg_container1_0 #bwg_container2_0 .bwg_mosaic_thumb_spun_0:hover {          transform: scale(1.1);          -ms-transform: scale(1.1);          -webkit-transform: scale(1.1);        }      }\t      #bwg_container1_0 #bwg_container2_0 .bwg_mosaic_thumbnails_0 {        background-color: rgba(255, 255, 255, 0.00);        font-size: 0;        position: relative;        text-align: center;        display: inline-block;        visibility: hidden;              }\t  \/*image title styles*\/      #bwg_container1_0 #bwg_container2_0 .bwg_mosaic_title_spun1_0,      #bwg_container1_0 #bwg_container2_0 .bwg-mosaic-thumbnails .bwg_ecommerce_spun1_0 {        position: absolute;        display: block;        opacity: 0;        box-sizing: border-box;        text-align: center;\t\t\t\ttop: 50%;\t\t\t\tleft: 50%;\t\t\t\ttransform: translate(-50%, -50%);      }      #bwg_container1_0 #bwg_container2_0 .bwg-mosaic-thumbnails .bwg_mosaic_title_spun2_0,      #bwg_container1_0 #bwg_container2_0 .bwg-mosaic-thumbnails .bwg_ecommerce_spun2_0 {\t\t    color: #CCCCCC;        font-family: segoe ui;        font-size: 16px;        font-weight: bold;        text-shadow: 0px 0px 0px #888888;        vertical-align: middle;        word-wrap: break-word;      }            .bwg_mosaic_play_icon_spun_0 {        display: table;        position: absolute;        left: -10000px;        top: 0px;        opacity: 0;      }      .bwg_mosaic_play_icon_0 {        color: #CCCCCC;        font-size: 32px;        vertical-align: middle;        display: table-cell !important;        z-index: 1;        text-align: center;        margin: 0 auto;      }      #bwg_container1_0 #bwg_container2_0 .bwg_gal_title_0 {        background-color: rgba(0, 0, 0, 0);        color: #323A45;        display: block;        font-family: Ubuntu;        font-size: 16px;        font-weight: bold;        padding: 2px;        text-shadow: ;        text-align: center;      }            @media screen and (max-width: 350px) {      div[class^=\"bwg_mosaic_thumbnails_\"],      span[class^=\"bwg_mosaic_thumb_spun_\"] {      width: 100% !important;      }      img[class^=\"bwg_mosaic_thumb_\"] {      width: 100% !important;      height: auto !important;      margin: 0px auto !important;      }      }      <\/style>    <div id=\"bwg_container1_0\"         class=\"bwg_container bwg_thumbnail bwg_thumbnails_mosaic \"         data-right-click-protection=\"0\"         data-bwg=\"0\"         data-scroll=\"0\"         data-gallery-type=\"thumbnails_mosaic\"         data-gallery-view-type=\"thumbnails_mosaic\"         data-current-url=\"\/wordpress\/wp-json\/wp\/v2\/posts\/24440\"         data-lightbox-url=\"https:\/\/www.nonsolomodanews.it\/wordpress\/wp-admin\/admin-ajax.php?action=GalleryBox&#038;current_view=0&#038;gallery_id=668&#038;tag=0&#038;theme_id=1&#038;shortcode_id=1351&#038;sort_by=filename&#038;order_by=asc&#038;current_url=%2Fwordpress%2Fwp-json%2Fwp%2Fv2%2Fposts%2F24440\"         data-gallery-id=\"668\"         data-popup-width=\"800\"         data-popup-height=\"500\"         data-is-album=\"gallery\"         data-buttons-position=\"bottom\">      <div id=\"bwg_container2_0\">             <div id=\"ajax_loading_0\" class=\"bwg_loading_div_1\">      <div class=\"bwg_loading_div_2\">        <div class=\"bwg_loading_div_3\">          <div id=\"loading_div_0\" class=\"bwg_spider_ajax_loading\">          <\/div>        <\/div>      <\/div>    <\/div>            <form id=\"gal_front_form_0\"              class=\"bwg-hidden\"              method=\"post\"              action=\"#\"              data-current=\"0\"              data-shortcode-id=\"1351\"              data-gallery-type=\"thumbnails_mosaic\"              data-gallery-id=\"668\"              data-tag=\"0\"              data-album-id=\"0\"              data-theme-id=\"1\"              data-ajax-url=\"https:\/\/www.nonsolomodanews.it\/wordpress\/wp-admin\/admin-ajax.php?action=bwg_frontend_data\">          <div id=\"bwg_container3_0\" class=\"bwg-background bwg-background-0\">                <div id=\"bwg_mosaic_thumbnails_div_0\"         class=\"bwg-container-0 bwg-container bwg-mosaic-thumbnails\"         data-bwg=\"0\"         data-mosaic-direction=\"vertical\"         data-resizable=\"0\"         data-width=\"250\"         data-height=\"250\"         data-total-width=\"100\"         data-block-id=\"bwg_thumbnails_mosaic_0\"         data-thumb-padding=\"4\"         data-thumb-border=\"0\"         data-title-margin=\"2px\"         data-image-title=\"none\"         data-play-icon=\"1\"         data-ecommerce-icon=\"none\"         data-gallery-id=\"668\"         data-lightbox-url=\"https:\/\/www.nonsolomodanews.it\/wordpress\/wp-admin\/admin-ajax.php?action=GalleryBox&#038;current_view=0&#038;gallery_id=668&#038;tag=0&#038;theme_id=1&#038;shortcode_id=1351&#038;sort_by=filename&#038;order_by=asc&#038;current_url=%2Fwordpress%2Fwp-json%2Fwp%2Fv2%2Fposts%2F24440\"         data-mosaic-thumb-transition=\"1\"         style=\"visibility: hidden\" >      <div id=\"bwg_thumbnails_mosaic_0\" class=\"bwg_mosaic_thumbnails_0\">                  <a  class=\"bwg-a bwg_lightbox bwg_lightbox_0\" href=\"https:\/\/www.nonsolomodanews.it\/wordpress\/wp-content\/uploads\/photo-gallery\/The_Closet\/THE-CLOSET-@-Milan-Fashion-Week-presentazione-brand-emergenti_Pagina_01.jpg?bwg=1677136003\" data-image-id=\"36574\" data-elementor-open-lightbox=\"no\">          <div class=\"bwg_mosaic_thumb_spun_0 bwg-item0 bwg-mosaic-thumb-span \">            <img decoding=\"async\" class=\"bwg_mosaic_thumb_0 skip-lazy bwg_img_clear bwg_img_custom \"                 id=\"36574\"                 src=\"https:\/\/www.nonsolomodanews.it\/wordpress\/wp-content\/uploads\/photo-gallery\/The_Closet\/thumb\/THE-CLOSET-@-Milan-Fashion-Week-presentazione-brand-emergenti_Pagina_01.jpg?bwg=1677136003\"                 data-src=\"https:\/\/www.nonsolomodanews.it\/wordpress\/wp-content\/uploads\/photo-gallery\/The_Closet\/thumb\/THE-CLOSET-@-Milan-Fashion-Week-presentazione-brand-emergenti_Pagina_01.jpg?bwg=1677136003\"                 data-width=\"300.00\"                 data-height=\"169.00\"                 alt=\"THE-CLOSET-@-Milan-Fashion-Week-presentazione-brand-emergenti Pagina 01\"                 title=\"THE-CLOSET-@-Milan-Fashion-Week-presentazione-brand-emergenti Pagina 01\" \/>                      <\/div>        <\/a>                <a  class=\"bwg-a bwg_lightbox bwg_lightbox_0\" href=\"https:\/\/www.nonsolomodanews.it\/wordpress\/wp-content\/uploads\/photo-gallery\/The_Closet\/THE-CLOSET-@-Milan-Fashion-Week-presentazione-brand-emergenti_Pagina_02.jpg?bwg=1677136003\" data-image-id=\"36573\" data-elementor-open-lightbox=\"no\">          <div class=\"bwg_mosaic_thumb_spun_0 bwg-item0 bwg-mosaic-thumb-span \">            <img decoding=\"async\" class=\"bwg_mosaic_thumb_0 skip-lazy bwg_img_clear bwg_img_custom \"                 id=\"36573\"                 src=\"https:\/\/www.nonsolomodanews.it\/wordpress\/wp-content\/uploads\/photo-gallery\/The_Closet\/thumb\/THE-CLOSET-@-Milan-Fashion-Week-presentazione-brand-emergenti_Pagina_02.jpg?bwg=1677136003\"                 data-src=\"https:\/\/www.nonsolomodanews.it\/wordpress\/wp-content\/uploads\/photo-gallery\/The_Closet\/thumb\/THE-CLOSET-@-Milan-Fashion-Week-presentazione-brand-emergenti_Pagina_02.jpg?bwg=1677136003\"                 data-width=\"300.00\"                 data-height=\"169.00\"                 alt=\"THE-CLOSET-@-Milan-Fashion-Week-presentazione-brand-emergenti Pagina 02\"                 title=\"THE-CLOSET-@-Milan-Fashion-Week-presentazione-brand-emergenti Pagina 02\" \/>                      <\/div>        <\/a>                <a  class=\"bwg-a bwg_lightbox bwg_lightbox_0\" href=\"https:\/\/www.nonsolomodanews.it\/wordpress\/wp-content\/uploads\/photo-gallery\/The_Closet\/THE-CLOSET-@-Milan-Fashion-Week-presentazione-brand-emergenti_Pagina_03.jpg?bwg=1677136003\" data-image-id=\"36571\" data-elementor-open-lightbox=\"no\">          <div class=\"bwg_mosaic_thumb_spun_0 bwg-item0 bwg-mosaic-thumb-span \">            <img decoding=\"async\" class=\"bwg_mosaic_thumb_0 skip-lazy bwg_img_clear bwg_img_custom \"                 id=\"36571\"                 src=\"https:\/\/www.nonsolomodanews.it\/wordpress\/wp-content\/uploads\/photo-gallery\/The_Closet\/thumb\/THE-CLOSET-@-Milan-Fashion-Week-presentazione-brand-emergenti_Pagina_03.jpg?bwg=1677136003\"                 data-src=\"https:\/\/www.nonsolomodanews.it\/wordpress\/wp-content\/uploads\/photo-gallery\/The_Closet\/thumb\/THE-CLOSET-@-Milan-Fashion-Week-presentazione-brand-emergenti_Pagina_03.jpg?bwg=1677136003\"                 data-width=\"300.00\"                 data-height=\"169.00\"                 alt=\"THE-CLOSET-@-Milan-Fashion-Week-presentazione-brand-emergenti Pagina 03\"                 title=\"THE-CLOSET-@-Milan-Fashion-Week-presentazione-brand-emergenti Pagina 03\" \/>                      <\/div>        <\/a>                <a  class=\"bwg-a bwg_lightbox bwg_lightbox_0\" href=\"https:\/\/www.nonsolomodanews.it\/wordpress\/wp-content\/uploads\/photo-gallery\/The_Closet\/THE-CLOSET-@-Milan-Fashion-Week-presentazione-brand-emergenti_Pagina_04.jpg?bwg=1677136003\" data-image-id=\"36570\" data-elementor-open-lightbox=\"no\">          <div class=\"bwg_mosaic_thumb_spun_0 bwg-item0 bwg-mosaic-thumb-span \">            <img decoding=\"async\" class=\"bwg_mosaic_thumb_0 skip-lazy bwg_img_clear bwg_img_custom \"                 id=\"36570\"                 src=\"https:\/\/www.nonsolomodanews.it\/wordpress\/wp-content\/uploads\/photo-gallery\/The_Closet\/thumb\/THE-CLOSET-@-Milan-Fashion-Week-presentazione-brand-emergenti_Pagina_04.jpg?bwg=1677136003\"                 data-src=\"https:\/\/www.nonsolomodanews.it\/wordpress\/wp-content\/uploads\/photo-gallery\/The_Closet\/thumb\/THE-CLOSET-@-Milan-Fashion-Week-presentazione-brand-emergenti_Pagina_04.jpg?bwg=1677136003\"                 data-width=\"300.00\"                 data-height=\"168.00\"                 alt=\"THE-CLOSET-@-Milan-Fashion-Week-presentazione-brand-emergenti Pagina 04\"                 title=\"THE-CLOSET-@-Milan-Fashion-Week-presentazione-brand-emergenti Pagina 04\" \/>                      <\/div>        <\/a>                <a  class=\"bwg-a bwg_lightbox bwg_lightbox_0\" href=\"https:\/\/www.nonsolomodanews.it\/wordpress\/wp-content\/uploads\/photo-gallery\/The_Closet\/THE-CLOSET-@-Milan-Fashion-Week-presentazione-brand-emergenti_Pagina_05.jpg?bwg=1677136003\" data-image-id=\"36572\" data-elementor-open-lightbox=\"no\">          <div class=\"bwg_mosaic_thumb_spun_0 bwg-item0 bwg-mosaic-thumb-span \">            <img decoding=\"async\" class=\"bwg_mosaic_thumb_0 skip-lazy bwg_img_clear bwg_img_custom \"                 id=\"36572\"                 src=\"https:\/\/www.nonsolomodanews.it\/wordpress\/wp-content\/uploads\/photo-gallery\/The_Closet\/thumb\/THE-CLOSET-@-Milan-Fashion-Week-presentazione-brand-emergenti_Pagina_05.jpg?bwg=1677136003\"                 data-src=\"https:\/\/www.nonsolomodanews.it\/wordpress\/wp-content\/uploads\/photo-gallery\/The_Closet\/thumb\/THE-CLOSET-@-Milan-Fashion-Week-presentazione-brand-emergenti_Pagina_05.jpg?bwg=1677136003\"                 data-width=\"300.00\"                 data-height=\"169.00\"                 alt=\"THE-CLOSET-@-Milan-Fashion-Week-presentazione-brand-emergenti Pagina 05\"                 title=\"THE-CLOSET-@-Milan-Fashion-Week-presentazione-brand-emergenti Pagina 05\" \/>                      <\/div>        <\/a>                <a  class=\"bwg-a bwg_lightbox bwg_lightbox_0\" href=\"https:\/\/www.nonsolomodanews.it\/wordpress\/wp-content\/uploads\/photo-gallery\/The_Closet\/THE-CLOSET-@-Milan-Fashion-Week-presentazione-brand-emergenti_Pagina_06.jpg?bwg=1677136003\" data-image-id=\"36567\" data-elementor-open-lightbox=\"no\">          <div class=\"bwg_mosaic_thumb_spun_0 bwg-item0 bwg-mosaic-thumb-span \">            <img decoding=\"async\" class=\"bwg_mosaic_thumb_0 skip-lazy bwg_img_clear bwg_img_custom \"                 id=\"36567\"                 src=\"https:\/\/www.nonsolomodanews.it\/wordpress\/wp-content\/uploads\/photo-gallery\/The_Closet\/thumb\/THE-CLOSET-@-Milan-Fashion-Week-presentazione-brand-emergenti_Pagina_06.jpg?bwg=1677136003\"                 data-src=\"https:\/\/www.nonsolomodanews.it\/wordpress\/wp-content\/uploads\/photo-gallery\/The_Closet\/thumb\/THE-CLOSET-@-Milan-Fashion-Week-presentazione-brand-emergenti_Pagina_06.jpg?bwg=1677136003\"                 data-width=\"300.00\"                 data-height=\"169.00\"                 alt=\"THE-CLOSET-@-Milan-Fashion-Week-presentazione-brand-emergenti Pagina 06\"                 title=\"THE-CLOSET-@-Milan-Fashion-Week-presentazione-brand-emergenti Pagina 06\" \/>                      <\/div>        <\/a>                <a  class=\"bwg-a bwg_lightbox bwg_lightbox_0\" href=\"https:\/\/www.nonsolomodanews.it\/wordpress\/wp-content\/uploads\/photo-gallery\/The_Closet\/THE-CLOSET-@-Milan-Fashion-Week-presentazione-brand-emergenti_Pagina_07.jpg?bwg=1677136003\" data-image-id=\"36568\" data-elementor-open-lightbox=\"no\">          <div class=\"bwg_mosaic_thumb_spun_0 bwg-item0 bwg-mosaic-thumb-span \">            <img decoding=\"async\" class=\"bwg_mosaic_thumb_0 skip-lazy bwg_img_clear bwg_img_custom \"                 id=\"36568\"                 src=\"https:\/\/www.nonsolomodanews.it\/wordpress\/wp-content\/uploads\/photo-gallery\/The_Closet\/thumb\/THE-CLOSET-@-Milan-Fashion-Week-presentazione-brand-emergenti_Pagina_07.jpg?bwg=1677136003\"                 data-src=\"https:\/\/www.nonsolomodanews.it\/wordpress\/wp-content\/uploads\/photo-gallery\/The_Closet\/thumb\/THE-CLOSET-@-Milan-Fashion-Week-presentazione-brand-emergenti_Pagina_07.jpg?bwg=1677136003\"                 data-width=\"300.00\"                 data-height=\"169.00\"                 alt=\"THE-CLOSET-@-Milan-Fashion-Week-presentazione-brand-emergenti Pagina 07\"                 title=\"THE-CLOSET-@-Milan-Fashion-Week-presentazione-brand-emergenti Pagina 07\" \/>                      <\/div>        <\/a>                <a  class=\"bwg-a bwg_lightbox bwg_lightbox_0\" href=\"https:\/\/www.nonsolomodanews.it\/wordpress\/wp-content\/uploads\/photo-gallery\/The_Closet\/THE-CLOSET-@-Milan-Fashion-Week-presentazione-brand-emergenti_Pagina_08.jpg?bwg=1677136003\" data-image-id=\"36569\" data-elementor-open-lightbox=\"no\">          <div class=\"bwg_mosaic_thumb_spun_0 bwg-item0 bwg-mosaic-thumb-span \">            <img decoding=\"async\" class=\"bwg_mosaic_thumb_0 skip-lazy bwg_img_clear bwg_img_custom \"                 id=\"36569\"                 src=\"https:\/\/www.nonsolomodanews.it\/wordpress\/wp-content\/uploads\/photo-gallery\/The_Closet\/thumb\/THE-CLOSET-@-Milan-Fashion-Week-presentazione-brand-emergenti_Pagina_08.jpg?bwg=1677136003\"                 data-src=\"https:\/\/www.nonsolomodanews.it\/wordpress\/wp-content\/uploads\/photo-gallery\/The_Closet\/thumb\/THE-CLOSET-@-Milan-Fashion-Week-presentazione-brand-emergenti_Pagina_08.jpg?bwg=1677136003\"                 data-width=\"300.00\"                 data-height=\"169.00\"                 alt=\"THE-CLOSET-@-Milan-Fashion-Week-presentazione-brand-emergenti Pagina 08\"                 title=\"THE-CLOSET-@-Milan-Fashion-Week-presentazione-brand-emergenti Pagina 08\" \/>                      <\/div>        <\/a>                <a  class=\"bwg-a bwg_lightbox bwg_lightbox_0\" href=\"https:\/\/www.nonsolomodanews.it\/wordpress\/wp-content\/uploads\/photo-gallery\/The_Closet\/THE-CLOSET-@-Milan-Fashion-Week-presentazione-brand-emergenti_Pagina_09.jpg?bwg=1677136003\" data-image-id=\"36566\" data-elementor-open-lightbox=\"no\">          <div class=\"bwg_mosaic_thumb_spun_0 bwg-item0 bwg-mosaic-thumb-span \">            <img decoding=\"async\" class=\"bwg_mosaic_thumb_0 skip-lazy bwg_img_clear bwg_img_custom \"                 id=\"36566\"                 src=\"https:\/\/www.nonsolomodanews.it\/wordpress\/wp-content\/uploads\/photo-gallery\/The_Closet\/thumb\/THE-CLOSET-@-Milan-Fashion-Week-presentazione-brand-emergenti_Pagina_09.jpg?bwg=1677136003\"                 data-src=\"https:\/\/www.nonsolomodanews.it\/wordpress\/wp-content\/uploads\/photo-gallery\/The_Closet\/thumb\/THE-CLOSET-@-Milan-Fashion-Week-presentazione-brand-emergenti_Pagina_09.jpg?bwg=1677136003\"                 data-width=\"300.00\"                 data-height=\"169.00\"                 alt=\"THE-CLOSET-@-Milan-Fashion-Week-presentazione-brand-emergenti Pagina 09\"                 title=\"THE-CLOSET-@-Milan-Fashion-Week-presentazione-brand-emergenti Pagina 09\" \/>                      <\/div>        <\/a>                <a  class=\"bwg-a bwg_lightbox bwg_lightbox_0\" href=\"https:\/\/www.nonsolomodanews.it\/wordpress\/wp-content\/uploads\/photo-gallery\/The_Closet\/THE-CLOSET-@-Milan-Fashion-Week-presentazione-brand-emergenti_Pagina_10.jpg?bwg=1677136003\" data-image-id=\"36565\" data-elementor-open-lightbox=\"no\">          <div class=\"bwg_mosaic_thumb_spun_0 bwg-item0 bwg-mosaic-thumb-span \">            <img decoding=\"async\" class=\"bwg_mosaic_thumb_0 skip-lazy bwg_img_clear bwg_img_custom \"                 id=\"36565\"                 src=\"https:\/\/www.nonsolomodanews.it\/wordpress\/wp-content\/uploads\/photo-gallery\/The_Closet\/thumb\/THE-CLOSET-@-Milan-Fashion-Week-presentazione-brand-emergenti_Pagina_10.jpg?bwg=1677136003\"                 data-src=\"https:\/\/www.nonsolomodanews.it\/wordpress\/wp-content\/uploads\/photo-gallery\/The_Closet\/thumb\/THE-CLOSET-@-Milan-Fashion-Week-presentazione-brand-emergenti_Pagina_10.jpg?bwg=1677136003\"                 data-width=\"300.00\"                 data-height=\"169.00\"                 alt=\"THE-CLOSET-@-Milan-Fashion-Week-presentazione-brand-emergenti Pagina 10\"                 title=\"THE-CLOSET-@-Milan-Fashion-Week-presentazione-brand-emergenti Pagina 10\" \/>                      <\/div>        <\/a>                <a  class=\"bwg-a bwg_lightbox bwg_lightbox_0\" href=\"https:\/\/www.nonsolomodanews.it\/wordpress\/wp-content\/uploads\/photo-gallery\/The_Closet\/THE-CLOSET-@-Milan-Fashion-Week-presentazione-brand-emergenti_Pagina_11.jpg?bwg=1677136003\" data-image-id=\"36563\" data-elementor-open-lightbox=\"no\">          <div class=\"bwg_mosaic_thumb_spun_0 bwg-item0 bwg-mosaic-thumb-span \">            <img decoding=\"async\" class=\"bwg_mosaic_thumb_0 skip-lazy bwg_img_clear bwg_img_custom \"                 id=\"36563\"                 src=\"https:\/\/www.nonsolomodanews.it\/wordpress\/wp-content\/uploads\/photo-gallery\/The_Closet\/thumb\/THE-CLOSET-@-Milan-Fashion-Week-presentazione-brand-emergenti_Pagina_11.jpg?bwg=1677136003\"                 data-src=\"https:\/\/www.nonsolomodanews.it\/wordpress\/wp-content\/uploads\/photo-gallery\/The_Closet\/thumb\/THE-CLOSET-@-Milan-Fashion-Week-presentazione-brand-emergenti_Pagina_11.jpg?bwg=1677136003\"                 data-width=\"300.00\"                 data-height=\"169.00\"                 alt=\"THE-CLOSET-@-Milan-Fashion-Week-presentazione-brand-emergenti Pagina 11\"                 title=\"THE-CLOSET-@-Milan-Fashion-Week-presentazione-brand-emergenti Pagina 11\" \/>                      <\/div>        <\/a>                <a  class=\"bwg-a bwg_lightbox bwg_lightbox_0\" href=\"https:\/\/www.nonsolomodanews.it\/wordpress\/wp-content\/uploads\/photo-gallery\/The_Closet\/THE-CLOSET-@-Milan-Fashion-Week-presentazione-brand-emergenti_Pagina_12.jpg?bwg=1677136003\" data-image-id=\"36564\" data-elementor-open-lightbox=\"no\">          <div class=\"bwg_mosaic_thumb_spun_0 bwg-item0 bwg-mosaic-thumb-span \">            <img decoding=\"async\" class=\"bwg_mosaic_thumb_0 skip-lazy bwg_img_clear bwg_img_custom \"                 id=\"36564\"                 src=\"https:\/\/www.nonsolomodanews.it\/wordpress\/wp-content\/uploads\/photo-gallery\/The_Closet\/thumb\/THE-CLOSET-@-Milan-Fashion-Week-presentazione-brand-emergenti_Pagina_12.jpg?bwg=1677136003\"                 data-src=\"https:\/\/www.nonsolomodanews.it\/wordpress\/wp-content\/uploads\/photo-gallery\/The_Closet\/thumb\/THE-CLOSET-@-Milan-Fashion-Week-presentazione-brand-emergenti_Pagina_12.jpg?bwg=1677136003\"                 data-width=\"300.00\"                 data-height=\"169.00\"                 alt=\"THE-CLOSET-@-Milan-Fashion-Week-presentazione-brand-emergenti Pagina 12\"                 title=\"THE-CLOSET-@-Milan-Fashion-Week-presentazione-brand-emergenti Pagina 12\" \/>                      <\/div>        <\/a>                <a  class=\"bwg-a bwg_lightbox bwg_lightbox_0\" href=\"https:\/\/www.nonsolomodanews.it\/wordpress\/wp-content\/uploads\/photo-gallery\/The_Closet\/THE-CLOSET-@-Milan-Fashion-Week-presentazione-brand-emergenti_Pagina_13.jpg?bwg=1677136003\" data-image-id=\"36562\" data-elementor-open-lightbox=\"no\">          <div class=\"bwg_mosaic_thumb_spun_0 bwg-item0 bwg-mosaic-thumb-span \">            <img decoding=\"async\" class=\"bwg_mosaic_thumb_0 skip-lazy bwg_img_clear bwg_img_custom \"                 id=\"36562\"                 src=\"https:\/\/www.nonsolomodanews.it\/wordpress\/wp-content\/uploads\/photo-gallery\/The_Closet\/thumb\/THE-CLOSET-@-Milan-Fashion-Week-presentazione-brand-emergenti_Pagina_13.jpg?bwg=1677136003\"                 data-src=\"https:\/\/www.nonsolomodanews.it\/wordpress\/wp-content\/uploads\/photo-gallery\/The_Closet\/thumb\/THE-CLOSET-@-Milan-Fashion-Week-presentazione-brand-emergenti_Pagina_13.jpg?bwg=1677136003\"                 data-width=\"300.00\"                 data-height=\"169.00\"                 alt=\"THE-CLOSET-@-Milan-Fashion-Week-presentazione-brand-emergenti Pagina 13\"                 title=\"THE-CLOSET-@-Milan-Fashion-Week-presentazione-brand-emergenti Pagina 13\" \/>                      <\/div>        <\/a>                <a  class=\"bwg-a bwg_lightbox bwg_lightbox_0\" href=\"https:\/\/www.nonsolomodanews.it\/wordpress\/wp-content\/uploads\/photo-gallery\/The_Closet\/THE-CLOSET-@-Milan-Fashion-Week-presentazione-brand-emergenti_Pagina_14.jpg?bwg=1677136003\" data-image-id=\"36561\" data-elementor-open-lightbox=\"no\">          <div class=\"bwg_mosaic_thumb_spun_0 bwg-item0 bwg-mosaic-thumb-span \">            <img decoding=\"async\" class=\"bwg_mosaic_thumb_0 skip-lazy bwg_img_clear bwg_img_custom \"                 id=\"36561\"                 src=\"https:\/\/www.nonsolomodanews.it\/wordpress\/wp-content\/uploads\/photo-gallery\/The_Closet\/thumb\/THE-CLOSET-@-Milan-Fashion-Week-presentazione-brand-emergenti_Pagina_14.jpg?bwg=1677136003\"                 data-src=\"https:\/\/www.nonsolomodanews.it\/wordpress\/wp-content\/uploads\/photo-gallery\/The_Closet\/thumb\/THE-CLOSET-@-Milan-Fashion-Week-presentazione-brand-emergenti_Pagina_14.jpg?bwg=1677136003\"                 data-width=\"300.00\"                 data-height=\"169.00\"                 alt=\"THE-CLOSET-@-Milan-Fashion-Week-presentazione-brand-emergenti Pagina 14\"                 title=\"THE-CLOSET-@-Milan-Fashion-Week-presentazione-brand-emergenti Pagina 14\" \/>                      <\/div>        <\/a>                <a  class=\"bwg-a bwg_lightbox bwg_lightbox_0\" href=\"https:\/\/www.nonsolomodanews.it\/wordpress\/wp-content\/uploads\/photo-gallery\/The_Closet\/THE-CLOSET-@-Milan-Fashion-Week-presentazione-brand-emergenti_Pagina_15.jpg?bwg=1677136003\" data-image-id=\"36559\" data-elementor-open-lightbox=\"no\">          <div class=\"bwg_mosaic_thumb_spun_0 bwg-item0 bwg-mosaic-thumb-span \">            <img decoding=\"async\" class=\"bwg_mosaic_thumb_0 skip-lazy bwg_img_clear bwg_img_custom \"                 id=\"36559\"                 src=\"https:\/\/www.nonsolomodanews.it\/wordpress\/wp-content\/uploads\/photo-gallery\/The_Closet\/thumb\/THE-CLOSET-@-Milan-Fashion-Week-presentazione-brand-emergenti_Pagina_15.jpg?bwg=1677136003\"                 data-src=\"https:\/\/www.nonsolomodanews.it\/wordpress\/wp-content\/uploads\/photo-gallery\/The_Closet\/thumb\/THE-CLOSET-@-Milan-Fashion-Week-presentazione-brand-emergenti_Pagina_15.jpg?bwg=1677136003\"                 data-width=\"300.00\"                 data-height=\"169.00\"                 alt=\"THE-CLOSET-@-Milan-Fashion-Week-presentazione-brand-emergenti Pagina 15\"                 title=\"THE-CLOSET-@-Milan-Fashion-Week-presentazione-brand-emergenti Pagina 15\" \/>                      <\/div>        <\/a>                <a  class=\"bwg-a bwg_lightbox bwg_lightbox_0\" href=\"https:\/\/www.nonsolomodanews.it\/wordpress\/wp-content\/uploads\/photo-gallery\/The_Closet\/THE-CLOSET-@-Milan-Fashion-Week-presentazione-brand-emergenti_Pagina_16.jpg?bwg=1677136003\" data-image-id=\"36560\" data-elementor-open-lightbox=\"no\">          <div class=\"bwg_mosaic_thumb_spun_0 bwg-item0 bwg-mosaic-thumb-span \">            <img decoding=\"async\" class=\"bwg_mosaic_thumb_0 skip-lazy bwg_img_clear bwg_img_custom \"                 id=\"36560\"                 src=\"https:\/\/www.nonsolomodanews.it\/wordpress\/wp-content\/uploads\/photo-gallery\/The_Closet\/thumb\/THE-CLOSET-@-Milan-Fashion-Week-presentazione-brand-emergenti_Pagina_16.jpg?bwg=1677136003\"                 data-src=\"https:\/\/www.nonsolomodanews.it\/wordpress\/wp-content\/uploads\/photo-gallery\/The_Closet\/thumb\/THE-CLOSET-@-Milan-Fashion-Week-presentazione-brand-emergenti_Pagina_16.jpg?bwg=1677136003\"                 data-width=\"300.00\"                 data-height=\"169.00\"                 alt=\"THE-CLOSET-@-Milan-Fashion-Week-presentazione-brand-emergenti Pagina 16\"                 title=\"THE-CLOSET-@-Milan-Fashion-Week-presentazione-brand-emergenti Pagina 16\" \/>                      <\/div>        <\/a>                <a  class=\"bwg-a bwg_lightbox bwg_lightbox_0\" href=\"https:\/\/www.nonsolomodanews.it\/wordpress\/wp-content\/uploads\/photo-gallery\/The_Closet\/THE-CLOSET-@-Milan-Fashion-Week-presentazione-brand-emergenti_Pagina_17.jpg?bwg=1677136003\" data-image-id=\"36558\" data-elementor-open-lightbox=\"no\">          <div class=\"bwg_mosaic_thumb_spun_0 bwg-item0 bwg-mosaic-thumb-span \">            <img decoding=\"async\" class=\"bwg_mosaic_thumb_0 skip-lazy bwg_img_clear bwg_img_custom \"                 id=\"36558\"                 src=\"https:\/\/www.nonsolomodanews.it\/wordpress\/wp-content\/uploads\/photo-gallery\/The_Closet\/thumb\/THE-CLOSET-@-Milan-Fashion-Week-presentazione-brand-emergenti_Pagina_17.jpg?bwg=1677136003\"                 data-src=\"https:\/\/www.nonsolomodanews.it\/wordpress\/wp-content\/uploads\/photo-gallery\/The_Closet\/thumb\/THE-CLOSET-@-Milan-Fashion-Week-presentazione-brand-emergenti_Pagina_17.jpg?bwg=1677136003\"                 data-width=\"300.00\"                 data-height=\"169.00\"                 alt=\"THE-CLOSET-@-Milan-Fashion-Week-presentazione-brand-emergenti Pagina 17\"                 title=\"THE-CLOSET-@-Milan-Fashion-Week-presentazione-brand-emergenti Pagina 17\" \/>                      <\/div>        <\/a>                <a  class=\"bwg-a bwg_lightbox bwg_lightbox_0\" href=\"https:\/\/www.nonsolomodanews.it\/wordpress\/wp-content\/uploads\/photo-gallery\/The_Closet\/THE-CLOSET-@-Milan-Fashion-Week-presentazione-brand-emergenti_Pagina_18.jpg?bwg=1677136003\" data-image-id=\"36556\" data-elementor-open-lightbox=\"no\">          <div class=\"bwg_mosaic_thumb_spun_0 bwg-item0 bwg-mosaic-thumb-span \">            <img decoding=\"async\" class=\"bwg_mosaic_thumb_0 skip-lazy bwg_img_clear bwg_img_custom \"                 id=\"36556\"                 src=\"https:\/\/www.nonsolomodanews.it\/wordpress\/wp-content\/uploads\/photo-gallery\/The_Closet\/thumb\/THE-CLOSET-@-Milan-Fashion-Week-presentazione-brand-emergenti_Pagina_18.jpg?bwg=1677136003\"                 data-src=\"https:\/\/www.nonsolomodanews.it\/wordpress\/wp-content\/uploads\/photo-gallery\/The_Closet\/thumb\/THE-CLOSET-@-Milan-Fashion-Week-presentazione-brand-emergenti_Pagina_18.jpg?bwg=1677136003\"                 data-width=\"300.00\"                 data-height=\"169.00\"                 alt=\"THE-CLOSET-@-Milan-Fashion-Week-presentazione-brand-emergenti Pagina 18\"                 title=\"THE-CLOSET-@-Milan-Fashion-Week-presentazione-brand-emergenti Pagina 18\" \/>                      <\/div>        <\/a>                <a  class=\"bwg-a bwg_lightbox bwg_lightbox_0\" href=\"https:\/\/www.nonsolomodanews.it\/wordpress\/wp-content\/uploads\/photo-gallery\/The_Closet\/THE-CLOSET-@-Milan-Fashion-Week-presentazione-brand-emergenti_Pagina_19.jpg?bwg=1677136003\" data-image-id=\"36557\" data-elementor-open-lightbox=\"no\">          <div class=\"bwg_mosaic_thumb_spun_0 bwg-item0 bwg-mosaic-thumb-span \">            <img decoding=\"async\" class=\"bwg_mosaic_thumb_0 skip-lazy bwg_img_clear bwg_img_custom \"                 id=\"36557\"                 src=\"https:\/\/www.nonsolomodanews.it\/wordpress\/wp-content\/uploads\/photo-gallery\/The_Closet\/thumb\/THE-CLOSET-@-Milan-Fashion-Week-presentazione-brand-emergenti_Pagina_19.jpg?bwg=1677136003\"                 data-src=\"https:\/\/www.nonsolomodanews.it\/wordpress\/wp-content\/uploads\/photo-gallery\/The_Closet\/thumb\/THE-CLOSET-@-Milan-Fashion-Week-presentazione-brand-emergenti_Pagina_19.jpg?bwg=1677136003\"                 data-width=\"300.00\"                 data-height=\"169.00\"                 alt=\"THE-CLOSET-@-Milan-Fashion-Week-presentazione-brand-emergenti Pagina 19\"                 title=\"THE-CLOSET-@-Milan-Fashion-Week-presentazione-brand-emergenti Pagina 19\" \/>                      <\/div>        <\/a>                <a  class=\"bwg-a bwg_lightbox bwg_lightbox_0\" href=\"https:\/\/www.nonsolomodanews.it\/wordpress\/wp-content\/uploads\/photo-gallery\/The_Closet\/THE-CLOSET-@-Milan-Fashion-Week-presentazione-brand-emergenti_Pagina_20.jpg?bwg=1677136003\" data-image-id=\"36554\" data-elementor-open-lightbox=\"no\">          <div class=\"bwg_mosaic_thumb_spun_0 bwg-item0 bwg-mosaic-thumb-span \">            <img decoding=\"async\" class=\"bwg_mosaic_thumb_0 skip-lazy bwg_img_clear bwg_img_custom \"                 id=\"36554\"                 src=\"https:\/\/www.nonsolomodanews.it\/wordpress\/wp-content\/uploads\/photo-gallery\/The_Closet\/thumb\/THE-CLOSET-@-Milan-Fashion-Week-presentazione-brand-emergenti_Pagina_20.jpg?bwg=1677136003\"                 data-src=\"https:\/\/www.nonsolomodanews.it\/wordpress\/wp-content\/uploads\/photo-gallery\/The_Closet\/thumb\/THE-CLOSET-@-Milan-Fashion-Week-presentazione-brand-emergenti_Pagina_20.jpg?bwg=1677136003\"                 data-width=\"300.00\"                 data-height=\"169.00\"                 alt=\"THE-CLOSET-@-Milan-Fashion-Week-presentazione-brand-emergenti Pagina 20\"                 title=\"THE-CLOSET-@-Milan-Fashion-Week-presentazione-brand-emergenti Pagina 20\" \/>                      <\/div>        <\/a>                <a  class=\"bwg-a bwg_lightbox bwg_lightbox_0\" href=\"https:\/\/www.nonsolomodanews.it\/wordpress\/wp-content\/uploads\/photo-gallery\/The_Closet\/THE-CLOSET-@-Milan-Fashion-Week-presentazione-brand-emergenti_Pagina_21.jpg?bwg=1677136003\" data-image-id=\"36555\" data-elementor-open-lightbox=\"no\">          <div class=\"bwg_mosaic_thumb_spun_0 bwg-item0 bwg-mosaic-thumb-span \">            <img decoding=\"async\" class=\"bwg_mosaic_thumb_0 skip-lazy bwg_img_clear bwg_img_custom \"                 id=\"36555\"                 src=\"https:\/\/www.nonsolomodanews.it\/wordpress\/wp-content\/uploads\/photo-gallery\/The_Closet\/thumb\/THE-CLOSET-@-Milan-Fashion-Week-presentazione-brand-emergenti_Pagina_21.jpg?bwg=1677136003\"                 data-src=\"https:\/\/www.nonsolomodanews.it\/wordpress\/wp-content\/uploads\/photo-gallery\/The_Closet\/thumb\/THE-CLOSET-@-Milan-Fashion-Week-presentazione-brand-emergenti_Pagina_21.jpg?bwg=1677136003\"                 data-width=\"300.00\"                 data-height=\"169.00\"                 alt=\"THE-CLOSET-@-Milan-Fashion-Week-presentazione-brand-emergenti Pagina 21\"                 title=\"THE-CLOSET-@-Milan-Fashion-Week-presentazione-brand-emergenti Pagina 21\" \/>                      <\/div>        <\/a>                <a  class=\"bwg-a bwg_lightbox bwg_lightbox_0\" href=\"https:\/\/www.nonsolomodanews.it\/wordpress\/wp-content\/uploads\/photo-gallery\/The_Closet\/THE-CLOSET-@-Milan-Fashion-Week-presentazione-brand-emergenti_Pagina_22.jpg?bwg=1677136003\" data-image-id=\"36553\" data-elementor-open-lightbox=\"no\">          <div class=\"bwg_mosaic_thumb_spun_0 bwg-item0 bwg-mosaic-thumb-span \">            <img decoding=\"async\" class=\"bwg_mosaic_thumb_0 skip-lazy bwg_img_clear bwg_img_custom \"                 id=\"36553\"                 src=\"https:\/\/www.nonsolomodanews.it\/wordpress\/wp-content\/uploads\/photo-gallery\/The_Closet\/thumb\/THE-CLOSET-@-Milan-Fashion-Week-presentazione-brand-emergenti_Pagina_22.jpg?bwg=1677136003\"                 data-src=\"https:\/\/www.nonsolomodanews.it\/wordpress\/wp-content\/uploads\/photo-gallery\/The_Closet\/thumb\/THE-CLOSET-@-Milan-Fashion-Week-presentazione-brand-emergenti_Pagina_22.jpg?bwg=1677136003\"                 data-width=\"300.00\"                 data-height=\"169.00\"                 alt=\"THE-CLOSET-@-Milan-Fashion-Week-presentazione-brand-emergenti Pagina 22\"                 title=\"THE-CLOSET-@-Milan-Fashion-Week-presentazione-brand-emergenti Pagina 22\" \/>                      <\/div>        <\/a>                <a  class=\"bwg-a bwg_lightbox bwg_lightbox_0\" href=\"https:\/\/www.nonsolomodanews.it\/wordpress\/wp-content\/uploads\/photo-gallery\/The_Closet\/THE-CLOSET-@-Milan-Fashion-Week-presentazione-brand-emergenti_Pagina_23.jpg?bwg=1677136003\" data-image-id=\"36552\" data-elementor-open-lightbox=\"no\">          <div class=\"bwg_mosaic_thumb_spun_0 bwg-item0 bwg-mosaic-thumb-span \">            <img decoding=\"async\" class=\"bwg_mosaic_thumb_0 skip-lazy bwg_img_clear bwg_img_custom \"                 id=\"36552\"                 src=\"https:\/\/www.nonsolomodanews.it\/wordpress\/wp-content\/uploads\/photo-gallery\/The_Closet\/thumb\/THE-CLOSET-@-Milan-Fashion-Week-presentazione-brand-emergenti_Pagina_23.jpg?bwg=1677136003\"                 data-src=\"https:\/\/www.nonsolomodanews.it\/wordpress\/wp-content\/uploads\/photo-gallery\/The_Closet\/thumb\/THE-CLOSET-@-Milan-Fashion-Week-presentazione-brand-emergenti_Pagina_23.jpg?bwg=1677136003\"                 data-width=\"300.00\"                 data-height=\"169.00\"                 alt=\"THE-CLOSET-@-Milan-Fashion-Week-presentazione-brand-emergenti Pagina 23\"                 title=\"THE-CLOSET-@-Milan-Fashion-Week-presentazione-brand-emergenti Pagina 23\" \/>                      <\/div>        <\/a>                <a  class=\"bwg-a bwg_lightbox bwg_lightbox_0\" href=\"https:\/\/www.nonsolomodanews.it\/wordpress\/wp-content\/uploads\/photo-gallery\/The_Closet\/THE-CLOSET-@-Milan-Fashion-Week-presentazione-brand-emergenti_Pagina_24.jpg?bwg=1677136003\" data-image-id=\"36551\" data-elementor-open-lightbox=\"no\">          <div class=\"bwg_mosaic_thumb_spun_0 bwg-item0 bwg-mosaic-thumb-span \">            <img decoding=\"async\" class=\"bwg_mosaic_thumb_0 skip-lazy bwg_img_clear bwg_img_custom \"                 id=\"36551\"                 src=\"https:\/\/www.nonsolomodanews.it\/wordpress\/wp-content\/uploads\/photo-gallery\/The_Closet\/thumb\/THE-CLOSET-@-Milan-Fashion-Week-presentazione-brand-emergenti_Pagina_24.jpg?bwg=1677136003\"                 data-src=\"https:\/\/www.nonsolomodanews.it\/wordpress\/wp-content\/uploads\/photo-gallery\/The_Closet\/thumb\/THE-CLOSET-@-Milan-Fashion-Week-presentazione-brand-emergenti_Pagina_24.jpg?bwg=1677136003\"                 data-width=\"300.00\"                 data-height=\"169.00\"                 alt=\"THE-CLOSET-@-Milan-Fashion-Week-presentazione-brand-emergenti Pagina 24\"                 title=\"THE-CLOSET-@-Milan-Fashion-Week-presentazione-brand-emergenti Pagina 24\" \/>                      <\/div>        <\/a>                <a  class=\"bwg-a bwg_lightbox bwg_lightbox_0\" href=\"https:\/\/www.nonsolomodanews.it\/wordpress\/wp-content\/uploads\/photo-gallery\/The_Closet\/THE-CLOSET-@-Milan-Fashion-Week-presentazione-brand-emergenti_Pagina_25.jpg?bwg=1677136003\" data-image-id=\"36550\" data-elementor-open-lightbox=\"no\">          <div class=\"bwg_mosaic_thumb_spun_0 bwg-item0 bwg-mosaic-thumb-span \">            <img decoding=\"async\" class=\"bwg_mosaic_thumb_0 skip-lazy bwg_img_clear bwg_img_custom \"                 id=\"36550\"                 src=\"https:\/\/www.nonsolomodanews.it\/wordpress\/wp-content\/uploads\/photo-gallery\/The_Closet\/thumb\/THE-CLOSET-@-Milan-Fashion-Week-presentazione-brand-emergenti_Pagina_25.jpg?bwg=1677136003\"                 data-src=\"https:\/\/www.nonsolomodanews.it\/wordpress\/wp-content\/uploads\/photo-gallery\/The_Closet\/thumb\/THE-CLOSET-@-Milan-Fashion-Week-presentazione-brand-emergenti_Pagina_25.jpg?bwg=1677136003\"                 data-width=\"300.00\"                 data-height=\"169.00\"                 alt=\"THE-CLOSET-@-Milan-Fashion-Week-presentazione-brand-emergenti Pagina 25\"                 title=\"THE-CLOSET-@-Milan-Fashion-Week-presentazione-brand-emergenti Pagina 25\" \/>                      <\/div>        <\/a>                <a  class=\"bwg-a bwg_lightbox bwg_lightbox_0\" href=\"https:\/\/www.nonsolomodanews.it\/wordpress\/wp-content\/uploads\/photo-gallery\/The_Closet\/THE-CLOSET-@-Milan-Fashion-Week-presentazione-brand-emergenti_Pagina_26.jpg?bwg=1677136003\" data-image-id=\"36548\" data-elementor-open-lightbox=\"no\">          <div class=\"bwg_mosaic_thumb_spun_0 bwg-item0 bwg-mosaic-thumb-span \">            <img decoding=\"async\" class=\"bwg_mosaic_thumb_0 skip-lazy bwg_img_clear bwg_img_custom \"                 id=\"36548\"                 src=\"https:\/\/www.nonsolomodanews.it\/wordpress\/wp-content\/uploads\/photo-gallery\/The_Closet\/thumb\/THE-CLOSET-@-Milan-Fashion-Week-presentazione-brand-emergenti_Pagina_26.jpg?bwg=1677136003\"                 data-src=\"https:\/\/www.nonsolomodanews.it\/wordpress\/wp-content\/uploads\/photo-gallery\/The_Closet\/thumb\/THE-CLOSET-@-Milan-Fashion-Week-presentazione-brand-emergenti_Pagina_26.jpg?bwg=1677136003\"                 data-width=\"300.00\"                 data-height=\"169.00\"                 alt=\"THE-CLOSET-@-Milan-Fashion-Week-presentazione-brand-emergenti Pagina 26\"                 title=\"THE-CLOSET-@-Milan-Fashion-Week-presentazione-brand-emergenti Pagina 26\" \/>                      <\/div>        <\/a>                <a  class=\"bwg-a bwg_lightbox bwg_lightbox_0\" href=\"https:\/\/www.nonsolomodanews.it\/wordpress\/wp-content\/uploads\/photo-gallery\/The_Closet\/THE-CLOSET-@-Milan-Fashion-Week-presentazione-brand-emergenti_Pagina_27.jpg?bwg=1677136003\" data-image-id=\"36549\" data-elementor-open-lightbox=\"no\">          <div class=\"bwg_mosaic_thumb_spun_0 bwg-item0 bwg-mosaic-thumb-span \">            <img decoding=\"async\" class=\"bwg_mosaic_thumb_0 skip-lazy bwg_img_clear bwg_img_custom \"                 id=\"36549\"                 src=\"https:\/\/www.nonsolomodanews.it\/wordpress\/wp-content\/uploads\/photo-gallery\/The_Closet\/thumb\/THE-CLOSET-@-Milan-Fashion-Week-presentazione-brand-emergenti_Pagina_27.jpg?bwg=1677136003\"                 data-src=\"https:\/\/www.nonsolomodanews.it\/wordpress\/wp-content\/uploads\/photo-gallery\/The_Closet\/thumb\/THE-CLOSET-@-Milan-Fashion-Week-presentazione-brand-emergenti_Pagina_27.jpg?bwg=1677136003\"                 data-width=\"300.00\"                 data-height=\"169.00\"                 alt=\"THE-CLOSET-@-Milan-Fashion-Week-presentazione-brand-emergenti Pagina 27\"                 title=\"THE-CLOSET-@-Milan-Fashion-Week-presentazione-brand-emergenti Pagina 27\" \/>                      <\/div>        <\/a>                <a  class=\"bwg-a bwg_lightbox bwg_lightbox_0\" href=\"https:\/\/www.nonsolomodanews.it\/wordpress\/wp-content\/uploads\/photo-gallery\/The_Closet\/THE-CLOSET-@-Milan-Fashion-Week-presentazione-brand-emergenti_Pagina_28.jpg?bwg=1677136003\" data-image-id=\"36547\" data-elementor-open-lightbox=\"no\">          <div class=\"bwg_mosaic_thumb_spun_0 bwg-item0 bwg-mosaic-thumb-span \">            <img decoding=\"async\" class=\"bwg_mosaic_thumb_0 skip-lazy bwg_img_clear bwg_img_custom \"                 id=\"36547\"                 src=\"https:\/\/www.nonsolomodanews.it\/wordpress\/wp-content\/uploads\/photo-gallery\/The_Closet\/thumb\/THE-CLOSET-@-Milan-Fashion-Week-presentazione-brand-emergenti_Pagina_28.jpg?bwg=1677136003\"                 data-src=\"https:\/\/www.nonsolomodanews.it\/wordpress\/wp-content\/uploads\/photo-gallery\/The_Closet\/thumb\/THE-CLOSET-@-Milan-Fashion-Week-presentazione-brand-emergenti_Pagina_28.jpg?bwg=1677136003\"                 data-width=\"300.00\"                 data-height=\"169.00\"                 alt=\"THE-CLOSET-@-Milan-Fashion-Week-presentazione-brand-emergenti Pagina 28\"                 title=\"THE-CLOSET-@-Milan-Fashion-Week-presentazione-brand-emergenti Pagina 28\" \/>                      <\/div>        <\/a>                <a  class=\"bwg-a bwg_lightbox bwg_lightbox_0\" href=\"https:\/\/www.nonsolomodanews.it\/wordpress\/wp-content\/uploads\/photo-gallery\/The_Closet\/THE-CLOSET-@-Milan-Fashion-Week-presentazione-brand-emergenti_Pagina_29.jpg?bwg=1677136003\" data-image-id=\"36546\" data-elementor-open-lightbox=\"no\">          <div class=\"bwg_mosaic_thumb_spun_0 bwg-item0 bwg-mosaic-thumb-span \">            <img decoding=\"async\" class=\"bwg_mosaic_thumb_0 skip-lazy bwg_img_clear bwg_img_custom \"                 id=\"36546\"                 src=\"https:\/\/www.nonsolomodanews.it\/wordpress\/wp-content\/uploads\/photo-gallery\/The_Closet\/thumb\/THE-CLOSET-@-Milan-Fashion-Week-presentazione-brand-emergenti_Pagina_29.jpg?bwg=1677136003\"                 data-src=\"https:\/\/www.nonsolomodanews.it\/wordpress\/wp-content\/uploads\/photo-gallery\/The_Closet\/thumb\/THE-CLOSET-@-Milan-Fashion-Week-presentazione-brand-emergenti_Pagina_29.jpg?bwg=1677136003\"                 data-width=\"300.00\"                 data-height=\"169.00\"                 alt=\"THE-CLOSET-@-Milan-Fashion-Week-presentazione-brand-emergenti Pagina 29\"                 title=\"THE-CLOSET-@-Milan-Fashion-Week-presentazione-brand-emergenti Pagina 29\" \/>                      <\/div>        <\/a>                <a  class=\"bwg-a bwg_lightbox bwg_lightbox_0\" href=\"https:\/\/www.nonsolomodanews.it\/wordpress\/wp-content\/uploads\/photo-gallery\/The_Closet\/THE-CLOSET-@-Milan-Fashion-Week-presentazione-brand-emergenti_Pagina_30.jpg?bwg=1677136003\" data-image-id=\"36545\" data-elementor-open-lightbox=\"no\">          <div class=\"bwg_mosaic_thumb_spun_0 bwg-item0 bwg-mosaic-thumb-span \">            <img decoding=\"async\" class=\"bwg_mosaic_thumb_0 skip-lazy bwg_img_clear bwg_img_custom \"                 id=\"36545\"                 src=\"https:\/\/www.nonsolomodanews.it\/wordpress\/wp-content\/uploads\/photo-gallery\/The_Closet\/thumb\/THE-CLOSET-@-Milan-Fashion-Week-presentazione-brand-emergenti_Pagina_30.jpg?bwg=1677136003\"                 data-src=\"https:\/\/www.nonsolomodanews.it\/wordpress\/wp-content\/uploads\/photo-gallery\/The_Closet\/thumb\/THE-CLOSET-@-Milan-Fashion-Week-presentazione-brand-emergenti_Pagina_30.jpg?bwg=1677136003\"                 data-width=\"300.00\"                 data-height=\"169.00\"                 alt=\"THE-CLOSET-@-Milan-Fashion-Week-presentazione-brand-emergenti Pagina 30\"                 title=\"THE-CLOSET-@-Milan-Fashion-Week-presentazione-brand-emergenti Pagina 30\" \/>                      <\/div>        <\/a>            <\/div>    <\/div>    <style>      \/*pagination styles*\/      #bwg_container1_0 #bwg_container2_0 .tablenav-pages_0 {\t\t\t\ttext-align: center;\t\t\t\tfont-size: 12px;\t\t\t\tfont-family: segoe ui;\t\t\t\tfont-weight: bold;\t\t\t\tcolor: #666666;\t\t\t\tmargin: 6px 0 4px;\t\t\t\tdisplay: block;      }      @media only screen and (max-width : 320px) {      #bwg_container1_0 #bwg_container2_0 .displaying-num_0 {     \t display: none;      }      }      #bwg_container1_0 #bwg_container2_0 .displaying-num_0 {\t\t\t\tfont-size: 12px;\t\t\t\tfont-family: segoe ui;\t\t\t\tfont-weight: bold;\t\t\t\tcolor: #666666;\t\t\t\tmargin-right: 10px;\t\t\t\tvertical-align: middle;      }      #bwg_container1_0 #bwg_container2_0 .paging-input_0 {\t\t\t\tfont-size: 12px;\t\t\t\tfont-family: segoe ui;\t\t\t\tfont-weight: bold;\t\t\t\tcolor: #666666;\t\t\t\tvertical-align: middle;      }      #bwg_container1_0 #bwg_container2_0 .tablenav-pages_0 a.disabled,      #bwg_container1_0 #bwg_container2_0 .tablenav-pages_0 a.disabled:hover,      #bwg_container1_0 #bwg_container2_0 .tablenav-pages_0 a.disabled:focus,\t\t\t#bwg_container1_0 #bwg_container2_0 .tablenav-pages_0 input.bwg_current_page {\t\t\t\tcursor: default;\t\t\t\tcolor: rgba(102, 102, 102, 0.5);      }      #bwg_container1_0 #bwg_container2_0 .tablenav-pages_0 a,      #bwg_container1_0 #bwg_container2_0 .tablenav-pages_0 input.bwg_current_page {\t\t\t\tcursor: pointer;\t\t\t\ttext-align: center;\t\t\t\tfont-size: 12px;\t\t\t\tfont-family: segoe ui;\t\t\t\tfont-weight: bold;\t\t\t\tcolor: #666666;\t\t\t\ttext-decoration: none;\t\t\t\tpadding: 3px 6px;\t\t\t\tmargin: 0;\t\t\t\tborder-radius: 0;\t\t\t\tborder-style: solid;\t\t\t\tborder-width: 1px;\t\t\t\tborder-color: #E3E3E3;\t\t\t\t\t\t\t\tbackground-color: rgba(255, 255, 255, 1.00);\t\t\t\tbox-shadow: 0;\t\t\t\ttransition: all 0.3s ease 0s;-webkit-transition: all 0.3s ease 0s;      }      <\/style>      <span class=\"bwg_nav_cont_0\">              <div class=\"tablenav-pages_0\">                      <span class=\"pagination-links_0 pagination-links\" data-pages-count=\"2\">              <span class=\"pagination-links_col1\">              <a class=\"bwg-a first-page disabled\" title=\"Vai alla prima pagina\" >\u00ab<\/a>              <a class=\"bwg-a prev-page disabled\" title=\"Vai alla pagina precedente\" >\u2039<\/a>              <\/span>\t\t\t\t\t\t\t<span class=\"pagination-links_col2\">\t\t\t\t\t\t\t\t\t<input type=\"number\" class=\"bwg_current_page\" name=\"bwg_current_page\" value=\"1\" data-url-info=\"page_number_0\" onkeypress=\"return bwg_change_page_0(event, this)\" min=\"1\" oninput=\"validity.valid||(value='')\" \/>\t\t\t\t\t\t\t\t\t\tdi\t\t\t\t\t\t\t\t\t\t<span class=\"total-pages_0\">\t\t\t\t\t\t\t\t\t\t\t2\t\t\t\t\t\t\t\t\t\t<\/span>\t\t\t\t\t\t\t<\/span>              <span class=\"pagination-links_col3\">                <a class=\"bwg-a next-page-0\" title=\"Vai alla pagina successiva\" href=\"\/wordpress\/wp-json\/wp\/v2\/posts\/24440?page_number_0=2\">\u203a<\/a>                <a class=\"bwg-a last-page-0\" title=\"Vai all&#039;ultima pagina\" href=\"\/wordpress\/wp-json\/wp\/v2\/posts\/24440?page_number_0=2\">\u00bb<\/a>              <\/span>\t\t\t\t\t\t<\/span>\t\t\t\t\t\t        <\/div>                <input type=\"hidden\" id=\"page_number_0\" name=\"page_number_0\" value=\"1\" \/>      <script type=\"text\/javascript\">        if( jQuery('.bwg_nav_cont_0').length > 1 ) {          jQuery('.bwg_nav_cont_0').first().remove()        }        function spider_page_0(cur, x, y, load_more) {          if (typeof load_more == \"undefined\") {            var load_more = false;          }          if (jQuery(cur).hasClass('disabled')) {            return false;          }          var items_county_0 = 2;          switch (y) {            case 1:              if (x >= items_county_0) {                document.getElementById('page_number_0').value = items_county_0;              }              else {                document.getElementById('page_number_0').value = x + 1;              }              break;            case 2:              document.getElementById('page_number_0').value = items_county_0;              break;            case -1:              if (x == 1) {                document.getElementById('page_number_0').value = 1;              }              else {                document.getElementById('page_number_0').value = x - 1;              }              break;            case -2:              document.getElementById('page_number_0').value = 1;              break;\t\t\t\t\t\tcase 0:              document.getElementById('page_number_0').value = x;              break;            default:              document.getElementById('page_number_0').value = 1;          }          bwg_ajax('gal_front_form_0', '0', 'bwg_thumbnails_mosaic_0', '0', '', 'gallery', 0, '', '', load_more, '', 1);        }                    jQuery('.first-page disabled').on('click', function () {              spider_page_0(this, 1, -2, 'numeric');              return false;            });            jQuery('.prev-page disabled').on('click', function () {              spider_page_0(this, 1, -1, 'numeric');              return false;            });            jQuery('.next-page-0').on('click', function () {              spider_page_0(this, 1, 1, 'numeric');              return false;            });            jQuery('.last-page-0').on('click', function () {              spider_page_0(this, 1, 2, 'numeric');              return false;            });        \t\t\t\t\/* Change page on input enter. *\/        function bwg_change_page_0( e, that ) {          if (  e.key == 'Enter' ) {            var to_page = parseInt(jQuery(that).val());            var pages_count = jQuery(that).parents(\".pagination-links\").data(\"pages-count\");            var current_url_param = jQuery(that).attr('data-url-info');            if (to_page > pages_count) {              to_page = 1;            }\t \t\t\t\t\t\t\t\t\t\t\t\tspider_page_0(this, to_page, 0, 'numeric');\t\t\t\t\t\t\treturn false;\t\t\t\t\t\t          }          return true;        }        jQuery('.bwg_load_btn_0').on('click', function () {            spider_page_0(this, 1, 1, true);            return false;        });      <\/script>      <\/span>                <\/div>        <\/form>        <style>          #bwg_container1_0 #bwg_container2_0 #spider_popup_overlay_0 {          background-color: #000000;          opacity: 0.70;          }          <\/style>        <div id=\"bwg_spider_popup_loading_0\" class=\"bwg_spider_popup_loading\"><\/div>        <div id=\"spider_popup_overlay_0\" class=\"spider_popup_overlay\" onclick=\"spider_destroypopup(1000)\"><\/div>        <input type=\"hidden\" id=\"bwg_random_seed_0\" value=\"1502376177\">                <\/div>    <\/div>    <script>      if (document.readyState === 'complete') {        if( typeof bwg_main_ready == 'function' ) {          if ( jQuery(\"#bwg_container1_0\").height() ) {            bwg_main_ready(jQuery(\"#bwg_container1_0\"));          }        }      } else {        document.addEventListener('DOMContentLoaded', function() {          if( typeof bwg_main_ready == 'function' ) {            if ( jQuery(\"#bwg_container1_0\").height() ) {             bwg_main_ready(jQuery(\"#bwg_container1_0\"));            }          }        });      }    <\/script>    <\/p>\n<p><\/a><\/p>\n<p>&nbsp;<\/p>\n<p>&nbsp;<\/p>\n<p>&nbsp;<\/p>\n<p>&nbsp;<\/p>\n<p>&nbsp;<\/p>\n<p>&nbsp;<\/p>\n<p>&nbsp;<\/p>\n<p>&nbsp;<\/p>\n<p>&nbsp;<\/p>\n","protected":false},"excerpt":{"rendered":"<p>THE CLOSET, l&rsquo;evento dedicato ai nuovi Talenti della Moda, dello Styling, della Fotografia e dei Social Media arriva alla Milano Fashion Week Milano, 24-25 Febbraio 2023 &ndash; 24 giovani stilisti e brand emergenti italiani e internazionali selezionati dalla piattaforma TFP Talents, 13 stilosissimi Influencer e un talentuoso team di giovani stylist, fotografi e hair &amp; make up artist. Questa &egrave; la ricetta perfetta per un evento moda unico alla prossima Milano Fashion Week di Febbraio 2023.<\/p>\n","protected":false},"author":1,"featured_media":24442,"comment_status":"open","ping_status":"open","sticky":false,"template":"","format":"standard","meta":{"rop_custom_images_group":[],"rop_custom_messages_group":[],"rop_publish_now":"initial","rop_publish_now_accounts":[],"rop_publish_now_history":[],"rop_publish_now_status":"pending","footnotes":""},"categories":[16],"tags":[281,2658,996,9280,9281],"class_list":["post-24440","post","type-post","status-publish","format-standard","has-post-thumbnail","hentry","category-articolo","tag-bruno-angelo-porcellana","tag-mfw","tag-milano-fashion-week","tag-the-closet","tag-ufficio-stampa-tfp-talents"],"_links":{"self":[{"href":"https:\/\/www.nonsolomodanews.it\/wordpress\/wp-json\/wp\/v2\/posts\/24440","targetHints":{"allow":["GET"]}}],"collection":[{"href":"https:\/\/www.nonsolomodanews.it\/wordpress\/wp-json\/wp\/v2\/posts"}],"about":[{"href":"https:\/\/www.nonsolomodanews.it\/wordpress\/wp-json\/wp\/v2\/types\/post"}],"author":[{"embeddable":true,"href":"https:\/\/www.nonsolomodanews.it\/wordpress\/wp-json\/wp\/v2\/users\/1"}],"replies":[{"embeddable":true,"href":"https:\/\/www.nonsolomodanews.it\/wordpress\/wp-json\/wp\/v2\/comments?post=24440"}],"version-history":[{"count":5,"href":"https:\/\/www.nonsolomodanews.it\/wordpress\/wp-json\/wp\/v2\/posts\/24440\/revisions"}],"predecessor-version":[{"id":24448,"href":"https:\/\/www.nonsolomodanews.it\/wordpress\/wp-json\/wp\/v2\/posts\/24440\/revisions\/24448"}],"wp:featuredmedia":[{"embeddable":true,"href":"https:\/\/www.nonsolomodanews.it\/wordpress\/wp-json\/wp\/v2\/media\/24442"}],"wp:attachment":[{"href":"https:\/\/www.nonsolomodanews.it\/wordpress\/wp-json\/wp\/v2\/media?parent=24440"}],"wp:term":[{"taxonomy":"category","embeddable":true,"href":"https:\/\/www.nonsolomodanews.it\/wordpress\/wp-json\/wp\/v2\/categories?post=24440"},{"taxonomy":"post_tag","embeddable":true,"href":"https:\/\/www.nonsolomodanews.it\/wordpress\/wp-json\/wp\/v2\/tags?post=24440"}],"curies":[{"name":"wp","href":"https:\/\/api.w.org\/{rel}","templated":true}]}}