{"id":24429,"date":"2023-02-17T14:26:52","date_gmt":"2023-02-17T14:26:52","guid":{"rendered":"https:\/\/www.nonsolomodanews.it\/wordpress\/?p=24429"},"modified":"2023-02-17T14:26:52","modified_gmt":"2023-02-17T14:26:52","slug":"conto-alla-rovescia-per-theonemilano","status":"publish","type":"post","link":"https:\/\/www.nonsolomodanews.it\/wordpress\/conto-alla-rovescia-per-theonemilano\/","title":{"rendered":"Conto alla rovescia per TheOneMilano"},"content":{"rendered":"<p><strong><img loading=\"lazy\" decoding=\"async\" class=\"size-medium wp-image-24431 alignleft\" src=\"https:\/\/www.nonsolomodanews.it\/wordpress\/wp-content\/uploads\/2023\/02\/theone-milano-2017_0-300x144.jpg\" alt=\"\" width=\"300\" height=\"144\" srcset=\"https:\/\/www.nonsolomodanews.it\/wordpress\/wp-content\/uploads\/2023\/02\/theone-milano-2017_0-300x144.jpg 300w, https:\/\/www.nonsolomodanews.it\/wordpress\/wp-content\/uploads\/2023\/02\/theone-milano-2017_0.jpg 602w\" sizes=\"auto, (max-width: 300px) 100vw, 300px\" \/>LE PAROLE PER DIRLO<\/strong><\/p>\n<p><em>A pochi giorni dall\u2019apertura del Salone dedicato all\u2019outerwear per l\u2019inverno 2023 TheOneMilano comunica realt\u00e0 progetti ed idee per un futuro prossimo.<\/em><\/p>\n<p><!--more--><\/p>\n<p><strong>115 brand italiani e internazionali con collezioni mirate all\u2019abbigliamento outerwear e al total look <\/strong>ma non solo: il Salone si presenta anche con idee, progetti e realt\u00e0 per essere pronti alle sfide poste dall\u2019Europa nel percorso verso la sostenibilit\u00e0 che \u00e8 ormai un prerequisito essenziale per ogni prodotto immesso sul mercato.<\/p>\n<p>Spazio dunque alla <strong>Tecnologia: <\/strong>nell\u2019area <strong>STEP AND GO <\/strong>del padiglione 5 c\u2019\u00e8 un video che usa il linguaggio forte del 3D per invitare i buyers a fermarsi e a riflettere. Oggi il mondo \u00e8 sempre meno binario, tecnologia e creativit\u00e0 di intrecciano. Sul monitor corrono cos\u00ec i <strong>digital Twins <\/strong>dei capi iconici degli espositori. Cappotti, piumini, pellicce e montoni creati in versione digitale, capaci di movimento per rendere linee e volumi, giocoso ma anche serio riferimento a sistemi produttivi che devono impegnarsi ad evitare gli sprechi, a ridurre al possibile le prototipie \u201cfisiche\u201d, in un rispetto per la materia prima, le ore di lavoro, l\u2019utilizzo attento dell\u2019energia. Twins che hanno le stesse proporzioni dei loro doppi reali e che alla fine della loro passerella lanciano un <strong>messaggio in pi\u00f9, quello della naturalit\u00e0 <\/strong>di cui sono fatti i capi degli espositori del Salone. E diventano fiori, terra, aria, alberi nel racconto senza fine del valore del prodotto naturale, che pu\u00f2 essere riciclato, riproposto o sottoposto a creativit\u00e0 in upcycling<strong>. Intorno ai Twins le parole per dirlo<\/strong>, in una serie di hashtag-messaggio:<\/p>\n<p>#Joy #Color&amp;Construction #ArtisanaeAesthetic #DesignForLongevity #SustainableFibres #Lightweight #Outerwear #Sustainability #3DTwins #LeanManufacturing #Natural #Nature.<\/p>\n<p><strong>Porte aperte all\u2019ottimismo<\/strong>: il periodo \u00e8 difficile, la guerra russo ucraina una realt\u00e0 ma i dati di mercato per il prodotto principe dell\u2019outerwear dei TheOneMilano, i capi in pelliccia, parlano chiaro: la ripresa c\u2019\u00e8 ed \u00e8 visibile. L\u2019ha misurata la <strong>rilevazione di mercato <\/strong>realizzata per AIP dal <strong>Centro Studi di Confindustria Moda<\/strong>.<\/p>\n<p><strong>Le parole per dirlo:<\/strong><\/p>\n<ul>\n<li><strong>+ 16% <\/strong>in termini di <strong>valore alla produzione <\/strong>a livello retail 2022 sul \u201821, con 843 milioni di euro.<\/li>\n<li><strong>+ 23,4% <\/strong>di <strong>export<\/strong>, con valore di 277,8 milioni di euro e movimenti tornati a livello del 2019: considerando che manca il mercato principale, cio\u00e8 la Russia per le sanzioni in atto, questo risultato dimostra la capacit\u00e0 delle aziende di sostenere altri mercati di sbocco (i primi 10 in ordine decrescente di destinazione sono: Cina Continentale, Francia, Corea del Sud, Stati Uniti, Svizzera, Giappone, Regno Unito, Germania, Hong Kong e Taiwan).<\/li>\n<li><strong>Italia con ruolo di leader<\/strong>: secondo esportatore al mondo dopo la Cina, primo in Europa, con uno stacco deciso, con i suoi 213,1 milioni di euro di export, dagli altri 2 player europei, la Francia (seconda con un valore di 72,2 milioni di euro) e la Grecia (terza con un valore di 39,9 milioni di euro)<\/li>\n<\/ul>\n<p><strong>Cambiamento: <\/strong>le regole del gioco sono diverse. I consumatori chiedono certezze, trasparenza, tracciabilit\u00e0.<\/p>\n<p><strong>Le parole per dirlo: <\/strong>certificazioni di prodotto e di processo.<\/p>\n<ul>\n<li>La pi\u00f9 tipica? <strong>Furmark\u00ae, <\/strong>perch\u00e9 oggi le pellicce sono certificate da certificatori indipendenti in tutto il loro ciclo produttivo, dall\u2019allevamento alla concia, dalla produzione al retail, in modo che il consumatore<\/li>\n<\/ul>\n<p>\u2013 attraverso un codice univoco e un QR code attaccato al prodotto \u2013 possa conoscere la storia specifica di quello che sta comperando.<\/p>\n<ul>\n<li>Ma anche <strong>RWS<\/strong>, per i cappotti e i giacconi in lana. RWS \u00e8 uno standard globale volontario che si occupa del benessere degli ovini e dei terreni su cui pascolano, fornendo una verifica delle pratiche che si svolgono a livello di azienda<\/li>\n<li>O <strong>GOTS<\/strong>, la certificazione legata ai filati e ai tessuti biologici<\/li>\n<li>E infine <strong>GRS<\/strong>, che prevede il rilascio\u00a0 di una dichiarazione ambientale\u00a0 verificata da parte\u00a0 terza\u00a0\u00a0 che assicura il contenuto di materiali da riciclo dei prodotti, sia intermedi che finiti, il mantenimento della tracciabilit\u00e0 lungo l\u2019intero processo produttivo, le restrizioni nell\u2019uso dei prodotti chimici ed il rispetto di criteri ambientali e sociali in tutte le fasi della filiera produttiva dal riciclo dei materiali, alle successive fasi manifatturiere, fino all\u2019etichettatura del prodotto<\/li>\n<\/ul>\n<p>&nbsp;<\/p>\n<p><strong>La cultura del Bello: <\/strong>il Bello crea valore, riconoscimento, senso di appartenenza. Per questo TheOneMilano ha appoggiato \u2013 insieme a Milano Unica, Mido, Micam Milano, Mipel e Lineapelle, cui si \u00e8 aggiunto Homi Fashion &amp; Jewels, il Salone di Fiera Milano che da sempre lavora in sinergia con le manifestazioni confindustriali \u2013 \u201cLa Bellezza Utile\u201d, la Mostra immersiva organizzata da Confindustria Moda e dedicata al fotografo Internazionale Heinz Schattner. La Mostra immersiva si \u00e8 tenuta il 13 febbraio al Meet Digital Culture <strong>Center.<\/strong><\/p>\n<p><strong>Le parole per dirlo: dal sogno alla realt\u00e0. <\/strong>le foto \u2013 proposte in digitale e con tecniche fotografiche in grado di svelare tutti i dettagli nascosti \u2013 hanno infatti rappresentato una stupenda anteprima del momento in cui quei prodotti, ammirati nella loro dimensione immateriale, diventano veri e toccabili in fiera.<\/p>\n<p style=\"text-align: center;\">Testo e immagini a cura Ufficio Stampa Theonemilano<br \/>\nTutti i diritti riservati \u00a9 2023\u2013 Email: <a href=\"mailto:nonsolomodanews@gmail.com\">nonsolomodanews@gmail.com<\/a><\/p>\n","protected":false},"excerpt":{"rendered":"<p>LE PAROLE PER DIRLO A pochi giorni dall&rsquo;apertura del Salone dedicato all&rsquo;outerwear per l&rsquo;inverno 2023 TheOneMilano comunica realt&agrave; progetti ed idee per un futuro prossimo.<\/p>\n","protected":false},"author":1,"featured_media":24430,"comment_status":"open","ping_status":"open","sticky":false,"template":"","format":"standard","meta":{"rop_custom_images_group":[],"rop_custom_messages_group":[],"rop_publish_now":"initial","rop_publish_now_accounts":[],"rop_publish_now_history":[],"rop_publish_now_status":"pending","footnotes":""},"categories":[16],"tags":[281,372,1099,9279],"class_list":["post-24429","post","type-post","status-publish","format-standard","has-post-thumbnail","hentry","category-articolo","tag-bruno-angelo-porcellana","tag-comunicato-stampa-2","tag-nonsolomodanews","tag-theonemilano"],"_links":{"self":[{"href":"https:\/\/www.nonsolomodanews.it\/wordpress\/wp-json\/wp\/v2\/posts\/24429","targetHints":{"allow":["GET"]}}],"collection":[{"href":"https:\/\/www.nonsolomodanews.it\/wordpress\/wp-json\/wp\/v2\/posts"}],"about":[{"href":"https:\/\/www.nonsolomodanews.it\/wordpress\/wp-json\/wp\/v2\/types\/post"}],"author":[{"embeddable":true,"href":"https:\/\/www.nonsolomodanews.it\/wordpress\/wp-json\/wp\/v2\/users\/1"}],"replies":[{"embeddable":true,"href":"https:\/\/www.nonsolomodanews.it\/wordpress\/wp-json\/wp\/v2\/comments?post=24429"}],"version-history":[{"count":2,"href":"https:\/\/www.nonsolomodanews.it\/wordpress\/wp-json\/wp\/v2\/posts\/24429\/revisions"}],"predecessor-version":[{"id":24433,"href":"https:\/\/www.nonsolomodanews.it\/wordpress\/wp-json\/wp\/v2\/posts\/24429\/revisions\/24433"}],"wp:featuredmedia":[{"embeddable":true,"href":"https:\/\/www.nonsolomodanews.it\/wordpress\/wp-json\/wp\/v2\/media\/24430"}],"wp:attachment":[{"href":"https:\/\/www.nonsolomodanews.it\/wordpress\/wp-json\/wp\/v2\/media?parent=24429"}],"wp:term":[{"taxonomy":"category","embeddable":true,"href":"https:\/\/www.nonsolomodanews.it\/wordpress\/wp-json\/wp\/v2\/categories?post=24429"},{"taxonomy":"post_tag","embeddable":true,"href":"https:\/\/www.nonsolomodanews.it\/wordpress\/wp-json\/wp\/v2\/tags?post=24429"}],"curies":[{"name":"wp","href":"https:\/\/api.w.org\/{rel}","templated":true}]}}