{"id":24413,"date":"2023-02-15T14:38:23","date_gmt":"2023-02-15T14:38:23","guid":{"rendered":"https:\/\/www.nonsolomodanews.it\/wordpress\/?p=24413"},"modified":"2023-02-15T14:39:36","modified_gmt":"2023-02-15T14:39:36","slug":"numeri-da-capogiro-quelli-di-motor-bike-expo-2023","status":"publish","type":"post","link":"https:\/\/www.nonsolomodanews.it\/wordpress\/numeri-da-capogiro-quelli-di-motor-bike-expo-2023\/","title":{"rendered":"Numeri da capogiro quelli di Motor Bike Expo 2023"},"content":{"rendered":"<p><em><img loading=\"lazy\" decoding=\"async\" class=\"size-medium wp-image-24414 alignleft\" src=\"https:\/\/www.nonsolomodanews.it\/wordpress\/wp-content\/uploads\/2023\/02\/27012023-DSC_6521-200x300.jpg\" alt=\"\" width=\"200\" height=\"300\" srcset=\"https:\/\/www.nonsolomodanews.it\/wordpress\/wp-content\/uploads\/2023\/02\/27012023-DSC_6521-200x300.jpg 200w, https:\/\/www.nonsolomodanews.it\/wordpress\/wp-content\/uploads\/2023\/02\/27012023-DSC_6521-684x1024.jpg 684w, https:\/\/www.nonsolomodanews.it\/wordpress\/wp-content\/uploads\/2023\/02\/27012023-DSC_6521-768x1151.jpg 768w, https:\/\/www.nonsolomodanews.it\/wordpress\/wp-content\/uploads\/2023\/02\/27012023-DSC_6521-1025x1536.jpg 1025w, https:\/\/www.nonsolomodanews.it\/wordpress\/wp-content\/uploads\/2023\/02\/27012023-DSC_6521-1080x1618.jpg 1080w, https:\/\/www.nonsolomodanews.it\/wordpress\/wp-content\/uploads\/2023\/02\/27012023-DSC_6521.jpg 1367w\" sizes=\"auto, (max-width: 200px) 100vw, 200px\" \/>Uno show che ha finalmente potuto esprimere il suo potenziale\u00a0<\/em><strong>Il successo di Motor Bike Expo 2023 <\/strong><strong>verr\u00e0 ricordato <\/strong><em>Edizione ricca di soddisfazioni per aziende e pubblico. <\/em><em>Gi\u00e0 fissate le date per<strong> MBE 2024: dal 19 al 21 gennaio<\/strong>. <\/em>Una \u201creunion\u201d attesa e sognata, un evento che ha radunato la grande community dei motociclisti, i principali marchi della produzione mondiale, le aziende emergenti, l\u2019arte delle moto custom, accessori, abbigliamento, costume e turismo.<\/p>\n<p style=\"text-align: center;\"><!--more--><\/p>\n<p>Numeri da capogiro quelli di Motor Bike Expo 2023 con oltre\u00a0<strong>160.000 visitatori<\/strong> e <strong>720 aziende<\/strong>\u00a0presenti, di cui pi\u00f9 di\u00a0<strong>80 provenienti dall\u2019estero<\/strong>\u00a0&#8211; da\u00a0<strong>35 diversi Paesi<\/strong>\u00a0&#8211; distribuite su\u00a0<strong>100.000 mq di esposizione<\/strong>\u00a0(80.000 indoor e 20.000 outdoor).\u00a0<strong>7 padiglioni<\/strong>\u00a0divisi per aree tematiche, a rappresentanza di tutti i \u201cmondi\u201d del settore delle due ruote;\u00a0<strong>5 aree esterne<\/strong>\u00a0con show mozzafiato e centinaia di demo ride,<strong>\u00a0oltre 100 eventi<\/strong>\u00a0a programma e oltre\u00a0<strong>3.000 moto esposte<\/strong>\u2026 una vera e propria &#8220;citt\u00e0 della moto&#8221; che ha allargato e aperto i confini del quartiere fieristico di Veronafiere per confluire con attivit\u00e0 e iniziative verso il vero e proprio centro di\u00a0<strong>Verona<\/strong>.<\/p>\n<p>Sarebbe impossibile elencare i nomi illustri che si sono potuti incontrare tra i corridoi di MBE 2023, partendo dai\u00a0piloti del mondo della pista come\u00a0<strong>Marco Lucchinelli<\/strong>,\u00a0<strong>Lorenzo Savadori<\/strong>,\u00a0<strong>Michele Pirro<\/strong>; gli eroi della dakar<strong>\u00a0<\/strong><strong>Joan Pedrero<\/strong>,\u00a0<strong>Franco Picco<\/strong>,\u00a0<strong>Alex Salvini<\/strong>,\u00a0<strong>Ottavio Missoni<\/strong>\u2026\u00a0campioni\u00a0dello sport come il 32 volte campione del mondo\u00a0<strong>Toni Bou<\/strong>\u00a0e il 3 volte campione del mondo di mountain bike Marco\u00a0<strong>Aurelio Fontana<\/strong>; naturalmente non potevano mancare le star della personalizzazione come la\u00a0<strong>Arlen Ness Motorcycles<\/strong>,\u00a0<strong>Jeff Holt<\/strong>,\u00a0<strong>Power Plant<\/strong>,\u00a0<strong>Fred Krugger<\/strong>,<strong>\u00a0Fred Kodlin<\/strong>, gli indonesiani di\u00a0<strong>Surui Motor Garage<\/strong>\u2026 e finendo con le alte cariche istituzionali come la visita del Presidente della Camera dei Deputati\u00a0<strong>Lorenzo Fontana<\/strong>\u00a0e del Presidente della Regione Veneto\u00a0<strong>Luca Zaia<\/strong>.<\/p>\n<p><strong>Benelli<\/strong><\/p>\n<p>&#8220;<strong>Motor Bike Expo \u00e8 ormai da tanti anni un punto di riferimento tra i saloni internazionali<\/strong> del settore moto, <strong>un appuntamento imperdibile<\/strong> sia per le Case costruttrici che per tutti gli appassionati delle due ruote \u2013 dice Gianni Monini, responsabile commerciale Benelli Italia \u2013. Anche quest\u2019anno siamo rimasti molto soddisfatti della nostra presenza e abbiamo ottenuto un riscontro estremamente positivo da parte del pubblico che ha dimostrato forte interesse per i nuovi modelli della gamma Benelli 2023, come TRK 702, TRK 800, Tornado Naked Twin 500 e BKX 250 e hanno avuto modo di apprezzare i best-seller dell&#8217;attuale gamma, come TRK 502X e Leoncino 800\u201d<\/p>\n<p><strong>BMW Motorrad<\/strong><\/p>\n<p>\u201c<em>Siamo molto contenti di Motor Bike Expo\u201d<\/em>\u00a0dice Andrea\u00a0Silva\u00a0PR &amp; Communication Manager\u00a0<strong>BMW Motorrad Italia<\/strong>.\u00a0<em>\u201c\u00c8 un palcoscenico perfetto, con un target di visitatori molto competenti. <\/em><strong><em>Per noi, per i nostri 100 anni, \u00e8 un momento particolare e MBE \u00e8 stato l\u2019occasione ideale per raccontarlo ai motociclisti<\/em><\/strong><em>: e per la prima volta i visitatori hanno potuto vedere e toccare con mano la R nineT e la R18 in livrea <\/em>\u201c<em>100 Years Edition\u201d<\/em>.<\/p>\n<p><strong>Gruppo Piaggio: Aprilia &#8211; Moto Guzzi\u00a0<\/strong><\/p>\n<p>La\u00a0<strong>grandissima affluenza<\/strong>\u00a0di pubblico ci ha ovviamente fatto molto piacere. \u00c8 stato molto importante che i motociclisti, oltre ad ammirare le nostre\u00a0<strong>moto<\/strong>, abbiano risposto con grande entusiasmo alla nuova offerta di\u00a0<strong>esperienze ed eventi<\/strong>\u00a0da vivere in prima persona coi brand\u00a0<strong>Aprilia<\/strong>\u00a0e\u00a0<strong>Moto Guzzi<\/strong>\u00a0che abbiamo presentato a Verona. MBE \u00e8 stata inoltre la vetrina per un annuncio molto importante, il ritorno di Aprilia all&#8217;off road, avendo come obiettivo le grandi gare nel deserto.<\/p>\n<p><strong>Harley-Davidson<\/strong><\/p>\n<p>Per Giacomo\u00a0Marzoli, responsabile marketing di\u00a0<strong>Harley-Davidson<\/strong>\u00a0Italia\/Spagna\/Portogallo, marchio che ha celebrato in Fiera i 120 anni dalla fondazione,\u00a0\u201c<strong><em>abbiamo avuto un afflusso molto forte gi\u00e0 da venerd\u00ec<\/em><\/strong><em>: i feed-back sono molto positivi, specie per la parte demo che ha consentito ai motociclisti di provare i nostri mezzi anche all\u2019esterno del quartiere fieristico.<\/em>Siamo estremamente soddisfatti, non solo per l\u2019altissima affluenza ma anche per l\u2019entusiasmo del pubblico verso tutta la gamma H-D. \u00a0Gli occhi erano puntati sulle nuove Softail Breakout e Nightster Special, ma anche l\u2019intera famiglia Sportster e la Pan America hanno raccolto interesse e consenso<em>\u201d<\/em>.<\/p>\n<p><strong>Keeway<\/strong><\/p>\n<p><em>Lello Tasca, Responsabile Commerciale Italia di Keeway ci ha detto\u00a0&#8220;Al Motor Bike Expo,\u00a0<strong>Keeway Group<\/strong>\u00a0si sente a casa e questa sensazione, quest&#8217;anno, si \u00e8 rafforzata ulteriormente. Grazie alla crescita della gamma Custom\/Cruiser penso che MBE sia stata l&#8217;occasione perfetta per entrare in contatto con uno dei &#8220;target group&#8221; di nostro maggiore interesse. Non solo! <strong>Questo evento ci ha permesso<\/strong> anche <strong>di conoscere e parlare con un pubblico attento<\/strong>, preparato ed interessato a vedere da vicino le nostre proposte per la urban e-mobility. Bella sorpresa!<\/em>&#8221;<\/p>\n<p><strong>Suzuki\u00a0<\/strong>\u201cIl nostro stand al padiglione 6 \u00e8 stato letteralmente preso d\u2019assalto dagli appassionati, <strong>era cos\u00ec pieno da rendere impossibile vedere il pavimento<\/strong>. Abbiamo toccato con mano l\u2019interesse per i nuovi modelli come la V-Strom 800 DE e la GSX-8S, ma anche la potente Hayabusa, proposta in livrea GP Edition \u00e8 stata ammiratissima\u201d.\u00a0&#8211; Andrea Simari (responsabile marketing)<\/p>\n<p><strong>Yamaha\u00a0<\/strong><\/p>\n<p>\u201cYamaha Motor ha sempre sostenuto MBE, fin dagli esordi, senza saltare nessun appuntamento anche nei momenti pi\u00f9 complicati. <strong>Quest\u2019anno siamo stati ripagati dal pubblico numeroso<\/strong>, autenticamente appassionato e con tanta voglia di sentirsi parte di una community ancora vivace. Un ottimo segnale per tutto il settore\u201d, dichiara Andrea Colombi, country manager Yamaha Motor Italia.<\/p>\n<p><strong>BER Racing Europe<\/strong><\/p>\n<p>\u201cAnno dopo anno Motor Bike Expo allarga i suoi orizzonti, acquisendo una dimensione sempre pi\u00f9 internazionale. A rendere speciale MBE \u00e8 soprattutto il rapporto diretto che si riesce a instaurare con il pubblico. Da molti anni ormai BER Racing \u00e8 presente in forze, ma quest\u2019anno l\u2019affluenza \u00e8 stata davvero travolgente: <strong>un plauso va all\u2019organizzazione, che ha avuto il merito di crederci sempre<\/strong>, anche nei momenti bui della pandemia. E i risultati si vedono\u201d. Francesco Bombarda \u2013 Responsabile Marketing e Comunicazione.<\/p>\n<p><strong>Dainese<\/strong><strong>\u00a0<\/strong>\u201cMotor Bike Expo per noi \u00e8 molto importante perch\u00e9 <strong>qui incontriamo il motociclista vero<\/strong>, che \u00e8 il nostro target\u201d. &#8211; Mattia Deider (retail marketing manager)<br \/>\n<strong>Nolan\u00a0<\/strong>\u201cSiamo molto felici, <strong>l\u2019affluenza di pubblico ha superato le aspettative<\/strong>. Tanto l\u2019interesse per i nostri caschi, in particolare per i modulari dedicati al touring e per lo sportivissimo X-Lite\u00a0X-803 RS.\u201d\u00a0&#8211; Luca Mazzolini (marketing manager)<\/p>\n<p><em>Per accedere al press kit con i testi integrali della cartella stampa, il programma, la pianta del quartiere fieristico e foto e video di repertorio, liberamente utilizzabili, cliccare qui -&gt;<\/em><em><br \/>\n<\/em><a href=\"https:\/\/www.dropbox.com\/scl\/fo\/z75ultl1el809lygilkaj\/h?dl=0&amp;rlkey=0wutt9knknrxhjkpa36qe9yen\">https:\/\/www.dropbox.com\/scl\/fo\/z75ultl1el809lygilkaj\/h?dl=0&amp;rlkey=0wutt9knknrxhjkpa36qe9yen<\/a><\/p>\n<p>&nbsp;<\/p>\n<p>14 febbraio 2023<\/p>\n<p>&nbsp;<\/p>\n<p>Contatti<\/p>\n<p>Resp. Ufficio Comunicazione: Thomas Petten\u00f2, 041 5010188, <a href=\"mailto:thomaspetteno@motorbikeexpo.it\">thomaspetteno@motorbikeexpo.it<\/a><\/p>\n<p>&nbsp;<\/p>\n<p><a href=\"http:\/\/www.motorbikeexpo.it\/\">www.motorbikeexpo.it<\/a><\/p>\n<p>Youtube: <a href=\"https:\/\/www.youtube.com\/@motorbikeexpo\">https:\/\/www.youtube.com\/@motorbikeexpo<\/a><\/p>\n<p>Facebook: <a href=\"http:\/\/www.facebook.com\/MotorBikeExpoOfficial\">www.facebook.com\/MotorBikeExpoOfficial<\/a><\/p>\n<p>Instagram: <a href=\"http:\/\/www.instagram.com\/motorbikeexpo\">www.instagram.com\/motorbikeexpo<\/a><\/p>\n<p>Twitter: <a href=\"http:\/\/twitter.com\/motorbikeexpo\">twitter.com\/motorbikeexpo<\/a><\/p>\n<p>LinkedIn: <a href=\"http:\/\/it.linkedin.com\/company\/motor-bike-expo\">it.linkedin.com\/company\/motor-bike-expo<\/a><\/p>\n<p>TikTok: <a href=\"http:\/\/www.tiktok.com\/@motorbikeexpo\">www.tiktok.com\/@motorbikeexpo<\/a><\/p>\n<p style=\"text-align: center;\">Testo a cura ufficio Stampa MBE<br \/>\nTutti i diritti riservati \u00a9 2022\u2013 Email: nonsolomodanews@gmail.com<\/p>\n","protected":false},"excerpt":{"rendered":"<p>Uno show che ha finalmente potuto esprimere il suo potenziale&nbsp;Il successo di Motor Bike Expo 2023 verr&agrave; ricordato Edizione ricca di soddisfazioni per aziende e pubblico. Gi&agrave; fissate le date per MBE 2024: dal 19 al 21 gennaio. Una &ldquo;reunion&rdquo; attesa e sognata, un evento che ha radunato la grande community dei motociclisti, i principali marchi della produzione mondiale, le aziende emergenti, l&rsquo;arte delle moto custom, accessori, abbigliamento, costume e turismo.<\/p>\n","protected":false},"author":1,"featured_media":24419,"comment_status":"open","ping_status":"open","sticky":false,"template":"","format":"standard","meta":{"rop_custom_images_group":[],"rop_custom_messages_group":[],"rop_publish_now":"initial","rop_publish_now_accounts":[],"rop_publish_now_history":[],"rop_publish_now_status":"pending","footnotes":""},"categories":[16],"tags":[281,372,2153,1099],"class_list":["post-24413","post","type-post","status-publish","format-standard","has-post-thumbnail","hentry","category-articolo","tag-bruno-angelo-porcellana","tag-comunicato-stampa-2","tag-motor-bike-expo","tag-nonsolomodanews"],"_links":{"self":[{"href":"https:\/\/www.nonsolomodanews.it\/wordpress\/wp-json\/wp\/v2\/posts\/24413","targetHints":{"allow":["GET"]}}],"collection":[{"href":"https:\/\/www.nonsolomodanews.it\/wordpress\/wp-json\/wp\/v2\/posts"}],"about":[{"href":"https:\/\/www.nonsolomodanews.it\/wordpress\/wp-json\/wp\/v2\/types\/post"}],"author":[{"embeddable":true,"href":"https:\/\/www.nonsolomodanews.it\/wordpress\/wp-json\/wp\/v2\/users\/1"}],"replies":[{"embeddable":true,"href":"https:\/\/www.nonsolomodanews.it\/wordpress\/wp-json\/wp\/v2\/comments?post=24413"}],"version-history":[{"count":2,"href":"https:\/\/www.nonsolomodanews.it\/wordpress\/wp-json\/wp\/v2\/posts\/24413\/revisions"}],"predecessor-version":[{"id":24417,"href":"https:\/\/www.nonsolomodanews.it\/wordpress\/wp-json\/wp\/v2\/posts\/24413\/revisions\/24417"}],"wp:featuredmedia":[{"embeddable":true,"href":"https:\/\/www.nonsolomodanews.it\/wordpress\/wp-json\/wp\/v2\/media\/24419"}],"wp:attachment":[{"href":"https:\/\/www.nonsolomodanews.it\/wordpress\/wp-json\/wp\/v2\/media?parent=24413"}],"wp:term":[{"taxonomy":"category","embeddable":true,"href":"https:\/\/www.nonsolomodanews.it\/wordpress\/wp-json\/wp\/v2\/categories?post=24413"},{"taxonomy":"post_tag","embeddable":true,"href":"https:\/\/www.nonsolomodanews.it\/wordpress\/wp-json\/wp\/v2\/tags?post=24413"}],"curies":[{"name":"wp","href":"https:\/\/api.w.org\/{rel}","templated":true}]}}