{"id":24399,"date":"2023-02-15T14:27:13","date_gmt":"2023-02-15T14:27:13","guid":{"rendered":"https:\/\/www.nonsolomodanews.it\/wordpress\/?p=24399"},"modified":"2023-02-15T14:27:13","modified_gmt":"2023-02-15T14:27:13","slug":"cosmoprof-2023-bologna-16-20-marzo-si-attendono-2900-aziende-da-64-paesi","status":"publish","type":"post","link":"https:\/\/www.nonsolomodanews.it\/wordpress\/cosmoprof-2023-bologna-16-20-marzo-si-attendono-2900-aziende-da-64-paesi\/","title":{"rendered":"COSMOPROF 2023 (BOLOGNA 16\/20 MARZO) SI ATTENDONO 2900 AZIENDE DA 64 PAESI"},"content":{"rendered":"<p><img loading=\"lazy\" decoding=\"async\" class=\"size-medium wp-image-24405 alignleft\" src=\"https:\/\/www.nonsolomodanews.it\/wordpress\/wp-content\/uploads\/2023\/02\/IMG_9306-225x300.jpeg\" alt=\"\" width=\"225\" height=\"300\" srcset=\"https:\/\/www.nonsolomodanews.it\/wordpress\/wp-content\/uploads\/2023\/02\/IMG_9306-225x300.jpeg 225w, https:\/\/www.nonsolomodanews.it\/wordpress\/wp-content\/uploads\/2023\/02\/IMG_9306-768x1024.jpeg 768w, https:\/\/www.nonsolomodanews.it\/wordpress\/wp-content\/uploads\/2023\/02\/IMG_9306-1152x1536.jpeg 1152w, https:\/\/www.nonsolomodanews.it\/wordpress\/wp-content\/uploads\/2023\/02\/IMG_9306-1080x1440.jpeg 1080w, https:\/\/www.nonsolomodanews.it\/wordpress\/wp-content\/uploads\/2023\/02\/IMG_9306.jpeg 1536w\" sizes=\"auto, (max-width: 225px) 100vw, 225px\" \/>Torna a registrare numeri in crescita la 54a edizione di <strong>Cosmoprof Worldwide Bologna<\/strong>, l\u2018evento B2B di riferimento per l\u2019industria cosmetica in programma <strong>dal 16 al 20 marzo 2023 a Bologna<\/strong>. Saranno <strong>oltre 2.900 le aziende presenti (+11% rispetto al 2022)<\/strong>, <strong>provenienti da 64 paesi. <\/strong>Il 60% delle aziende proviene da paesi Europei, il 40% da paesi extra-europei. Ad oggi sono <strong>116 i paesi di origine dei visitatori gi\u00e0 registrati per l\u2019evento<\/strong>. A rappresentare l\u2019attrattiva mondiale della manifestazione anche le <strong>29 collettive nazionali<\/strong>, in crescita rispetto agli anni scorsi, con piccole e medie imprese da <strong>Argentina, Australia, Belgio, Brasile, California, Cina, Corea Del Sud, Ecuador, Francia, Gran Bretagna, Germania, Giappone, Grecia, India, Indonesia, Irlanda, Lettonia, Polonia, Repubblica Ceca, Romania, Spagna, Svezia, Taiwan, Turchia, Ucraina e USA<\/strong>. Novit\u00e0 rispetto all\u2019edizione 2022 la presenza di Argentina, Australia, India e Romania, con Irlanda presente per la prima volta con l\u2019ente nazionale.<\/p>\n<p><!--more--><\/p>\n<p>A determinare i numeri positivi dell\u2019edizione di marzo sono soprattutto il ritorno di aziende da Cina e Taiwan, fino a pochi mesi fa impossibilitate ad uscire dai rispettivi paesi, e il costante rinnovamento del parterre espositivo, sintomo della vivacit\u00e0 del settore. Cosmoprof Worldwide Bologna attirer\u00e0 in citt\u00e0 <strong>buyer da pi\u00f9 di 50 paesi<\/strong>, grazie anche al supporto delle agenzie ICE che operano nei mercati di riferimento per l\u2019industria cosmetica. Delegazioni di compratori, retailer e distributori provenienti dai principali mercati emergenti e maturi, tra cui Nord America, Europa, Medio Oriente, Asia e Oceania, potranno incontrare gli espositori Cosmoprof 2023 per trovare nuove proposte e soluzioni distributive. Si rafforza la collaborazione con il network Health &amp; Beauty &#8211; di propriet\u00e0 del gruppo BolognaFiere Cosmoprof &#8211; grazie al quale \u00e8 prevista una delegazione di top player del canale distributivo professionale europeo.<\/p>\n<p>Per ottimizzare l\u2019esperienza in fiera degli stakeholder internazionali sono state riviste anche le date di apertura dei saloni. <strong>Cosmopack<\/strong>, salone dedicato alle aziende della supply chain, e <strong>Cosmo Perfumery &amp; Cosmetics<\/strong>, con i player del canale retail, prestige e mass market, saranno attivi <strong>dal gioved\u00ec al sabato<\/strong>, per rispondere alle necessit\u00e0 degli operatori esteri di concentrare gli incontri di business nei giorni feriali. <strong>Cosmo Hair, Nail &amp; Beauty Salon<\/strong>, l\u2019area dedicata al canale professionale, manterr\u00e0 le 4 giornate tradizionali, <strong>dal venerd\u00ec al luned\u00ec<\/strong>, cos\u00ec da accogliere gli operatori nei giorni di chiusura dei saloni e dei centri estetici.<\/p>\n<p>A facilitare il networking e le relazioni commerciali in fiera saranno le rinnovate dotazioni della piattaforma digitale <strong>Cosmoprof My Match<\/strong>, servizio di match-making sempre pi\u00f9 apprezzato dagli addetti ai lavori. L\u2019esclusivo software Cosmoprof permette agli operatori di organizzare al meglio la permanenza in manifestazione, selezionando i brand e i fornitori pi\u00f9 adatti alla propria attivit\u00e0 commerciale e organizzando in anteprima la propria agenda di incontri.<\/p>\n<p>\u201cDopo un 2022 molto positivo, i dati di Cosmoprof Worldwide Bologna 2023 testimoniano la qualit\u00e0 del lavoro svolto negli anni,\u201d commenta <strong>Gianpiero Calzolari, Presidente di BolognaFiere<\/strong>. \u201cCosmoprof \u00e8 una vetrina irrinunciabile per gli operatori da tutto il mondo grazie all\u2019eccellenza dell\u2019offerta espositiva e alla capacit\u00e0 del format di adattarsi alle modalit\u00e0 di business in costante evoluzione. Sono queste stesse caratteristiche che stanno facilitando anche lo sviluppo internazionale del network Cosmoprof. Da Bologna la manifestazione continua a esplorare nuovi mercati e ad ottimizzare la presenza in aree gi\u00e0 consolidate, come dimostra il recente annuncio dell\u2019evento a Miami, grazie alle sinergie con partner leader internazionali, al supporto istituzionale del <strong>Ministero degli Affari esteri e della Cooperazione Internazionale <\/strong>e di <strong>ICE, Agenzia per la promozione all&#8217;estero e l&#8217;internazionalizzazione delle imprese italiane, <\/strong>e alla collaborazione con <strong>Cosmetica Italia \u2013 Associazione nazionale imprese cosmetiche<\/strong>. Siamo quindi pronti a vivere con entusiasmo le prossime opportunit\u00e0 e i nuovi progetti dei mesi a venire\u201d.<\/p>\n<p>\u201cNel contesto internazionale attuale, che coniuga incoraggianti elementi di ripartenza con nuove sfide produttive e commerciali, continua il rilevante supporto del MAECI e dell&#8217;Agenzia ICE a Cosmoprof Worldwide Bologna \u2013 afferma <strong>Maurizio Forte, Direttore del Coordinamento Promozione del Made in Italy dell&#8217;ICE<\/strong>. \u201cL&#8217;obiettivo principale del sostegno dell&#8217;ICE al sistema fieristico italiano, che assorbe circa un terzo dell&#8217;intero investimento promozionale annuale, \u00e8 il rafforzamento costante della leadership internazionale delle nostre manifestazioni. La rassegna bolognese \u00e8 un appuntamento irrinunciabile per le aziende del settore e riferimento internazionale indiscusso per le relazioni commerciali e le nuove tendenze del comparto. La collaborazione dell&#8217;Agenzia con BolognaFiere Cosmoprof e Cosmetica Italia, oltre a valorizzare questo ruolo globale di Cosmoprof, mira anche a consolidare i rapporti tra le aziende italiane e gli operatori esteri, grazie all&#8217;invito di 140 buyer specializzati provenienti da circa 50 paesi di cui 15 sono stati interessati anche dallo svolgimento di una campagna di comunicazione a favore del settore. Un grande lavoro, di cui ringrazio i nostri partner, per presentare al pubblico professionale l\u2019immagine dell\u2019Italia come culla della bellezza e del benessere, ma anche, e soprattutto, come sistema industriale di assoluta eccellenza&#8221;.<\/p>\n<p>\u201cResiliente e anticiclico sono due aggettivi che hanno spesso contraddistinto la descrizione del comparto cosmetico e che, ancora una volta, dimostrano di essere appropriati per delineare l\u2019andamento del settore in una fase di continuo confronto con dinamiche economiche e geopolitiche che impongono nuove sfide e rimodulazioni alle nostre aziende\u201d \u2013 commenta <strong>Benedetto Lavino, Presidente di Cosmetica Italia<\/strong>. \u201cLo attestano i dati preconsuntivi sul 2022 che vedono il fatturato totale del settore cosmetico in Italia superare i 13 miliardi di euro; un valore che, secondo le stime sul 2023, oltrepasser\u00e0 i 14 miliardi con un incremento di oltre 2 miliardi rispetto ai valori pre-Covid. La storica partnership tra Cosmetica Italia e BolognaFiere Cosmoprof ci consente di raccontare il valore delle nostre imprese in tutto il mondo grazie a un format fieristico di riferimento per la cosmesi, e Bologna, in particolare, si conferma una tappa imprescindibile per tutti gli operatori del settore, nonch\u00e9 un\u2019occasione per richiamare l\u2019attenzione anche delle istituzioni sull\u2019eccezionalit\u00e0 del nostro comparto: un filiera per sua natura ampia e articolata in grado di creare valore per l\u2019intero Sistema Paese\u201d.<\/p>\n<p>Per l\u2019edizione 2023 sar\u00e0 inoltre presente anche <strong>Accademia del Profumo <\/strong>con un\u2019area dedicata al Centro Servizi.<\/p>\n<p><strong>I NUMERI DELL\u2019EDIZIONE 2023<\/strong><\/p>\n<p>Tutti i comparti presenti a Cosmoprof Worldwide Bologna registrano una forte ripresa. Si rafforza il prestigio internazionale di <strong>COSMOPACK, <\/strong>l\u2019unico esempio di manifestazione fieristica che presenta l\u2019intera filiera cosmetica, dalla formulazione al packaging, dal macchinario alle soluzioni di automazione per le industrie, dal contract manufacturing al private label. Cosmopack riunir\u00e0 il 17% delle aziende presenti a Cosmoprof in rappresentanza di 38 paesi, con un <strong>tasso di crescita del 16%<\/strong>. Il salone \u00e8 ad oggi riconosciuto come la culla delle nuove tendenze e attira ogni anno brand owner e manager delle principali multinazionali e catene beauty da tutto il mondo, interessati ad arricchire la propria offerta con prodotti innovativi e adatti alle esigenze del consumatore.<\/p>\n<p>Novit\u00e0 della prossima edizione sar\u00e0 la <strong>Ingredients Zone<\/strong>, nuova area espositiva nel padiglione 20 dedicata ai produttori e distributori di materie prime, principi attivi e ingredienti funzionali, oli essenziali, fragranze e servizi di formulazione. Gi\u00e0 presenti in fiera come visitatori, quest\u2019anno godranno di una maggiore visibilit\u00e0 per ottimizzare le relazioni con i terzisti leader mondiali in esposizione a Cosmopack. Dalla <em>Ingredients Zone <\/em>il comparto degli ingredienti si svilupper\u00e0 anche negli altri padiglioni di Cosmopack, lungo un percorso alla scoperta delle ultime novit\u00e0 in ambito ingredienti e fragranze.<\/p>\n<p>Materie prime e ingredienti saranno inoltre uno degli elementi protagonisti della <strong>Cosmopack Factory, <\/strong>che per l\u2019edizione 2023 si concentrer\u00e0 sulle potenzialit\u00e0 legate alle tecnologie di track&amp;trace. L\u2019installazione, curata dallo <strong>Studio Sara Ricciardi<\/strong>, accompagner\u00e0 il visitatore in un viaggio tailor-made alla scoperta dell\u2019intero ciclo di vita di un prodotto, dalla scelta e dalla lavorazione delle materie prime ai processi di produzione, dal controllo della distribuzione all\u2019esperienza del consumatore, analizzando come le connessioni virtuose della filiera possono diventare l\u2019elemento di garanzia della qualit\u00e0, dell\u2019originalit\u00e0 e della sicurezza dei cosmetici presenti sul mercato. Partner tecnici dell\u2019iniziativa saranno <strong>Antares Vision Group<\/strong>, <strong>Induplast Packaging Group <\/strong>e <strong>N&amp;B \u2013 Natural is Better<\/strong>.<\/p>\n<p><strong>COSMO PERFUMERY &amp; COSMETICS <\/strong>ospiter\u00e0 le nuove proposte e le principali curiosit\u00e0 della profumeria prestige e premium e della cosmetica green per il retail. Il salone riunir\u00e0 il 45% delle aziende presenti a Cosmoprof in rappresentanza di 52 paesi, con l\u2019<strong>8% di aziende in pi\u00f9 rispetto al 2022<\/strong>. L\u2019offerta espositiva \u00e8 sempre pi\u00f9 ricca e variegata, adatta all\u2019evoluzione multicanale del comparto e alle nuove abitudini di acquisto e di consumo. La concomitanza con Cosmopack e la crescente presenza dei fornitori di materie prime saranno un elemento fondamentale a favore delle interazioni tra produttori e brand. Per l\u2019edizione di marzo da registrare l\u2019aumento degli indie brands presenti in fiera e protagonisti dell\u2019<strong>Extraordinary Gallery <\/strong>nel padiglione 14. Oltre 50 aziende di piccole e medie dimensioni porteranno in manifestazione il loro approccio eclettico e unico al beauty, che ben si adatta alle nuove abitudini di consumo delle generazioni pi\u00f9 giovani. Presente anche una delegazione di Indie Brand dalla Francia.<\/p>\n<p>Alle nuove generazioni di consumatori si rivolgono anche le aziende presenti nell\u2019area <strong>Beauty Tech<\/strong>, all\u2019interno del padiglione 22. Innovazione, soluzioni 3D\/AI\/AR\/VR e app rivoluzionarie saranno il filo conduttore dell\u2019area. I player pi\u00f9 interessanti nel comparto tech presenteranno i servizi e i tool pi\u00f9 performanti e adatti alle abitudini di consumo dei consumatori pi\u00f9 attenti alle nuove potenzialit\u00e0 digitali. Presenti aziende da 6 paesi: Corea, Croazia, India, Slovacchia, Taiwan e Turchia.<\/p>\n<p>La presenza a Cosmoprof 2023 dei principali leader per il canale professionale testimonia la ripresa dei comparti dell\u2019estetica professionale, hair e nail, protagonisti da venerd\u00ec a luned\u00ec di <strong>COSMO HAIR, NAIL &amp; BEAUTY SALON. <\/strong>L\u2019area riunir\u00e0 il 38% delle aziende presenti a Cosmoprof in rappresentanza di 48 paesi, con un <strong>tasso di crescita del 23%<\/strong>. Eventi, approfondimenti e iniziative dedicate arricchiranno l\u2019esperienza di visita dei distributori, dei titolari di saloni e centri estetici e degli operatori, che a Bologna potranno ancora una volta trovare nuovi suggerimenti per adattarsi alle nuove esigenze del consumatore.<\/p>\n<p>\u201cCi sono tutte le condizioni per un\u2019edizione di grande successo\u201d, dichiara <strong>Enrico Zannini, Direttore Generale di BolognaFiere Cosmoprof<\/strong>. \u201cAd oggi abbiamo visitatori registrati da 116 paesi. In generale, i numeri sono in crescita rispetto al 2019, ultima edizione pre-pandemia, con un forte incremento di registrazioni dall\u2019estero. Rispetto al 2022 stiamo assistendo ad un crescente engagement della nostra community digitale, sia sui nostri canali social che sul nostro sito, con dati in aumento del 15%. Questo scenario conferma la ripresa del reparto fieristico, che continua ad essere una leva importante della nostra economia, e anche l\u2019ottimo stato di salute delle nostre aziende. Siamo pronti ad accogliere gli operatori a Bologna, per tornare a sentire il fermento, la creativit\u00e0 e l\u2019ottimismo della nostra industria.\u201d<\/p>\n<p style=\"text-align: center;\">Per ulteriori informazioni sulla prossima edizione di Cosmoprof Worldwide Bologna, <a href=\"http:\/\/www.cosmoprof.com\/\">www.cosmoprof.com<\/a><\/p>\n<p style=\"text-align: center;\">Ufficio Stampa Bolognafiere Cosmoprof S.p.A<br \/>\nTutti i diritti riservati \u00a9 2023 \u2013 Email: nonsolomodanews@gmail.com<\/p>\n","protected":false},"excerpt":{"rendered":"<p>Torna a registrare numeri in crescita la 54a edizione di Cosmoprof Worldwide Bologna, l&lsquo;evento B2B di riferimento per l&rsquo;industria cosmetica in programma dal 16 al 20 marzo 2023 a Bologna. Saranno oltre 2.900 le aziende presenti (+11% rispetto al 2022), provenienti da 64 paesi. Il 60% delle aziende proviene da paesi Europei, il 40% da paesi extra-europei. Ad oggi sono 116 i paesi di origine dei visitatori gi&agrave; registrati per l&rsquo;evento. A rappresentare l&rsquo;attrattiva mondiale della manifestazione anche le 29 collettive nazionali, in crescita rispetto agli anni scorsi, con piccole e medie imprese da Argentina, Australia, Belgio, Brasile, California, Cina, Corea Del Sud, Ecuador, Francia, Gran Bretagna, Germania, Giappone, Grecia, India, Indonesia, Irlanda, Lettonia, Polonia, Repubblica Ceca, Romania, Spagna, Svezia, Taiwan, Turchia, Ucraina e USA. Novit&agrave; rispetto all&rsquo;edizione 2022 la presenza di Argentina, Australia, India e Romania, con Irlanda presente per la prima volta con l&rsquo;ente nazionale.<\/p>\n","protected":false},"author":1,"featured_media":24407,"comment_status":"open","ping_status":"open","sticky":false,"template":"","format":"standard","meta":{"rop_custom_images_group":[],"rop_custom_messages_group":[],"rop_publish_now":"initial","rop_publish_now_accounts":[],"rop_publish_now_history":[],"rop_publish_now_status":"pending","footnotes":""},"categories":[16],"tags":[372,2331,386,1099],"class_list":["post-24399","post","type-post","status-publish","format-standard","has-post-thumbnail","hentry","category-articolo","tag-comunicato-stampa-2","tag-conferenza-stampa","tag-cosmoprof","tag-nonsolomodanews"],"_links":{"self":[{"href":"https:\/\/www.nonsolomodanews.it\/wordpress\/wp-json\/wp\/v2\/posts\/24399","targetHints":{"allow":["GET"]}}],"collection":[{"href":"https:\/\/www.nonsolomodanews.it\/wordpress\/wp-json\/wp\/v2\/posts"}],"about":[{"href":"https:\/\/www.nonsolomodanews.it\/wordpress\/wp-json\/wp\/v2\/types\/post"}],"author":[{"embeddable":true,"href":"https:\/\/www.nonsolomodanews.it\/wordpress\/wp-json\/wp\/v2\/users\/1"}],"replies":[{"embeddable":true,"href":"https:\/\/www.nonsolomodanews.it\/wordpress\/wp-json\/wp\/v2\/comments?post=24399"}],"version-history":[{"count":7,"href":"https:\/\/www.nonsolomodanews.it\/wordpress\/wp-json\/wp\/v2\/posts\/24399\/revisions"}],"predecessor-version":[{"id":24412,"href":"https:\/\/www.nonsolomodanews.it\/wordpress\/wp-json\/wp\/v2\/posts\/24399\/revisions\/24412"}],"wp:featuredmedia":[{"embeddable":true,"href":"https:\/\/www.nonsolomodanews.it\/wordpress\/wp-json\/wp\/v2\/media\/24407"}],"wp:attachment":[{"href":"https:\/\/www.nonsolomodanews.it\/wordpress\/wp-json\/wp\/v2\/media?parent=24399"}],"wp:term":[{"taxonomy":"category","embeddable":true,"href":"https:\/\/www.nonsolomodanews.it\/wordpress\/wp-json\/wp\/v2\/categories?post=24399"},{"taxonomy":"post_tag","embeddable":true,"href":"https:\/\/www.nonsolomodanews.it\/wordpress\/wp-json\/wp\/v2\/tags?post=24399"}],"curies":[{"name":"wp","href":"https:\/\/api.w.org\/{rel}","templated":true}]}}