{"id":2437,"date":"2013-09-28T06:27:33","date_gmt":"2013-09-28T06:27:33","guid":{"rendered":"http:\/\/nonsolomodanews.com\/?p=2437"},"modified":"2013-09-28T06:27:33","modified_gmt":"2013-09-28T06:27:33","slug":"il-rito-celtico-appunti-su-un-progetto-fotografico-con-erika-cardano-e-stefano-pollastro","status":"publish","type":"post","link":"https:\/\/www.nonsolomodanews.it\/wordpress\/il-rito-celtico-appunti-su-un-progetto-fotografico-con-erika-cardano-e-stefano-pollastro\/","title":{"rendered":"IL RITO CELTICO: appunti su un progetto fotografico con Erika Cardano e Stefano Pollastro"},"content":{"rendered":"<p style=\"text-align:justify;\"><span style=\"color:#000000;\"><b>a cura di Fabrizio Capra<\/b><\/span><\/p>\n<p style=\"text-align:justify;\">\n<div id=\"attachment_2438\" style=\"width: 310px\" class=\"wp-caption alignleft\"><a href=\"http:\/\/nonsolomodanews.files.wordpress.com\/2013\/09\/rito-celtico-1.jpg\"><img loading=\"lazy\" decoding=\"async\" aria-describedby=\"caption-attachment-2438\" class=\"size-medium wp-image-2438\" alt=\"Il Rito Celtico Model: Erika Cardano Fotografo: Stefano Pollastro Creator project e art director: Fabrizio Capra \" src=\"http:\/\/nonsolomodanews.files.wordpress.com\/2013\/09\/rito-celtico-1.jpg?w=300\" width=\"300\" height=\"199\" srcset=\"https:\/\/www.nonsolomodanews.it\/wordpress\/wp-content\/uploads\/2013\/09\/rito-celtico-1.jpg 2048w, https:\/\/www.nonsolomodanews.it\/wordpress\/wp-content\/uploads\/2013\/09\/rito-celtico-1-300x200.jpg 300w, https:\/\/www.nonsolomodanews.it\/wordpress\/wp-content\/uploads\/2013\/09\/rito-celtico-1-1024x682.jpg 1024w, https:\/\/www.nonsolomodanews.it\/wordpress\/wp-content\/uploads\/2013\/09\/rito-celtico-1-1080x719.jpg 1080w\" sizes=\"auto, (max-width: 300px) 100vw, 300px\" \/><\/a><p id=\"caption-attachment-2438\" class=\"wp-caption-text\">Il Rito Celtico<br \/>Model: Erika Cardano<br \/>Fotografo: Stefano Pollastro<br \/>Creator project e art director: Fabrizio Capra<\/p><\/div>\n<p style=\"text-align:justify;\"><span style=\"color:#000000;\">Un progetto fotografico \u00e8 tale quando\u00a0all&#8217;intuizione\u00a0si riesce ad abbinare creativit\u00e0 e fantasia.<\/span><br \/>\n<span style=\"color:#000000;\"> Quando ho pensato al progetto \u201c<b>Il Rito Celtico<\/b>\u201d intuizione, creativit\u00e0 e fantasia non erano sufficienti se non supportati, anche, da un\u2019approfondita analisi storica.<\/span><br \/>\n<span style=\"color:#000000;\"> Cos\u00ec pensata l\u2019idea di ricreare fotograficamente un rito celtico si \u00e8 passati alla fase dello studio, ore passate a cercare su internet nozioni, informazioni e qualsiasi cosa che potesse rendere reale questo progetto.<\/span><br \/>\n<span style=\"color:#000000;\"> Alla fine la scelta \u00e8 caduta su un rito che s\u2019ispirava alle feste \u201cceltiche\u201d: quello della fertilit\u00e0 (della terra e della persona) e della purificazione.<\/span><\/p>\n<div id=\"attachment_2443\" style=\"width: 209px\" class=\"wp-caption alignright\"><a href=\"http:\/\/nonsolomodanews.files.wordpress.com\/2013\/09\/rito-celtico-6.jpg\"><img loading=\"lazy\" decoding=\"async\" aria-describedby=\"caption-attachment-2443\" class=\" wp-image-2443 \" alt=\"Il Rito Celtico Model: Erika Cardano Fotografo: Stefano Pollastro Creator project e art director: Fabrizio Capra \" src=\"http:\/\/nonsolomodanews.files.wordpress.com\/2013\/09\/rito-celtico-6.jpg?w=199\" width=\"199\" height=\"300\" srcset=\"https:\/\/www.nonsolomodanews.it\/wordpress\/wp-content\/uploads\/2013\/09\/rito-celtico-6.jpg 1363w, https:\/\/www.nonsolomodanews.it\/wordpress\/wp-content\/uploads\/2013\/09\/rito-celtico-6-200x300.jpg 200w, https:\/\/www.nonsolomodanews.it\/wordpress\/wp-content\/uploads\/2013\/09\/rito-celtico-6-682x1024.jpg 682w, https:\/\/www.nonsolomodanews.it\/wordpress\/wp-content\/uploads\/2013\/09\/rito-celtico-6-1080x1623.jpg 1080w\" sizes=\"auto, (max-width: 199px) 100vw, 199px\" \/><\/a><p id=\"caption-attachment-2443\" class=\"wp-caption-text\">Il Rito Celtico<br \/>Model: Erika Cardano<br \/>Fotografo: Stefano Pollastro<br \/>Creator project e art director: Fabrizio Capra<\/p><\/div>\n<p style=\"text-align:justify;\"><span style=\"color:#000000;\">Una volta completato il progetto, che risultava composto da dieci scatti in sequenza, si \u00e8 partiti alla ricerca del fotografo e della modella.<\/span><br \/>\n<span style=\"color:#000000;\"> Il fotografo l\u2019ho individuato quasi subito.<\/span><br \/>\n<span style=\"color:#000000;\"> <b>Stefano Pollastro<\/b>, di Galliate, in provincia di Novara, che mi garantiva professionalit\u00e0 e disponibilit\u00e0 al dialogo.<\/span><br \/>\n<span style=\"color:#000000;\"> Stefano mi ha, anche, consigliato una location che conteneva gli elementi fondamentali per la realizzazione del rito celtico: alberi, massi, sassi e acqua.<\/span><br \/>\n<span style=\"color:#000000;\"> Il percorso, del \u201cRito Celtico\u201d, quindi, partiva da questi elementi che fanno parte della natura nel suo complesso.<\/span><br \/>\n<span style=\"color:#000000;\"> Immediatamente la scelta \u00e8 caduta sul fiume Ticino che scorre a non molta distanza da Galliate e che offriva interessanti spunti coreografici.<\/span><br \/>\n<span style=\"color:#000000;\"> A questo punto diventava importante la scelta di una modella che fosse convinta del progetto, che s\u2019immedesimasse, che ne diventasse componente attiva.<\/span><br \/>\n<span style=\"color:#000000;\"> La scelta \u00e8 caduta su <b>Erika Cardano<\/b>, anche lei di Galliate, che entusiasticamente ha risposto alle caratteristiche ricercate per questo lavoro.<\/span><br \/>\n<span style=\"color:#000000;\"> In una calda domenica d\u2019inizio settembre ci siamo avventurati alla realizzazione del progetto \u201cIl Rito Celtico\u201d sulle sponde del Ticino, dove abbiamo trovato tutto quello che era necessario per la realizzazione, in un\u2019atmosfera adatta, dove gli elementi del rito erano ben amalgamati tra loro.<\/span><\/p>\n<div id=\"attachment_2445\" style=\"width: 349px\" class=\"wp-caption aligncenter\"><a href=\"http:\/\/nonsolomodanews.files.wordpress.com\/2013\/09\/rito-celtico-8.jpg\"><img loading=\"lazy\" decoding=\"async\" aria-describedby=\"caption-attachment-2445\" class=\"size-full wp-image-2445\" alt=\"Il Rito Celtico Model: Erika Cardano Fotografo: Stefano Pollastro Creator project e art director: Fabrizio Capra \" src=\"http:\/\/nonsolomodanews.files.wordpress.com\/2013\/09\/rito-celtico-8.jpg\" width=\"339\" height=\"365\" srcset=\"https:\/\/www.nonsolomodanews.it\/wordpress\/wp-content\/uploads\/2013\/09\/rito-celtico-8.jpg 339w, https:\/\/www.nonsolomodanews.it\/wordpress\/wp-content\/uploads\/2013\/09\/rito-celtico-8-279x300.jpg 279w\" sizes=\"auto, (max-width: 339px) 100vw, 339px\" \/><\/a><p id=\"caption-attachment-2445\" class=\"wp-caption-text\">Il Rito Celtico<br \/>Model: Erika Cardano<br \/>Fotografo: Stefano Pollastro<br \/>Creator project e art director: Fabrizio Capra<\/p><\/div>\n<p style=\"text-align:justify;\"><span style=\"color:#000000;\">Sul set Erika Cardano si \u00e8 rivelata ci\u00f2 che ci si aspettava, ovvero una grande capacit\u00e0 di interagire con il sottoscritto, creatore e art director del progetto, e con il fotografo.<\/span><br \/>\n<span style=\"color:#000000;\"> Il resto l\u2019ha fatto la forte espressivit\u00e0 e immedesimazione frutto della consapevolezza di essere lei la protagonista del progetto<\/span><br \/>\n<span style=\"color:#000000;\"> Stefano Pollastro ha sapientemente consigliato sul modo di cogliere la giusta luce attraverso giuste prospettive e con la semplicit\u00e0 che lo contraddistingue, in punta di piedi, \u00e8 stato sempre attento a non perdere di mira la perfetta realizzazione degli scatti che sono andati a realizzare il progetto. In sintesi: bravo nello scattare, puntiglioso nel ricercare, preciso in tutte le fasi fotografiche.<\/span><\/p>\n<div id=\"attachment_2441\" style=\"width: 209px\" class=\"wp-caption alignright\"><a href=\"http:\/\/nonsolomodanews.files.wordpress.com\/2013\/09\/rito-celtico-4.jpg\"><img loading=\"lazy\" decoding=\"async\" aria-describedby=\"caption-attachment-2441\" class=\"size-medium wp-image-2441\" alt=\"Il Rito Celtico Model: Erika Cardano Fotografo: Stefano Pollastro Creator project e art director: Fabrizio Capra \" src=\"http:\/\/nonsolomodanews.files.wordpress.com\/2013\/09\/rito-celtico-4.jpg?w=199\" width=\"199\" height=\"300\" srcset=\"https:\/\/www.nonsolomodanews.it\/wordpress\/wp-content\/uploads\/2013\/09\/rito-celtico-4.jpg 1363w, https:\/\/www.nonsolomodanews.it\/wordpress\/wp-content\/uploads\/2013\/09\/rito-celtico-4-200x300.jpg 200w, https:\/\/www.nonsolomodanews.it\/wordpress\/wp-content\/uploads\/2013\/09\/rito-celtico-4-682x1024.jpg 682w, https:\/\/www.nonsolomodanews.it\/wordpress\/wp-content\/uploads\/2013\/09\/rito-celtico-4-1080x1623.jpg 1080w\" sizes=\"auto, (max-width: 199px) 100vw, 199px\" \/><\/a><p id=\"caption-attachment-2441\" class=\"wp-caption-text\">Il Rito Celtico<br \/>Model: Erika Cardano<br \/>Fotografo: Stefano Pollastro<br \/>Creator project e art director: Fabrizio Capra<\/p><\/div>\n<p style=\"text-align:justify;\"><span style=\"color:#000000;\">Erika Cardano ha commentato cos\u00ec il suo coinvolgimento: \u201c<i>Il progetto su &#8216;Il Rito Celtico&#8217; mi ha colpita molto; sembrava fosse stato scritto apposta per me! L&#8217;immergermi completamente nella natura, \u00e8 stato molto riflessivo anche per quanto riguarda il mio spirito; il contatto con le pietre, con l&#8217;albero, con l&#8217;acqua e con la natura in generale, mi ha fatto stare molto meglio! \u00c8 stato rilassante cercare di creare una ghirlanda di fiori, che poi avrei indossato; in quel momento, non pensavo a nulla, solo a creare; un po&#8217; come mentre dipingo! Eravamo io e la natura, tutto il resto non esisteva. Che dire di altro&#8230; complimenti a chi ha ideato il progetto, e al fotografo, che ha fatto s\u00ec che tutto fosse immortalato in scatti fotografici!<\/i>\u201d.<\/span><br \/>\n<span style=\"color:#000000;\"> Interviene anche Stefano Pollastro: \u201c<i>Quando Fabrizio mi ha proposto un progetto intitolato &lt;&lt;Il Rito Celtico&gt;&gt; io ho letto qualcosa al volo come mia abitudine fare, senza capire o leggere i dettagli: comunque mi \u0117 piaciuto subito a prima vista. Poi sapere che il progetto sarebbe stato realizzato con Erika come modella mi ha entusiasmato maggiormente e con l\u2019avvicinarsi della data fissata per gli scatti ho letto attentamente il progetto, per studiare se durante il servizio sarebbe servito qualcosa di particolare. Ma la bellezza principale \u00e8 stata poter variare un po&#8217; \u00a0il mio modo di lavorare perch\u00e9 ho potuto realizzare gli scatti con un lavoro di gruppo coordinato da Fabrizio che analizzava i minimi dettagli, Erika che studiava le pose e mi dava una mano insieme a Fabrizio a controllare gli scatti. Secondo me il lavoro di gruppo aiuta a crescere in esperienza e qualit\u00e0 del risultato finale<\/i>\u201d.<\/span><\/p>\n<p style=\"text-align:justify;\"><span style=\"color:#000000;\">Le foto pubblicate sono quelli non ufficiali ma rendono bene l\u2019idea del progetto:<\/span><\/p>\n\n\t\t<style>\n\t\t\t#gallery-1 {\n\t\t\t\tmargin: auto;\n\t\t\t}\n\t\t\t#gallery-1 .gallery-item {\n\t\t\t\tfloat: left;\n\t\t\t\tmargin-top: 10px;\n\t\t\t\ttext-align: center;\n\t\t\t\twidth: 33%;\n\t\t\t}\n\t\t\t#gallery-1 img {\n\t\t\t\tborder: 2px solid #cfcfcf;\n\t\t\t}\n\t\t\t#gallery-1 .gallery-caption {\n\t\t\t\tmargin-left: 0;\n\t\t\t}\n\t\t\t\/* see gallery_shortcode() in wp-includes\/media.php *\/\n\t\t<\/style>\n\t\t<div id='gallery-1' class='gallery galleryid-2437 gallery-columns-3 gallery-size-thumbnail'><dl class='gallery-item'>\n\t\t\t<dt class='gallery-icon portrait'>\n\t\t\t\t<a href='https:\/\/www.nonsolomodanews.it\/wordpress\/il-rito-celtico-appunti-su-un-progetto-fotografico-con-erika-cardano-e-stefano-pollastro\/rito-celtico-8\/'><img loading=\"lazy\" decoding=\"async\" width=\"150\" height=\"150\" src=\"https:\/\/www.nonsolomodanews.it\/wordpress\/wp-content\/uploads\/2013\/09\/rito-celtico-8-150x150.jpg\" class=\"attachment-thumbnail size-thumbnail\" alt=\"\" aria-describedby=\"gallery-1-2445\" \/><\/a>\n\t\t\t<\/dt>\n\t\t\t\t<dd class='wp-caption-text gallery-caption' id='gallery-1-2445'>\n\t\t\t\tIl Rito Celtico\nModel: Erika Cardano\nFotografo: Stefano Pollastro\nCreator project e art director: Fabrizio Capra\n\n\t\t\t\t<\/dd><\/dl><dl class='gallery-item'>\n\t\t\t<dt class='gallery-icon '>\n\t\t\t\t<a href='https:\/\/www.nonsolomodanews.it\/wordpress\/il-rito-celtico-appunti-su-un-progetto-fotografico-con-erika-cardano-e-stefano-pollastro\/rito-celtico-5\/'><img loading=\"lazy\" decoding=\"async\" width=\"1\" height=\"1\" src=\"https:\/\/www.nonsolomodanews.it\/wordpress\/wp-content\/uploads\/2013\/09\/rito-celtico-5.jpg\" class=\"attachment-thumbnail size-thumbnail\" alt=\"\" aria-describedby=\"gallery-1-2442\" \/><\/a>\n\t\t\t<\/dt>\n\t\t\t\t<dd class='wp-caption-text gallery-caption' id='gallery-1-2442'>\n\t\t\t\tIl Rito Celtico\nModel: Erika Cardano\nFotografo: Stefano Pollastro\nCreator project e art director: Fabrizio Capra\n\n\t\t\t\t<\/dd><\/dl><dl class='gallery-item'>\n\t\t\t<dt class='gallery-icon portrait'>\n\t\t\t\t<a href='https:\/\/www.nonsolomodanews.it\/wordpress\/il-rito-celtico-appunti-su-un-progetto-fotografico-con-erika-cardano-e-stefano-pollastro\/rito-celtico-7\/'><img loading=\"lazy\" decoding=\"async\" width=\"150\" height=\"150\" src=\"https:\/\/www.nonsolomodanews.it\/wordpress\/wp-content\/uploads\/2013\/09\/rito-celtico-7-150x150.jpg\" class=\"attachment-thumbnail size-thumbnail\" alt=\"\" aria-describedby=\"gallery-1-2444\" \/><\/a>\n\t\t\t<\/dt>\n\t\t\t\t<dd class='wp-caption-text gallery-caption' id='gallery-1-2444'>\n\t\t\t\tIl Rito Celtico\nModel: Erika Cardano\nFotografo: Stefano Pollastro\nCreator project e art director: Fabrizio Capra\n\n\t\t\t\t<\/dd><\/dl><br style=\"clear: both\" \/><dl class='gallery-item'>\n\t\t\t<dt class='gallery-icon portrait'>\n\t\t\t\t<a href='https:\/\/www.nonsolomodanews.it\/wordpress\/il-rito-celtico-appunti-su-un-progetto-fotografico-con-erika-cardano-e-stefano-pollastro\/rito-celtico-6\/'><img loading=\"lazy\" decoding=\"async\" width=\"150\" height=\"150\" src=\"https:\/\/www.nonsolomodanews.it\/wordpress\/wp-content\/uploads\/2013\/09\/rito-celtico-6-150x150.jpg\" class=\"attachment-thumbnail size-thumbnail\" alt=\"\" aria-describedby=\"gallery-1-2443\" \/><\/a>\n\t\t\t<\/dt>\n\t\t\t\t<dd class='wp-caption-text gallery-caption' id='gallery-1-2443'>\n\t\t\t\tIl Rito Celtico\nModel: Erika Cardano\nFotografo: Stefano Pollastro\nCreator project e art director: Fabrizio Capra\n\n\t\t\t\t<\/dd><\/dl><dl class='gallery-item'>\n\t\t\t<dt class='gallery-icon landscape'>\n\t\t\t\t<a href='https:\/\/www.nonsolomodanews.it\/wordpress\/il-rito-celtico-appunti-su-un-progetto-fotografico-con-erika-cardano-e-stefano-pollastro\/rito-celtico-1\/'><img loading=\"lazy\" decoding=\"async\" width=\"150\" height=\"150\" src=\"https:\/\/www.nonsolomodanews.it\/wordpress\/wp-content\/uploads\/2013\/09\/rito-celtico-1-150x150.jpg\" class=\"attachment-thumbnail size-thumbnail\" alt=\"\" aria-describedby=\"gallery-1-2438\" \/><\/a>\n\t\t\t<\/dt>\n\t\t\t\t<dd class='wp-caption-text gallery-caption' id='gallery-1-2438'>\n\t\t\t\tIl Rito Celtico\nModel: Erika Cardano\nFotografo: Stefano Pollastro\nCreator project e art director: Fabrizio Capra\n\n\t\t\t\t<\/dd><\/dl><dl class='gallery-item'>\n\t\t\t<dt class='gallery-icon portrait'>\n\t\t\t\t<a href='https:\/\/www.nonsolomodanews.it\/wordpress\/il-rito-celtico-appunti-su-un-progetto-fotografico-con-erika-cardano-e-stefano-pollastro\/rito-celtico-4\/'><img loading=\"lazy\" decoding=\"async\" width=\"150\" height=\"150\" src=\"https:\/\/www.nonsolomodanews.it\/wordpress\/wp-content\/uploads\/2013\/09\/rito-celtico-4-150x150.jpg\" class=\"attachment-thumbnail size-thumbnail\" alt=\"\" aria-describedby=\"gallery-1-2441\" \/><\/a>\n\t\t\t<\/dt>\n\t\t\t\t<dd class='wp-caption-text gallery-caption' id='gallery-1-2441'>\n\t\t\t\tIl Rito Celtico\nModel: Erika Cardano\nFotografo: Stefano Pollastro\nCreator project e art director: Fabrizio Capra\n\n\t\t\t\t<\/dd><\/dl><br style=\"clear: both\" \/><dl class='gallery-item'>\n\t\t\t<dt class='gallery-icon portrait'>\n\t\t\t\t<a href='https:\/\/www.nonsolomodanews.it\/wordpress\/il-rito-celtico-appunti-su-un-progetto-fotografico-con-erika-cardano-e-stefano-pollastro\/rito-celtico-2\/'><img loading=\"lazy\" decoding=\"async\" width=\"150\" height=\"150\" src=\"https:\/\/www.nonsolomodanews.it\/wordpress\/wp-content\/uploads\/2013\/09\/rito-celtico-2-150x150.jpg\" class=\"attachment-thumbnail size-thumbnail\" alt=\"\" aria-describedby=\"gallery-1-2439\" \/><\/a>\n\t\t\t<\/dt>\n\t\t\t\t<dd class='wp-caption-text gallery-caption' id='gallery-1-2439'>\n\t\t\t\tIl Rito Celtico\nModel: Erika Cardano\nFotografo: Stefano Pollastro\nCreator project e art director: Fabrizio Capra\n\n\t\t\t\t<\/dd><\/dl><dl class='gallery-item'>\n\t\t\t<dt class='gallery-icon portrait'>\n\t\t\t\t<a href='https:\/\/www.nonsolomodanews.it\/wordpress\/il-rito-celtico-appunti-su-un-progetto-fotografico-con-erika-cardano-e-stefano-pollastro\/rito-celtico-3\/'><img loading=\"lazy\" decoding=\"async\" width=\"150\" height=\"150\" src=\"https:\/\/www.nonsolomodanews.it\/wordpress\/wp-content\/uploads\/2013\/09\/rito-celtico-3-150x150.jpg\" class=\"attachment-thumbnail size-thumbnail\" alt=\"\" aria-describedby=\"gallery-1-2440\" \/><\/a>\n\t\t\t<\/dt>\n\t\t\t\t<dd class='wp-caption-text gallery-caption' id='gallery-1-2440'>\n\t\t\t\tIl Rito Celtico\nModel: Erika Cardano\nFotografo: Stefano Pollastro\nCreator project e art director: Fabrizio Capra\n\n\t\t\t\t<\/dd><\/dl>\n\t\t\t<br style='clear: both' \/>\n\t\t<\/div>\n\n<p><span style=\"color:#000000;\"> Il Rito Celtico<\/span><br \/>\n<span style=\"color:#000000;\"> Model: Erika Cardano<\/span><br \/>\n<span style=\"color:#000000;\"> Fotografo: Stefano Pollastro<\/span><br \/>\n<span style=\"color:#000000;\"> Creator project e art director: Fabrizio Capra<\/span><\/p>\n","protected":false},"excerpt":{"rendered":"<p>a cura di Fabrizio Capra Un progetto fotografico &egrave; tale quando&nbsp;all&rsquo;intuizione&nbsp;si riesce ad abbinare creativit&agrave; e fantasia. Quando ho pensato al progetto &ldquo;Il Rito Celtico&rdquo; intuizione, creativit&agrave; e fantasia non erano sufficienti se non supportati, anche, da un&rsquo;approfondita analisi storica. Cos&igrave; pensata l&rsquo;idea di ricreare fotograficamente un rito celtico si &egrave; passati alla fase dello studio, ore passate a cercare su internet nozioni, informazioni e qualsiasi cosa che potesse rendere reale questo progetto. Alla fine la scelta &egrave; caduta su un rito che s&rsquo;ispirava alle feste &ldquo;celtiche&rdquo;: quello della fertilit&agrave; (della terra e della persona) e della purificazione. Una volta completato il progetto, che risultava composto da dieci scatti in sequenza, si &egrave; partiti alla ricerca del fotografo e della modella. Il fotografo l&rsquo;ho individuato quasi subito. Stefano Pollastro, di Galliate, in provincia di Novara, che mi garantiva professionalit&agrave; e disponibilit&agrave; al dialogo. Stefano mi ha, anche, consigliato una location che conteneva gli elementi fondamentali per la realizzazione del rito celtico: alberi, massi, sassi e acqua. Il percorso, del &ldquo;Rito Celtico&rdquo;, quindi, partiva da questi elementi che fanno parte della natura nel suo complesso. Immediatamente la scelta &egrave; caduta sul fiume Ticino che scorre a non molta distanza da Galliate [&hellip;]<\/p>\n","protected":false},"author":1,"featured_media":0,"comment_status":"open","ping_status":"open","sticky":false,"template":"","format":"standard","meta":{"rop_custom_images_group":[],"rop_custom_messages_group":[],"rop_publish_now":"initial","rop_publish_now_accounts":[],"rop_publish_now_history":[],"rop_publish_now_status":"pending","footnotes":""},"categories":[16],"tags":[499,521,629,1099,1230,1362,1412],"class_list":["post-2437","post","type-post","status-publish","format-standard","hentry","category-articolo","tag-erika-cardano","tag-fabrizio-capra","tag-galliate","tag-nonsolomodanews","tag-rito-celtico","tag-stefano-pollastro","tag-ticino"],"_links":{"self":[{"href":"https:\/\/www.nonsolomodanews.it\/wordpress\/wp-json\/wp\/v2\/posts\/2437","targetHints":{"allow":["GET"]}}],"collection":[{"href":"https:\/\/www.nonsolomodanews.it\/wordpress\/wp-json\/wp\/v2\/posts"}],"about":[{"href":"https:\/\/www.nonsolomodanews.it\/wordpress\/wp-json\/wp\/v2\/types\/post"}],"author":[{"embeddable":true,"href":"https:\/\/www.nonsolomodanews.it\/wordpress\/wp-json\/wp\/v2\/users\/1"}],"replies":[{"embeddable":true,"href":"https:\/\/www.nonsolomodanews.it\/wordpress\/wp-json\/wp\/v2\/comments?post=2437"}],"version-history":[{"count":0,"href":"https:\/\/www.nonsolomodanews.it\/wordpress\/wp-json\/wp\/v2\/posts\/2437\/revisions"}],"wp:attachment":[{"href":"https:\/\/www.nonsolomodanews.it\/wordpress\/wp-json\/wp\/v2\/media?parent=2437"}],"wp:term":[{"taxonomy":"category","embeddable":true,"href":"https:\/\/www.nonsolomodanews.it\/wordpress\/wp-json\/wp\/v2\/categories?post=2437"},{"taxonomy":"post_tag","embeddable":true,"href":"https:\/\/www.nonsolomodanews.it\/wordpress\/wp-json\/wp\/v2\/tags?post=2437"}],"curies":[{"name":"wp","href":"https:\/\/api.w.org\/{rel}","templated":true}]}}