{"id":24277,"date":"2023-02-03T11:13:31","date_gmt":"2023-02-03T11:13:31","guid":{"rendered":"https:\/\/www.nonsolomodanews.it\/wordpress\/?p=24277"},"modified":"2023-02-03T11:14:29","modified_gmt":"2023-02-03T11:14:29","slug":"summer-in-italy-bologna-lancia-le-tendenze-primavera-estate-by-centergross","status":"publish","type":"post","link":"https:\/\/www.nonsolomodanews.it\/wordpress\/summer-in-italy-bologna-lancia-le-tendenze-primavera-estate-by-centergross\/","title":{"rendered":"SUMMER IN ITALY: BOLOGNA LANCIA LE TENDENZE PRIMAVERA ESTATE BY CENTERGROSS"},"content":{"rendered":"<div id=\"attachment_24281\" style=\"width: 210px\" class=\"wp-caption alignleft\"><img loading=\"lazy\" decoding=\"async\" aria-describedby=\"caption-attachment-24281\" class=\"size-medium wp-image-24281\" src=\"https:\/\/www.nonsolomodanews.it\/wordpress\/wp-content\/uploads\/2023\/02\/J.B4-Credits-SGPItalia-200x300.jpg\" alt=\"\" width=\"200\" height=\"300\" srcset=\"https:\/\/www.nonsolomodanews.it\/wordpress\/wp-content\/uploads\/2023\/02\/J.B4-Credits-SGPItalia-200x300.jpg 200w, https:\/\/www.nonsolomodanews.it\/wordpress\/wp-content\/uploads\/2023\/02\/J.B4-Credits-SGPItalia-683x1024.jpg 683w, https:\/\/www.nonsolomodanews.it\/wordpress\/wp-content\/uploads\/2023\/02\/J.B4-Credits-SGPItalia-768x1152.jpg 768w, https:\/\/www.nonsolomodanews.it\/wordpress\/wp-content\/uploads\/2023\/02\/J.B4-Credits-SGPItalia-1024x1536.jpg 1024w, https:\/\/www.nonsolomodanews.it\/wordpress\/wp-content\/uploads\/2023\/02\/J.B4-Credits-SGPItalia-1366x2048.jpg 1366w, https:\/\/www.nonsolomodanews.it\/wordpress\/wp-content\/uploads\/2023\/02\/J.B4-Credits-SGPItalia-1080x1620.jpg 1080w, https:\/\/www.nonsolomodanews.it\/wordpress\/wp-content\/uploads\/2023\/02\/J.B4-Credits-SGPItalia-scaled.jpg 1707w\" sizes=\"auto, (max-width: 200px) 100vw, 200px\" \/><p id=\"caption-attachment-24281\" class=\"wp-caption-text\"><span style=\"color: #000000;\">JB4<\/span><\/p><\/div>\n<p><span style=\"color: #000000;\"><strong>SUMMER IN ITALY: BOLOGNA LANCIA LE TENDENZE PRIMAVERA ESTATE <\/strong><\/span><\/p>\n<p><span style=\"color: #000000;\"><strong>Presentate le collezioni primavera-estate 2023 dei brand Pronto Moda di Centergross<\/strong><\/span><\/p>\n<p><span style=\"color: #000000;\"><em>Nella cornice del bellissimo Teatro Arena del Sole di Bologna si \u00e8 svolta la sfilata Summer in Italy, che ha presentato le collezioni primavera-estate 2023 di Centergross. In passerella le collezioni uomo di\u00a0<strong>ADM Revolution,\u00a0Karl Mommoo Homme, Takeshy Kurosawa,\u00a0<\/strong>la donna di\u00a0<strong>Angela Davis, Gil Santucci,\u00a0King Kong,\u00a0J.B4, Souvenir,\u00a0<\/strong>gli abiti di\u00a0<strong>Rinascimento e Rinascimento Curvy\u00a0<\/strong>che hanno vestito le<strong>\u00a0Puppini Sisters<\/strong>,<strong>\u00a0<\/strong>Guest star musicali della serata.<\/em><!--more--><\/span><\/p>\n<p><span style=\"color: #000000;\"><em>Gli abiti in passerella rappresentano una perfetta sintesi del Pronto Moda Made in Italy e, nello specifico, rigorosamente Made in Centergross che da oltre 45 anni \u00e8 un\u2019eccellenza di Bologna e dell\u2019Italia, conosciuta in tutto il mondo.\u00a0<\/em><\/span><\/p>\n<p><span style=\"color: #000000;\">Una lunga storia d&#8217;amore quella tra moda e arte, che inizia in tempi lontanissimi ed \u00e8 riesplosa sotto nuovi colori con la prima edizione di\u00a0<strong>Summer in Italy<\/strong>, passerella delle collezioni primavera-estate uomo e donna di alcuni brand di\u00a0<strong>Centergross<\/strong>, punto di riferimento del Pronto Made italiano. Uno show allegro, grazie alla travolgente simpatia delle\u00a0Puppini Sisters, il trio musicale al femminile ospite della serata\u00a0che ha entusiasmato il pubblico presente, 1\u00b0 febbraio, al\u00a0Teatro Arena del Sole di Bologna. La sfilata si \u00e8 ispirata al binomio &#8216;Moda e Arte&#8217;, che i marchi con le\u00a0collezioni uomo di\u00a0<strong>ADM Revolution<\/strong>,\u00a0<strong>Karl Mommoo Homme<\/strong>,\u00a0<strong>Takeshy Kurosawa<\/strong>\u00a0e la donna di\u00a0<strong>Angela Davis<\/strong>,\u00a0<strong>Gil Santucci<\/strong>,\u00a0<strong>King Kong<\/strong>,\u00a0<strong>J.B4<\/strong>,\u00a0<strong>Souvenir\u00a0<\/strong>hanno interpretato in\u00a0sintonia con il proprio stile. La serata\u00a0\u00e8 stata uno\u00a0dei primi\u00a0grandi eventi\u00a0che hanno portato la citt\u00e0 ad essere protagonista della creativit\u00e0 e dell\u2019industria internazionali. Per\u00a0Centergross,\u00a0il pi\u00f9 importante polo europeo della Moda Pronta, che gi\u00e0 da alcuni anni organizza &#8216;Winter Melody&#8217; (l&#8217;appuntamento con le collezioni invernali), \u00e8 un ulteriore passo per entrare con Bologna nel calendario delle grandi capitali del fashion. &#8220;Siamo molto felici del successo della serata\u00a0&#8211; ha affermato il presidente di Centergross Piero Scandellari -.\u00a0\u00c8indubbiamente\u00a0un investimento\u00a0notevole sia per noi e le nostre aziende che per le istituzioni che lo sostengono, in forma di partecipazione collettiva di tutti gli attori. Anche questa edizione cos\u00ec speciale ha confermato che si tratta di una scelta strategica vincente per completare il nostro percorso\u00a0di capofila del progetto di realizzazione del Polo Internazionale del Pronto Moda a Bologna&#8221;.<\/span><\/p>\n<p><span style=\"color: #000000;\">Centergross \u00e8 il pi\u00f9 importante polo europeo della Moda Pronta, quella che segue la cadenza delle Stagioni creando collezioni di grande tendenza caratterizzate dalla velocit\u00e0 di realizzazione, di distribuzione e di riassortimento continuo, e dove qualit\u00e0 del prodotto e prezzi accessibili rimangono capisaldi di un distretto unico nel suo genere. L\u2019appuntamento con Summer in Italy, dunque, raddoppia e raccoglie nuovamente gli addetti ai lavori, stampa e buyers attorno alla coralit\u00e0 di un messaggio fortemente positivo, che lascia intravedere ottime prospettive economiche del comparto.<\/span><\/p>\n<p><span style=\"color: #000000;\">Ad aprire le sfilate la collezione donna di\u00a0<strong>GIL SANTUCCI,<\/strong>\u00a0ispirata ai dipinti di Tamara De Lempicka, in particolare al ritratto di\u00a0madame Allan Bott e alla sensualit\u00e0 di questa autentica femme fatale. Il brand ha mandato in passerella le sue proposte per la prossima\u00a0stagione calda, dove\u00a0predomina la luminosit\u00e0 dei colori primaverili e accesi, bluse in seta dai toni rosa, rossi e verdi con finiture dorate, insieme a moltissime e sofisticate stampe floreali su fondi chiari e scuri. Molto bianco, raffinatissimo, in questa collezione da abbinare alle iconiche, coloratissime, geometrie, stampate su pelle, jeans e seta, una modalit\u00e0 di lavorazione che identifica ormai la creativit\u00e0 di Santucci. Presenti anche molti capi realizzati in tessuto monogram: la GS del brand vive su camicie, top, giacche di un azzurro tenue, e negli accessori.<\/span><\/p>\n<p><span style=\"color: #000000;\">\u00c8\u00a0stato attirato invece dal \u00a0Puntinismo, tecnica\u00a0pittorica\u00a0che ha avuto\u00a0tra\u00a0i suoi maestri Paul Signac,\u00a0<strong>TAKESHY KUROSAWA<\/strong>,\u00a0che ha cos\u00ec delineato il suo stile giovane ed elegante. Da oltre quarant\u2019anni brand di riferimento dell\u2019abbigliamento uomo\u00a0specializzato nei capi spalla, anche questa collezione conferma l\u2019abilit\u00e0 dell&#8217;azienda nella definizione dell\u2019outfit dandy da uomo. La scelta dei tessuti ricade su importanti fresco lana e lino con una palette di colori ampia, dal rosa agli azzurro polvere, alle gamme dei marroni e del caramello.<\/span><\/p>\n<p><span style=\"color: #000000;\">In passerella quindi\u00a0<strong>J.B4<\/strong>, collezione donna firmata da Mattia Borghi, che si\u00a0\u00e8 ispirato a Ligabue e alle atmosfere naif che contraddistinguono la sua pittura. All&#8217;insegna della\u00a0mission del marchio, Not Ordinary Style, l\u2019intento e il successo di J.B4 da 7 anni \u00e8 quello di sdrammatizzare concetti e stili, collezione dopo collezione, con freschezza ed energia. Il mood della collezione ha per protagonista la natura nelle sue moltissime realt\u00e0 e possibili declinazioni artistiche: dal suggestivo jungle, tropical e animalier, al panorama minimal e potente del deserto e con le sue mille sfumature d\u2019ambra. Nella collezione, dove eccezionalmente Borghi ha previsto total look, sono presenti tessuti in prevalenza naturali, dal raso al lino, ma anche il cotone per un capo immancabile in ogni collezione J.B4: le felpe, capo amatissimo, continuamente reinventato e in un certo senso il testimonial del Not Ordinary People che caratterizza questo brand.<\/span><\/p>\n<p><span style=\"color: #000000;\">All&#8217;espressionismo astratto\u00a0del pittore americano Jackson Pollock \u00e8 dedicata invece la collezione uomo\u00a0<strong>ADM REVOLUTION<\/strong>. I coloratissimi jeans realizzati con la tecnica del dripping sono il\u00a0pezzo pi\u00f9 importante di questa collezione, che richiama\u00a0l\u2019atmosfera stessa degli anni \u201850.\u00a0 Si colorano proprio come un&#8217;opera d&#8217;arte dell&#8217;artista dell&#8217;action painting, realizzati come fossero da \u2018esporre&#8217;,<\/span><br \/>\n<span style=\"color: #000000;\">per la sfilata di Centergross a cui il brand partecipa per la prima volta, un&#8217;occasione molto importante per far conoscere un prodotto 100% Made in Italy di grande tendenza.<\/span><\/p>\n<p><span style=\"color: #000000;\">La collezione di\u00a0<strong>KING KONG<\/strong>\u00a0si \u00e8 ispirata ai dipinti di Banksy, outfit giovani e metropolitani che tratteggiano i contorni di autentici messaggi di pace.\u00a0Brand del gruppo Kaos \u00e8 stato tra le prime linee presenti in Centergross. La collezione\u00a0che ha presentato \u00e8 interamente dedicata al pubblico giovane, la cosiddetta Gen Z. La collezione parla\u00a0alle giovanissime, ma interpreta anche il gusto di donne che amano scegliere con decisione il colore\u00a0&#8211; spiccano nella capsule dedicata alla cerimonia il brillanti corallo e il verde acquamarina oltre ad ambrati toni tabacco -, la stampa jungle per sahariane e pantaloni, e il blue navy ispirato alla Parisienne. Grandissima attenzione ai tessuti, una vera scelta green con predominanza di lino, cotone micromodal, viscosa e anche cotone riciclato per esempio per minigonne in verde foresta, un capo che entrer\u00e0 di certo in tendenza.<\/span><\/p>\n<p><span style=\"color: #000000;\">Ai papier d\u00e9coup\u00e9 di Matisse,\u00a0suggestioni anni \u201970 e \u201980\u00a0esaltate dalle inconfondibili nuance dell\u2019artista transalpino, ha dedicato la sua collezione il marchio\u00a0<strong>ANGELA DAVIS<\/strong>\u00a0(Gruppo Kaos). Il brand fa parte da sempre e, con orgoglio di Centergross &#8211; sottolinea spesso\u00a0Francesca Calzolari, responsabile marketing e comunicazione dei brand di famiglia. Angela Davis si rivolge a una donna dai 25 ai 60 anni, una linea fresca e pulita, molto lineare dedicata a una donna indipendente. La collezione, che si rinnova tutte le settimane, \u00e8 caratterizzata da giacche molto strutturate, da camicie con rouches, abbinate a pantaloni e capi di tendenza come ad esempio i cargo, il tutto in una palette di colori molto sofistica tra cui spiccano sabbia, verdi, ecru, nero, rosa corallo.<\/span><\/p>\n<p><span style=\"color: #000000;\">Si \u00e8 ispirata all&#8217;arte di Carlo Parlati, scultore e pittore di Torre del Greco, la collezione di\u00a0<strong>KARL MOMMOO,<\/strong>\u00a0tra i colori e\u00a0l\u2019eleganza tipici dell\u2019Isola di Capri.\u00a0\u00a0Brand napoletano alla terza generazione,\u00a0Karl Mommoo Homme\u00a0ha presentato la collezione firmata da\u00a0Carlo Langella, che ha contribuito ad affermare l\u2019uomo &#8216;Made in Naples&#8217;. Il doppio petto, capo\u00a0intramontabile nell\u2019armadio dell\u2019uomo elegante, \u00e8 rivisitato in chiave moderna con le coloratissime ed esclusive fodere in viscosa, a contrasto con il tessuto tabacco e caramello, e i bottoni dorati: il must have della collezione. Sorprendenti le fantasie check reinterpretate nei colori polverosi dell\u2019azzurro e in molte sfumature di marrone e beige<\/span><\/p>\n<p><span style=\"color: #000000;\">Ha chiuso l&#8217;evento\u00a0<strong>S0UVENIR<\/strong>, ispirata alle opere Escher, un viaggio nella dimensione del sorprendente e dell\u2019imprevedibile del geniale artista olandese. Brand con pi\u00f9 di dieci anni di esperienza alle spalle, con la collezione primavera-estate 2023 ha\u00a0guardato agli scenari europei, in particolare alle Isole Canarie fonte di grande ispirazione per le meravigliose palette che caratterizzano la terra di questo luogo incantato. Le tonalit\u00e0 del sabbia, dei beige, del caramello, con tessuti anche a crochet per interpretare al meglio praticit\u00e0 e vestibilit\u00e0, da sempre le promesse mantenute di Souvenir alle proprie clienti<\/span><\/p>\n<p><span style=\"color: #000000;\">Le Puppini Sisters durante le loro travolgenti esibizioni hanno indossato abiti di\u00a0<strong>RINASCIMENTO\u00a0<\/strong>e\u00a0<strong>Rinascimento Curvy<\/strong>.<\/span><\/p>\n<p><span style=\"color: #000000;\">La sfilata, sotto la direzione artistica di\u00a0<strong>Roberto Corbelli<\/strong>, la supervisione del Project Manager\u00a0<strong>Riccardo Collina<\/strong>\u00a0e la strategia di comunicazione di\u00a0<strong>Alessandro Nardone<\/strong>, \u00e8 quindi in un viaggio nella bellezza accessibile, un grande spettacolo dove Moda, Musica e Arte si intrecciano e in cui Bologna si conferma\u00a0capitale internazionale del Pronto Moda Made in Italy.<\/span><\/p>\n<p><span style=\"color: #000000;\">La sfilata si pu\u00f2 seguire in differita sulle piattaforme ufficiali di Centergross (Sito internet, e profili social di Instagram e Facebook).<\/span><\/p>\n<p><span style=\"color: #000000;\"><strong>La sfilata \u00e8 stata organizzata con il sostegno di<\/strong>: inEmiliaRomagna e territori Bologna Modena<\/span><\/p>\n<p><span style=\"color: #000000;\"><strong>Sponsor<\/strong>: Intesa San Paolo e Allianz Bank<\/span><\/p>\n<p><span style=\"color: #000000;\"><strong>Con il patrocinio di<\/strong>:<\/span><\/p>\n<p><span style=\"color: #000000;\">Regione Emilia Romagna; Citt\u00e0 Metropolitana di Bologna; Comune di Bologna; CNA Federmoda; ITA Italian Trade Agency; Confcommercio Imprese per l\u2019Italia; Camera di Commercio, Industria, Artigianato e Agricoltura; Confindustria Emilia Area Centro; Fondazione ANT; Comune di Argelato; #Bologna Fashion<\/span><\/p>\n<p><span style=\"color: #000000;\"><b>A proposito di Centergross<\/b><b><u><\/u><u><\/u><\/b><\/span><\/p>\n<p><span style=\"color: #000000;\"><i>Centergross rappresenta la pi\u00f9 grande area commerciale Business-to-business europea della Moda Pronta italiana: 1 milione di metri quadri la superficie totale, di cui 400mila area espositiva e 100mila metri quadri dedicati ad area uffici e servizi. 700 le attivit\u00e0 commerciali di livello nazionale ed internazionale di cui oltre 400 brand moda, aziende tessili e accessori, e il resto riferito ai settori di commercio, meccanica, alta tecnologia e fornitori di servizi a imprese e professionisti. Il volume di affari annuo \u00e8 di 5 miliardi di euro di cui 3,5 relativo alla moda e 60% riferito all\u2019export. Centergross conta 6mila lavoratori diretti (a cui si aggiunge l\u2019indotto). Ogni giorno accedono a Centergross migliaia di compratori e addetti ai lavori.<\/i><i><u><\/u><u><\/u><\/i><\/span><\/p>\n<p><span style=\"color: #000000;\"><i>Nato nel 1977 alle porte di Bologna, negli anni ha assunto sempre pi\u00f9 le funzioni di un vero e proprio Smart Center, mettendo a disposizione delle aziende servizi, know how, occasioni per fare networking e la sua rete di rapporti economici e istituzionali creando valore a livello locale, nazionale e internazionale. Caratteristiche che fanno di Centergross il luogo ideale per fare business.<\/i><\/span><\/p>\n<p style=\"text-align: center;\"><span style=\"color: #000000;\">Ufficio stampa Centergross Maria Grazia Vernuccio<\/span><br \/>\n<span style=\"color: #000000;\">Tutti i diritti riservati \u00a9 2023 \u2013 Email: nonsolomodanews@gmail.com<style id=\"bwg-style-0\">      #bwg_container1_0 #bwg_container2_0 #bwg_mosaic_thumbnails_div_0 {        width: 100%;        position: relative;        background-color: rgba(255, 255, 255, 0.00);        text-align: center;        justify-content: center;                  margin-left: auto;          margin-right: auto;                    padding-left: 4px;          padding-top: 4px;                }          #bwg_container1_0 #bwg_container2_0 .bwg_mosaic_thumb_spun_0 {        display: block;        position: absolute;\t\t\t\tborder-radius: 0;\t\t\t\tborder: 0px none #CCCCCC;    \t\t    \t\tbackground-color:rgba(0,0,0, 0.30);        -moz-box-sizing: content-box !important;        -webkit-box-sizing: content-box !important;        box-sizing: content-box !important;      }\t\t\t#bwg_container1_0 #bwg_container2_0 .bwg_mosaic_thumb_0 {\t\t\t\tdisplay: block;\t\t\t\t-moz-box-sizing: content-box !important;\t\t\t\t-webkit-box-sizing: content-box !important;\t\t\t\tbox-sizing: content-box !important;\t\t\t\tmargin: 0;\t\t\t\topacity: 1.00;\t\t\t}      #bwg_container1_0 #bwg_container2_0 .bwg_mosaic_thumb_spun_0:hover {        opacity: 1;        backface-visibility: hidden;        -webkit-backface-visibility: hidden;        -moz-backface-visibility: hidden;        -ms-backface-visibility: hidden;        z-index: 102;      }\t      @media only screen and (min-width: 480px) {        #bwg_container1_0 #bwg_container2_0 .bwg_mosaic_thumb_spun_0:hover {          transform: scale(1.1);          -ms-transform: scale(1.1);          -webkit-transform: scale(1.1);        }      }\t      #bwg_container1_0 #bwg_container2_0 .bwg_mosaic_thumbnails_0 {        background-color: rgba(255, 255, 255, 0.00);        font-size: 0;        position: relative;        text-align: center;        display: inline-block;        visibility: hidden;              }\t  \/*image title styles*\/      #bwg_container1_0 #bwg_container2_0 .bwg_mosaic_title_spun1_0,      #bwg_container1_0 #bwg_container2_0 .bwg-mosaic-thumbnails .bwg_ecommerce_spun1_0 {        position: absolute;        display: block;        opacity: 0;        box-sizing: border-box;        text-align: center;\t\t\t\ttop: 50%;\t\t\t\tleft: 50%;\t\t\t\ttransform: translate(-50%, -50%);      }      #bwg_container1_0 #bwg_container2_0 .bwg-mosaic-thumbnails .bwg_mosaic_title_spun2_0,      #bwg_container1_0 #bwg_container2_0 .bwg-mosaic-thumbnails .bwg_ecommerce_spun2_0 {\t\t    color: #CCCCCC;        font-family: segoe ui;        font-size: 16px;        font-weight: bold;        text-shadow: 0px 0px 0px #888888;        vertical-align: middle;        word-wrap: break-word;      }            .bwg_mosaic_play_icon_spun_0 {        display: table;        position: absolute;        left: -10000px;        top: 0px;        opacity: 0;      }      .bwg_mosaic_play_icon_0 {        color: #CCCCCC;        font-size: 32px;        vertical-align: middle;        display: table-cell !important;        z-index: 1;        text-align: center;        margin: 0 auto;      }      #bwg_container1_0 #bwg_container2_0 .bwg_gal_title_0 {        background-color: rgba(0, 0, 0, 0);        color: #323A45;        display: block;        font-family: Ubuntu;        font-size: 16px;        font-weight: bold;        padding: 2px;        text-shadow: ;        text-align: center;      }            @media screen and (max-width: 350px) {      div[class^=\"bwg_mosaic_thumbnails_\"],      span[class^=\"bwg_mosaic_thumb_spun_\"] {      width: 100% !important;      }      img[class^=\"bwg_mosaic_thumb_\"] {      width: 100% !important;      height: auto !important;      margin: 0px auto !important;      }      }      <\/style>    <div id=\"bwg_container1_0\"         class=\"bwg_container bwg_thumbnail bwg_thumbnails_mosaic \"         data-right-click-protection=\"0\"         data-bwg=\"0\"         data-scroll=\"0\"         data-gallery-type=\"thumbnails_mosaic\"         data-gallery-view-type=\"thumbnails_mosaic\"         data-current-url=\"\/wordpress\/wp-json\/wp\/v2\/posts\/24277\"         data-lightbox-url=\"https:\/\/www.nonsolomodanews.it\/wordpress\/wp-admin\/admin-ajax.php?action=GalleryBox&#038;current_view=0&#038;gallery_id=659&#038;tag=0&#038;theme_id=1&#038;shortcode_id=1328&#038;sort_by=filename&#038;order_by=asc&#038;current_url=%2Fwordpress%2Fwp-json%2Fwp%2Fv2%2Fposts%2F24277\"         data-gallery-id=\"659\"         data-popup-width=\"800\"         data-popup-height=\"500\"         data-is-album=\"gallery\"         data-buttons-position=\"bottom\">      <div id=\"bwg_container2_0\">             <div id=\"ajax_loading_0\" class=\"bwg_loading_div_1\">      <div class=\"bwg_loading_div_2\">        <div class=\"bwg_loading_div_3\">          <div id=\"loading_div_0\" class=\"bwg_spider_ajax_loading\">          <\/div>        <\/div>      <\/div>    <\/div>            <form id=\"gal_front_form_0\"              class=\"bwg-hidden\"              method=\"post\"              action=\"#\"              data-current=\"0\"              data-shortcode-id=\"1328\"              data-gallery-type=\"thumbnails_mosaic\"              data-gallery-id=\"659\"              data-tag=\"0\"              data-album-id=\"0\"              data-theme-id=\"1\"              data-ajax-url=\"https:\/\/www.nonsolomodanews.it\/wordpress\/wp-admin\/admin-ajax.php?action=bwg_frontend_data\">          <div id=\"bwg_container3_0\" class=\"bwg-background bwg-background-0\">                <div id=\"bwg_mosaic_thumbnails_div_0\"         class=\"bwg-container-0 bwg-container bwg-mosaic-thumbnails\"         data-bwg=\"0\"         data-mosaic-direction=\"vertical\"         data-resizable=\"0\"         data-width=\"250\"         data-height=\"250\"         data-total-width=\"100\"         data-block-id=\"bwg_thumbnails_mosaic_0\"         data-thumb-padding=\"4\"         data-thumb-border=\"0\"         data-title-margin=\"2px\"         data-image-title=\"none\"         data-play-icon=\"1\"         data-ecommerce-icon=\"none\"         data-gallery-id=\"659\"         data-lightbox-url=\"https:\/\/www.nonsolomodanews.it\/wordpress\/wp-admin\/admin-ajax.php?action=GalleryBox&#038;current_view=0&#038;gallery_id=659&#038;tag=0&#038;theme_id=1&#038;shortcode_id=1328&#038;sort_by=filename&#038;order_by=asc&#038;current_url=%2Fwordpress%2Fwp-json%2Fwp%2Fv2%2Fposts%2F24277\"         data-mosaic-thumb-transition=\"1\"         style=\"visibility: hidden\" >      <div id=\"bwg_thumbnails_mosaic_0\" class=\"bwg_mosaic_thumbnails_0\">                  <a  class=\"bwg-a bwg_lightbox bwg_lightbox_0\" href=\"https:\/\/www.nonsolomodanews.it\/wordpress\/wp-content\/uploads\/photo-gallery\/summer_in_Italy\/ADM-Revolution-sfilata-Summer-in-Italy-by-Centergross-Credits-SGPItalia.jpg?bwg=1675422720\" data-image-id=\"35975\" data-elementor-open-lightbox=\"no\">          <div class=\"bwg_mosaic_thumb_spun_0 bwg-item0 bwg-mosaic-thumb-span \">            <img decoding=\"async\" class=\"bwg_mosaic_thumb_0 skip-lazy bwg_img_clear bwg_img_custom \"                 id=\"35975\"                 src=\"https:\/\/www.nonsolomodanews.it\/wordpress\/wp-content\/uploads\/photo-gallery\/summer_in_Italy\/thumb\/ADM-Revolution-sfilata-Summer-in-Italy-by-Centergross-Credits-SGPItalia.jpg?bwg=1675422720\"                 data-src=\"https:\/\/www.nonsolomodanews.it\/wordpress\/wp-content\/uploads\/photo-gallery\/summer_in_Italy\/thumb\/ADM-Revolution-sfilata-Summer-in-Italy-by-Centergross-Credits-SGPItalia.jpg?bwg=1675422720\"                 data-width=\"200.00\"                 data-height=\"300.00\"                 alt=\"ADM-Revolution-sfilata-Summer-in-Italy-by-Centergross-Credits-SGPItalia\"                 title=\"ADM-Revolution-sfilata-Summer-in-Italy-by-Centergross-Credits-SGPItalia\" \/>                      <\/div>        <\/a>                <a  class=\"bwg-a bwg_lightbox bwg_lightbox_0\" href=\"https:\/\/www.nonsolomodanews.it\/wordpress\/wp-content\/uploads\/photo-gallery\/summer_in_Italy\/ADM-Revolution-sfilata-Summer-in-Italy-by-Centergross-Credits-SGPItalia_(1).jpg?bwg=1675422720\" data-image-id=\"35977\" data-elementor-open-lightbox=\"no\">          <div class=\"bwg_mosaic_thumb_spun_0 bwg-item0 bwg-mosaic-thumb-span \">            <img decoding=\"async\" class=\"bwg_mosaic_thumb_0 skip-lazy bwg_img_clear bwg_img_custom \"                 id=\"35977\"                 src=\"https:\/\/www.nonsolomodanews.it\/wordpress\/wp-content\/uploads\/photo-gallery\/summer_in_Italy\/thumb\/ADM-Revolution-sfilata-Summer-in-Italy-by-Centergross-Credits-SGPItalia_(1).jpg?bwg=1675422720\"                 data-src=\"https:\/\/www.nonsolomodanews.it\/wordpress\/wp-content\/uploads\/photo-gallery\/summer_in_Italy\/thumb\/ADM-Revolution-sfilata-Summer-in-Italy-by-Centergross-Credits-SGPItalia_(1).jpg?bwg=1675422720\"                 data-width=\"200.00\"                 data-height=\"300.00\"                 alt=\"ADM-Revolution-sfilata-Summer-in-Italy-by-Centergross-Credits-SGPItalia (1)\"                 title=\"ADM-Revolution-sfilata-Summer-in-Italy-by-Centergross-Credits-SGPItalia (1)\" \/>                      <\/div>        <\/a>                <a  class=\"bwg-a bwg_lightbox bwg_lightbox_0\" href=\"https:\/\/www.nonsolomodanews.it\/wordpress\/wp-content\/uploads\/photo-gallery\/summer_in_Italy\/ADM-Revolution-sfilata-Summer-in-Italy-by-Centergross-Photo-Emanuele-Scilleri.jpg?bwg=1675422720\" data-image-id=\"35976\" data-elementor-open-lightbox=\"no\">          <div class=\"bwg_mosaic_thumb_spun_0 bwg-item0 bwg-mosaic-thumb-span \">            <img decoding=\"async\" class=\"bwg_mosaic_thumb_0 skip-lazy bwg_img_clear bwg_img_custom \"                 id=\"35976\"                 src=\"https:\/\/www.nonsolomodanews.it\/wordpress\/wp-content\/uploads\/photo-gallery\/summer_in_Italy\/thumb\/ADM-Revolution-sfilata-Summer-in-Italy-by-Centergross-Photo-Emanuele-Scilleri.jpg?bwg=1675422720\"                 data-src=\"https:\/\/www.nonsolomodanews.it\/wordpress\/wp-content\/uploads\/photo-gallery\/summer_in_Italy\/thumb\/ADM-Revolution-sfilata-Summer-in-Italy-by-Centergross-Photo-Emanuele-Scilleri.jpg?bwg=1675422720\"                 data-width=\"200.00\"                 data-height=\"300.00\"                 alt=\"ADM-Revolution-sfilata-Summer-in-Italy-by-Centergross-Photo-Emanuele-Scilleri\"                 title=\"ADM-Revolution-sfilata-Summer-in-Italy-by-Centergross-Photo-Emanuele-Scilleri\" \/>                      <\/div>        <\/a>                <a  class=\"bwg-a bwg_lightbox bwg_lightbox_0\" href=\"https:\/\/www.nonsolomodanews.it\/wordpress\/wp-content\/uploads\/photo-gallery\/summer_in_Italy\/Angela-Devis-sfilata-Summer-in-Italy-by-Centergross-Credits-Emanuele-Scilleri.jpg?bwg=1675422720\" data-image-id=\"35979\" data-elementor-open-lightbox=\"no\">          <div class=\"bwg_mosaic_thumb_spun_0 bwg-item0 bwg-mosaic-thumb-span \">            <img decoding=\"async\" class=\"bwg_mosaic_thumb_0 skip-lazy bwg_img_clear bwg_img_custom \"                 id=\"35979\"                 src=\"https:\/\/www.nonsolomodanews.it\/wordpress\/wp-content\/uploads\/photo-gallery\/summer_in_Italy\/thumb\/Angela-Devis-sfilata-Summer-in-Italy-by-Centergross-Credits-Emanuele-Scilleri.jpg?bwg=1675422720\"                 data-src=\"https:\/\/www.nonsolomodanews.it\/wordpress\/wp-content\/uploads\/photo-gallery\/summer_in_Italy\/thumb\/Angela-Devis-sfilata-Summer-in-Italy-by-Centergross-Credits-Emanuele-Scilleri.jpg?bwg=1675422720\"                 data-width=\"200.00\"                 data-height=\"300.00\"                 alt=\"Angela-Devis-sfilata-Summer-in-Italy-by-Centergross-Credits-Emanuele-Scilleri\"                 title=\"Angela-Devis-sfilata-Summer-in-Italy-by-Centergross-Credits-Emanuele-Scilleri\" \/>                      <\/div>        <\/a>                <a  class=\"bwg-a bwg_lightbox bwg_lightbox_0\" href=\"https:\/\/www.nonsolomodanews.it\/wordpress\/wp-content\/uploads\/photo-gallery\/summer_in_Italy\/Angela-Devis-sfilata-Summer-in-Italy-by-Centergross-Credits-SGPItalia.jpg?bwg=1675422720\" data-image-id=\"35978\" data-elementor-open-lightbox=\"no\">          <div class=\"bwg_mosaic_thumb_spun_0 bwg-item0 bwg-mosaic-thumb-span \">            <img decoding=\"async\" class=\"bwg_mosaic_thumb_0 skip-lazy bwg_img_clear bwg_img_custom \"                 id=\"35978\"                 src=\"https:\/\/www.nonsolomodanews.it\/wordpress\/wp-content\/uploads\/photo-gallery\/summer_in_Italy\/thumb\/Angela-Devis-sfilata-Summer-in-Italy-by-Centergross-Credits-SGPItalia.jpg?bwg=1675422720\"                 data-src=\"https:\/\/www.nonsolomodanews.it\/wordpress\/wp-content\/uploads\/photo-gallery\/summer_in_Italy\/thumb\/Angela-Devis-sfilata-Summer-in-Italy-by-Centergross-Credits-SGPItalia.jpg?bwg=1675422720\"                 data-width=\"200.00\"                 data-height=\"300.00\"                 alt=\"Angela-Devis-sfilata-Summer-in-Italy-by-Centergross-Credits-SGPItalia\"                 title=\"Angela-Devis-sfilata-Summer-in-Italy-by-Centergross-Credits-SGPItalia\" \/>                      <\/div>        <\/a>                <a  class=\"bwg-a bwg_lightbox bwg_lightbox_0\" href=\"https:\/\/www.nonsolomodanews.it\/wordpress\/wp-content\/uploads\/photo-gallery\/summer_in_Italy\/Angela-Devis-sfilata-Summer-in-Italy-by-Centergross-Credits-SGPItalia_(1).jpg?bwg=1675422720\" data-image-id=\"35980\" data-elementor-open-lightbox=\"no\">          <div class=\"bwg_mosaic_thumb_spun_0 bwg-item0 bwg-mosaic-thumb-span \">            <img decoding=\"async\" class=\"bwg_mosaic_thumb_0 skip-lazy bwg_img_clear bwg_img_custom \"                 id=\"35980\"                 src=\"https:\/\/www.nonsolomodanews.it\/wordpress\/wp-content\/uploads\/photo-gallery\/summer_in_Italy\/thumb\/Angela-Devis-sfilata-Summer-in-Italy-by-Centergross-Credits-SGPItalia_(1).jpg?bwg=1675422720\"                 data-src=\"https:\/\/www.nonsolomodanews.it\/wordpress\/wp-content\/uploads\/photo-gallery\/summer_in_Italy\/thumb\/Angela-Devis-sfilata-Summer-in-Italy-by-Centergross-Credits-SGPItalia_(1).jpg?bwg=1675422720\"                 data-width=\"200.00\"                 data-height=\"300.00\"                 alt=\"Angela-Devis-sfilata-Summer-in-Italy-by-Centergross-Credits-SGPItalia (1)\"                 title=\"Angela-Devis-sfilata-Summer-in-Italy-by-Centergross-Credits-SGPItalia (1)\" \/>                      <\/div>        <\/a>                <a  class=\"bwg-a bwg_lightbox bwg_lightbox_0\" href=\"https:\/\/www.nonsolomodanews.it\/wordpress\/wp-content\/uploads\/photo-gallery\/summer_in_Italy\/Angela-Devis-sfilata-Summer-in-Italy-by-Centergross-Credits-SGPItalia_(1)_(1).jpg?bwg=1675422720\" data-image-id=\"35981\" data-elementor-open-lightbox=\"no\">          <div class=\"bwg_mosaic_thumb_spun_0 bwg-item0 bwg-mosaic-thumb-span \">            <img decoding=\"async\" class=\"bwg_mosaic_thumb_0 skip-lazy bwg_img_clear bwg_img_custom \"                 id=\"35981\"                 src=\"https:\/\/www.nonsolomodanews.it\/wordpress\/wp-content\/uploads\/photo-gallery\/summer_in_Italy\/thumb\/Angela-Devis-sfilata-Summer-in-Italy-by-Centergross-Credits-SGPItalia_(1)_(1).jpg?bwg=1675422720\"                 data-src=\"https:\/\/www.nonsolomodanews.it\/wordpress\/wp-content\/uploads\/photo-gallery\/summer_in_Italy\/thumb\/Angela-Devis-sfilata-Summer-in-Italy-by-Centergross-Credits-SGPItalia_(1)_(1).jpg?bwg=1675422720\"                 data-width=\"200.00\"                 data-height=\"300.00\"                 alt=\"Angela-Devis-sfilata-Summer-in-Italy-by-Centergross-Credits-SGPItalia (1) (1)\"                 title=\"Angela-Devis-sfilata-Summer-in-Italy-by-Centergross-Credits-SGPItalia (1) (1)\" \/>                      <\/div>        <\/a>                <a  class=\"bwg-a bwg_lightbox bwg_lightbox_0\" href=\"https:\/\/www.nonsolomodanews.it\/wordpress\/wp-content\/uploads\/photo-gallery\/summer_in_Italy\/Angela-Devis-sfilata-Summer-in-Italy-by-Centergross-Credits-SGPItalia_(1)_(1)_(1).jpg?bwg=1675422720\" data-image-id=\"35982\" data-elementor-open-lightbox=\"no\">          <div class=\"bwg_mosaic_thumb_spun_0 bwg-item0 bwg-mosaic-thumb-span \">            <img decoding=\"async\" class=\"bwg_mosaic_thumb_0 skip-lazy bwg_img_clear bwg_img_custom \"                 id=\"35982\"                 src=\"https:\/\/www.nonsolomodanews.it\/wordpress\/wp-content\/uploads\/photo-gallery\/summer_in_Italy\/thumb\/Angela-Devis-sfilata-Summer-in-Italy-by-Centergross-Credits-SGPItalia_(1)_(1)_(1).jpg?bwg=1675422720\"                 data-src=\"https:\/\/www.nonsolomodanews.it\/wordpress\/wp-content\/uploads\/photo-gallery\/summer_in_Italy\/thumb\/Angela-Devis-sfilata-Summer-in-Italy-by-Centergross-Credits-SGPItalia_(1)_(1)_(1).jpg?bwg=1675422720\"                 data-width=\"200.00\"                 data-height=\"300.00\"                 alt=\"Angela-Devis-sfilata-Summer-in-Italy-by-Centergross-Credits-SGPItalia (1) (1) (1)\"                 title=\"Angela-Devis-sfilata-Summer-in-Italy-by-Centergross-Credits-SGPItalia (1) (1) (1)\" \/>                      <\/div>        <\/a>                <a  class=\"bwg-a bwg_lightbox bwg_lightbox_0\" href=\"https:\/\/www.nonsolomodanews.it\/wordpress\/wp-content\/uploads\/photo-gallery\/summer_in_Italy\/Gil-Santucci-sfilata-Summer-in-Italy-by-Centergross-Credits-SGPItalia.jpg?bwg=1675422720\" data-image-id=\"35983\" data-elementor-open-lightbox=\"no\">          <div class=\"bwg_mosaic_thumb_spun_0 bwg-item0 bwg-mosaic-thumb-span \">            <img decoding=\"async\" class=\"bwg_mosaic_thumb_0 skip-lazy bwg_img_clear bwg_img_custom \"                 id=\"35983\"                 src=\"https:\/\/www.nonsolomodanews.it\/wordpress\/wp-content\/uploads\/photo-gallery\/summer_in_Italy\/thumb\/Gil-Santucci-sfilata-Summer-in-Italy-by-Centergross-Credits-SGPItalia.jpg?bwg=1675422720\"                 data-src=\"https:\/\/www.nonsolomodanews.it\/wordpress\/wp-content\/uploads\/photo-gallery\/summer_in_Italy\/thumb\/Gil-Santucci-sfilata-Summer-in-Italy-by-Centergross-Credits-SGPItalia.jpg?bwg=1675422720\"                 data-width=\"200.00\"                 data-height=\"300.00\"                 alt=\"Gil-Santucci-sfilata-Summer-in-Italy-by-Centergross-Credits-SGPItalia\"                 title=\"Gil-Santucci-sfilata-Summer-in-Italy-by-Centergross-Credits-SGPItalia\" \/>                      <\/div>        <\/a>                <a  class=\"bwg-a bwg_lightbox bwg_lightbox_0\" href=\"https:\/\/www.nonsolomodanews.it\/wordpress\/wp-content\/uploads\/photo-gallery\/summer_in_Italy\/Gil-Santucci-sfilata-Summer-in-Italy-byCentergross-Credits-SGPItalia.jpg?bwg=1675422720\" data-image-id=\"35984\" data-elementor-open-lightbox=\"no\">          <div class=\"bwg_mosaic_thumb_spun_0 bwg-item0 bwg-mosaic-thumb-span \">            <img decoding=\"async\" class=\"bwg_mosaic_thumb_0 skip-lazy bwg_img_clear bwg_img_custom \"                 id=\"35984\"                 src=\"https:\/\/www.nonsolomodanews.it\/wordpress\/wp-content\/uploads\/photo-gallery\/summer_in_Italy\/thumb\/Gil-Santucci-sfilata-Summer-in-Italy-byCentergross-Credits-SGPItalia.jpg?bwg=1675422720\"                 data-src=\"https:\/\/www.nonsolomodanews.it\/wordpress\/wp-content\/uploads\/photo-gallery\/summer_in_Italy\/thumb\/Gil-Santucci-sfilata-Summer-in-Italy-byCentergross-Credits-SGPItalia.jpg?bwg=1675422720\"                 data-width=\"200.00\"                 data-height=\"300.00\"                 alt=\"Gil-Santucci-sfilata-Summer-in-Italy-byCentergross-Credits-SGPItalia\"                 title=\"Gil-Santucci-sfilata-Summer-in-Italy-byCentergross-Credits-SGPItalia\" \/>                      <\/div>        <\/a>                <a  class=\"bwg-a bwg_lightbox bwg_lightbox_0\" href=\"https:\/\/www.nonsolomodanews.it\/wordpress\/wp-content\/uploads\/photo-gallery\/summer_in_Italy\/Gil-Santucci-sfilata-Summer-in-Italy-byCentergross-Photo-Emanuele-Scilleri.jpg?bwg=1675422720\" data-image-id=\"35985\" data-elementor-open-lightbox=\"no\">          <div class=\"bwg_mosaic_thumb_spun_0 bwg-item0 bwg-mosaic-thumb-span \">            <img decoding=\"async\" class=\"bwg_mosaic_thumb_0 skip-lazy bwg_img_clear bwg_img_custom \"                 id=\"35985\"                 src=\"https:\/\/www.nonsolomodanews.it\/wordpress\/wp-content\/uploads\/photo-gallery\/summer_in_Italy\/thumb\/Gil-Santucci-sfilata-Summer-in-Italy-byCentergross-Photo-Emanuele-Scilleri.jpg?bwg=1675422720\"                 data-src=\"https:\/\/www.nonsolomodanews.it\/wordpress\/wp-content\/uploads\/photo-gallery\/summer_in_Italy\/thumb\/Gil-Santucci-sfilata-Summer-in-Italy-byCentergross-Photo-Emanuele-Scilleri.jpg?bwg=1675422720\"                 data-width=\"207.00\"                 data-height=\"300.00\"                 alt=\"Gil-Santucci-sfilata-Summer-in-Italy-byCentergross-Photo-Emanuele-Scilleri\"                 title=\"Gil-Santucci-sfilata-Summer-in-Italy-byCentergross-Photo-Emanuele-Scilleri\" \/>                      <\/div>        <\/a>                <a  class=\"bwg-a bwg_lightbox bwg_lightbox_0\" href=\"https:\/\/www.nonsolomodanews.it\/wordpress\/wp-content\/uploads\/photo-gallery\/summer_in_Italy\/J.B4-Credits-SGPItalia.jpg?bwg=1675422720\" data-image-id=\"35988\" data-elementor-open-lightbox=\"no\">          <div class=\"bwg_mosaic_thumb_spun_0 bwg-item0 bwg-mosaic-thumb-span \">            <img decoding=\"async\" class=\"bwg_mosaic_thumb_0 skip-lazy bwg_img_clear bwg_img_custom \"                 id=\"35988\"                 src=\"https:\/\/www.nonsolomodanews.it\/wordpress\/wp-content\/uploads\/photo-gallery\/summer_in_Italy\/thumb\/J.B4-Credits-SGPItalia.jpg?bwg=1675422720\"                 data-src=\"https:\/\/www.nonsolomodanews.it\/wordpress\/wp-content\/uploads\/photo-gallery\/summer_in_Italy\/thumb\/J.B4-Credits-SGPItalia.jpg?bwg=1675422720\"                 data-width=\"200.00\"                 data-height=\"300.00\"                 alt=\"J.B4-Credits-SGPItalia\"                 title=\"J.B4-Credits-SGPItalia\" \/>                      <\/div>        <\/a>                <a  class=\"bwg-a bwg_lightbox bwg_lightbox_0\" href=\"https:\/\/www.nonsolomodanews.it\/wordpress\/wp-content\/uploads\/photo-gallery\/summer_in_Italy\/J.B4-sfilata-Summer-in-Italy-by-Centergross-Credits-SGPItalia.jpg?bwg=1675422720\" data-image-id=\"35986\" data-elementor-open-lightbox=\"no\">          <div class=\"bwg_mosaic_thumb_spun_0 bwg-item0 bwg-mosaic-thumb-span \">            <img decoding=\"async\" class=\"bwg_mosaic_thumb_0 skip-lazy bwg_img_clear bwg_img_custom \"                 id=\"35986\"                 src=\"https:\/\/www.nonsolomodanews.it\/wordpress\/wp-content\/uploads\/photo-gallery\/summer_in_Italy\/thumb\/J.B4-sfilata-Summer-in-Italy-by-Centergross-Credits-SGPItalia.jpg?bwg=1675422720\"                 data-src=\"https:\/\/www.nonsolomodanews.it\/wordpress\/wp-content\/uploads\/photo-gallery\/summer_in_Italy\/thumb\/J.B4-sfilata-Summer-in-Italy-by-Centergross-Credits-SGPItalia.jpg?bwg=1675422720\"                 data-width=\"200.00\"                 data-height=\"300.00\"                 alt=\"J.B4-sfilata-Summer-in-Italy-by-Centergross-Credits-SGPItalia\"                 title=\"J.B4-sfilata-Summer-in-Italy-by-Centergross-Credits-SGPItalia\" \/>                      <\/div>        <\/a>                <a  class=\"bwg-a bwg_lightbox bwg_lightbox_0\" href=\"https:\/\/www.nonsolomodanews.it\/wordpress\/wp-content\/uploads\/photo-gallery\/summer_in_Italy\/J.B4-sfilata-Summer-in-Italy-by-Centergross-Credits-SGPItalia_(1).jpg?bwg=1675422720\" data-image-id=\"35987\" data-elementor-open-lightbox=\"no\">          <div class=\"bwg_mosaic_thumb_spun_0 bwg-item0 bwg-mosaic-thumb-span \">            <img decoding=\"async\" class=\"bwg_mosaic_thumb_0 skip-lazy bwg_img_clear bwg_img_custom \"                 id=\"35987\"                 src=\"https:\/\/www.nonsolomodanews.it\/wordpress\/wp-content\/uploads\/photo-gallery\/summer_in_Italy\/thumb\/J.B4-sfilata-Summer-in-Italy-by-Centergross-Credits-SGPItalia_(1).jpg?bwg=1675422720\"                 data-src=\"https:\/\/www.nonsolomodanews.it\/wordpress\/wp-content\/uploads\/photo-gallery\/summer_in_Italy\/thumb\/J.B4-sfilata-Summer-in-Italy-by-Centergross-Credits-SGPItalia_(1).jpg?bwg=1675422720\"                 data-width=\"200.00\"                 data-height=\"300.00\"                 alt=\"J.B4-sfilata-Summer-in-Italy-by-Centergross-Credits-SGPItalia (1)\"                 title=\"J.B4-sfilata-Summer-in-Italy-by-Centergross-Credits-SGPItalia (1)\" \/>                      <\/div>        <\/a>                <a  class=\"bwg-a bwg_lightbox bwg_lightbox_0\" href=\"https:\/\/www.nonsolomodanews.it\/wordpress\/wp-content\/uploads\/photo-gallery\/summer_in_Italy\/Karl-Mommoo-Homme-sfilata-Summer-in-Italy-by-Centergross-Credits-SGPItalia.jpg?bwg=1675422720\" data-image-id=\"35989\" data-elementor-open-lightbox=\"no\">          <div class=\"bwg_mosaic_thumb_spun_0 bwg-item0 bwg-mosaic-thumb-span \">            <img decoding=\"async\" class=\"bwg_mosaic_thumb_0 skip-lazy bwg_img_clear bwg_img_custom \"                 id=\"35989\"                 src=\"https:\/\/www.nonsolomodanews.it\/wordpress\/wp-content\/uploads\/photo-gallery\/summer_in_Italy\/thumb\/Karl-Mommoo-Homme-sfilata-Summer-in-Italy-by-Centergross-Credits-SGPItalia.jpg?bwg=1675422720\"                 data-src=\"https:\/\/www.nonsolomodanews.it\/wordpress\/wp-content\/uploads\/photo-gallery\/summer_in_Italy\/thumb\/Karl-Mommoo-Homme-sfilata-Summer-in-Italy-by-Centergross-Credits-SGPItalia.jpg?bwg=1675422720\"                 data-width=\"200.00\"                 data-height=\"300.00\"                 alt=\"Karl-Mommoo-Homme-sfilata-Summer-in-Italy-by-Centergross-Credits-SGPItalia\"                 title=\"Karl-Mommoo-Homme-sfilata-Summer-in-Italy-by-Centergross-Credits-SGPItalia\" \/>                      <\/div>        <\/a>                <a  class=\"bwg-a bwg_lightbox bwg_lightbox_0\" href=\"https:\/\/www.nonsolomodanews.it\/wordpress\/wp-content\/uploads\/photo-gallery\/summer_in_Italy\/Karl-Mommoo-Homme-sfilata-Summer-in-Italy-by-Centergross-Credits-SGPItalia_(1).jpg?bwg=1675422720\" data-image-id=\"35991\" data-elementor-open-lightbox=\"no\">          <div class=\"bwg_mosaic_thumb_spun_0 bwg-item0 bwg-mosaic-thumb-span \">            <img decoding=\"async\" class=\"bwg_mosaic_thumb_0 skip-lazy bwg_img_clear bwg_img_custom \"                 id=\"35991\"                 src=\"https:\/\/www.nonsolomodanews.it\/wordpress\/wp-content\/uploads\/photo-gallery\/summer_in_Italy\/thumb\/Karl-Mommoo-Homme-sfilata-Summer-in-Italy-by-Centergross-Credits-SGPItalia_(1).jpg?bwg=1675422720\"                 data-src=\"https:\/\/www.nonsolomodanews.it\/wordpress\/wp-content\/uploads\/photo-gallery\/summer_in_Italy\/thumb\/Karl-Mommoo-Homme-sfilata-Summer-in-Italy-by-Centergross-Credits-SGPItalia_(1).jpg?bwg=1675422720\"                 data-width=\"200.00\"                 data-height=\"300.00\"                 alt=\"Karl-Mommoo-Homme-sfilata-Summer-in-Italy-by-Centergross-Credits-SGPItalia (1)\"                 title=\"Karl-Mommoo-Homme-sfilata-Summer-in-Italy-by-Centergross-Credits-SGPItalia (1)\" \/>                      <\/div>        <\/a>                <a  class=\"bwg-a bwg_lightbox bwg_lightbox_0\" href=\"https:\/\/www.nonsolomodanews.it\/wordpress\/wp-content\/uploads\/photo-gallery\/summer_in_Italy\/Karl-Mommoo-Homme-sfilata-Summer-in-Italy-by-Centergross-Photo-Emanuele-Scilleri.jpg?bwg=1675422720\" data-image-id=\"35990\" data-elementor-open-lightbox=\"no\">          <div class=\"bwg_mosaic_thumb_spun_0 bwg-item0 bwg-mosaic-thumb-span \">            <img decoding=\"async\" class=\"bwg_mosaic_thumb_0 skip-lazy bwg_img_clear bwg_img_custom \"                 id=\"35990\"                 src=\"https:\/\/www.nonsolomodanews.it\/wordpress\/wp-content\/uploads\/photo-gallery\/summer_in_Italy\/thumb\/Karl-Mommoo-Homme-sfilata-Summer-in-Italy-by-Centergross-Photo-Emanuele-Scilleri.jpg?bwg=1675422720\"                 data-src=\"https:\/\/www.nonsolomodanews.it\/wordpress\/wp-content\/uploads\/photo-gallery\/summer_in_Italy\/thumb\/Karl-Mommoo-Homme-sfilata-Summer-in-Italy-by-Centergross-Photo-Emanuele-Scilleri.jpg?bwg=1675422720\"                 data-width=\"300.00\"                 data-height=\"200.00\"                 alt=\"Karl-Mommoo-Homme-sfilata-Summer-in-Italy-by-Centergross-Photo-Emanuele-Scilleri\"                 title=\"Karl-Mommoo-Homme-sfilata-Summer-in-Italy-by-Centergross-Photo-Emanuele-Scilleri\" \/>                      <\/div>        <\/a>                <a  class=\"bwg-a bwg_lightbox bwg_lightbox_0\" href=\"https:\/\/www.nonsolomodanews.it\/wordpress\/wp-content\/uploads\/photo-gallery\/summer_in_Italy\/King-Kong-sfilata-Summer-in-Italy-by-Centergross-Credits-SGPItalia.jpg?bwg=1675422720\" data-image-id=\"35992\" data-elementor-open-lightbox=\"no\">          <div class=\"bwg_mosaic_thumb_spun_0 bwg-item0 bwg-mosaic-thumb-span \">            <img decoding=\"async\" class=\"bwg_mosaic_thumb_0 skip-lazy bwg_img_clear bwg_img_custom \"                 id=\"35992\"                 src=\"https:\/\/www.nonsolomodanews.it\/wordpress\/wp-content\/uploads\/photo-gallery\/summer_in_Italy\/thumb\/King-Kong-sfilata-Summer-in-Italy-by-Centergross-Credits-SGPItalia.jpg?bwg=1675422720\"                 data-src=\"https:\/\/www.nonsolomodanews.it\/wordpress\/wp-content\/uploads\/photo-gallery\/summer_in_Italy\/thumb\/King-Kong-sfilata-Summer-in-Italy-by-Centergross-Credits-SGPItalia.jpg?bwg=1675422720\"                 data-width=\"200.00\"                 data-height=\"300.00\"                 alt=\"King-Kong-sfilata-Summer-in-Italy-by-Centergross-Credits-SGPItalia\"                 title=\"King-Kong-sfilata-Summer-in-Italy-by-Centergross-Credits-SGPItalia\" \/>                      <\/div>        <\/a>                <a  class=\"bwg-a bwg_lightbox bwg_lightbox_0\" href=\"https:\/\/www.nonsolomodanews.it\/wordpress\/wp-content\/uploads\/photo-gallery\/summer_in_Italy\/King-Kong-sfilata-Summer-in-Italy-by-Centergross-Credits-SGPItalia_(1).jpg?bwg=1675422720\" data-image-id=\"35993\" data-elementor-open-lightbox=\"no\">          <div class=\"bwg_mosaic_thumb_spun_0 bwg-item0 bwg-mosaic-thumb-span \">            <img decoding=\"async\" class=\"bwg_mosaic_thumb_0 skip-lazy bwg_img_clear bwg_img_custom \"                 id=\"35993\"                 src=\"https:\/\/www.nonsolomodanews.it\/wordpress\/wp-content\/uploads\/photo-gallery\/summer_in_Italy\/thumb\/King-Kong-sfilata-Summer-in-Italy-by-Centergross-Credits-SGPItalia_(1).jpg?bwg=1675422720\"                 data-src=\"https:\/\/www.nonsolomodanews.it\/wordpress\/wp-content\/uploads\/photo-gallery\/summer_in_Italy\/thumb\/King-Kong-sfilata-Summer-in-Italy-by-Centergross-Credits-SGPItalia_(1).jpg?bwg=1675422720\"                 data-width=\"200.00\"                 data-height=\"300.00\"                 alt=\"King-Kong-sfilata-Summer-in-Italy-by-Centergross-Credits-SGPItalia (1)\"                 title=\"King-Kong-sfilata-Summer-in-Italy-by-Centergross-Credits-SGPItalia (1)\" \/>                      <\/div>        <\/a>                <a  class=\"bwg-a bwg_lightbox bwg_lightbox_0\" href=\"https:\/\/www.nonsolomodanews.it\/wordpress\/wp-content\/uploads\/photo-gallery\/summer_in_Italy\/King-Kong_Credits-SGPItalia.jpg?bwg=1675422720\" data-image-id=\"35994\" data-elementor-open-lightbox=\"no\">          <div class=\"bwg_mosaic_thumb_spun_0 bwg-item0 bwg-mosaic-thumb-span \">            <img decoding=\"async\" class=\"bwg_mosaic_thumb_0 skip-lazy bwg_img_clear bwg_img_custom \"                 id=\"35994\"                 src=\"https:\/\/www.nonsolomodanews.it\/wordpress\/wp-content\/uploads\/photo-gallery\/summer_in_Italy\/thumb\/King-Kong_Credits-SGPItalia.jpg?bwg=1675422720\"                 data-src=\"https:\/\/www.nonsolomodanews.it\/wordpress\/wp-content\/uploads\/photo-gallery\/summer_in_Italy\/thumb\/King-Kong_Credits-SGPItalia.jpg?bwg=1675422720\"                 data-width=\"200.00\"                 data-height=\"300.00\"                 alt=\"King-Kong Credits-SGPItalia\"                 title=\"King-Kong Credits-SGPItalia\" \/>                      <\/div>        <\/a>                <a  class=\"bwg-a bwg_lightbox bwg_lightbox_0\" href=\"https:\/\/www.nonsolomodanews.it\/wordpress\/wp-content\/uploads\/photo-gallery\/summer_in_Italy\/Piero-Scandellari-Presidente-Centergross.jpg?bwg=1675422720\" data-image-id=\"35995\" data-elementor-open-lightbox=\"no\">          <div class=\"bwg_mosaic_thumb_spun_0 bwg-item0 bwg-mosaic-thumb-span \">            <img decoding=\"async\" class=\"bwg_mosaic_thumb_0 skip-lazy bwg_img_clear bwg_img_custom \"                 id=\"35995\"                 src=\"https:\/\/www.nonsolomodanews.it\/wordpress\/wp-content\/uploads\/photo-gallery\/summer_in_Italy\/thumb\/Piero-Scandellari-Presidente-Centergross.jpg?bwg=1675422720\"                 data-src=\"https:\/\/www.nonsolomodanews.it\/wordpress\/wp-content\/uploads\/photo-gallery\/summer_in_Italy\/thumb\/Piero-Scandellari-Presidente-Centergross.jpg?bwg=1675422720\"                 data-width=\"200.00\"                 data-height=\"300.00\"                 alt=\"Piero-Scandellari-Presidente-Centergross\"                 title=\"Piero-Scandellari-Presidente-Centergross\" \/>                      <\/div>        <\/a>                <a  class=\"bwg-a bwg_lightbox bwg_lightbox_0\" href=\"https:\/\/www.nonsolomodanews.it\/wordpress\/wp-content\/uploads\/photo-gallery\/summer_in_Italy\/Piero-Scandellari-Presidente-Centergross_(1).jpg?bwg=1675422720\" data-image-id=\"35997\" data-elementor-open-lightbox=\"no\">          <div class=\"bwg_mosaic_thumb_spun_0 bwg-item0 bwg-mosaic-thumb-span \">            <img decoding=\"async\" class=\"bwg_mosaic_thumb_0 skip-lazy bwg_img_clear bwg_img_custom \"                 id=\"35997\"                 src=\"https:\/\/www.nonsolomodanews.it\/wordpress\/wp-content\/uploads\/photo-gallery\/summer_in_Italy\/thumb\/Piero-Scandellari-Presidente-Centergross_(1).jpg?bwg=1675422720\"                 data-src=\"https:\/\/www.nonsolomodanews.it\/wordpress\/wp-content\/uploads\/photo-gallery\/summer_in_Italy\/thumb\/Piero-Scandellari-Presidente-Centergross_(1).jpg?bwg=1675422720\"                 data-width=\"200.00\"                 data-height=\"300.00\"                 alt=\"Piero-Scandellari-Presidente-Centergross (1)\"                 title=\"Piero-Scandellari-Presidente-Centergross (1)\" \/>                      <\/div>        <\/a>                <a  class=\"bwg-a bwg_lightbox bwg_lightbox_0\" href=\"https:\/\/www.nonsolomodanews.it\/wordpress\/wp-content\/uploads\/photo-gallery\/summer_in_Italy\/Puppini-Sisters-indossano-abiti-Rinascimento-e-Rinascimento-Curvy.jpg?bwg=1675422720\" data-image-id=\"35964\" data-elementor-open-lightbox=\"no\">          <div class=\"bwg_mosaic_thumb_spun_0 bwg-item0 bwg-mosaic-thumb-span \">            <img decoding=\"async\" class=\"bwg_mosaic_thumb_0 skip-lazy bwg_img_clear bwg_img_custom \"                 id=\"35964\"                 src=\"https:\/\/www.nonsolomodanews.it\/wordpress\/wp-content\/uploads\/photo-gallery\/summer_in_Italy\/thumb\/Puppini-Sisters-indossano-abiti-Rinascimento-e-Rinascimento-Curvy.jpg?bwg=1675422720\"                 data-src=\"https:\/\/www.nonsolomodanews.it\/wordpress\/wp-content\/uploads\/photo-gallery\/summer_in_Italy\/thumb\/Puppini-Sisters-indossano-abiti-Rinascimento-e-Rinascimento-Curvy.jpg?bwg=1675422720\"                 data-width=\"300.00\"                 data-height=\"200.00\"                 alt=\"Puppini-Sisters-indossano-abiti-Rinascimento-e-Rinascimento-Curvy\"                 title=\"Puppini-Sisters-indossano-abiti-Rinascimento-e-Rinascimento-Curvy\" \/>                      <\/div>        <\/a>                <a  class=\"bwg-a bwg_lightbox bwg_lightbox_0\" href=\"https:\/\/www.nonsolomodanews.it\/wordpress\/wp-content\/uploads\/photo-gallery\/summer_in_Italy\/Puppini-Sisters-indossano-abiti-Rinascimento-e-Rinascimento-Curvy-.jpg?bwg=1675422720\" data-image-id=\"35967\" data-elementor-open-lightbox=\"no\">          <div class=\"bwg_mosaic_thumb_spun_0 bwg-item0 bwg-mosaic-thumb-span \">            <img decoding=\"async\" class=\"bwg_mosaic_thumb_0 skip-lazy bwg_img_clear bwg_img_custom \"                 id=\"35967\"                 src=\"https:\/\/www.nonsolomodanews.it\/wordpress\/wp-content\/uploads\/photo-gallery\/summer_in_Italy\/thumb\/Puppini-Sisters-indossano-abiti-Rinascimento-e-Rinascimento-Curvy-.jpg?bwg=1675422720\"                 data-src=\"https:\/\/www.nonsolomodanews.it\/wordpress\/wp-content\/uploads\/photo-gallery\/summer_in_Italy\/thumb\/Puppini-Sisters-indossano-abiti-Rinascimento-e-Rinascimento-Curvy-.jpg?bwg=1675422720\"                 data-width=\"300.00\"                 data-height=\"200.00\"                 alt=\"Puppini-Sisters-indossano-abiti-Rinascimento-e-Rinascimento-Curvy-\"                 title=\"Puppini-Sisters-indossano-abiti-Rinascimento-e-Rinascimento-Curvy-\" \/>                      <\/div>        <\/a>                <a  class=\"bwg-a bwg_lightbox bwg_lightbox_0\" href=\"https:\/\/www.nonsolomodanews.it\/wordpress\/wp-content\/uploads\/photo-gallery\/summer_in_Italy\/Puppini-Sisters-indossano-abiti-Rinascimento-e-Rinascimento-Curvy_(1).jpg?bwg=1675422720\" data-image-id=\"35966\" data-elementor-open-lightbox=\"no\">          <div class=\"bwg_mosaic_thumb_spun_0 bwg-item0 bwg-mosaic-thumb-span \">            <img decoding=\"async\" class=\"bwg_mosaic_thumb_0 skip-lazy bwg_img_clear bwg_img_custom \"                 id=\"35966\"                 src=\"https:\/\/www.nonsolomodanews.it\/wordpress\/wp-content\/uploads\/photo-gallery\/summer_in_Italy\/thumb\/Puppini-Sisters-indossano-abiti-Rinascimento-e-Rinascimento-Curvy_(1).jpg?bwg=1675422720\"                 data-src=\"https:\/\/www.nonsolomodanews.it\/wordpress\/wp-content\/uploads\/photo-gallery\/summer_in_Italy\/thumb\/Puppini-Sisters-indossano-abiti-Rinascimento-e-Rinascimento-Curvy_(1).jpg?bwg=1675422720\"                 data-width=\"300.00\"                 data-height=\"200.00\"                 alt=\"Puppini-Sisters-indossano-abiti-Rinascimento-e-Rinascimento-Curvy (1)\"                 title=\"Puppini-Sisters-indossano-abiti-Rinascimento-e-Rinascimento-Curvy (1)\" \/>                      <\/div>        <\/a>                <a  class=\"bwg-a bwg_lightbox bwg_lightbox_0\" href=\"https:\/\/www.nonsolomodanews.it\/wordpress\/wp-content\/uploads\/photo-gallery\/summer_in_Italy\/Puppini-Sisters-indossano-abiti-Rinascimento-e-Rinascimento-Curvy_(1)_(1).jpg?bwg=1675422720\" data-image-id=\"35965\" data-elementor-open-lightbox=\"no\">          <div class=\"bwg_mosaic_thumb_spun_0 bwg-item0 bwg-mosaic-thumb-span \">            <img decoding=\"async\" class=\"bwg_mosaic_thumb_0 skip-lazy bwg_img_clear bwg_img_custom \"                 id=\"35965\"                 src=\"https:\/\/www.nonsolomodanews.it\/wordpress\/wp-content\/uploads\/photo-gallery\/summer_in_Italy\/thumb\/Puppini-Sisters-indossano-abiti-Rinascimento-e-Rinascimento-Curvy_(1)_(1).jpg?bwg=1675422720\"                 data-src=\"https:\/\/www.nonsolomodanews.it\/wordpress\/wp-content\/uploads\/photo-gallery\/summer_in_Italy\/thumb\/Puppini-Sisters-indossano-abiti-Rinascimento-e-Rinascimento-Curvy_(1)_(1).jpg?bwg=1675422720\"                 data-width=\"300.00\"                 data-height=\"200.00\"                 alt=\"Puppini-Sisters-indossano-abiti-Rinascimento-e-Rinascimento-Curvy (1) (1)\"                 title=\"Puppini-Sisters-indossano-abiti-Rinascimento-e-Rinascimento-Curvy (1) (1)\" \/>                      <\/div>        <\/a>                <a  class=\"bwg-a bwg_lightbox bwg_lightbox_0\" href=\"https:\/\/www.nonsolomodanews.it\/wordpress\/wp-content\/uploads\/photo-gallery\/summer_in_Italy\/Puppini-Sisters-indossano-abiti-Rinascimento-e-Rinascimento-Curvy_(1)_(1)_(1).jpg?bwg=1675422720\" data-image-id=\"35968\" data-elementor-open-lightbox=\"no\">          <div class=\"bwg_mosaic_thumb_spun_0 bwg-item0 bwg-mosaic-thumb-span \">            <img decoding=\"async\" class=\"bwg_mosaic_thumb_0 skip-lazy bwg_img_clear bwg_img_custom \"                 id=\"35968\"                 src=\"https:\/\/www.nonsolomodanews.it\/wordpress\/wp-content\/uploads\/photo-gallery\/summer_in_Italy\/thumb\/Puppini-Sisters-indossano-abiti-Rinascimento-e-Rinascimento-Curvy_(1)_(1)_(1).jpg?bwg=1675422720\"                 data-src=\"https:\/\/www.nonsolomodanews.it\/wordpress\/wp-content\/uploads\/photo-gallery\/summer_in_Italy\/thumb\/Puppini-Sisters-indossano-abiti-Rinascimento-e-Rinascimento-Curvy_(1)_(1)_(1).jpg?bwg=1675422720\"                 data-width=\"200.00\"                 data-height=\"300.00\"                 alt=\"Puppini-Sisters-indossano-abiti-Rinascimento-e-Rinascimento-Curvy (1) (1) (1)\"                 title=\"Puppini-Sisters-indossano-abiti-Rinascimento-e-Rinascimento-Curvy (1) (1) (1)\" \/>                      <\/div>        <\/a>                <a  class=\"bwg-a bwg_lightbox bwg_lightbox_0\" href=\"https:\/\/www.nonsolomodanews.it\/wordpress\/wp-content\/uploads\/photo-gallery\/summer_in_Italy\/Puppini-Sisters-indossano-abiti-Rinascimento-e-Rinascimento-Curvy_(1)_(1)_(1)_(1).jpg?bwg=1675422720\" data-image-id=\"35998\" data-elementor-open-lightbox=\"no\">          <div class=\"bwg_mosaic_thumb_spun_0 bwg-item0 bwg-mosaic-thumb-span \">            <img decoding=\"async\" class=\"bwg_mosaic_thumb_0 skip-lazy bwg_img_clear bwg_img_custom \"                 id=\"35998\"                 src=\"https:\/\/www.nonsolomodanews.it\/wordpress\/wp-content\/uploads\/photo-gallery\/summer_in_Italy\/thumb\/Puppini-Sisters-indossano-abiti-Rinascimento-e-Rinascimento-Curvy_(1)_(1)_(1)_(1).jpg?bwg=1675422720\"                 data-src=\"https:\/\/www.nonsolomodanews.it\/wordpress\/wp-content\/uploads\/photo-gallery\/summer_in_Italy\/thumb\/Puppini-Sisters-indossano-abiti-Rinascimento-e-Rinascimento-Curvy_(1)_(1)_(1)_(1).jpg?bwg=1675422720\"                 data-width=\"300.00\"                 data-height=\"200.00\"                 alt=\"Puppini-Sisters-indossano-abiti-Rinascimento-e-Rinascimento-Curvy (1) (1) (1) (1)\"                 title=\"Puppini-Sisters-indossano-abiti-Rinascimento-e-Rinascimento-Curvy (1) (1) (1) (1)\" \/>                      <\/div>        <\/a>                <a  class=\"bwg-a bwg_lightbox bwg_lightbox_0\" href=\"https:\/\/www.nonsolomodanews.it\/wordpress\/wp-content\/uploads\/photo-gallery\/summer_in_Italy\/Souvenir-sfilata-Summer-in-Italy-by-Centergross-Credits-SGPItalia.jpg?bwg=1675422720\" data-image-id=\"35969\" data-elementor-open-lightbox=\"no\">          <div class=\"bwg_mosaic_thumb_spun_0 bwg-item0 bwg-mosaic-thumb-span \">            <img decoding=\"async\" class=\"bwg_mosaic_thumb_0 skip-lazy bwg_img_clear bwg_img_custom \"                 id=\"35969\"                 src=\"https:\/\/www.nonsolomodanews.it\/wordpress\/wp-content\/uploads\/photo-gallery\/summer_in_Italy\/thumb\/Souvenir-sfilata-Summer-in-Italy-by-Centergross-Credits-SGPItalia.jpg?bwg=1675422720\"                 data-src=\"https:\/\/www.nonsolomodanews.it\/wordpress\/wp-content\/uploads\/photo-gallery\/summer_in_Italy\/thumb\/Souvenir-sfilata-Summer-in-Italy-by-Centergross-Credits-SGPItalia.jpg?bwg=1675422720\"                 data-width=\"200.00\"                 data-height=\"300.00\"                 alt=\"Souvenir-sfilata-Summer-in-Italy-by-Centergross-Credits-SGPItalia\"                 title=\"Souvenir-sfilata-Summer-in-Italy-by-Centergross-Credits-SGPItalia\" \/>                      <\/div>        <\/a>                <a  class=\"bwg-a bwg_lightbox bwg_lightbox_0\" href=\"https:\/\/www.nonsolomodanews.it\/wordpress\/wp-content\/uploads\/photo-gallery\/summer_in_Italy\/Souvenir-sfilata-Summer-in-Italy-by-Centergross-Credits-SGPItalia_(1).jpg?bwg=1675422720\" data-image-id=\"35970\" data-elementor-open-lightbox=\"no\">          <div class=\"bwg_mosaic_thumb_spun_0 bwg-item0 bwg-mosaic-thumb-span \">            <img decoding=\"async\" class=\"bwg_mosaic_thumb_0 skip-lazy bwg_img_clear bwg_img_custom \"                 id=\"35970\"                 src=\"https:\/\/www.nonsolomodanews.it\/wordpress\/wp-content\/uploads\/photo-gallery\/summer_in_Italy\/thumb\/Souvenir-sfilata-Summer-in-Italy-by-Centergross-Credits-SGPItalia_(1).jpg?bwg=1675422720\"                 data-src=\"https:\/\/www.nonsolomodanews.it\/wordpress\/wp-content\/uploads\/photo-gallery\/summer_in_Italy\/thumb\/Souvenir-sfilata-Summer-in-Italy-by-Centergross-Credits-SGPItalia_(1).jpg?bwg=1675422720\"                 data-width=\"200.00\"                 data-height=\"300.00\"                 alt=\"Souvenir-sfilata-Summer-in-Italy-by-Centergross-Credits-SGPItalia (1)\"                 title=\"Souvenir-sfilata-Summer-in-Italy-by-Centergross-Credits-SGPItalia (1)\" \/>                      <\/div>        <\/a>            <\/div>    <\/div>    <style>      \/*pagination styles*\/      #bwg_container1_0 #bwg_container2_0 .tablenav-pages_0 {\t\t\t\ttext-align: center;\t\t\t\tfont-size: 12px;\t\t\t\tfont-family: segoe ui;\t\t\t\tfont-weight: bold;\t\t\t\tcolor: #666666;\t\t\t\tmargin: 6px 0 4px;\t\t\t\tdisplay: block;      }      @media only screen and (max-width : 320px) {      #bwg_container1_0 #bwg_container2_0 .displaying-num_0 {     \t display: none;      }      }      #bwg_container1_0 #bwg_container2_0 .displaying-num_0 {\t\t\t\tfont-size: 12px;\t\t\t\tfont-family: segoe ui;\t\t\t\tfont-weight: bold;\t\t\t\tcolor: #666666;\t\t\t\tmargin-right: 10px;\t\t\t\tvertical-align: middle;      }      #bwg_container1_0 #bwg_container2_0 .paging-input_0 {\t\t\t\tfont-size: 12px;\t\t\t\tfont-family: segoe ui;\t\t\t\tfont-weight: bold;\t\t\t\tcolor: #666666;\t\t\t\tvertical-align: middle;      }      #bwg_container1_0 #bwg_container2_0 .tablenav-pages_0 a.disabled,      #bwg_container1_0 #bwg_container2_0 .tablenav-pages_0 a.disabled:hover,      #bwg_container1_0 #bwg_container2_0 .tablenav-pages_0 a.disabled:focus,\t\t\t#bwg_container1_0 #bwg_container2_0 .tablenav-pages_0 input.bwg_current_page {\t\t\t\tcursor: default;\t\t\t\tcolor: rgba(102, 102, 102, 0.5);      }      #bwg_container1_0 #bwg_container2_0 .tablenav-pages_0 a,      #bwg_container1_0 #bwg_container2_0 .tablenav-pages_0 input.bwg_current_page {\t\t\t\tcursor: pointer;\t\t\t\ttext-align: center;\t\t\t\tfont-size: 12px;\t\t\t\tfont-family: segoe ui;\t\t\t\tfont-weight: bold;\t\t\t\tcolor: #666666;\t\t\t\ttext-decoration: none;\t\t\t\tpadding: 3px 6px;\t\t\t\tmargin: 0;\t\t\t\tborder-radius: 0;\t\t\t\tborder-style: solid;\t\t\t\tborder-width: 1px;\t\t\t\tborder-color: #E3E3E3;\t\t\t\t\t\t\t\tbackground-color: rgba(255, 255, 255, 1.00);\t\t\t\tbox-shadow: 0;\t\t\t\ttransition: all 0.3s ease 0s;-webkit-transition: all 0.3s ease 0s;      }      <\/style>      <span class=\"bwg_nav_cont_0\">              <div class=\"tablenav-pages_0\">                      <span class=\"pagination-links_0 pagination-links\" data-pages-count=\"2\">              <span class=\"pagination-links_col1\">              <a class=\"bwg-a first-page disabled\" title=\"Vai alla prima pagina\" >\u00ab<\/a>              <a class=\"bwg-a prev-page disabled\" title=\"Vai alla pagina precedente\" >\u2039<\/a>              <\/span>\t\t\t\t\t\t\t<span class=\"pagination-links_col2\">\t\t\t\t\t\t\t\t\t<input type=\"number\" class=\"bwg_current_page\" name=\"bwg_current_page\" value=\"1\" data-url-info=\"page_number_0\" onkeypress=\"return bwg_change_page_0(event, this)\" min=\"1\" oninput=\"validity.valid||(value='')\" \/>\t\t\t\t\t\t\t\t\t\tdi\t\t\t\t\t\t\t\t\t\t<span class=\"total-pages_0\">\t\t\t\t\t\t\t\t\t\t\t2\t\t\t\t\t\t\t\t\t\t<\/span>\t\t\t\t\t\t\t<\/span>              <span class=\"pagination-links_col3\">                <a class=\"bwg-a next-page-0\" title=\"Vai alla pagina successiva\" href=\"\/wordpress\/wp-json\/wp\/v2\/posts\/24277?page_number_0=2\">\u203a<\/a>                <a class=\"bwg-a last-page-0\" title=\"Vai all&#039;ultima pagina\" href=\"\/wordpress\/wp-json\/wp\/v2\/posts\/24277?page_number_0=2\">\u00bb<\/a>              <\/span>\t\t\t\t\t\t<\/span>\t\t\t\t\t\t        <\/div>                <input type=\"hidden\" id=\"page_number_0\" name=\"page_number_0\" value=\"1\" \/>      <script type=\"text\/javascript\">        if( jQuery('.bwg_nav_cont_0').length > 1 ) {          jQuery('.bwg_nav_cont_0').first().remove()        }        function spider_page_0(cur, x, y, load_more) {          if (typeof load_more == \"undefined\") {            var load_more = false;          }          if (jQuery(cur).hasClass('disabled')) {            return false;          }          var items_county_0 = 2;          switch (y) {            case 1:              if (x >= items_county_0) {                document.getElementById('page_number_0').value = items_county_0;              }              else {                document.getElementById('page_number_0').value = x + 1;              }              break;            case 2:              document.getElementById('page_number_0').value = items_county_0;              break;            case -1:              if (x == 1) {                document.getElementById('page_number_0').value = 1;              }              else {                document.getElementById('page_number_0').value = x - 1;              }              break;            case -2:              document.getElementById('page_number_0').value = 1;              break;\t\t\t\t\t\tcase 0:              document.getElementById('page_number_0').value = x;              break;            default:              document.getElementById('page_number_0').value = 1;          }          bwg_ajax('gal_front_form_0', '0', 'bwg_thumbnails_mosaic_0', '0', '', 'gallery', 0, '', '', load_more, '', 1);        }                    jQuery('.first-page disabled').on('click', function () {              spider_page_0(this, 1, -2, 'numeric');              return false;            });            jQuery('.prev-page disabled').on('click', function () {              spider_page_0(this, 1, -1, 'numeric');              return false;            });            jQuery('.next-page-0').on('click', function () {              spider_page_0(this, 1, 1, 'numeric');              return false;            });            jQuery('.last-page-0').on('click', function () {              spider_page_0(this, 1, 2, 'numeric');              return false;            });        \t\t\t\t\/* Change page on input enter. *\/        function bwg_change_page_0( e, that ) {          if (  e.key == 'Enter' ) {            var to_page = parseInt(jQuery(that).val());            var pages_count = jQuery(that).parents(\".pagination-links\").data(\"pages-count\");            var current_url_param = jQuery(that).attr('data-url-info');            if (to_page > pages_count) {              to_page = 1;            }\t \t\t\t\t\t\t\t\t\t\t\t\tspider_page_0(this, to_page, 0, 'numeric');\t\t\t\t\t\t\treturn false;\t\t\t\t\t\t          }          return true;        }        jQuery('.bwg_load_btn_0').on('click', function () {            spider_page_0(this, 1, 1, true);            return false;        });      <\/script>      <\/span>                <\/div>        <\/form>        <style>          #bwg_container1_0 #bwg_container2_0 #spider_popup_overlay_0 {          background-color: #000000;          opacity: 0.70;          }          <\/style>        <div id=\"bwg_spider_popup_loading_0\" class=\"bwg_spider_popup_loading\"><\/div>        <div id=\"spider_popup_overlay_0\" class=\"spider_popup_overlay\" onclick=\"spider_destroypopup(1000)\"><\/div>        <input type=\"hidden\" id=\"bwg_random_seed_0\" value=\"629742376\">                <\/div>    <\/div>    <script>      if (document.readyState === 'complete') {        if( typeof bwg_main_ready == 'function' ) {          if ( jQuery(\"#bwg_container1_0\").height() ) {            bwg_main_ready(jQuery(\"#bwg_container1_0\"));          }        }      } else {        document.addEventListener('DOMContentLoaded', function() {          if( typeof bwg_main_ready == 'function' ) {            if ( jQuery(\"#bwg_container1_0\").height() ) {             bwg_main_ready(jQuery(\"#bwg_container1_0\"));            }          }        });      }    <\/script>    <\/p>\n<p><\/span><\/p>\n<p>&nbsp;<\/p>\n<p>&nbsp;<\/p>\n","protected":false},"excerpt":{"rendered":"<p>SUMMER IN ITALY: BOLOGNA LANCIA LE TENDENZE PRIMAVERA ESTATE Presentate le collezioni primavera-estate 2023 dei brand Pronto Moda di Centergross Nella cornice del bellissimo Teatro Arena del Sole di Bologna si &egrave; svolta la sfilata Summer in Italy, che ha presentato le collezioni primavera-estate 2023 di Centergross. In passerella le collezioni uomo di&nbsp;ADM Revolution,&nbsp;Karl Mommoo Homme, Takeshy Kurosawa,&nbsp;la donna di&nbsp;Angela Davis, Gil Santucci,&nbsp;King Kong,&nbsp;J.B4, Souvenir,&nbsp;gli abiti di&nbsp;Rinascimento e Rinascimento Curvy&nbsp;che hanno vestito le&nbsp;Puppini Sisters,&nbsp;Guest star musicali della serata.<\/p>\n","protected":false},"author":1,"featured_media":24279,"comment_status":"open","ping_status":"open","sticky":false,"template":"","format":"standard","meta":{"rop_custom_images_group":[],"rop_custom_messages_group":[],"rop_publish_now":"initial","rop_publish_now_accounts":[],"rop_publish_now_history":[],"rop_publish_now_status":"pending","footnotes":""},"categories":[16],"tags":[262,281,7988,372,1099,9267],"class_list":["post-24277","post","type-post","status-publish","format-standard","has-post-thumbnail","hentry","category-articolo","tag-bologna","tag-bruno-angelo-porcellana","tag-centergross","tag-comunicato-stampa-2","tag-nonsolomodanews","tag-summerinitaly"],"_links":{"self":[{"href":"https:\/\/www.nonsolomodanews.it\/wordpress\/wp-json\/wp\/v2\/posts\/24277","targetHints":{"allow":["GET"]}}],"collection":[{"href":"https:\/\/www.nonsolomodanews.it\/wordpress\/wp-json\/wp\/v2\/posts"}],"about":[{"href":"https:\/\/www.nonsolomodanews.it\/wordpress\/wp-json\/wp\/v2\/types\/post"}],"author":[{"embeddable":true,"href":"https:\/\/www.nonsolomodanews.it\/wordpress\/wp-json\/wp\/v2\/users\/1"}],"replies":[{"embeddable":true,"href":"https:\/\/www.nonsolomodanews.it\/wordpress\/wp-json\/wp\/v2\/comments?post=24277"}],"version-history":[{"count":7,"href":"https:\/\/www.nonsolomodanews.it\/wordpress\/wp-json\/wp\/v2\/posts\/24277\/revisions"}],"predecessor-version":[{"id":24288,"href":"https:\/\/www.nonsolomodanews.it\/wordpress\/wp-json\/wp\/v2\/posts\/24277\/revisions\/24288"}],"wp:featuredmedia":[{"embeddable":true,"href":"https:\/\/www.nonsolomodanews.it\/wordpress\/wp-json\/wp\/v2\/media\/24279"}],"wp:attachment":[{"href":"https:\/\/www.nonsolomodanews.it\/wordpress\/wp-json\/wp\/v2\/media?parent=24277"}],"wp:term":[{"taxonomy":"category","embeddable":true,"href":"https:\/\/www.nonsolomodanews.it\/wordpress\/wp-json\/wp\/v2\/categories?post=24277"},{"taxonomy":"post_tag","embeddable":true,"href":"https:\/\/www.nonsolomodanews.it\/wordpress\/wp-json\/wp\/v2\/tags?post=24277"}],"curies":[{"name":"wp","href":"https:\/\/api.w.org\/{rel}","templated":true}]}}