{"id":24166,"date":"2023-01-24T06:56:39","date_gmt":"2023-01-24T06:56:39","guid":{"rendered":"https:\/\/www.nonsolomodanews.it\/wordpress\/?p=24166"},"modified":"2023-01-24T06:57:25","modified_gmt":"2023-01-24T06:57:25","slug":"oui-je-suis-sarah-benvenuti-intervista-e-servizio-fotografico-con-la-modella-italo-francese","status":"publish","type":"post","link":"https:\/\/www.nonsolomodanews.it\/wordpress\/oui-je-suis-sarah-benvenuti-intervista-e-servizio-fotografico-con-la-modella-italo-francese\/","title":{"rendered":"Oui, je suis Sarah Benvenuti. Intervista e servizio fotografico con la modella italo-francese"},"content":{"rendered":"<div id=\"attachment_24168\" style=\"width: 210px\" class=\"wp-caption alignleft\"><img loading=\"lazy\" decoding=\"async\" aria-describedby=\"caption-attachment-24168\" class=\"wp-image-24168 size-medium\" src=\"https:\/\/www.nonsolomodanews.it\/wordpress\/wp-content\/uploads\/2023\/01\/10012023-DSC_2153-200x300.jpg\" alt=\"\" width=\"200\" height=\"300\" srcset=\"https:\/\/www.nonsolomodanews.it\/wordpress\/wp-content\/uploads\/2023\/01\/10012023-DSC_2153-200x300.jpg 200w, https:\/\/www.nonsolomodanews.it\/wordpress\/wp-content\/uploads\/2023\/01\/10012023-DSC_2153-684x1024.jpg 684w, https:\/\/www.nonsolomodanews.it\/wordpress\/wp-content\/uploads\/2023\/01\/10012023-DSC_2153-768x1151.jpg 768w, https:\/\/www.nonsolomodanews.it\/wordpress\/wp-content\/uploads\/2023\/01\/10012023-DSC_2153-1025x1536.jpg 1025w, https:\/\/www.nonsolomodanews.it\/wordpress\/wp-content\/uploads\/2023\/01\/10012023-DSC_2153-1080x1618.jpg 1080w, https:\/\/www.nonsolomodanews.it\/wordpress\/wp-content\/uploads\/2023\/01\/10012023-DSC_2153.jpg 1367w\" sizes=\"auto, (max-width: 200px) 100vw, 200px\" \/><p id=\"caption-attachment-24168\" class=\"wp-caption-text\">Copyright Ph. Bruno Angelo Porcellana<\/p><\/div>\n<p><strong>Sarah Benvenuti<\/strong> \u00e8 una modella italo francese, da parte di mamma. Sarah \u00e8 un\u2019artista a 360 gradi. Avendo una parte della famiglia di origini francesi, qualche anno fa ha fatto l\u2019esperienza di vivere a Parigi dove ha iniziato a posare sia per fotografi che per atelier di pittori. L\u2019esperienza \u00e8 stata positiva ma ha deciso di lasciare la \u201cVille Lumiere\u201d e di fare rientro in Italia. Quando non \u00e8 in giro per motivi di lavoro si dedica alle sue passioni che sono il disegno e la pittura. Abbiamo avuto il piacere di conoscerla e le foto che sono a corredo di questa intervista sono state realizzate durante un servizio fotografico \u201cad hoc\u201d. Ringraziamo Sarah e auguriamo ai lettori di <strong>Nonsolomodanews<\/strong> buona lettura e buona visione della gallery allegata.<\/p>\n<p><!--more--><\/p>\n<p><strong>Ciao, benvenuta su Nonsolomodanews, ti vuoi presentare?\u00a0<\/strong> <em>\u201cSono nata il 10 febbraio 1990 a Roma.\u00a0<\/em> <em>Porto una seconda\/terza di seno, taglia 42\/44. Scarpe numero 39. Capelli castani naturali ma li tingo sempre di un rosso intenso mogano, lunghi fino alla vita.\u00a0<\/em> <em>Mia madre \u00e8 francese e mio padre italiano quindi io sono sia italiana che francese. Dopo essermi diplomata all\u2019Accademia Internazionale di Teatro ho voluto approfondire la mia passione del disegno e della pittura. A Parigi nel 2014, dove ho vissuto per circa un anno, ho iniziato a fare varie collaborazioni come modella fino ad oggi\u201d<\/em><\/p>\n<p><strong>Tu sei una studentessa, che cosa vorresti fare da grande?<\/strong> <em>\u201cIo non sono pi\u00f9 una studentessa anche se credo tutti dovrebbero continuare ad imparare dalla vita. Sono grande, ho quasi trentatr\u00e9 anni, per ora vorrei continuare a fare collaborazioni come modella e ogni tanto la figurante in qualche film. Sono iscritta a due agenzie che si occupano di questo. Nel futuro mi immagino fuori dall\u2019Italia ma vivo giorno per giorno.\u201d<\/em><\/p>\n<p><strong>Come sei di carattere?<\/strong> <em>\u201cRiservata, anticonformista, socievole ma molto solitaria\u201d.<\/em><\/p>\n<p><strong>Sei una persona curiosa?\u00a0 <\/strong><em>\u201cS\u00ec, proprio per questo dicevo che secondo me tutti dovremmo continuare ad imparare sempre\u201d.<\/em><\/p>\n<p><strong>Segui la politica? <\/strong><em>\u201cPoco, me ne vergogno ma non riesco ad interessarmi pi\u00f9 di un tot. Credo che per poterne parlare bene bisognerebbe avere un certo grado di conoscenza, io non ce l\u2019ho. Ho una mia idea ovviamente\u201d.<\/em><\/p>\n<p><strong>Qual \u00e8 il tuo colore preferito? <\/strong><em>\u201cRosso\u201d.<\/em><\/p>\n<p><strong>Quali sono le tue passioni?\u00a0<\/strong> <em>\u201cLe case di campagna, i gatti, la tranquillit\u00e0\u201d.<\/em><\/p>\n<p><strong>Quale musica ti piace?\u00a0<\/strong> <em>\u201cSicuramente il cantautorato italiano che mi ha fatto ascoltare mio padre da piccola. De Andr\u00e8, Branduardi, De Gregori, Lucio Dalla e altri posso sentirli a ripetizione senza stancarmi mai, i vicini lo sanno bene poverini. Poi la musica dell\u2019est la chiamo io magari sbagliando: Elina Duni, Hindi Zahra e altri. Ultimamente ascolto sempre gli SYML e i The Lumineers. Vado molto a periodi. Di norma comunque non ascolto musica\u201d.<\/em><\/p>\n<p><strong>Hai un artista che preferisci?<\/strong> <em>\u201cFabrizio De Andr\u00e9\u201d.<\/em><\/p>\n<p><strong>Mare o montagna?<\/strong> <em>\u201cMari e monti\u201d.<\/em><\/p>\n<p><strong>Stagione che preferisci?<\/strong> <em>\u201cAutunno\u201d.<\/em><\/p>\n<p><strong>In una tua fotografia di ritratto che cosa noti immediatamente?<\/strong> <em>\u201cEspressione\u201d.\u201d<\/em><\/p>\n<p><strong>Quali sono le tue sensazioni quando vieni fotografata?<\/strong> <em>\u201cVariano in base al fotografo. Ci\u00f2 che a me interessa \u00e8 che le foto siano vere, che rappresentino ci\u00f2 che si viene a creare\u201d.<\/em><\/p>\n<p><strong>Come ti prepari per uno shooting fotografico?<\/strong> <em>\u201cMi lavo i capelli, li lego in alto e faccio due trecce che sciolgo solo al momento degli scatti. Faccio un trucco che nasconda varie imperfezioni della pelle ma molto naturale. Cerco di riposare bene la sera prima. Preparo una valigetta con qualche cambio, intimo e scarpe\u201d.<\/em><\/p>\n<p><strong>Quali sono i generi fotografici che preferisci?\u00a0<\/strong> <em>\u201cNudo artistico\u201d.<\/em><\/p>\n<p><strong>Un punto di forza del tuo fisico?<\/strong> <em>\u201cLato B\u201d.<\/em><\/p>\n<p><strong>Che cosa \u00e8 per te la moda (fashion)?<\/strong> <em>\u201cLa moda dal punto di vista di chi la crea pu\u00f2 essere una meravigliosa forma d\u2019arte e di espressione. Dal punto di vista di chi la segue pu\u00f2 essere il contrario, una trappola che omologa\u201d.<\/em><\/p>\n<p><strong>Qual \u00e8 il tuo rapporto con la moda?\u00a0<\/strong> <em>\u201cNon seguo la moda, se ci sono dei vestiti o accessori che mi colpiscono allora se ho disponibilit\u00e0 economica li prendo. In generale vado nei mercatini dell\u2019usato\u201d.<\/em><\/p>\n<p><strong>Qual \u00e8 il capo di vestiario che ami di pi\u00f9 e quello di meno?\u00a0<\/strong> <em>\u201cAmo tantissimo i giubbotti, forse meno di tutti i pantaloni\u201d.<\/em><\/p>\n<p><strong>Scarpe basse o tacchi?\u00a0<\/strong> <em>\u201cTacchi, assolutamente\u201d.<\/em><\/p>\n<p><strong>Un accessorio che non manca mai quando esci da casa?<\/strong> <em>\u201cRossetto\u201d.<\/em><\/p>\n<p><strong>Qual \u00e8 il tuo rapporto con la tecnologia visto che siamo permeati?\u00a0<\/strong> <em>\u201cIo la uso per condividere i lavori dei fotografi ed entrare in contatto con altri fotografi\u201d.<\/em><\/p>\n<p><strong>Tu spegni o silenzi il telefonino quando vai a dormire?<\/strong> <em>\u201cNo, ma perch\u00e9 mi scordo\u201d.<\/em><\/p>\n<p><strong>In ordine di preferenza quali sono i tuoi Social preferiti e perch\u00e8?<\/strong> <em>\u201cInstagram avrebbe potuto esserlo, \u00e8 intuitivo sembra un book e non \u00e8 invasivo quando le persone pubblicano ma ha la restrizione della censura quindi nessuno\u201d.<\/em><\/p>\n<p><strong>Che cosa significa inseguire un sogno per te?<\/strong> <em>\u201cInseguire non mi piace come termine, immagino uno che gli corre dietro tutto sudato, credere in un sogno \u00e8 meglio perch\u00e8 contribuisci a creare le condizioni per farlo avverare\u201d.<\/em><\/p>\n<p><strong>Ultima domanda, sogno nel cassetto che desideri realizzare?\u00a0<\/strong> <em>\u201cAvere una grande casa con le vetrate enormi\u201d.<\/em><\/p>\n<p><strong>Grazie!<\/strong><\/p>\n<p style=\"text-align: center;\">I credits delle fotografie appartengono a Bruno Angelo Porcellana<br \/>\nTutti i diritti riservati \u00a9 2023 \u2013 Email: nonsolomodanews@nonsolomodanews.it<style id=\"bwg-style-0\">      #bwg_container1_0 #bwg_container2_0 #bwg_mosaic_thumbnails_div_0 {        width: 100%;        position: relative;        background-color: rgba(255, 255, 255, 0.00);        text-align: center;        justify-content: center;                  margin-left: auto;          margin-right: auto;                    padding-left: 4px;          padding-top: 4px;                }          #bwg_container1_0 #bwg_container2_0 .bwg_mosaic_thumb_spun_0 {        display: block;        position: absolute;\t\t\t\tborder-radius: 0;\t\t\t\tborder: 0px none #CCCCCC;    \t\t    \t\tbackground-color:rgba(0,0,0, 0.30);        -moz-box-sizing: content-box !important;        -webkit-box-sizing: content-box !important;        box-sizing: content-box !important;      }\t\t\t#bwg_container1_0 #bwg_container2_0 .bwg_mosaic_thumb_0 {\t\t\t\tdisplay: block;\t\t\t\t-moz-box-sizing: content-box !important;\t\t\t\t-webkit-box-sizing: content-box !important;\t\t\t\tbox-sizing: content-box !important;\t\t\t\tmargin: 0;\t\t\t\topacity: 1.00;\t\t\t}      #bwg_container1_0 #bwg_container2_0 .bwg_mosaic_thumb_spun_0:hover {        opacity: 1;        backface-visibility: hidden;        -webkit-backface-visibility: hidden;        -moz-backface-visibility: hidden;        -ms-backface-visibility: hidden;        z-index: 102;      }\t      @media only screen and (min-width: 480px) {        #bwg_container1_0 #bwg_container2_0 .bwg_mosaic_thumb_spun_0:hover {          transform: scale(1.1);          -ms-transform: scale(1.1);          -webkit-transform: scale(1.1);        }      }\t      #bwg_container1_0 #bwg_container2_0 .bwg_mosaic_thumbnails_0 {        background-color: rgba(255, 255, 255, 0.00);        font-size: 0;        position: relative;        text-align: center;        display: inline-block;        visibility: hidden;              }\t  \/*image title styles*\/      #bwg_container1_0 #bwg_container2_0 .bwg_mosaic_title_spun1_0,      #bwg_container1_0 #bwg_container2_0 .bwg-mosaic-thumbnails .bwg_ecommerce_spun1_0 {        position: absolute;        display: block;        opacity: 0;        box-sizing: border-box;        text-align: center;\t\t\t\ttop: 50%;\t\t\t\tleft: 50%;\t\t\t\ttransform: translate(-50%, -50%);      }      #bwg_container1_0 #bwg_container2_0 .bwg-mosaic-thumbnails .bwg_mosaic_title_spun2_0,      #bwg_container1_0 #bwg_container2_0 .bwg-mosaic-thumbnails .bwg_ecommerce_spun2_0 {\t\t    color: #CCCCCC;        font-family: segoe ui;        font-size: 16px;        font-weight: bold;        text-shadow: 0px 0px 0px #888888;        vertical-align: middle;        word-wrap: break-word;      }            .bwg_mosaic_play_icon_spun_0 {        display: table;        position: absolute;        left: -10000px;        top: 0px;        opacity: 0;      }      .bwg_mosaic_play_icon_0 {        color: #CCCCCC;        font-size: 32px;        vertical-align: middle;        display: table-cell !important;        z-index: 1;        text-align: center;        margin: 0 auto;      }      #bwg_container1_0 #bwg_container2_0 .bwg_gal_title_0 {        background-color: rgba(0, 0, 0, 0);        color: #323A45;        display: block;        font-family: Ubuntu;        font-size: 16px;        font-weight: bold;        padding: 2px;        text-shadow: ;        text-align: center;      }            @media screen and (max-width: 350px) {      div[class^=\"bwg_mosaic_thumbnails_\"],      span[class^=\"bwg_mosaic_thumb_spun_\"] {      width: 100% !important;      }      img[class^=\"bwg_mosaic_thumb_\"] {      width: 100% !important;      height: auto !important;      margin: 0px auto !important;      }      }      <\/style>    <div id=\"bwg_container1_0\"         class=\"bwg_container bwg_thumbnail bwg_thumbnails_mosaic \"         data-right-click-protection=\"0\"         data-bwg=\"0\"         data-scroll=\"0\"         data-gallery-type=\"thumbnails_mosaic\"         data-gallery-view-type=\"thumbnails_mosaic\"         data-current-url=\"\/wordpress\/wp-json\/wp\/v2\/posts\/24166\"         data-lightbox-url=\"https:\/\/www.nonsolomodanews.it\/wordpress\/wp-admin\/admin-ajax.php?action=GalleryBox&#038;current_view=0&#038;gallery_id=634&#038;tag=0&#038;theme_id=1&#038;shortcode_id=1289&#038;sort_by=filename&#038;order_by=asc&#038;current_url=%2Fwordpress%2Fwp-json%2Fwp%2Fv2%2Fposts%2F24166\"         data-gallery-id=\"634\"         data-popup-width=\"800\"         data-popup-height=\"500\"         data-is-album=\"gallery\"         data-buttons-position=\"bottom\">      <div id=\"bwg_container2_0\">             <div id=\"ajax_loading_0\" class=\"bwg_loading_div_1\">      <div class=\"bwg_loading_div_2\">        <div class=\"bwg_loading_div_3\">          <div id=\"loading_div_0\" class=\"bwg_spider_ajax_loading\">          <\/div>        <\/div>      <\/div>    <\/div>            <form id=\"gal_front_form_0\"              class=\"bwg-hidden\"              method=\"post\"              action=\"#\"              data-current=\"0\"              data-shortcode-id=\"1289\"              data-gallery-type=\"thumbnails_mosaic\"              data-gallery-id=\"634\"              data-tag=\"0\"              data-album-id=\"0\"              data-theme-id=\"1\"              data-ajax-url=\"https:\/\/www.nonsolomodanews.it\/wordpress\/wp-admin\/admin-ajax.php?action=bwg_frontend_data\">          <div id=\"bwg_container3_0\" class=\"bwg-background bwg-background-0\">                <div id=\"bwg_mosaic_thumbnails_div_0\"         class=\"bwg-container-0 bwg-container bwg-mosaic-thumbnails\"         data-bwg=\"0\"         data-mosaic-direction=\"vertical\"         data-resizable=\"0\"         data-width=\"250\"         data-height=\"250\"         data-total-width=\"100\"         data-block-id=\"bwg_thumbnails_mosaic_0\"         data-thumb-padding=\"4\"         data-thumb-border=\"0\"         data-title-margin=\"2px\"         data-image-title=\"none\"         data-play-icon=\"1\"         data-ecommerce-icon=\"none\"         data-gallery-id=\"634\"         data-lightbox-url=\"https:\/\/www.nonsolomodanews.it\/wordpress\/wp-admin\/admin-ajax.php?action=GalleryBox&#038;current_view=0&#038;gallery_id=634&#038;tag=0&#038;theme_id=1&#038;shortcode_id=1289&#038;sort_by=filename&#038;order_by=asc&#038;current_url=%2Fwordpress%2Fwp-json%2Fwp%2Fv2%2Fposts%2F24166\"         data-mosaic-thumb-transition=\"1\"         style=\"visibility: hidden\" >      <div id=\"bwg_thumbnails_mosaic_0\" class=\"bwg_mosaic_thumbnails_0\">                  <a  class=\"bwg-a bwg_lightbox bwg_lightbox_0\" href=\"https:\/\/www.nonsolomodanews.it\/wordpress\/wp-content\/uploads\/photo-gallery\/Sarah_Benvenuti\/10012023-DSC_2153.jpg?bwg=1674543226\" data-image-id=\"34951\" data-elementor-open-lightbox=\"no\">          <div class=\"bwg_mosaic_thumb_spun_0 bwg-item0 bwg-mosaic-thumb-span \">            <img decoding=\"async\" class=\"bwg_mosaic_thumb_0 skip-lazy bwg_img_clear bwg_img_custom \"                 id=\"34951\"                 src=\"https:\/\/www.nonsolomodanews.it\/wordpress\/wp-content\/uploads\/photo-gallery\/Sarah_Benvenuti\/thumb\/10012023-DSC_2153.jpg?bwg=1674543226\"                 data-src=\"https:\/\/www.nonsolomodanews.it\/wordpress\/wp-content\/uploads\/photo-gallery\/Sarah_Benvenuti\/thumb\/10012023-DSC_2153.jpg?bwg=1674543226\"                 data-width=\"801\"                 data-height=\"1200\"                 alt=\"Model Sarah Benvenuti Ph. Bruno Angelo PorcellanaDiritti Riservati\"                 title=\"Model Sarah Benvenuti Ph. Bruno Angelo PorcellanaDiritti Riservati\" \/>                      <\/div>        <\/a>                <a  class=\"bwg-a bwg_lightbox bwg_lightbox_0\" href=\"https:\/\/www.nonsolomodanews.it\/wordpress\/wp-content\/uploads\/photo-gallery\/Sarah_Benvenuti\/10012023-DSC_2192.jpg?bwg=1674543226\" data-image-id=\"34949\" data-elementor-open-lightbox=\"no\">          <div class=\"bwg_mosaic_thumb_spun_0 bwg-item0 bwg-mosaic-thumb-span \">            <img decoding=\"async\" class=\"bwg_mosaic_thumb_0 skip-lazy bwg_img_clear bwg_img_custom \"                 id=\"34949\"                 src=\"https:\/\/www.nonsolomodanews.it\/wordpress\/wp-content\/uploads\/photo-gallery\/Sarah_Benvenuti\/thumb\/10012023-DSC_2192.jpg?bwg=1674543226\"                 data-src=\"https:\/\/www.nonsolomodanews.it\/wordpress\/wp-content\/uploads\/photo-gallery\/Sarah_Benvenuti\/thumb\/10012023-DSC_2192.jpg?bwg=1674543226\"                 data-width=\"1200\"                 data-height=\"801\"                 alt=\"Model Sarah Benvenuti Ph. Bruno Angelo PorcellanaDiritti Riservati\"                 title=\"Model Sarah Benvenuti Ph. Bruno Angelo PorcellanaDiritti Riservati\" \/>                      <\/div>        <\/a>                <a  class=\"bwg-a bwg_lightbox bwg_lightbox_0\" href=\"https:\/\/www.nonsolomodanews.it\/wordpress\/wp-content\/uploads\/photo-gallery\/Sarah_Benvenuti\/10012023-DSC_2210.jpg?bwg=1674543226\" data-image-id=\"34950\" data-elementor-open-lightbox=\"no\">          <div class=\"bwg_mosaic_thumb_spun_0 bwg-item0 bwg-mosaic-thumb-span \">            <img decoding=\"async\" class=\"bwg_mosaic_thumb_0 skip-lazy bwg_img_clear bwg_img_custom \"                 id=\"34950\"                 src=\"https:\/\/www.nonsolomodanews.it\/wordpress\/wp-content\/uploads\/photo-gallery\/Sarah_Benvenuti\/thumb\/10012023-DSC_2210.jpg?bwg=1674543226\"                 data-src=\"https:\/\/www.nonsolomodanews.it\/wordpress\/wp-content\/uploads\/photo-gallery\/Sarah_Benvenuti\/thumb\/10012023-DSC_2210.jpg?bwg=1674543226\"                 data-width=\"801\"                 data-height=\"1200\"                 alt=\"Model Sarah Benvenuti Ph. Bruno Angelo PorcellanaDiritti Riservati\"                 title=\"Model Sarah Benvenuti Ph. Bruno Angelo PorcellanaDiritti Riservati\" \/>                      <\/div>        <\/a>                <a  class=\"bwg-a bwg_lightbox bwg_lightbox_0\" href=\"https:\/\/www.nonsolomodanews.it\/wordpress\/wp-content\/uploads\/photo-gallery\/Sarah_Benvenuti\/10012023-DSC_2221.jpg?bwg=1674543226\" data-image-id=\"34948\" data-elementor-open-lightbox=\"no\">          <div class=\"bwg_mosaic_thumb_spun_0 bwg-item0 bwg-mosaic-thumb-span \">            <img decoding=\"async\" class=\"bwg_mosaic_thumb_0 skip-lazy bwg_img_clear bwg_img_custom \"                 id=\"34948\"                 src=\"https:\/\/www.nonsolomodanews.it\/wordpress\/wp-content\/uploads\/photo-gallery\/Sarah_Benvenuti\/thumb\/10012023-DSC_2221.jpg?bwg=1674543226\"                 data-src=\"https:\/\/www.nonsolomodanews.it\/wordpress\/wp-content\/uploads\/photo-gallery\/Sarah_Benvenuti\/thumb\/10012023-DSC_2221.jpg?bwg=1674543226\"                 data-width=\"801\"                 data-height=\"1200\"                 alt=\"Model Sarah Benvenuti Ph. Bruno Angelo PorcellanaDiritti Riservati\"                 title=\"Model Sarah Benvenuti Ph. Bruno Angelo PorcellanaDiritti Riservati\" \/>                      <\/div>        <\/a>                <a  class=\"bwg-a bwg_lightbox bwg_lightbox_0\" href=\"https:\/\/www.nonsolomodanews.it\/wordpress\/wp-content\/uploads\/photo-gallery\/Sarah_Benvenuti\/10012023-DSC_2240.jpg?bwg=1674543226\" data-image-id=\"34956\" data-elementor-open-lightbox=\"no\">          <div class=\"bwg_mosaic_thumb_spun_0 bwg-item0 bwg-mosaic-thumb-span \">            <img decoding=\"async\" class=\"bwg_mosaic_thumb_0 skip-lazy bwg_img_clear bwg_img_custom \"                 id=\"34956\"                 src=\"https:\/\/www.nonsolomodanews.it\/wordpress\/wp-content\/uploads\/photo-gallery\/Sarah_Benvenuti\/thumb\/10012023-DSC_2240.jpg?bwg=1674543226\"                 data-src=\"https:\/\/www.nonsolomodanews.it\/wordpress\/wp-content\/uploads\/photo-gallery\/Sarah_Benvenuti\/thumb\/10012023-DSC_2240.jpg?bwg=1674543226\"                 data-width=\"1200\"                 data-height=\"801\"                 alt=\"Model Sarah Benvenuti Copyright Ph. Bruno Angelo PorcellanaDiritti Riservati\"                 title=\"Model Sarah Benvenuti Copyright Ph. Bruno Angelo PorcellanaDiritti Riservati\" \/>                      <\/div>        <\/a>                <a  class=\"bwg-a bwg_lightbox bwg_lightbox_0\" href=\"https:\/\/www.nonsolomodanews.it\/wordpress\/wp-content\/uploads\/photo-gallery\/Sarah_Benvenuti\/10012023-DSC_2256.jpg?bwg=1674543226\" data-image-id=\"34947\" data-elementor-open-lightbox=\"no\">          <div class=\"bwg_mosaic_thumb_spun_0 bwg-item0 bwg-mosaic-thumb-span \">            <img decoding=\"async\" class=\"bwg_mosaic_thumb_0 skip-lazy bwg_img_clear bwg_img_custom \"                 id=\"34947\"                 src=\"https:\/\/www.nonsolomodanews.it\/wordpress\/wp-content\/uploads\/photo-gallery\/Sarah_Benvenuti\/thumb\/10012023-DSC_2256.jpg?bwg=1674543226\"                 data-src=\"https:\/\/www.nonsolomodanews.it\/wordpress\/wp-content\/uploads\/photo-gallery\/Sarah_Benvenuti\/thumb\/10012023-DSC_2256.jpg?bwg=1674543226\"                 data-width=\"801\"                 data-height=\"1200\"                 alt=\"Model Sarah Benvenuti Ph. Bruno Angelo PorcellanaDiritti Riservati\"                 title=\"Model Sarah Benvenuti Ph. Bruno Angelo PorcellanaDiritti Riservati\" \/>                      <\/div>        <\/a>                <a  class=\"bwg-a bwg_lightbox bwg_lightbox_0\" href=\"https:\/\/www.nonsolomodanews.it\/wordpress\/wp-content\/uploads\/photo-gallery\/Sarah_Benvenuti\/10012023-DSC_2262.jpg?bwg=1674543226\" data-image-id=\"34946\" data-elementor-open-lightbox=\"no\">          <div class=\"bwg_mosaic_thumb_spun_0 bwg-item0 bwg-mosaic-thumb-span \">            <img decoding=\"async\" class=\"bwg_mosaic_thumb_0 skip-lazy bwg_img_clear bwg_img_custom \"                 id=\"34946\"                 src=\"https:\/\/www.nonsolomodanews.it\/wordpress\/wp-content\/uploads\/photo-gallery\/Sarah_Benvenuti\/thumb\/10012023-DSC_2262.jpg?bwg=1674543226\"                 data-src=\"https:\/\/www.nonsolomodanews.it\/wordpress\/wp-content\/uploads\/photo-gallery\/Sarah_Benvenuti\/thumb\/10012023-DSC_2262.jpg?bwg=1674543226\"                 data-width=\"801\"                 data-height=\"1200\"                 alt=\"Model Sarah Benvenuti Ph. Bruno Angelo PorcellanaDiritti Riservati\"                 title=\"Model Sarah Benvenuti Ph. Bruno Angelo PorcellanaDiritti Riservati\" \/>                      <\/div>        <\/a>                <a  class=\"bwg-a bwg_lightbox bwg_lightbox_0\" href=\"https:\/\/www.nonsolomodanews.it\/wordpress\/wp-content\/uploads\/photo-gallery\/Sarah_Benvenuti\/10012023-DSC_2310.jpg?bwg=1674543226\" data-image-id=\"34954\" data-elementor-open-lightbox=\"no\">          <div class=\"bwg_mosaic_thumb_spun_0 bwg-item0 bwg-mosaic-thumb-span \">            <img decoding=\"async\" class=\"bwg_mosaic_thumb_0 skip-lazy bwg_img_clear bwg_img_custom \"                 id=\"34954\"                 src=\"https:\/\/www.nonsolomodanews.it\/wordpress\/wp-content\/uploads\/photo-gallery\/Sarah_Benvenuti\/thumb\/10012023-DSC_2310.jpg?bwg=1674543226\"                 data-src=\"https:\/\/www.nonsolomodanews.it\/wordpress\/wp-content\/uploads\/photo-gallery\/Sarah_Benvenuti\/thumb\/10012023-DSC_2310.jpg?bwg=1674543226\"                 data-width=\"1200\"                 data-height=\"801\"                 alt=\"Model Sarah Benvenuti CopyrightPh. Bruno Angelo PorcellanaDiritti Riservati\"                 title=\"Model Sarah Benvenuti CopyrightPh. Bruno Angelo PorcellanaDiritti Riservati\" \/>                      <\/div>        <\/a>                <a  class=\"bwg-a bwg_lightbox bwg_lightbox_0\" href=\"https:\/\/www.nonsolomodanews.it\/wordpress\/wp-content\/uploads\/photo-gallery\/Sarah_Benvenuti\/10012023-DSC_2313.jpg?bwg=1674543226\" data-image-id=\"34955\" data-elementor-open-lightbox=\"no\">          <div class=\"bwg_mosaic_thumb_spun_0 bwg-item0 bwg-mosaic-thumb-span \">            <img decoding=\"async\" class=\"bwg_mosaic_thumb_0 skip-lazy bwg_img_clear bwg_img_custom \"                 id=\"34955\"                 src=\"https:\/\/www.nonsolomodanews.it\/wordpress\/wp-content\/uploads\/photo-gallery\/Sarah_Benvenuti\/thumb\/10012023-DSC_2313.jpg?bwg=1674543226\"                 data-src=\"https:\/\/www.nonsolomodanews.it\/wordpress\/wp-content\/uploads\/photo-gallery\/Sarah_Benvenuti\/thumb\/10012023-DSC_2313.jpg?bwg=1674543226\"                 data-width=\"1200\"                 data-height=\"801\"                 alt=\"Model Sarah Benvenuti Copyright Ph. Bruno Angelo PorcellanaDiritti Riservati\"                 title=\"Model Sarah Benvenuti Copyright Ph. Bruno Angelo PorcellanaDiritti Riservati\" \/>                      <\/div>        <\/a>                <a  class=\"bwg-a bwg_lightbox bwg_lightbox_0\" href=\"https:\/\/www.nonsolomodanews.it\/wordpress\/wp-content\/uploads\/photo-gallery\/Sarah_Benvenuti\/10012023-DSC_2314.jpg?bwg=1674543226\" data-image-id=\"34953\" data-elementor-open-lightbox=\"no\">          <div class=\"bwg_mosaic_thumb_spun_0 bwg-item0 bwg-mosaic-thumb-span \">            <img decoding=\"async\" class=\"bwg_mosaic_thumb_0 skip-lazy bwg_img_clear bwg_img_custom \"                 id=\"34953\"                 src=\"https:\/\/www.nonsolomodanews.it\/wordpress\/wp-content\/uploads\/photo-gallery\/Sarah_Benvenuti\/thumb\/10012023-DSC_2314.jpg?bwg=1674543226\"                 data-src=\"https:\/\/www.nonsolomodanews.it\/wordpress\/wp-content\/uploads\/photo-gallery\/Sarah_Benvenuti\/thumb\/10012023-DSC_2314.jpg?bwg=1674543226\"                 data-width=\"801\"                 data-height=\"1200\"                 alt=\"Model Sarah Benvenuti Ph. Bruno Angelo PorcellanaDiritti Riservati\"                 title=\"Model Sarah Benvenuti Ph. Bruno Angelo PorcellanaDiritti Riservati\" \/>                      <\/div>        <\/a>                <a  class=\"bwg-a bwg_lightbox bwg_lightbox_0\" href=\"https:\/\/www.nonsolomodanews.it\/wordpress\/wp-content\/uploads\/photo-gallery\/Sarah_Benvenuti\/10012023-DSC_2391.jpg?bwg=1674543226\" data-image-id=\"34945\" data-elementor-open-lightbox=\"no\">          <div class=\"bwg_mosaic_thumb_spun_0 bwg-item0 bwg-mosaic-thumb-span \">            <img decoding=\"async\" class=\"bwg_mosaic_thumb_0 skip-lazy bwg_img_clear bwg_img_custom \"                 id=\"34945\"                 src=\"https:\/\/www.nonsolomodanews.it\/wordpress\/wp-content\/uploads\/photo-gallery\/Sarah_Benvenuti\/thumb\/10012023-DSC_2391.jpg?bwg=1674543226\"                 data-src=\"https:\/\/www.nonsolomodanews.it\/wordpress\/wp-content\/uploads\/photo-gallery\/Sarah_Benvenuti\/thumb\/10012023-DSC_2391.jpg?bwg=1674543226\"                 data-width=\"801\"                 data-height=\"1200\"                 alt=\"Model Sarah Benvenuti Ph. Bruno Angelo PorcellanaDiritti Riservati\"                 title=\"Model Sarah Benvenuti Ph. Bruno Angelo PorcellanaDiritti Riservati\" \/>                      <\/div>        <\/a>                <a  class=\"bwg-a bwg_lightbox bwg_lightbox_0\" href=\"https:\/\/www.nonsolomodanews.it\/wordpress\/wp-content\/uploads\/photo-gallery\/Sarah_Benvenuti\/10012023-DSC_2896.jpg?bwg=1674543226\" data-image-id=\"34952\" data-elementor-open-lightbox=\"no\">          <div class=\"bwg_mosaic_thumb_spun_0 bwg-item0 bwg-mosaic-thumb-span \">            <img decoding=\"async\" class=\"bwg_mosaic_thumb_0 skip-lazy bwg_img_clear bwg_img_custom \"                 id=\"34952\"                 src=\"https:\/\/www.nonsolomodanews.it\/wordpress\/wp-content\/uploads\/photo-gallery\/Sarah_Benvenuti\/thumb\/10012023-DSC_2896.jpg?bwg=1674543226\"                 data-src=\"https:\/\/www.nonsolomodanews.it\/wordpress\/wp-content\/uploads\/photo-gallery\/Sarah_Benvenuti\/thumb\/10012023-DSC_2896.jpg?bwg=1674543226\"                 data-width=\"801\"                 data-height=\"1200\"                 alt=\"Model Sarah Benvenuti Ph. Bruno Angelo PorcellanaDiritti Riservati\"                 title=\"Model Sarah Benvenuti Ph. Bruno Angelo PorcellanaDiritti Riservati\" \/>                      <\/div>        <\/a>                <a  class=\"bwg-a bwg_lightbox bwg_lightbox_0\" href=\"https:\/\/www.nonsolomodanews.it\/wordpress\/wp-content\/uploads\/photo-gallery\/Sarah_Benvenuti\/10012023-DSC_2916.jpg?bwg=1674543226\" data-image-id=\"34944\" data-elementor-open-lightbox=\"no\">          <div class=\"bwg_mosaic_thumb_spun_0 bwg-item0 bwg-mosaic-thumb-span \">            <img decoding=\"async\" class=\"bwg_mosaic_thumb_0 skip-lazy bwg_img_clear bwg_img_custom \"                 id=\"34944\"                 src=\"https:\/\/www.nonsolomodanews.it\/wordpress\/wp-content\/uploads\/photo-gallery\/Sarah_Benvenuti\/thumb\/10012023-DSC_2916.jpg?bwg=1674543226\"                 data-src=\"https:\/\/www.nonsolomodanews.it\/wordpress\/wp-content\/uploads\/photo-gallery\/Sarah_Benvenuti\/thumb\/10012023-DSC_2916.jpg?bwg=1674543226\"                 data-width=\"801\"                 data-height=\"1200\"                 alt=\"Model Sarah Benvenuti Ph. Bruno Angelo PorcellanaDiritti Riservati\"                 title=\"Model Sarah Benvenuti Ph. Bruno Angelo PorcellanaDiritti Riservati\" \/>                      <\/div>        <\/a>                <a  class=\"bwg-a bwg_lightbox bwg_lightbox_0\" href=\"https:\/\/www.nonsolomodanews.it\/wordpress\/wp-content\/uploads\/photo-gallery\/Sarah_Benvenuti\/10012023-DSC_2922.jpg?bwg=1674543226\" data-image-id=\"34940\" data-elementor-open-lightbox=\"no\">          <div class=\"bwg_mosaic_thumb_spun_0 bwg-item0 bwg-mosaic-thumb-span \">            <img decoding=\"async\" class=\"bwg_mosaic_thumb_0 skip-lazy bwg_img_clear bwg_img_custom \"                 id=\"34940\"                 src=\"https:\/\/www.nonsolomodanews.it\/wordpress\/wp-content\/uploads\/photo-gallery\/Sarah_Benvenuti\/thumb\/10012023-DSC_2922.jpg?bwg=1674543226\"                 data-src=\"https:\/\/www.nonsolomodanews.it\/wordpress\/wp-content\/uploads\/photo-gallery\/Sarah_Benvenuti\/thumb\/10012023-DSC_2922.jpg?bwg=1674543226\"                 data-width=\"801\"                 data-height=\"1200\"                 alt=\"Model Sarah Benvenuti Ph. Bruno Angelo PorcellanaDiritti Riservati\"                 title=\"Model Sarah Benvenuti Ph. Bruno Angelo PorcellanaDiritti Riservati\" \/>                      <\/div>        <\/a>                <a  class=\"bwg-a bwg_lightbox bwg_lightbox_0\" href=\"https:\/\/www.nonsolomodanews.it\/wordpress\/wp-content\/uploads\/photo-gallery\/Sarah_Benvenuti\/10012023-DSC_2977.jpg?bwg=1674543226\" data-image-id=\"34941\" data-elementor-open-lightbox=\"no\">          <div class=\"bwg_mosaic_thumb_spun_0 bwg-item0 bwg-mosaic-thumb-span \">            <img decoding=\"async\" class=\"bwg_mosaic_thumb_0 skip-lazy bwg_img_clear bwg_img_custom \"                 id=\"34941\"                 src=\"https:\/\/www.nonsolomodanews.it\/wordpress\/wp-content\/uploads\/photo-gallery\/Sarah_Benvenuti\/thumb\/10012023-DSC_2977.jpg?bwg=1674543226\"                 data-src=\"https:\/\/www.nonsolomodanews.it\/wordpress\/wp-content\/uploads\/photo-gallery\/Sarah_Benvenuti\/thumb\/10012023-DSC_2977.jpg?bwg=1674543226\"                 data-width=\"801\"                 data-height=\"1200\"                 alt=\"Model Sarah Benvenuti Ph. Bruno Angelo PorcellanaDiritti Riservati\"                 title=\"Model Sarah Benvenuti Ph. Bruno Angelo PorcellanaDiritti Riservati\" \/>                      <\/div>        <\/a>                <a  class=\"bwg-a bwg_lightbox bwg_lightbox_0\" href=\"https:\/\/www.nonsolomodanews.it\/wordpress\/wp-content\/uploads\/photo-gallery\/Sarah_Benvenuti\/10012023-DSC_2983.jpg?bwg=1674543226\" data-image-id=\"34943\" data-elementor-open-lightbox=\"no\">          <div class=\"bwg_mosaic_thumb_spun_0 bwg-item0 bwg-mosaic-thumb-span \">            <img decoding=\"async\" class=\"bwg_mosaic_thumb_0 skip-lazy bwg_img_clear bwg_img_custom \"                 id=\"34943\"                 src=\"https:\/\/www.nonsolomodanews.it\/wordpress\/wp-content\/uploads\/photo-gallery\/Sarah_Benvenuti\/thumb\/10012023-DSC_2983.jpg?bwg=1674543226\"                 data-src=\"https:\/\/www.nonsolomodanews.it\/wordpress\/wp-content\/uploads\/photo-gallery\/Sarah_Benvenuti\/thumb\/10012023-DSC_2983.jpg?bwg=1674543226\"                 data-width=\"801\"                 data-height=\"1200\"                 alt=\"Model Sarah Benvenuti Ph. Bruno Angelo PorcellanaDiritti Riservati\"                 title=\"Model Sarah Benvenuti Ph. Bruno Angelo PorcellanaDiritti Riservati\" \/>                      <\/div>        <\/a>                <a  class=\"bwg-a bwg_lightbox bwg_lightbox_0\" href=\"https:\/\/www.nonsolomodanews.it\/wordpress\/wp-content\/uploads\/photo-gallery\/Sarah_Benvenuti\/10012023-DSC_2993.jpg?bwg=1674543226\" data-image-id=\"34942\" data-elementor-open-lightbox=\"no\">          <div class=\"bwg_mosaic_thumb_spun_0 bwg-item0 bwg-mosaic-thumb-span \">            <img decoding=\"async\" class=\"bwg_mosaic_thumb_0 skip-lazy bwg_img_clear bwg_img_custom \"                 id=\"34942\"                 src=\"https:\/\/www.nonsolomodanews.it\/wordpress\/wp-content\/uploads\/photo-gallery\/Sarah_Benvenuti\/thumb\/10012023-DSC_2993.jpg?bwg=1674543226\"                 data-src=\"https:\/\/www.nonsolomodanews.it\/wordpress\/wp-content\/uploads\/photo-gallery\/Sarah_Benvenuti\/thumb\/10012023-DSC_2993.jpg?bwg=1674543226\"                 data-width=\"1200\"                 data-height=\"801\"                 alt=\"Model Sarah Benvenuti Ph. Bruno Angelo PorcellanaDiritti Riservati\"                 title=\"Model Sarah Benvenuti Ph. Bruno Angelo PorcellanaDiritti Riservati\" \/>                      <\/div>        <\/a>                <a  class=\"bwg-a bwg_lightbox bwg_lightbox_0\" href=\"https:\/\/www.nonsolomodanews.it\/wordpress\/wp-content\/uploads\/photo-gallery\/Sarah_Benvenuti\/10012023-DSC_3051_vogue.jpg?bwg=1674543226\" data-image-id=\"34939\" data-elementor-open-lightbox=\"no\">          <div class=\"bwg_mosaic_thumb_spun_0 bwg-item0 bwg-mosaic-thumb-span \">            <img decoding=\"async\" class=\"bwg_mosaic_thumb_0 skip-lazy bwg_img_clear bwg_img_custom \"                 id=\"34939\"                 src=\"https:\/\/www.nonsolomodanews.it\/wordpress\/wp-content\/uploads\/photo-gallery\/Sarah_Benvenuti\/thumb\/10012023-DSC_3051_vogue.jpg?bwg=1674543226\"                 data-src=\"https:\/\/www.nonsolomodanews.it\/wordpress\/wp-content\/uploads\/photo-gallery\/Sarah_Benvenuti\/thumb\/10012023-DSC_3051_vogue.jpg?bwg=1674543226\"                 data-width=\"1200\"                 data-height=\"801\"                 alt=\"Model Sarah Benvenuti Ph. Bruno Angelo PorcellanaDiritti Riservati\"                 title=\"Model Sarah Benvenuti Ph. Bruno Angelo PorcellanaDiritti Riservati\" \/>                      <\/div>        <\/a>                <a  class=\"bwg-a bwg_lightbox bwg_lightbox_0\" href=\"https:\/\/www.nonsolomodanews.it\/wordpress\/wp-content\/uploads\/photo-gallery\/Sarah_Benvenuti\/10012023-DSC_3085_vogue.jpg?bwg=1674543226\" data-image-id=\"34938\" data-elementor-open-lightbox=\"no\">          <div class=\"bwg_mosaic_thumb_spun_0 bwg-item0 bwg-mosaic-thumb-span \">            <img decoding=\"async\" class=\"bwg_mosaic_thumb_0 skip-lazy bwg_img_clear bwg_img_custom \"                 id=\"34938\"                 src=\"https:\/\/www.nonsolomodanews.it\/wordpress\/wp-content\/uploads\/photo-gallery\/Sarah_Benvenuti\/thumb\/10012023-DSC_3085_vogue.jpg?bwg=1674543226\"                 data-src=\"https:\/\/www.nonsolomodanews.it\/wordpress\/wp-content\/uploads\/photo-gallery\/Sarah_Benvenuti\/thumb\/10012023-DSC_3085_vogue.jpg?bwg=1674543226\"                 data-width=\"801\"                 data-height=\"1200\"                 alt=\"Model Sarah Benvenuti Ph. Bruno Angelo PorcellanaDiritti Riservati\"                 title=\"Model Sarah Benvenuti Ph. Bruno Angelo PorcellanaDiritti Riservati\" \/>                      <\/div>        <\/a>            <\/div>    <\/div>    <style>      \/*pagination styles*\/      #bwg_container1_0 #bwg_container2_0 .tablenav-pages_0 {\t\t\t\ttext-align: center;\t\t\t\tfont-size: 12px;\t\t\t\tfont-family: segoe ui;\t\t\t\tfont-weight: bold;\t\t\t\tcolor: #666666;\t\t\t\tmargin: 6px 0 4px;\t\t\t\tdisplay: block;      }      @media only screen and (max-width : 320px) {      #bwg_container1_0 #bwg_container2_0 .displaying-num_0 {     \t display: none;      }      }      #bwg_container1_0 #bwg_container2_0 .displaying-num_0 {\t\t\t\tfont-size: 12px;\t\t\t\tfont-family: segoe ui;\t\t\t\tfont-weight: bold;\t\t\t\tcolor: #666666;\t\t\t\tmargin-right: 10px;\t\t\t\tvertical-align: middle;      }      #bwg_container1_0 #bwg_container2_0 .paging-input_0 {\t\t\t\tfont-size: 12px;\t\t\t\tfont-family: segoe ui;\t\t\t\tfont-weight: bold;\t\t\t\tcolor: #666666;\t\t\t\tvertical-align: middle;      }      #bwg_container1_0 #bwg_container2_0 .tablenav-pages_0 a.disabled,      #bwg_container1_0 #bwg_container2_0 .tablenav-pages_0 a.disabled:hover,      #bwg_container1_0 #bwg_container2_0 .tablenav-pages_0 a.disabled:focus,\t\t\t#bwg_container1_0 #bwg_container2_0 .tablenav-pages_0 input.bwg_current_page {\t\t\t\tcursor: default;\t\t\t\tcolor: rgba(102, 102, 102, 0.5);      }      #bwg_container1_0 #bwg_container2_0 .tablenav-pages_0 a,      #bwg_container1_0 #bwg_container2_0 .tablenav-pages_0 input.bwg_current_page {\t\t\t\tcursor: pointer;\t\t\t\ttext-align: center;\t\t\t\tfont-size: 12px;\t\t\t\tfont-family: segoe ui;\t\t\t\tfont-weight: bold;\t\t\t\tcolor: #666666;\t\t\t\ttext-decoration: none;\t\t\t\tpadding: 3px 6px;\t\t\t\tmargin: 0;\t\t\t\tborder-radius: 0;\t\t\t\tborder-style: solid;\t\t\t\tborder-width: 1px;\t\t\t\tborder-color: #E3E3E3;\t\t\t\t\t\t\t\tbackground-color: rgba(255, 255, 255, 1.00);\t\t\t\tbox-shadow: 0;\t\t\t\ttransition: all 0.3s ease 0s;-webkit-transition: all 0.3s ease 0s;      }      <\/style>      <span class=\"bwg_nav_cont_0\">              <div class=\"tablenav-pages_0\">                  <\/div>                <input type=\"hidden\" id=\"page_number_0\" name=\"page_number_0\" value=\"1\" \/>      <script type=\"text\/javascript\">        if( jQuery('.bwg_nav_cont_0').length > 1 ) {          jQuery('.bwg_nav_cont_0').first().remove()        }        function spider_page_0(cur, x, y, load_more) {          if (typeof load_more == \"undefined\") {            var load_more = false;          }          if (jQuery(cur).hasClass('disabled')) {            return false;          }          var items_county_0 = 1;          switch (y) {            case 1:              if (x >= items_county_0) {                document.getElementById('page_number_0').value = items_county_0;              }              else {                document.getElementById('page_number_0').value = x + 1;              }              break;            case 2:              document.getElementById('page_number_0').value = items_county_0;              break;            case -1:              if (x == 1) {                document.getElementById('page_number_0').value = 1;              }              else {                document.getElementById('page_number_0').value = x - 1;              }              break;            case -2:              document.getElementById('page_number_0').value = 1;              break;\t\t\t\t\t\tcase 0:              document.getElementById('page_number_0').value = x;              break;            default:              document.getElementById('page_number_0').value = 1;          }          bwg_ajax('gal_front_form_0', '0', 'bwg_thumbnails_mosaic_0', '0', '', 'gallery', 0, '', '', load_more, '', 1);        }                    jQuery('.first-page-0').on('click', function () {              spider_page_0(this, 1, -2, 'numeric');              return false;            });            jQuery('.prev-page-0').on('click', function () {              spider_page_0(this, 1, -1, 'numeric');              return false;            });            jQuery('.next-page-0').on('click', function () {              spider_page_0(this, 1, 1, 'numeric');              return false;            });            jQuery('.last-page-0').on('click', function () {              spider_page_0(this, 1, 2, 'numeric');              return false;            });        \t\t\t\t\/* Change page on input enter. *\/        function bwg_change_page_0( e, that ) {          if (  e.key == 'Enter' ) {            var to_page = parseInt(jQuery(that).val());            var pages_count = jQuery(that).parents(\".pagination-links\").data(\"pages-count\");            var current_url_param = jQuery(that).attr('data-url-info');            if (to_page > pages_count) {              to_page = 1;            }\t \t\t\t\t\t\t\t\t\t\t\t\tspider_page_0(this, to_page, 0, 'numeric');\t\t\t\t\t\t\treturn false;\t\t\t\t\t\t          }          return true;        }        jQuery('.bwg_load_btn_0').on('click', function () {            spider_page_0(this, 1, 1, true);            return false;        });      <\/script>      <\/span>                <\/div>        <\/form>        <style>          #bwg_container1_0 #bwg_container2_0 #spider_popup_overlay_0 {          background-color: #000000;          opacity: 0.70;          }          <\/style>        <div id=\"bwg_spider_popup_loading_0\" class=\"bwg_spider_popup_loading\"><\/div>        <div id=\"spider_popup_overlay_0\" class=\"spider_popup_overlay\" onclick=\"spider_destroypopup(1000)\"><\/div>        <input type=\"hidden\" id=\"bwg_random_seed_0\" value=\"381667720\">                <\/div>    <\/div>    <script>      if (document.readyState === 'complete') {        if( typeof bwg_main_ready == 'function' ) {          if ( jQuery(\"#bwg_container1_0\").height() ) {            bwg_main_ready(jQuery(\"#bwg_container1_0\"));          }        }      } else {        document.addEventListener('DOMContentLoaded', function() {          if( typeof bwg_main_ready == 'function' ) {            if ( jQuery(\"#bwg_container1_0\").height() ) {             bwg_main_ready(jQuery(\"#bwg_container1_0\"));            }          }        });      }    <\/script>    <\/p>\n<p>&nbsp;<\/p>\n","protected":false},"excerpt":{"rendered":"<p>Sarah Benvenuti &egrave; una modella italo francese, da parte di mamma. Sarah &egrave; un&rsquo;artista a 360 gradi. Avendo una parte della famiglia di origini francesi, qualche anno fa ha fatto l&rsquo;esperienza di vivere a Parigi dove ha iniziato a posare sia per fotografi che per atelier di pittori. L&rsquo;esperienza &egrave; stata positiva ma ha deciso di lasciare la &ldquo;Ville Lumiere&rdquo; e di fare rientro in Italia. Quando non &egrave; in giro per motivi di lavoro si dedica alle sue passioni che sono il disegno e la pittura. Abbiamo avuto il piacere di conoscerla e le foto che sono a corredo di questa intervista sono state realizzate durante un servizio fotografico &ldquo;ad hoc&rdquo;. Ringraziamo Sarah e auguriamo ai lettori di Nonsolomodanews buona lettura e buona visione della gallery allegata.<\/p>\n","protected":false},"author":1,"featured_media":24170,"comment_status":"open","ping_status":"open","sticky":false,"template":"","format":"standard","meta":{"rop_custom_images_group":[],"rop_custom_messages_group":[],"rop_publish_now":"initial","rop_publish_now_accounts":[],"rop_publish_now_history":[],"rop_publish_now_status":"pending","footnotes":""},"categories":[16],"tags":[281,819,1036,1099,1242,9252],"class_list":["post-24166","post","type-post","status-publish","format-standard","has-post-thumbnail","hentry","category-articolo","tag-bruno-angelo-porcellana","tag-lazio","tag-modella","tag-nonsolomodanews","tag-roma","tag-sarah-benvenuti"],"_links":{"self":[{"href":"https:\/\/www.nonsolomodanews.it\/wordpress\/wp-json\/wp\/v2\/posts\/24166","targetHints":{"allow":["GET"]}}],"collection":[{"href":"https:\/\/www.nonsolomodanews.it\/wordpress\/wp-json\/wp\/v2\/posts"}],"about":[{"href":"https:\/\/www.nonsolomodanews.it\/wordpress\/wp-json\/wp\/v2\/types\/post"}],"author":[{"embeddable":true,"href":"https:\/\/www.nonsolomodanews.it\/wordpress\/wp-json\/wp\/v2\/users\/1"}],"replies":[{"embeddable":true,"href":"https:\/\/www.nonsolomodanews.it\/wordpress\/wp-json\/wp\/v2\/comments?post=24166"}],"version-history":[{"count":5,"href":"https:\/\/www.nonsolomodanews.it\/wordpress\/wp-json\/wp\/v2\/posts\/24166\/revisions"}],"predecessor-version":[{"id":24179,"href":"https:\/\/www.nonsolomodanews.it\/wordpress\/wp-json\/wp\/v2\/posts\/24166\/revisions\/24179"}],"wp:featuredmedia":[{"embeddable":true,"href":"https:\/\/www.nonsolomodanews.it\/wordpress\/wp-json\/wp\/v2\/media\/24170"}],"wp:attachment":[{"href":"https:\/\/www.nonsolomodanews.it\/wordpress\/wp-json\/wp\/v2\/media?parent=24166"}],"wp:term":[{"taxonomy":"category","embeddable":true,"href":"https:\/\/www.nonsolomodanews.it\/wordpress\/wp-json\/wp\/v2\/categories?post=24166"},{"taxonomy":"post_tag","embeddable":true,"href":"https:\/\/www.nonsolomodanews.it\/wordpress\/wp-json\/wp\/v2\/tags?post=24166"}],"curies":[{"name":"wp","href":"https:\/\/api.w.org\/{rel}","templated":true}]}}