{"id":24146,"date":"2023-01-23T23:50:52","date_gmt":"2023-01-23T23:50:52","guid":{"rendered":"https:\/\/www.nonsolomodanews.it\/wordpress\/?p=24146"},"modified":"2023-01-23T23:50:52","modified_gmt":"2023-01-23T23:50:52","slug":"centergross-in-passerella-la-primavera-estate-2023-qualita-made-in-italy-e-nessun-aumento-dei-prezzi","status":"publish","type":"post","link":"https:\/\/www.nonsolomodanews.it\/wordpress\/centergross-in-passerella-la-primavera-estate-2023-qualita-made-in-italy-e-nessun-aumento-dei-prezzi\/","title":{"rendered":"CENTERGROSS: IN PASSERELLA LA PRIMAVERA ESTATE 2023 &#8211; QUALIT\u00c0 MADE IN ITALY E NESSUN AUMENTO DEI PREZZI"},"content":{"rendered":"<p><img loading=\"lazy\" decoding=\"async\" class=\"size-medium wp-image-24159 alignleft\" src=\"https:\/\/www.nonsolomodanews.it\/wordpress\/wp-content\/uploads\/2023\/01\/327168966_729431408496345_8044507112209876413_n-1-225x300.jpg\" alt=\"\" width=\"225\" height=\"300\" srcset=\"https:\/\/www.nonsolomodanews.it\/wordpress\/wp-content\/uploads\/2023\/01\/327168966_729431408496345_8044507112209876413_n-1-225x300.jpg 225w, https:\/\/www.nonsolomodanews.it\/wordpress\/wp-content\/uploads\/2023\/01\/327168966_729431408496345_8044507112209876413_n-1-768x1024.jpg 768w, https:\/\/www.nonsolomodanews.it\/wordpress\/wp-content\/uploads\/2023\/01\/327168966_729431408496345_8044507112209876413_n-1.jpg 960w\" sizes=\"auto, (max-width: 225px) 100vw, 225px\" \/>CENTERGROSS: IN PASSERELLA LA PRIMAVERA ESTATE 2023 &#8211; QUALIT\u00c0 MADE IN ITALY E NESSUN AUMENTO DEI PREZZI &#8211; Il colosso italiano del Pronto Moda sfida il carovita in aiuto a famiglie e filiera<\/p>\n<p>Il 1 Febbraio alle 18.30 al Teatro Arena del Sole di Bologna va in scena la sfilata \u201cSummer in Italy\u201d ispirata al binomio \u201cModa e Arte\u201d. In passerella le collezioni uomo di ADM Revolution, Karl Mommoo Homme, Takeshy Kurosawa; la donna di Angela Davis, Gil Santucci, King Kong, J.B4, Souvenir, e gli abiti di Rinascimento e Rinascimento Curvy che vestiranno le Puppini Sisters, ospiti musicali della serata. L\u2019evento \u00e8 organizzato da Centergross, il pi\u00f9 grande distretto italiano del Pronto Moda che conferma la decisione condivisa dalle aziende di mantenere invariati i prezzi nonostante i rincari di energia e materie prime, a sostegno delle famiglie e della filiera.<\/p>\n<p><!--more--><\/p>\n<p>Bologna apre le danze dell\u2019anno nuovo con la sfilata <strong>Summer in Italy<\/strong> di Centergross, il primo dei grandi eventi che la vedono al centro di creativit\u00e0 e industria internazionale. Il 2023 si inaugura con la grande novit\u00e0 della collettiva &#8211; la prima dedicata alle collezioni primavera-estate finalmente in presenza sotto la guida del Presidente <strong>Piero Scandellari<\/strong> &#8211; che si terr\u00e0 mercoled\u00ec 1 febbraio 2023 alle ore 18.30 al Teatro Arena del Sole, in via dell\u2019Indipendenza, nel cuore di Bologna. L\u2019appuntamento con la moda espressa dal pi\u00f9 importante polo europeo della Moda Pronta, in linea con la cadenza delle stagioni dettata dal mercato del tessile, raddoppia e raccoglie nuovamente gli addetti ai lavori, stampa e buyers attorno alla coralit\u00e0 di un messaggio fortemente positivo, che lascia intravedere ottime prospettive economiche del comparto. Archiviata definitivamente la parentesi della pandemia, il mercato registra infatti una netta ripresa e il Centergross conferma l\u2019atto di fiducia della rete del retail verso questa tipologia di produzione di qualit\u00e0 Made in Italy, a prezzi competitivi, molto vicina alle esigenze del trade per servizi, tempistiche e contenuti fashion in linea con le macrotendenze della moda. Ma quest\u2019anno fa di pi\u00f9: i brand di Centergross \u2013 nonostante i rincari che non risparmiano nessun settore \u2013 hanno deciso di mantenere invariati i loro prezzi perch\u00e9 la moda possa continuare ad essere un sogno possibile anche in un momento di difficolt\u00e0 economica come questo. Collezioni di grande tendenza dai fortissimi contenuti moda, velocit\u00e0 di realizzazione e di distribuzione, riassortimento continuo di collezioni, qualit\u00e0 del prodotto sempre a prezzi accessibili rimangono dunque i capisaldi di un distretto unico nel suo genere.<\/p>\n<p>La sfilata collettiva organizzata da Centergross ha come tema portante \u201cModa e Arte\u201d che da sempre si contaminano a vicenda, offrendo scambi di spunti che esaltano la creativit\u00e0 Made in Italy. Ogni brand in passerella avr\u00e0 come spunto per la selezione di outfit l\u2019opera di un artista. Saranno presentate le collezioni Uomo e Donna della Primavera Estate 2023, con conferme e new entry: l\u2019uomo di Takeshy Kurosawa, ADM Revolution, Karl Mommoo Homme; la donna di Souvenir, Gil Santucci, King Kong, Angela Davis, J.B4. Gli abiti di Rinascimento e Rinascimento Curvy vestiranno le Puppini Sisters, trio musicale femminile fondato a Londra da un\u2019artista bolognese, Marcella Puppini, protagonista sofisticata dei generi Swing e Jazz, eseguiti con il tipico canto armonizzato \u201ca cappella\u201d degli Anni Quaranta. Dal loro esordio nel 2004, il gruppo ha alle spalle 6 album e 4 nuovi successi autoprodotti e a Bologna si esibiranno in una straordinaria performance artistica.<\/p>\n<p>Una sfilata corale tutta da scoprire sotto la direzione artistica di <strong>Roberto Corbelli<\/strong> e la supervisione del Project Manager <strong>Riccardo Collina<\/strong> in un viaggio nella bellezza accessibile. Un grande spettacolo dove Moda, Musica e Arte si intrecciano e in cui Bologna si conferma capitale internazionale del Pronto Moda Made in Italy.<\/p>\n<div id=\"attachment_24162\" style=\"width: 310px\" class=\"wp-caption aligncenter\"><img loading=\"lazy\" decoding=\"async\" aria-describedby=\"caption-attachment-24162\" class=\"wp-image-24162 size-medium\" src=\"https:\/\/www.nonsolomodanews.it\/wordpress\/wp-content\/uploads\/2023\/01\/Marco-Panieri-Vice-Sindaco-Metropolitano-della-citta-Metropolitana-di-Bologna-e-Piero-Scandellari-Presidente-Centergross-copia-300x191.jpg\" alt=\"\" width=\"300\" height=\"191\" srcset=\"https:\/\/www.nonsolomodanews.it\/wordpress\/wp-content\/uploads\/2023\/01\/Marco-Panieri-Vice-Sindaco-Metropolitano-della-citta-Metropolitana-di-Bologna-e-Piero-Scandellari-Presidente-Centergross-copia-300x191.jpg 300w, https:\/\/www.nonsolomodanews.it\/wordpress\/wp-content\/uploads\/2023\/01\/Marco-Panieri-Vice-Sindaco-Metropolitano-della-citta-Metropolitana-di-Bologna-e-Piero-Scandellari-Presidente-Centergross-copia-1024x651.jpg 1024w, https:\/\/www.nonsolomodanews.it\/wordpress\/wp-content\/uploads\/2023\/01\/Marco-Panieri-Vice-Sindaco-Metropolitano-della-citta-Metropolitana-di-Bologna-e-Piero-Scandellari-Presidente-Centergross-copia-768x488.jpg 768w, https:\/\/www.nonsolomodanews.it\/wordpress\/wp-content\/uploads\/2023\/01\/Marco-Panieri-Vice-Sindaco-Metropolitano-della-citta-Metropolitana-di-Bologna-e-Piero-Scandellari-Presidente-Centergross-copia-1536x976.jpg 1536w, https:\/\/www.nonsolomodanews.it\/wordpress\/wp-content\/uploads\/2023\/01\/Marco-Panieri-Vice-Sindaco-Metropolitano-della-citta-Metropolitana-di-Bologna-e-Piero-Scandellari-Presidente-Centergross-copia-1080x686.jpg 1080w, https:\/\/www.nonsolomodanews.it\/wordpress\/wp-content\/uploads\/2023\/01\/Marco-Panieri-Vice-Sindaco-Metropolitano-della-citta-Metropolitana-di-Bologna-e-Piero-Scandellari-Presidente-Centergross-copia.jpg 1920w\" sizes=\"auto, (max-width: 300px) 100vw, 300px\" \/><p id=\"caption-attachment-24162\" class=\"wp-caption-text\">Marco Panieri (sx) e Piero Scandellari (dx)<\/p><\/div>\n<p>Per <strong>Piero Scandellari,<\/strong> presidente Centergross &#8220;<em>la realizzazione della sfilata collettiva \u00e8 un investimento notevole sia per Centergross e le sue aziende che per le istituzioni che lo sostengono, in forma di partecipazione collettiva di tutti gli attori. Anche questa edizione conferma la scelta strategica di Centergross quale capofila del progetto di realizzazione del Polo Internazionale del Pronto Moda a Bologna e sta lavorando, attraverso gli eventi come Summer in Italy e Winter Melody \u2013 i nostri eventi di punta per la presentazione delle collezioni dei nostri brand &#8211; ad altre iniziative per attivare il coinvolgimento di tutte le istituzioni e soggetti del territorio. Attraverso questo network si verr\u00e0 a creare un vero e proprio &lt;&lt;Tavolo di Lavoro&gt;&gt; in cui tutti questi strategici players potranno operare assieme facendo rete, facendo sistema dunque con la Regione Emilia Romagna \u2013 gli assessori Vincenzo Colla e Andrea Corsini, Citt\u00e0 Metropolitana di Bologna, Comune di Bologna, CNA, Confindustria e tutte le associazioni di categoria. Stiamo lavorando per rendere operativo questo progetto che consolider\u00e0 il ruolo centrale del Polo del Pronto moda bolognese. La volont\u00e0 dell&#8217;iniziativa \u00e8 partita proprio da Centergross, che \u00e8 la realt\u00e0 pi\u00f9 rappresentativa a livello nazionale e internazionale. Gli imprenditori del Centergross credono molto in questo progetto che non solo consente loro di presentare le collezioni primavera estate ed autunno\/inverno, ma di comunicare che fanno parte di un piano pi\u00f9 ampio respiro per un ruolo centrale a livello internazionale. Questo consentir\u00e0 alla citt\u00e0 di Bologna di tornare ad essere eccellenza riconosciuta del segmento del Pronto Moda e che il Centergross acquisti ancor pi\u00f9 importanza e centralit\u00e0 nel settore moda, che in Emilia Romagna annovera il maggior numero di addetti rispetto alle altre regioni italiane&#8221;.<\/em><\/p>\n<p><em>\u201cRingrazio il presidente Scandellari e Centergross per l&#8217;invito a questa conferenza stampa perch\u00e9 il Polo Internazionale del Pronto Moda \u00e8 un progetto molto importante, che rappresenta un milione di metri quadri e 700 aziende \u2013 <\/em>ha affermato <strong>Marco Panieri,<\/strong> Vice Sindaco Metropolitano della citt\u00e0 Metropolitana di Bologna con delega allo Sviluppo economico, Commercio, Attivit\u00e0 produttive e Societ\u00e0 partecipate<em> -. L&#8217;occasione \u00e8 quella di ribadire quanto dobbiamo lavorare insieme come istituzioni per favorire le sinergie legate al mondo della Fashion Valley nell&#8217;Emilia Romagna, ma soprattutto nella citt\u00e0 metropolitana di Bologna. L\u2019impegno che abbiamo preso \u00e8 quello del Tavolo della Moda come tavolo per la ripresa: il Pronto Moda ha un importantissimo valore per la sua ricaduta sul territorio proprio perch\u00e9 la filiera \u00e8 molto corta, sostiene tante imprese e famiglie e quindi ha una rilevante valenza sociale, economica e per la sostenibilit\u00e0 della regione. I due eventi organizzati da Centergross &#8211; Winter Melody a settembre e ora Summer in Italy il 1 febbraio &#8211; sono una grande occasione per presentare le nuove collezioni quindi ringraziamo le imprese che fanno parte di questo evento perch\u00e9 rappresentano sicuramente la Fashion Valley e quello che vogliamo esprimere anche in maniera pi\u00f9 grande, il cuore di dell&#8217;Italia e del Made in Italy\u201d.<\/em><\/p>\n<p>All\u2019evento si potr\u00e0 assistere anche in diretta streaming sulle piattaforme ufficiali di Centergross (Sito internet, e profili social di Instagram e Facebook).<\/p>\n<p>PRESS OFFICE CENTERGROSS<br \/>\nMaria Grazia Vernuccio<br \/>\nT +39 0223163426 &#8211; M +39 3351282864 &#8211; E mariagrazia.vernuccio@mgvcommunication.it<\/p>\n<p><strong>A proposito di Centergross<\/strong><br \/>\nCentergross rappresenta la pi\u00f9 grande area commerciale Business-to-business europea della Moda Pronta italiana: 1 milione di metri quadri la superficie totale, di cui 400mila area espositiva e 100mila metri quadri dedicati ad area uffici e servizi. 700 le attivit\u00e0 commerciali di livello nazionale ed internazionale di cui oltre 400 brand moda, aziende tessili e accessori, e il resto riferito ai settori di commercio, meccanica, alta tecnologia e fornitori di servizi a imprese e professionisti. Il volume di affari annuo \u00e8 di 5 miliardi di euro di cui 3,5 relativo alla moda e 60% riferito all\u2019export. Centergross conta 6mila lavoratori diretti (a cui si aggiunge l\u2019indotto). Ogni giorno accedono a Centergross migliaia di compratori e addetti ai lavori.<br \/>\nNato nel 1977 alle porte di Bologna, negli anni ha assunto sempre pi\u00f9 le funzioni di un vero e proprio Smart Center, mettendo a disposizione delle aziende servizi, know how, occasioni per fare networking e la sua rete di rapporti economici e istituzionali creando valore a livello locale, nazionale e internazionale. Caratteristiche che fanno di Centergross il luogo ideale per fare business.<\/p>\n<p style=\"text-align: center;\">Tutti i diritti riservati \u00a9 2023 \u2013 Email: nonsolomodanews@gmail.com<\/p>\n","protected":false},"excerpt":{"rendered":"<p>CENTERGROSS: IN PASSERELLA LA PRIMAVERA ESTATE 2023 &ndash; QUALIT&Agrave; MADE IN ITALY E NESSUN AUMENTO DEI PREZZI &ndash; Il colosso italiano del Pronto Moda sfida il carovita in aiuto a famiglie e filiera Il 1 Febbraio alle 18.30 al Teatro Arena del Sole di Bologna va in scena la sfilata &ldquo;Summer in Italy&rdquo; ispirata al binomio &ldquo;Moda e Arte&rdquo;. In passerella le collezioni uomo di ADM Revolution, Karl Mommoo Homme, Takeshy Kurosawa; la donna di Angela Davis, Gil Santucci, King Kong, J.B4, Souvenir, e gli abiti di Rinascimento e Rinascimento Curvy che vestiranno le Puppini Sisters, ospiti musicali della serata. L&rsquo;evento &egrave; organizzato da Centergross, il pi&ugrave; grande distretto italiano del Pronto Moda che conferma la decisione condivisa dalle aziende di mantenere invariati i prezzi nonostante i rincari di energia e materie prime, a sostegno delle famiglie e della filiera.<\/p>\n","protected":false},"author":1,"featured_media":24158,"comment_status":"open","ping_status":"open","sticky":false,"template":"","format":"standard","meta":{"rop_custom_images_group":[],"rop_custom_messages_group":[],"rop_publish_now":"initial","rop_publish_now_accounts":[],"rop_publish_now_history":[],"rop_publish_now_status":"pending","footnotes":""},"categories":[16],"tags":[281,372,9249,1099,9013,9251,9250],"class_list":["post-24146","post","type-post","status-publish","format-standard","has-post-thumbnail","hentry","category-articolo","tag-bruno-angelo-porcellana","tag-comunicato-stampa-2","tag-marco-panieri","tag-nonsolomodanews","tag-piero-scandellari","tag-riccardo-collina","tag-roberto-corbelli"],"_links":{"self":[{"href":"https:\/\/www.nonsolomodanews.it\/wordpress\/wp-json\/wp\/v2\/posts\/24146","targetHints":{"allow":["GET"]}}],"collection":[{"href":"https:\/\/www.nonsolomodanews.it\/wordpress\/wp-json\/wp\/v2\/posts"}],"about":[{"href":"https:\/\/www.nonsolomodanews.it\/wordpress\/wp-json\/wp\/v2\/types\/post"}],"author":[{"embeddable":true,"href":"https:\/\/www.nonsolomodanews.it\/wordpress\/wp-json\/wp\/v2\/users\/1"}],"replies":[{"embeddable":true,"href":"https:\/\/www.nonsolomodanews.it\/wordpress\/wp-json\/wp\/v2\/comments?post=24146"}],"version-history":[{"count":5,"href":"https:\/\/www.nonsolomodanews.it\/wordpress\/wp-json\/wp\/v2\/posts\/24146\/revisions"}],"predecessor-version":[{"id":24164,"href":"https:\/\/www.nonsolomodanews.it\/wordpress\/wp-json\/wp\/v2\/posts\/24146\/revisions\/24164"}],"wp:featuredmedia":[{"embeddable":true,"href":"https:\/\/www.nonsolomodanews.it\/wordpress\/wp-json\/wp\/v2\/media\/24158"}],"wp:attachment":[{"href":"https:\/\/www.nonsolomodanews.it\/wordpress\/wp-json\/wp\/v2\/media?parent=24146"}],"wp:term":[{"taxonomy":"category","embeddable":true,"href":"https:\/\/www.nonsolomodanews.it\/wordpress\/wp-json\/wp\/v2\/categories?post=24146"},{"taxonomy":"post_tag","embeddable":true,"href":"https:\/\/www.nonsolomodanews.it\/wordpress\/wp-json\/wp\/v2\/tags?post=24146"}],"curies":[{"name":"wp","href":"https:\/\/api.w.org\/{rel}","templated":true}]}}