{"id":24009,"date":"2022-12-08T19:42:06","date_gmt":"2022-12-08T19:42:06","guid":{"rendered":"https:\/\/www.nonsolomodanews.it\/wordpress\/?p=24009"},"modified":"2022-12-08T19:42:33","modified_gmt":"2022-12-08T19:42:33","slug":"giorgio-de-chirico-e-roberto-ferri-due-mostre-a-palazzo-pallavicini","status":"publish","type":"post","link":"https:\/\/www.nonsolomodanews.it\/wordpress\/giorgio-de-chirico-e-roberto-ferri-due-mostre-a-palazzo-pallavicini\/","title":{"rendered":"Giorgio de Chirico e Roberto Ferri, due mostre a Palazzo Pallavicini"},"content":{"rendered":"<p><img loading=\"lazy\" decoding=\"async\" class=\"size-medium wp-image-23925 alignleft\" src=\"https:\/\/www.nonsolomodanews.it\/wordpress\/wp-content\/uploads\/2022\/11\/inv.-138-Le-muse-inquietanti-1974-olio-su-tela-65x50-cm-firmata-g.-de-Chirico-1924-229x300.jpg\" alt=\"\" width=\"229\" height=\"300\" srcset=\"https:\/\/www.nonsolomodanews.it\/wordpress\/wp-content\/uploads\/2022\/11\/inv.-138-Le-muse-inquietanti-1974-olio-su-tela-65x50-cm-firmata-g.-de-Chirico-1924-229x300.jpg 229w, https:\/\/www.nonsolomodanews.it\/wordpress\/wp-content\/uploads\/2022\/11\/inv.-138-Le-muse-inquietanti-1974-olio-su-tela-65x50-cm-firmata-g.-de-Chirico-1924-783x1024.jpg 783w, https:\/\/www.nonsolomodanews.it\/wordpress\/wp-content\/uploads\/2022\/11\/inv.-138-Le-muse-inquietanti-1974-olio-su-tela-65x50-cm-firmata-g.-de-Chirico-1924-768x1004.jpg 768w, https:\/\/www.nonsolomodanews.it\/wordpress\/wp-content\/uploads\/2022\/11\/inv.-138-Le-muse-inquietanti-1974-olio-su-tela-65x50-cm-firmata-g.-de-Chirico-1924-1175x1536.jpg 1175w, https:\/\/www.nonsolomodanews.it\/wordpress\/wp-content\/uploads\/2022\/11\/inv.-138-Le-muse-inquietanti-1974-olio-su-tela-65x50-cm-firmata-g.-de-Chirico-1924-1080x1412.jpg 1080w, https:\/\/www.nonsolomodanews.it\/wordpress\/wp-content\/uploads\/2022\/11\/inv.-138-Le-muse-inquietanti-1974-olio-su-tela-65x50-cm-firmata-g.-de-Chirico-1924.jpg 1566w\" sizes=\"auto, (max-width: 229px) 100vw, 229px\" \/><\/p>\n<p><img loading=\"lazy\" decoding=\"async\" class=\"alignleft wp-image-23911 size-medium\" src=\"https:\/\/www.nonsolomodanews.it\/wordpress\/wp-content\/uploads\/2022\/11\/5.-Salmace-ed-Ermafrodito-olio-su-tavola-diametro-100-cm-2009-\u24b8-2022-Roberto-Ferri-All-right-reserved-244x300.jpg\" alt=\"\" width=\"244\" height=\"300\" srcset=\"https:\/\/www.nonsolomodanews.it\/wordpress\/wp-content\/uploads\/2022\/11\/5.-Salmace-ed-Ermafrodito-olio-su-tavola-diametro-100-cm-2009-\u24b8-2022-Roberto-Ferri-All-right-reserved-244x300.jpg 244w, https:\/\/www.nonsolomodanews.it\/wordpress\/wp-content\/uploads\/2022\/11\/5.-Salmace-ed-Ermafrodito-olio-su-tavola-diametro-100-cm-2009-\u24b8-2022-Roberto-Ferri-All-right-reserved-834x1024.jpg 834w, https:\/\/www.nonsolomodanews.it\/wordpress\/wp-content\/uploads\/2022\/11\/5.-Salmace-ed-Ermafrodito-olio-su-tavola-diametro-100-cm-2009-\u24b8-2022-Roberto-Ferri-All-right-reserved-768x944.jpg 768w, https:\/\/www.nonsolomodanews.it\/wordpress\/wp-content\/uploads\/2022\/11\/5.-Salmace-ed-Ermafrodito-olio-su-tavola-diametro-100-cm-2009-\u24b8-2022-Roberto-Ferri-All-right-reserved-1250x1536.jpg 1250w, https:\/\/www.nonsolomodanews.it\/wordpress\/wp-content\/uploads\/2022\/11\/5.-Salmace-ed-Ermafrodito-olio-su-tavola-diametro-100-cm-2009-\u24b8-2022-Roberto-Ferri-All-right-reserved-1667x2048.jpg 1667w, https:\/\/www.nonsolomodanews.it\/wordpress\/wp-content\/uploads\/2022\/11\/5.-Salmace-ed-Ermafrodito-olio-su-tavola-diametro-100-cm-2009-\u24b8-2022-Roberto-Ferri-All-right-reserved-1080x1327.jpg 1080w\" sizes=\"auto, (max-width: 244px) 100vw, 244px\" \/><\/p>\n<p>Presso le sale del palazzo Pallavicini in via San Felice, 24 a Bologna, sono in corso due mostre di altissimo livello artistico: una dedicata a Giorgio de Chirico dal titolo <strong>\u201cDE CHIRICO E L\u2019OLTRE<\/strong>\u201d \u00a0Dalla stagione \u00abbarocca\u00bb alla neometafisica (1938-1978)\u00a0<strong>fino al 12 Marzo 2023 (*) <\/strong>e un\u2019altra dedicata all\u2019artista Roberto Ferri dal titolo <strong>\u201cROBERTO FERRI\u201d <\/strong>\u2013 anch\u2019essa visitabile fino al 12 Marzo 2023 (**).<\/p>\n<p><!--more--><\/p>\n<p>Due belle mostre che si possono essere visitate o singolarmente o entrambe acquistando un biglietto unico. Le sale del palazzo Pallavicini (che affonda le sue radici nel Quattrocento bolognese) sono belle ed accoglienti e i lavori esposti sia di Giorgio De Chirico che di Roberto Ferri vengono esaltati in questi ampi spazi espositivi.<\/p>\n<p>Abbiamo iniziato dalla mostra di De Chirico per una questione storica, essendo l\u2019artista morto nel 1978 all\u2019et\u00e0 di 90 anni. La mostra \u00e8 suddivisa in 6 sale, 3 dedicate alla stagione \u201cbarocca\u201d, una agli autoritratti e altre due, le ultime, alla stagione neometafisica. Non \u00e8 il nostro scopo quello di scoprire un autore come de Chirico farlo conoscere ma il nostro scopo \u00e8 quello di raccontare ci\u00f2 che ci accade e proviamo guardando le opere esposte nelle sei sale e in modo particolare quelle dedicate alla stagione neometafisica. Il periodo compreso va dal 1968 al 1978, anno della sua morte. A differenza dei dipinti degli inizi del \u2018900 (Metafisica) questi sono pi\u00f9 colorati come ricorda la curatrice della mostra, inoltre, ci sono alcuni motivi nuovi come le ombre seghettate presenti in vari dipinti, tra i quali colpisce il cavaliere nel quadro \u201cRitorno al castello\u201d avito. In questo quadro De Chirico lascia la lunga stagione pittorica che si rif\u00e0 a Rubens (chiamata rubensiana) e torna a quello che aveva chiamato il misticismo della linea, che ammirava nei Greci (lui nato e cresciuto in Grecia prima di trasferirsi in Italia). Un altro quadro famoso e che non passa inosservato \u00e8 Ettore ed Andromaca. La tensione della scena, come riporta la curatrice della mostra, \u00e8 acuita dalla disumanit\u00e0 delle due sagome, dalla loro fisionomia ortopedica, dal loro volto senza occhi (cosa che si vede in molte opere di questo periodo di Giorgio De Chirico) e che, a nostro parere, ne rendeno immediatamente identificabile lo stile del maestro.<\/p>\n<p>La mostra di Roberto Ferri, artista di origini tarantine, dal titolo \u201cROBERTO FERRI\u201d la si pu\u00f2 vedere nel lato sinistro del palazzo Pallavicini. Cinque sale che danno risalto ai lavori del maestro pugliese. Ferri \u00e8 un artista a tutto tondo, laureato all\u2019Accademia di Belle Arti Roma\u201d con 110 e lode, corso di scenografia. Ferri in questi anni, oltre a lavorare alle proprie opere delle quali molte esposte in mostra, ha alle spalle collaborazioni importanti e mostre di livello che hanno avuto tra i supervisori Vittorio Sgarbi, attuale Sottosegretario per la Cultura al Ministero dei Beni Culturali. Le opere esposte sono quasi tutte molto grandi e di impatto. Dipinti che rappresentano corpi umani che sembrano fotografie luci e ombre che ne danno la forma, quasi come se fossero persone viventi. La luce si fa tramite del pensiero, materia pittorica, vero e proprio strumento di rivelazione (cit.) da Caravaggio, Vermeer, Turner fino a Rotchko. Il sacro e profano per Ferri \u00e8, una reinterpretazione, del classico sulla base delle proprie sensazioni e sensibilit\u00e0. Il ritorno alle origini dell\u2019uomo e della donna, con rappresentazioni di corpi maschili e femminili spesso scoperti o coperti solo con lenzuola. La pittura di Ferri \u00e8 varia e spazia molto ed \u00e8 d\u2019impatto. Per lui, che ogni opera \u00e8 un autoritratto, la bellezza \u00e8 sinonimo di purezza dell\u2019anima si contrappone la deformazione fisica, che rappresenta il deturpamento, il depauperamento e la perdita dell\u2019anima. Gli studi, i bozzetti, le opere esposte sono permeate da tutto quello che la storia dell\u2019arte ci ha trasferito fino ai giorni nostri, ovviamente con una sensibilit\u00e0 tutta personale che fa si che opere che si potrebbero rifare a un periodo storico particolare, in verit\u00e0 sono state molto \u201cattualizzate\u201d con l\u2019inserimento di allegorie che rendono le opere di Ferri \u201cunicum\u201d nel panorama artistico italiano.<\/p>\n<p>Bruno Angelo Porcellana<\/p>\n<p>(*) La mostra dal titolo <a href=\"https:\/\/www.nonsolomodanews.it\/wordpress\/mostra-de-chirico-e-loltre-bologna-palazzo-pallavicini-13-ottobre-2022-12-marzo-2023\/\">\u201c<em>De Chirico e l\u2019oltre. Dalla stagione \u00abbarocca\u00bb alla neometafisica (1938-1978)<\/em>\u201d<\/a> a cura di\u00a0<strong>Elena Pontiggia<\/strong>\u00a0e\u00a0<strong>Francesca Bogliolo<\/strong>, \u00e8 prodotta e organizzata da\u00a0<strong>Pallavicini Srl\u00a0<\/strong>di\u00a0<strong>Chiara Campagnoli, Deborah Petroni\u00a0<\/strong>e<strong>\u00a0Rubens Fogacci\u00a0<\/strong>in collaborazione con la\u00a0<strong>Fondazione Giorgio e Isa de Chirico\u00a0<\/strong>e raccoglie un prestigioso corpus di opere del pittore tra i pi\u00f9 influenti e riconosciuti del Novecento italiano.<\/p>\n<p>(**) La mostra, <a href=\"https:\/\/www.nonsolomodanews.it\/wordpress\/mostra-di-roberto-ferri-palazzo-pallavicini-20-ottobre-2022-12-marzo-2023\/\">&#8220;ROBERTO FERRI&#8221;<\/a> \u00e8 patrocinata dalla Regione Emilia-Romagna e dal Comune di Bologna, \u00e8 curata da Francesca Bogliolo e prodotta e organizzata da Pallavicini Srl di Chiara Campagnoli, Deborah Petroni e Rubens Fogacci con il contributo di Liquid art system di Franco Senesi. Sessanta opere uniche \u2013 quaranta oli su tela e venti disegni \u2013 rappresentative della poetica visiva dell\u2019artista Roberto Ferri, trovano spazio all\u2019interno di prestigiose sale di Palazzo Pallavicini, aperte al pubblico in rare occasioni.<\/p>\n<p><strong>INFORMAZIONI UTILI<\/strong><\/p>\n<p>Date:\u00a0<strong>13.10.2022\u00a0<\/strong>\u2013\u00a0<strong>12.03.2023<\/strong><br \/>\nPalazzo Pallavicini, Via San Felice 24 \u2013 40122 Bologna<\/p>\n<p>Aperto da gioved\u00ec a domenica \/ ore 11.00-20.00<br \/>\nLa biglietteria chiude 1 ora prima (ore 19.00 ultimo ingresso)<\/p>\n<p><strong>\u00a0<\/strong><br \/>\nInfo biglietti e aperture straordinarie<br \/>\n<a href=\"https:\/\/www.palazzopallavicini.com\/de-chirico\/\">www.palazzopallavicini.com<\/a><br \/>\n<strong>\u00a0<\/strong><br \/>\n<strong>PALAZZO PALLAVICINI<\/strong><br \/>\nContatti:\u00a0<a href=\"mailto:info@palazzopallavicini.com\">info@palazzopallavicini.com<\/a>\u00a0|+39 331 347 1504<br \/>\n<a href=\"http:\/\/www.instagram.com\/palazzopallavicini\/\">Instagram<\/a><br \/>\n<a href=\"http:\/\/www.facebook.com\/palazzopallavicini\">Facebook<\/a><\/p>\n<p>&nbsp;<\/p>\n<p>&nbsp;<\/p>\n<p style=\"text-align: center;\">\u00a0<a href=\"mailto:press@palazzopallavicini.com\">press@palazzopallavicini.com<\/a>\/<a href=\"mailto:press@giuliagiliberti.it\">press@giuliagiliberti.it<\/a><br \/>\nTutti i diritti riservati \u00a9 2022 \u2013 Email:\u00a0<a href=\"mailto:nonsolomodanews@gmail.com\">nonsolomodanews@gmail.com<\/a><\/p>\n<div id=\"bwg_container1_0\" class=\"bwg_container bwg_thumbnail bwg_thumbnails_mosaic\" data-right-click-protection=\"0\" data-bwg=\"0\" data-gallery-type=\"thumbnails_mosaic\" data-current-url=\"https:\/\/www.nonsolomodanews.it\/wordpress\/mostra-de-chirico-e-loltre-bologna-palazzo-pallavicini-13-ottobre-2022-12-marzo-2023\/\" data-lightbox-url=\"https:\/\/www.nonsolomodanews.it\/wordpress\/wp-admin\/admin-ajax.php?action=GalleryBox&amp;current_view=0&amp;gallery_id=625&amp;tag=0&amp;theme_id=1&amp;shortcode_id=1265&amp;sort_by=filename&amp;order_by=asc&amp;current_url=https%3A%2F%2Fwww.nonsolomodanews.it%2Fwordpress%2Fmostra-de-chirico-e-loltre-bologna-palazzo-pallavicini-13-ottobre-2022-12-marzo-2023%2F\" data-gallery-id=\"625\" data-popup-width=\"800\" data-popup-height=\"500\" data-is-album=\"gallery\" data-buttons-position=\"bottom\">\n<div id=\"bwg_container2_0\">\n<div id=\"ajax_loading_0\" class=\"bwg_loading_div_1 bwg-hidden\">\n<div class=\"bwg_loading_div_2\">\n<div class=\"bwg_loading_div_3\">\n<div id=\"loading_div_0\" class=\"bwg_spider_ajax_loading\"><\/div>\n<\/div>\n<\/div>\n<\/div>\n<form id=\"gal_front_form_0\" class=\"\" action=\"https:\/\/www.nonsolomodanews.it\/wordpress\/mostra-de-chirico-e-loltre-bologna-palazzo-pallavicini-13-ottobre-2022-12-marzo-2023\/#\" method=\"post\" data-current=\"0\" data-shortcode-id=\"1265\" data-gallery-type=\"thumbnails_mosaic\" data-gallery-id=\"625\" data-tag=\"0\" data-album-id=\"0\" data-theme-id=\"1\" data-ajax-url=\"https:\/\/www.nonsolomodanews.it\/wordpress\/wp-admin\/admin-ajax.php?action=bwg_frontend_data\">\n<div id=\"bwg_container3_0\" class=\"bwg-background bwg-background-0\">\n<div id=\"bwg_mosaic_thumbnails_div_0\" class=\"bwg-container-0 bwg-container bwg-mosaic-thumbnails\" data-bwg=\"0\" data-mosaic-direction=\"vertical\" data-resizable=\"0\" data-width=\"250\" data-height=\"250\" data-total-width=\"100\" data-block-id=\"bwg_thumbnails_mosaic_0\" data-thumb-padding=\"4\" data-thumb-border=\"0\" data-title-margin=\"2px\" data-image-title=\"none\" data-play-icon=\"1\" data-ecommerce-icon=\"none\" data-gallery-id=\"625\" data-lightbox-url=\"https:\/\/www.nonsolomodanews.it\/wordpress\/wp-admin\/admin-ajax.php?action=GalleryBox&amp;current_view=0&amp;gallery_id=625&amp;tag=0&amp;theme_id=1&amp;shortcode_id=1265&amp;sort_by=filename&amp;order_by=asc&amp;current_url=https%3A%2F%2Fwww.nonsolomodanews.it%2Fwordpress%2Fmostra-de-chirico-e-loltre-bologna-palazzo-pallavicini-13-ottobre-2022-12-marzo-2023%2F\" data-mosaic-thumb-transition=\"1\">\n<div id=\"bwg_thumbnails_mosaic_0\" class=\"bwg_mosaic_thumbnails_0\">\n<div class=\"bwg_mosaic_thumb_spun_0 bwg-item0 bwg-mosaic-thumb-span \"><\/div>\n<\/div>\n<\/div>\n<\/div>\n<\/form>\n<\/div>\n<\/div>\n<p>&nbsp;<\/p>\n","protected":false},"excerpt":{"rendered":"<p>Presso le sale del palazzo Pallavicini in via San Felice, 24 a Bologna, sono in corso due mostre di altissimo livello artistico: una dedicata a Giorgio de Chirico dal titolo &ldquo;DE CHIRICO E L&rsquo;OLTRE&rdquo; &nbsp;Dalla stagione &laquo;barocca&raquo; alla neometafisica (1938-1978)&nbsp;fino al 12 Marzo 2023 (*) e un&rsquo;altra dedicata all&rsquo;artista Roberto Ferri dal titolo &ldquo;ROBERTO FERRI&rdquo; &ndash; anch&rsquo;essa visitabile fino al 12 Marzo 2023 (**).<\/p>\n","protected":false},"author":1,"featured_media":24010,"comment_status":"open","ping_status":"open","sticky":false,"template":"","format":"standard","meta":{"rop_custom_images_group":[],"rop_custom_messages_group":[],"rop_publish_now":"initial","rop_publish_now_accounts":[],"rop_publish_now_history":[],"rop_publish_now_status":"pending","footnotes":""},"categories":[16],"tags":[281,9211,1054,1099,2480,9175],"class_list":["post-24009","post","type-post","status-publish","format-standard","has-post-thumbnail","hentry","category-articolo","tag-bruno-angelo-porcellana","tag-giorgio-de-chirico","tag-mostra-2","tag-nonsolomodanews","tag-palazzo-pallavicini","tag-roberto-ferri"],"_links":{"self":[{"href":"https:\/\/www.nonsolomodanews.it\/wordpress\/wp-json\/wp\/v2\/posts\/24009","targetHints":{"allow":["GET"]}}],"collection":[{"href":"https:\/\/www.nonsolomodanews.it\/wordpress\/wp-json\/wp\/v2\/posts"}],"about":[{"href":"https:\/\/www.nonsolomodanews.it\/wordpress\/wp-json\/wp\/v2\/types\/post"}],"author":[{"embeddable":true,"href":"https:\/\/www.nonsolomodanews.it\/wordpress\/wp-json\/wp\/v2\/users\/1"}],"replies":[{"embeddable":true,"href":"https:\/\/www.nonsolomodanews.it\/wordpress\/wp-json\/wp\/v2\/comments?post=24009"}],"version-history":[{"count":2,"href":"https:\/\/www.nonsolomodanews.it\/wordpress\/wp-json\/wp\/v2\/posts\/24009\/revisions"}],"predecessor-version":[{"id":24012,"href":"https:\/\/www.nonsolomodanews.it\/wordpress\/wp-json\/wp\/v2\/posts\/24009\/revisions\/24012"}],"wp:featuredmedia":[{"embeddable":true,"href":"https:\/\/www.nonsolomodanews.it\/wordpress\/wp-json\/wp\/v2\/media\/24010"}],"wp:attachment":[{"href":"https:\/\/www.nonsolomodanews.it\/wordpress\/wp-json\/wp\/v2\/media?parent=24009"}],"wp:term":[{"taxonomy":"category","embeddable":true,"href":"https:\/\/www.nonsolomodanews.it\/wordpress\/wp-json\/wp\/v2\/categories?post=24009"},{"taxonomy":"post_tag","embeddable":true,"href":"https:\/\/www.nonsolomodanews.it\/wordpress\/wp-json\/wp\/v2\/tags?post=24009"}],"curies":[{"name":"wp","href":"https:\/\/api.w.org\/{rel}","templated":true}]}}