{"id":23978,"date":"2022-12-06T19:03:06","date_gmt":"2022-12-06T19:03:06","guid":{"rendered":"https:\/\/www.nonsolomodanews.it\/wordpress\/?p=23978"},"modified":"2022-12-06T19:06:31","modified_gmt":"2022-12-06T19:06:31","slug":"torna-ban-nadel-con-una-raccolta-di-fondi-a-favore-di-cucine-popolari","status":"publish","type":"post","link":"https:\/\/www.nonsolomodanews.it\/wordpress\/torna-ban-nadel-con-una-raccolta-di-fondi-a-favore-di-cucine-popolari\/","title":{"rendered":"Torna\u00a0B\u00e5n Nad\u00e8l\u00a0con una raccolta di fondi a favore di\u00a0\u201cCucine Popolari\u201d\u00a0\u00a0\u00a0\u00a0"},"content":{"rendered":"<p><strong><img loading=\"lazy\" decoding=\"async\" class=\"size-medium wp-image-23981 alignleft\" src=\"https:\/\/www.nonsolomodanews.it\/wordpress\/wp-content\/uploads\/2022\/12\/unnamed-2-300x225.jpg\" alt=\"\" width=\"300\" height=\"225\" srcset=\"https:\/\/www.nonsolomodanews.it\/wordpress\/wp-content\/uploads\/2022\/12\/unnamed-2-300x225.jpg 300w, https:\/\/www.nonsolomodanews.it\/wordpress\/wp-content\/uploads\/2022\/12\/unnamed-2.jpg 640w\" sizes=\"auto, (max-width: 300px) 100vw, 300px\" \/>Torna\u00a0B\u00e5n Nad\u00e8l\u00a0con una raccolta di fondi a favore di\u00a0<em>\u201cCucine Popolari\u201d<\/em><\/strong>\u00a0 &#8211; <strong><em>Un inedito CD di canzoni natalizie in vendita a 5 euro, una lotteria con oltre 70 premi in palio, il 15 dicembre tutti in Piazza Lucio Dalla per una grande festa con musica dal vivo e i panini alla Mortadella Bologna IGP il cui ricavato (insieme a quello della vendita CD) contribuir\u00e0 a finanziare i progetti di solidariet\u00e0 di \u201cCucine Popolari\u201d<\/em><\/strong><\/p>\n<p><!--more--><\/p>\n<p><em>Bologna, 5 dicembre 2022<\/em>\u00a0&#8211; Una nuova originale edizione, la terza, per\u00a0<strong>\u201cBan Nad\u00e8l\u201d<\/strong>\u00a0l\u2019iniziativa dedicata alla raccolta di fondi per progetti di solidariet\u00e0 attraverso la musica, l\u2019ironia e lo \u201cslang\u201d bolognese. Questa volta con un CD di canzoni inedite dedicate al Natale e una\u00a0<strong>estrazione di premi<\/strong>\u00a0(oltre 70 quelli in palio), il cui ricavato sar\u00e0 interamente a favore delle\u00a0<a href=\"https:\/\/www.cucinepopolari.org\/\"><strong>Cucine Popolari<\/strong><\/a>, nella cornice di un divertentissimo spettacolo in\u00a0<strong>Piazza Lucio Dalla Gioved\u00ec 15 Dicembre alle ore 18,30.\u00a0<\/strong><\/p>\n<p><strong>Vito, Duilio Pizzocchi, Gianni Fantoni, il Duo Idea, Danilo Masotti<\/strong>, affiancati da una madrina d\u2019eccezione, la chef Ambassador\u00a0<strong>Marisa Maffeo<\/strong>, con la conduzione di\u00a0<strong>Franz Campi\u00a0<\/strong>e<strong>\u00a0Mauro Malaguti<\/strong>, animeranno la scoppiettante estrazione finale grazie ad una gara di solidariet\u00e0 che vede in prima fila il\u00a0<strong>Consorzio italiano tutela Mortadella Bologna<\/strong>,\u00a0<strong>Tossani infortunistica,<\/strong>\u00a0<strong>Emilbanca, I Brunelleschi Parrucchieri\u00a0<\/strong>e tante aziende, imprenditori e ristoratori che hanno voluto augurare ai bolognesi, anche a quelli meno fortunati, un felice Natale.<\/p>\n<p><strong>Roberto Morgantini<\/strong>, delle\u00a0<strong>Cucine Popolari,\u00a0<\/strong>spiega che<em>\u00a0&#8220;In questo momento cos\u00ec difficile siamo arrivati a servire 600 pasti al giorno a persone che non possono permetterseli. A causa della complicata congiuntura economica sono anche diminuite le donazioni e abbiamo bisogno di acquistare carne, tonno e altri alimenti piuttosto cari. L\u2019iniziativa di \u201cBan Nadel\u201d l\u2019accogliamo con un grande sorriso perch\u00e9 pu\u00f2 darci una mano a sostenere queste spese. Ci auguriamo che i cittadini di Bologna comprendano la situazione e partecipino generosamente. E poi ci sar\u00e0 la festa del 15 dicembre in cui divertirci con i tanti comici presenti e scambiarci gli auguri di Natale mangiando panini alla Mortadella e bevendo vin brul\u00e8 in un clima di partecipata solidariet\u00e0. Desidero ringraziare\u00a0<strong>il Consorzio Mortadella Bologna IGP, Infortunistica Tossani, EmilBanca, IBrunelleschi parrucchieri<\/strong>\u00a0e le tante aziende e ristoranti del territorio che hanno offerto i numerosi premi in palio per aver reso possibile questa bellissima iniziativa. Per chi non riuscir\u00e0 ad acquistare i biglietti ricordo che c\u2019\u00e8 sempre il nostro conto corrente a cui poter fare riferimento per eventuali contributi: IBAN: IT68A0707202408000000182464 Intestato a: CIVIBO ODV\u201d<\/em><\/p>\n<p>Per dare sostegno alla raccolta fondi, le Cucine Popolari hanno organizzato in concomitanza dello spettacolo una distribuzione al pubblico<strong>\u00a0<\/strong>di<strong>\u00a0panini alla Mortadella Bologna IGP\u00a0<\/strong>e vin brul\u00e8. A dare man forte ai tanti volontari ci sar\u00e0 un altro Ambassador del Consorzio, lo chef\u00a0<strong>Daniele Reponi<\/strong>, che per l\u2019occasione firmer\u00e0 alcuni panini serviti durante la serata.<\/p>\n<p><em>\u201cCome Consorzio italiano tutela Mortadella Bologna non potevamo che aderire con grande entusiasmo all\u2019appello che Franz Campi ci ha rivolto a favore di \u201cBan Nad\u00e8l\u201d &#8211; il Natale Solidale a Bologna &#8211; e per diversi motivi. Il primo risiede nel legame profondo con la citt\u00e0 felsinea che ci portiamo inscritto nel nome stesso del prodotto. Il secondo \u00e8 costituito da un patrimonio di tradizioni e storia che arriva a identificare la Regina Rosa dei salumi con la citt\u00e0 di Bologna, come testimonia il Bando del Cardinal Farnese del 24 ottobre del 1661 che, per la prima volta, codificava le regole per la corretta produzione del salume all\u2019interno delle cinta murarie, una copia del quale \u00e8 visibile all\u2019interno dell\u2019ala museale dedicata alla Mortadella Bologna inaugurata nel 2019 all\u2019interno del Museo della Storia della citt\u00e0 a Palazzo Pepoli \u2013\u00a0<\/em>commenta\u00a0<strong>Gianluigi Ligasacchi<\/strong>, direttore del Consorzio che prosegue<em>\u00a0\u2013 Infine, il Consorzio da diversi anni si pone come obiettivo quello di favorire, ove possibile, la sostenibilit\u00e0 economica e sociale sul territorio e, dopo le passate e proficue adesioni alle iniziative di Cucine Popolari, torniamo con piacere a collaborare con la Onlus fondata da Roberto Morgantini che ogni giorno offre un pasto caldo a chi ne ha pi\u00f9 bisogno e che ci permette di declinare il nostro claim di comunicazione \u201cGodersi la vita, dal 1661\u201d consentendo a Natale di realizzare questa filosofia di vita anche a chi \u00e8 meno fortunato di noi ma ha bisogno di tutto il sostegno e la solidariet\u00e0 di una comunit\u00e0 viva e partecipe\u201d.<\/em><\/p>\n<p><strong>Il nuovo CD musicale<\/strong>, contenente brani natalizi inediti realizzati negli studi della\u00a0<strong>SanLucaSound\u00a0<\/strong>e arrangiati da<strong>\u00a0Renato Droghetti,<\/strong>\u00a0vede coinvolti i seguenti artisti:\u00a0<strong>Strano, Manuel Auteri, Giorgio Bassi, Ary Music, Massimiliano Lepera, Angela Sette, \u00a0Gabriele Orsi, Roberto Reina, Francesco Maria Gallo, Solo Tanza, Maurizio Martini, Martina Maccolini, Aldo di Gennaro, Emanuele Fanti, Manu Ley, Tony Cerrone, Federico Aicardi, Elisabetta Mattia, Nicola Albertini.<\/strong><\/p>\n<p>Nel cd sar\u00e0 presente anche la canzone\u00a0<a href=\"https:\/\/www.facebook.com\/watch\/?v=522420684780156&amp;ref=sharing\">B\u00e5n Nad\u00e8l<\/a>\u00a0che ha raccolto tanti apprezzamenti e\u00a0<a href=\"https:\/\/www.facebook.com\/BanNadel\/videos\/294510077868363\">decine di migliaia di visualizzazioni<\/a>\u00a0e una versione corale del celebre brano dei Pooh \u201cNon serve che sia Natale\u201d.<\/p>\n<p>Si affianca all\u2019iniziativa anche il\u00a0<strong>MEI \u2013 Meeting delle Etichette Indipendenti<\/strong>\u00a0che ha festeggiato quest\u2019anno i suoi 25 anni di storia a fianco della realt\u00e0 italiane totalmente indipendenti. Ed \u00e8 dalla voce di\u00a0<strong>Giordano Sangiorgi<\/strong>\u00a0che arriva la conferma: \u201cIl MEI aderisce e sostiene con piacere a tale importante e significativo progetto di solidariet\u00e0 in una fase difficile come questa in cui vi \u00e8 grande bisogno di abbinare arte, cultura e musica con la solidariet\u00e0 e l\u2019abbraccio tra le persone di una comunit\u00e0. Ancora pi\u00f9 convintamente se, oltre ai tanti noti personaggi del territorio bolognese, a dare man forte al progetto musicale c\u2019\u00e8 una realt\u00e0 musicale indipendente come quella di SanLuca Sound da sempre iscritta ad AudioCoop, l\u2019associazione dei 250 piccoli produttori indipendenti italiani del circuito del MEI che ogni giorno lavorano alla nuova musica. Che il tutto poi venga donato alle Cucine Popolari, grande e mirabile esempio civico\u00a0 di vicinanza ai pi\u00f9 fragili e deboli che meriterebbe di essere presente in ogni citt\u00e0, rende ancora di maggior valore tutta l\u2019iniziativa\u201d.<\/p>\n<p>Infine i diritti della canzone \u201cBuon Natale Umanit\u00e0\u201d di\u00a0<strong>Francesco Maria Gallo<\/strong>, uno dei brani della track list del CD Ban Nad\u00e8l, saranno totalmente devoluti a favore della\u00a0<strong>Fondazione l\u2019Albero della Vita<\/strong>\u00a0e della\u00a0<strong>Fondazione REB<\/strong>\u00a0a sostegno dei progetti umanitari e sociali delle due fondazioni per dare un aiuto a tutti quei bambini che vivono una povert\u00e0 estrema e ai bambini affetti da epidermolisi bollosa. Saranno inoltre acquistati 100 copie del cd Ban Nad\u00e8l che verranno inseriti tra le ricompense della raccolta fondi attivata su Eppela\u00a0<a href=\"https:\/\/www.eppela.com\/projects\/9160\">https:\/\/www.eppela.com\/projects\/9160<\/a>.<\/p>\n<p>Tanti i locali dove<strong>, per 5 euro, che verranno interamente devoluti a Cucine popolari, si potranno acquistare i biglietti per l\u2019estrazione e i CD.\u00a0<\/strong>Innanzitutto,\u00a0<strong>nelle 4 sedi delle Cucine popolari:<\/strong>\u00a0Cucina popolare Battiferro (Via del Battiferro 2), Cucina popolare San Donato (ex Italicus), presso Opera Padre Marella, Via del Lavoro 13; Cucina popolare Saffi (Via Berti 2\/8); Cucina popolare Savena (presso Villa Paradiso, Via Emilia Levante 138). Inoltre, presso numerosi altri esercizi indicati nell\u2019elenco sulla pagina\u00a0<a href=\"https:\/\/www.facebook.com\/BanNadel\">https:\/\/www.facebook.com\/BanNadel<\/a><\/p>\n<p><strong>Si ringraziano sentitamente le aziende\u00a0<\/strong>che hanno contribuito\u00a0 alla costruzione del monte premi\u00a0<strong>I portici Hotel\u00a0<\/strong>e\u00a0<strong>Botteghe I portici, Can\u00e8 parrucchieri, FluArt , Polpette e crescentine , Adesso Pasta, Trattoria La Montanara, Enoteca Dionisio,\u00a0<\/strong>il fotografo\u00a0<strong>Daniele Guidetti<\/strong>,\u00a0<strong>Nicola Albertini<\/strong>, gelateria\u00a0<strong>Lecco Lecco, Hotel Touring, Ottica FG, Oreficeria PEC, Corniciart, Agenzia Agricola Tonelli, Sanitaria Levante, Farmacia Legnani,\u00a0<\/strong>calzature\u00a0<strong>Gipsy, The Social Hub, Doria 1905, Forno Brisa.<\/strong><\/p>\n<p>Per\u00a0<strong>Franz Campi<\/strong><em>, uno degli organizzatori di Ban Nadel: \u00a0\u201cE&#8217; sorprendente come la citt\u00e0 si riesca di nuovo a raccogliere intorno a questo progetto nato da un gruppo di amici per esprimere con ironia la bellezza delle nostre tradizioni e della nostra lingua. E ogni volta riuscire ad aiutare qualcuno. Quest&#8217;anno le Cucine popolari, che riescono a mettere a tavola 600 persone al giorno che non hanno da mangiare nella ricca Bologna. Non dovrebbe essercene bisogno, ma invece occorre farlo. E noi, insieme a una ventina di aziende e ristoratori che si sono affiancati al progetto, siamo con loro. E lo faremo ridendo insieme ai comici del territorio con l&#8217;estrazione finale ricca di premi per chi vorr\u00e0 contribuire acquistando un biglietto\u201d.<\/em><\/p>\n<p><u><a href=\"https:\/\/www.franzcampi.it\/premi-in-palio-nellestrazione-del-15-dicembre-in-piazza-lucio-dalla\/\"><strong><em>Elenco dei locali che vendono biglietti<\/em><\/strong><\/a><\/u><strong><em>\u00a0&#8211;\u00a0<\/em><\/strong><a href=\"https:\/\/www.franzcampi.it\/premi-in-palio-nellestrazione-del-15-dicembre-in-piazza-lucio-dalla\/\"><strong><em>Elenco premi in palio<\/em><\/strong><\/a><\/p>\n<p><strong>Le precedenti edizioni di \u201cBan Nad\u00e8l\u201d<\/strong><\/p>\n<p>Nel 2016 sono stati raccolti 8.500 euro destinandoli a due famiglie con bambini affetti da autismo per sostenere spese mediche e di sostegno psicoterapeutico per i loro figli in collaborazione con l\u2019associazione \u201cBologna nell\u2019anima, Amici di Sergio\u201d.<\/p>\n<p>Nel 2018 e 2019 sono stati devoluti circa 6.000 euro ad \u201cAIL Bologna\u201d.<\/p>\n<p>Nel 2020, nonostante la pandemia, \u201cBan Nad\u00e8l\u201d si \u00e8 affiancata alla Fondazione \u201cDopo di noi\u201d supportando attraverso i nostri Social la loro campagna di raccolta fondi.<\/p>\n<p>Quest\u2019anno l\u2019obiettivo \u00e8 quello di aiutare una fantastica realt\u00e0 bolognese: le\u00a0<a href=\"https:\/\/www.cucinepopolari.org\/chi-siamo\/\"><strong>Cucine popolari<\/strong><\/a>, per rispondere, in questi tempi difficili, ad un bisogno di socialit\u00e0 e dignit\u00e0, per combattere la solitudine e la tristezza oltre che la fame.<\/p>\n<p><strong><em>CHI SIAMO<\/em><\/strong><\/p>\n<p><em>B\u00e5n Nad\u00e8l \u00e8 una libera ed indipendente iniziativa nata nel 2016 da\u00a0<strong>Franz Campi<\/strong>\u00a0(cantautore e organizzatore di eventi),\u00a0<strong>Mauro Malaguti<\/strong>\u00a0(conduttore radiofonico di Radio Sanluchino),\u00a0<strong>Manuel Auteri<\/strong>\u00a0(cantautore e discografico della SanLucaSound),\u00a0<strong>Angela Sette<\/strong>\u00a0(cantante) e\u00a0<strong>Gabriele Orsi<\/strong>\u00a0(musicista), sfociata nella realizzazione di un DVD, contenete la canzone \u201cB\u00e5n Nad\u00e8l\u201d e gli interventi video di oltre 60 partecipanti al progetto tra comici, attori, cantanti, musicisti, sportivi e giornalisti. Per citarne alcuni: Vito, Cevoli, Mingardi, Giacobazzi, Duilio Pizzocchi, Beppe Signori, Paolo Mengoli, Fausto Carpani, Giovanni Cacioppo, Danilo Masotti, Maurizio Ferrini, Iskra Menarini, Luca Carboni, diversi campioni di calcio e le principali formazioni di basket di Bologna (Fortitudo e Virtus).<\/em><\/p>\n<p><em>Collaborano all\u2019organizzazione e promozione dell\u2019iniziativa\u00a0<strong>Alessandra Lepri<\/strong>,\u00a0<strong>Laura Gangemi<\/strong>,\u00a0<strong>Silvia Parma<\/strong>,\u00a0<strong>Giulia Cuppini, Livia Laurentino e Davide Belviso<\/strong>.<\/em><\/p>\n<p><img loading=\"lazy\" decoding=\"async\" class=\"size-medium wp-image-23980 aligncenter\" src=\"https:\/\/www.nonsolomodanews.it\/wordpress\/wp-content\/uploads\/2022\/12\/unnamed-1-300x225.jpg\" alt=\"\" width=\"300\" height=\"225\" srcset=\"https:\/\/www.nonsolomodanews.it\/wordpress\/wp-content\/uploads\/2022\/12\/unnamed-1-300x225.jpg 300w, https:\/\/www.nonsolomodanews.it\/wordpress\/wp-content\/uploads\/2022\/12\/unnamed-1.jpg 640w\" sizes=\"auto, (max-width: 300px) 100vw, 300px\" \/><\/p>\n<p><strong><em>Il Consorzio italiano tutela Mortadella Bologna<\/em><\/strong><\/p>\n<p><em>Il Consorzio italiano tutela Mortadella Bologna si \u00e8 costituito nel 2001, a seguito del riconoscimento dell\u2019IGP alla Mortadella Bologna &#8211; avvenuto nel 1998 &#8211; e al conseguente avvio della certificazione da parte dei produttori. Il Consorzio, che ha come scopo la tutela e la valorizzazione della Mortadella Bologna IGP, in collaborazione con il Ministero per le politiche agricole, alimentari e forestali promuove la Mortadella Bologna IGP e svolge attivit\u00e0 di difesa del marchio e della Denominazione dalle imitazioni e dalle contraffazioni.<\/em><\/p>\n<p><em>Il Consorzio garantisce un\u2019alta qualit\u00e0 di base che ogni produttore migliora secondo la propria esperienza e professionalit\u00e0. Un\u2019attivit\u00e0 costante che ha come unico obiettivo, che \u00e8 anche la finalit\u00e0 di tutte le aziende, con i loro marchi, di garantire ai consumatori un prodotto dalle caratteristiche uniche per qualit\u00e0 e gusto, un prodotto ad alto valore nutrizionale, con una composizione di proteine nobili, minerali e grassi insaturi perfettamente in linea con le tendenze della moderna scienza nutrizionale.<\/em><\/p>\n<p>&nbsp;<\/p>\n<p><strong><u>Per ulteriori informazioni<\/u><\/strong>:<\/p>\n<p>Ufficio Stampa: Augusto Cosimi \u2013\u00a0<a href=\"mailto:cosimi@isitsalumi.it\">cosimi@isitsalumi.it<\/a><u>\u00a0<\/u>Tel 02 8925901 &#8211; Cell 335 7271526<\/p>\n<p><img loading=\"lazy\" decoding=\"async\" class=\"alignnone size-medium wp-image-23983\" src=\"https:\/\/www.nonsolomodanews.it\/wordpress\/wp-content\/uploads\/2022\/12\/unnamed-1-300x60.png\" alt=\"\" width=\"300\" height=\"60\" srcset=\"https:\/\/www.nonsolomodanews.it\/wordpress\/wp-content\/uploads\/2022\/12\/unnamed-1-300x60.png 300w, https:\/\/www.nonsolomodanews.it\/wordpress\/wp-content\/uploads\/2022\/12\/unnamed-1.png 482w\" sizes=\"auto, (max-width: 300px) 100vw, 300px\" \/><\/p>\n<p style=\"text-align: center;\">Tutti i diritti riservati \u00a9 2022 \u2013 Email: nonsolomodanews@gmail.com<\/p>\n","protected":false},"excerpt":{"rendered":"<p>Torna&nbsp;B&aring;n Nad&egrave;l&nbsp;con una raccolta di fondi a favore di&nbsp;&ldquo;Cucine Popolari&rdquo;&nbsp; &ndash; Un inedito CD di canzoni natalizie in vendita a 5 euro, una lotteria con oltre 70 premi in palio, il 15 dicembre tutti in Piazza Lucio Dalla per una grande festa con musica dal vivo e i panini alla Mortadella Bologna IGP il cui ricavato (insieme a quello della vendita CD) contribuir&agrave; a finanziare i progetti di solidariet&agrave; di &ldquo;Cucine Popolari&rdquo;<\/p>\n","protected":false},"author":1,"featured_media":23979,"comment_status":"open","ping_status":"open","sticky":false,"template":"","format":"standard","meta":{"rop_custom_images_group":[],"rop_custom_messages_group":[],"rop_publish_now":"initial","rop_publish_now_accounts":[],"rop_publish_now_history":[],"rop_publish_now_status":"pending","footnotes":""},"categories":[16],"tags":[2491,9184,281,9191,9185,9189,9199,9186,9193,9187,9197,9194,9188,9195,9198,9190,1099,9196,9192,2568],"class_list":["post-23978","post","type-post","status-publish","format-standard","has-post-thumbnail","hentry","category-articolo","tag-alessandra-lepri","tag-ban-nadel","tag-bruno-angelo-porcellana","tag-consorzio-italiano-tutela-mortadella-bologna","tag-cucine-popolari","tag-danilo-masotti","tag-davide-belviso","tag-duilio-pizzocchi","tag-emilbanca","tag-gianni-fantoni","tag-giulia-cuppini","tag-i-brunelleschi-parrucchieri","tag-il-duo-idea","tag-laura-gangemi","tag-livia-laurentino","tag-marisa-maffeo","tag-nonsolomodanews","tag-silvia-parma","tag-tossani-infortunistica","tag-vito"],"_links":{"self":[{"href":"https:\/\/www.nonsolomodanews.it\/wordpress\/wp-json\/wp\/v2\/posts\/23978","targetHints":{"allow":["GET"]}}],"collection":[{"href":"https:\/\/www.nonsolomodanews.it\/wordpress\/wp-json\/wp\/v2\/posts"}],"about":[{"href":"https:\/\/www.nonsolomodanews.it\/wordpress\/wp-json\/wp\/v2\/types\/post"}],"author":[{"embeddable":true,"href":"https:\/\/www.nonsolomodanews.it\/wordpress\/wp-json\/wp\/v2\/users\/1"}],"replies":[{"embeddable":true,"href":"https:\/\/www.nonsolomodanews.it\/wordpress\/wp-json\/wp\/v2\/comments?post=23978"}],"version-history":[{"count":4,"href":"https:\/\/www.nonsolomodanews.it\/wordpress\/wp-json\/wp\/v2\/posts\/23978\/revisions"}],"predecessor-version":[{"id":23986,"href":"https:\/\/www.nonsolomodanews.it\/wordpress\/wp-json\/wp\/v2\/posts\/23978\/revisions\/23986"}],"wp:featuredmedia":[{"embeddable":true,"href":"https:\/\/www.nonsolomodanews.it\/wordpress\/wp-json\/wp\/v2\/media\/23979"}],"wp:attachment":[{"href":"https:\/\/www.nonsolomodanews.it\/wordpress\/wp-json\/wp\/v2\/media?parent=23978"}],"wp:term":[{"taxonomy":"category","embeddable":true,"href":"https:\/\/www.nonsolomodanews.it\/wordpress\/wp-json\/wp\/v2\/categories?post=23978"},{"taxonomy":"post_tag","embeddable":true,"href":"https:\/\/www.nonsolomodanews.it\/wordpress\/wp-json\/wp\/v2\/tags?post=23978"}],"curies":[{"name":"wp","href":"https:\/\/api.w.org\/{rel}","templated":true}]}}