{"id":23932,"date":"2022-12-01T00:04:14","date_gmt":"2022-12-01T00:04:14","guid":{"rendered":"https:\/\/www.nonsolomodanews.it\/wordpress\/?p=23932"},"modified":"2022-12-01T09:52:56","modified_gmt":"2022-12-01T09:52:56","slug":"fatima-sarnicola-dico-no-alla-violenza-sulle-donne-e-si-alle-adozioni","status":"publish","type":"post","link":"https:\/\/www.nonsolomodanews.it\/wordpress\/fatima-sarnicola-dico-no-alla-violenza-sulle-donne-e-si-alle-adozioni\/","title":{"rendered":"Fatima Sarnicola: dico no alla violenza sulle donne e si alle adozioni"},"content":{"rendered":"<p><span style=\"color: #000000;\"><img loading=\"lazy\" decoding=\"async\" class=\"size-medium wp-image-23936 alignleft\" src=\"https:\/\/www.nonsolomodanews.it\/wordpress\/wp-content\/uploads\/2022\/11\/image0-300x300.jpeg\" alt=\"\" width=\"300\" height=\"300\" srcset=\"https:\/\/www.nonsolomodanews.it\/wordpress\/wp-content\/uploads\/2022\/11\/image0-300x300.jpeg 300w, https:\/\/www.nonsolomodanews.it\/wordpress\/wp-content\/uploads\/2022\/11\/image0-150x150.jpeg 150w, https:\/\/www.nonsolomodanews.it\/wordpress\/wp-content\/uploads\/2022\/11\/image0.jpeg 640w\" sizes=\"auto, (max-width: 300px) 100vw, 300px\" \/>Il 25 novembre \u00e8 stata la Giornata internazionale per l\u2019eliminazione della violenza sulle donne. <strong>Fatima Sarnicola<\/strong> \u00e8 una ragazza di origine lituane ma che vive in Italia da 16 anni. \u00c8 una laureanda in Scienze Biologiche. Anche lei \u00e8 stata pi\u00f9 volte vittima di violenza e per questo <strong>Nonsolomodanews<\/strong>, che ha aderito alla giornata internazionale per l\u2019eliminazione della violenza sulle donne, ha chiesto a Fatima se desiderasse concederci una intervista<strong>.\u00a0 <\/strong>La risposta \u00e8 stata positiva ma la sua storia, in breve, merita di essere raccontata prima di essere affrontata &#8220;step by step&#8221; nell&#8217;intervista.<\/span><\/p>\n<p><span style=\"color: #000000;\"><!--more--><\/span><\/p>\n<p><span style=\"color: #000000;\">Da piccola Fatima \u00e8 stata adottata e ad oggi, sui social, scrive proprio di questo, ovvero del suo passato e di recente ha sostenuto le donne contro la violenza, essendo stata anche lei, pi\u00f9 volte, una vittima. Ha fatto anche la modella (bellezza baltica ndr), ma non \u00e8 il suo obiettivo principale.\u00a0 Il suo obiettivo \u00e8 diventare ingegnere biomedico e creare un qualcosa di suo per portare avanti sia il concetto di<em> \u201cragazza coraggio, vittima di violenza\u201d<\/em> che \u201c<em>l\u2019adozione non deve essere limitata dalla paura<\/em>\u201d.\u00a0 Ha accettato di buon grado di concederci l\u2019intervista anche se la sua storia, come la storia di moltissime persone che sono state adottate, \u00e8 una storia fatta di sofferenza non solo fisica ma anche psicologica anche se, per quanto riguarda Fatima, l\u2019essere stata adottata da una famiglia italiana le ha permesso di rinascere e potersi riprendere la vita. Ringraziamo Fatima per averci concesso questa lunghissima intervista. Alle nostre lettrici e ai nostri lettori, auguriamo che l\u2019intervista di Fatima sia di \u201cpungolo\u201d per continuare a sostenere le donne vittime di violenza e i cari che le stanno vicini.<\/span><\/p>\n<p><span style=\"color: #000000;\"><strong>Ciao Fatima, ti vuoi presentare alle nostre lettrici e ai nostri lettori di Nonsolomodanews? <\/strong><em>Ciao, sono Fatima Sarnicola, vivo ad Agropoli, bellissimo paese del Cilento, da ormai sedici anni. Sono di origine lituane, precisamente di Skaciai, un piccolo paese vicino Kursenai. Mi trovo qui in Italia perch\u00e9 da piccola, all\u2019et\u00e0 di due anni, sono stata messa in adozione. Sono nata il 1\u00b0 novembre del 1998\u201d.<\/em><\/span><\/p>\n<p><span style=\"color: #000000;\"><strong>Cosa fai nella vita?\u00a0 <\/strong><em>\u201cNella vita attualmente mi sto laureando in scienze biologiche, una laurea che sto amando ogni giorno sempre di pi\u00f9. Sono nell\u2019ultima fase e non vedo l\u2019ora di indossare la corona d\u2019alloro\u201d.<\/em><\/span><\/p>\n<p><span style=\"color: #000000;\"><strong>Come \u00e8 nata la tua curiosit\u00e0 nelle materie scientifiche?\u00a0 <\/strong><em>\u201cMi sono innamorata della scienza durante i miei anni da studentessa liceale. Ho avuto professori che da subito, mi hanno trasmesso la bellezza della biologia e tutto il mondo che si porta dietro. Ammetto anche che da piccolina, mi divertivo a vedere video sul corpo umano e questa cosa non ha fatto altro che alimentare per anni, questa mia grande passione\u201d.\u00a0<\/em><\/span><\/p>\n<p><span style=\"color: #000000;\"><strong>Come sei caratterialmente?\u00a0 <\/strong><em>\u201cSono una ragazza molto determinata, empatica e sensibile. So cosa voglio nella vita e fino a quando non lo ottengo, lotto ogni giorno per ottenerlo. Ho un carattere molto forte, ma questo perch\u00e9 la vita mi ha costretto ad esserlo gi\u00e0 a partire dai primi anni della mia vita\u201d.\u00a0<\/em><\/span><\/p>\n<p><span style=\"color: #000000;\"><strong>Ti va di parlare della tua adozione?\u00a0 <\/strong><em>\u201cCerto. Sono nata da una famiglia di origine lituane. Mia madre biologica era di origine lituane mentre mio padre di origine finlandese, ammetto che non l\u2019ho mai conosciuto. Con mia madre ci ho vissuto giusto un anno, poi fui portata in un brefotrofio, una struttura per i neonati che vengono messi in adozione. Siccome, la mia famiglia biologica si era completamente dimenticata della mia esistenza, all\u2019et\u00e0 dei 3 anni fui spostata in un orfanotrofio, una struttura dove educavano i bambini fino alla maggiore et\u00e0\u201d.\u00a0<\/em><\/span><\/p>\n<p><span style=\"color: #000000;\"><strong>Come hai vissuto la tua infanzia nell\u2019orfanotrofio?\u00a0 <\/strong><em>\u201cSicuramente sono stati gli anni pi\u00f9 complicati per me. Con ancora un pupazzo in mano, mi sono ritrovata ad affrontare una realt\u00e0 che nessun bambino dovrebbe provare. Sono stata vittima di abusi e maltrattamenti da parte delle tutrici per lunghi 8 anni. Oggi, quando mi guardo allo specchio e noto le cicatrici che mi sono rimaste, ripenso al mio passato. Ma sono forte. Da subito ho imparato la sopravvivenza e ce l\u2019ho fatta\u201d.\u00a0<\/em><\/span><\/p>\n<p><span style=\"color: #000000;\"><strong>A che et\u00e0 sei stata adottata?\u00a0 <\/strong><em>\u201cSono stata adottata all\u2019et\u00e0 di 7 anni e mezzo. Il mio ottavo compleanno l\u2019ho festeggiato a Vilnius, nella capitale della Lituania, insieme alla mia famiglia adottiva.\u00a0 <\/em><em>L\u2019adozione si \u00e8 concretizzata nel 2006, ricordo che dopo 3 giorni dal mio compleanno, il 4 novembre del 2006 ho salutato l\u2019orfanotrofio\u201d.\u00a0<\/em><\/span><\/p>\n<p><span style=\"color: #000000;\"><strong>Com\u2019\u00e8 stato lasciare tutti i tuoi amici dell\u2019orfanotrofio? <\/strong><em>\u201c\u00c8 stato straziante. La mia famiglia adottiva, ogni volta che mi venivano a trovare, prima di adottarmi, portavano regali a tutti i bambini e l\u2019ho hanno fatto anche nel giorno di partenza. In pi\u00f9, avevo tantissimi vestiti e giochi. Insieme alla mia famiglia, decidemmo di lasciare tutto ai miei amici.\u00a0 <\/em><em>So perfettamente che le cose materiali non posso sostituire gli affetti provati, ma ho cercato di lasciare in tutti i modi, un bel ricordo di me\u201d.\u00a0<\/em><\/span><\/p>\n<p><span style=\"color: #000000;\"><strong>Attualmente, come ti trovi con la tua nuova famiglia? Di che origine \u00e8?\u00a0 <\/strong><em>\u201cLa mia nuova famiglia \u00e8 di origine italiana. Amo l\u2019Italia. Credo che sia uno dei paesi pi\u00f9 belli al mondo. La cultura, la lingua che ho imparato subito, e il cibo la rendono UNICA.\u00a0 <\/em><em>Con i miei genitori e la mia sorellina biologica (siamo state adottate insieme) ho un rapporto bellissimo. Siamo inseparabili e grazie a loro, sono riuscita a superare tutti i miei traumi d\u2019infanzia. Sono davvero in gamba\u201d.\u00a0<\/em><\/span><\/p>\n<p><span style=\"color: #000000;\"><strong>Ci racconti la storia con tua sorella?\u00a0 <\/strong><em>\u201cSiamo sorelle biologiche. Lei \u00e8 nata nel 2004 a Siali, a poche ore da dove risedevo io. La prima volta che l\u2019ho vista \u00e8 stato proprio il giorno in cui \u00e8 nata. Insieme alle tutrici, andai a vederla in ospedale e feci la promessa che avrei lottato ogni giorno per averla con me. I suoi occhi color diamante mi hanno fatto innamorare perdutamente di lei. \u00c8 stato amore a prima vista\u201d.\u00a0<\/em><\/span><\/p>\n<p><span style=\"color: #000000;\"><strong>Vorresti dire qualcosa riguarda l\u2019adozione?\u00a0 <\/strong><em>\u201cSi, in realt\u00e0 tante cose. Quando si parla di adozione si parla di un mondo complicato e difficile. Ogni anno ci sono molte coppie che cercano di adottare un bambino, ma il percorso iter \u00e8 molto lento. I miei genitori hanno aspettato lunghi 7 anni prima di avere una risposta. \u00c8 pi\u00f9 facile sostenere un bambino a distanza piuttosto che adottare per portarlo a casa. Ma il mio consiglio \u00e8 di non mollare. Ci sono bambini in tutto il mondo che aspettano una famiglia, anzi la desiderano\u201d.\u00a0<\/em><\/span><\/p>\n<p><span style=\"color: #000000;\"><strong>La tua famiglia ha mai sostenuto bambini a distanza?\u00a0 <\/strong><em>\u201cSi, hanno sostenuto economicamente una ragazza filippina. Lei aveva il sogno di laurearsi e la mia famiglia ha fatto di tutto per realizzare questo obiettivo. Oggi questa bambina \u00e8 laureata e felice. In pi\u00f9, ogni anno, sono invitati nelle associazioni italiane per motivare le coppie all\u2019adozione. Sono stati nominati in pi\u00f9, dall\u2019ambasciata lituana, come i migliori genitori adottivi. Sono molto fortunata ad averli come famiglia\u201d.\u00a0<\/em><\/span><\/p>\n<p><span style=\"color: #000000;\"><strong>Guardando il tuo profilo Instagram e tiktok, abbiamo notato che sei una grande sostenitrice di donne vittime di violenza. Cosa ti ha portato ad esserlo?\u00a0 <\/strong><em>\u201cSono una donna e quindi reputo giusto e d\u2019obbligo sostenere un\u2019altra donna.\u00a0 <\/em><em>Sono poi assolutamente contro la violenza sulle donne. Di recente ho raccontato anche una mia triste vicenda. Sono stata vittima di un\u2019aggressione in una camera dall\u2019albergo durante una vacanza sulle isole Greche, da parte del mio ex fidanzato. Ho avuto davvero tanta paura, e questa paura mi ha portato a dare voce a tutte le donne, che come me, all\u2019inizio, non avevano il coraggio di rivelarlo\u201d.\u00a0<\/em><\/span><\/p>\n<p><span style=\"color: #000000;\"><strong>Ti va di raccontare meglio questa vicenda?\u00a0 <\/strong><em>\u201cNell\u2019ultimo anno ho avuto a che fare con una persona, il mio ex fidanzato, mi ha fatto rivivere la paura gi\u00e0 provata e che mai avrei pensato che lui, un giorno l\u2019avrebbe usata. Ero convinta che mi avrebbe dato l\u2019amore \u00e8 il rispetto che meritavo ma non \u00e8 stato cos\u00ec. Sono stata una sua succube e perdonavo ogni sua violenza verbale; mi era ignoto per\u00f2 che \u00e8 proprio cos\u00ec che si inizia. In una vacanza, ho subito il male. Quando gli altri si divertivano, io sono stata aggredita con anche delle minacce. Sono sempre stata una donna forte, ma quando hai a che fare con un uomo violento, diventi piccola, debole, indifesa. Ammetto che potevo difendermi in quel momento e raccogliere delle prove ma mi era stato tolto dalle mani l\u2019unico mezzo che avevo, ovvero il telefono. Ero terrorizzata perch\u00e9 purtroppo, ho anche un problema cardiologico da non sottovalutare e lui ne era a conoscenza, e quindi ho avuto veramente paura di non farcela perch\u00e9 il mio cuore stava per scoppiare.\u00a0\u00a0Mi disse la seguente frase \u201ctu sei pazza, non \u00e8 successo niente\u201d per\u00f2 nel frattempo mi toccava il viso per vedere se avevo dei segni\u201d.\u00a0<\/em><\/span><\/p>\n<p><span style=\"color: #000000;\"><strong>Vorresti lasciare un consiglio alle donne che hanno subito violenza?\u00a0 <\/strong><em>\u201cCerto, il mio consiglio \u00e8 quello di invitare le donne ma soprattutto le ragazze, a non sottovalutare nessuna mancanza di rispetto nei loro confronti.\u00a0<\/em><\/span><\/p>\n<p><span style=\"color: #000000;\"><em>La scelta del vostro compagno di vita non \u00e8 una cosa scontata ma nemmeno necessaria nella vostra vita. Siamo nel 2022 e non nell\u2019epoca dove vi era l\u2019obbligo di sposarsi.\u00a0<\/em><\/span><\/p>\n<p><span style=\"color: #000000;\"><em>Siate indipendenti, createvi la vostra ricchezza, amate voi stesse anche quando siete da sole. La solitudine ferisce ma vi fortifica. Tenete gli occhi aperti e soprattutto sappiate che gli uomini aggressivi, violenti, sono privi di valori per la vita. Loro non conoscono il rispetto per una donna e non va perdonato. Non permettete a nessun uomo di allontanarvi dai valori con cui siete state cresciute.\u00a0<\/em><\/span><\/p>\n<p><span style=\"color: #000000;\"><em>Una brutta parola si trasforma in uno schiaffo e questo schiaffo in qualcosa di ancor pi\u00f9 grave.\u00a0<\/em><\/span><\/p>\n<p><span style=\"color: #000000;\"><em>Io sono qui per far s\u00ec che lo stesso non succeda ai miei figli futuri e dir\u00f2 a loro che quello che conta nella vita non \u00e8 il fidanzato, ma il rispetto che quel fidanzato deve avere nei loro confronti\u201d.\u00a0<\/em><\/span><\/p>\n<p><span style=\"color: #000000;\"><strong>Quali sono gli obiettivi prossimi che vuoi raggiungere?\u00a0 <\/strong><em>\u201cSono sicuramente tanti. Per il momento voglio laurearmi e poi intraprendere altri studi. Nel prossimo anno ho intenzione di vivere a Roma e studiare ingegneria biomedica, il mio grande sogno.\u00a0<\/em><\/span><\/p>\n<p><span style=\"color: #000000;\"><em>Amo anche molto la fotografia e mi piacerebbe aprire una mia agenzia di moda.\u00a0<\/em><\/span><\/p>\n<p><span style=\"color: #000000;\"><em>Sicuramente, nel mio interesse rimane anche l\u2019aiutare i bambini orfani e le donne vittime di violenza. Mi piacerebbe creare un\u2019associazione tutta mia e salutare tutti i bambini del mondo. Negli ultimi anni, ho sostenuto tanti bambini africani. Con il covid, la qualit\u00e0 di vita in Africa \u00e8 peggiorata. Con delle donazioni sono riuscita a far s\u00ec che avessero le vaccinazioni giuste e un miglioramento della quotidianit\u00e0.\u00a0<\/em><\/span><\/p>\n<p><span style=\"color: #000000;\"><em>Cerco sempre di fare del mio meglio\u201d.\u00a0<\/em><\/span><\/p>\n<p><span style=\"color: #000000;\"><strong>Ti piace viaggiare?\u00a0 <\/strong><em>\u201cS\u00ec davvero tanto. Ho gi\u00e0 visitato 14 paesi europei e girato tutta Italia. Nei prossimi anni, vorrei andare in Australia, America e Africa\u201d.\u00a0<\/em><\/span><\/p>\n<p><span style=\"color: #000000;\"><strong>Un giorno adotterai un bambino?\u00a0 <\/strong><em>\u201c\u00c8 di mia intenzione. Amo i bambini e se posso donar loro, una vita migliore, allora non ci penso pi\u00f9 di due volte. Aspetto il momento giusto.\u00a0<\/em><\/span><\/p>\n<p><span style=\"color: #000000;\"><strong>Ho visto anche che ti piace scrivere. Come \u00e8 nata questa tua passione?\u00a0 <\/strong><em>\u201cSin da piccola ho sempre scritto, anche cose a caso. La scrittura mi ha permesso da subito, di sfogare il mio dolore interiore. Questa cosa mi ha portato ad avere una scrittura pesante e realistica, ma ne vado anche fiera. L\u2019obiettivo della mia scrittura \u00e8 quello di riuscire a trasmettere al meglio il mio stato d\u2019animo. Ammetto anche che sto per ultimare il mio libro. Racconto il mio passato e la mia vita attuale. \u00c8 un mix di emozioni che saranno difficili da leggere e comprendere. Ma il bello della scrittura \u00e8 proprio questo, ovvero il saper rischiare\u201d.\u00a0<\/em><\/span><\/p>\n<p><span style=\"color: #000000;\"><strong>Hai una frase che ti piace molto? O che ti rispecchia?\u00a0 <\/strong><em>\u201cSi.\u00a0&lt;&lt;dove hai trovato la forza? Siamo donne, la forza trova noi&gt;&gt;.<\/em> <em>\u00c8 una frase di Lucy e Charles Brown (Peanuts ndr).\u00a0 L\u2019ho sempre sentita mia\u201d.<\/em><\/span><\/p>\n<p><span style=\"color: #000000;\"><a style=\"color: #000000;\" href=\"https:\/\/www.instagram.com\/brunoangeloporcellana\/\">Bruno Angelo Porcellana<\/a><\/span><\/p>\n<p style=\"text-align: center;\"><span style=\"color: #000000;\">Le fotografie sono fornite da Fatima Sarnicola\u00a0 \u2013 I crediti appartengono ai relativi fotografi<\/span><br \/>\n<span style=\"color: #000000;\">Tutti i diritti riservati \u00a9 2022 \u2013 Email: nonsolomodanews@gmail.com<\/span><\/p>\n","protected":false},"excerpt":{"rendered":"<p>Il 25 novembre &egrave; stata la Giornata internazionale per l&rsquo;eliminazione della violenza sulle donne. Fatima Sarnicola &egrave; una ragazza di origine lituane ma che vive in Italia da 16 anni. &Egrave; una laureanda in Scienze Biologiche. Anche lei &egrave; stata pi&ugrave; volte vittima di violenza e per questo Nonsolomodanews, che ha aderito alla giornata internazionale per l&rsquo;eliminazione della violenza sulle donne, ha chiesto a Fatima se desiderasse concederci una intervista.&nbsp; La risposta &egrave; stata positiva ma la sua storia, in breve, merita di essere raccontata prima di essere affrontata &ldquo;step by step&rdquo; nell&rsquo;intervista.<\/p>\n","protected":false},"author":1,"featured_media":23938,"comment_status":"open","ping_status":"open","sticky":false,"template":"","format":"standard","meta":{"rop_custom_images_group":[],"rop_custom_messages_group":[],"rop_publish_now":"initial","rop_publish_now_accounts":[],"rop_publish_now_history":[],"rop_publish_now_status":"pending","footnotes":""},"categories":[16],"tags":[9179,281,297,9177,746,1099,9178],"class_list":["post-23932","post","type-post","status-publish","format-standard","has-post-thumbnail","hentry","category-articolo","tag-adozione","tag-bruno-angelo-porcellana","tag-campania","tag-fatima-sarnicola","tag-intervista","tag-nonsolomodanews","tag-violenza-contro-le-donne"],"_links":{"self":[{"href":"https:\/\/www.nonsolomodanews.it\/wordpress\/wp-json\/wp\/v2\/posts\/23932","targetHints":{"allow":["GET"]}}],"collection":[{"href":"https:\/\/www.nonsolomodanews.it\/wordpress\/wp-json\/wp\/v2\/posts"}],"about":[{"href":"https:\/\/www.nonsolomodanews.it\/wordpress\/wp-json\/wp\/v2\/types\/post"}],"author":[{"embeddable":true,"href":"https:\/\/www.nonsolomodanews.it\/wordpress\/wp-json\/wp\/v2\/users\/1"}],"replies":[{"embeddable":true,"href":"https:\/\/www.nonsolomodanews.it\/wordpress\/wp-json\/wp\/v2\/comments?post=23932"}],"version-history":[{"count":6,"href":"https:\/\/www.nonsolomodanews.it\/wordpress\/wp-json\/wp\/v2\/posts\/23932\/revisions"}],"predecessor-version":[{"id":23947,"href":"https:\/\/www.nonsolomodanews.it\/wordpress\/wp-json\/wp\/v2\/posts\/23932\/revisions\/23947"}],"wp:featuredmedia":[{"embeddable":true,"href":"https:\/\/www.nonsolomodanews.it\/wordpress\/wp-json\/wp\/v2\/media\/23938"}],"wp:attachment":[{"href":"https:\/\/www.nonsolomodanews.it\/wordpress\/wp-json\/wp\/v2\/media?parent=23932"}],"wp:term":[{"taxonomy":"category","embeddable":true,"href":"https:\/\/www.nonsolomodanews.it\/wordpress\/wp-json\/wp\/v2\/categories?post=23932"},{"taxonomy":"post_tag","embeddable":true,"href":"https:\/\/www.nonsolomodanews.it\/wordpress\/wp-json\/wp\/v2\/tags?post=23932"}],"curies":[{"name":"wp","href":"https:\/\/api.w.org\/{rel}","templated":true}]}}