{"id":23741,"date":"2022-10-18T22:41:24","date_gmt":"2022-10-18T22:41:24","guid":{"rendered":"https:\/\/www.nonsolomodanews.it\/wordpress\/?p=23741"},"modified":"2022-10-18T22:46:47","modified_gmt":"2022-10-18T22:46:47","slug":"eicma-2022-prova-di-forza-dellevento-fieristico-oltre-1300-marchi-in-mostra-ed-espositori-da-43-paesi","status":"publish","type":"post","link":"https:\/\/www.nonsolomodanews.it\/wordpress\/eicma-2022-prova-di-forza-dellevento-fieristico-oltre-1300-marchi-in-mostra-ed-espositori-da-43-paesi\/","title":{"rendered":"EICMA 2022: PROVA DI FORZA DELL\u2019EVENTO FIERISTICO, OLTRE 1300 MARCHI IN MOSTRA ED ESPOSITORI DA 43 PAESI"},"content":{"rendered":"<div id=\"attachment_23742\" style=\"width: 210px\" class=\"wp-caption alignleft\"><img loading=\"lazy\" decoding=\"async\" aria-describedby=\"caption-attachment-23742\" class=\"wp-image-23742 size-medium\" title=\"PAOLO MAGRI\" src=\"https:\/\/www.nonsolomodanews.it\/wordpress\/wp-content\/uploads\/2022\/10\/SIC7784-200x300.jpg\" alt=\"\" width=\"200\" height=\"300\" srcset=\"https:\/\/www.nonsolomodanews.it\/wordpress\/wp-content\/uploads\/2022\/10\/SIC7784-200x300.jpg 200w, https:\/\/www.nonsolomodanews.it\/wordpress\/wp-content\/uploads\/2022\/10\/SIC7784-681x1024.jpg 681w, https:\/\/www.nonsolomodanews.it\/wordpress\/wp-content\/uploads\/2022\/10\/SIC7784-768x1154.jpg 768w, https:\/\/www.nonsolomodanews.it\/wordpress\/wp-content\/uploads\/2022\/10\/SIC7784-1022x1536.jpg 1022w, https:\/\/www.nonsolomodanews.it\/wordpress\/wp-content\/uploads\/2022\/10\/SIC7784-1363x2048.jpg 1363w, https:\/\/www.nonsolomodanews.it\/wordpress\/wp-content\/uploads\/2022\/10\/SIC7784-1080x1623.jpg 1080w, https:\/\/www.nonsolomodanews.it\/wordpress\/wp-content\/uploads\/2022\/10\/SIC7784-scaled.jpg 1703w\" sizes=\"auto, (max-width: 200px) 100vw, 200px\" \/><p id=\"caption-attachment-23742\" class=\"wp-caption-text\"><span style=\"color: #000000;\">PAOLO MAGRI &#8211; PIETRO MEDA Credit EICMA<\/span><\/p><\/div>\n<p><span style=\"color: #000000;\"><em>Si alza il sipario sull\u2019Edizione numero 79 dell\u2019Esposizione internazionale delle due ruote: dall\u20198 al 13 novembre, a Fiera Milano Rho, il presente e il futuro del settore e tanto spettacolo per le centinaia di migliaia di visitatori attesi.<\/em><\/span><\/p>\n<p><span style=\"color: #000000;\"><!--more--><\/span><\/p>\n<p><span style=\"color: #000000;\">\u00c8 Milano la capitale mondiale delle due ruote. Sono infatti pi\u00f9 di 1300 i marchi della filiera di riferimento che saliranno quest\u2019anno sul palcoscenico meneghino di EICMA. L\u2019Edizione numero 79 dell\u2019Esposizione internazionale delle due ruote, in programma dall\u20198 al 13 novembre prossimi a Fiera Milano Rho, \u00e8 stata presentata stamani al Belvedere del Grattacielo Pirelli di Milano alla presenza di Pietro Meda, presidente di EICMA S.p.A., del presidente di Confindustria ANCMA (Associazione Nazionale Ciclo Motociclo Accessori) Paolo Magri, dell\u2019assessore alle Infrastrutture, trasporti e mobilit\u00e0 sostenibile di Regione Lombardia Claudia Terzi, dell\u2019assessore allo Sviluppo Economico e Politiche del Lavoro del Comune di Milano Alessia Cappello, del presidente di Fondazione Fiera Milano Enrico Pazzali e di Maurizio Forte, direttore dell\u2019ufficio di coordinamento promozione del made in Italy di ICE (Agenzia per la promozione all\u2019estero e l\u2019internazionalizzazione delle imprese italiane).<\/span><\/p>\n<p><span style=\"color: #000000;\">L\u2019evento espositivo pi\u00f9 rilevante e longevo al mondo per l\u2019industria della mobilit\u00e0 motociclista e ciclista rilancia la sua centralit\u00e0 unico, confermando il suo primato e un\u2019attrattivit\u00e0 internazionale con numeri pre-Covid. Il 58% degli espositori che occuperanno quest\u2019anno i sei padiglioni del quartiere espositivo, uno in pi\u00f9 rispetto al 2021, proviene infatti dall\u2019estero, in rappresentanza di 43 differenti Paesi. Numerosi e importanti i ritorni tra le aziende, ma significative sono anche le nuove presenze: oltre il 20% degli espositori ha scelto di mettere in mostra per la prima volta il frutto di propri investimenti in EICMA.<\/span><\/p>\n<p><span style=\"color: #000000;\">Le prime giornate dell\u2019Esposizione saranno riservate a stampa e operatori: marted\u00ec 8 novembre l\u2019esclusivo <em>press day<\/em>, mentre il mercoled\u00ec 9 vedr\u00e0 la compresenza di decine di migliaia di visitatori tra giornalisti, operatori della comunicazione e professionisti del settore. Una due giorni ricca di conferenze stampa, presentazioni prodotto, convegni e visite delle istituzioni, eventi negli stand, networking e incontri di lavoro, che confermano la natura b2b e il valore istituzionale di EICMA.<\/span><\/p>\n<p><span style=\"color: #000000;\">Da gioved\u00ec 10 a domenica 13 novembre, l\u2019apertura al grande pubblico degli appassionati con gli ingredienti di successo della kermesse: novit\u00e0, anteprime, la presenza di piloti e personaggi dello spettacolo. La ricetta giusta per suscitare quell\u2019EICMA EFFECT del claim scelto per promuovere l\u2019Edizione di quest\u2019anno provocato dall\u2019esperienza di visita dentro e fuori i padiglioni. E proprio l\u2019area esterna MotoLive sar\u00e0 ancora una delle attrazioni gratuite pi\u00f9 adrenaliniche di EICMA con spettacoli acrobatici, intrattenimento, live show e gare motociclistiche nell\u2019arena offroad. Gli spazi esterni accoglieranno anche aree di prova motocicli, test ride eBike ed altre iniziative promosse dagli espositori.<\/span><\/p>\n<p><span style=\"color: #000000;\">Infine, grazie alla collaborazione strategica e al supporto dell\u2019ICE l\u2019Agenzia per la promozione all\u2019estero e all\u2019internazionalizzazione delle imprese italiane, EICMA allestir\u00e0 all\u2019interno dei padiglioni un\u2019area speciale dedicata alle start up italiane pi\u00f9 innovative del settore, che potranno godere della visibilit\u00e0 offerta dell\u2019Esposizione e proiettarsi sui mercati internazionali.<\/span><\/p>\n<p><span style=\"color: #000000;\"><strong><u>DICHIARAZIONI<\/u><\/strong><\/span><\/p>\n<p><span style=\"color: #000000;\"><strong>PIETRO MEDA<\/strong>, PRESIDENTE DI EICMA S.P.A.<\/span><\/p>\n<p><span style=\"color: #000000;\">\u201cEICMA si riconferma un appuntamento internazionale unico e imprescindibile per l\u2019industria della mobilit\u00e0 su due ruote, il luogo dove non si pu\u00f2 mancare. Sono il gradimento del pubblico e la partecipazione stessa delle aziende cos\u00ec significativa e importante, come anche il sostegno convinto dei nostri partner, a consegnare a questa Edizione un significato di compattezza, che rappresenta anche una prova di forza di tutto il settore. Questo \u00e8 l\u2019effetto EICMA: un evento espositivo teso al futuro in grado di coinvolgere ed entusiasmare il pubblico, di generare attrattivit\u00e0, visibilit\u00e0 e concrete opportunit\u00e0 di business, di contaminare la citt\u00e0 e creare indotti significativi per il territorio lombardo\u201d.<\/span><\/p>\n<p><span style=\"color: #000000;\"><strong>PAOLO MAGRI<\/strong>, PRESIDENTE DI CONFINDUSTRIA ANCMA (ASSOCIAZIONE NAZIONALE CICLO MOTOCICLO ACCESSORI) E AD DI EICMA S.P.A.<\/span><\/p>\n<p><span style=\"color: #000000;\">\u201cQuesta Edizione arriva in un momento molto particolare per il comparto, all\u2019interno del quale convivono nuove sfide globali, opportunit\u00e0 e incertezze. Tuttavia, il desiderio di due ruote in Italia si dimostra ancora molto forte, anche se condizionato dalla congiuntura e dai residuali problemi di approvvigionamento. EICMA, che conferma oggi il suo primato mondiale, ci permette di fare leva sul suo valore istituzionale intrinseco per rilanciare la domanda, accendere un riflettore sulla rilevanza dell\u2019industria italiana, portare avanti l\u2019attivit\u00e0 di advocacy e di rappresentanza di ANCMA e tracciare una direzione comune per affrontare attivamente i cambiamenti\u201d.<\/span><\/p>\n<p>&nbsp;<\/p>\n<h3><span style=\"color: #000000;\">EICMA 2022: AREE, INFORMAZIONI, EVENTI E DATI ECONOMICI INDUSTRIA DELLE DUE RUOTE ARENA MOTOLIVE, LO SPETTACOLO GRATUITO DELL\u2019AREA ESTERNA<\/span><\/h3>\n<p><span style=\"color: #000000;\">MotoLive \u00e8 uno degli ingredienti del successo di EICMA, il contenitore esperienziale racing pi\u00f9 spettacolare, atteso e adrenalinico che anima l\u2019area esterna dell\u2019Esposizione. Giunta quest\u2019anno alla sua diciassettesima Edizione, l\u2019area MotoLive si conferma un\u2019occasione unica per il pubblico di assistere gratuitamente a competizioni e lasciarsi entusiasmare da show, musica e spettacoli di intrattenimento. Anche gli appassionati pi\u00f9 esigenti trovano qui pane per i loro denti: fenomenali run di Freestyle Motocross, Trial Acrobatico, lo spettacolo del Buggy backflip, tante nuove sorprese e l\u2019opportunit\u00e0 di vedere da vicino i piloti delle pi\u00f9 prestigiose discipline off-road. Solo per citarne alcune, tra le competizioni ospitate quest\u2019anno, troviamo le gare nazionali ed internazionali di SuperEnduro, il Motocross Internazionale Femminile, le Final Round degli Internazionali d\u2019Italia Supercross e il Quad Cross Internazionale.<\/span><\/p>\n<p><span style=\"color: #000000;\">Si accendono quindi nuovamente i motori nell\u2019arena di EICMA e Tissot, brand orologiero svizzero da sempre vicino al mondo delle due ruote, rinnova per il 2022 la pluriennale partnership con MotoLive. Passione, determinazione, costanza e precisione, sono i valori che Tissot condivide da anni nelle competizioni in qualit\u00e0 di Official Timekeeper, supportando anche quest\u2019anno coloro che si sfideranno nell\u2019area Racing di EICMA per aggiudicarsi il Tissot Holeshot.<\/span><\/p>\n<h3><span style=\"color: #000000;\">E-BIKE TEST RIDE<\/span><\/h3>\n<p><span style=\"color: #000000;\">Oltre alle novit\u00e0 che riguardano la mobilit\u00e0 a pedalata elettrica presenti su tutto il perimetro espositivo, all\u2019universo delle e-bike, vere protagoniste del mercato, \u00e8 dedicata anche una pista di test ride nell\u2019area esterna MotoLive. Un\u2019occasione privilegiata per scoprirne le potenzialit\u00e0 attraverso uno specifico tracciato di prova. La pista presenta infatti alcuni ostacoli, ma anche salite e gradini per testare la potenza e il feedback di pedalata offerti dalle e-bike.<\/span><\/p>\n<h3><span style=\"color: #000000;\">AREA START UP<\/span><\/h3>\n<p><span style=\"color: #000000;\">Grazie alla collaborazione strategica e al fondamentale supporto dell\u2019ICE, l\u2019Agenzia per la promozione all\u2019estero e all\u2019internazionalizzazione delle imprese italiane, EICMA \u00e8 in grado di offrire ai propri visitatori una finestra sul futuro del settore delle due ruote e della sua filiera.<\/span><\/p>\n<p><span style=\"color: #000000;\">L\u2019area Start Up, posizionata all\u2019interno del padiglione 9, \u00e8 un\u2019opportunit\u00e0 di visibilit\u00e0 concreta per le realt\u00e0 nascenti, che permette alle giovani imprese di avere le stesse opportunit\u00e0 dei brand pi\u00f9 longevi e di salire sul pi\u00f9 importante palcoscenico internazionale per l\u2019industria di riferimento.<\/span><\/p>\n<p><span style=\"color: #000000;\">Il settore della mobilit\u00e0 \u00e8 oggi uno degli ambiti dove si concentrano sfide importanti e tutto quello che sta succedendo a livello di innovazione. In questa area \u00e8 quindi possibile condurre un\u2019esperienza di visita all\u2019insegna della creativit\u00e0 e della capacit\u00e0 dei giovani imprenditori di dare risposte e interpretare i cambiamenti. Questo spazio, con una formula espositiva ormai consolidata negli ultimi anni, rappresenta la scommessa di EICMA e di ICE sui giovani, un luogo esclusivo dove gli startupper presentano al grande pubblico idee, soluzioni e prototipi, ma anche un momento essenziale per sviluppare opportunit\u00e0 di business e relazioni con gli operatori, i media e le istituzioni.<\/span><\/p>\n<h3><span style=\"color: #000000;\">TEMPORARY BIKERS SHOP<\/span><\/h3>\n<p><span style=\"color: #000000;\">Dopo il successo delle scorse Edizione, torna l\u2019area shopping pi\u00f9 attesa dagli amanti delle due ruote. Il Temporary Bikers Shop \u00e8 lo spazio commerciale dedicato ai motociclisti, dove \u00e8 possibile acquistare accessori, abbigliamento, caschi, componenti e attrezzatura di ogni tipo per la moto.<\/span><\/p>\n<h3><span style=\"color: #000000;\">BIGLIETTI ONLINE<\/span><\/h3>\n<p><span style=\"color: #000000;\">L\u2019acquisto dei biglietti d\u2019ingresso avviene direttamente sul sito ufficiale dell\u2019Esposizione <a style=\"color: #000000;\" href=\"http:\/\/www.eicma.it\/\">www.eicma.it, <\/a>unico ca Il prezzo del biglietto intero sar\u00e0 ancora di 19 euro (pi\u00f9 1,50 euro di spese fisse di gestione), lo stesso costo dell\u2019anno scorso. EICMA si \u00e8 impegnata a farsi carico dei maggiori costi e all\u2019impennata inflattiva per mantenere invariato il prezzo del titolo d\u2019ingresso. \u00c8 inoltre previsto un biglietto ridotto al prezzo di 12 euro (pi\u00f9 1,50 euro di spese fisse di gestione) per i visitatori minorenni dai 4 ai 13 anni e tariffe agevolate per scuole, associazioni motociclistiche, tesserati FMI (Federazione Motociclistica Italiana) e Motoclub.<\/span><\/p>\n<h3><span style=\"color: #000000;\">GLI ORARI<\/span><\/h3>\n<p><span style=\"color: #000000;\">STAMPA: marted\u00ec 8 e mercoled\u00ec 9 novembre dalle 8.30 alle 18.30. OPERATORI: mercoled\u00ec 9 novembre dalle<\/span><\/p>\n<p><span style=\"color: #000000;\">8.30 alle 18.30. PUBBLICO: da gioved\u00ec 10 a domenica 13 novembre, dalle 9.30 alle 18.30.<\/span><\/p>\n<h3><span style=\"color: #000000;\">LA LISTA DEGLI ESPOSITORI<\/span><\/h3>\n<p><span style=\"color: #000000;\">L\u2019elenco degli espositori, con le rispettive ubicazioni sul perimetro espositivo, \u00e8 disponibile sul sito ufficiale di EICMA al seguente link: <a style=\"color: #000000;\" href=\"https:\/\/www.eicma.it\/it\/lista_espositori_2022\/\">https:\/\/www.eicma.it\/it\/lista_espositori_2022\/<\/a><\/span><\/p>\n<h3><span style=\"color: #000000;\">EICMA SOSTENIBILE<\/span><\/h3>\n<p><span style=\"color: #000000;\">Nel 2019 EICMA \u00e8 diventata la prima esposizione al mondo del suo settore a essere certificata ISO 20121, lo standard internazionale per la gestione sostenibile degli eventi. Per l\u2019Edizione 2022, EICMA \u00e8 nuovamente impegnata a ottenere la certificazione che riguarda le caratteristiche di impatto nella progettazione e organizzazione dell\u2019evento. Sostenibilit\u00e0 dal punto di vista ambientale e sociale, che si sviluppa attraverso coinvolgimento tutti gli stakeholder (visitatori, fornitori, espositori, operatori e media) e la promozione da parte di EICMA di buone pratiche e comportamenti prima, durante e dopo l\u2019esposizione.<\/span><\/p>\n<h3><span style=\"color: #000000;\">INDUSTRIA MOTOCICLISMO, ITALIA PUNTO DI RIFERIMENTO IN EUROPA<\/span><\/h3>\n<p><span style=\"color: #000000;\"><em>A cura di Confindustria ANCMA (Associazione Nazionale Ciclo, Motociclo e Accessori)<\/em><\/span><\/p>\n<p><span style=\"color: #000000;\">In Europa l&#8217;attivit\u00e0 legata al motociclismo contribuisce al PIL continentale per 21,4 miliardi di euro e offre occupazione a 389mila persone, generando un gettito fiscale di 16,6 miliardi. Con quasi 5 miliardi di euro e oltre 88mila addetti, l\u2019Italia rappresenta nell\u2019eurozona il primo Paese in termini di produzione, mercato, vendita e produzione accessori ed eventi sportivi legati alle due ruote a motore.* La produzione di motocicli in Italia nel 2020 \u00e8 stata di 300 mila unit\u00e0, pari al 46% del totale europeo, mentre il saldo della bilancia commerciale \u00e8 in attivo di 1 mld di euro, con un valore dell&#8217;export di 2,5 mld.<\/span><\/p>\n<p><span style=\"color: #000000;\"><em>*Dati 2019, fonte: Studio Oxford Economics per ACEM (Association des Constructeurs Europ\u00e9ens de Motocycles)<\/em><\/span><\/p>\n<h3><span style=\"color: #000000;\">IL MERCATO NAZIONALE 2022 DELLE DUE RUOTE A MOTORE<\/span><\/h3>\n<p><span style=\"color: #000000;\">Nei primi dieci mesi del 2022, ciclomotori, scooter e moto segnano complessivamente una lieve flessione del 2,5% con 244.306 veicoli immessi sul mercato. Rimane comunque molto positivo l\u2019andamento dei ciclomotori, che crescono del 16,5% e registrano 17.370 unit\u00e0. Anche le moto salgono del 4,6%, corrispondente a 108.620 veicoli immatricolati. Gli scooter registrano invece una perdita del 10,3% con 118.316 mezzi targati.<\/span><\/p>\n<h3><span style=\"color: #000000;\">MERCATO ELETTRICO<\/span><\/h3>\n<p><span style=\"color: #000000;\">Con un incremento del 59,6%, pari a 12.873 veicoli, l\u2019elettrico persegue la sua crescita anche nei primi dieci mesi dell\u2019anno. Nel dettaglio, gli scooter registrano un +63,8%, i ciclomotori + 59,7% e le moto +18,2%. Degno di nota in questo ambito il peso delle aziende del Made in Italy, che raggiungono una quota di mercato complessiva superiore al 30%.<\/span><\/p>\n<h2><span style=\"color: #000000;\">Fonte dati: Ministero dei Trasporti e delle Infrastrutture, elaborati da UNRAE per ANCMA<\/span><\/h2>\n<h3><span style=\"color: #000000;\">MERCATO BICI (dati 2021) EUROPA<\/span><\/h3>\n<p><span style=\"color: #000000;\">Nel 2021 l\u2019industria europea del ciclo ha fatto segnare nuovi record: dopo l\u2019andamento molto positivo dell\u2019anno precedente, il mercato 2021 ha superato per la prima volta i 22 milioni di pezzi venduti.<\/span><\/p>\n<p><span style=\"color: #000000;\">La crescita nell\u2019Eurozona \u00e8 stata trainata in particolare dalla continua e robusta domanda di e-bike, che ha superato i 5 milioni di unit\u00e0 vendute. Le vendite totali di biciclette ed e-bike hanno raggiunto il valore di 19,7 miliardi di euro, + 7,5% rispetto al 2020.Guardando alla produzione di biciclette ed e-bike, \u00e8 stata registrata una crescita stimata di circa il 10% rispetto al 2020, corrispondente a poco pi\u00f9 di 16 milioni di unit\u00e0 in Europa nel 2021. Anche la produzione di parti e accessori per biciclette \u00e8 aumentata nel 2021, raggiungendo un valore di 3,6 miliardi di EUR (dai 3 miliardi di euro nel 2020). Nel 2021 gli investimenti complessivi del settore sono arrivati a un livello di oltre 1,75 miliardi di euro, +17% rispetto agli 1,5 miliardi di euro dell&#8217;anno precedente. I posti di lavoro diretti nel settore manifatturiero sono passati da oltre 77.500 nel 2020 a quasi 87.000 nel 2021, il che porta il totale dei posti di lavoro diretti\/indiretti in Europa a una stima di circa 170.000. *<\/span><\/p>\n<p><span style=\"color: #000000;\"><em>\u00a0<\/em>*Dati del rapporto 2021 di CONEBI (Confederazione Europea dell\u2019Industria Bici, E-Bike, Componenti ed Accessori) sull\u2019industria del ciclo e il mercato in Europa<\/span><\/p>\n<h3><span style=\"color: #000000;\">ITALIA<\/span><\/h3>\n<p><span style=\"color: #000000;\">La mancanza di prodotto, le difficolt\u00e0 globali di approvvigionamento e i ritardi nelle consegne, che interessano la filiera del pedale negli ultimi anni, non frenano il desiderio di bici degli italiani. Dopo i numeri record del 2020, con oltre 2 milioni di pezzi venduti, il mercato 2021 sfiora infatti il dato dell\u2019anno precedente, fermandosi a 1.975.000, pari a un -2%. Le stime annuali di Confindustria ANCMA (Associazione Ciclo Motociclo Accessori) descrivono un mercato nazionale in salute, dove le biciclette tradizionali, con 1.680.000 pezzi venduti, segnano una leggera flessione (-3%), mentre le eBike continuano, anche se in modo meno robusto, la loro crescita con 295mila biciclette a pedalata assistita vendute, +5% sul 2020.<\/span><\/p>\n<h3><span style=\"color: #000000;\">IL 2022<\/span><\/h3>\n<p><span style=\"color: #000000;\">Secondo le previsioni di ANCMA, il mercato nazionale 2022 dovrebbe ragionevolmente attestarsi vicino ai<\/span><\/p>\n<p><span style=\"color: #000000;\">volumi dell\u2019anno precedente.<\/span><\/p>\n<h3><span style=\"color: #000000;\">IL SETTORE CICLO<\/span><\/h3>\n<p><span style=\"color: #000000;\">Quello del\u00a0 ciclo\u00a0 in Italia \u00e8\u00a0 un settore costituito da\u00a0 circa 250 imprese, in prevalenza PMI, con un fatturato\u00a0\u00a0 di 1,7MLd di euro. Nel 2021, con pi\u00f9 di 3,2 milioni di biciclette, la produzione ha registrato complessivamente un +7% sull\u2019anno precedente<\/span><\/p>\n<p><span style=\"color: #000000;\">Il nostro Paese detiene il 21% della quota produttiva di biciclette in Europa, posizionandosi al primo posto, seguito da Germania e Portogallo. Sotto la voce produzione si \u00e8 distinto il segmento eBike, che da solo \u00e8 cresciuto del 25%, mentre la bici muscolare ha registrato un + 5% sul 2020 e oltre 2,9 milioni di pezzi prodotti.<\/span><\/p>\n<p><span style=\"color: #000000;\">Positivi, con aumenti a doppia cifra, anche i dati dell\u2019export di biciclette muscolari (+21%) e quello delle eBike (+56%) per un valore complessivo di 418 milioni di euro (+ 45%), mentre ancora pi\u00f9 significativo \u00e8 stato il valore dell\u2019export di parti e componenti, che \u00e8 arrivato a un totale di 528 milioni di euro (+36%). Una tendenza, quest\u2019ultima, che consolida la tradizionale eccellenza produttiva italiana di selle, gruppi, telai, ruote per bici di alta gamma. Infine, a crescere sono stati anche il volume e il valore complessivo dell\u2019import &#8211; segno dell\u2019impennata della domanda interna e dell\u2019influenza delle dinamiche internazionali sulle scorte di componenti delle aziende assemblatrici di biciclette &#8211; che hanno portano a chiudere eccezionalmente la bilancia commerciale del settore ciclo con un saldo negativo di 64 milioni di euro.<\/span><\/p>\n<p style=\"text-align: center;\"><span style=\"color: #000000;\">Testo e immagini a cura ufficio Stampa Eicma<\/span><br \/>\n<span style=\"color: #000000;\">Tutti i diritti riservati \u00a9 2021\u2013 Email: nonsolomodanews@gmail.com<style id=\"bwg-style-0\">      #bwg_container1_0 #bwg_container2_0 #bwg_mosaic_thumbnails_div_0 {        width: 100%;        position: relative;        background-color: rgba(255, 255, 255, 0.00);        text-align: center;        justify-content: center;                  margin-left: auto;          margin-right: auto;                    padding-left: 4px;          padding-top: 4px;                }          #bwg_container1_0 #bwg_container2_0 .bwg_mosaic_thumb_spun_0 {        display: block;        position: absolute;\t\t\t\tborder-radius: 0;\t\t\t\tborder: 0px none #CCCCCC;    \t\t    \t\tbackground-color:rgba(0,0,0, 0.30);        -moz-box-sizing: content-box !important;        -webkit-box-sizing: content-box !important;        box-sizing: content-box !important;      }\t\t\t#bwg_container1_0 #bwg_container2_0 .bwg_mosaic_thumb_0 {\t\t\t\tdisplay: block;\t\t\t\t-moz-box-sizing: content-box !important;\t\t\t\t-webkit-box-sizing: content-box !important;\t\t\t\tbox-sizing: content-box !important;\t\t\t\tmargin: 0;\t\t\t\topacity: 1.00;\t\t\t}      #bwg_container1_0 #bwg_container2_0 .bwg_mosaic_thumb_spun_0:hover {        opacity: 1;        backface-visibility: hidden;        -webkit-backface-visibility: hidden;        -moz-backface-visibility: hidden;        -ms-backface-visibility: hidden;        z-index: 102;      }\t      @media only screen and (min-width: 480px) {        #bwg_container1_0 #bwg_container2_0 .bwg_mosaic_thumb_spun_0:hover {          transform: scale(1.1);          -ms-transform: scale(1.1);          -webkit-transform: scale(1.1);        }      }\t      #bwg_container1_0 #bwg_container2_0 .bwg_mosaic_thumbnails_0 {        background-color: rgba(255, 255, 255, 0.00);        font-size: 0;        position: relative;        text-align: center;        display: inline-block;        visibility: hidden;              }\t  \/*image title styles*\/      #bwg_container1_0 #bwg_container2_0 .bwg_mosaic_title_spun1_0,      #bwg_container1_0 #bwg_container2_0 .bwg-mosaic-thumbnails .bwg_ecommerce_spun1_0 {        position: absolute;        display: block;        opacity: 0;        box-sizing: border-box;        text-align: center;\t\t\t\ttop: 50%;\t\t\t\tleft: 50%;\t\t\t\ttransform: translate(-50%, -50%);      }      #bwg_container1_0 #bwg_container2_0 .bwg-mosaic-thumbnails .bwg_mosaic_title_spun2_0,      #bwg_container1_0 #bwg_container2_0 .bwg-mosaic-thumbnails .bwg_ecommerce_spun2_0 {\t\t    color: #CCCCCC;        font-family: segoe ui;        font-size: 16px;        font-weight: bold;        text-shadow: 0px 0px 0px #888888;        vertical-align: middle;        word-wrap: break-word;      }            .bwg_mosaic_play_icon_spun_0 {        display: table;        position: absolute;        left: -10000px;        top: 0px;        opacity: 0;      }      .bwg_mosaic_play_icon_0 {        color: #CCCCCC;        font-size: 32px;        vertical-align: middle;        display: table-cell !important;        z-index: 1;        text-align: center;        margin: 0 auto;      }      #bwg_container1_0 #bwg_container2_0 .bwg_gal_title_0 {        background-color: rgba(0, 0, 0, 0);        color: #323A45;        display: block;        font-family: Ubuntu;        font-size: 16px;        font-weight: bold;        padding: 2px;        text-shadow: ;        text-align: center;      }            @media screen and (max-width: 350px) {      div[class^=\"bwg_mosaic_thumbnails_\"],      span[class^=\"bwg_mosaic_thumb_spun_\"] {      width: 100% !important;      }      img[class^=\"bwg_mosaic_thumb_\"] {      width: 100% !important;      height: auto !important;      margin: 0px auto !important;      }      }      <\/style>    <div id=\"bwg_container1_0\"         class=\"bwg_container bwg_thumbnail bwg_thumbnails_mosaic \"         data-right-click-protection=\"0\"         data-bwg=\"0\"         data-scroll=\"0\"         data-gallery-type=\"thumbnails_mosaic\"         data-gallery-view-type=\"thumbnails_mosaic\"         data-current-url=\"\/wordpress\/wp-json\/wp\/v2\/posts\/23741\"         data-lightbox-url=\"https:\/\/www.nonsolomodanews.it\/wordpress\/wp-admin\/admin-ajax.php?action=GalleryBox&#038;current_view=0&#038;gallery_id=611&#038;tag=0&#038;theme_id=1&#038;shortcode_id=1237&#038;sort_by=filename&#038;order_by=asc&#038;current_url=%2Fwordpress%2Fwp-json%2Fwp%2Fv2%2Fposts%2F23741\"         data-gallery-id=\"611\"         data-popup-width=\"800\"         data-popup-height=\"500\"         data-is-album=\"gallery\"         data-buttons-position=\"bottom\">      <div id=\"bwg_container2_0\">             <div id=\"ajax_loading_0\" class=\"bwg_loading_div_1\">      <div class=\"bwg_loading_div_2\">        <div class=\"bwg_loading_div_3\">          <div id=\"loading_div_0\" class=\"bwg_spider_ajax_loading\">          <\/div>        <\/div>      <\/div>    <\/div>            <form id=\"gal_front_form_0\"              class=\"bwg-hidden\"              method=\"post\"              action=\"#\"              data-current=\"0\"              data-shortcode-id=\"1237\"              data-gallery-type=\"thumbnails_mosaic\"              data-gallery-id=\"611\"              data-tag=\"0\"              data-album-id=\"0\"              data-theme-id=\"1\"              data-ajax-url=\"https:\/\/www.nonsolomodanews.it\/wordpress\/wp-admin\/admin-ajax.php?action=bwg_frontend_data\">          <div id=\"bwg_container3_0\" class=\"bwg-background bwg-background-0\">                <div id=\"bwg_mosaic_thumbnails_div_0\"         class=\"bwg-container-0 bwg-container bwg-mosaic-thumbnails\"         data-bwg=\"0\"         data-mosaic-direction=\"vertical\"         data-resizable=\"0\"         data-width=\"250\"         data-height=\"250\"         data-total-width=\"100\"         data-block-id=\"bwg_thumbnails_mosaic_0\"         data-thumb-padding=\"4\"         data-thumb-border=\"0\"         data-title-margin=\"2px\"         data-image-title=\"none\"         data-play-icon=\"1\"         data-ecommerce-icon=\"none\"         data-gallery-id=\"611\"         data-lightbox-url=\"https:\/\/www.nonsolomodanews.it\/wordpress\/wp-admin\/admin-ajax.php?action=GalleryBox&#038;current_view=0&#038;gallery_id=611&#038;tag=0&#038;theme_id=1&#038;shortcode_id=1237&#038;sort_by=filename&#038;order_by=asc&#038;current_url=%2Fwordpress%2Fwp-json%2Fwp%2Fv2%2Fposts%2F23741\"         data-mosaic-thumb-transition=\"1\"         style=\"visibility: hidden\" >      <div id=\"bwg_thumbnails_mosaic_0\" class=\"bwg_mosaic_thumbnails_0\">                  <a  class=\"bwg-a bwg_lightbox bwg_lightbox_0\" href=\"https:\/\/www.nonsolomodanews.it\/wordpress\/wp-content\/uploads\/photo-gallery\/EICMA_181022\/DSC_1971.jpg?bwg=1666132811\" data-image-id=\"34050\" data-elementor-open-lightbox=\"no\">          <div class=\"bwg_mosaic_thumb_spun_0 bwg-item0 bwg-mosaic-thumb-span \">            <img decoding=\"async\" class=\"bwg_mosaic_thumb_0 skip-lazy bwg_img_clear bwg_img_custom \"                 id=\"34050\"                 src=\"https:\/\/www.nonsolomodanews.it\/wordpress\/wp-content\/uploads\/photo-gallery\/EICMA_181022\/thumb\/DSC_1971.jpg?bwg=1666132811\"                 data-src=\"https:\/\/www.nonsolomodanews.it\/wordpress\/wp-content\/uploads\/photo-gallery\/EICMA_181022\/thumb\/DSC_1971.jpg?bwg=1666132811\"                 data-width=\"795\"                 data-height=\"1200\"                 alt=\"DSC 1971\"                 title=\"DSC 1971\" \/>                      <\/div>        <\/a>                <a  class=\"bwg-a bwg_lightbox bwg_lightbox_0\" href=\"https:\/\/www.nonsolomodanews.it\/wordpress\/wp-content\/uploads\/photo-gallery\/EICMA_181022\/DSC_1973.jpg?bwg=1666132811\" data-image-id=\"34040\" data-elementor-open-lightbox=\"no\">          <div class=\"bwg_mosaic_thumb_spun_0 bwg-item0 bwg-mosaic-thumb-span \">            <img decoding=\"async\" class=\"bwg_mosaic_thumb_0 skip-lazy bwg_img_clear bwg_img_custom \"                 id=\"34040\"                 src=\"https:\/\/www.nonsolomodanews.it\/wordpress\/wp-content\/uploads\/photo-gallery\/EICMA_181022\/thumb\/DSC_1973.jpg?bwg=1666132811\"                 data-src=\"https:\/\/www.nonsolomodanews.it\/wordpress\/wp-content\/uploads\/photo-gallery\/EICMA_181022\/thumb\/DSC_1973.jpg?bwg=1666132811\"                 data-width=\"795\"                 data-height=\"1200\"                 alt=\"DSC 1973\"                 title=\"DSC 1973\" \/>                      <\/div>        <\/a>                <a  class=\"bwg-a bwg_lightbox bwg_lightbox_0\" href=\"https:\/\/www.nonsolomodanews.it\/wordpress\/wp-content\/uploads\/photo-gallery\/EICMA_181022\/DSC_1981.jpg?bwg=1666132811\" data-image-id=\"34056\" data-elementor-open-lightbox=\"no\">          <div class=\"bwg_mosaic_thumb_spun_0 bwg-item0 bwg-mosaic-thumb-span \">            <img decoding=\"async\" class=\"bwg_mosaic_thumb_0 skip-lazy bwg_img_clear bwg_img_custom \"                 id=\"34056\"                 src=\"https:\/\/www.nonsolomodanews.it\/wordpress\/wp-content\/uploads\/photo-gallery\/EICMA_181022\/thumb\/DSC_1981.jpg?bwg=1666132811\"                 data-src=\"https:\/\/www.nonsolomodanews.it\/wordpress\/wp-content\/uploads\/photo-gallery\/EICMA_181022\/thumb\/DSC_1981.jpg?bwg=1666132811\"                 data-width=\"1200\"                 data-height=\"795\"                 alt=\"DSC 1981\"                 title=\"DSC 1981\" \/>                      <\/div>        <\/a>                <a  class=\"bwg-a bwg_lightbox bwg_lightbox_0\" href=\"https:\/\/www.nonsolomodanews.it\/wordpress\/wp-content\/uploads\/photo-gallery\/EICMA_181022\/DSC_1985.jpg?bwg=1666132811\" data-image-id=\"34045\" data-elementor-open-lightbox=\"no\">          <div class=\"bwg_mosaic_thumb_spun_0 bwg-item0 bwg-mosaic-thumb-span \">            <img decoding=\"async\" class=\"bwg_mosaic_thumb_0 skip-lazy bwg_img_clear bwg_img_custom \"                 id=\"34045\"                 src=\"https:\/\/www.nonsolomodanews.it\/wordpress\/wp-content\/uploads\/photo-gallery\/EICMA_181022\/thumb\/DSC_1985.jpg?bwg=1666132811\"                 data-src=\"https:\/\/www.nonsolomodanews.it\/wordpress\/wp-content\/uploads\/photo-gallery\/EICMA_181022\/thumb\/DSC_1985.jpg?bwg=1666132811\"                 data-width=\"1200\"                 data-height=\"795\"                 alt=\"DSC 1985\"                 title=\"DSC 1985\" \/>                      <\/div>        <\/a>                <a  class=\"bwg-a bwg_lightbox bwg_lightbox_0\" href=\"https:\/\/www.nonsolomodanews.it\/wordpress\/wp-content\/uploads\/photo-gallery\/EICMA_181022\/DSC_1986.jpg?bwg=1666132811\" data-image-id=\"34062\" data-elementor-open-lightbox=\"no\">          <div class=\"bwg_mosaic_thumb_spun_0 bwg-item0 bwg-mosaic-thumb-span \">            <img decoding=\"async\" class=\"bwg_mosaic_thumb_0 skip-lazy bwg_img_clear bwg_img_custom \"                 id=\"34062\"                 src=\"https:\/\/www.nonsolomodanews.it\/wordpress\/wp-content\/uploads\/photo-gallery\/EICMA_181022\/thumb\/DSC_1986.jpg?bwg=1666132811\"                 data-src=\"https:\/\/www.nonsolomodanews.it\/wordpress\/wp-content\/uploads\/photo-gallery\/EICMA_181022\/thumb\/DSC_1986.jpg?bwg=1666132811\"                 data-width=\"795\"                 data-height=\"1200\"                 alt=\"DSC 1986\"                 title=\"DSC 1986\" \/>                      <\/div>        <\/a>                <a  class=\"bwg-a bwg_lightbox bwg_lightbox_0\" href=\"https:\/\/www.nonsolomodanews.it\/wordpress\/wp-content\/uploads\/photo-gallery\/EICMA_181022\/DSC_1991.jpg?bwg=1666132811\" data-image-id=\"34054\" data-elementor-open-lightbox=\"no\">          <div class=\"bwg_mosaic_thumb_spun_0 bwg-item0 bwg-mosaic-thumb-span \">            <img decoding=\"async\" class=\"bwg_mosaic_thumb_0 skip-lazy bwg_img_clear bwg_img_custom \"                 id=\"34054\"                 src=\"https:\/\/www.nonsolomodanews.it\/wordpress\/wp-content\/uploads\/photo-gallery\/EICMA_181022\/thumb\/DSC_1991.jpg?bwg=1666132811\"                 data-src=\"https:\/\/www.nonsolomodanews.it\/wordpress\/wp-content\/uploads\/photo-gallery\/EICMA_181022\/thumb\/DSC_1991.jpg?bwg=1666132811\"                 data-width=\"1200\"                 data-height=\"795\"                 alt=\"DSC 1991\"                 title=\"DSC 1991\" \/>                      <\/div>        <\/a>                <a  class=\"bwg-a bwg_lightbox bwg_lightbox_0\" href=\"https:\/\/www.nonsolomodanews.it\/wordpress\/wp-content\/uploads\/photo-gallery\/EICMA_181022\/DSC_1997.jpg?bwg=1666132811\" data-image-id=\"34059\" data-elementor-open-lightbox=\"no\">          <div class=\"bwg_mosaic_thumb_spun_0 bwg-item0 bwg-mosaic-thumb-span \">            <img decoding=\"async\" class=\"bwg_mosaic_thumb_0 skip-lazy bwg_img_clear bwg_img_custom \"                 id=\"34059\"                 src=\"https:\/\/www.nonsolomodanews.it\/wordpress\/wp-content\/uploads\/photo-gallery\/EICMA_181022\/thumb\/DSC_1997.jpg?bwg=1666132811\"                 data-src=\"https:\/\/www.nonsolomodanews.it\/wordpress\/wp-content\/uploads\/photo-gallery\/EICMA_181022\/thumb\/DSC_1997.jpg?bwg=1666132811\"                 data-width=\"1200\"                 data-height=\"795\"                 alt=\"DSC 1997\"                 title=\"DSC 1997\" \/>                      <\/div>        <\/a>                <a  class=\"bwg-a bwg_lightbox bwg_lightbox_0\" href=\"https:\/\/www.nonsolomodanews.it\/wordpress\/wp-content\/uploads\/photo-gallery\/EICMA_181022\/DSC_2019.jpg?bwg=1666132811\" data-image-id=\"34060\" data-elementor-open-lightbox=\"no\">          <div class=\"bwg_mosaic_thumb_spun_0 bwg-item0 bwg-mosaic-thumb-span \">            <img decoding=\"async\" class=\"bwg_mosaic_thumb_0 skip-lazy bwg_img_clear bwg_img_custom \"                 id=\"34060\"                 src=\"https:\/\/www.nonsolomodanews.it\/wordpress\/wp-content\/uploads\/photo-gallery\/EICMA_181022\/thumb\/DSC_2019.jpg?bwg=1666132811\"                 data-src=\"https:\/\/www.nonsolomodanews.it\/wordpress\/wp-content\/uploads\/photo-gallery\/EICMA_181022\/thumb\/DSC_2019.jpg?bwg=1666132811\"                 data-width=\"1200\"                 data-height=\"795\"                 alt=\"DSC 2019\"                 title=\"DSC 2019\" \/>                      <\/div>        <\/a>                <a  class=\"bwg-a bwg_lightbox bwg_lightbox_0\" href=\"https:\/\/www.nonsolomodanews.it\/wordpress\/wp-content\/uploads\/photo-gallery\/EICMA_181022\/DSC_2035.jpg?bwg=1666132811\" data-image-id=\"34061\" data-elementor-open-lightbox=\"no\">          <div class=\"bwg_mosaic_thumb_spun_0 bwg-item0 bwg-mosaic-thumb-span \">            <img decoding=\"async\" class=\"bwg_mosaic_thumb_0 skip-lazy bwg_img_clear bwg_img_custom \"                 id=\"34061\"                 src=\"https:\/\/www.nonsolomodanews.it\/wordpress\/wp-content\/uploads\/photo-gallery\/EICMA_181022\/thumb\/DSC_2035.jpg?bwg=1666132811\"                 data-src=\"https:\/\/www.nonsolomodanews.it\/wordpress\/wp-content\/uploads\/photo-gallery\/EICMA_181022\/thumb\/DSC_2035.jpg?bwg=1666132811\"                 data-width=\"1200\"                 data-height=\"795\"                 alt=\"DSC 2035\"                 title=\"DSC 2035\" \/>                      <\/div>        <\/a>                <a  class=\"bwg-a bwg_lightbox bwg_lightbox_0\" href=\"https:\/\/www.nonsolomodanews.it\/wordpress\/wp-content\/uploads\/photo-gallery\/EICMA_181022\/DSC_2065.jpg?bwg=1666132811\" data-image-id=\"34057\" data-elementor-open-lightbox=\"no\">          <div class=\"bwg_mosaic_thumb_spun_0 bwg-item0 bwg-mosaic-thumb-span \">            <img decoding=\"async\" class=\"bwg_mosaic_thumb_0 skip-lazy bwg_img_clear bwg_img_custom \"                 id=\"34057\"                 src=\"https:\/\/www.nonsolomodanews.it\/wordpress\/wp-content\/uploads\/photo-gallery\/EICMA_181022\/thumb\/DSC_2065.jpg?bwg=1666132811\"                 data-src=\"https:\/\/www.nonsolomodanews.it\/wordpress\/wp-content\/uploads\/photo-gallery\/EICMA_181022\/thumb\/DSC_2065.jpg?bwg=1666132811\"                 data-width=\"1200\"                 data-height=\"795\"                 alt=\"DSC 2065\"                 title=\"DSC 2065\" \/>                      <\/div>        <\/a>                <a  class=\"bwg-a bwg_lightbox bwg_lightbox_0\" href=\"https:\/\/www.nonsolomodanews.it\/wordpress\/wp-content\/uploads\/photo-gallery\/EICMA_181022\/DSC_2091.jpg?bwg=1666132811\" data-image-id=\"34058\" data-elementor-open-lightbox=\"no\">          <div class=\"bwg_mosaic_thumb_spun_0 bwg-item0 bwg-mosaic-thumb-span \">            <img decoding=\"async\" class=\"bwg_mosaic_thumb_0 skip-lazy bwg_img_clear bwg_img_custom \"                 id=\"34058\"                 src=\"https:\/\/www.nonsolomodanews.it\/wordpress\/wp-content\/uploads\/photo-gallery\/EICMA_181022\/thumb\/DSC_2091.jpg?bwg=1666132811\"                 data-src=\"https:\/\/www.nonsolomodanews.it\/wordpress\/wp-content\/uploads\/photo-gallery\/EICMA_181022\/thumb\/DSC_2091.jpg?bwg=1666132811\"                 data-width=\"1200\"                 data-height=\"795\"                 alt=\"DSC 2091\"                 title=\"DSC 2091\" \/>                      <\/div>        <\/a>                <a  class=\"bwg-a bwg_lightbox bwg_lightbox_0\" href=\"https:\/\/www.nonsolomodanews.it\/wordpress\/wp-content\/uploads\/photo-gallery\/EICMA_181022\/DSC_2121.jpg?bwg=1666132811\" data-image-id=\"34055\" data-elementor-open-lightbox=\"no\">          <div class=\"bwg_mosaic_thumb_spun_0 bwg-item0 bwg-mosaic-thumb-span \">            <img decoding=\"async\" class=\"bwg_mosaic_thumb_0 skip-lazy bwg_img_clear bwg_img_custom \"                 id=\"34055\"                 src=\"https:\/\/www.nonsolomodanews.it\/wordpress\/wp-content\/uploads\/photo-gallery\/EICMA_181022\/thumb\/DSC_2121.jpg?bwg=1666132811\"                 data-src=\"https:\/\/www.nonsolomodanews.it\/wordpress\/wp-content\/uploads\/photo-gallery\/EICMA_181022\/thumb\/DSC_2121.jpg?bwg=1666132811\"                 data-width=\"1200\"                 data-height=\"795\"                 alt=\"DSC 2121\"                 title=\"DSC 2121\" \/>                      <\/div>        <\/a>                <a  class=\"bwg-a bwg_lightbox bwg_lightbox_0\" href=\"https:\/\/www.nonsolomodanews.it\/wordpress\/wp-content\/uploads\/photo-gallery\/EICMA_181022\/DSC_2134.jpg?bwg=1666132811\" data-image-id=\"34053\" data-elementor-open-lightbox=\"no\">          <div class=\"bwg_mosaic_thumb_spun_0 bwg-item0 bwg-mosaic-thumb-span \">            <img decoding=\"async\" class=\"bwg_mosaic_thumb_0 skip-lazy bwg_img_clear bwg_img_custom \"                 id=\"34053\"                 src=\"https:\/\/www.nonsolomodanews.it\/wordpress\/wp-content\/uploads\/photo-gallery\/EICMA_181022\/thumb\/DSC_2134.jpg?bwg=1666132811\"                 data-src=\"https:\/\/www.nonsolomodanews.it\/wordpress\/wp-content\/uploads\/photo-gallery\/EICMA_181022\/thumb\/DSC_2134.jpg?bwg=1666132811\"                 data-width=\"795\"                 data-height=\"1200\"                 alt=\"DSC 2134\"                 title=\"DSC 2134\" \/>                      <\/div>        <\/a>                <a  class=\"bwg-a bwg_lightbox bwg_lightbox_0\" href=\"https:\/\/www.nonsolomodanews.it\/wordpress\/wp-content\/uploads\/photo-gallery\/EICMA_181022\/DSC_2200.jpg?bwg=1666132811\" data-image-id=\"34043\" data-elementor-open-lightbox=\"no\">          <div class=\"bwg_mosaic_thumb_spun_0 bwg-item0 bwg-mosaic-thumb-span \">            <img decoding=\"async\" class=\"bwg_mosaic_thumb_0 skip-lazy bwg_img_clear bwg_img_custom \"                 id=\"34043\"                 src=\"https:\/\/www.nonsolomodanews.it\/wordpress\/wp-content\/uploads\/photo-gallery\/EICMA_181022\/thumb\/DSC_2200.jpg?bwg=1666132811\"                 data-src=\"https:\/\/www.nonsolomodanews.it\/wordpress\/wp-content\/uploads\/photo-gallery\/EICMA_181022\/thumb\/DSC_2200.jpg?bwg=1666132811\"                 data-width=\"1200\"                 data-height=\"795\"                 alt=\"DSC 2200\"                 title=\"DSC 2200\" \/>                      <\/div>        <\/a>                <a  class=\"bwg-a bwg_lightbox bwg_lightbox_0\" href=\"https:\/\/www.nonsolomodanews.it\/wordpress\/wp-content\/uploads\/photo-gallery\/EICMA_181022\/DSC_2202.jpg?bwg=1666132811\" data-image-id=\"34052\" data-elementor-open-lightbox=\"no\">          <div class=\"bwg_mosaic_thumb_spun_0 bwg-item0 bwg-mosaic-thumb-span \">            <img decoding=\"async\" class=\"bwg_mosaic_thumb_0 skip-lazy bwg_img_clear bwg_img_custom \"                 id=\"34052\"                 src=\"https:\/\/www.nonsolomodanews.it\/wordpress\/wp-content\/uploads\/photo-gallery\/EICMA_181022\/thumb\/DSC_2202.jpg?bwg=1666132811\"                 data-src=\"https:\/\/www.nonsolomodanews.it\/wordpress\/wp-content\/uploads\/photo-gallery\/EICMA_181022\/thumb\/DSC_2202.jpg?bwg=1666132811\"                 data-width=\"1200\"                 data-height=\"795\"                 alt=\"DSC 2202\"                 title=\"DSC 2202\" \/>                      <\/div>        <\/a>                <a  class=\"bwg-a bwg_lightbox bwg_lightbox_0\" href=\"https:\/\/www.nonsolomodanews.it\/wordpress\/wp-content\/uploads\/photo-gallery\/EICMA_181022\/DSC_2204.jpg?bwg=1666132811\" data-image-id=\"34051\" data-elementor-open-lightbox=\"no\">          <div class=\"bwg_mosaic_thumb_spun_0 bwg-item0 bwg-mosaic-thumb-span \">            <img decoding=\"async\" class=\"bwg_mosaic_thumb_0 skip-lazy bwg_img_clear bwg_img_custom \"                 id=\"34051\"                 src=\"https:\/\/www.nonsolomodanews.it\/wordpress\/wp-content\/uploads\/photo-gallery\/EICMA_181022\/thumb\/DSC_2204.jpg?bwg=1666132811\"                 data-src=\"https:\/\/www.nonsolomodanews.it\/wordpress\/wp-content\/uploads\/photo-gallery\/EICMA_181022\/thumb\/DSC_2204.jpg?bwg=1666132811\"                 data-width=\"1200\"                 data-height=\"795\"                 alt=\"DSC 2204\"                 title=\"DSC 2204\" \/>                      <\/div>        <\/a>                <a  class=\"bwg-a bwg_lightbox bwg_lightbox_0\" href=\"https:\/\/www.nonsolomodanews.it\/wordpress\/wp-content\/uploads\/photo-gallery\/EICMA_181022\/DSC_2206.jpg?bwg=1666132811\" data-image-id=\"34039\" data-elementor-open-lightbox=\"no\">          <div class=\"bwg_mosaic_thumb_spun_0 bwg-item0 bwg-mosaic-thumb-span \">            <img decoding=\"async\" class=\"bwg_mosaic_thumb_0 skip-lazy bwg_img_clear bwg_img_custom \"                 id=\"34039\"                 src=\"https:\/\/www.nonsolomodanews.it\/wordpress\/wp-content\/uploads\/photo-gallery\/EICMA_181022\/thumb\/DSC_2206.jpg?bwg=1666132811\"                 data-src=\"https:\/\/www.nonsolomodanews.it\/wordpress\/wp-content\/uploads\/photo-gallery\/EICMA_181022\/thumb\/DSC_2206.jpg?bwg=1666132811\"                 data-width=\"1200\"                 data-height=\"795\"                 alt=\"DSC 2206\"                 title=\"DSC 2206\" \/>                      <\/div>        <\/a>                <a  class=\"bwg-a bwg_lightbox bwg_lightbox_0\" href=\"https:\/\/www.nonsolomodanews.it\/wordpress\/wp-content\/uploads\/photo-gallery\/EICMA_181022\/DSC_2210.jpg?bwg=1666132811\" data-image-id=\"34048\" data-elementor-open-lightbox=\"no\">          <div class=\"bwg_mosaic_thumb_spun_0 bwg-item0 bwg-mosaic-thumb-span \">            <img decoding=\"async\" class=\"bwg_mosaic_thumb_0 skip-lazy bwg_img_clear bwg_img_custom \"                 id=\"34048\"                 src=\"https:\/\/www.nonsolomodanews.it\/wordpress\/wp-content\/uploads\/photo-gallery\/EICMA_181022\/thumb\/DSC_2210.jpg?bwg=1666132811\"                 data-src=\"https:\/\/www.nonsolomodanews.it\/wordpress\/wp-content\/uploads\/photo-gallery\/EICMA_181022\/thumb\/DSC_2210.jpg?bwg=1666132811\"                 data-width=\"795\"                 data-height=\"1200\"                 alt=\"DSC 2210\"                 title=\"DSC 2210\" \/>                      <\/div>        <\/a>                <a  class=\"bwg-a bwg_lightbox bwg_lightbox_0\" href=\"https:\/\/www.nonsolomodanews.it\/wordpress\/wp-content\/uploads\/photo-gallery\/EICMA_181022\/DSC_2228.jpg?bwg=1666132811\" data-image-id=\"34049\" data-elementor-open-lightbox=\"no\">          <div class=\"bwg_mosaic_thumb_spun_0 bwg-item0 bwg-mosaic-thumb-span \">            <img decoding=\"async\" class=\"bwg_mosaic_thumb_0 skip-lazy bwg_img_clear bwg_img_custom \"                 id=\"34049\"                 src=\"https:\/\/www.nonsolomodanews.it\/wordpress\/wp-content\/uploads\/photo-gallery\/EICMA_181022\/thumb\/DSC_2228.jpg?bwg=1666132811\"                 data-src=\"https:\/\/www.nonsolomodanews.it\/wordpress\/wp-content\/uploads\/photo-gallery\/EICMA_181022\/thumb\/DSC_2228.jpg?bwg=1666132811\"                 data-width=\"1200\"                 data-height=\"795\"                 alt=\"DSC 2228\"                 title=\"DSC 2228\" \/>                      <\/div>        <\/a>                <a  class=\"bwg-a bwg_lightbox bwg_lightbox_0\" href=\"https:\/\/www.nonsolomodanews.it\/wordpress\/wp-content\/uploads\/photo-gallery\/EICMA_181022\/DSC_2258.jpg?bwg=1666132811\" data-image-id=\"34047\" data-elementor-open-lightbox=\"no\">          <div class=\"bwg_mosaic_thumb_spun_0 bwg-item0 bwg-mosaic-thumb-span \">            <img decoding=\"async\" class=\"bwg_mosaic_thumb_0 skip-lazy bwg_img_clear bwg_img_custom \"                 id=\"34047\"                 src=\"https:\/\/www.nonsolomodanews.it\/wordpress\/wp-content\/uploads\/photo-gallery\/EICMA_181022\/thumb\/DSC_2258.jpg?bwg=1666132811\"                 data-src=\"https:\/\/www.nonsolomodanews.it\/wordpress\/wp-content\/uploads\/photo-gallery\/EICMA_181022\/thumb\/DSC_2258.jpg?bwg=1666132811\"                 data-width=\"795\"                 data-height=\"1200\"                 alt=\"DSC 2258\"                 title=\"DSC 2258\" \/>                      <\/div>        <\/a>                <a  class=\"bwg-a bwg_lightbox bwg_lightbox_0\" href=\"https:\/\/www.nonsolomodanews.it\/wordpress\/wp-content\/uploads\/photo-gallery\/EICMA_181022\/DSC_2269.jpg?bwg=1666132811\" data-image-id=\"34042\" data-elementor-open-lightbox=\"no\">          <div class=\"bwg_mosaic_thumb_spun_0 bwg-item0 bwg-mosaic-thumb-span \">            <img decoding=\"async\" class=\"bwg_mosaic_thumb_0 skip-lazy bwg_img_clear bwg_img_custom \"                 id=\"34042\"                 src=\"https:\/\/www.nonsolomodanews.it\/wordpress\/wp-content\/uploads\/photo-gallery\/EICMA_181022\/thumb\/DSC_2269.jpg?bwg=1666132811\"                 data-src=\"https:\/\/www.nonsolomodanews.it\/wordpress\/wp-content\/uploads\/photo-gallery\/EICMA_181022\/thumb\/DSC_2269.jpg?bwg=1666132811\"                 data-width=\"795\"                 data-height=\"1200\"                 alt=\"DSC 2269\"                 title=\"DSC 2269\" \/>                      <\/div>        <\/a>                <a  class=\"bwg-a bwg_lightbox bwg_lightbox_0\" href=\"https:\/\/www.nonsolomodanews.it\/wordpress\/wp-content\/uploads\/photo-gallery\/EICMA_181022\/DSC_2281.jpg?bwg=1666132811\" data-image-id=\"34046\" data-elementor-open-lightbox=\"no\">          <div class=\"bwg_mosaic_thumb_spun_0 bwg-item0 bwg-mosaic-thumb-span \">            <img decoding=\"async\" class=\"bwg_mosaic_thumb_0 skip-lazy bwg_img_clear bwg_img_custom \"                 id=\"34046\"                 src=\"https:\/\/www.nonsolomodanews.it\/wordpress\/wp-content\/uploads\/photo-gallery\/EICMA_181022\/thumb\/DSC_2281.jpg?bwg=1666132811\"                 data-src=\"https:\/\/www.nonsolomodanews.it\/wordpress\/wp-content\/uploads\/photo-gallery\/EICMA_181022\/thumb\/DSC_2281.jpg?bwg=1666132811\"                 data-width=\"795\"                 data-height=\"1200\"                 alt=\"DSC 2281\"                 title=\"DSC 2281\" \/>                      <\/div>        <\/a>                <a  class=\"bwg-a bwg_lightbox bwg_lightbox_0\" href=\"https:\/\/www.nonsolomodanews.it\/wordpress\/wp-content\/uploads\/photo-gallery\/EICMA_181022\/DSC_2322.jpg?bwg=1666132811\" data-image-id=\"34044\" data-elementor-open-lightbox=\"no\">          <div class=\"bwg_mosaic_thumb_spun_0 bwg-item0 bwg-mosaic-thumb-span \">            <img decoding=\"async\" class=\"bwg_mosaic_thumb_0 skip-lazy bwg_img_clear bwg_img_custom \"                 id=\"34044\"                 src=\"https:\/\/www.nonsolomodanews.it\/wordpress\/wp-content\/uploads\/photo-gallery\/EICMA_181022\/thumb\/DSC_2322.jpg?bwg=1666132811\"                 data-src=\"https:\/\/www.nonsolomodanews.it\/wordpress\/wp-content\/uploads\/photo-gallery\/EICMA_181022\/thumb\/DSC_2322.jpg?bwg=1666132811\"                 data-width=\"1200\"                 data-height=\"795\"                 alt=\"DSC 2322\"                 title=\"DSC 2322\" \/>                      <\/div>        <\/a>                <a  class=\"bwg-a bwg_lightbox bwg_lightbox_0\" href=\"https:\/\/www.nonsolomodanews.it\/wordpress\/wp-content\/uploads\/photo-gallery\/EICMA_181022\/DSC_2328.jpg?bwg=1666132811\" data-image-id=\"34038\" data-elementor-open-lightbox=\"no\">          <div class=\"bwg_mosaic_thumb_spun_0 bwg-item0 bwg-mosaic-thumb-span \">            <img decoding=\"async\" class=\"bwg_mosaic_thumb_0 skip-lazy bwg_img_clear bwg_img_custom \"                 id=\"34038\"                 src=\"https:\/\/www.nonsolomodanews.it\/wordpress\/wp-content\/uploads\/photo-gallery\/EICMA_181022\/thumb\/DSC_2328.jpg?bwg=1666132811\"                 data-src=\"https:\/\/www.nonsolomodanews.it\/wordpress\/wp-content\/uploads\/photo-gallery\/EICMA_181022\/thumb\/DSC_2328.jpg?bwg=1666132811\"                 data-width=\"795\"                 data-height=\"1200\"                 alt=\"DSC 2328\"                 title=\"DSC 2328\" \/>                      <\/div>        <\/a>                <a  class=\"bwg-a bwg_lightbox bwg_lightbox_0\" href=\"https:\/\/www.nonsolomodanews.it\/wordpress\/wp-content\/uploads\/photo-gallery\/EICMA_181022\/DSC_2339.jpg?bwg=1666132811\" data-image-id=\"34041\" data-elementor-open-lightbox=\"no\">          <div class=\"bwg_mosaic_thumb_spun_0 bwg-item0 bwg-mosaic-thumb-span \">            <img decoding=\"async\" class=\"bwg_mosaic_thumb_0 skip-lazy bwg_img_clear bwg_img_custom \"                 id=\"34041\"                 src=\"https:\/\/www.nonsolomodanews.it\/wordpress\/wp-content\/uploads\/photo-gallery\/EICMA_181022\/thumb\/DSC_2339.jpg?bwg=1666132811\"                 data-src=\"https:\/\/www.nonsolomodanews.it\/wordpress\/wp-content\/uploads\/photo-gallery\/EICMA_181022\/thumb\/DSC_2339.jpg?bwg=1666132811\"                 data-width=\"795\"                 data-height=\"1200\"                 alt=\"DSC 2339\"                 title=\"DSC 2339\" \/>                      <\/div>        <\/a>                <a  class=\"bwg-a bwg_lightbox bwg_lightbox_0\" href=\"https:\/\/www.nonsolomodanews.it\/wordpress\/wp-content\/uploads\/photo-gallery\/EICMA_181022\/_SIC7774.jpg?bwg=1666132368\" data-image-id=\"34028\" data-elementor-open-lightbox=\"no\">          <div class=\"bwg_mosaic_thumb_spun_0 bwg-item0 bwg-mosaic-thumb-span \">            <img decoding=\"async\" class=\"bwg_mosaic_thumb_0 skip-lazy bwg_img_clear bwg_img_custom \"                 id=\"34028\"                 src=\"https:\/\/www.nonsolomodanews.it\/wordpress\/wp-content\/uploads\/photo-gallery\/EICMA_181022\/thumb\/_SIC7774.jpg?bwg=1666132368\"                 data-src=\"https:\/\/www.nonsolomodanews.it\/wordpress\/wp-content\/uploads\/photo-gallery\/EICMA_181022\/thumb\/_SIC7774.jpg?bwg=1666132368\"                 data-width=\"1200\"                 data-height=\"798\"                 alt=\" SIC7774\"                 title=\" SIC7774\" \/>                      <\/div>        <\/a>                <a  class=\"bwg-a bwg_lightbox bwg_lightbox_0\" href=\"https:\/\/www.nonsolomodanews.it\/wordpress\/wp-content\/uploads\/photo-gallery\/EICMA_181022\/_SIC7784.jpg?bwg=1666132368\" data-image-id=\"34031\" data-elementor-open-lightbox=\"no\">          <div class=\"bwg_mosaic_thumb_spun_0 bwg-item0 bwg-mosaic-thumb-span \">            <img decoding=\"async\" class=\"bwg_mosaic_thumb_0 skip-lazy bwg_img_clear bwg_img_custom \"                 id=\"34031\"                 src=\"https:\/\/www.nonsolomodanews.it\/wordpress\/wp-content\/uploads\/photo-gallery\/EICMA_181022\/thumb\/_SIC7784.jpg?bwg=1666132368\"                 data-src=\"https:\/\/www.nonsolomodanews.it\/wordpress\/wp-content\/uploads\/photo-gallery\/EICMA_181022\/thumb\/_SIC7784.jpg?bwg=1666132368\"                 data-width=\"798\"                 data-height=\"1200\"                 alt=\" SIC7784\"                 title=\" SIC7784\" \/>                      <\/div>        <\/a>                <a  class=\"bwg-a bwg_lightbox bwg_lightbox_0\" href=\"https:\/\/www.nonsolomodanews.it\/wordpress\/wp-content\/uploads\/photo-gallery\/EICMA_181022\/_SIC7814.jpg?bwg=1666132368\" data-image-id=\"34036\" data-elementor-open-lightbox=\"no\">          <div class=\"bwg_mosaic_thumb_spun_0 bwg-item0 bwg-mosaic-thumb-span \">            <img decoding=\"async\" class=\"bwg_mosaic_thumb_0 skip-lazy bwg_img_clear bwg_img_custom \"                 id=\"34036\"                 src=\"https:\/\/www.nonsolomodanews.it\/wordpress\/wp-content\/uploads\/photo-gallery\/EICMA_181022\/thumb\/_SIC7814.jpg?bwg=1666132368\"                 data-src=\"https:\/\/www.nonsolomodanews.it\/wordpress\/wp-content\/uploads\/photo-gallery\/EICMA_181022\/thumb\/_SIC7814.jpg?bwg=1666132368\"                 data-width=\"1200\"                 data-height=\"798\"                 alt=\" SIC7814\"                 title=\" SIC7814\" \/>                      <\/div>        <\/a>                <a  class=\"bwg-a bwg_lightbox bwg_lightbox_0\" href=\"https:\/\/www.nonsolomodanews.it\/wordpress\/wp-content\/uploads\/photo-gallery\/EICMA_181022\/_SIC7854.jpg?bwg=1666132368\" data-image-id=\"34035\" data-elementor-open-lightbox=\"no\">          <div class=\"bwg_mosaic_thumb_spun_0 bwg-item0 bwg-mosaic-thumb-span \">            <img decoding=\"async\" class=\"bwg_mosaic_thumb_0 skip-lazy bwg_img_clear bwg_img_custom \"                 id=\"34035\"                 src=\"https:\/\/www.nonsolomodanews.it\/wordpress\/wp-content\/uploads\/photo-gallery\/EICMA_181022\/thumb\/_SIC7854.jpg?bwg=1666132368\"                 data-src=\"https:\/\/www.nonsolomodanews.it\/wordpress\/wp-content\/uploads\/photo-gallery\/EICMA_181022\/thumb\/_SIC7854.jpg?bwg=1666132368\"                 data-width=\"1200\"                 data-height=\"798\"                 alt=\" SIC7854\"                 title=\" SIC7854\" \/>                      <\/div>        <\/a>                <a  class=\"bwg-a bwg_lightbox bwg_lightbox_0\" href=\"https:\/\/www.nonsolomodanews.it\/wordpress\/wp-content\/uploads\/photo-gallery\/EICMA_181022\/_SIC8195.jpg?bwg=1666132368\" data-image-id=\"34032\" data-elementor-open-lightbox=\"no\">          <div class=\"bwg_mosaic_thumb_spun_0 bwg-item0 bwg-mosaic-thumb-span \">            <img decoding=\"async\" class=\"bwg_mosaic_thumb_0 skip-lazy bwg_img_clear bwg_img_custom \"                 id=\"34032\"                 src=\"https:\/\/www.nonsolomodanews.it\/wordpress\/wp-content\/uploads\/photo-gallery\/EICMA_181022\/thumb\/_SIC8195.jpg?bwg=1666132368\"                 data-src=\"https:\/\/www.nonsolomodanews.it\/wordpress\/wp-content\/uploads\/photo-gallery\/EICMA_181022\/thumb\/_SIC8195.jpg?bwg=1666132368\"                 data-width=\"1200\"                 data-height=\"798\"                 alt=\" SIC8195\"                 title=\" SIC8195\" \/>                      <\/div>        <\/a>            <\/div>    <\/div>    <style>      \/*pagination styles*\/      #bwg_container1_0 #bwg_container2_0 .tablenav-pages_0 {\t\t\t\ttext-align: center;\t\t\t\tfont-size: 12px;\t\t\t\tfont-family: segoe ui;\t\t\t\tfont-weight: bold;\t\t\t\tcolor: #666666;\t\t\t\tmargin: 6px 0 4px;\t\t\t\tdisplay: block;      }      @media only screen and (max-width : 320px) {      #bwg_container1_0 #bwg_container2_0 .displaying-num_0 {     \t display: none;      }      }      #bwg_container1_0 #bwg_container2_0 .displaying-num_0 {\t\t\t\tfont-size: 12px;\t\t\t\tfont-family: segoe ui;\t\t\t\tfont-weight: bold;\t\t\t\tcolor: #666666;\t\t\t\tmargin-right: 10px;\t\t\t\tvertical-align: middle;      }      #bwg_container1_0 #bwg_container2_0 .paging-input_0 {\t\t\t\tfont-size: 12px;\t\t\t\tfont-family: segoe ui;\t\t\t\tfont-weight: bold;\t\t\t\tcolor: #666666;\t\t\t\tvertical-align: middle;      }      #bwg_container1_0 #bwg_container2_0 .tablenav-pages_0 a.disabled,      #bwg_container1_0 #bwg_container2_0 .tablenav-pages_0 a.disabled:hover,      #bwg_container1_0 #bwg_container2_0 .tablenav-pages_0 a.disabled:focus,\t\t\t#bwg_container1_0 #bwg_container2_0 .tablenav-pages_0 input.bwg_current_page {\t\t\t\tcursor: default;\t\t\t\tcolor: rgba(102, 102, 102, 0.5);      }      #bwg_container1_0 #bwg_container2_0 .tablenav-pages_0 a,      #bwg_container1_0 #bwg_container2_0 .tablenav-pages_0 input.bwg_current_page {\t\t\t\tcursor: pointer;\t\t\t\ttext-align: center;\t\t\t\tfont-size: 12px;\t\t\t\tfont-family: segoe ui;\t\t\t\tfont-weight: bold;\t\t\t\tcolor: #666666;\t\t\t\ttext-decoration: none;\t\t\t\tpadding: 3px 6px;\t\t\t\tmargin: 0;\t\t\t\tborder-radius: 0;\t\t\t\tborder-style: solid;\t\t\t\tborder-width: 1px;\t\t\t\tborder-color: #E3E3E3;\t\t\t\t\t\t\t\tbackground-color: rgba(255, 255, 255, 1.00);\t\t\t\tbox-shadow: 0;\t\t\t\ttransition: all 0.3s ease 0s;-webkit-transition: all 0.3s ease 0s;      }      <\/style>      <span class=\"bwg_nav_cont_0\">              <div class=\"tablenav-pages_0\">                      <span class=\"pagination-links_0 pagination-links\" data-pages-count=\"2\">              <span class=\"pagination-links_col1\">              <a class=\"bwg-a first-page disabled\" title=\"Vai alla prima pagina\" >\u00ab<\/a>              <a class=\"bwg-a prev-page disabled\" title=\"Vai alla pagina precedente\" >\u2039<\/a>              <\/span>\t\t\t\t\t\t\t<span class=\"pagination-links_col2\">\t\t\t\t\t\t\t\t\t<input type=\"number\" class=\"bwg_current_page\" name=\"bwg_current_page\" value=\"1\" data-url-info=\"page_number_0\" onkeypress=\"return bwg_change_page_0(event, this)\" min=\"1\" oninput=\"validity.valid||(value='')\" \/>\t\t\t\t\t\t\t\t\t\tdi\t\t\t\t\t\t\t\t\t\t<span class=\"total-pages_0\">\t\t\t\t\t\t\t\t\t\t\t2\t\t\t\t\t\t\t\t\t\t<\/span>\t\t\t\t\t\t\t<\/span>              <span class=\"pagination-links_col3\">                <a class=\"bwg-a next-page-0\" title=\"Vai alla pagina successiva\" href=\"\/wordpress\/wp-json\/wp\/v2\/posts\/23741?page_number_0=2\">\u203a<\/a>                <a class=\"bwg-a last-page-0\" title=\"Vai all&#039;ultima pagina\" href=\"\/wordpress\/wp-json\/wp\/v2\/posts\/23741?page_number_0=2\">\u00bb<\/a>              <\/span>\t\t\t\t\t\t<\/span>\t\t\t\t\t\t        <\/div>                <input type=\"hidden\" id=\"page_number_0\" name=\"page_number_0\" value=\"1\" \/>      <script type=\"text\/javascript\">        if( jQuery('.bwg_nav_cont_0').length > 1 ) {          jQuery('.bwg_nav_cont_0').first().remove()        }        function spider_page_0(cur, x, y, load_more) {          if (typeof load_more == \"undefined\") {            var load_more = false;          }          if (jQuery(cur).hasClass('disabled')) {            return false;          }          var items_county_0 = 2;          switch (y) {            case 1:              if (x >= items_county_0) {                document.getElementById('page_number_0').value = items_county_0;              }              else {                document.getElementById('page_number_0').value = x + 1;              }              break;            case 2:              document.getElementById('page_number_0').value = items_county_0;              break;            case -1:              if (x == 1) {                document.getElementById('page_number_0').value = 1;              }              else {                document.getElementById('page_number_0').value = x - 1;              }              break;            case -2:              document.getElementById('page_number_0').value = 1;              break;\t\t\t\t\t\tcase 0:              document.getElementById('page_number_0').value = x;              break;            default:              document.getElementById('page_number_0').value = 1;          }          bwg_ajax('gal_front_form_0', '0', 'bwg_thumbnails_mosaic_0', '0', '', 'gallery', 0, '', '', load_more, '', 1);        }                    jQuery('.first-page disabled').on('click', function () {              spider_page_0(this, 1, -2, 'numeric');              return false;            });            jQuery('.prev-page disabled').on('click', function () {              spider_page_0(this, 1, -1, 'numeric');              return false;            });            jQuery('.next-page-0').on('click', function () {              spider_page_0(this, 1, 1, 'numeric');              return false;            });            jQuery('.last-page-0').on('click', function () {              spider_page_0(this, 1, 2, 'numeric');              return false;            });        \t\t\t\t\/* Change page on input enter. *\/        function bwg_change_page_0( e, that ) {          if (  e.key == 'Enter' ) {            var to_page = parseInt(jQuery(that).val());            var pages_count = jQuery(that).parents(\".pagination-links\").data(\"pages-count\");            var current_url_param = jQuery(that).attr('data-url-info');            if (to_page > pages_count) {              to_page = 1;            }\t \t\t\t\t\t\t\t\t\t\t\t\tspider_page_0(this, to_page, 0, 'numeric');\t\t\t\t\t\t\treturn false;\t\t\t\t\t\t          }          return true;        }        jQuery('.bwg_load_btn_0').on('click', function () {            spider_page_0(this, 1, 1, true);            return false;        });      <\/script>      <\/span>                <\/div>        <\/form>        <style>          #bwg_container1_0 #bwg_container2_0 #spider_popup_overlay_0 {          background-color: #000000;          opacity: 0.70;          }          <\/style>        <div id=\"bwg_spider_popup_loading_0\" class=\"bwg_spider_popup_loading\"><\/div>        <div id=\"spider_popup_overlay_0\" class=\"spider_popup_overlay\" onclick=\"spider_destroypopup(1000)\"><\/div>        <input type=\"hidden\" id=\"bwg_random_seed_0\" value=\"1069076373\">                <\/div>    <\/div>    <script>      if (document.readyState === 'complete') {        if( typeof bwg_main_ready == 'function' ) {          if ( jQuery(\"#bwg_container1_0\").height() ) {            bwg_main_ready(jQuery(\"#bwg_container1_0\"));          }        }      } else {        document.addEventListener('DOMContentLoaded', function() {          if( typeof bwg_main_ready == 'function' ) {            if ( jQuery(\"#bwg_container1_0\").height() ) {             bwg_main_ready(jQuery(\"#bwg_container1_0\"));            }          }        });      }    <\/script>    <\/p>\n<p><\/span><\/p>\n<p>&nbsp;<\/p>\n<p>&nbsp;<\/p>\n","protected":false},"excerpt":{"rendered":"<p>Si alza il sipario sull&rsquo;Edizione numero 79 dell&rsquo;Esposizione internazionale delle due ruote: dall&rsquo;8 al 13 novembre, a Fiera Milano Rho, il presente e il futuro del settore e tanto spettacolo per le centinaia di migliaia di visitatori attesi.<\/p>\n","protected":false},"author":1,"featured_media":23743,"comment_status":"open","ping_status":"open","sticky":false,"template":"","format":"standard","meta":{"rop_custom_images_group":[],"rop_custom_messages_group":[],"rop_publish_now":"initial","rop_publish_now_accounts":[],"rop_publish_now_history":[],"rop_publish_now_status":"pending","footnotes":""},"categories":[16],"tags":[9155,9152,1689,9156,9157,9154,9153],"class_list":["post-23741","post","type-post","status-publish","format-standard","has-post-thumbnail","hentry","category-articolo","tag-alessia-cappello","tag-conferenza-stampa-pirellone","tag-eicma","tag-enrico-pazzali","tag-maurizio-forte","tag-paolo-magri","tag-pietro-meda"],"_links":{"self":[{"href":"https:\/\/www.nonsolomodanews.it\/wordpress\/wp-json\/wp\/v2\/posts\/23741","targetHints":{"allow":["GET"]}}],"collection":[{"href":"https:\/\/www.nonsolomodanews.it\/wordpress\/wp-json\/wp\/v2\/posts"}],"about":[{"href":"https:\/\/www.nonsolomodanews.it\/wordpress\/wp-json\/wp\/v2\/types\/post"}],"author":[{"embeddable":true,"href":"https:\/\/www.nonsolomodanews.it\/wordpress\/wp-json\/wp\/v2\/users\/1"}],"replies":[{"embeddable":true,"href":"https:\/\/www.nonsolomodanews.it\/wordpress\/wp-json\/wp\/v2\/comments?post=23741"}],"version-history":[{"count":5,"href":"https:\/\/www.nonsolomodanews.it\/wordpress\/wp-json\/wp\/v2\/posts\/23741\/revisions"}],"predecessor-version":[{"id":23751,"href":"https:\/\/www.nonsolomodanews.it\/wordpress\/wp-json\/wp\/v2\/posts\/23741\/revisions\/23751"}],"wp:featuredmedia":[{"embeddable":true,"href":"https:\/\/www.nonsolomodanews.it\/wordpress\/wp-json\/wp\/v2\/media\/23743"}],"wp:attachment":[{"href":"https:\/\/www.nonsolomodanews.it\/wordpress\/wp-json\/wp\/v2\/media?parent=23741"}],"wp:term":[{"taxonomy":"category","embeddable":true,"href":"https:\/\/www.nonsolomodanews.it\/wordpress\/wp-json\/wp\/v2\/categories?post=23741"},{"taxonomy":"post_tag","embeddable":true,"href":"https:\/\/www.nonsolomodanews.it\/wordpress\/wp-json\/wp\/v2\/tags?post=23741"}],"curies":[{"name":"wp","href":"https:\/\/api.w.org\/{rel}","templated":true}]}}