{"id":23706,"date":"2022-10-10T20:52:24","date_gmt":"2022-10-10T20:52:24","guid":{"rendered":"https:\/\/www.nonsolomodanews.it\/wordpress\/?p=23706"},"modified":"2022-10-10T20:52:24","modified_gmt":"2022-10-10T20:52:24","slug":"bologna-presentata-la-3-edizione-salone-nautico-internazionale","status":"publish","type":"post","link":"https:\/\/www.nonsolomodanews.it\/wordpress\/bologna-presentata-la-3-edizione-salone-nautico-internazionale\/","title":{"rendered":"Bologna, presentata la 3^ edizione Salone Nautico Internazionale"},"content":{"rendered":"<p style=\"font-weight: 400;\"><span style=\"color: #000000;\"><img loading=\"lazy\" decoding=\"async\" class=\"size-medium wp-image-23707 alignleft\" src=\"https:\/\/www.nonsolomodanews.it\/wordpress\/wp-content\/uploads\/2022\/10\/IMG_9438-225x300.jpeg\" alt=\"\" width=\"225\" height=\"300\" srcset=\"https:\/\/www.nonsolomodanews.it\/wordpress\/wp-content\/uploads\/2022\/10\/IMG_9438-225x300.jpeg 225w, https:\/\/www.nonsolomodanews.it\/wordpress\/wp-content\/uploads\/2022\/10\/IMG_9438-768x1024.jpeg 768w, https:\/\/www.nonsolomodanews.it\/wordpress\/wp-content\/uploads\/2022\/10\/IMG_9438-1152x1536.jpeg 1152w, https:\/\/www.nonsolomodanews.it\/wordpress\/wp-content\/uploads\/2022\/10\/IMG_9438-1080x1440.jpeg 1080w, https:\/\/www.nonsolomodanews.it\/wordpress\/wp-content\/uploads\/2022\/10\/IMG_9438.jpeg 1536w\" sizes=\"auto, (max-width: 225px) 100vw, 225px\" \/>Presentata questa mattina, nella sede della Regione Emilia-Romagna, la 3^ edizione del Salone Nautico Internazionale di Bologna in programma, dal 15 al 23 ottobre p.v. nel quartiere fieristico di BolognaFiere. La rassegna, organizzata dalla societ\u00e0 Saloni Nautici Internazionale D\u2019Italia in collaborazione con l\u2019ente fieristico bolognese e che gode della importante partnership di Trenitalia del Gruppo Ferrovie dello Stato Italiane, rappresenter\u00e0 la nautica da diporto di imbarcazioni tra i 6 e 15 metri che, nel 2021, ha registrato il 75,6% dell\u2019intera produttivit\u00e0 nazionale che misura un fatturato di 6.1 miliardi di euro.<\/span><\/p>\n<p><span style=\"color: #000000;\"><!--more--><\/span><\/p>\n<p style=\"font-weight: 400;\"><span style=\"color: #000000;\">Alla presentazione, al fianco di <strong>Gennaro Amato<\/strong>, presidente di SNIDI (Saloni Nautici Internazionale D\u2019Italia) hanno partecipato: il Governatore Stefano Bonaccini, l\u2019AD e Direttore Generale di Trenitalia Luigi Corradi e il presidente di BolognaFiere SpA, Gianpiero Calzolari. Durante l\u2019incontro con la stampa sono stati presentati i contenuti dell\u2019edizione 2022 che dimostra una crescita costante come ha indicato il presidente della societ\u00e0 organizzatrice: \u201c<em>Dalla prima edizione del 2020 ad oggi abbiamo implementato il numero delle imbarcazioni in mostra, portandole da 100 a oltre 160, anche le aziende espositrici sono aumentate, passando dalle iniziali 39 alle attuali 63. Quello per\u00f2 che ripaga tutti gli sforzi organizzativi compiuti durante la pandemia, con una edizione in pieno lockdown \u2013\u00a0<\/em>spiega Gennaro Amato<em>\u00a0-, \u00e8 la stima e fiducia che ci \u00e8 stata riconosciuta da alcuni cantieri italiani importanti che, per la prima volta, hanno deciso di partecipare al Salone Nautico Internazionale di Bologna aumentandone la visibilit\u00e0 e valorizzandolo ulteriormente<\/em>\u201d.<\/span><\/p>\n<p style=\"font-weight: 400;\"><span style=\"color: #000000;\">Convinto del valore indiscusso della nautica il presidente della regione Emilia-Romagna <strong>Stefano Bonaccini<\/strong><em>: \u201c<\/em><em>Lo scorso anno l\u2019Emilia-Romagna ha contribuito per 30 miliardi su un totale di 44 del surplus commerciale italiano e questo \u00e8 dovuto a straordinarie imprese, alcune anche della nautica: se pensate al volume economico \u00e8 un quarto del totale. Siamo la prima regione manifatturiera, e soprattutto per export pro capite, e il settore della nautica \u00e8 un settore che d\u00e0 garanzie nel momento in cui si apre e ha sempre pi\u00f9 rapporti con il mondo e quindi questo per noi \u00e8 assolutamente rilevante. Vogliamo ringraziare Snidi, perch\u00e9 quando abbiamo fatto la prima edizione io non avevo certezze che si sarebbe potuto proseguire, poteva essere anche solo un esperimento, invece vedo che in questa collaborazione le cose non solo si sostengono, ma addirittura si sviluppano.\u00a0<\/em><em>Mare ed aerospazio sono valori di sicuro sviluppo economico, perci\u00f2 ben venga il Salone nautico a Bologna che dimostra, anno dopo anno, di crescere e divenire una realt\u00e0 che sviluppa e produce economia e posti di lavoro\u201d.<\/em><\/span><\/p>\n<p style=\"font-weight: 400;\"><span style=\"color: #000000;\">All\u2019incontro con la stampa per Trenitalia, la societ\u00e0 del Gruppo ferrovie dello Stato Italiano, \u00e8 intervenuto il Ceo <strong>Luigi Corradi<\/strong>, a dimostrazione dell\u2019importanza che la societ\u00e0 attribuisce alla partnership con il salone: \u201c<em>Accompagneremo con l&#8217;italianit\u00e0 del Frecciarossa sempre pi\u00f9 eventi come questo Salone nautico di Bologna, che esalta il Made in Italy e che vede l&#8217;Italia leader non solo in termini di numeri, ma leader anche in termini di innovazione. Sostenere questo settore, che rappresenta tanto di quella che \u00e8 la manifattura italiana, \u00e8 per noi molto positivo e importante\u201d.<\/em><\/span><\/p>\n<p style=\"font-weight: 400;\"><span style=\"color: #000000;\">Soddisfatto anche <strong>Gianpiero Calzolari<\/strong>, presidente BolognaFiere Spa, che per primo ha raccolto la sfida di ospitare il salone nautico:\u00a0<em>\u201cStiamo compiendo un percorso importante come ente fieristico e siamo contenti di accompagnare Snidi in questa prima parte di percorso che si dimostra vincente\u201d.<\/em><\/span><\/p>\n<p><span style=\"color: #000000;\">Nella foto Da dx, Gennaro Amato, Stefano Bonaccini, Luigi Corradi e Giampiero Calzolari (Foto Bruno Angelo Porcellana)<\/span><\/p>\n<p style=\"text-align: center;\"><span style=\"color: #000000;\">Ufficio Stampa Salone Nautico<\/span><br \/>\n<span style=\"color: #000000;\">Tutti i diritti riservati \u00a9 2022 \u2013 Email: <a style=\"color: #000000;\" href=\"mailto:nonsolomodanews@gmail.com\">nonsolomodanews@gmail.com<\/a><\/span><\/p>\n","protected":false},"excerpt":{"rendered":"<p>Presentata questa mattina, nella sede della Regione Emilia-Romagna, la 3^ edizione del Salone Nautico Internazionale di Bologna in programma, dal 15 al 23 ottobre p.v. nel quartiere fieristico di BolognaFiere. La rassegna, organizzata dalla societ&agrave; Saloni Nautici Internazionale D&rsquo;Italia in collaborazione con l&rsquo;ente fieristico bolognese e che gode della importante partnership di Trenitalia del Gruppo Ferrovie dello Stato Italiane, rappresenter&agrave; la nautica da diporto di imbarcazioni tra i 6 e 15 metri che, nel 2021, ha registrato il 75,6% dell&rsquo;intera produttivit&agrave; nazionale che misura un fatturato di 6.1 miliardi di euro.<\/p>\n","protected":false},"author":1,"featured_media":23711,"comment_status":"open","ping_status":"open","sticky":false,"template":"","format":"standard","meta":{"rop_custom_images_group":[],"rop_custom_messages_group":[],"rop_publish_now":"initial","rop_publish_now_accounts":[],"rop_publish_now_history":[],"rop_publish_now_status":"pending","footnotes":""},"categories":[16],"tags":[281,372,9000,3059,9149,1099,9148,8998],"class_list":["post-23706","post","type-post","status-publish","format-standard","has-post-thumbnail","hentry","category-articolo","tag-bruno-angelo-porcellana","tag-comunicato-stampa-2","tag-gennaro-amato","tag-giampiero-calzolari","tag-luigi-corradi","tag-nonsolomodanews","tag-salone-nautico","tag-stefano-bonaccini"],"_links":{"self":[{"href":"https:\/\/www.nonsolomodanews.it\/wordpress\/wp-json\/wp\/v2\/posts\/23706","targetHints":{"allow":["GET"]}}],"collection":[{"href":"https:\/\/www.nonsolomodanews.it\/wordpress\/wp-json\/wp\/v2\/posts"}],"about":[{"href":"https:\/\/www.nonsolomodanews.it\/wordpress\/wp-json\/wp\/v2\/types\/post"}],"author":[{"embeddable":true,"href":"https:\/\/www.nonsolomodanews.it\/wordpress\/wp-json\/wp\/v2\/users\/1"}],"replies":[{"embeddable":true,"href":"https:\/\/www.nonsolomodanews.it\/wordpress\/wp-json\/wp\/v2\/comments?post=23706"}],"version-history":[{"count":3,"href":"https:\/\/www.nonsolomodanews.it\/wordpress\/wp-json\/wp\/v2\/posts\/23706\/revisions"}],"predecessor-version":[{"id":23713,"href":"https:\/\/www.nonsolomodanews.it\/wordpress\/wp-json\/wp\/v2\/posts\/23706\/revisions\/23713"}],"wp:featuredmedia":[{"embeddable":true,"href":"https:\/\/www.nonsolomodanews.it\/wordpress\/wp-json\/wp\/v2\/media\/23711"}],"wp:attachment":[{"href":"https:\/\/www.nonsolomodanews.it\/wordpress\/wp-json\/wp\/v2\/media?parent=23706"}],"wp:term":[{"taxonomy":"category","embeddable":true,"href":"https:\/\/www.nonsolomodanews.it\/wordpress\/wp-json\/wp\/v2\/categories?post=23706"},{"taxonomy":"post_tag","embeddable":true,"href":"https:\/\/www.nonsolomodanews.it\/wordpress\/wp-json\/wp\/v2\/tags?post=23706"}],"curies":[{"name":"wp","href":"https:\/\/api.w.org\/{rel}","templated":true}]}}