{"id":237,"date":"2013-04-30T17:40:04","date_gmt":"2013-04-30T17:40:04","guid":{"rendered":"http:\/\/nonsolomodanews.wordpress.com\/?p=237"},"modified":"2013-04-30T17:40:04","modified_gmt":"2013-04-30T17:40:04","slug":"anna-rogozhkina-unattrice-e-fotomodella-a-tutto-tondo-quando-oltre-al-fascino-agli-occhi-e-al-sorriso-ce-di-piu","status":"publish","type":"post","link":"https:\/\/www.nonsolomodanews.it\/wordpress\/anna-rogozhkina-unattrice-e-fotomodella-a-tutto-tondo-quando-oltre-al-fascino-agli-occhi-e-al-sorriso-ce-di-piu\/","title":{"rendered":"Anna Rogozhkina, un&#039;attrice e fotomodella a tutto tondo. Quando oltre al fascino, agli occhi e al sorriso c&#039;\u00e8 di pi\u00f9."},"content":{"rendered":"<h2 style=\"text-align:center;\">\u00a0<\/h2>\n<div id=\"attachment_242\" style=\"width: 650px\" class=\"wp-caption aligncenter\"><a href=\"http:\/\/nonsolomodanews.files.wordpress.com\/2013\/04\/image_1367179579607327.jpg\"><img loading=\"lazy\" decoding=\"async\" aria-describedby=\"caption-attachment-242\" class=\"size-full wp-image-242\" alt=\"Anna Rogozhkina - I diritti della fotografia appartengono al fotografo\" src=\"http:\/\/nonsolomodanews.files.wordpress.com\/2013\/04\/image_1367179579607327.jpg\" width=\"640\" height=\"960\" srcset=\"https:\/\/www.nonsolomodanews.it\/wordpress\/wp-content\/uploads\/2013\/04\/image_1367179579607327.jpg 640w, https:\/\/www.nonsolomodanews.it\/wordpress\/wp-content\/uploads\/2013\/04\/image_1367179579607327-200x300.jpg 200w\" sizes=\"auto, (max-width: 640px) 100vw, 640px\" \/><\/a><p id=\"caption-attachment-242\" class=\"wp-caption-text\">Anna Rogozhkina &#8211; I diritti della fotografia appartengono al fotografo<\/p><\/div>\n<p style=\"text-align:justify;\"><span style=\"color:#000000;\">Oggi incontriamo la bella e giovane attrice e fotomodella, <strong>Anna Rogozhkina<\/strong>. Anna \u00e8 una ragazza di origine russa \u2013 (kazaka per l\u2019esattezza) essendo nata ad Alma-Ata. Vive in Italia dall\u2019et\u00e0 di 19 anni e persegue i suoi obiettivi con impegno e sacrificio ma restando saldamente con i piedi a terra. Diplomata in ragioneria parla l\u2019italiano, l\u2019inglese e il russo benissimo, essendo di madre lingua. Il tarlo dello spettacolo c\u2019\u00e8 sempre stato. Fin da piccola ha sempre sognato di diventare un&#8217;attrice e una fotomodella. Il suo desiderio pi\u00f9 grande \u00e8 quello di regalare emozioni importanti alle persone, con semplicit\u00e0 e spontaneit\u00e0, senza essere volgare. Si definisce<\/span> <span style=\"color:#000000;\">una persona semplice, sorridente, che ama molto gli animali ed \u00e8 vegetariana. Crede profondamente negli stili di vita sani e ama tanto lo sport. Crede che l&#8217;eleganza e la femminilit\u00e0 siano caratteristiche fondamentali per una ragazza, la vera bellezza nasce dentro di &#8220;noi&#8221;, dichiara Anna. L&#8217;impegno e il lavoro duro rappresentano l&#8217;unica strada&#8230; l&#8217;unica strada per valorizzare le proprie capacit\u00e0. Recentemente ha ricoperto un ruolo nel dramma liturgico \u201cl\u2019anno del Leone\u201d di Paola Poliseno al teatro Verdi di Montecatini Terme con Loredana Lecciso. E\u2019 speaker del TG extra di <strong>Paola Poliseno<\/strong>, col Principe Guglielmo Marconi su SKY canale 950. E\u2019 Valletta di Guido Genovesi \u201cGuidino\u201d del Grande Fratello nella trasmissione televisiva<em> &#8220;Acqua Fresca&#8221;,<\/em> trasmessa dalla Bussola di Pietrasanta.\u00a0Nel mese di Aprile\u00a0ha partecipato con un piccolo ruolo in &#8220;Amore criminale&#8221; su Rai 3 e in una serie TV &#8220;Due sbirri per caso&#8221;. Recentemente ha partecipato alla registrazione del trailer del per il nuovo film di <strong>Philippe Macina<\/strong>: <em>\u201cIl Viale delle Rose\u201d,<\/em> tratto dal fortunato libro di <strong>Giuseppe Marzi,<\/strong> che sar\u00e0 poi presentato, <\/span><span style=\"color:#000000;\">dal 15 al 20 maggio, al Festival di Cannes, uno degli appuntamenti pi\u00f9 importanti a livello internazionale per le produzioni cinematografiche. Si tratta di una vera e propria \u201cprima\u201d per la Repubblica di San Marino, che sar\u00e0 presente alla prestigiosa manifestazione cinematografica francese, con alcune sue produzioni.<\/span><\/p>\n<p style=\"text-align:justify;\"><b>Ciao Anna, grazie per la possibilit\u00e0 che ci dai di farti conoscere meglio ai nostri lettori.<\/b><br \/>\n<span style=\"color:#000000;\"><i>\u201cIl piacere \u00e8 anche mio, sono contenta di potermi esprimere rivelando aspetti della mia personalit\u00e0 e della mia vita\u201d.<\/i><\/span><\/p>\n<p style=\"text-align:justify;\"><b>Chi \u00e8 Anna Rogozhkina, ti vuoi presentare ai nostri lettori ?<\/b><br \/>\n<span style=\"color:#000000;\"><i>\u201cFondamentalmente sono un&#8217;artista anche nella vita, ho un caratterino&#8230; ho sempre lottato nella vita per raggiungere i miei obiettivi\u201d.<\/i><\/span><\/p>\n<p style=\"text-align:justify;\"><b>Tu sei di origine khazaka, essendo nata ad Alma-Ata. Cosa ti manca del tuo paese di origine?<\/b><br \/>\n<span style=\"color:#000000;\"><i>\u201cOvviamente mi mancano gli affetti famigliari, ho i parenti l\u00ec, anche il cibo naturalmente\u201d.<\/i><\/span><\/p>\n<p style=\"text-align:justify;\"><span style=\"color:#000000;\"><b>Quando ti metti in <\/b><strong>testa qualcosa lo persegui<\/strong><b> con impegno e sacrificio. Cosa vuol dire impegnarsi e sacrificarsi per un sogno?<\/b><\/span><br \/>\n<span style=\"color:#000000;\"><i>\u201c<\/i><i>Significa dedicare le proprie energie ad uno scopo. Nel settore artistico \u00e8 necessario curare molto le pubbliche relazioni, partecipare a molti casting, curare molto il proprio aspetto fisico\u201d.<\/i><\/span><\/p>\n<p style=\"text-align:justify;\"><span style=\"color:#000000;\"><b>Tu hai sempre voluto fare l\u2019attrice e la fotomodella. Da dove nasce questa tuo desiderio?<\/b><\/span><br \/>\n<span style=\"color:#000000;\">\u201cDai tempi dell&#8217;asilo, quando ho recitato per la prima volta\u201d.<\/span><\/p>\n<div id=\"attachment_241\" style=\"width: 394px\" class=\"wp-caption aligncenter\"><a href=\"http:\/\/nonsolomodanews.files.wordpress.com\/2013\/04\/image_1367179579607319.jpg\"><img loading=\"lazy\" decoding=\"async\" aria-describedby=\"caption-attachment-241\" class=\" wp-image-241 \" alt=\"Anna Rogozhkina - I diritti della fotografia appartengono al fotografo\" src=\"http:\/\/nonsolomodanews.files.wordpress.com\/2013\/04\/image_1367179579607319.jpg\" width=\"384\" height=\"576\" srcset=\"https:\/\/www.nonsolomodanews.it\/wordpress\/wp-content\/uploads\/2013\/04\/image_1367179579607319.jpg 640w, https:\/\/www.nonsolomodanews.it\/wordpress\/wp-content\/uploads\/2013\/04\/image_1367179579607319-200x300.jpg 200w\" sizes=\"auto, (max-width: 384px) 100vw, 384px\" \/><\/a><p id=\"caption-attachment-241\" class=\"wp-caption-text\">Anna Rogozhkina &#8211; I diritti della fotografia appartengono al fotografo<\/p><\/div>\n<p style=\"text-align:justify;\"><span style=\"color:#000000;\"><b>Tu ti consideri una bella ragazza? Sai che quando cammini non passi inosservata?<\/b><\/span><br \/>\n<span style=\"color:#000000;\"><i>\u201cOnestamente si, ho il mio fascino\u201d.<\/i><\/span><\/p>\n<p style=\"text-align:justify;\"><span style=\"color:#000000;\"><b>Che cosa apprezzi di pi\u00f9 del tuo fisico?<\/b><\/span><br \/>\n<span style=\"color:#000000;\"><i>\u201cGli occhi, il sorriso e il&#8230;fondo schiena\u201d<\/i><i><\/i><\/span><\/p>\n<p style=\"text-align:justify;\"><span style=\"color:#000000;\"><b>E quella che apprezzi meno?<\/b><b><\/b><\/span><br \/>\n<span style=\"color:#000000;\">\u201cNulla, sono perfetta&#8230;ahahaha scherzo mi piacerebbe essere pi\u00f9 alta\u201d.<b><\/b><\/span><\/p>\n<p style=\"text-align:justify;\"><span style=\"color:#000000;\"><b>Le misure 92-62-93 hanno avuto una parte importante nella scelta di questa carriera professionale?<\/b><\/span><br \/>\n<span style=\"color:#000000;\"><i>\u201cSi, certo ma non dimentichiamo l&#8217;intelligenza e savoire faire\u201d.<\/i><\/span><\/p>\n<div id=\"attachment_244\" style=\"width: 650px\" class=\"wp-caption aligncenter\"><a href=\"http:\/\/nonsolomodanews.files.wordpress.com\/2013\/04\/image_1367179579607342.jpg\"><img loading=\"lazy\" decoding=\"async\" aria-describedby=\"caption-attachment-244\" class=\"size-large wp-image-244\" alt=\"Anna Rogozhkina - I diritti della fotografia appartengono al fotografo\" src=\"http:\/\/nonsolomodanews.files.wordpress.com\/2013\/04\/image_1367179579607342.jpg?w=640\" width=\"640\" height=\"494\" srcset=\"https:\/\/www.nonsolomodanews.it\/wordpress\/wp-content\/uploads\/2013\/04\/image_1367179579607342.jpg 960w, https:\/\/www.nonsolomodanews.it\/wordpress\/wp-content\/uploads\/2013\/04\/image_1367179579607342-300x232.jpg 300w, https:\/\/www.nonsolomodanews.it\/wordpress\/wp-content\/uploads\/2013\/04\/image_1367179579607342-520x400.jpg 520w\" sizes=\"auto, (max-width: 640px) 100vw, 640px\" \/><\/a><p id=\"caption-attachment-244\" class=\"wp-caption-text\">Anna Rogozhkina &#8211; I diritti della fotografia appartengono al fotografo<\/p><\/div>\n<p style=\"text-align:justify;\"><span style=\"color:#000000;\"><b>Hai partecipato a concorsi di bellezza e se si quali? Hai vinto delle fasce? <\/b><\/span><br \/>\n<span style=\"color:#000000;\"><i>\u201cSi, ho partecipato e vinto a molti concorsi estivi\u201d.<\/i><\/span><\/p>\n<p style=\"text-align:justify;\"><span style=\"color:#000000;\"><b>Come hai iniziato a fare l\u2019attrice e la fotomodella?<\/b><\/span><br \/>\n<span style=\"color:#000000;\"><i>\u201cHo iniziato a fare l&#8217;attrice quando ho conosciuto la scrittrice Paola Poliseno famosissima in rete, e a fare la fotomodella ho iniziato in Russia\u201d.<\/i><b><i><\/i><\/b><\/span><\/p>\n<p style=\"text-align:justify;\"><span style=\"color:#000000;\"><b>Ti ricordi la tua prima volta come attrice?<\/b><\/span><br \/>\n<span style=\"color:#000000;\"><i>\u201cLa mia prima esibizione in pubblico \u00e8 avvenuta al teatro Verdi di Montecatini nel dramma liturgico &#8220;L&#8217;anno del Leone&#8221; di Paola Poliseno, a cui a partecipato anche Loredana Lecciso\u201d.<\/i><\/span><\/p>\n<p style=\"text-align:justify;\"><span style=\"color:#000000;\"><b>Hai iniziato a recitare in Italia o hai recitato anche in Russia?<\/b><\/span><br \/>\n<span style=\"color:#000000;\"><i>\u201cHo iniziato a recitare in Russia in un piccolo teatro\u201d<\/i><\/span><\/p>\n<p style=\"text-align:justify;\"><b>Hai seguito dei corsi di recitazione e modeling in Italia o un dono che hai da sempre?<\/b><br \/>\n<i>\u201c<span style=\"color:#000000;\">Sono autodidatta, \u00e8 un talento naturale\u201d.<\/span><\/i><\/p>\n<div id=\"attachment_243\" style=\"width: 209px\" class=\"wp-caption alignright\"><a href=\"http:\/\/nonsolomodanews.files.wordpress.com\/2013\/04\/image_1367179579607334.jpg\"><img loading=\"lazy\" decoding=\"async\" aria-describedby=\"caption-attachment-243\" class=\" wp-image-243 \" alt=\"Anna Rogozhkina - I diritti della fotografia appartengono al fotografo\" src=\"http:\/\/nonsolomodanews.files.wordpress.com\/2013\/04\/image_1367179579607334.jpg?w=199\" width=\"199\" height=\"300\" srcset=\"https:\/\/www.nonsolomodanews.it\/wordpress\/wp-content\/uploads\/2013\/04\/image_1367179579607334.jpg 638w, https:\/\/www.nonsolomodanews.it\/wordpress\/wp-content\/uploads\/2013\/04\/image_1367179579607334-199x300.jpg 199w\" sizes=\"auto, (max-width: 199px) 100vw, 199px\" \/><\/a><p id=\"caption-attachment-243\" class=\"wp-caption-text\">Anna Rogozhkina &#8211; I diritti della fotografia appartengono al fotografo<\/p><\/div>\n<p style=\"text-align:justify;\"><span style=\"color:#000000;\"><b>Cosa significa fare l\u2019attrice? E tutto oro quel che si vede oppure significa fatica e sacrificio?<\/b><\/span><br \/>\n<span style=\"color:#000000;\"><i>\u201cSi sa che non \u00e8 tutto oro quello che luccica, il sacrificio va messo in conto, dal nulla non viene nulla\u201d<\/i><\/span><\/p>\n<p style=\"text-align:justify;\"><span style=\"color:#000000;\"><b>Quanta importanza ha avuto la tua famiglia nella scelta di questa professione? C\u2019\u00e8 stato qualcuno o qualcuna che ti ha supportato in modo particolare nella tua decisione di fare la l\u2019attrice?<\/b><\/span><br \/>\n<span style=\"color:#000000;\"><i>\u201cMia madre sicuramente mi ha incoraggiata\u201d.<\/i><b><i><\/i><\/b><\/span><\/p>\n<p style=\"text-align:justify;\"><span style=\"color:#000000;\"><b>A livello professionale hai qualcuno che ricordi con piacere con il quale ha lavorato? <\/b><\/span><br \/>\n<span style=\"color:#000000;\"><i>\u201cSicuramente la geniale Paola Poliseno, guardate su YouTube il suo TG Extra edizione speciale.\u201d\u00a0<\/i><b><i><\/i><\/b><\/span><\/p>\n<p style=\"text-align:justify;\"><span style=\"color:#000000;\"><b>Ti definisci una sportiva, quali sport pratichi?<\/b><\/span><br \/>\n<span style=\"color:#000000;\"><i>\u201cIn inverno lo sci, e tennis in estate. Comunque amo lo sport in genere\u201d.<\/i><\/span><\/p>\n<p style=\"text-align:justify;\"><span style=\"color:#000000;\"><b>Come fotomodella cosa cerchi in un fotografo e viceversa cosa cercano i fotografi in te?<\/b><\/span><br \/>\n<span style=\"color:#000000;\"><i>\u201cIn un fotografo cerco la professionalit\u00e0 e la bravura. I fotografi penso che cerchino in me di tirar fuori il mio talento nella posa, e ovviamente mio fascino\u201d.<\/i><\/span><\/p>\n<p style=\"text-align:justify;\"><span style=\"color:#000000;\"><b>E\u2019 da molto che calchi i palcoscenici e i set fotografici?<\/b><i><\/i><\/span><br \/>\n<span style=\"color:#000000;\"><i>\u201cSi, da sempre\u201d.<\/i><\/span><\/p>\n<p style=\"text-align:justify;\"><span style=\"color:#000000;\"><b>Ti ricordi del tuo primo servizio fotografico e quale sono le sensazioni che hai provato vedendoti fotografata? <\/b><\/span><br \/>\n<span style=\"color:#000000;\"><b><i>\u201c<\/i><\/b><i>L&#8217;esperienza fotografica \u00e8 stata a Santo Domingo per il villaggio turistico di Punta Cana\u201d.<\/i><b><i><\/i><\/b><\/span><\/p>\n<p style=\"text-align:justify;\"><span style=\"color:#000000;\"><b>Hai qualche genere che preferisci in particolare? <\/b><\/span><br \/>\n<span style=\"color:#000000;\"><i>\u201cSono molto adattabile e versatile\u201d.<\/i><b><i><\/i><\/b><\/span><\/p>\n<p style=\"text-align:justify;\"><span style=\"color:#000000;\"><b>Sei una pianificatrice o lasci che gli eventi ti trascinino? Hai un\u2019agenda dove segni gli appuntamenti?<\/b><\/span><br \/>\n<span style=\"color:#000000;\"><i>\u201cUn po\u2019 tutte e due le cose, sono molto programmatrice, la mia agenda \u00e8 la mia memoria, ma so anche cogliere le occasioni al volo\u201d.<\/i><b><i><\/i><\/b><\/span><\/p>\n<p style=\"text-align:justify;\"><span style=\"color:#000000;\"><b>Un uccellino ci ha detto che un film di cui fai parte del cast parteciper\u00e0 al festival di Cannes. Ce ne vuoi parlare?<\/b><\/span><br \/>\n<span style=\"color:#000000;\"><i>\u201cSi volevo aggiungere che questo mese far\u00f2 una parte in un nuovo film di Philippe Macina: \u201cIl Viale delle Rose\u201d, tratto dal fortunato libro di Giuseppe Marzi. Che andr\u00e0 dal 15 al 20 maggio, al Festival di Cannes\u201d.<\/i><i><\/i><\/span><\/p>\n<div id=\"attachment_245\" style=\"width: 650px\" class=\"wp-caption aligncenter\"><a href=\"http:\/\/nonsolomodanews.files.wordpress.com\/2013\/04\/image_1367179579607351.jpg\"><img loading=\"lazy\" decoding=\"async\" aria-describedby=\"caption-attachment-245\" class=\"size-large wp-image-245\" alt=\"Anna Rogozhkina - I diritti della fotografia appartengono al fotografo\" src=\"http:\/\/nonsolomodanews.files.wordpress.com\/2013\/04\/image_1367179579607351.jpg?w=640\" width=\"640\" height=\"424\" srcset=\"https:\/\/www.nonsolomodanews.it\/wordpress\/wp-content\/uploads\/2013\/04\/image_1367179579607351.jpg 960w, https:\/\/www.nonsolomodanews.it\/wordpress\/wp-content\/uploads\/2013\/04\/image_1367179579607351-300x199.jpg 300w\" sizes=\"auto, (max-width: 640px) 100vw, 640px\" \/><\/a><p id=\"caption-attachment-245\" class=\"wp-caption-text\">Anna Rogozhkina &#8211; I diritti della fotografia appartengono al fotografo<\/p><\/div>\n<p style=\"text-align:justify;\"><span style=\"color:#000000;\"><b>Tu sei di origine russa (khazaka, per l&#8217;esattezza), cosa porti della tua terra nel lavoro di fotomodella e attrice?<\/b><\/span><br \/>\n<span style=\"color:#000000;\"><i>\u201cI tratti somatici caratteristici del Kazakistan e il temperamento\u201d.<\/i><b><i><\/i><\/b><\/span><\/p>\n<p style=\"text-align:justify;\"><span style=\"color:#000000;\"><b>Sei religiosa?<\/b><\/span><br \/>\n<span style=\"color:#000000;\"><i>\u201cSi, sono molto religiosa e credo fermante nella fede, anche se sono ortodossa apprezzo anche le altre religioni\u201d.<\/i><b><i><\/i><\/b><\/span><\/p>\n<p style=\"text-align:justify;\"><span style=\"color:#000000;\"><b>Sei mai stata a Bari presso la Basilica di San Nicola dove vengono celebrate Messe in rito ortodosso?<\/b><\/span><br \/>\n<span style=\"color:#000000;\"><b><i>\u201c<\/i><\/b><i>Si, sono stata tre volte a Bari.\u201d<\/i><b><i><\/i><\/b><\/span><\/p>\n<p style=\"text-align:justify;\"><span style=\"color:#000000;\"><b>Se potessi decidere un\u2019altra nazione, dove vorresti andare a vivere?<\/b><\/span><br \/>\n<span style=\"color:#000000;\"><i>\u201cIn Francia\u201d.<\/i><\/span><\/p>\n<p style=\"text-align:justify;\"><span style=\"color:#000000;\"><b>Venendo alla vita privata, sei fidanzata?<\/b><\/span><br \/>\n<span style=\"color:#000000;\"><i>\u201cNo\u201d<\/i><\/span><\/p>\n<div id=\"attachment_240\" style=\"width: 650px\" class=\"wp-caption aligncenter\"><a href=\"http:\/\/nonsolomodanews.files.wordpress.com\/2013\/04\/image_1367179579607300.jpg\"><img loading=\"lazy\" decoding=\"async\" aria-describedby=\"caption-attachment-240\" class=\"size-large wp-image-240\" alt=\"Anna Rogozhkina - I diritti della fotografia appartengono al fotografo\" src=\"http:\/\/nonsolomodanews.files.wordpress.com\/2013\/04\/image_1367179579607300.jpg?w=640\" width=\"640\" height=\"955\" srcset=\"https:\/\/www.nonsolomodanews.it\/wordpress\/wp-content\/uploads\/2013\/04\/image_1367179579607300.jpg 643w, https:\/\/www.nonsolomodanews.it\/wordpress\/wp-content\/uploads\/2013\/04\/image_1367179579607300-201x300.jpg 201w\" sizes=\"auto, (max-width: 640px) 100vw, 640px\" \/><\/a><p id=\"caption-attachment-240\" class=\"wp-caption-text\">Anna Rogozhkina &#8211; I diritti della fotografia appartengono al fotografo<\/p><\/div>\n<p style=\"text-align:justify;\"><span style=\"color:#000000;\"><b>Se fossi stata fidanzata\u00a0che cosa cercheresti\u00a0in un compagno di vita?<\/b><\/span><br \/>\n<span style=\"color:#000000;\"><i>\u201cFedelt\u00e0, rispetto, generosit\u00e0 e che non sia un pantofolaio, mi piace l&#8217;uomo sportivo e vivace. Ah, dimenticavo che mi stia vicino nel bene e nel male\u201d.<\/i><\/span><\/p>\n<p style=\"text-align:justify;\"><span style=\"color:#000000;\"><b>Qual\u2019 \u00e8 il rapporto con i socialnetwork come Facebook, twitter? Sei una \u201cinternet addict\u201d ovvero sei sempre collegata oppure ogni tanto stacchi?<\/b><\/span><br \/>\n<span style=\"color:#000000;\"><i>\u201cMi divertono i socialnetwork, ma non sono fissata\u201d.<\/i><i><\/i><\/span><\/p>\n<p style=\"text-align:justify;\"><span style=\"color:#000000;\"><b>Le nuove tecnologie le usi per lavoro oppure per stare in contatto con i parenti e gli amici?<\/b><\/span><br \/>\n<span style=\"color:#000000;\"><i>\u201cPer entrambe le cose\u201d.<\/i><i><\/i><\/span><\/p>\n<p style=\"text-align:justify;\"><span style=\"color:#000000;\"><b>Grazie Anna a nome mio e dei lettori per la tua disponibilit\u00e0 e cortesia a concederci questa intervista.<\/b><\/span><br \/>\n<span style=\"color:#000000;\"><i>\u201cGrazie anche a voi e alla prossima\u201d.<\/i><\/span><i><\/i><\/p>\n<address style=\"text-align:justify;\"><strong><span style=\"color:#000000;\">\u00a9 RIPRODUZIONE RISERVATA<\/span><\/strong><\/address>\n","protected":false},"excerpt":{"rendered":"<p>&nbsp; Oggi incontriamo la bella e giovane attrice e fotomodella, Anna Rogozhkina. Anna &egrave; una ragazza di origine russa &ndash; (kazaka per l&rsquo;esattezza) essendo nata ad Alma-Ata. Vive in Italia dall&rsquo;et&agrave; di 19 anni e persegue i suoi obiettivi con impegno e sacrificio ma restando saldamente con i piedi a terra. Diplomata in ragioneria parla l&rsquo;italiano, l&rsquo;inglese e il russo benissimo, essendo di madre lingua. Il tarlo dello spettacolo c&rsquo;&egrave; sempre stato. Fin da piccola ha sempre sognato di diventare un&rsquo;attrice e una fotomodella. Il suo desiderio pi&ugrave; grande &egrave; quello di regalare emozioni importanti alle persone, con semplicit&agrave; e spontaneit&agrave;, senza essere volgare. Si definisce una persona semplice, sorridente, che ama molto gli animali ed &egrave; vegetariana. Crede profondamente negli stili di vita sani e ama tanto lo sport. Crede che l&rsquo;eleganza e la femminilit&agrave; siano caratteristiche fondamentali per una ragazza, la vera bellezza nasce dentro di &ldquo;noi&rdquo;, dichiara Anna. L&rsquo;impegno e il lavoro duro rappresentano l&rsquo;unica strada&hellip; l&rsquo;unica strada per valorizzare le proprie capacit&agrave;. Recentemente ha ricoperto un ruolo nel dramma liturgico &ldquo;l&rsquo;anno del Leone&rdquo; di Paola Poliseno al teatro Verdi di Montecatini Terme con Loredana Lecciso. E&rsquo; speaker del TG extra di Paola Poliseno, col Principe Guglielmo [&hellip;]<\/p>\n","protected":false},"author":1,"featured_media":0,"comment_status":"open","ping_status":"open","sticky":false,"template":"","format":"standard","meta":{"rop_custom_images_group":[],"rop_custom_messages_group":[],"rop_publish_now":"initial","rop_publish_now_accounts":[],"rop_publish_now_history":[],"rop_publish_now_status":"pending","footnotes":""},"categories":[16],"tags":[162,585,588,694,732,746,791,1099,1138,1152,1419],"class_list":["post-237","post","type-post","status-publish","format-standard","hentry","category-articolo","tag-anna-rogozhkina","tag-fotografia","tag-fotomodella","tag-giuseppe-marzi","tag-il-viale-delle-rose","tag-intervista","tag-kazakistan","tag-nonsolomodanews","tag-paola-poliseno","tag-philippe-macina","tag-top"],"_links":{"self":[{"href":"https:\/\/www.nonsolomodanews.it\/wordpress\/wp-json\/wp\/v2\/posts\/237","targetHints":{"allow":["GET"]}}],"collection":[{"href":"https:\/\/www.nonsolomodanews.it\/wordpress\/wp-json\/wp\/v2\/posts"}],"about":[{"href":"https:\/\/www.nonsolomodanews.it\/wordpress\/wp-json\/wp\/v2\/types\/post"}],"author":[{"embeddable":true,"href":"https:\/\/www.nonsolomodanews.it\/wordpress\/wp-json\/wp\/v2\/users\/1"}],"replies":[{"embeddable":true,"href":"https:\/\/www.nonsolomodanews.it\/wordpress\/wp-json\/wp\/v2\/comments?post=237"}],"version-history":[{"count":0,"href":"https:\/\/www.nonsolomodanews.it\/wordpress\/wp-json\/wp\/v2\/posts\/237\/revisions"}],"wp:attachment":[{"href":"https:\/\/www.nonsolomodanews.it\/wordpress\/wp-json\/wp\/v2\/media?parent=237"}],"wp:term":[{"taxonomy":"category","embeddable":true,"href":"https:\/\/www.nonsolomodanews.it\/wordpress\/wp-json\/wp\/v2\/categories?post=237"},{"taxonomy":"post_tag","embeddable":true,"href":"https:\/\/www.nonsolomodanews.it\/wordpress\/wp-json\/wp\/v2\/tags?post=237"}],"curies":[{"name":"wp","href":"https:\/\/api.w.org\/{rel}","templated":true}]}}