{"id":23629,"date":"2022-09-25T19:57:46","date_gmt":"2022-09-25T19:57:46","guid":{"rendered":"https:\/\/www.nonsolomodanews.it\/wordpress\/?p=23629"},"modified":"2022-09-25T21:00:01","modified_gmt":"2022-09-25T21:00:01","slug":"sara-cesarini-donna-mamma-miss-over-e-influencer","status":"publish","type":"post","link":"https:\/\/www.nonsolomodanews.it\/wordpress\/sara-cesarini-donna-mamma-miss-over-e-influencer\/","title":{"rendered":"Sara Cesarini, donna, mamma, miss over e influencer"},"content":{"rendered":"<p><span style=\"color: #000000;\"><strong><img loading=\"lazy\" decoding=\"async\" class=\"size-medium wp-image-23630 alignleft\" src=\"https:\/\/www.nonsolomodanews.it\/wordpress\/wp-content\/uploads\/2022\/09\/image-23-09-22-09-51-1-200x300.jpeg\" alt=\"\" width=\"200\" height=\"300\" srcset=\"https:\/\/www.nonsolomodanews.it\/wordpress\/wp-content\/uploads\/2022\/09\/image-23-09-22-09-51-1-200x300.jpeg 200w, https:\/\/www.nonsolomodanews.it\/wordpress\/wp-content\/uploads\/2022\/09\/image-23-09-22-09-51-1-682x1024.jpeg 682w, https:\/\/www.nonsolomodanews.it\/wordpress\/wp-content\/uploads\/2022\/09\/image-23-09-22-09-51-1-768x1153.jpeg 768w, https:\/\/www.nonsolomodanews.it\/wordpress\/wp-content\/uploads\/2022\/09\/image-23-09-22-09-51-1-1023x1536.jpeg 1023w, https:\/\/www.nonsolomodanews.it\/wordpress\/wp-content\/uploads\/2022\/09\/image-23-09-22-09-51-1.jpeg 1066w\" sizes=\"auto, (max-width: 200px) 100vw, 200px\" \/>Nonsolomodanews<\/strong> ha il piacere di presentare ai propri lettori la Miss Over <strong>Sara Cesarini<\/strong>.\u00a0 Sara, prima di essere Miss Over \u00e8 una donna, mamma di un bimbo di 5 anni e influencer con pi\u00f9 di 38 mila followers. Lavora nell&#8217;attivit\u00e0 di famiglia come consulente di bellezza. Ha scoperto il mondo delle passerelle e dei concorsi di bellezza di recente ma si \u00e8 buttata a capofitto e i risultati si sono visti vincendo molte fascie in vari concorsi, ma non vi vogliamo anticipare molto dell&#8217;intervista ma possiamo dire che parteciper\u00e0 alla finale nazionale del concorso <strong>&#8220;Miss Parade&#8221;<\/strong> del Patron<strong> Corrado Stramaglia. <\/strong>Ringraziamo Sara Cesarini per averci concesso questa lunghissima intervista e auguriamo ai nostri lettori buona lettura.<\/span><\/p>\n<p><span style=\"color: #000000;\"><!--more--><\/span><\/p>\n<p><span style=\"color: #000000;\"><strong>Ciao, benvenuta su Nonsolomodanews, ti vuoi presentare?\u00a0 <\/strong><em>\u201cMi chiamo Sara Cesarini, ho 34 anni compiuti da poco, sono una donna mamma e miss. Ho un figlio di 5 anni. Sono anni che lavoro nelle due profumerie di famiglia in qualit\u00e0 di consulente di bellezza. Amo tutto ci\u00f2 che rende pi\u00f9 belle e giovani\u201d.<\/em><\/span><\/p>\n<p><span style=\"color: #000000;\"><strong>Come sei di carattere?<\/strong> \u201c<em>Sono una donna solare, sincera e testarda, voglio avere sempre ragione e quando mi metto in testa una cosa \u00e8 difficile farmi cambiare idea \u2026mi fisso sempre degli obiettivi e faccio del tutto\u00a0per raggiungerli !\u201d.<\/em><\/span><\/p>\n<p><span style=\"color: #000000;\"><strong>Sei una ragazza curiosa?<\/strong><em> \u201c Eh si, sono\u00a0molto curiosa\u2026si dice che la &lt;&lt;curiosit\u00e0 \u00e8 Donna&gt;&gt; e allora sono una Donna con la D maiuscola\u201d.<\/em><\/span><\/p>\n<p><span style=\"color: #000000;\"><strong>Come ti \u00e8 cambiata la vita con la nascita di tuo figlio?<\/strong><em> \u201cBeh mi \u00e8 cambiata in positivo\u2026 la nascita di un figlio \u00e8 la cosa pi\u00f9 bella del mondo\u2026 certo cambiano abitudini, orari, c\u2018\u00e8 lui prima di tutto e tutti \u2026 ma diventare mamma \u00e8 una cosa bellissima, difficile da spiegare per chi non lo \u00e8\u2026 certo subentra poi anche tanta stanchezza, si dorme poco almeno i primi periodi, il corpo cambia e inconsciamente cambiamo anche noi\u2026 hai poco tempo per te stessa, devi rinunciare a tante cose soprattutto i primi tempi per\u00f2 per quanto mi riguarda, allo stesso tempo lo rifarei altre mille volte\u201d.<\/em><\/span><\/p>\n<p><span style=\"color: #000000;\"><strong>Qual \u00e8 il tuo colore preferito?<\/strong><em> \u201cIl mio colore preferito? Beh ti direi il nero e il rosso, sono i miei due colori preferiti che mi rispecchiano\u2026 <\/em><em>Il nero \u00e8 il colore e non-colore pi\u00f9 potente, se da un lato non \u00e8 considerato un vero e proprio &lt;&lt;colore&gt;&gt;, dall\u2019altro pu\u00f2 essere l\u2019insieme di tutti i colori. Rispecchia una persona forte e misteriosa ma lo stesso tempo affidabile e sensibile. <\/em><em>Il rosso invece \u00e8 il colore dell\u2019amore e della passione, del fuoco e del sangue&#8230; rispecchia una personalit\u00e0 forte, grande autostima, una persona passionale con un carattere esuberante e competitivo. Sono proprio io!\u201d<\/em><\/span><\/p>\n<p><span style=\"color: #000000;\"><strong>Quali sono le tue passioni?<\/strong><em> \u201cHo tante piccole passioni come viaggiare, infatti in questi ultimi anni con la pandemia \u00e8 stato difficile ma ora per fortuna siamo tornati alla normalit\u00e0 e ho ripreso un po\u2019 a girare il mondo. Poi\u00a0amo la passerella, sfilare\u00a0mi d\u00e0 una carica pazzesca e poi adoro ballare !\u201d.<\/em><\/span><\/p>\n<p><span style=\"color: #000000;\"><strong>Come ti sei avvicinata al mondo dei concorsi?<\/strong><em> \u201cIn realt\u00e0 per caso o per fortuna, sar\u00e0 stato il destino e io ci credo una sera mentre ero in un locale sono stata fermata da delle ragazze organizzatrici del Concorso di Bellezza Miss Reginetta d Italia, il quale mi hanno chiesto se avessi mai partecipato ad altri Concorsi e se avessi voglia di partecipare al loro! <\/em><em>Da l\u00ec\u00a0mi convinsero e partecipai alle prime selezioni, le\u00a0vinsi arrivai in finale regionale e poi alla finale nazionale dove vinsi il primo anno il secondo posto e l&#8217;anno\u00a0dopo il terzo posto a livello nazionale.\u201d<\/em><\/span><\/p>\n<p><span style=\"color: #000000;\"><strong>Quando ti \u00e8 stato chiesto qual \u00e8 stato il tuo pensiero?<\/strong><em> \u201cBeh\u00a0l\u00ec per l\u00ec rimasi sorpresa, non credevo che potessi andar bene per sfilare quindi mi ricordo che mi misi a ridere quasi incredula e qualche minuto dopo pensai &lt;&lt;perch\u00e9 no!&gt;&gt;\u201d.<\/em><\/span><\/p>\n<p><span style=\"color: #000000;\"><b>Consiglieresti ad una ragazza &lt;&lt;over&gt;&gt; di partecipare ai concorsi di bellezza e se s\u00ec per quale motivo?<\/b><em> \u201cAssolutamente s\u00ec, ho cercato di coinvolgere anche altre mie amiche, \u00e8 una bellissima opportunit\u00e0 per mettersi in gioco come donna, per\u00a0riacquistare un p\u00f2 ti autostima che non guasta mai e poi \u00e8 un esperienza meravigliosa che a me personalmente mi ha regalato tanto!\u201d.<\/em><\/span><\/p>\n<p><span style=\"color: #000000;\"><strong>Cosa vuol dire per te, mettersi in gioco sfilando in un concorso di bellezza?<\/strong><em> \u00a0\u201cVuol dire mettersi in gioco e fare un qualcosa che almeno io non avevo mai fatto prima\u2026 sfilare davanti a tantissime persone in costume, piuttosto che in abito corto o elegante con i tacchi non \u00e8 proprio semplice, almeno le prime volte, perch\u00e9 entrano in gioco l ansia, l\u2019adrenalina e la paura di cadere\u2026 hai tante persone che ti guardano e tu devi sorridere e cercare di non far trapelare nessun tipo di insicurezza ma bens\u00ec ti devi sentire la pi\u00f9 bella\u2026 insomma ci vuole carattere ma anche un pizzico di coraggio ahah!\u201d.<\/em><\/span><\/p>\n<p><span style=\"color: #000000;\"><strong>Hai fatto amicizie? <\/strong><em>\u201cIl concorso \u00e9 stata una bellissima esperienza che mi ha regalato tante emozioni, mi ha dato la possibilit\u00e0 di conoscere tante donne di varie et\u00e0 e ognuna di loro mi ha dato qualcosa e con alcune di loro \u00e8 nata una bellissima amicizia\u201d.<\/em><\/span><\/p>\n<p><span style=\"color: #000000;\"><strong>Secondo te qual \u00e8 la differenza pi\u00f9 grande tra una Miss e una Miss Over, ovviamente se ce ne\u00a0<\/strong><b>sono? &#8220;Sicuramente<\/b><i> l\u2019et\u00e0 fa la differenza\u2026 c\u2019\u00e8 una consapevolezza e una maturit\u00e0 diversa, cambia proprio il modo di vivere il Concorso\u2026e poi il corpo\u2026 ovviamente le Miss sono molto giovani non hanno figli e non hanno un vissuto che pi\u00f9 o meno ti pu\u00f2 cambiare fisicamente\u2026 sembra sciocco ma in un Concorso di bellezza ovviamente si guarda soprattutto l\u2019aspetto fisico e di certo le ragazze Miss giovani non hanno problemi!!\u201d.<\/i><\/span><\/p>\n<p><span style=\"color: #000000;\"><strong>In una tua fotografia di ritratto che cosa noti immediatamente?<\/strong><em> \u201cNoto gli occhi, \u00e8 la cosa che pi\u00f9 amo di me e in ogni mia foto \u00e8 la cosa che secondo me, insieme al sorriso, risalta!! Sono quella parte di me che non cambierei per nulla al mondo!\u201d.<\/em><\/span><\/p>\n<p><span style=\"color: #000000;\"><strong>Quali sono le tue sensazioni quando vieni fotografata?<\/strong><em> \u201cSicuramente positive, io amo la fotografia fin da piccola ma a volte mi capita anche di provare un po\u2019 di imbarazzo\u2026 sono una Donna spontanea e le foto quando sono troppo in posa, mi mettono in difficolt\u00e0\u2026 sono strana ehh?\u201d.<\/em><\/span><\/p>\n<p><span style=\"color: #000000;\"><strong>Quali sono i generi fotografici che preferisci e perch\u00e9?<\/strong> <em>\u201cAmo ogni genere di foto tranne il nudo, anche se artistico non chiedermi il perch\u00e9 ma non mi ha mai entusiasmato\u2026 probabilmente perch\u00e9 io non ne farei mai foto nude\u201d.<\/em><\/span><\/p>\n<p><span style=\"color: #000000;\"><strong>Un progetto fotografico che vorresti realizzare?<\/strong><em> \u201cMa sinceramente non te lo so dire\u2026 come volevo dirti\u00a0amo le foto in generale, perch\u00e9 se fatte bene catturano ogni istante e trasmettono emozioni\u2026 per\u00f2 se dovessi proprio dirti magari mi piacerebbe fare un servizio fotografico ai Caraibi sotto una palma con un cocktail in mano\u2026 che ne dici?\u201d (<\/em><strong>Va bene, possiamo partire anche domani ndr<\/strong><em>)<\/em><\/span><\/p>\n<p><span style=\"color: #000000;\"><strong>Anche come modelle over sfilate in intimo o costume. Pensi che stare in intimo davanti a un fotografo sia in una sfilata o durante lo shooting fotografico sia lesivo della personalit\u00e0 della modella?<\/strong><em> \u201cAssolutamente no, siamo nel 2022 e se ne vedono ormai di tutti i colori\u2026 stare in intimo o in costume non \u00e8 lesivo, dipende sempre da come viene portato e cosa si vuole trasmettere\u2026 come in ogni cosa siamo &lt;&lt;noi&gt;&gt; che facciamo la differenza!\u201d.<\/em><\/span><\/p>\n<p><span style=\"color: #000000;\"><strong>Che cosa \u00e8 per te la volgarit\u00e0?<\/strong><em> \u201cLa volgarit\u00e0 per me \u00e8 qualcosa di \u201cesagerato\u201d, un comportamento poco fine ma bens\u00ec estremamente eccessivo e quindi lesivo per la persona stessa\u2026\u201d.<\/em><\/span><\/p>\n<p><span style=\"color: #000000;\"><strong>Ti ricordi la prima volta che hai posato per un fotografo?<\/strong><em> \u201cSi mi ricordo che mi vergognavo tantissimo e il fotografo mi ha cercato di mettere in ogni modo a mio agio\u2026 tutto sta nel sentirsi bene con se stessa..\u201d<\/em><\/span><\/p>\n<p><span style=\"color: #000000;\"><strong>Qual \u00e8 il capo di vestiario che ami di pi\u00f9 e quello di meno?<\/strong> <em>\u201cIl capo di vestiario che amo di pi\u00f9, non ci crederai, sono i leggins\u2026 per me \u00e9 un capo che non pu\u00f2 mancare nel mio armadio.. . mettono\u00a0\u00a0in evidenza le forme di una donna e allo stesso tempo sono comodi e pratici!!! Quello che non amo invece sono le classiche camicette, probabilmente perch\u00e9 mia madre da piccola me ne ha messe talmente tante che ora non le tollero pi\u00f9\u2026\u201d.<\/em><\/span><\/p>\n<p><span style=\"color: #000000;\"><strong>Scarpe basse o tacchi?<\/strong> <em>\u201cB\u00e8 entrambe, dipende dalle occasioni\u2026 basse per tutti giorni, per accompagnare mio figlio a scuola e per andare a lavoro sicuramente s\u00ec, ma per uscire ovviamente il tacco vince!\u201d<\/em><\/span><\/p>\n<p><span style=\"color: #000000;\"><strong>Un accessorio che non manca mai quando esci da casa?<\/strong><em> \u201cIl cellulare\u2026 oggi come oggi siamo tutti persi senza il cellulare purtroppo !!\u201d.<\/em><\/span><\/p>\n<p><span style=\"color: #000000;\"><strong style=\"color: #000000;\">Tu da esperta di bellezza e modella hai vissuto la pandemia. Quali strascichi vedi ancora sui visi delle tue clienti?<\/strong><em><span style=\"color: #000000;\"> \u201cBeh, da esperta di bellezza ti dico che per via della pandemia, siamo stati costretti all\u2019uso della mascherina protettiva sul viso e spesso anche per molte ore al giorno; <\/span><\/em><em style=\"color: #000000;\">questo purtroppo, ha provocato molti problemi sul nostro viso in un certo senso, ha stressato le difese immunitarie della nostra pelle causando molta disidratazione, irritazioni per sfregamento, \u00a0arrossamenti e cos\u00ec via&#8230;\u00a0 in pi\u00f9 tante clienti purtroppo hanno perso l abitudine a mettere una crema sul viso, piuttosto che a truccarsi perch\u00e9 lavorare in Smart working a casa le ha rese pigre e poi con la scusa della mascherina per uscire che gli copriva il viso ancor di pi\u00f9\u2026 la pandemia ci ha un po\u2019 cambiati, soprattutto il modo di vivere\u2026\u201d.<\/em><\/span><\/p>\n<p><span style=\"color: #000000;\"><strong>Qual \u00e8 il tuo rapporto con la tecnologia?<\/strong><em> \u201cNon sono super tecnologica ma me la cavo dai!!A volte vado a intuito o a logica e devo dire che questo mi aiuta..\u201d.<\/em><\/span><\/p>\n<p><span style=\"color: #000000;\"><strong>Quali sono i tuoi riferimenti social? (Instagram, FB, Tik Tok) etc. <\/strong><em>\u201cSicuramente Instagram \u00e8 quello che uso di pi\u00f9 ad oggi perch\u00e9 mi contattano per varie collaborazioni, poi Fb e tik tok molto molto poco\u2026\u201d.<\/em><\/span><\/p>\n<p><span style=\"color: #000000;\"><strong>Se dovessi cambiare citt\u00e0 dove vorresti andare a vivere?<\/strong><em> \u201cSe dovessi cambiare citt\u00e0 cambierei proprio anche il paese\u2026 istintivamente ti direi New York\u00a0\u00a0perch\u00e9 la prima volta che ci sono stata sono rimasta a bocca aperta, ma sinceramente non so se avrei il coraggio\u2026 amo l\u2019Italia e Roma \u00e8 una citt\u00e0 bellissima!\u201d.<\/em><\/span><\/p>\n<p><span style=\"color: #000000;\"><strong>Ultima domanda, oltre a quella del sogno nel cassetto, continuerai con i concorsi di bellezza?<\/strong><em> \u201cAssolutamente s\u00ec!!! Quest anno sto partecipando ad un nuovo Concorso di bellezza &lt;&lt;Miss Parade&gt;&gt; di Corrado Stramaglia e a breve avr\u00f2 la Finale Nazionale quindi incrocio le dita per me! <\/em><em>Il mio sogno nel cassetto??Essere in salute e felice con la mia famiglia! Poi se vinco anche il Superenalotto ancora meglio!\u201d.<\/em><\/span><\/p>\n<p><strong>Grazie!<\/strong><\/p>\n<p><a href=\"https:\/\/www.instagram.com\/brunoangeloporcellana\/\">Bruno Angelo Porcellana<\/a><\/p>\n<p style=\"text-align: center;\">Le fotografie sono fornite Sara Cesarini\u00a0 \u2013 I crediti appartengono ai relativi fotografi<br \/>\nTutti i diritti riservati \u00a9 2022 \u2013 Email: nonsolomodanews@gmail.com<style id=\"bwg-style-0\">      #bwg_container1_0 #bwg_container2_0 #bwg_mosaic_thumbnails_div_0 {        width: 100%;        position: relative;        background-color: rgba(255, 255, 255, 0.00);        text-align: center;        justify-content: center;                  margin-left: auto;          margin-right: auto;                    padding-left: 4px;          padding-top: 4px;                }          #bwg_container1_0 #bwg_container2_0 .bwg_mosaic_thumb_spun_0 {        display: block;        position: absolute;\t\t\t\tborder-radius: 0;\t\t\t\tborder: 0px none #CCCCCC;    \t\t    \t\tbackground-color:rgba(0,0,0, 0.30);        -moz-box-sizing: content-box !important;        -webkit-box-sizing: content-box !important;        box-sizing: content-box !important;      }\t\t\t#bwg_container1_0 #bwg_container2_0 .bwg_mosaic_thumb_0 {\t\t\t\tdisplay: block;\t\t\t\t-moz-box-sizing: content-box !important;\t\t\t\t-webkit-box-sizing: content-box !important;\t\t\t\tbox-sizing: content-box !important;\t\t\t\tmargin: 0;\t\t\t\topacity: 1.00;\t\t\t}      #bwg_container1_0 #bwg_container2_0 .bwg_mosaic_thumb_spun_0:hover {        opacity: 1;        backface-visibility: hidden;        -webkit-backface-visibility: hidden;        -moz-backface-visibility: hidden;        -ms-backface-visibility: hidden;        z-index: 102;      }\t      @media only screen and (min-width: 480px) {        #bwg_container1_0 #bwg_container2_0 .bwg_mosaic_thumb_spun_0:hover {          transform: scale(1.1);          -ms-transform: scale(1.1);          -webkit-transform: scale(1.1);        }      }\t      #bwg_container1_0 #bwg_container2_0 .bwg_mosaic_thumbnails_0 {        background-color: rgba(255, 255, 255, 0.00);        font-size: 0;        position: relative;        text-align: center;        display: inline-block;        visibility: hidden;              }\t  \/*image title styles*\/      #bwg_container1_0 #bwg_container2_0 .bwg_mosaic_title_spun1_0,      #bwg_container1_0 #bwg_container2_0 .bwg-mosaic-thumbnails .bwg_ecommerce_spun1_0 {        position: absolute;        display: block;        opacity: 0;        box-sizing: border-box;        text-align: center;\t\t\t\ttop: 50%;\t\t\t\tleft: 50%;\t\t\t\ttransform: translate(-50%, -50%);      }      #bwg_container1_0 #bwg_container2_0 .bwg-mosaic-thumbnails .bwg_mosaic_title_spun2_0,      #bwg_container1_0 #bwg_container2_0 .bwg-mosaic-thumbnails .bwg_ecommerce_spun2_0 {\t\t    color: #CCCCCC;        font-family: segoe ui;        font-size: 16px;        font-weight: bold;        text-shadow: 0px 0px 0px #888888;        vertical-align: middle;        word-wrap: break-word;      }            .bwg_mosaic_play_icon_spun_0 {        display: table;        position: absolute;        left: -10000px;        top: 0px;        opacity: 0;      }      .bwg_mosaic_play_icon_0 {        color: #CCCCCC;        font-size: 32px;        vertical-align: middle;        display: table-cell !important;        z-index: 1;        text-align: center;        margin: 0 auto;      }      #bwg_container1_0 #bwg_container2_0 .bwg_gal_title_0 {        background-color: rgba(0, 0, 0, 0);        color: #323A45;        display: block;        font-family: Ubuntu;        font-size: 16px;        font-weight: bold;        padding: 2px;        text-shadow: ;        text-align: center;      }            @media screen and (max-width: 350px) {      div[class^=\"bwg_mosaic_thumbnails_\"],      span[class^=\"bwg_mosaic_thumb_spun_\"] {      width: 100% !important;      }      img[class^=\"bwg_mosaic_thumb_\"] {      width: 100% !important;      height: auto !important;      margin: 0px auto !important;      }      }      <\/style>    <div id=\"bwg_container1_0\"         class=\"bwg_container bwg_thumbnail bwg_thumbnails_mosaic \"         data-right-click-protection=\"0\"         data-bwg=\"0\"         data-scroll=\"0\"         data-gallery-type=\"thumbnails_mosaic\"         data-gallery-view-type=\"thumbnails_mosaic\"         data-current-url=\"\/wordpress\/wp-json\/wp\/v2\/posts\/23629\"         data-lightbox-url=\"https:\/\/www.nonsolomodanews.it\/wordpress\/wp-admin\/admin-ajax.php?action=GalleryBox&#038;current_view=0&#038;gallery_id=604&#038;tag=0&#038;theme_id=1&#038;shortcode_id=1224&#038;sort_by=filename&#038;order_by=asc&#038;current_url=%2Fwordpress%2Fwp-json%2Fwp%2Fv2%2Fposts%2F23629\"         data-gallery-id=\"604\"         data-popup-width=\"800\"         data-popup-height=\"500\"         data-is-album=\"gallery\"         data-buttons-position=\"bottom\">      <div id=\"bwg_container2_0\">             <div id=\"ajax_loading_0\" class=\"bwg_loading_div_1\">      <div class=\"bwg_loading_div_2\">        <div class=\"bwg_loading_div_3\">          <div id=\"loading_div_0\" class=\"bwg_spider_ajax_loading\">          <\/div>        <\/div>      <\/div>    <\/div>            <form id=\"gal_front_form_0\"              class=\"bwg-hidden\"              method=\"post\"              action=\"#\"              data-current=\"0\"              data-shortcode-id=\"1224\"              data-gallery-type=\"thumbnails_mosaic\"              data-gallery-id=\"604\"              data-tag=\"0\"              data-album-id=\"0\"              data-theme-id=\"1\"              data-ajax-url=\"https:\/\/www.nonsolomodanews.it\/wordpress\/wp-admin\/admin-ajax.php?action=bwg_frontend_data\">          <div id=\"bwg_container3_0\" class=\"bwg-background bwg-background-0\">                <div id=\"bwg_mosaic_thumbnails_div_0\"         class=\"bwg-container-0 bwg-container bwg-mosaic-thumbnails\"         data-bwg=\"0\"         data-mosaic-direction=\"vertical\"         data-resizable=\"0\"         data-width=\"250\"         data-height=\"250\"         data-total-width=\"100\"         data-block-id=\"bwg_thumbnails_mosaic_0\"         data-thumb-padding=\"4\"         data-thumb-border=\"0\"         data-title-margin=\"2px\"         data-image-title=\"none\"         data-play-icon=\"1\"         data-ecommerce-icon=\"none\"         data-gallery-id=\"604\"         data-lightbox-url=\"https:\/\/www.nonsolomodanews.it\/wordpress\/wp-admin\/admin-ajax.php?action=GalleryBox&#038;current_view=0&#038;gallery_id=604&#038;tag=0&#038;theme_id=1&#038;shortcode_id=1224&#038;sort_by=filename&#038;order_by=asc&#038;current_url=%2Fwordpress%2Fwp-json%2Fwp%2Fv2%2Fposts%2F23629\"         data-mosaic-thumb-transition=\"1\"         style=\"visibility: hidden\" >      <div id=\"bwg_thumbnails_mosaic_0\" class=\"bwg_mosaic_thumbnails_0\">                  <a  class=\"bwg-a bwg_lightbox bwg_lightbox_0\" href=\"https:\/\/www.nonsolomodanews.it\/wordpress\/wp-content\/uploads\/photo-gallery\/Sara_Cesarini\/image-23-09-22-09-51.jpeg?bwg=1664135787\" data-image-id=\"33770\" data-elementor-open-lightbox=\"no\">          <div class=\"bwg_mosaic_thumb_spun_0 bwg-item0 bwg-mosaic-thumb-span \">            <img decoding=\"async\" class=\"bwg_mosaic_thumb_0 skip-lazy bwg_img_clear bwg_img_custom \"                 id=\"33770\"                 src=\"https:\/\/www.nonsolomodanews.it\/wordpress\/wp-content\/uploads\/photo-gallery\/Sara_Cesarini\/thumb\/image-23-09-22-09-51.jpeg?bwg=1664135787\"                 data-src=\"https:\/\/www.nonsolomodanews.it\/wordpress\/wp-content\/uploads\/photo-gallery\/Sara_Cesarini\/thumb\/image-23-09-22-09-51.jpeg?bwg=1664135787\"                 data-width=\"900\"                 data-height=\"1200\"                 alt=\"Sara Cesarini\"                 title=\"Sara Cesarini\" \/>                      <\/div>        <\/a>                <a  class=\"bwg-a bwg_lightbox bwg_lightbox_0\" href=\"https:\/\/www.nonsolomodanews.it\/wordpress\/wp-content\/uploads\/photo-gallery\/Sara_Cesarini\/image-23-09-22-09-51-1.jpeg?bwg=1664135787\" data-image-id=\"33766\" data-elementor-open-lightbox=\"no\">          <div class=\"bwg_mosaic_thumb_spun_0 bwg-item0 bwg-mosaic-thumb-span \">            <img decoding=\"async\" class=\"bwg_mosaic_thumb_0 skip-lazy bwg_img_clear bwg_img_custom \"                 id=\"33766\"                 src=\"https:\/\/www.nonsolomodanews.it\/wordpress\/wp-content\/uploads\/photo-gallery\/Sara_Cesarini\/thumb\/image-23-09-22-09-51-1.jpeg?bwg=1664135787\"                 data-src=\"https:\/\/www.nonsolomodanews.it\/wordpress\/wp-content\/uploads\/photo-gallery\/Sara_Cesarini\/thumb\/image-23-09-22-09-51-1.jpeg?bwg=1664135787\"                 data-width=\"800\"                 data-height=\"1200\"                 alt=\"Sara Cesarini\"                 title=\"Sara Cesarini\" \/>                      <\/div>        <\/a>                <a  class=\"bwg-a bwg_lightbox bwg_lightbox_0\" href=\"https:\/\/www.nonsolomodanews.it\/wordpress\/wp-content\/uploads\/photo-gallery\/Sara_Cesarini\/image-23-09-22-09-51-10.jpeg?bwg=1664135787\" data-image-id=\"33780\" data-elementor-open-lightbox=\"no\">          <div class=\"bwg_mosaic_thumb_spun_0 bwg-item0 bwg-mosaic-thumb-span \">            <img decoding=\"async\" class=\"bwg_mosaic_thumb_0 skip-lazy bwg_img_clear bwg_img_custom \"                 id=\"33780\"                 src=\"https:\/\/www.nonsolomodanews.it\/wordpress\/wp-content\/uploads\/photo-gallery\/Sara_Cesarini\/thumb\/image-23-09-22-09-51-10.jpeg?bwg=1664135787\"                 data-src=\"https:\/\/www.nonsolomodanews.it\/wordpress\/wp-content\/uploads\/photo-gallery\/Sara_Cesarini\/thumb\/image-23-09-22-09-51-10.jpeg?bwg=1664135787\"                 data-width=\"694\"                 data-height=\"1016\"                 alt=\"Sara Cesarini\"                 title=\"Sara Cesarini\" \/>                      <\/div>        <\/a>                <a  class=\"bwg-a bwg_lightbox bwg_lightbox_0\" href=\"https:\/\/www.nonsolomodanews.it\/wordpress\/wp-content\/uploads\/photo-gallery\/Sara_Cesarini\/image-23-09-22-09-51-11.jpeg?bwg=1664135787\" data-image-id=\"33776\" data-elementor-open-lightbox=\"no\">          <div class=\"bwg_mosaic_thumb_spun_0 bwg-item0 bwg-mosaic-thumb-span \">            <img decoding=\"async\" class=\"bwg_mosaic_thumb_0 skip-lazy bwg_img_clear bwg_img_custom \"                 id=\"33776\"                 src=\"https:\/\/www.nonsolomodanews.it\/wordpress\/wp-content\/uploads\/photo-gallery\/Sara_Cesarini\/thumb\/image-23-09-22-09-51-11.jpeg?bwg=1664135787\"                 data-src=\"https:\/\/www.nonsolomodanews.it\/wordpress\/wp-content\/uploads\/photo-gallery\/Sara_Cesarini\/thumb\/image-23-09-22-09-51-11.jpeg?bwg=1664135787\"                 data-width=\"1200\"                 data-height=\"900\"                 alt=\"Sara Cesarini\"                 title=\"Sara Cesarini\" \/>                      <\/div>        <\/a>                <a  class=\"bwg-a bwg_lightbox bwg_lightbox_0\" href=\"https:\/\/www.nonsolomodanews.it\/wordpress\/wp-content\/uploads\/photo-gallery\/Sara_Cesarini\/image-23-09-22-09-51-12.jpeg?bwg=1664135787\" data-image-id=\"33773\" data-elementor-open-lightbox=\"no\">          <div class=\"bwg_mosaic_thumb_spun_0 bwg-item0 bwg-mosaic-thumb-span \">            <img decoding=\"async\" class=\"bwg_mosaic_thumb_0 skip-lazy bwg_img_clear bwg_img_custom \"                 id=\"33773\"                 src=\"https:\/\/www.nonsolomodanews.it\/wordpress\/wp-content\/uploads\/photo-gallery\/Sara_Cesarini\/thumb\/image-23-09-22-09-51-12.jpeg?bwg=1664135787\"                 data-src=\"https:\/\/www.nonsolomodanews.it\/wordpress\/wp-content\/uploads\/photo-gallery\/Sara_Cesarini\/thumb\/image-23-09-22-09-51-12.jpeg?bwg=1664135787\"                 data-width=\"753\"                 data-height=\"1200\"                 alt=\"Sara Cesarini\"                 title=\"Sara Cesarini\" \/>                      <\/div>        <\/a>                <a  class=\"bwg-a bwg_lightbox bwg_lightbox_0\" href=\"https:\/\/www.nonsolomodanews.it\/wordpress\/wp-content\/uploads\/photo-gallery\/Sara_Cesarini\/image-23-09-22-09-51-13.jpeg?bwg=1664135787\" data-image-id=\"33777\" data-elementor-open-lightbox=\"no\">          <div class=\"bwg_mosaic_thumb_spun_0 bwg-item0 bwg-mosaic-thumb-span \">            <img decoding=\"async\" class=\"bwg_mosaic_thumb_0 skip-lazy bwg_img_clear bwg_img_custom \"                 id=\"33777\"                 src=\"https:\/\/www.nonsolomodanews.it\/wordpress\/wp-content\/uploads\/photo-gallery\/Sara_Cesarini\/thumb\/image-23-09-22-09-51-13.jpeg?bwg=1664135787\"                 data-src=\"https:\/\/www.nonsolomodanews.it\/wordpress\/wp-content\/uploads\/photo-gallery\/Sara_Cesarini\/thumb\/image-23-09-22-09-51-13.jpeg?bwg=1664135787\"                 data-width=\"902\"                 data-height=\"1200\"                 alt=\"Sara Cesarini\"                 title=\"Sara Cesarini\" \/>                      <\/div>        <\/a>                <a  class=\"bwg-a bwg_lightbox bwg_lightbox_0\" href=\"https:\/\/www.nonsolomodanews.it\/wordpress\/wp-content\/uploads\/photo-gallery\/Sara_Cesarini\/image-23-09-22-09-51-2.jpeg?bwg=1664135787\" data-image-id=\"33771\" data-elementor-open-lightbox=\"no\">          <div class=\"bwg_mosaic_thumb_spun_0 bwg-item0 bwg-mosaic-thumb-span \">            <img decoding=\"async\" class=\"bwg_mosaic_thumb_0 skip-lazy bwg_img_clear bwg_img_custom \"                 id=\"33771\"                 src=\"https:\/\/www.nonsolomodanews.it\/wordpress\/wp-content\/uploads\/photo-gallery\/Sara_Cesarini\/thumb\/image-23-09-22-09-51-2.jpeg?bwg=1664135787\"                 data-src=\"https:\/\/www.nonsolomodanews.it\/wordpress\/wp-content\/uploads\/photo-gallery\/Sara_Cesarini\/thumb\/image-23-09-22-09-51-2.jpeg?bwg=1664135787\"                 data-width=\"818\"                 data-height=\"1200\"                 alt=\"Sara Cesarini\"                 title=\"Sara Cesarini\" \/>                      <\/div>        <\/a>                <a  class=\"bwg-a bwg_lightbox bwg_lightbox_0\" href=\"https:\/\/www.nonsolomodanews.it\/wordpress\/wp-content\/uploads\/photo-gallery\/Sara_Cesarini\/image-23-09-22-09-51-3.jpeg?bwg=1664135787\" data-image-id=\"33772\" data-elementor-open-lightbox=\"no\">          <div class=\"bwg_mosaic_thumb_spun_0 bwg-item0 bwg-mosaic-thumb-span \">            <img decoding=\"async\" class=\"bwg_mosaic_thumb_0 skip-lazy bwg_img_clear bwg_img_custom \"                 id=\"33772\"                 src=\"https:\/\/www.nonsolomodanews.it\/wordpress\/wp-content\/uploads\/photo-gallery\/Sara_Cesarini\/thumb\/image-23-09-22-09-51-3.jpeg?bwg=1664135787\"                 data-src=\"https:\/\/www.nonsolomodanews.it\/wordpress\/wp-content\/uploads\/photo-gallery\/Sara_Cesarini\/thumb\/image-23-09-22-09-51-3.jpeg?bwg=1664135787\"                 data-width=\"1200\"                 data-height=\"1089\"                 alt=\"Sara Cesarini\"                 title=\"Sara Cesarini\" \/>                      <\/div>        <\/a>                <a  class=\"bwg-a bwg_lightbox bwg_lightbox_0\" href=\"https:\/\/www.nonsolomodanews.it\/wordpress\/wp-content\/uploads\/photo-gallery\/Sara_Cesarini\/image-23-09-22-09-51-4.jpeg?bwg=1664135787\" data-image-id=\"33768\" data-elementor-open-lightbox=\"no\">          <div class=\"bwg_mosaic_thumb_spun_0 bwg-item0 bwg-mosaic-thumb-span \">            <img decoding=\"async\" class=\"bwg_mosaic_thumb_0 skip-lazy bwg_img_clear bwg_img_custom \"                 id=\"33768\"                 src=\"https:\/\/www.nonsolomodanews.it\/wordpress\/wp-content\/uploads\/photo-gallery\/Sara_Cesarini\/thumb\/image-23-09-22-09-51-4.jpeg?bwg=1664135787\"                 data-src=\"https:\/\/www.nonsolomodanews.it\/wordpress\/wp-content\/uploads\/photo-gallery\/Sara_Cesarini\/thumb\/image-23-09-22-09-51-4.jpeg?bwg=1664135787\"                 data-width=\"804\"                 data-height=\"1200\"                 alt=\"Sara Cesarini\"                 title=\"Sara Cesarini\" \/>                      <\/div>        <\/a>                <a  class=\"bwg-a bwg_lightbox bwg_lightbox_0\" href=\"https:\/\/www.nonsolomodanews.it\/wordpress\/wp-content\/uploads\/photo-gallery\/Sara_Cesarini\/image-23-09-22-09-51-5.jpeg?bwg=1664135787\" data-image-id=\"33767\" data-elementor-open-lightbox=\"no\">          <div class=\"bwg_mosaic_thumb_spun_0 bwg-item0 bwg-mosaic-thumb-span \">            <img decoding=\"async\" class=\"bwg_mosaic_thumb_0 skip-lazy bwg_img_clear bwg_img_custom \"                 id=\"33767\"                 src=\"https:\/\/www.nonsolomodanews.it\/wordpress\/wp-content\/uploads\/photo-gallery\/Sara_Cesarini\/thumb\/image-23-09-22-09-51-5.jpeg?bwg=1664135787\"                 data-src=\"https:\/\/www.nonsolomodanews.it\/wordpress\/wp-content\/uploads\/photo-gallery\/Sara_Cesarini\/thumb\/image-23-09-22-09-51-5.jpeg?bwg=1664135787\"                 data-width=\"800\"                 data-height=\"1200\"                 alt=\"Sara Cesarini\"                 title=\"Sara Cesarini\" \/>                      <\/div>        <\/a>                <a  class=\"bwg-a bwg_lightbox bwg_lightbox_0\" href=\"https:\/\/www.nonsolomodanews.it\/wordpress\/wp-content\/uploads\/photo-gallery\/Sara_Cesarini\/image-23-09-22-09-51-6.jpeg?bwg=1664135787\" data-image-id=\"33769\" data-elementor-open-lightbox=\"no\">          <div class=\"bwg_mosaic_thumb_spun_0 bwg-item0 bwg-mosaic-thumb-span \">            <img decoding=\"async\" class=\"bwg_mosaic_thumb_0 skip-lazy bwg_img_clear bwg_img_custom \"                 id=\"33769\"                 src=\"https:\/\/www.nonsolomodanews.it\/wordpress\/wp-content\/uploads\/photo-gallery\/Sara_Cesarini\/thumb\/image-23-09-22-09-51-6.jpeg?bwg=1664135787\"                 data-src=\"https:\/\/www.nonsolomodanews.it\/wordpress\/wp-content\/uploads\/photo-gallery\/Sara_Cesarini\/thumb\/image-23-09-22-09-51-6.jpeg?bwg=1664135787\"                 data-width=\"800\"                 data-height=\"1200\"                 alt=\"Sara Cesarini\"                 title=\"Sara Cesarini\" \/>                      <\/div>        <\/a>                <a  class=\"bwg-a bwg_lightbox bwg_lightbox_0\" href=\"https:\/\/www.nonsolomodanews.it\/wordpress\/wp-content\/uploads\/photo-gallery\/Sara_Cesarini\/image-23-09-22-09-51-7.jpeg?bwg=1664135787\" data-image-id=\"33774\" data-elementor-open-lightbox=\"no\">          <div class=\"bwg_mosaic_thumb_spun_0 bwg-item0 bwg-mosaic-thumb-span \">            <img decoding=\"async\" class=\"bwg_mosaic_thumb_0 skip-lazy bwg_img_clear bwg_img_custom \"                 id=\"33774\"                 src=\"https:\/\/www.nonsolomodanews.it\/wordpress\/wp-content\/uploads\/photo-gallery\/Sara_Cesarini\/thumb\/image-23-09-22-09-51-7.jpeg?bwg=1664135787\"                 data-src=\"https:\/\/www.nonsolomodanews.it\/wordpress\/wp-content\/uploads\/photo-gallery\/Sara_Cesarini\/thumb\/image-23-09-22-09-51-7.jpeg?bwg=1664135787\"                 data-width=\"941\"                 data-height=\"1200\"                 alt=\"Sara Cesarini\"                 title=\"Sara Cesarini\" \/>                      <\/div>        <\/a>                <a  class=\"bwg-a bwg_lightbox bwg_lightbox_0\" href=\"https:\/\/www.nonsolomodanews.it\/wordpress\/wp-content\/uploads\/photo-gallery\/Sara_Cesarini\/image-23-09-22-09-51-8.jpeg?bwg=1664135787\" data-image-id=\"33778\" data-elementor-open-lightbox=\"no\">          <div class=\"bwg_mosaic_thumb_spun_0 bwg-item0 bwg-mosaic-thumb-span \">            <img decoding=\"async\" class=\"bwg_mosaic_thumb_0 skip-lazy bwg_img_clear bwg_img_custom \"                 id=\"33778\"                 src=\"https:\/\/www.nonsolomodanews.it\/wordpress\/wp-content\/uploads\/photo-gallery\/Sara_Cesarini\/thumb\/image-23-09-22-09-51-8.jpeg?bwg=1664135787\"                 data-src=\"https:\/\/www.nonsolomodanews.it\/wordpress\/wp-content\/uploads\/photo-gallery\/Sara_Cesarini\/thumb\/image-23-09-22-09-51-8.jpeg?bwg=1664135787\"                 data-width=\"800\"                 data-height=\"1200\"                 alt=\"Sara Cesarini\"                 title=\"Sara Cesarini\" \/>                      <\/div>        <\/a>                <a  class=\"bwg-a bwg_lightbox bwg_lightbox_0\" href=\"https:\/\/www.nonsolomodanews.it\/wordpress\/wp-content\/uploads\/photo-gallery\/Sara_Cesarini\/image-23-09-22-09-51-9.jpeg?bwg=1664135787\" data-image-id=\"33775\" data-elementor-open-lightbox=\"no\">          <div class=\"bwg_mosaic_thumb_spun_0 bwg-item0 bwg-mosaic-thumb-span \">            <img decoding=\"async\" class=\"bwg_mosaic_thumb_0 skip-lazy bwg_img_clear bwg_img_custom \"                 id=\"33775\"                 src=\"https:\/\/www.nonsolomodanews.it\/wordpress\/wp-content\/uploads\/photo-gallery\/Sara_Cesarini\/thumb\/image-23-09-22-09-51-9.jpeg?bwg=1664135787\"                 data-src=\"https:\/\/www.nonsolomodanews.it\/wordpress\/wp-content\/uploads\/photo-gallery\/Sara_Cesarini\/thumb\/image-23-09-22-09-51-9.jpeg?bwg=1664135787\"                 data-width=\"847\"                 data-height=\"1200\"                 alt=\"Sara Cesarini\"                 title=\"Sara Cesarini\" \/>                      <\/div>        <\/a>                <a  class=\"bwg-a bwg_lightbox bwg_lightbox_0\" href=\"https:\/\/www.nonsolomodanews.it\/wordpress\/wp-content\/uploads\/photo-gallery\/Sara_Cesarini\/tris.jpg?bwg=1664135787\" data-image-id=\"33779\" data-elementor-open-lightbox=\"no\">          <div class=\"bwg_mosaic_thumb_spun_0 bwg-item0 bwg-mosaic-thumb-span \">            <img decoding=\"async\" class=\"bwg_mosaic_thumb_0 skip-lazy bwg_img_clear bwg_img_custom \"                 id=\"33779\"                 src=\"https:\/\/www.nonsolomodanews.it\/wordpress\/wp-content\/uploads\/photo-gallery\/Sara_Cesarini\/thumb\/tris.jpg?bwg=1664135787\"                 data-src=\"https:\/\/www.nonsolomodanews.it\/wordpress\/wp-content\/uploads\/photo-gallery\/Sara_Cesarini\/thumb\/tris.jpg?bwg=1664135787\"                 data-width=\"1200\"                 data-height=\"585\"                 alt=\"Sara Cesarini\"                 title=\"Sara Cesarini\" \/>                      <\/div>        <\/a>            <\/div>    <\/div>    <style>      \/*pagination styles*\/      #bwg_container1_0 #bwg_container2_0 .tablenav-pages_0 {\t\t\t\ttext-align: center;\t\t\t\tfont-size: 12px;\t\t\t\tfont-family: segoe ui;\t\t\t\tfont-weight: bold;\t\t\t\tcolor: #666666;\t\t\t\tmargin: 6px 0 4px;\t\t\t\tdisplay: block;      }      @media only screen and (max-width : 320px) {      #bwg_container1_0 #bwg_container2_0 .displaying-num_0 {     \t display: none;      }      }      #bwg_container1_0 #bwg_container2_0 .displaying-num_0 {\t\t\t\tfont-size: 12px;\t\t\t\tfont-family: segoe ui;\t\t\t\tfont-weight: bold;\t\t\t\tcolor: #666666;\t\t\t\tmargin-right: 10px;\t\t\t\tvertical-align: middle;      }      #bwg_container1_0 #bwg_container2_0 .paging-input_0 {\t\t\t\tfont-size: 12px;\t\t\t\tfont-family: segoe ui;\t\t\t\tfont-weight: bold;\t\t\t\tcolor: #666666;\t\t\t\tvertical-align: middle;      }      #bwg_container1_0 #bwg_container2_0 .tablenav-pages_0 a.disabled,      #bwg_container1_0 #bwg_container2_0 .tablenav-pages_0 a.disabled:hover,      #bwg_container1_0 #bwg_container2_0 .tablenav-pages_0 a.disabled:focus,\t\t\t#bwg_container1_0 #bwg_container2_0 .tablenav-pages_0 input.bwg_current_page {\t\t\t\tcursor: default;\t\t\t\tcolor: rgba(102, 102, 102, 0.5);      }      #bwg_container1_0 #bwg_container2_0 .tablenav-pages_0 a,      #bwg_container1_0 #bwg_container2_0 .tablenav-pages_0 input.bwg_current_page {\t\t\t\tcursor: pointer;\t\t\t\ttext-align: center;\t\t\t\tfont-size: 12px;\t\t\t\tfont-family: segoe ui;\t\t\t\tfont-weight: bold;\t\t\t\tcolor: #666666;\t\t\t\ttext-decoration: none;\t\t\t\tpadding: 3px 6px;\t\t\t\tmargin: 0;\t\t\t\tborder-radius: 0;\t\t\t\tborder-style: solid;\t\t\t\tborder-width: 1px;\t\t\t\tborder-color: #E3E3E3;\t\t\t\t\t\t\t\tbackground-color: rgba(255, 255, 255, 1.00);\t\t\t\tbox-shadow: 0;\t\t\t\ttransition: all 0.3s ease 0s;-webkit-transition: all 0.3s ease 0s;      }      <\/style>      <span class=\"bwg_nav_cont_0\">              <div class=\"tablenav-pages_0\">                  <\/div>                <input type=\"hidden\" id=\"page_number_0\" name=\"page_number_0\" value=\"1\" \/>      <script type=\"text\/javascript\">        if( jQuery('.bwg_nav_cont_0').length > 1 ) {          jQuery('.bwg_nav_cont_0').first().remove()        }        function spider_page_0(cur, x, y, load_more) {          if (typeof load_more == \"undefined\") {            var load_more = false;          }          if (jQuery(cur).hasClass('disabled')) {            return false;          }          var items_county_0 = 1;          switch (y) {            case 1:              if (x >= items_county_0) {                document.getElementById('page_number_0').value = items_county_0;              }              else {                document.getElementById('page_number_0').value = x + 1;              }              break;            case 2:              document.getElementById('page_number_0').value = items_county_0;              break;            case -1:              if (x == 1) {                document.getElementById('page_number_0').value = 1;              }              else {                document.getElementById('page_number_0').value = x - 1;              }              break;            case -2:              document.getElementById('page_number_0').value = 1;              break;\t\t\t\t\t\tcase 0:              document.getElementById('page_number_0').value = x;              break;            default:              document.getElementById('page_number_0').value = 1;          }          bwg_ajax('gal_front_form_0', '0', 'bwg_thumbnails_mosaic_0', '0', '', 'gallery', 0, '', '', load_more, '', 1);        }                    jQuery('.first-page-0').on('click', function () {              spider_page_0(this, 1, -2, 'numeric');              return false;            });            jQuery('.prev-page-0').on('click', function () {              spider_page_0(this, 1, -1, 'numeric');              return false;            });            jQuery('.next-page-0').on('click', function () {              spider_page_0(this, 1, 1, 'numeric');              return false;            });            jQuery('.last-page-0').on('click', function () {              spider_page_0(this, 1, 2, 'numeric');              return false;            });        \t\t\t\t\/* Change page on input enter. *\/        function bwg_change_page_0( e, that ) {          if (  e.key == 'Enter' ) {            var to_page = parseInt(jQuery(that).val());            var pages_count = jQuery(that).parents(\".pagination-links\").data(\"pages-count\");            var current_url_param = jQuery(that).attr('data-url-info');            if (to_page > pages_count) {              to_page = 1;            }\t \t\t\t\t\t\t\t\t\t\t\t\tspider_page_0(this, to_page, 0, 'numeric');\t\t\t\t\t\t\treturn false;\t\t\t\t\t\t          }          return true;        }        jQuery('.bwg_load_btn_0').on('click', function () {            spider_page_0(this, 1, 1, true);            return false;        });      <\/script>      <\/span>                <\/div>        <\/form>        <style>          #bwg_container1_0 #bwg_container2_0 #spider_popup_overlay_0 {          background-color: #000000;          opacity: 0.70;          }          <\/style>        <div id=\"bwg_spider_popup_loading_0\" class=\"bwg_spider_popup_loading\"><\/div>        <div id=\"spider_popup_overlay_0\" class=\"spider_popup_overlay\" onclick=\"spider_destroypopup(1000)\"><\/div>        <input type=\"hidden\" id=\"bwg_random_seed_0\" value=\"1693179257\">                <\/div>    <\/div>    <script>      if (document.readyState === 'complete') {        if( typeof bwg_main_ready == 'function' ) {          if ( jQuery(\"#bwg_container1_0\").height() ) {            bwg_main_ready(jQuery(\"#bwg_container1_0\"));          }        }      } else {        document.addEventListener('DOMContentLoaded', function() {          if( typeof bwg_main_ready == 'function' ) {            if ( jQuery(\"#bwg_container1_0\").height() ) {             bwg_main_ready(jQuery(\"#bwg_container1_0\"));            }          }        });      }    <\/script>    <\/p>\n","protected":false},"excerpt":{"rendered":"<p>Nonsolomodanews ha il piacere di presentare ai propri lettori la Miss Over Sara Cesarini.&nbsp; Sara, prima di essere Miss Over &egrave; una donna, mamma di un bimbo di 5 anni e influencer con pi&ugrave; di 38 mila followers. Lavora nell&rsquo;attivit&agrave; di famiglia come consulente di bellezza. Ha scoperto il mondo delle passerelle e dei concorsi di bellezza di recente ma si &egrave; buttata a capofitto e i risultati si sono visti vincendo molte fascie in vari concorsi, ma non vi vogliamo anticipare molto dell&rsquo;intervista ma possiamo dire che parteciper&agrave; alla finale nazionale del concorso &ldquo;Miss Parade&rdquo; del Patron Corrado Stramaglia. Ringraziamo Sara Cesarini per averci concesso questa lunghissima intervista e auguriamo ai nostri lettori buona lettura.<\/p>\n","protected":false},"author":1,"featured_media":23632,"comment_status":"open","ping_status":"open","sticky":false,"template":"","format":"standard","meta":{"rop_custom_images_group":[],"rop_custom_messages_group":[],"rop_publish_now":"initial","rop_publish_now_accounts":[],"rop_publish_now_history":[],"rop_publish_now_status":"pending","footnotes":""},"categories":[16],"tags":[281,2705,746,2149,1099,1242,9142],"class_list":["post-23629","post","type-post","status-publish","format-standard","has-post-thumbnail","hentry","category-articolo","tag-bruno-angelo-porcellana","tag-concorsi","tag-intervista","tag-miss-over","tag-nonsolomodanews","tag-roma","tag-sara-cesarini"],"_links":{"self":[{"href":"https:\/\/www.nonsolomodanews.it\/wordpress\/wp-json\/wp\/v2\/posts\/23629","targetHints":{"allow":["GET"]}}],"collection":[{"href":"https:\/\/www.nonsolomodanews.it\/wordpress\/wp-json\/wp\/v2\/posts"}],"about":[{"href":"https:\/\/www.nonsolomodanews.it\/wordpress\/wp-json\/wp\/v2\/types\/post"}],"author":[{"embeddable":true,"href":"https:\/\/www.nonsolomodanews.it\/wordpress\/wp-json\/wp\/v2\/users\/1"}],"replies":[{"embeddable":true,"href":"https:\/\/www.nonsolomodanews.it\/wordpress\/wp-json\/wp\/v2\/comments?post=23629"}],"version-history":[{"count":6,"href":"https:\/\/www.nonsolomodanews.it\/wordpress\/wp-json\/wp\/v2\/posts\/23629\/revisions"}],"predecessor-version":[{"id":23640,"href":"https:\/\/www.nonsolomodanews.it\/wordpress\/wp-json\/wp\/v2\/posts\/23629\/revisions\/23640"}],"wp:featuredmedia":[{"embeddable":true,"href":"https:\/\/www.nonsolomodanews.it\/wordpress\/wp-json\/wp\/v2\/media\/23632"}],"wp:attachment":[{"href":"https:\/\/www.nonsolomodanews.it\/wordpress\/wp-json\/wp\/v2\/media?parent=23629"}],"wp:term":[{"taxonomy":"category","embeddable":true,"href":"https:\/\/www.nonsolomodanews.it\/wordpress\/wp-json\/wp\/v2\/categories?post=23629"},{"taxonomy":"post_tag","embeddable":true,"href":"https:\/\/www.nonsolomodanews.it\/wordpress\/wp-json\/wp\/v2\/tags?post=23629"}],"curies":[{"name":"wp","href":"https:\/\/api.w.org\/{rel}","templated":true}]}}