{"id":23616,"date":"2022-09-23T18:45:46","date_gmt":"2022-09-23T18:45:46","guid":{"rendered":"https:\/\/www.nonsolomodanews.it\/wordpress\/?p=23616"},"modified":"2022-09-23T18:46:52","modified_gmt":"2022-09-23T18:46:52","slug":"daiana-petronella-e-la-fotomodella-italiana-2022","status":"publish","type":"post","link":"https:\/\/www.nonsolomodanews.it\/wordpress\/daiana-petronella-e-la-fotomodella-italiana-2022\/","title":{"rendered":"Daiana Petronella \u00e8 la Fotomodella Italiana 2022"},"content":{"rendered":"<p><span style=\"color: #000000;\"><strong><img loading=\"lazy\" decoding=\"async\" class=\"size-medium wp-image-23618 alignleft\" src=\"https:\/\/www.nonsolomodanews.it\/wordpress\/wp-content\/uploads\/2022\/09\/cc878022-03d2-44e5-9b11-3edf74b91764-200x300.jpeg\" alt=\"\" width=\"200\" height=\"300\" srcset=\"https:\/\/www.nonsolomodanews.it\/wordpress\/wp-content\/uploads\/2022\/09\/cc878022-03d2-44e5-9b11-3edf74b91764-200x300.jpeg 200w, https:\/\/www.nonsolomodanews.it\/wordpress\/wp-content\/uploads\/2022\/09\/cc878022-03d2-44e5-9b11-3edf74b91764.jpeg 480w\" sizes=\"auto, (max-width: 200px) 100vw, 200px\" \/>Daiana Petronella<\/strong> \u00e8 la <strong>Fotomodella Italiana 2022<\/strong>. Il giorno 10 settembre 2022, presso la <strong>discoteca Mascara<\/strong> di Mantova della signora <strong>Carmen Venerandi<\/strong>, si \u00e8 svolta la finale nazionale del concorso <strong>la Fotomodella Italiana<\/strong> di <strong>Wilmer Lanfredini<\/strong> e <strong>Andrea Giannetto<\/strong>. La serata \u00e8 stata presentata da <strong>Nicole Fontana<\/strong> e <strong>Maddalena Ferroni<\/strong>. Il concorso ha avuto una giuria competente e di alto livello composta tra gli altri da <strong>Giorgio Manetti <\/strong>di Uomini e Donne, e dal cabarettista di Zelig, <strong>Max Pieriboni.<\/strong>\u00a0Il concorso la Fotomodella Italiana in occasione della finale ha festeggiato i 15 anni di vita. Ringraziamo l\u2019organizzazione e la vincitrice del concorso per averci concesso questa intervista.<\/span><\/p>\n<p><!--more--><\/p>\n<p><span style=\"color: #000000;\"><strong>Ciao Daiana ti vuoi presentare ai nostri lettori? <\/strong><em>\u201cCiao mi chiamo Daiana Petronella. Ho 15 anni e vengo dalla provincia di Taranto, esattamente da Lizzano. Sono una studentessa del liceo artistico Cal\u00f2 di Grottaglie, da due anni che frequento la scuola di recitazione cinematografica e doppiaggio a Bari con il regista e attore Vito Palumbo realizzando vari cortometraggi\u201d.<\/em><\/span><\/p>\n<p><span style=\"color: #000000;\"><strong>Qual \u00e8 il tuo segno zodiacale? <\/strong><em>\u201cEssendo nata il 22 maggio 2007 il mio segno zodiacale \u00e8 dei gemelli, che fa di me una ragazza solare, divertente e molto ambiziosa. Credo nella vera amicizia\u201d.<\/em><\/span><\/p>\n<p><span style=\"color: #000000;\"><strong>Come ti sei svegliata il giorno della tua Vittoria? <\/strong><em>\u201cMi sono svegliata contentissima quasi pensando di aver sognato e nello stesso momento con molta nostalgia perch\u00e9 \u00e8 stata un&#8217;esperienza stupenda che rifarei mille altre volte\u201d.<\/em><\/span><\/p>\n<p><span style=\"color: #000000;\"><strong>Cosa vuol dire per te la moda? <\/strong><em>\u201cLa moda \u00e8 come un quadro esprime l&#8217;arte di chi la crea, ogni quadro ha una cornice che lo indossa, ma finisce negli occhi di chi la guarda&#8221;.<\/em><\/span><\/p>\n<p><span style=\"color: #000000;\"><strong>Il tuo sogno nel cassetto? <\/strong><em>\u201cIl mio pi\u00f9 grande sogno \u00e8 diventare un&#8217;attrice. Ci metter\u00f2 tutta me stessa per realizzarlo&#8221;.<\/em><\/span><\/p>\n<p><span style=\"color: #000000;\"><strong>Quali sono i tuoi hobbies? <\/strong>\u201c<em>Di hobbies ne ho diversi amo il disegno, la fotografia, la danza, il nuoto e la pallavolo\u201d.<\/em><\/span><\/p>\n<p><span style=\"color: #000000;\"><strong>Ti piacerebbe fare cinema? <\/strong><em>\u201c\u00c8 il mio sogno e la mia passione pi\u00f9 grande\u201d.<\/em><\/span><\/p>\n<p><span style=\"color: #000000;\"><strong>Dai un consiglio alle ragazze che vogliono fare i concorsi. <\/strong><em>\u201cA tutte le ragazze dico di non rimanere dietro lo schermo di un telefono, di credere in se stesse e fare questa esperienza perch\u00e9 vi regala delle emozioni che esaltano tutta la vostra bellezza con grandi opportunit\u00e0 per il futuro\u201d.<\/em><\/span><\/p>\n<p><span style=\"color: #000000;\"><strong>Come ti trovi davanti a un obiettivo fotografico? <\/strong><em>\u201cA mio agio\u201d.<\/em><\/span><\/p>\n<p><span style=\"color: #000000;\"><strong>Per la tua Vittoria hai un particolare Ringraziamento da fare? <\/strong><em>\u201cIl mio primo ringraziamento va a mia madre che mi ha supportato in questa mia prima esperienza. Il secondo ringraziamento va ad Antonella Scialpi per avermi proposto questa magnifica selezione. Ringrazio la comunit\u00e0 monteiasina la giunta comunale e la giuria qualificata per aver creduto in me portandomi sul podio a Mantova. Il mio pi\u00f9 grande ringraziamento va Wilmer Lanfredini e Andrea Giannetto per le magnifiche persone che sono e per tutto quello che per noi concorrenti hanno fatto\u201d.<\/em><\/span><\/p>\n<p><a href=\"https:\/\/www.instagram.com\/brunoangeloporcellana\/\">Bruno Angelo Porcellana<\/a><\/p>\n<p style=\"text-align: center;\">Le fotografie sono state fornite da La Fotomodella Italiana\u00a0 \u2013 I crediti appartengono ai relativi fotografi<br \/>\nTutti i diritti riservati \u00a9 2022 \u2013 Email: nonsolomodanews@gmail.com<style id=\"bwg-style-0\">      #bwg_container1_0 #bwg_container2_0 #bwg_mosaic_thumbnails_div_0 {        width: 100%;        position: relative;        background-color: rgba(255, 255, 255, 0.00);        text-align: center;        justify-content: center;                  margin-left: auto;          margin-right: auto;                    padding-left: 4px;          padding-top: 4px;                }          #bwg_container1_0 #bwg_container2_0 .bwg_mosaic_thumb_spun_0 {        display: block;        position: absolute;\t\t\t\tborder-radius: 0;\t\t\t\tborder: 0px none #CCCCCC;    \t\t    \t\tbackground-color:rgba(0,0,0, 0.30);        -moz-box-sizing: content-box !important;        -webkit-box-sizing: content-box !important;        box-sizing: content-box !important;      }\t\t\t#bwg_container1_0 #bwg_container2_0 .bwg_mosaic_thumb_0 {\t\t\t\tdisplay: block;\t\t\t\t-moz-box-sizing: content-box !important;\t\t\t\t-webkit-box-sizing: content-box !important;\t\t\t\tbox-sizing: content-box !important;\t\t\t\tmargin: 0;\t\t\t\topacity: 1.00;\t\t\t}      #bwg_container1_0 #bwg_container2_0 .bwg_mosaic_thumb_spun_0:hover {        opacity: 1;        backface-visibility: hidden;        -webkit-backface-visibility: hidden;        -moz-backface-visibility: hidden;        -ms-backface-visibility: hidden;        z-index: 102;      }\t      @media only screen and (min-width: 480px) {        #bwg_container1_0 #bwg_container2_0 .bwg_mosaic_thumb_spun_0:hover {          transform: scale(1.1);          -ms-transform: scale(1.1);          -webkit-transform: scale(1.1);        }      }\t      #bwg_container1_0 #bwg_container2_0 .bwg_mosaic_thumbnails_0 {        background-color: rgba(255, 255, 255, 0.00);        font-size: 0;        position: relative;        text-align: center;        display: inline-block;        visibility: hidden;              }\t  \/*image title styles*\/      #bwg_container1_0 #bwg_container2_0 .bwg_mosaic_title_spun1_0,      #bwg_container1_0 #bwg_container2_0 .bwg-mosaic-thumbnails .bwg_ecommerce_spun1_0 {        position: absolute;        display: block;        opacity: 0;        box-sizing: border-box;        text-align: center;\t\t\t\ttop: 50%;\t\t\t\tleft: 50%;\t\t\t\ttransform: translate(-50%, -50%);      }      #bwg_container1_0 #bwg_container2_0 .bwg-mosaic-thumbnails .bwg_mosaic_title_spun2_0,      #bwg_container1_0 #bwg_container2_0 .bwg-mosaic-thumbnails .bwg_ecommerce_spun2_0 {\t\t    color: #CCCCCC;        font-family: segoe ui;        font-size: 16px;        font-weight: bold;        text-shadow: 0px 0px 0px #888888;        vertical-align: middle;        word-wrap: break-word;      }            .bwg_mosaic_play_icon_spun_0 {        display: table;        position: absolute;        left: -10000px;        top: 0px;        opacity: 0;      }      .bwg_mosaic_play_icon_0 {        color: #CCCCCC;        font-size: 32px;        vertical-align: middle;        display: table-cell !important;        z-index: 1;        text-align: center;        margin: 0 auto;      }      #bwg_container1_0 #bwg_container2_0 .bwg_gal_title_0 {        background-color: rgba(0, 0, 0, 0);        color: #323A45;        display: block;        font-family: Ubuntu;        font-size: 16px;        font-weight: bold;        padding: 2px;        text-shadow: ;        text-align: center;      }            @media screen and (max-width: 350px) {      div[class^=\"bwg_mosaic_thumbnails_\"],      span[class^=\"bwg_mosaic_thumb_spun_\"] {      width: 100% !important;      }      img[class^=\"bwg_mosaic_thumb_\"] {      width: 100% !important;      height: auto !important;      margin: 0px auto !important;      }      }      <\/style>    <div id=\"bwg_container1_0\"         class=\"bwg_container bwg_thumbnail bwg_thumbnails_mosaic \"         data-right-click-protection=\"0\"         data-bwg=\"0\"         data-scroll=\"0\"         data-gallery-type=\"thumbnails_mosaic\"         data-gallery-view-type=\"thumbnails_mosaic\"         data-current-url=\"\/wordpress\/wp-json\/wp\/v2\/posts\/23616\"         data-lightbox-url=\"https:\/\/www.nonsolomodanews.it\/wordpress\/wp-admin\/admin-ajax.php?action=GalleryBox&#038;current_view=0&#038;gallery_id=603&#038;tag=0&#038;theme_id=1&#038;shortcode_id=1222&#038;sort_by=filename&#038;order_by=asc&#038;current_url=%2Fwordpress%2Fwp-json%2Fwp%2Fv2%2Fposts%2F23616\"         data-gallery-id=\"603\"         data-popup-width=\"800\"         data-popup-height=\"500\"         data-is-album=\"gallery\"         data-buttons-position=\"bottom\">      <div id=\"bwg_container2_0\">             <div id=\"ajax_loading_0\" class=\"bwg_loading_div_1\">      <div class=\"bwg_loading_div_2\">        <div class=\"bwg_loading_div_3\">          <div id=\"loading_div_0\" class=\"bwg_spider_ajax_loading\">          <\/div>        <\/div>      <\/div>    <\/div>            <form id=\"gal_front_form_0\"              class=\"bwg-hidden\"              method=\"post\"              action=\"#\"              data-current=\"0\"              data-shortcode-id=\"1222\"              data-gallery-type=\"thumbnails_mosaic\"              data-gallery-id=\"603\"              data-tag=\"0\"              data-album-id=\"0\"              data-theme-id=\"1\"              data-ajax-url=\"https:\/\/www.nonsolomodanews.it\/wordpress\/wp-admin\/admin-ajax.php?action=bwg_frontend_data\">          <div id=\"bwg_container3_0\" class=\"bwg-background bwg-background-0\">                <div id=\"bwg_mosaic_thumbnails_div_0\"         class=\"bwg-container-0 bwg-container bwg-mosaic-thumbnails\"         data-bwg=\"0\"         data-mosaic-direction=\"vertical\"         data-resizable=\"0\"         data-width=\"250\"         data-height=\"250\"         data-total-width=\"100\"         data-block-id=\"bwg_thumbnails_mosaic_0\"         data-thumb-padding=\"4\"         data-thumb-border=\"0\"         data-title-margin=\"2px\"         data-image-title=\"none\"         data-play-icon=\"1\"         data-ecommerce-icon=\"none\"         data-gallery-id=\"603\"         data-lightbox-url=\"https:\/\/www.nonsolomodanews.it\/wordpress\/wp-admin\/admin-ajax.php?action=GalleryBox&#038;current_view=0&#038;gallery_id=603&#038;tag=0&#038;theme_id=1&#038;shortcode_id=1222&#038;sort_by=filename&#038;order_by=asc&#038;current_url=%2Fwordpress%2Fwp-json%2Fwp%2Fv2%2Fposts%2F23616\"         data-mosaic-thumb-transition=\"1\"         style=\"visibility: hidden\" >      <div id=\"bwg_thumbnails_mosaic_0\" class=\"bwg_mosaic_thumbnails_0\">                  <a  class=\"bwg-a bwg_lightbox bwg_lightbox_0\" href=\"https:\/\/www.nonsolomodanews.it\/wordpress\/wp-content\/uploads\/photo-gallery\/La_Fotomodella_Italiana_2022\/6f4d8e77-2728-4775-9751-9b5ab3755b71.jpeg?bwg=1663958587\" data-image-id=\"33764\" data-elementor-open-lightbox=\"no\">          <div class=\"bwg_mosaic_thumb_spun_0 bwg-item0 bwg-mosaic-thumb-span \">            <img decoding=\"async\" class=\"bwg_mosaic_thumb_0 skip-lazy bwg_img_clear bwg_img_custom \"                 id=\"33764\"                 src=\"https:\/\/www.nonsolomodanews.it\/wordpress\/wp-content\/uploads\/photo-gallery\/La_Fotomodella_Italiana_2022\/thumb\/6f4d8e77-2728-4775-9751-9b5ab3755b71.jpeg?bwg=1663958587\"                 data-src=\"https:\/\/www.nonsolomodanews.it\/wordpress\/wp-content\/uploads\/photo-gallery\/La_Fotomodella_Italiana_2022\/thumb\/6f4d8e77-2728-4775-9751-9b5ab3755b71.jpeg?bwg=1663958587\"                 data-width=\"300\"                 data-height=\"200\"                 alt=\"La Fotomodella Italiana 2022\"                 title=\"La Fotomodella Italiana 2022\" \/>                      <\/div>        <\/a>                <a  class=\"bwg-a bwg_lightbox bwg_lightbox_0\" href=\"https:\/\/www.nonsolomodanews.it\/wordpress\/wp-content\/uploads\/photo-gallery\/La_Fotomodella_Italiana_2022\/7081f738-5701-49d9-a900-57094a6330be.jpeg?bwg=1663958587\" data-image-id=\"33759\" data-elementor-open-lightbox=\"no\">          <div class=\"bwg_mosaic_thumb_spun_0 bwg-item0 bwg-mosaic-thumb-span \">            <img decoding=\"async\" class=\"bwg_mosaic_thumb_0 skip-lazy bwg_img_clear bwg_img_custom \"                 id=\"33759\"                 src=\"https:\/\/www.nonsolomodanews.it\/wordpress\/wp-content\/uploads\/photo-gallery\/La_Fotomodella_Italiana_2022\/thumb\/7081f738-5701-49d9-a900-57094a6330be.jpeg?bwg=1663958587\"                 data-src=\"https:\/\/www.nonsolomodanews.it\/wordpress\/wp-content\/uploads\/photo-gallery\/La_Fotomodella_Italiana_2022\/thumb\/7081f738-5701-49d9-a900-57094a6330be.jpeg?bwg=1663958587\"                 data-width=\"200\"                 data-height=\"300\"                 alt=\"La Fotomodella Italiana 2022\"                 title=\"La Fotomodella Italiana 2022\" \/>                      <\/div>        <\/a>                <a  class=\"bwg-a bwg_lightbox bwg_lightbox_0\" href=\"https:\/\/www.nonsolomodanews.it\/wordpress\/wp-content\/uploads\/photo-gallery\/La_Fotomodella_Italiana_2022\/9c5fae24-4457-412c-94b1-52f3bc2fb5ef.jpeg?bwg=1663958587\" data-image-id=\"33762\" data-elementor-open-lightbox=\"no\">          <div class=\"bwg_mosaic_thumb_spun_0 bwg-item0 bwg-mosaic-thumb-span \">            <img decoding=\"async\" class=\"bwg_mosaic_thumb_0 skip-lazy bwg_img_clear bwg_img_custom \"                 id=\"33762\"                 src=\"https:\/\/www.nonsolomodanews.it\/wordpress\/wp-content\/uploads\/photo-gallery\/La_Fotomodella_Italiana_2022\/thumb\/9c5fae24-4457-412c-94b1-52f3bc2fb5ef.jpeg?bwg=1663958587\"                 data-src=\"https:\/\/www.nonsolomodanews.it\/wordpress\/wp-content\/uploads\/photo-gallery\/La_Fotomodella_Italiana_2022\/thumb\/9c5fae24-4457-412c-94b1-52f3bc2fb5ef.jpeg?bwg=1663958587\"                 data-width=\"300\"                 data-height=\"200\"                 alt=\"La Fotomodella Italiana 2022\"                 title=\"La Fotomodella Italiana 2022\" \/>                      <\/div>        <\/a>                <a  class=\"bwg-a bwg_lightbox bwg_lightbox_0\" href=\"https:\/\/www.nonsolomodanews.it\/wordpress\/wp-content\/uploads\/photo-gallery\/La_Fotomodella_Italiana_2022\/c0c736c8-daf2-4f4b-be4b-8fbe00375bd2.jpeg?bwg=1663958587\" data-image-id=\"33765\" data-elementor-open-lightbox=\"no\">          <div class=\"bwg_mosaic_thumb_spun_0 bwg-item0 bwg-mosaic-thumb-span \">            <img decoding=\"async\" class=\"bwg_mosaic_thumb_0 skip-lazy bwg_img_clear bwg_img_custom \"                 id=\"33765\"                 src=\"https:\/\/www.nonsolomodanews.it\/wordpress\/wp-content\/uploads\/photo-gallery\/La_Fotomodella_Italiana_2022\/thumb\/c0c736c8-daf2-4f4b-be4b-8fbe00375bd2.jpeg?bwg=1663958587\"                 data-src=\"https:\/\/www.nonsolomodanews.it\/wordpress\/wp-content\/uploads\/photo-gallery\/La_Fotomodella_Italiana_2022\/thumb\/c0c736c8-daf2-4f4b-be4b-8fbe00375bd2.jpeg?bwg=1663958587\"                 data-width=\"300\"                 data-height=\"200\"                 alt=\"La Fotomodella Italiana 2022\"                 title=\"La Fotomodella Italiana 2022\" \/>                      <\/div>        <\/a>                <a  class=\"bwg-a bwg_lightbox bwg_lightbox_0\" href=\"https:\/\/www.nonsolomodanews.it\/wordpress\/wp-content\/uploads\/photo-gallery\/La_Fotomodella_Italiana_2022\/cc878022-03d2-44e5-9b11-3edf74b91764.jpeg?bwg=1663958587\" data-image-id=\"33763\" data-elementor-open-lightbox=\"no\">          <div class=\"bwg_mosaic_thumb_spun_0 bwg-item0 bwg-mosaic-thumb-span \">            <img decoding=\"async\" class=\"bwg_mosaic_thumb_0 skip-lazy bwg_img_clear bwg_img_custom \"                 id=\"33763\"                 src=\"https:\/\/www.nonsolomodanews.it\/wordpress\/wp-content\/uploads\/photo-gallery\/La_Fotomodella_Italiana_2022\/thumb\/cc878022-03d2-44e5-9b11-3edf74b91764.jpeg?bwg=1663958587\"                 data-src=\"https:\/\/www.nonsolomodanews.it\/wordpress\/wp-content\/uploads\/photo-gallery\/La_Fotomodella_Italiana_2022\/thumb\/cc878022-03d2-44e5-9b11-3edf74b91764.jpeg?bwg=1663958587\"                 data-width=\"200\"                 data-height=\"300\"                 alt=\"La Fotomodella Italiana 2022\"                 title=\"La Fotomodella Italiana 2022\" \/>                      <\/div>        <\/a>                <a  class=\"bwg-a bwg_lightbox bwg_lightbox_0\" href=\"https:\/\/www.nonsolomodanews.it\/wordpress\/wp-content\/uploads\/photo-gallery\/La_Fotomodella_Italiana_2022\/d6d15900-d82e-404e-ab66-ab3d7fb5046a.jpeg?bwg=1663958587\" data-image-id=\"33760\" data-elementor-open-lightbox=\"no\">          <div class=\"bwg_mosaic_thumb_spun_0 bwg-item0 bwg-mosaic-thumb-span \">            <img decoding=\"async\" class=\"bwg_mosaic_thumb_0 skip-lazy bwg_img_clear bwg_img_custom \"                 id=\"33760\"                 src=\"https:\/\/www.nonsolomodanews.it\/wordpress\/wp-content\/uploads\/photo-gallery\/La_Fotomodella_Italiana_2022\/thumb\/d6d15900-d82e-404e-ab66-ab3d7fb5046a.jpeg?bwg=1663958587\"                 data-src=\"https:\/\/www.nonsolomodanews.it\/wordpress\/wp-content\/uploads\/photo-gallery\/La_Fotomodella_Italiana_2022\/thumb\/d6d15900-d82e-404e-ab66-ab3d7fb5046a.jpeg?bwg=1663958587\"                 data-width=\"300\"                 data-height=\"200\"                 alt=\"La Fotomodella Italiana 2022\"                 title=\"La Fotomodella Italiana 2022\" \/>                      <\/div>        <\/a>                <a  class=\"bwg-a bwg_lightbox bwg_lightbox_0\" href=\"https:\/\/www.nonsolomodanews.it\/wordpress\/wp-content\/uploads\/photo-gallery\/La_Fotomodella_Italiana_2022\/e0be6b10-9319-4bb2-b98e-91ba1c6b61fc.jpeg?bwg=1663958587\" data-image-id=\"33761\" data-elementor-open-lightbox=\"no\">          <div class=\"bwg_mosaic_thumb_spun_0 bwg-item0 bwg-mosaic-thumb-span \">            <img decoding=\"async\" class=\"bwg_mosaic_thumb_0 skip-lazy bwg_img_clear bwg_img_custom \"                 id=\"33761\"                 src=\"https:\/\/www.nonsolomodanews.it\/wordpress\/wp-content\/uploads\/photo-gallery\/La_Fotomodella_Italiana_2022\/thumb\/e0be6b10-9319-4bb2-b98e-91ba1c6b61fc.jpeg?bwg=1663958587\"                 data-src=\"https:\/\/www.nonsolomodanews.it\/wordpress\/wp-content\/uploads\/photo-gallery\/La_Fotomodella_Italiana_2022\/thumb\/e0be6b10-9319-4bb2-b98e-91ba1c6b61fc.jpeg?bwg=1663958587\"                 data-width=\"300\"                 data-height=\"200\"                 alt=\"La Fotomodella Italiana 2022\"                 title=\"La Fotomodella Italiana 2022\" \/>                      <\/div>        <\/a>            <\/div>    <\/div>    <style>      \/*pagination styles*\/      #bwg_container1_0 #bwg_container2_0 .tablenav-pages_0 {\t\t\t\ttext-align: center;\t\t\t\tfont-size: 12px;\t\t\t\tfont-family: segoe ui;\t\t\t\tfont-weight: bold;\t\t\t\tcolor: #666666;\t\t\t\tmargin: 6px 0 4px;\t\t\t\tdisplay: block;      }      @media only screen and (max-width : 320px) {      #bwg_container1_0 #bwg_container2_0 .displaying-num_0 {     \t display: none;      }      }      #bwg_container1_0 #bwg_container2_0 .displaying-num_0 {\t\t\t\tfont-size: 12px;\t\t\t\tfont-family: segoe ui;\t\t\t\tfont-weight: bold;\t\t\t\tcolor: #666666;\t\t\t\tmargin-right: 10px;\t\t\t\tvertical-align: middle;      }      #bwg_container1_0 #bwg_container2_0 .paging-input_0 {\t\t\t\tfont-size: 12px;\t\t\t\tfont-family: segoe ui;\t\t\t\tfont-weight: bold;\t\t\t\tcolor: #666666;\t\t\t\tvertical-align: middle;      }      #bwg_container1_0 #bwg_container2_0 .tablenav-pages_0 a.disabled,      #bwg_container1_0 #bwg_container2_0 .tablenav-pages_0 a.disabled:hover,      #bwg_container1_0 #bwg_container2_0 .tablenav-pages_0 a.disabled:focus,\t\t\t#bwg_container1_0 #bwg_container2_0 .tablenav-pages_0 input.bwg_current_page {\t\t\t\tcursor: default;\t\t\t\tcolor: rgba(102, 102, 102, 0.5);      }      #bwg_container1_0 #bwg_container2_0 .tablenav-pages_0 a,      #bwg_container1_0 #bwg_container2_0 .tablenav-pages_0 input.bwg_current_page {\t\t\t\tcursor: pointer;\t\t\t\ttext-align: center;\t\t\t\tfont-size: 12px;\t\t\t\tfont-family: segoe ui;\t\t\t\tfont-weight: bold;\t\t\t\tcolor: #666666;\t\t\t\ttext-decoration: none;\t\t\t\tpadding: 3px 6px;\t\t\t\tmargin: 0;\t\t\t\tborder-radius: 0;\t\t\t\tborder-style: solid;\t\t\t\tborder-width: 1px;\t\t\t\tborder-color: #E3E3E3;\t\t\t\t\t\t\t\tbackground-color: rgba(255, 255, 255, 1.00);\t\t\t\tbox-shadow: 0;\t\t\t\ttransition: all 0.3s ease 0s;-webkit-transition: all 0.3s ease 0s;      }      <\/style>      <span class=\"bwg_nav_cont_0\">              <div class=\"tablenav-pages_0\">                  <\/div>                <input type=\"hidden\" id=\"page_number_0\" name=\"page_number_0\" value=\"1\" \/>      <script type=\"text\/javascript\">        if( jQuery('.bwg_nav_cont_0').length > 1 ) {          jQuery('.bwg_nav_cont_0').first().remove()        }        function spider_page_0(cur, x, y, load_more) {          if (typeof load_more == \"undefined\") {            var load_more = false;          }          if (jQuery(cur).hasClass('disabled')) {            return false;          }          var items_county_0 = 1;          switch (y) {            case 1:              if (x >= items_county_0) {                document.getElementById('page_number_0').value = items_county_0;              }              else {                document.getElementById('page_number_0').value = x + 1;              }              break;            case 2:              document.getElementById('page_number_0').value = items_county_0;              break;            case -1:              if (x == 1) {                document.getElementById('page_number_0').value = 1;              }              else {                document.getElementById('page_number_0').value = x - 1;              }              break;            case -2:              document.getElementById('page_number_0').value = 1;              break;\t\t\t\t\t\tcase 0:              document.getElementById('page_number_0').value = x;              break;            default:              document.getElementById('page_number_0').value = 1;          }          bwg_ajax('gal_front_form_0', '0', 'bwg_thumbnails_mosaic_0', '0', '', 'gallery', 0, '', '', load_more, '', 1);        }                    jQuery('.first-page-0').on('click', function () {              spider_page_0(this, 1, -2, 'numeric');              return false;            });            jQuery('.prev-page-0').on('click', function () {              spider_page_0(this, 1, -1, 'numeric');              return false;            });            jQuery('.next-page-0').on('click', function () {              spider_page_0(this, 1, 1, 'numeric');              return false;            });            jQuery('.last-page-0').on('click', function () {              spider_page_0(this, 1, 2, 'numeric');              return false;            });        \t\t\t\t\/* Change page on input enter. *\/        function bwg_change_page_0( e, that ) {          if (  e.key == 'Enter' ) {            var to_page = parseInt(jQuery(that).val());            var pages_count = jQuery(that).parents(\".pagination-links\").data(\"pages-count\");            var current_url_param = jQuery(that).attr('data-url-info');            if (to_page > pages_count) {              to_page = 1;            }\t \t\t\t\t\t\t\t\t\t\t\t\tspider_page_0(this, to_page, 0, 'numeric');\t\t\t\t\t\t\treturn false;\t\t\t\t\t\t          }          return true;        }        jQuery('.bwg_load_btn_0').on('click', function () {            spider_page_0(this, 1, 1, true);            return false;        });      <\/script>      <\/span>                <\/div>        <\/form>        <style>          #bwg_container1_0 #bwg_container2_0 #spider_popup_overlay_0 {          background-color: #000000;          opacity: 0.70;          }          <\/style>        <div id=\"bwg_spider_popup_loading_0\" class=\"bwg_spider_popup_loading\"><\/div>        <div id=\"spider_popup_overlay_0\" class=\"spider_popup_overlay\" onclick=\"spider_destroypopup(1000)\"><\/div>        <input type=\"hidden\" id=\"bwg_random_seed_0\" value=\"399923546\">                <\/div>    <\/div>    <script>      if (document.readyState === 'complete') {        if( typeof bwg_main_ready == 'function' ) {          if ( jQuery(\"#bwg_container1_0\").height() ) {            bwg_main_ready(jQuery(\"#bwg_container1_0\"));          }        }      } else {        document.addEventListener('DOMContentLoaded', function() {          if( typeof bwg_main_ready == 'function' ) {            if ( jQuery(\"#bwg_container1_0\").height() ) {             bwg_main_ready(jQuery(\"#bwg_container1_0\"));            }          }        });      }    <\/script>    <\/p>\n<p>&nbsp;<\/p>\n<p>&nbsp;<\/p>\n<p>&nbsp;<\/p>\n","protected":false},"excerpt":{"rendered":"<p>Daiana Petronella &egrave; la Fotomodella Italiana 2022. Il giorno 10 settembre 2022, presso la discoteca Mascara di Mantova della signora Carmen Venerandi, si &egrave; svolta la finale nazionale del concorso la Fotomodella Italiana di Wilmer Lanfredini e Andrea Giannetto. La serata &egrave; stata presentata da Nicole Fontana e Maddalena Ferroni. Il concorso ha avuto una giuria competente e di alto livello composta tra gli altri da Giorgio Manetti di Uomini e Donne, e dal cabarettista di Zelig, Max Pieriboni.&nbsp;Il concorso la Fotomodella Italiana in occasione della finale ha festeggiato i 15 anni di vita. Ringraziamo l&rsquo;organizzazione e la vincitrice del concorso per averci concesso questa intervista.<\/p>\n","protected":false},"author":1,"featured_media":23619,"comment_status":"open","ping_status":"open","sticky":false,"template":"","format":"standard","meta":{"rop_custom_images_group":[],"rop_custom_messages_group":[],"rop_publish_now":"initial","rop_publish_now_accounts":[],"rop_publish_now_history":[],"rop_publish_now_status":"pending","footnotes":""},"categories":[16],"tags":[144,281,9138,9139,589,9140,9141,1099,1505],"class_list":["post-23616","post","type-post","status-publish","format-standard","has-post-thumbnail","hentry","category-articolo","tag-andrea-giannetto","tag-bruno-angelo-porcellana","tag-daiana-petronella","tag-discoteca-mascara","tag-fotomodella-italiana","tag-giorgio-manetti","tag-max-pieriboni","tag-nonsolomodanews","tag-wilmer-lanfredini"],"_links":{"self":[{"href":"https:\/\/www.nonsolomodanews.it\/wordpress\/wp-json\/wp\/v2\/posts\/23616","targetHints":{"allow":["GET"]}}],"collection":[{"href":"https:\/\/www.nonsolomodanews.it\/wordpress\/wp-json\/wp\/v2\/posts"}],"about":[{"href":"https:\/\/www.nonsolomodanews.it\/wordpress\/wp-json\/wp\/v2\/types\/post"}],"author":[{"embeddable":true,"href":"https:\/\/www.nonsolomodanews.it\/wordpress\/wp-json\/wp\/v2\/users\/1"}],"replies":[{"embeddable":true,"href":"https:\/\/www.nonsolomodanews.it\/wordpress\/wp-json\/wp\/v2\/comments?post=23616"}],"version-history":[{"count":4,"href":"https:\/\/www.nonsolomodanews.it\/wordpress\/wp-json\/wp\/v2\/posts\/23616\/revisions"}],"predecessor-version":[{"id":23624,"href":"https:\/\/www.nonsolomodanews.it\/wordpress\/wp-json\/wp\/v2\/posts\/23616\/revisions\/23624"}],"wp:featuredmedia":[{"embeddable":true,"href":"https:\/\/www.nonsolomodanews.it\/wordpress\/wp-json\/wp\/v2\/media\/23619"}],"wp:attachment":[{"href":"https:\/\/www.nonsolomodanews.it\/wordpress\/wp-json\/wp\/v2\/media?parent=23616"}],"wp:term":[{"taxonomy":"category","embeddable":true,"href":"https:\/\/www.nonsolomodanews.it\/wordpress\/wp-json\/wp\/v2\/categories?post=23616"},{"taxonomy":"post_tag","embeddable":true,"href":"https:\/\/www.nonsolomodanews.it\/wordpress\/wp-json\/wp\/v2\/tags?post=23616"}],"curies":[{"name":"wp","href":"https:\/\/api.w.org\/{rel}","templated":true}]}}