{"id":23577,"date":"2022-09-06T23:07:14","date_gmt":"2022-09-06T23:07:14","guid":{"rendered":"https:\/\/www.nonsolomodanews.it\/wordpress\/?p=23577"},"modified":"2022-09-06T23:07:14","modified_gmt":"2022-09-06T23:07:14","slug":"b17-come-nasce-una-collezione-una-due-giorni-con-giuseppe-martucci","status":"publish","type":"post","link":"https:\/\/www.nonsolomodanews.it\/wordpress\/b17-come-nasce-una-collezione-una-due-giorni-con-giuseppe-martucci\/","title":{"rendered":"B17 &#8211; Come nasce una collezione. Una due giorni con Giuseppe Martucci"},"content":{"rendered":"<p><img loading=\"lazy\" decoding=\"async\" class=\"size-medium wp-image-23578 alignleft\" src=\"https:\/\/www.nonsolomodanews.it\/wordpress\/wp-content\/uploads\/2022\/09\/abb6d72c-9129-47cb-a03a-063732eadb68-241x300.jpeg\" alt=\"\" width=\"241\" height=\"300\" srcset=\"https:\/\/www.nonsolomodanews.it\/wordpress\/wp-content\/uploads\/2022\/09\/abb6d72c-9129-47cb-a03a-063732eadb68-241x300.jpeg 241w, https:\/\/www.nonsolomodanews.it\/wordpress\/wp-content\/uploads\/2022\/09\/abb6d72c-9129-47cb-a03a-063732eadb68-768x958.jpeg 768w, https:\/\/www.nonsolomodanews.it\/wordpress\/wp-content\/uploads\/2022\/09\/abb6d72c-9129-47cb-a03a-063732eadb68.jpeg 821w\" sizes=\"auto, (max-width: 241px) 100vw, 241px\" \/>Come nasce una una collezione, dall&#8217;idea al capo definitivo. Una due giorni organizzata da <strong>Giuseppe Martucci<\/strong>, titolare del marchio <strong>B17<\/strong>, bolzanino di adozione ma salentino di origine e che delle proprie origini non pu\u00f2 farne a meno.<\/p>\n<p><!--more--><\/p>\n<p><strong>Giuseppe Martucci<\/strong>, con il suo marchio <strong>B17<\/strong>, in occasione della Fashion week\u00a0 milanese (20-26 settembre 2022) \u00a0ha deciso di supportare concretamente la Puglia, sua regione di origine attraverso una serie di attivit\u00e0 atte a far conoscere le aziende e gli artigiani locali. L\u2019imprenditore si mette a disposizione insieme al suo team di designer, marketing e produttori per due giorni a Bisceglie dove risiedono i manifatturieri che da 3 anni a questa parte sono la colonna portante della produzione della collezione per introdurre i giovani in questo settore e dimostrargli che anche al sud ci sono possibilit\u00e0 valide, maestranze di livello e scuole settoriali qualificate. Questo \u00e8 da sempre il sogno di Giuseppe Martucci che vede nei giovani del sud e nelle sue aziende, un grande potenziale purtroppo non sfruttato e conosciuto obbligando di conseguenza chi volesse intraprendere questa strada a spostarsi al nord e lasciando inattivi gli operatori del luogo che da sempre rappresentano la cura e la qualit\u00e0 della tessitura e del taglio e cucito che ci hanno resi famosi in tutto il mondo. Ormai sostituiti dal fast fashion e dalle filiere automatizzate. Queste due giornate si svolgeranno visitando 2 attivit\u00e0 differenti. I ragazzi faranno un percorso guidato all\u2019interno delle aziende che collaborano con il marchio B17 e che introdurranno il processo di produzione insieme a Martucci il quale racconter\u00e0 la trasformazione di un\u2019idea in una collezione. Si spiegheranno gli step da fare per passare da un\u2019idea al disegno al cartamodello per fare il prototipo, i tagli, le cuciture fino al capo definitivo. Il secondo giorno sar\u00e0 pi\u00f9 teorico, infatti si parler\u00e0 di ci\u00f2 che serve per lanciare un prodotto sul mercato, quindi marketing, comunicazione, social&#8230; spiegando l\u2019importanza di seguire una scuola ad hoc Martucci per questa fashion week ha deciso di creare delle opportunit\u00e0, infatti alla fine di questi due giorni di workshop dar\u00e0 la possibilit\u00e0 ai 2 ragazzi pi\u00f9 meritevoli di fare uno stage.<\/p>\n<p style=\"text-align: center;\">Tutti i diritti riservati \u00a9 2022 \u2013 Email:\u00a0<a href=\"mailto:nonsolomodanews@gmail.com\">nonsolomodanews@gmail.com<\/a><\/p>\n","protected":false},"excerpt":{"rendered":"<p>Come nasce una una collezione, dall&rsquo;idea al capo definitivo. Una due giorni organizzata da Giuseppe Martucci, titolare del marchio B17, bolzanino di adozione ma salentino di origine e che delle proprie origini non pu&ograve; farne a meno.<\/p>\n","protected":false},"author":1,"featured_media":23579,"comment_status":"open","ping_status":"open","sticky":false,"template":"","format":"standard","meta":{"rop_custom_images_group":[],"rop_custom_messages_group":[],"rop_publish_now":"initial","rop_publish_now_accounts":[],"rop_publish_now_history":[],"rop_publish_now_status":"pending","footnotes":""},"categories":[16],"tags":[9035,9036,2658,1195,9130],"class_list":["post-23577","post","type-post","status-publish","format-standard","has-post-thumbnail","hentry","category-articolo","tag-b17","tag-giuseppe-martucci","tag-mfw","tag-puglia","tag-workshopp"],"_links":{"self":[{"href":"https:\/\/www.nonsolomodanews.it\/wordpress\/wp-json\/wp\/v2\/posts\/23577","targetHints":{"allow":["GET"]}}],"collection":[{"href":"https:\/\/www.nonsolomodanews.it\/wordpress\/wp-json\/wp\/v2\/posts"}],"about":[{"href":"https:\/\/www.nonsolomodanews.it\/wordpress\/wp-json\/wp\/v2\/types\/post"}],"author":[{"embeddable":true,"href":"https:\/\/www.nonsolomodanews.it\/wordpress\/wp-json\/wp\/v2\/users\/1"}],"replies":[{"embeddable":true,"href":"https:\/\/www.nonsolomodanews.it\/wordpress\/wp-json\/wp\/v2\/comments?post=23577"}],"version-history":[{"count":2,"href":"https:\/\/www.nonsolomodanews.it\/wordpress\/wp-json\/wp\/v2\/posts\/23577\/revisions"}],"predecessor-version":[{"id":23581,"href":"https:\/\/www.nonsolomodanews.it\/wordpress\/wp-json\/wp\/v2\/posts\/23577\/revisions\/23581"}],"wp:featuredmedia":[{"embeddable":true,"href":"https:\/\/www.nonsolomodanews.it\/wordpress\/wp-json\/wp\/v2\/media\/23579"}],"wp:attachment":[{"href":"https:\/\/www.nonsolomodanews.it\/wordpress\/wp-json\/wp\/v2\/media?parent=23577"}],"wp:term":[{"taxonomy":"category","embeddable":true,"href":"https:\/\/www.nonsolomodanews.it\/wordpress\/wp-json\/wp\/v2\/categories?post=23577"},{"taxonomy":"post_tag","embeddable":true,"href":"https:\/\/www.nonsolomodanews.it\/wordpress\/wp-json\/wp\/v2\/tags?post=23577"}],"curies":[{"name":"wp","href":"https:\/\/api.w.org\/{rel}","templated":true}]}}