{"id":23483,"date":"2022-07-12T21:12:53","date_gmt":"2022-07-12T21:12:53","guid":{"rendered":"https:\/\/www.nonsolomodanews.it\/wordpress\/?p=23483"},"modified":"2022-07-13T23:20:18","modified_gmt":"2022-07-13T23:20:18","slug":"la-maison-lombardi-veste-nancy-brilli-durante-la-23esima-edizione-del-premio-internazionale-cinearti-la-chioma-di-berenice","status":"publish","type":"post","link":"https:\/\/www.nonsolomodanews.it\/wordpress\/la-maison-lombardi-veste-nancy-brilli-durante-la-23esima-edizione-del-premio-internazionale-cinearti-la-chioma-di-berenice\/","title":{"rendered":"La Maison Lombardi veste Nancy Brilli durante la 23esima edizione del Premio Internazionale Cinearti La Chioma di Berenice"},"content":{"rendered":"<p><span style=\"color: #000000;\"><strong><img loading=\"lazy\" decoding=\"async\" class=\"size-medium wp-image-23491 alignleft\" src=\"https:\/\/www.nonsolomodanews.it\/wordpress\/wp-content\/uploads\/2022\/07\/c96da286-2fdc-4474-b0c4-2af57b157a23-copia-169x300.jpg\" alt=\"\" width=\"169\" height=\"300\" srcset=\"https:\/\/www.nonsolomodanews.it\/wordpress\/wp-content\/uploads\/2022\/07\/c96da286-2fdc-4474-b0c4-2af57b157a23-copia-169x300.jpg 169w, https:\/\/www.nonsolomodanews.it\/wordpress\/wp-content\/uploads\/2022\/07\/c96da286-2fdc-4474-b0c4-2af57b157a23-copia-576x1024.jpg 576w, https:\/\/www.nonsolomodanews.it\/wordpress\/wp-content\/uploads\/2022\/07\/c96da286-2fdc-4474-b0c4-2af57b157a23-copia.jpg 750w\" sizes=\"auto, (max-width: 169px) 100vw, 169px\" \/>Nonsolomodanews<\/strong> ha il piacere di riportare le impressioni del famoso fashion designer <strong>Jos\u00e8 Lombardi<\/strong>, della Maison Lombardi Haute Couture di Roma, in occasione della ventitreesima edizione del Premio Internazionale Cinearti La Chioma di Berenice dove ha avuto il piacere e l&#8217;onore di vestire la grande attrice <strong>Nancy Brilli<\/strong>.<\/span><\/p>\n<p><!--more--><br \/>\n<span style=\"color: #000000;\">\u00a0&#8220;<em>\u00c8 un momento davvero magico quello che sto vivendo, sono molto fiero di aver vestito la grande attrice Italiana Nancy Brilli per una serata d&#8217;eccezione come quella che si \u00e8 svolta a Roma<\/em>&#8220;. Infatti, nel Teatro 1 degli Stabilimenti Cinematografici di Cinecitt\u00e0, si \u00e8 svolta la ventitreesima edizione del <strong>Premio Internazionale Cinearti La Chioma di Berenice,<\/strong> uno dei pi\u00f9 importanti ed ambiti riconoscimenti del settore promosso dalla CNA. Durante la serata Nancy Brilli \u00e8 stata insignita del Premio alla Carriera.<\/span><\/p>\n<p><span style=\"color: #000000;\"><img loading=\"lazy\" decoding=\"async\" class=\"size-medium wp-image-23486 aligncenter\" src=\"https:\/\/www.nonsolomodanews.it\/wordpress\/wp-content\/uploads\/2022\/07\/b83de8ea-dd26-4751-b584-6bed4b38b938-212x300.jpeg\" alt=\"\" width=\"212\" height=\"300\" srcset=\"https:\/\/www.nonsolomodanews.it\/wordpress\/wp-content\/uploads\/2022\/07\/b83de8ea-dd26-4751-b584-6bed4b38b938-212x300.jpeg 212w, https:\/\/www.nonsolomodanews.it\/wordpress\/wp-content\/uploads\/2022\/07\/b83de8ea-dd26-4751-b584-6bed4b38b938-725x1024.jpeg 725w, https:\/\/www.nonsolomodanews.it\/wordpress\/wp-content\/uploads\/2022\/07\/b83de8ea-dd26-4751-b584-6bed4b38b938-768x1085.jpeg 768w, https:\/\/www.nonsolomodanews.it\/wordpress\/wp-content\/uploads\/2022\/07\/b83de8ea-dd26-4751-b584-6bed4b38b938.jpeg 906w\" sizes=\"auto, (max-width: 212px) 100vw, 212px\" \/> <\/span><span style=\"color: #000000;\">&#8220;<em>Un onore immenso per me, soprattutto nel vederla indossare sul palcoscenico una mia esclusiva creazione ed ammirare l&#8217;impeccabile acconciatura dei capelli curata per l&#8217;occasione dallo straordinario Hair Stylist <strong>Giovanni Filangeri<\/strong>, \u00e8 una soddisfazione che non si pu\u00f2 descrivere a parole, un&#8217;emozione da provare, una sensazione commovente che mi riempie il cuore di gioia, felicit\u00e0 ed orgoglio per il minuzioso ed intenso lavoro svolto, una preparazione meticolosa per un risultato da applausi, un trionfo per Nancy Brilli che voglio condividere con voi carissimi amici di NONSOLOMODANEWS, sono contento inoltre di avere conosciuto anche l<span style=\"color: #000000;\">a bravissima make-up artist<strong> Daniela Cipriani<\/strong> che ha truccato Nancy Brilli, che desidero ringraziare ancora una volta dal profondo del cuore per la fiducia!&#8221; <\/span><\/em>&#x2764;&#xfe0f;&#x2764;&#xfe0f;&#x2764;&#xfe0f;<\/span><\/p>\n<p><span style=\"color: #000000;\"><a style=\"color: #000000;\" href=\"https:\/\/www.instagram.com\/brunoangeloporcellana\/\">Bruno Angelo Porcellana<\/a><\/span><\/p>\n<p style=\"text-align: center;\"><span style=\"color: #000000;\">Tutti i diritti riservati \u00a9 2022 \u2013 Email: nonsolomodanews@gmail.com<\/span><\/p>\n","protected":false},"excerpt":{"rendered":"<p>Nonsolomodanews ha il piacere di riportare le impressioni del famoso fashion designer Jos&egrave; Lombardi, della Maison Lombardi Haute Couture di Roma, in occasione della ventitreesima edizione del Premio Internazionale Cinearti La Chioma di Berenice dove ha avuto il piacere e l&rsquo;onore di vestire la grande attrice Nancy Brilli.<\/p>\n","protected":false},"author":1,"featured_media":23487,"comment_status":"open","ping_status":"open","sticky":false,"template":"","format":"standard","meta":{"rop_custom_images_group":[],"rop_custom_messages_group":[],"rop_publish_now":"initial","rop_publish_now_accounts":[],"rop_publish_now_history":[],"rop_publish_now_status":"pending","footnotes":""},"categories":[16],"tags":[9118,2764,2718,9119,9117],"class_list":["post-23483","post","type-post","status-publish","format-standard","has-post-thumbnail","hentry","category-articolo","tag-daniela-cipriani","tag-giovanni-filangeri","tag-jose-lombardi","tag-la-chioma-di-berenice","tag-nancy-brilli"],"_links":{"self":[{"href":"https:\/\/www.nonsolomodanews.it\/wordpress\/wp-json\/wp\/v2\/posts\/23483","targetHints":{"allow":["GET"]}}],"collection":[{"href":"https:\/\/www.nonsolomodanews.it\/wordpress\/wp-json\/wp\/v2\/posts"}],"about":[{"href":"https:\/\/www.nonsolomodanews.it\/wordpress\/wp-json\/wp\/v2\/types\/post"}],"author":[{"embeddable":true,"href":"https:\/\/www.nonsolomodanews.it\/wordpress\/wp-json\/wp\/v2\/users\/1"}],"replies":[{"embeddable":true,"href":"https:\/\/www.nonsolomodanews.it\/wordpress\/wp-json\/wp\/v2\/comments?post=23483"}],"version-history":[{"count":5,"href":"https:\/\/www.nonsolomodanews.it\/wordpress\/wp-json\/wp\/v2\/posts\/23483\/revisions"}],"predecessor-version":[{"id":23492,"href":"https:\/\/www.nonsolomodanews.it\/wordpress\/wp-json\/wp\/v2\/posts\/23483\/revisions\/23492"}],"wp:featuredmedia":[{"embeddable":true,"href":"https:\/\/www.nonsolomodanews.it\/wordpress\/wp-json\/wp\/v2\/media\/23487"}],"wp:attachment":[{"href":"https:\/\/www.nonsolomodanews.it\/wordpress\/wp-json\/wp\/v2\/media?parent=23483"}],"wp:term":[{"taxonomy":"category","embeddable":true,"href":"https:\/\/www.nonsolomodanews.it\/wordpress\/wp-json\/wp\/v2\/categories?post=23483"},{"taxonomy":"post_tag","embeddable":true,"href":"https:\/\/www.nonsolomodanews.it\/wordpress\/wp-json\/wp\/v2\/tags?post=23483"}],"curies":[{"name":"wp","href":"https:\/\/api.w.org\/{rel}","templated":true}]}}