{"id":23466,"date":"2022-07-10T19:24:18","date_gmt":"2022-07-10T19:24:18","guid":{"rendered":"https:\/\/www.nonsolomodanews.it\/wordpress\/?p=23466"},"modified":"2022-07-10T19:24:18","modified_gmt":"2022-07-10T19:24:18","slug":"phygital-sustainability-expo-mercati-di-traiano-11-12-luglio-2022-salita-del-grillo-32-roma","status":"publish","type":"post","link":"https:\/\/www.nonsolomodanews.it\/wordpress\/phygital-sustainability-expo-mercati-di-traiano-11-12-luglio-2022-salita-del-grillo-32-roma\/","title":{"rendered":"\u201cPHYGITAL SUSTAINABILITY EXPO\u00ae\u201d Mercati di Traiano 11 &#8211; 12 Luglio 2022 Salita Del Grillo 32 &#8211; Roma"},"content":{"rendered":"<div id=\"attachment_23469\" style=\"width: 250px\" class=\"wp-caption alignleft\"><img loading=\"lazy\" decoding=\"async\" aria-describedby=\"caption-attachment-23469\" class=\"wp-image-23469 size-medium\" src=\"https:\/\/www.nonsolomodanews.it\/wordpress\/wp-content\/uploads\/2022\/07\/Matilde-Jewellery-240x300.jpg\" alt=\"\" width=\"240\" height=\"300\" srcset=\"https:\/\/www.nonsolomodanews.it\/wordpress\/wp-content\/uploads\/2022\/07\/Matilde-Jewellery-240x300.jpg 240w, https:\/\/www.nonsolomodanews.it\/wordpress\/wp-content\/uploads\/2022\/07\/Matilde-Jewellery.jpg 768w\" sizes=\"auto, (max-width: 240px) 100vw, 240px\" \/><p id=\"caption-attachment-23469\" class=\"wp-caption-text\"><\/span> <span style=\"color: #000000;\">Matilde Mourinho<\/span><\/p><\/div>\n<p><span style=\"color: #000000;\">\u201cPHYGITAL SUSTAINABILITY EXPO\u00ae\u201d: <strong>Brand, espositori, relatori e una sfilata d\u2019eccezione per una moda consapevole e sostenibile. <\/strong><strong>Roma &#8211; Mercati di Traiano 11 &#8211; 12 Luglio 2022 Salita Del Grillo 32 &#8211; Roma <\/strong><\/span><\/p>\n<p><span style=\"color: #000000;\"><strong>11 Luglio Ore 10.00 &#8211; 23.00 &#8211; 12 Luglio Ore 10.00 &#8211; 20.00 \u00a0<\/strong><\/span><\/p>\n<p><span style=\"color: #000000;\"><strong>\u00a0<\/strong>Veste nuova, nel vero senso della parola, ai Mercati di Traiano, con l\u2019oramai consueta maratona green <strong>Phygital Sustainability Expo, organizzata dalla <\/strong><strong>Sustainable Fashion Innovation Society<\/strong>, in una due giorni con un programma ricchissimo, variegato e di grande interesse.<\/span><\/p>\n<p><span style=\"color: #000000;\">Opening prestigiosa, con il taglio del nastro da parte dell\u2019Assessore al Turismo, Sport, Moda e Grandi Eventi del Comune di Roma Alessandro Onorato che sar\u00e0 accompagnato dalla Presidente Valeria Mangani nella visita al percorso espositivo, alla scoperta del meglio che la ricerca e la creativit\u00e0 hanno prodotto in tema di sostenibilit\u00e0.<\/span><\/p>\n<p><span style=\"color: #000000;\">L\u2019esposizione si snoda lungo la millenaria via Biberatica (risalente al 113 AD), in un viaggio sensoriale e digitale, tra abiti ecosostenibili e tecnologici indossati da 80 manichini sartoriali ecologici. Ad ogni capo \u00e8 abbinato un codice QR che una volta inquadrato sveler\u00e0 le caratteristiche di sostenibilit\u00e0 di ogni outfit.<\/span><\/p>\n<p><span style=\"color: #000000;\"><!--more--><\/span><\/p>\n<p><span style=\"color: #000000;\">Moltissimi gli innovatori presenti, tra questi ricordiamo le nuove realt\u00e0 fashion-tech come <strong>Verabuccia <\/strong>(che utilizza la buccia di ananas per la produzione dei loro capi d\u2019abbigliamento e accessori) o <strong>Felipe Fiallo <\/strong>(famoso per le sue scarpe \u201cviventi\u201d realizzate con alghe, funghi e cristalli di sale, che vedremo crescere in un acquario nei due giorni dell\u2019Expo), il brand <strong>Matilde Jewellery <\/strong><strong>creato da Matilde Mourinho <\/strong>(figlia del famoso allenatore di calcio e che produce gioielli esclusivamente con diamanti coltivati in laboratorio e oro riciclato al 100%, ).<\/span><\/p>\n<div id=\"attachment_23468\" style=\"width: 310px\" class=\"wp-caption aligncenter\"><img loading=\"lazy\" decoding=\"async\" aria-describedby=\"caption-attachment-23468\" class=\"size-medium wp-image-23468\" src=\"https:\/\/www.nonsolomodanews.it\/wordpress\/wp-content\/uploads\/2022\/07\/Felipe-Fiallo-300x290.jpeg\" alt=\"\" width=\"300\" height=\"290\" srcset=\"https:\/\/www.nonsolomodanews.it\/wordpress\/wp-content\/uploads\/2022\/07\/Felipe-Fiallo-300x290.jpeg 300w, https:\/\/www.nonsolomodanews.it\/wordpress\/wp-content\/uploads\/2022\/07\/Felipe-Fiallo.jpeg 498w\" sizes=\"auto, (max-width: 300px) 100vw, 300px\" \/><p id=\"caption-attachment-23468\" class=\"wp-caption-text\"><\/span> <span style=\"color: #000000;\">Felipe Fiallo<\/span><\/p><\/div>\n<p><span style=\"color: #000000;\"><strong>Non solo, ALBINI_next, l\u2019innovation hub di Albini Group, presenter\u00e0 quattro innovativi progetti legati alle colorazioni sostenibili e alla chimica green applicati al settore del tessile<\/strong>, dimostrazione concreta del lavoro di ricerca e di trasferimento tecnologico fra scienza e industria che anima ALBINI_next<strong>. Grounded Indigo &#8211; <\/strong>un nuovo colorante tessile naturale realizzato in collaborazione con Stony Creek\u00a0 Colors,\u00a0 produttore americano dell\u2019unico indaco al mondo 100 % plant-based certificato USDA BioPreferred&#x2122;, <strong>Off the Grain <\/strong>-un innovativo e ambizioso progetto di upcycling, realizzato in collaborazione con Riso Gallo, una nuova tipologia di tintura ricavata dalla lavorazione di una particolare variet\u00e0 di riso nero, che \u00e8 valsa ad ALBINI_next la World Premiere &#8211; <strong>HempFeel: <\/strong>un nuovo morbido green da utilizzare in fase di finissaggio, realizzato con un olio vegetale contenente olio di canapa- <strong>Re-Oxyde<\/strong>: un rivoluzionario sistema di tintura sostenibile, che prevede l\u2019impiego di pigmenti inorganici a base di ossidi di ferro, ottenuti tramite riciclo di materiali ferrosi di scarto, provenienti dall\u2019industria elettrodomestica.<\/span><\/p>\n<div id=\"attachment_23471\" style=\"width: 262px\" class=\"wp-caption aligncenter\"><img loading=\"lazy\" decoding=\"async\" aria-describedby=\"caption-attachment-23471\" class=\"wp-image-23471 size-medium\" src=\"https:\/\/www.nonsolomodanews.it\/wordpress\/wp-content\/uploads\/2022\/07\/RadiciGroup-252x300.jpg\" alt=\"\" width=\"252\" height=\"300\" srcset=\"https:\/\/www.nonsolomodanews.it\/wordpress\/wp-content\/uploads\/2022\/07\/RadiciGroup-252x300.jpg 252w, https:\/\/www.nonsolomodanews.it\/wordpress\/wp-content\/uploads\/2022\/07\/RadiciGroup-862x1024.jpg 862w, https:\/\/www.nonsolomodanews.it\/wordpress\/wp-content\/uploads\/2022\/07\/RadiciGroup-768x913.jpg 768w, https:\/\/www.nonsolomodanews.it\/wordpress\/wp-content\/uploads\/2022\/07\/RadiciGroup-1293x1536.jpg 1293w, https:\/\/www.nonsolomodanews.it\/wordpress\/wp-content\/uploads\/2022\/07\/RadiciGroup-1723x2048.jpg 1723w, https:\/\/www.nonsolomodanews.it\/wordpress\/wp-content\/uploads\/2022\/07\/RadiciGroup-1080x1283.jpg 1080w, https:\/\/www.nonsolomodanews.it\/wordpress\/wp-content\/uploads\/2022\/07\/RadiciGroup.jpg 1837w\" sizes=\"auto, (max-width: 252px) 100vw, 252px\" \/><p id=\"caption-attachment-23471\" class=\"wp-caption-text\"><\/span> <span style=\"color: #000000;\">Radici Group<\/span><\/p><\/div>\n<p><span style=\"color: #000000;\"><strong>Ma il vero rituale della moda, \u00e8 risaputo, \u00e8 la sfilata, che a Phygital Sustainability Expo \u00e8 resa ancora pi\u00f9 suggestiva dalla location d\u2019eccezione<\/strong>. Nello scenario della Roma archeologica sfileranno gli outfit sostenibili pi\u00f9 innovativi, nella formula della Sfilata Narrata \u00ae in cui la voce della famosa doppiatrice Alessandra Korompay racconter\u00e0 in diretta le innovazioni tecnologiche e sostenibili espresse da ogni outfit. Alla fine di ogni abito che sfila viene anche narrata la quantit\u00e0 di CO2 in Kg emessa per la produzione dell\u2019abito: un format registrato ed unico al mondo. La sfilata sar\u00e0 aperta dalla Dea Della Sostenibilit\u00e0, con un abito green nel vero senso della parola, fatto di fiori, foglie e sovrapposizioni di nuvole verdi realizzato da Andrea Sbarrini. La meravigliosa Dea della Sostenibilit\u00e0 \u00e8 resa tale dalle sapienti maestria di Paolo Di Pofi-Direttore Artistico Alta Moda di Emsibeth, Societ\u00e0 Benefit, che usa sostanze naturali per le sue avanzatissime formulazioni di bellezza. Tra i numerosi outfit protesi tra tecnologia e sostenibilit\u00e0 particolarmente interessante \u00e8 l\u2019intervento di RadiciGroup, leader mondiale nella produzione di intermedi chimici, polimeri, tecnopolimeri ad alte prestazioni e soluzioni tessili avanzate, che presenter\u00e0 la prima tuta da sci completamente riciclabile, creata in collaborazione con DKB e realizzata in RENYCLE, un filato prodotto da RadiciGroup derivato dal riciclo del nylon. La monomaterialt\u00e0 della tuta, composta in nylon, oltre a ridurre peso e ingombro mantenendo ottime caratteristiche tecniche, consente di facilitarne il recupero a fine vita. Sotto la tuta la modella indosser\u00e0 il costume da bagno Yamamay, realizzato in Repetable, il filato in poliestere di RadiciGroup ottenuto mediante un processo di riciclo delle bottiglie di plastica.<\/span><\/p>\n<p><span style=\"color: #000000;\">Non solo, la visita \u00e8 anche occasione per sensibilizzare il pubblico sull\u2019importanza di acquistare consapevolmente, grazie all\u2019ausilio della realt\u00e0 aumentata. <strong>Hevolus Innovation <\/strong>offre un\u2019esperienza con volta a sensibilizzare il pubblico sull\u2019impatto inquinante dello shopping compulsivo e sull\u2019importanza degli acquisti consapevoli nei confronti della moda. Percorrono il percorso con panorama mozzafiato sui Fori Imperiali, gli ospiti che indosseranno gli HoloLens di Hevolus Innovation vedranno una serie di manichini statuari vestiti da abiti, che si potranno \u201cselezionare\u201d con un semplice \u201cclick\u201d. Pi\u00f9 abiti verranno cliccati dall\u2019utente, pi\u00f9 alta diventer\u00e0 la pila di vestiti divenuti stracci che l\u2019ospite vedr\u00e0 accumularsi virtualmente sui Fori Imperiali.<\/span><\/p>\n<p><span style=\"color: #000000;\">Durante le due giornate della manifestazione si terr\u00e0 una serie di talks e incontri, in cui si confronteranno\u00a0 gli addetti ai lavori delle principali realt\u00e0 del comparto moda che attualmente lavorano e si impegnano per un percorso verso la sostenibilit\u00e0. Tra questi ricordiamo l\u2019intervento del <strong>Presidente di Sistema Moda Italia, Sergio Tamborini che presenter\u00e0 RETEX.GREEN<\/strong>, il consorzio dei produttori per la gestione ottimizzata dei rifiuti della moda che anticipa le decisioni normative sul tema della responsabilit\u00e0 estesa del produttore e rappresenta il pi\u00f9 autorevole presidio per la circolarit\u00e0 di tutti i segmenti dell\u2019intera filiera (tessile, abbigliamento, calzature e pelletteria), nell\u2019ottica di una proattiva sostenibilit\u00e0. <strong>Attila Kiss, CEO di Gruppo Florence, <\/strong>primo polo produttivo integrato in Italia al servizio del luxury fashion, racconter\u00e0 come l\u2019aggregazione tra le aziende della filiera rappresenti la chiave per aiutare i brand a raggiungere gli obiettivi dei loro programmi legati alla sostenibilit\u00e0, la cui misurazione \u00e8 attualmente resa problematica a causa della frammentazione della filiera. Grazie alla collaborazione con realt\u00e0 pi\u00f9 strutturate, frutto di processi aggregativi, i brand possono mettere a punto processi standardizzati e semplificati che possono favorire una risposta pi\u00f9 adeguata da parte della filiera. il <strong>Presidente e CEO di Automobili Lamborghini <\/strong>SpA <strong>Stephan Winkelmann<\/strong>, illustrer\u00e0 le strategie della nota casa automobilistica per la sostenibilit\u00e0.<\/span><\/p>\n<p><span style=\"color: #000000;\">Phygital Sustainability Expo\u00ae si svolge con il sostegno del Comune di Roma Capitale, sotto l\u2019alto patrocinio del Parlamento Europeo e gode dei patrocini di ben 10 Ministeri Italiani e del Senato, della Camera dei Deputati, del Ministero dello Sviluppo Economico, del Ministero della Transizione Ecologica, del Ministero della Cultura, del Ministero della Giustizia, del Ministero dell\u2019Universit\u00e0 e della Ricerca, del Ministero per l&#8217;Innovazione Tecnologica e la Digitalizzazione, del Ministero per il Sud e la Coesione Territoriale, del Ministero per la Pubblica Amministrazione, del Consiglio Nazionale delle Ricerche, dell\u2019ENEA, del World Food Programme Italia, di SDA Bocconi-Monitor for Circular Fashion, dell\u2019ASVIS \u2013 Alleanza italiana per lo Sviluppo Sostenibile, Universit\u00e0 degli Studi della Campania \u201cLuigi Vanvitelli\u201d, LUISS Business School, Legambiente.<\/span><\/p>\n<p><span style=\"color: #000000;\"><strong>La realizzazione di questo importante progetto \u00e8 stata resa possibile anche grazie al sostegno di Enel X, la business line di Enel dedicata ai servizi innovativi. Determinante il supporto di ICE <\/strong>\u2013 Agenzia per la promozione all\u2019estero e l\u2019internazionalizzazione delle imprese italiane, di intesa con il Ministero degli Affari Esteri e della Cooperazione Internazionale: da sempre pronta ad identificare i pi\u00f9 moderni strumenti di promozione e di comunicazione multicanale, per affermare le eccellenze del Made in Italy nel mondo, l\u2019Agenzia ICE, grazie alla propria rete di oltre 70 Uffici all\u2019estero, ha selezionato 15 primari operatori di settore, tra buyer e giornalisti, provenienti da vari paesi europei ed asiatici. I delegati, invitati ed ospitati dall\u2019Agenzia ICE, avranno modo di visitare la manifestazione, partecipare ai panel ed incontrare le aziende italiane espositrici in b2b preagendati. Scopo del supporto ICE \u00e8 quello di favorire l\u2019export delle PMI presenti e la promozione del Made in Italy artigiano e sostenibile. Il progetto punta a rafforzare l\u2019immagine e a presentare le caratteristiche originali e innovative della Phygital Sustainability Expo nel mondo. Nell\u2019occasione, viene presentata ai visitatori la campagna di Nation Branding beIT, progetto lanciato dal Ministero degli Affari Esteri e della Cooperazione Internazionale e dall\u2019Agenzia ICE. Con il claim \u201cItaly is simply extraordinary: beIT\u201d si intende rilanciare l\u2019immagine del Made in Italy nel mondo, puntando sugli aspetti iconici e peculiari dei prodotti italiani.<\/span><\/p>\n<div id=\"attachment_23472\" style=\"width: 210px\" class=\"wp-caption aligncenter\"><img loading=\"lazy\" decoding=\"async\" aria-describedby=\"caption-attachment-23472\" class=\"wp-image-23472 size-medium\" src=\"https:\/\/www.nonsolomodanews.it\/wordpress\/wp-content\/uploads\/2022\/07\/Valeria-Mangani-200x300.jpg\" alt=\"\" width=\"200\" height=\"300\" srcset=\"https:\/\/www.nonsolomodanews.it\/wordpress\/wp-content\/uploads\/2022\/07\/Valeria-Mangani-200x300.jpg 200w, https:\/\/www.nonsolomodanews.it\/wordpress\/wp-content\/uploads\/2022\/07\/Valeria-Mangani.jpg 683w\" sizes=\"auto, (max-width: 200px) 100vw, 200px\" \/><p id=\"caption-attachment-23472\" class=\"wp-caption-text\"><\/span> <span style=\"color: #000000;\">Valeria Mangani<\/span><\/p><\/div>\n<p><span style=\"color: #000000;\"><strong>La Sustainable Fashion Innovation Society, presieduta da Valeria Mangani, <\/strong>\u00e8 la pi\u00f9 grande community europea di brand ecosostenibili, con oltre 2.000 aziende di moda e design iscritte ufficialmente gratuitamente. La Sustainable Fashion Innovation Society \u00e8 una centrale di produzione di conoscenze sui temi legati alla Sostenibilit\u00e0, proponendosi quale interlocutore privilegiato della Pubblica Amministrazione, degli Amministratori locali, dell\u2019industria, della finanza dedicata e dei diversi attori operanti sul mercato di riferimento. La Sustainable Fashion Innovation Society \u00e8 un\u2019Associazione senza scopo di lucro, con un prestigioso Comitato Scientifico e un team multidisciplinare di esperti. Da anni raccoglie le aziende sostenibili in un\u2019unica piattaforma di network internazionale e soprattutto fornisce sostegno alle aziende che vogliono diventare sostenibili, promuovendo i precetti ESG e fornendo una serie di servizi gratuiti che mensilmente vengono messi a disposizione dai nostri partner (Ferrovie dello Stato Italiane, ENEL X, EY, CNA Federmoda, ASVIS, Monitor for Circular Fashion by SDA Bocconi, ecc). La Sustainable Fashion Innovation Society promuove campagne di consapevolizzazione consumatori sull\u2019acquisto eticamente sostenibile; ed inoltre ha sviluppato negli anni il pi\u00f9 grande database di manifatturieri ecosostenibili ad uso esclusivo dei brand iscritti.<\/span><\/p>\n<p><span style=\"color: #000000;\">Ufficio Stampa &#8211; Barbara Manto &amp; Partners: <a style=\"color: #000000;\" href=\"mailto:office@barbaramanto.com\">office@barbaramanto.com\u00a0<\/a><\/span><\/p>\n<p style=\"text-align: center;\"><span style=\"color: #000000;\">Tutti i diritti riservati \u00a9 2022 \u2013 Email: nonsolomodanews@gmail.com<\/span><\/p>\n","protected":false},"excerpt":{"rendered":"<p>&ldquo;PHYGITAL SUSTAINABILITY EXPO&reg;&rdquo;: Brand, espositori, relatori e una sfilata d&rsquo;eccezione per una moda consapevole e sostenibile. Roma &ndash; Mercati di Traiano 11 &ndash; 12 Luglio 2022 Salita Del Grillo 32 &ndash; Roma 11 Luglio Ore 10.00 &ndash; 23.00 &ndash; 12 Luglio Ore 10.00 &ndash; 20.00 &nbsp; &nbsp;Veste nuova, nel vero senso della parola, ai Mercati di Traiano, con l&rsquo;oramai consueta maratona green Phygital Sustainability Expo, organizzata dalla Sustainable Fashion Innovation Society, in una due giorni con un programma ricchissimo, variegato e di grande interesse. Opening prestigiosa, con il taglio del nastro da parte dell&rsquo;Assessore al Turismo, Sport, Moda e Grandi Eventi del Comune di Roma Alessandro Onorato che sar&agrave; accompagnato dalla Presidente Valeria Mangani nella visita al percorso espositivo, alla scoperta del meglio che la ricerca e la creativit&agrave; hanno prodotto in tema di sostenibilit&agrave;. L&rsquo;esposizione si snoda lungo la millenaria via Biberatica (risalente al 113 AD), in un viaggio sensoriale e digitale, tra abiti ecosostenibili e tecnologici indossati da 80 manichini sartoriali ecologici. Ad ogni capo &egrave; abbinato un codice QR che una volta inquadrato sveler&agrave; le caratteristiche di sostenibilit&agrave; di ogni outfit.<\/p>\n","protected":false},"author":1,"featured_media":23470,"comment_status":"open","ping_status":"open","sticky":false,"template":"","format":"standard","meta":{"rop_custom_images_group":[],"rop_custom_messages_group":[],"rop_publish_now":"initial","rop_publish_now_accounts":[],"rop_publish_now_history":[],"rop_publish_now_status":"pending","footnotes":""},"categories":[16],"tags":[8011,281,1099,9115,1242],"class_list":["post-23466","post","type-post","status-publish","format-standard","has-post-thumbnail","hentry","category-articolo","tag-altaroma","tag-bruno-angelo-porcellana","tag-nonsolomodanews","tag-phygital-sustainability-expo","tag-roma"],"_links":{"self":[{"href":"https:\/\/www.nonsolomodanews.it\/wordpress\/wp-json\/wp\/v2\/posts\/23466","targetHints":{"allow":["GET"]}}],"collection":[{"href":"https:\/\/www.nonsolomodanews.it\/wordpress\/wp-json\/wp\/v2\/posts"}],"about":[{"href":"https:\/\/www.nonsolomodanews.it\/wordpress\/wp-json\/wp\/v2\/types\/post"}],"author":[{"embeddable":true,"href":"https:\/\/www.nonsolomodanews.it\/wordpress\/wp-json\/wp\/v2\/users\/1"}],"replies":[{"embeddable":true,"href":"https:\/\/www.nonsolomodanews.it\/wordpress\/wp-json\/wp\/v2\/comments?post=23466"}],"version-history":[{"count":3,"href":"https:\/\/www.nonsolomodanews.it\/wordpress\/wp-json\/wp\/v2\/posts\/23466\/revisions"}],"predecessor-version":[{"id":23475,"href":"https:\/\/www.nonsolomodanews.it\/wordpress\/wp-json\/wp\/v2\/posts\/23466\/revisions\/23475"}],"wp:featuredmedia":[{"embeddable":true,"href":"https:\/\/www.nonsolomodanews.it\/wordpress\/wp-json\/wp\/v2\/media\/23470"}],"wp:attachment":[{"href":"https:\/\/www.nonsolomodanews.it\/wordpress\/wp-json\/wp\/v2\/media?parent=23466"}],"wp:term":[{"taxonomy":"category","embeddable":true,"href":"https:\/\/www.nonsolomodanews.it\/wordpress\/wp-json\/wp\/v2\/categories?post=23466"},{"taxonomy":"post_tag","embeddable":true,"href":"https:\/\/www.nonsolomodanews.it\/wordpress\/wp-json\/wp\/v2\/tags?post=23466"}],"curies":[{"name":"wp","href":"https:\/\/api.w.org\/{rel}","templated":true}]}}