{"id":23330,"date":"2022-06-02T22:05:56","date_gmt":"2022-06-02T22:05:56","guid":{"rendered":"https:\/\/www.nonsolomodanews.it\/wordpress\/?p=23330"},"modified":"2022-06-02T22:05:56","modified_gmt":"2022-06-02T22:05:56","slug":"la-zia-lara-ritorna-in-tv-con-il-reality-stupido-hotel","status":"publish","type":"post","link":"https:\/\/www.nonsolomodanews.it\/wordpress\/la-zia-lara-ritorna-in-tv-con-il-reality-stupido-hotel\/","title":{"rendered":"La Zia Lara ritorna in TV con il reality Stupido Hotel"},"content":{"rendered":"<p><span style=\"color: #000000;\"><img loading=\"lazy\" decoding=\"async\" class=\"size-medium wp-image-23333 alignleft\" src=\"https:\/\/www.nonsolomodanews.it\/wordpress\/wp-content\/uploads\/2022\/06\/La-Zia-Lara-0001-225x300.jpg\" alt=\"\" width=\"225\" height=\"300\" srcset=\"https:\/\/www.nonsolomodanews.it\/wordpress\/wp-content\/uploads\/2022\/06\/La-Zia-Lara-0001-225x300.jpg 225w, https:\/\/www.nonsolomodanews.it\/wordpress\/wp-content\/uploads\/2022\/06\/La-Zia-Lara-0001-768x1024.jpg 768w, https:\/\/www.nonsolomodanews.it\/wordpress\/wp-content\/uploads\/2022\/06\/La-Zia-Lara-0001-1152x1536.jpg 1152w, https:\/\/www.nonsolomodanews.it\/wordpress\/wp-content\/uploads\/2022\/06\/La-Zia-Lara-0001-1080x1440.jpg 1080w, https:\/\/www.nonsolomodanews.it\/wordpress\/wp-content\/uploads\/2022\/06\/La-Zia-Lara-0001.jpg 1536w\" sizes=\"auto, (max-width: 225px) 100vw, 225px\" \/>Grandi novit\u00e0 in casa Lara Laino in arte\u00a0<strong> &#8220;La Zia Lara&#8221;<\/strong>, infatti la nota influencer, food blogger, imprenditrice, presentatrice tv milanese ha annunciato che insieme alla sua amica <strong>Anna Berra<\/strong> parteciper\u00e0 al reality <strong>&#8220;Stupido hotel&#8221;<\/strong>. Dopo due anni di pandemia abbiamo incontrato nuovamente\u00a0 la vulcanica Lara che oltre annunciarci che parteciper\u00e0 al reality, ha voluto raccontarci nuovamente un po&#8217; di s\u00e9 dopo due anni di vita a spizzichi e bocconi. Ringraziamo Lara, anzi &#8220;La zia Lara&#8221; per questa intervista e auguriamo ai nostri lettori buona lettura. Per chi volesse sapere di pi\u00f9 di questa vulcanica ragazza, si pu\u00f2 leggere l&#8217;intervista concessa a suo tempo <a style=\"color: #000000;\" href=\"https:\/\/www.nonsolomodanews.it\/wordpress\/la-zia-lara-una-sexy-food-blogger-sempre-con-la-valigia-in-mano\/\">qui.<\/a><\/span><\/p>\n<p><span style=\"color: #000000;\"><!--more--><\/span><\/p>\n<p><span style=\"color: #000000;\"><strong>Sappiamo che hai un carattere esplosivo. Secondo il tuo punto di vista questo aspetto del tuo carattere \u00e8 pi\u00f9 positivo o negativo? <\/strong><em>\u201cPersonalmente, ha entrambe i lati. Ovvero, positivo perch\u00e9 mi porta a non avere limiti , la voglia di conoscenza e di essere sempre vivace vivendo la vita a mille senza troppe domande. Dall&#8217;altra, la mia esplosivit\u00e0 mi porta ad essere molto impulsiva e quindi mi fa spesso fare scelte di petto senza riflettere\u201d.<\/em><\/span><\/p>\n<p><span style=\"color: #000000;\"><strong>Sei molto curiosa. Secondo te quanto si deve essere curiosi delle vite altrui? <\/strong><em>\u201cIo sono curiosa al livello del sapere. Delle culture, del conoscere il mondo o le diverse materie. Questo ti aiuta ad andare avanti e crescere non le vite altrui. Nel senso, ci pu\u00f2 essere ammirazione e voler sapere magari dei consigli da altre vite punti\u00a0di vista ma curiosa di come vivono gli altri non ho neanche tempo di pensarlo\u201d.<\/em><\/span><\/p>\n<p><span style=\"color: #000000;\"><strong>Il fucsia acceso \u00e8 il tuo colore preferito. Perch\u00e9 proprio il fucsia e non un altro colore? <\/strong><em>\u201cMa il fucsia e il colore che mi rappresenta!! Colore femminile, sgargiante che non passa inosservato. I temi delle mie feste o accessori sono sempre fucsia! Ho anche la macchia fucsia\u201d.<\/em><\/span><\/p>\n<p><span style=\"color: #000000;\"><strong>Tu si una food blogger quali sono altre tue passioni? <\/strong><em>\u201cSicuramente il viaggiare. Infatti mi sto specializzando come Travel blogger e lo faccio con passione. Se non viaggi non ti apri la mente e non puoi capire anche i diversi modi di vivere e pensare. Amo ovviamente i tacchi tantissimo e la moda. Ma un&#8217;altra passione \u00e8 anche rilassarmi con un narghil\u00e8 o ballando musica latina\u201d.<\/em><\/span><\/p>\n<p><span style=\"color: #000000;\"><strong>Tu sei un&#8217;habitu\u00e9 dei programmi TV. Abbiamo saputo che tu dovresti partecipare ad un importante reality puoi anticiparci qualcosa o \u00e8 ancora tutto top secret? <\/strong><em>\u201cSi certo ve ne parlo volentieri ! Io e la mia amica Anna Berra partiremo per il reality &lt;&lt;stupido hotel&gt;&gt; dove saremo rinchiuse e riprese h24 con altre coppie. Non vediamo l&#8217;ora di cominciare perch\u00e9 ci metteranno alla prova ed essendo una copia molto buffa \u00e8 tra le nuvole ci dimenticheremo sicuro delle telecamere! E sar\u00e0 un problema, sicuramente in positivo\u201d.<\/em><\/span><\/p>\n<p><span style=\"color: #000000;\"><strong>Come ti rapporti con i tuoi followers? <\/strong><em>\u201cCome se fossero i miei nipoti. Gli racconto la mia giornata sempre in modo divertente fuori dagli schemi. Senza recitare, senza fingere, cos\u00ec come sono. Da pugliese verace. Bisogna essere se stessi perch\u00e9 io sono come nelle telecamera come nella vita. Spento o accesso il cellulare sono la stessa persona\u201d.<\/em><\/span><\/p>\n<p><span style=\"color: #000000;\"><strong>Cosa significa da italiana vivere all&#8217;estero? <\/strong><em>\u201cIo viaggio molto perch\u00e9 vivere fuori dalle proprie abitudini, da altre culture, altre lingue e altri ritmi di da crescere. A volte ti fa anche capire come vuoi crescere o come vuoi continuare a vivere. <\/em><em>Ma anche se non vai all\u2019estero molto volte basta anche spostarsi un po&#8217; dalla Lombardia e gi\u00e0 capisci la differenza. Noi milanesi corriamo troppo, anche se ammetto che io adoro essere sempre in tensione\u201d.<\/em><\/span><\/p>\n<p><span style=\"color: #000000;\"><strong>Che cosa ti manca di pi\u00f9 quando sei fuori dall&#8217;Italia? <\/strong><em>\u201cLa mamma e il pap\u00e0 e le amiche. Non posso dire il cibo perch\u00e9 mangio ovunque e torno sempre tonda\u201d.<\/em><\/span><\/p>\n<p><span style=\"color: #000000;\"><strong>Come hai vissuto la pandemia? <\/strong><em>&#8220;Molto male all&#8217;inizio perch\u00e9 io non riesco a stare ferma. Poi piano piano mi sono inventata come comica con mia madre creando video divertenti. Ho cercato di trovare il lato positivo come scoprire di avere una casa riposandomi. A parte gli scherzi, essendo sempre fuori e in movimento e come se mi fossi goduta un po&#8217; di riposo. Per\u00f2 \u00e8 stato un brutto periodo per per tutti con preoccupazione &#8220;<\/em><\/span><\/p>\n<p><span style=\"color: #000000;\"><strong>Ci racconti le\u00a0<\/strong><b>differenze? <\/b>&#8220;A<i> casa sicuramente diventi pi\u00f9 pigra e perdi i ritmi. Io sono abituata a stare sempre a tremila, sotto tensione organizzandomi l&#8217;agenda e correndo. In pandemia sicuramente non era possibile ed una cosa che mi \u00e8 mancata&#8221;.<\/i><\/span><\/p>\n<p><span style=\"color: #000000;\"><strong>Come ti sei avvicinata alla fotografia? <\/strong><em>\u201cQuando da piccola mi notarono perch\u00e9 ero molto magra e viso pulito cos\u00ec che ho posato per tanti brand. Ma soprattutto per tanti marchi del hairstyle come Wella, l&#8217;Oreal ecc . Ho fatto molto cataloghi per pettinature e tagli colori\u201d.<\/em><\/span><\/p>\n<p><span style=\"color: #000000;\"><strong>In una tua fotografia di ritratto che cosa noti immediatamente? <\/strong><em>\u201cIo guardo sempre i capelli \u00e8 una cosa che proprio guardo sempre in generale. Capelli lunghi neri mi piacciono molto sul mio volto e fa tanto come li porti nelle<\/em> <em>foto mi cambiano anche l&#8217;espressione\u201d.<\/em><\/span><\/p>\n<p><span style=\"color: #000000;\"><strong>Quali sono le tue sensazioni quando vieni fotografata? <\/strong><em>\u201cSono molto naturale. Mi diverto molto e lo faccio con serenit\u00e0. Poi per me \u00e8 divertente scattare anche durante il giorno visto il mio lavoro di influencer\u201d.<\/em><\/span><\/p>\n<p><span style=\"color: #000000;\"><strong>Quali sono i generi fotografici che preferisci e perch\u00e9? <\/strong><em>\u201cPreferisco il glamour e scatti all&#8217;aperto. Perch\u00e9 nelle foto gli ambienti aperti paesaggi valorizzano molto la foto. Abito giusto con ambiente giusto pu\u00f2 avere un meraviglio risultato\u201d.<\/em><\/span><\/p>\n<p><span style=\"color: #000000;\"><strong>Un progetto fotografico che vorresti realizzare e parlando pi\u00f9 in generale, ci vuoi anticipare qualche progetto futuro? <\/strong><em>\u201cMi piacerebbe fare scatti nuovi sulla spiaggia con costumi particolari . Da tanto che non li faccio su un mare cristallino e sabbia bianca. Ho un bel progetto con un&#8217;altra influencer ma non ne posso parlare. Vi\u00a0 piacer\u00e0 molto! \u201d.<\/em><\/span><\/p>\n<p><span style=\"color: #000000;\"><strong>Che cosa \u00e8 per te la volgarit\u00e0 ? <\/strong><em>\u201cNei comportamenti sicuramente la mancanza di educazione nel vestire siano a volte si mettono cap\u00ec che non ti valorizzano o che non sai portare con disinvoltura. Devi amare quello che indossi perch\u00e9 se non sei a tuo agio spesso trasmetti questo a chi ti guarda\u201d.<\/em><\/span><\/p>\n<p><span style=\"color: #000000;\"><strong>Qual \u00e8 il capo di vestiario che ami di pi\u00f9 e quello di meno? <\/strong><em>\u201cNon amo le salopette e qualsiasi capo che sia di colore viola. Amo le gonne di qualsiasi lunghezza\u201d.<\/em><\/span><\/p>\n<p><span style=\"color: #000000;\"><strong>Scarpe basse o tacchi? <\/strong><em>\u201cTacchi all&#8217;infinito. Poi ovviamente dipende dall&#8217;occasione&#8217;\u201d.<\/em><\/span><\/p>\n<p><span style=\"color: #000000;\"><strong>Un accessorio che non manca mai quando esci da casa? <\/strong><em>\u201cOrecchini assolutamente\u201d.<\/em><\/span><\/p>\n<p><span style=\"color: #000000;\"><strong>Qual \u00e8 il tuo rapporto con la tecnologia? <\/strong><em>\u201cDirei ottimo. Senza il mio telefono non sarei zia Lara\u201d.<\/em><\/span><\/p>\n<p><span style=\"color: #000000;\"><strong>Quali sono i tuoi riferimenti social? <\/strong><em>\u201c&lt;&lt;Lara la zia&gt;&gt;su tutti i social\u201d.<\/em><\/span><\/p>\n<p><span style=\"color: #000000;\"><strong>Se dovessi cambiare citt\u00e0 dove vorresti andare a vivere?<\/strong><em> \u201cNon saprei non ne ho viste ancora abbastanza per poter scegliere\u201d.<\/em><\/span><\/p>\n<p><span style=\"color: #000000;\"><strong>Sogno nel cassetto? <\/strong><em>&#8220;Tornare a condurre un programma tutto mio\u201d.<\/em><\/span><\/p>\n<p><span style=\"color: #000000;\">Grazie!<\/span><\/p>\n<p><span style=\"color: #000000;\">Bruno Angelo Porcellana<\/span><\/p>\n<p style=\"text-align: center;\"><span style=\"color: #000000;\">Le fotografie sono state fornite da Lara Laino \u2013 I diritti appartengono ai relativi fotografi<\/span><br \/>\n<span style=\"color: #000000;\">Tutti i diritti riservati \u00a9 2022 \u2013 Email: nonsolomodanews@gmail.com<\/span><\/p>\n<p style=\"text-align: center;\"><span style=\"color: #000000;\"><style id=\"bwg-style-0\">      #bwg_container1_0 #bwg_container2_0 #bwg_mosaic_thumbnails_div_0 {        width: 100%;        position: relative;        background-color: rgba(255, 255, 255, 0.00);        text-align: center;        justify-content: center;                  margin-left: auto;          margin-right: auto;                    padding-left: 4px;          padding-top: 4px;                }          #bwg_container1_0 #bwg_container2_0 .bwg_mosaic_thumb_spun_0 {        display: block;        position: absolute;\t\t\t\tborder-radius: 0;\t\t\t\tborder: 0px none #CCCCCC;    \t\t    \t\tbackground-color:rgba(0,0,0, 0.30);        -moz-box-sizing: content-box !important;        -webkit-box-sizing: content-box !important;        box-sizing: content-box !important;      }\t\t\t#bwg_container1_0 #bwg_container2_0 .bwg_mosaic_thumb_0 {\t\t\t\tdisplay: block;\t\t\t\t-moz-box-sizing: content-box !important;\t\t\t\t-webkit-box-sizing: content-box !important;\t\t\t\tbox-sizing: content-box !important;\t\t\t\tmargin: 0;\t\t\t\topacity: 1.00;\t\t\t}      #bwg_container1_0 #bwg_container2_0 .bwg_mosaic_thumb_spun_0:hover {        opacity: 1;        backface-visibility: hidden;        -webkit-backface-visibility: hidden;        -moz-backface-visibility: hidden;        -ms-backface-visibility: hidden;        z-index: 102;      }\t      @media only screen and (min-width: 480px) {        #bwg_container1_0 #bwg_container2_0 .bwg_mosaic_thumb_spun_0:hover {          transform: scale(1.1);          -ms-transform: scale(1.1);          -webkit-transform: scale(1.1);        }      }\t      #bwg_container1_0 #bwg_container2_0 .bwg_mosaic_thumbnails_0 {        background-color: rgba(255, 255, 255, 0.00);        font-size: 0;        position: relative;        text-align: center;        display: inline-block;        visibility: hidden;              }\t  \/*image title styles*\/      #bwg_container1_0 #bwg_container2_0 .bwg_mosaic_title_spun1_0,      #bwg_container1_0 #bwg_container2_0 .bwg-mosaic-thumbnails .bwg_ecommerce_spun1_0 {        position: absolute;        display: block;        opacity: 0;        box-sizing: border-box;        text-align: center;\t\t\t\ttop: 50%;\t\t\t\tleft: 50%;\t\t\t\ttransform: translate(-50%, -50%);      }      #bwg_container1_0 #bwg_container2_0 .bwg-mosaic-thumbnails .bwg_mosaic_title_spun2_0,      #bwg_container1_0 #bwg_container2_0 .bwg-mosaic-thumbnails .bwg_ecommerce_spun2_0 {\t\t    color: #CCCCCC;        font-family: segoe ui;        font-size: 16px;        font-weight: bold;        text-shadow: 0px 0px 0px #888888;        vertical-align: middle;        word-wrap: break-word;      }            .bwg_mosaic_play_icon_spun_0 {        display: table;        position: absolute;        left: -10000px;        top: 0px;        opacity: 0;      }      .bwg_mosaic_play_icon_0 {        color: #CCCCCC;        font-size: 32px;        vertical-align: middle;        display: table-cell !important;        z-index: 1;        text-align: center;        margin: 0 auto;      }      #bwg_container1_0 #bwg_container2_0 .bwg_gal_title_0 {        background-color: rgba(0, 0, 0, 0);        color: #323A45;        display: block;        font-family: Ubuntu;        font-size: 16px;        font-weight: bold;        padding: 2px;        text-shadow: ;        text-align: center;      }            @media screen and (max-width: 350px) {      div[class^=\"bwg_mosaic_thumbnails_\"],      span[class^=\"bwg_mosaic_thumb_spun_\"] {      width: 100% !important;      }      img[class^=\"bwg_mosaic_thumb_\"] {      width: 100% !important;      height: auto !important;      margin: 0px auto !important;      }      }      <\/style>    <div id=\"bwg_container1_0\"         class=\"bwg_container bwg_thumbnail bwg_thumbnails_mosaic \"         data-right-click-protection=\"0\"         data-bwg=\"0\"         data-scroll=\"0\"         data-gallery-type=\"thumbnails_mosaic\"         data-gallery-view-type=\"thumbnails_mosaic\"         data-current-url=\"\/wordpress\/wp-json\/wp\/v2\/posts\/23330\"         data-lightbox-url=\"https:\/\/www.nonsolomodanews.it\/wordpress\/wp-admin\/admin-ajax.php?action=GalleryBox&#038;current_view=0&#038;gallery_id=585&#038;tag=0&#038;theme_id=1&#038;shortcode_id=1186&#038;sort_by=filename&#038;order_by=asc&#038;current_url=%2Fwordpress%2Fwp-json%2Fwp%2Fv2%2Fposts%2F23330\"         data-gallery-id=\"585\"         data-popup-width=\"800\"         data-popup-height=\"500\"         data-is-album=\"gallery\"         data-buttons-position=\"bottom\">      <div id=\"bwg_container2_0\">             <div id=\"ajax_loading_0\" class=\"bwg_loading_div_1\">      <div class=\"bwg_loading_div_2\">        <div class=\"bwg_loading_div_3\">          <div id=\"loading_div_0\" class=\"bwg_spider_ajax_loading\">          <\/div>        <\/div>      <\/div>    <\/div>            <form id=\"gal_front_form_0\"              class=\"bwg-hidden\"              method=\"post\"              action=\"#\"              data-current=\"0\"              data-shortcode-id=\"1186\"              data-gallery-type=\"thumbnails_mosaic\"              data-gallery-id=\"585\"              data-tag=\"0\"              data-album-id=\"0\"              data-theme-id=\"1\"              data-ajax-url=\"https:\/\/www.nonsolomodanews.it\/wordpress\/wp-admin\/admin-ajax.php?action=bwg_frontend_data\">          <div id=\"bwg_container3_0\" class=\"bwg-background bwg-background-0\">                <div id=\"bwg_mosaic_thumbnails_div_0\"         class=\"bwg-container-0 bwg-container bwg-mosaic-thumbnails\"         data-bwg=\"0\"         data-mosaic-direction=\"vertical\"         data-resizable=\"0\"         data-width=\"250\"         data-height=\"250\"         data-total-width=\"100\"         data-block-id=\"bwg_thumbnails_mosaic_0\"         data-thumb-padding=\"4\"         data-thumb-border=\"0\"         data-title-margin=\"2px\"         data-image-title=\"none\"         data-play-icon=\"1\"         data-ecommerce-icon=\"none\"         data-gallery-id=\"585\"         data-lightbox-url=\"https:\/\/www.nonsolomodanews.it\/wordpress\/wp-admin\/admin-ajax.php?action=GalleryBox&#038;current_view=0&#038;gallery_id=585&#038;tag=0&#038;theme_id=1&#038;shortcode_id=1186&#038;sort_by=filename&#038;order_by=asc&#038;current_url=%2Fwordpress%2Fwp-json%2Fwp%2Fv2%2Fposts%2F23330\"         data-mosaic-thumb-transition=\"1\"         style=\"visibility: hidden\" >      <div id=\"bwg_thumbnails_mosaic_0\" class=\"bwg_mosaic_thumbnails_0\">                  <a  class=\"bwg-a bwg_lightbox bwg_lightbox_0\" href=\"https:\/\/www.nonsolomodanews.it\/wordpress\/wp-content\/uploads\/photo-gallery\/Lara_Laino\/La_Zia_Lara_0001.jpg?bwg=1654207273\" data-image-id=\"33318\" data-elementor-open-lightbox=\"no\">          <div class=\"bwg_mosaic_thumb_spun_0 bwg-item0 bwg-mosaic-thumb-span \">            <img decoding=\"async\" class=\"bwg_mosaic_thumb_0 skip-lazy bwg_img_clear bwg_img_custom \"                 id=\"33318\"                 src=\"https:\/\/www.nonsolomodanews.it\/wordpress\/wp-content\/uploads\/photo-gallery\/Lara_Laino\/thumb\/La_Zia_Lara_0001.jpg?bwg=1654207273\"                 data-src=\"https:\/\/www.nonsolomodanews.it\/wordpress\/wp-content\/uploads\/photo-gallery\/Lara_Laino\/thumb\/La_Zia_Lara_0001.jpg?bwg=1654207273\"                 data-width=\"900\"                 data-height=\"1200\"                 alt=\"La Zia Lara 0001\"                 title=\"La Zia Lara 0001\" \/>                      <\/div>        <\/a>                <a  class=\"bwg-a bwg_lightbox bwg_lightbox_0\" href=\"https:\/\/www.nonsolomodanews.it\/wordpress\/wp-content\/uploads\/photo-gallery\/Lara_Laino\/La_Zia_Lara_0002.jpg?bwg=1654207273\" data-image-id=\"33323\" data-elementor-open-lightbox=\"no\">          <div class=\"bwg_mosaic_thumb_spun_0 bwg-item0 bwg-mosaic-thumb-span \">            <img decoding=\"async\" class=\"bwg_mosaic_thumb_0 skip-lazy bwg_img_clear bwg_img_custom \"                 id=\"33323\"                 src=\"https:\/\/www.nonsolomodanews.it\/wordpress\/wp-content\/uploads\/photo-gallery\/Lara_Laino\/thumb\/La_Zia_Lara_0002.jpg?bwg=1654207273\"                 data-src=\"https:\/\/www.nonsolomodanews.it\/wordpress\/wp-content\/uploads\/photo-gallery\/Lara_Laino\/thumb\/La_Zia_Lara_0002.jpg?bwg=1654207273\"                 data-width=\"960\"                 data-height=\"1200\"                 alt=\"La Zia Lara 0002\"                 title=\"La Zia Lara 0002\" \/>                      <\/div>        <\/a>                <a  class=\"bwg-a bwg_lightbox bwg_lightbox_0\" href=\"https:\/\/www.nonsolomodanews.it\/wordpress\/wp-content\/uploads\/photo-gallery\/Lara_Laino\/La_Zia_Lara_0003.jpg?bwg=1654207273\" data-image-id=\"33320\" data-elementor-open-lightbox=\"no\">          <div class=\"bwg_mosaic_thumb_spun_0 bwg-item0 bwg-mosaic-thumb-span \">            <img decoding=\"async\" class=\"bwg_mosaic_thumb_0 skip-lazy bwg_img_clear bwg_img_custom \"                 id=\"33320\"                 src=\"https:\/\/www.nonsolomodanews.it\/wordpress\/wp-content\/uploads\/photo-gallery\/Lara_Laino\/thumb\/La_Zia_Lara_0003.jpg?bwg=1654207273\"                 data-src=\"https:\/\/www.nonsolomodanews.it\/wordpress\/wp-content\/uploads\/photo-gallery\/Lara_Laino\/thumb\/La_Zia_Lara_0003.jpg?bwg=1654207273\"                 data-width=\"960\"                 data-height=\"1200\"                 alt=\"La Zia Lara 0003\"                 title=\"La Zia Lara 0003\" \/>                      <\/div>        <\/a>                <a  class=\"bwg-a bwg_lightbox bwg_lightbox_0\" href=\"https:\/\/www.nonsolomodanews.it\/wordpress\/wp-content\/uploads\/photo-gallery\/Lara_Laino\/La_Zia_Lara_0004.jpg?bwg=1654207273\" data-image-id=\"33316\" data-elementor-open-lightbox=\"no\">          <div class=\"bwg_mosaic_thumb_spun_0 bwg-item0 bwg-mosaic-thumb-span \">            <img decoding=\"async\" class=\"bwg_mosaic_thumb_0 skip-lazy bwg_img_clear bwg_img_custom \"                 id=\"33316\"                 src=\"https:\/\/www.nonsolomodanews.it\/wordpress\/wp-content\/uploads\/photo-gallery\/Lara_Laino\/thumb\/La_Zia_Lara_0004.jpg?bwg=1654207273\"                 data-src=\"https:\/\/www.nonsolomodanews.it\/wordpress\/wp-content\/uploads\/photo-gallery\/Lara_Laino\/thumb\/La_Zia_Lara_0004.jpg?bwg=1654207273\"                 data-width=\"900\"                 data-height=\"1200\"                 alt=\"La Zia Lara 0004\"                 title=\"La Zia Lara 0004\" \/>                      <\/div>        <\/a>                <a  class=\"bwg-a bwg_lightbox bwg_lightbox_0\" href=\"https:\/\/www.nonsolomodanews.it\/wordpress\/wp-content\/uploads\/photo-gallery\/Lara_Laino\/La_Zia_Lara_0005.jpg?bwg=1654207273\" data-image-id=\"33322\" data-elementor-open-lightbox=\"no\">          <div class=\"bwg_mosaic_thumb_spun_0 bwg-item0 bwg-mosaic-thumb-span \">            <img decoding=\"async\" class=\"bwg_mosaic_thumb_0 skip-lazy bwg_img_clear bwg_img_custom \"                 id=\"33322\"                 src=\"https:\/\/www.nonsolomodanews.it\/wordpress\/wp-content\/uploads\/photo-gallery\/Lara_Laino\/thumb\/La_Zia_Lara_0005.jpg?bwg=1654207273\"                 data-src=\"https:\/\/www.nonsolomodanews.it\/wordpress\/wp-content\/uploads\/photo-gallery\/Lara_Laino\/thumb\/La_Zia_Lara_0005.jpg?bwg=1654207273\"                 data-width=\"960\"                 data-height=\"1200\"                 alt=\"La Zia Lara 0005\"                 title=\"La Zia Lara 0005\" \/>                      <\/div>        <\/a>                <a  class=\"bwg-a bwg_lightbox bwg_lightbox_0\" href=\"https:\/\/www.nonsolomodanews.it\/wordpress\/wp-content\/uploads\/photo-gallery\/Lara_Laino\/La_Zia_Lara_0006.jpg?bwg=1654207273\" data-image-id=\"33317\" data-elementor-open-lightbox=\"no\">          <div class=\"bwg_mosaic_thumb_spun_0 bwg-item0 bwg-mosaic-thumb-span \">            <img decoding=\"async\" class=\"bwg_mosaic_thumb_0 skip-lazy bwg_img_clear bwg_img_custom \"                 id=\"33317\"                 src=\"https:\/\/www.nonsolomodanews.it\/wordpress\/wp-content\/uploads\/photo-gallery\/Lara_Laino\/thumb\/La_Zia_Lara_0006.jpg?bwg=1654207273\"                 data-src=\"https:\/\/www.nonsolomodanews.it\/wordpress\/wp-content\/uploads\/photo-gallery\/Lara_Laino\/thumb\/La_Zia_Lara_0006.jpg?bwg=1654207273\"                 data-width=\"962\"                 data-height=\"1200\"                 alt=\"La Zia Lara 0006\"                 title=\"La Zia Lara 0006\" \/>                      <\/div>        <\/a>                <a  class=\"bwg-a bwg_lightbox bwg_lightbox_0\" href=\"https:\/\/www.nonsolomodanews.it\/wordpress\/wp-content\/uploads\/photo-gallery\/Lara_Laino\/La_Zia_Lara_0007.jpg?bwg=1654207273\" data-image-id=\"33319\" data-elementor-open-lightbox=\"no\">          <div class=\"bwg_mosaic_thumb_spun_0 bwg-item0 bwg-mosaic-thumb-span \">            <img decoding=\"async\" class=\"bwg_mosaic_thumb_0 skip-lazy bwg_img_clear bwg_img_custom \"                 id=\"33319\"                 src=\"https:\/\/www.nonsolomodanews.it\/wordpress\/wp-content\/uploads\/photo-gallery\/Lara_Laino\/thumb\/La_Zia_Lara_0007.jpg?bwg=1654207273\"                 data-src=\"https:\/\/www.nonsolomodanews.it\/wordpress\/wp-content\/uploads\/photo-gallery\/Lara_Laino\/thumb\/La_Zia_Lara_0007.jpg?bwg=1654207273\"                 data-width=\"1200\"                 data-height=\"989\"                 alt=\"La Zia Lara 0007\"                 title=\"La Zia Lara 0007\" \/>                      <\/div>        <\/a>                <a  class=\"bwg-a bwg_lightbox bwg_lightbox_0\" href=\"https:\/\/www.nonsolomodanews.it\/wordpress\/wp-content\/uploads\/photo-gallery\/Lara_Laino\/La_Zia_Lara_0008.jpg?bwg=1654207273\" data-image-id=\"33321\" data-elementor-open-lightbox=\"no\">          <div class=\"bwg_mosaic_thumb_spun_0 bwg-item0 bwg-mosaic-thumb-span \">            <img decoding=\"async\" class=\"bwg_mosaic_thumb_0 skip-lazy bwg_img_clear bwg_img_custom \"                 id=\"33321\"                 src=\"https:\/\/www.nonsolomodanews.it\/wordpress\/wp-content\/uploads\/photo-gallery\/Lara_Laino\/thumb\/La_Zia_Lara_0008.jpg?bwg=1654207273\"                 data-src=\"https:\/\/www.nonsolomodanews.it\/wordpress\/wp-content\/uploads\/photo-gallery\/Lara_Laino\/thumb\/La_Zia_Lara_0008.jpg?bwg=1654207273\"                 data-width=\"1200\"                 data-height=\"675\"                 alt=\"La Zia Lara 0008\"                 title=\"La Zia Lara 0008\" \/>                      <\/div>        <\/a>                <a  class=\"bwg-a bwg_lightbox bwg_lightbox_0\" href=\"https:\/\/www.nonsolomodanews.it\/wordpress\/wp-content\/uploads\/photo-gallery\/Lara_Laino\/La_Zia_Lara_0009.jpg?bwg=1654207273\" data-image-id=\"33315\" data-elementor-open-lightbox=\"no\">          <div class=\"bwg_mosaic_thumb_spun_0 bwg-item0 bwg-mosaic-thumb-span \">            <img decoding=\"async\" class=\"bwg_mosaic_thumb_0 skip-lazy bwg_img_clear bwg_img_custom \"                 id=\"33315\"                 src=\"https:\/\/www.nonsolomodanews.it\/wordpress\/wp-content\/uploads\/photo-gallery\/Lara_Laino\/thumb\/La_Zia_Lara_0009.jpg?bwg=1654207273\"                 data-src=\"https:\/\/www.nonsolomodanews.it\/wordpress\/wp-content\/uploads\/photo-gallery\/Lara_Laino\/thumb\/La_Zia_Lara_0009.jpg?bwg=1654207273\"                 data-width=\"958\"                 data-height=\"750\"                 alt=\"La Zia Lara 0009\"                 title=\"La Zia Lara 0009\" \/>                      <\/div>        <\/a>                <a  class=\"bwg-a bwg_lightbox bwg_lightbox_0\" href=\"https:\/\/www.nonsolomodanews.it\/wordpress\/wp-content\/uploads\/photo-gallery\/Lara_Laino\/La_Zia_Lara_0010.jpg?bwg=1654207273\" data-image-id=\"33324\" data-elementor-open-lightbox=\"no\">          <div class=\"bwg_mosaic_thumb_spun_0 bwg-item0 bwg-mosaic-thumb-span \">            <img decoding=\"async\" class=\"bwg_mosaic_thumb_0 skip-lazy bwg_img_clear bwg_img_custom \"                 id=\"33324\"                 src=\"https:\/\/www.nonsolomodanews.it\/wordpress\/wp-content\/uploads\/photo-gallery\/Lara_Laino\/thumb\/La_Zia_Lara_0010.jpg?bwg=1654207273\"                 data-src=\"https:\/\/www.nonsolomodanews.it\/wordpress\/wp-content\/uploads\/photo-gallery\/Lara_Laino\/thumb\/La_Zia_Lara_0010.jpg?bwg=1654207273\"                 data-width=\"960\"                 data-height=\"1200\"                 alt=\"La Zia Lara 0010\"                 title=\"La Zia Lara 0010\" \/>                      <\/div>        <\/a>            <\/div>    <\/div>    <style>      \/*pagination styles*\/      #bwg_container1_0 #bwg_container2_0 .tablenav-pages_0 {\t\t\t\ttext-align: center;\t\t\t\tfont-size: 12px;\t\t\t\tfont-family: segoe ui;\t\t\t\tfont-weight: bold;\t\t\t\tcolor: #666666;\t\t\t\tmargin: 6px 0 4px;\t\t\t\tdisplay: block;      }      @media only screen and (max-width : 320px) {      #bwg_container1_0 #bwg_container2_0 .displaying-num_0 {     \t display: none;      }      }      #bwg_container1_0 #bwg_container2_0 .displaying-num_0 {\t\t\t\tfont-size: 12px;\t\t\t\tfont-family: segoe ui;\t\t\t\tfont-weight: bold;\t\t\t\tcolor: #666666;\t\t\t\tmargin-right: 10px;\t\t\t\tvertical-align: middle;      }      #bwg_container1_0 #bwg_container2_0 .paging-input_0 {\t\t\t\tfont-size: 12px;\t\t\t\tfont-family: segoe ui;\t\t\t\tfont-weight: bold;\t\t\t\tcolor: #666666;\t\t\t\tvertical-align: middle;      }      #bwg_container1_0 #bwg_container2_0 .tablenav-pages_0 a.disabled,      #bwg_container1_0 #bwg_container2_0 .tablenav-pages_0 a.disabled:hover,      #bwg_container1_0 #bwg_container2_0 .tablenav-pages_0 a.disabled:focus,\t\t\t#bwg_container1_0 #bwg_container2_0 .tablenav-pages_0 input.bwg_current_page {\t\t\t\tcursor: default;\t\t\t\tcolor: rgba(102, 102, 102, 0.5);      }      #bwg_container1_0 #bwg_container2_0 .tablenav-pages_0 a,      #bwg_container1_0 #bwg_container2_0 .tablenav-pages_0 input.bwg_current_page {\t\t\t\tcursor: pointer;\t\t\t\ttext-align: center;\t\t\t\tfont-size: 12px;\t\t\t\tfont-family: segoe ui;\t\t\t\tfont-weight: bold;\t\t\t\tcolor: #666666;\t\t\t\ttext-decoration: none;\t\t\t\tpadding: 3px 6px;\t\t\t\tmargin: 0;\t\t\t\tborder-radius: 0;\t\t\t\tborder-style: solid;\t\t\t\tborder-width: 1px;\t\t\t\tborder-color: #E3E3E3;\t\t\t\t\t\t\t\tbackground-color: rgba(255, 255, 255, 1.00);\t\t\t\tbox-shadow: 0;\t\t\t\ttransition: all 0.3s ease 0s;-webkit-transition: all 0.3s ease 0s;      }      <\/style>      <span class=\"bwg_nav_cont_0\">              <div class=\"tablenav-pages_0\">                  <\/div>                <input type=\"hidden\" id=\"page_number_0\" name=\"page_number_0\" value=\"1\" \/>      <script type=\"text\/javascript\">        if( jQuery('.bwg_nav_cont_0').length > 1 ) {          jQuery('.bwg_nav_cont_0').first().remove()        }        function spider_page_0(cur, x, y, load_more) {          if (typeof load_more == \"undefined\") {            var load_more = false;          }          if (jQuery(cur).hasClass('disabled')) {            return false;          }          var items_county_0 = 1;          switch (y) {            case 1:              if (x >= items_county_0) {                document.getElementById('page_number_0').value = items_county_0;              }              else {                document.getElementById('page_number_0').value = x + 1;              }              break;            case 2:              document.getElementById('page_number_0').value = items_county_0;              break;            case -1:              if (x == 1) {                document.getElementById('page_number_0').value = 1;              }              else {                document.getElementById('page_number_0').value = x - 1;              }              break;            case -2:              document.getElementById('page_number_0').value = 1;              break;\t\t\t\t\t\tcase 0:              document.getElementById('page_number_0').value = x;              break;            default:              document.getElementById('page_number_0').value = 1;          }          bwg_ajax('gal_front_form_0', '0', 'bwg_thumbnails_mosaic_0', '0', '', 'gallery', 0, '', '', load_more, '', 1);        }                    jQuery('.first-page-0').on('click', function () {              spider_page_0(this, 1, -2, 'numeric');              return false;            });            jQuery('.prev-page-0').on('click', function () {              spider_page_0(this, 1, -1, 'numeric');              return false;            });            jQuery('.next-page-0').on('click', function () {              spider_page_0(this, 1, 1, 'numeric');              return false;            });            jQuery('.last-page-0').on('click', function () {              spider_page_0(this, 1, 2, 'numeric');              return false;            });        \t\t\t\t\/* Change page on input enter. *\/        function bwg_change_page_0( e, that ) {          if (  e.key == 'Enter' ) {            var to_page = parseInt(jQuery(that).val());            var pages_count = jQuery(that).parents(\".pagination-links\").data(\"pages-count\");            var current_url_param = jQuery(that).attr('data-url-info');            if (to_page > pages_count) {              to_page = 1;            }\t \t\t\t\t\t\t\t\t\t\t\t\tspider_page_0(this, to_page, 0, 'numeric');\t\t\t\t\t\t\treturn false;\t\t\t\t\t\t          }          return true;        }        jQuery('.bwg_load_btn_0').on('click', function () {            spider_page_0(this, 1, 1, true);            return false;        });      <\/script>      <\/span>                <\/div>        <\/form>        <style>          #bwg_container1_0 #bwg_container2_0 #spider_popup_overlay_0 {          background-color: #000000;          opacity: 0.70;          }          <\/style>        <div id=\"bwg_spider_popup_loading_0\" class=\"bwg_spider_popup_loading\"><\/div>        <div id=\"spider_popup_overlay_0\" class=\"spider_popup_overlay\" onclick=\"spider_destroypopup(1000)\"><\/div>        <input type=\"hidden\" id=\"bwg_random_seed_0\" value=\"1946087714\">                <\/div>    <\/div>    <script>      if (document.readyState === 'complete') {        if( typeof bwg_main_ready == 'function' ) {          if ( jQuery(\"#bwg_container1_0\").height() ) {            bwg_main_ready(jQuery(\"#bwg_container1_0\"));          }        }      } else {        document.addEventListener('DOMContentLoaded', function() {          if( typeof bwg_main_ready == 'function' ) {            if ( jQuery(\"#bwg_container1_0\").height() ) {             bwg_main_ready(jQuery(\"#bwg_container1_0\"));            }          }        });      }    <\/script>    <\/p>\n<p><\/span><\/p>\n","protected":false},"excerpt":{"rendered":"<p>Grandi novit&agrave; in casa Lara Laino in arte&nbsp; &ldquo;La Zia Lara&rdquo;, infatti la nota influencer, food blogger, imprenditrice, presentatrice tv milanese ha annunciato che insieme alla sua amica Anna Berra parteciper&agrave; al reality &ldquo;Stupido hotel&rdquo;. Dopo due anni di pandemia abbiamo incontrato nuovamente&nbsp; la vulcanica Lara che oltre annunciarci che parteciper&agrave; al reality, ha voluto raccontarci nuovamente un po&rsquo; di s&eacute; dopo due anni di vita a spizzichi e bocconi. Ringraziamo Lara, anzi &ldquo;La zia Lara&rdquo; per questa intervista e auguriamo ai nostri lettori buona lettura. Per chi volesse sapere di pi&ugrave; di questa vulcanica ragazza, si pu&ograve; leggere l&rsquo;intervista concessa a suo tempo qui.<\/p>\n","protected":false},"author":1,"featured_media":23338,"comment_status":"open","ping_status":"open","sticky":false,"template":"","format":"standard","meta":{"rop_custom_images_group":[],"rop_custom_messages_group":[],"rop_publish_now":"initial","rop_publish_now_accounts":[],"rop_publish_now_history":[],"rop_publish_now_status":"pending","footnotes":""},"categories":[16],"tags":[9096,281,3099,9095,1099],"class_list":["post-23330","post","type-post","status-publish","format-standard","has-post-thumbnail","hentry","category-articolo","tag-anna-berra","tag-bruno-angelo-porcellana","tag-la-zia-lara","tag-lara-laino","tag-nonsolomodanews"],"_links":{"self":[{"href":"https:\/\/www.nonsolomodanews.it\/wordpress\/wp-json\/wp\/v2\/posts\/23330","targetHints":{"allow":["GET"]}}],"collection":[{"href":"https:\/\/www.nonsolomodanews.it\/wordpress\/wp-json\/wp\/v2\/posts"}],"about":[{"href":"https:\/\/www.nonsolomodanews.it\/wordpress\/wp-json\/wp\/v2\/types\/post"}],"author":[{"embeddable":true,"href":"https:\/\/www.nonsolomodanews.it\/wordpress\/wp-json\/wp\/v2\/users\/1"}],"replies":[{"embeddable":true,"href":"https:\/\/www.nonsolomodanews.it\/wordpress\/wp-json\/wp\/v2\/comments?post=23330"}],"version-history":[{"count":6,"href":"https:\/\/www.nonsolomodanews.it\/wordpress\/wp-json\/wp\/v2\/posts\/23330\/revisions"}],"predecessor-version":[{"id":23339,"href":"https:\/\/www.nonsolomodanews.it\/wordpress\/wp-json\/wp\/v2\/posts\/23330\/revisions\/23339"}],"wp:featuredmedia":[{"embeddable":true,"href":"https:\/\/www.nonsolomodanews.it\/wordpress\/wp-json\/wp\/v2\/media\/23338"}],"wp:attachment":[{"href":"https:\/\/www.nonsolomodanews.it\/wordpress\/wp-json\/wp\/v2\/media?parent=23330"}],"wp:term":[{"taxonomy":"category","embeddable":true,"href":"https:\/\/www.nonsolomodanews.it\/wordpress\/wp-json\/wp\/v2\/categories?post=23330"},{"taxonomy":"post_tag","embeddable":true,"href":"https:\/\/www.nonsolomodanews.it\/wordpress\/wp-json\/wp\/v2\/tags?post=23330"}],"curies":[{"name":"wp","href":"https:\/\/api.w.org\/{rel}","templated":true}]}}