{"id":23311,"date":"2022-05-31T23:22:14","date_gmt":"2022-05-31T23:22:14","guid":{"rendered":"https:\/\/www.nonsolomodanews.it\/wordpress\/?p=23311"},"modified":"2022-05-31T23:22:14","modified_gmt":"2022-05-31T23:22:14","slug":"il-wmf-porta-a-rimini-linnovation-fair","status":"publish","type":"post","link":"https:\/\/www.nonsolomodanews.it\/wordpress\/il-wmf-porta-a-rimini-linnovation-fair\/","title":{"rendered":"Il WMF porta a Rimini l\u2019Innovation Fair"},"content":{"rendered":"<p><span style=\"color: #000000;\"><img loading=\"lazy\" decoding=\"async\" class=\"size-full wp-image-23312 alignleft\" src=\"https:\/\/www.nonsolomodanews.it\/wordpress\/wp-content\/uploads\/2022\/05\/2021-08-03_123035wmf22300x250ita.png\" alt=\"\" width=\"300\" height=\"250\" \/>Il WMF porta a Rimini l\u2019Innovation Fair.<\/span><\/p>\n<p><span style=\"color: #000000;\"><strong>3 giorni tra talk, dibattiti, incontri, colloqui di lavoro, novit\u00e0 del mondo digital e della robotica alla presenza dei principali player di settore<\/strong><\/span><\/p>\n<p><span style=\"color: #000000;\"><em>Dal 16 al 18 giugno la citt\u00e0 romagnola diventa la capitale mondiale dell\u2019innovazione con il WMF che realizza l\u2019Innovation Fair, &#8211; La pi\u00f9 grande Fiera sull\u2019Innovazione Digitale, che porta in Italia tutte le novit\u00e0 &#8211; italiane e internazionali &#8211; del settore. Nell\u2019Area Espositiva della Fiera di Rimini distretti tematici, eventi su professioni digitali, cinema, editoria, alla presenza delle agenzie di settore, realt\u00e0 del mondo e-commerce, della space economy, del podcast. Pi\u00f9 di 200 gli espositori &#8211; tra cui Intel, Aruba, Nexi, Rai, Ministero della Cultura &#8211; e oltre 100 gli eventi con un\u2019agenda ricca di momenti di networking, business matching, incontri B2B e dove potersi relazionare con startup internazionali, investitori, aziende innovative. Nel padiglione robotica presenti Sophia, Spot e iCub.<\/em><\/span><\/p>\n<p><span style=\"color: #000000;\"><!--more--><\/span><\/p>\n<p><span style=\"color: #000000;\">Innovazione, costruzione del futuro e un\u2019area \ufb01eristica dove esporranno tutte le principali realt\u00e0 del settore: agenzie digitali, aziende, realt\u00e0 del mondo <em>e-commerce, <\/em>della robotica, startup internazionali, e focus sulle professioni digitali con incontro tra domanda e offerta. Questo il programma della <strong>10^ edizione del WMF &#8211; il pi\u00f9 grande Festival sull\u2019Innovazione Digitale del Pianeta. <\/strong>Un evento unico nel suo genere e tutto da vivere che prender\u00e0 vita dal 16 al 18 giugno presso la <strong>Fiera di Rimini <\/strong>con un calendario ricco di novit\u00e0 e opportunit\u00e0.<\/span><\/p>\n<p><span style=\"color: #000000;\">Il WMF cresce e si evolve e, oltre al tipico format incentrato sulla <strong>formazione <\/strong>e sugli eventi verticali legati alla condivisione di idee per la creazione del futuro, realizza una vera e propria <strong>Fiera Internazionale sull\u2019Innovazione <\/strong>&#8211; Main Sponsor dell&#8217;evento Regione Emilia-Romagna &#8211; nella quale esporranno <strong>oltre 200 realt\u00e0 <\/strong>tra le quali Intel, Aruba, Huawei, Enel, Rai, ESA &#8211; Agenzia spaziale Europea, Ministero della Cultura, Mediaset In\ufb01nity, Mailchimp, Storyblock, Nexi, ISIPM, Mediaset In\ufb01nity, Manzoni, SiteGround, OPLON, SAP, Sprinklr, Active Powered, EURid e Il Sole 24 Ore.<\/span><\/p>\n<p><span style=\"color: #000000;\">L\u2019<strong>Innovation <\/strong><strong>Fair <\/strong>sar\u00e0 occasione di incontro per tutto il settore italiano e internazionale, protagonista di una 3 giorni attesissima e ricca di molteplici eventi &#8211; oltre 100 quelli in programma &#8211; con <strong>21 open stage nell\u2019Area Fieristica, incontri B2B, formativi <\/strong>e di lavoro sul mondo delle <strong>professioni digitali<\/strong>. E ancora spazio al mondo del <strong>libro<\/strong>, dell\u2019editoria e del giornalismo con presentazioni di libri, del <strong>cinema <\/strong>con proiezioni, ospiti e premiazioni, dell\u2019<strong>intrattenimento <\/strong>alla presenza di ospiti del calibro di <strong>Mario Calabresi, Federico Faggin, Pif, Pupi Avati<\/strong>, e numerose aziende che saranno a disposizione dei partecipanti che vivranno l\u2019area \ufb01eristica.<\/span><\/p>\n<p><span style=\"color: #000000;\">Grande spazio al mondo della <strong>robotica<\/strong>, alla presenza del robot <strong>Sophia<\/strong>, il robot umanoide pi\u00f9 avanzato al mondo, di <strong>Spot<\/strong>, il robot quadrupede pi\u00f9 versatile al mondo, e di <strong>iCub<\/strong>, il robot umanoide a supporto della ricerca, oltre a Robidone, Teotronico, il robot pianista e Roboldo. Spazio inoltre al tema dell&#8217;<strong>empowerment femminile <\/strong>grazie al contributo di donne che lavorano in ambito tecnologico e che contribuiscono attivamente ad innovarlo. E sugli Open Stage approfondimenti su tematiche quali <em>Space Economy, Podcast, Metaverso, NFT, Sostenibilit\u00e0, Legal Tech, <\/em>per una fotogra\ufb01a aggiornata su tutti i <em>trend <\/em>del futuro dei settori in espansione.<\/span><\/p>\n<p><span style=\"color: #000000;\">Dopo essere stato riconosciuto come <strong>punto di riferimento europeo per il mondo startup<\/strong>, nell\u2019area \ufb01eristica del WMF un intero padiglione sar\u00e0 dedicato a startup e scaleup italiane e internazionali, che si incontreranno con imprenditori e delegazioni internazionali provenienti da Arabia Saudita, Serbia, Croazia, Repubblica Ceca, Polonia, Malta e Spagna per numerosi momenti di <em>business &amp; networking <\/em>e incontri B2B con corporate e investitori.<\/span><\/p>\n<p><span style=\"color: #000000;\">I visitatori dell\u2019Innovation Fair potranno vedere da vicino le migliori startup e scaleup del panorama internazionale che si avvicenderanno su <strong>Startup Stage<\/strong>, <strong>Future Stage <\/strong>e nello <strong>Startup District<\/strong>, il distretto espositivo tematico dedicato.<\/span><\/p>\n<p><span style=\"color: #000000;\">Rimini Fiera &#8211; in occasione del WMF &#8211; ospiter\u00e0 inoltre la nuova edizione della <a style=\"color: #000000;\" href=\"https:\/\/www.webmarketingfestival.it\/2020\/temi\/digital-job-fair\/\"><strong><u>Digital Job Fair<\/u><\/strong><\/a>, l\u2019insieme di eventi ed iniziative dedicate al <strong>mercato del lavoro e delle professioni digitali, <\/strong>ai suoi professionisti e alle competenze che esso richiede. Al suo interno &#8211; oltre al <strong>Digital Job Placement, <\/strong>servizio di <em>recruiting <\/em>per il mercato del lavoro digitale &#8211; colloqui di lavoro, formazione sulle <em>skills <\/em>fondamentali per il mercato del lavoro odierno, ri\ufb02essioni sulle evoluzioni dello <em>smart working <\/em>e proposte e contributi utili alla de\ufb01nizione di un quadro normativo per i <strong>Digital Creators<\/strong>, dopo l\u2019audizione di Search On Media Group, azienda organizzatrice del WMF, alla Camera dei Deputati in materia.<\/span><\/p>\n<p><span style=\"color: #000000;\">Al WMF2022 parteciper\u00e0 anche una nutrita presenza di <strong>referenti istituzionali <\/strong>&#8211; tra gli altri il <strong>Sottosegretario alla Salute Andrea Costa <\/strong>e i <strong>Sottosegretari agli Esteri Benedetto Della Vedova e Manlio Di Stefano <\/strong>&#8211; che affronteranno, in appositi panel e momenti di condivisione, argomenti riguardanti le s\ufb01de del futuro del Paese per la costruzione di un futuro pi\u00f9 equo e sostenibile: dalle <em>mission <\/em>del PNRR all\u2019imprenditoria innovativa, al patrimonio culturale italiano, passando per la digitalizzazione della Pubblica Amministrazione e alla regolamentazione delle professioni digitali.<\/span><\/p>\n<p><span style=\"color: #000000;\">\u201c<em>Mai come quest\u2019anno, in occasione della decima edizione del WMF, crediamo nell\u2019importanza della cooperazione per il raggiungimento di obiettivi condivisi, equi e solidali. La nostra vision rimane <\/em><em>quella che abbiamo identi\ufb01cato oltre 15 anni fa: costruire un futuro migliore partendo da educazione e formazione rispetto all\u2019utilizzo consapevole degli strumenti dell\u2019innovazione tecnologica e digitale<\/em>\u201c ha affermato Cosmano Lombardo, CEO di Search On e ideatore del WMF. \u201c<em>Riteniamo fondamentale raccogliere in un network virtuoso e sostenibile tutte le realt\u00e0 del mondo dell\u2019innovazione. Percepiamo grande voglia di mobilitarsi, insieme, per creare qualcosa di unico per il futuro di tutti e noi siamo qui per questo\u201d.<\/em><\/span><\/p>\n<p><span style=\"color: #000000;\">Non mancheranno in\ufb01ne momenti di show, intrattenimento ed esibizioni musicali live in tutti i padiglioni \ufb01eristici, per una 3 giorni che si muover\u00e0 anche a ritmo di musica e performance artistiche.<\/span><\/p>\n<p><span style=\"color: #000000;\">Per permettere ai partecipanti di organizzare al meglio la propria partecipazione al WMF sono a disposizione diverse tipologie di ticket: oltre al <strong>Full ticket<\/strong>, che permette di prendere parte anche alla formazione, vi sono il <strong>Fiera ticket<\/strong>, con accesso all\u2019Innovation Fair, ai colloqui di lavoro, a 21 open stage e allo startup district, e il <strong>Visitor ticket<\/strong>, che, oltre alla parte \ufb01eristica, permette di assistere anche a tutti gli eventi del Mainstage.<\/span><\/p>\n<p><span style=\"color: #000000;\">Per potenziare il <em>networking <\/em>inoltre \u00e8 stata ottimizzata la piattaforma dedicata ibrida.io, con cui sar\u00e0 possibile, per tutti i partecipanti e le aziende, \ufb01ssare meeting e contattare le persone.<\/span><\/p>\n<p><span style=\"color: #000000;\"><strong>Link utili<\/strong><\/span><\/p>\n<ul>\n<li><span style=\"color: #000000;\"><a style=\"color: #000000;\" href=\"https:\/\/www.webmarketingfestival.it\/2020\/temi\/digital-job-fair\/\"><u>Digital Job Fair<\/u><\/a><\/span><\/li>\n<li><span style=\"color: #000000;\"><a style=\"color: #000000;\" href=\"https:\/\/www.webmarketingfestival.it\/2022\/robotica\/\"><u>Robotica<\/u><\/a><\/span><\/li>\n<li><span style=\"color: #000000;\"><a style=\"color: #000000;\" href=\"https:\/\/www.webmarketingfestival.it\/temi\/2022\/world-startup-fest\/\"><u>World startup fest<\/u><\/a><\/span><\/li>\n<\/ul>\n<p><span style=\"color: #000000;\"><strong>WMF &#8211; Il pi\u00f9 grande Festival sull\u2019Innovazione<\/strong><\/span><\/p>\n<p><span style=\"color: #000000;\">Il 16, 17 e 18 giugno torna l\u2019appuntamento con la Fiera Internazionale dedicata al mondo dell\u2019innovazione: il WMF2022, in programma presso la \ufb01era di Rimini, riunir\u00e0 nuovamente professionisti, aziende player di settore, startup, universit\u00e0, ONP e istituzioni per una tre giorni interamente dedicata all\u2019innovazione digitale e sociale. Con oltre 24.000 partecipanti nel 2021, 100 eventi in 3 giorni, pi\u00f9 di 600 speaker da tutto il mondo e oltre 500 tra espositori e sponsor in un\u2019Area Espositiva che ha accolto anche Ministeri, Regioni, Comuni, Enti pubblici e pi\u00f9 di 700 startup e investitori: il WMF &#8211; ideato e prodotto da Search On Media Group &#8211; \u00e8 il pi\u00f9 grande Festival sull\u2019Innovazione Digitale e Sociale.<\/span><\/p>\n<p><span style=\"color: #000000;\"><strong>Search On Media Group<\/strong><\/span><\/p>\n<p><span style=\"color: #000000;\">Dal 2004 l&#8217;azienda ha l&#8217;obiettivo di diffondere la cultura digitale gestendo community, supportando attivit\u00e0 di condivisione e svolgendo consulenza strategica e operativa, con il reparto Search On Consulting, nel settore del Digital Marketing e della Digital Transformation per grandi aziende. Dall\u2019esperienza e dalla professionalit\u00e0 di Search On Media Group nascono poi la Business Unit Education &#8211; che organizza il WMF e altri eventi formativi &#8211; e la piattaforma ibrida.io &#8211; che gestisce eventi online, ibridi e of\ufb02ine, in modo personalizzabile e \ufb02essibile.<\/span><\/p>\n<p style=\"text-align: center;\"><span style=\"color: #000000;\">Uf\ufb01cio Stampa WMF: <a style=\"color: #000000;\" href=\"mailto:press@ilfestival.it\">press@ilfestival.it <\/a>\/ Tel: 051 0951294<br \/>\nTutti i diritti riservati \u00a9 2022 \u2013 Email: nonsolomodanews@gmail.com<\/span><\/p>\n","protected":false},"excerpt":{"rendered":"<p>Il WMF porta a Rimini l&rsquo;Innovation Fair. 3 giorni tra talk, dibattiti, incontri, colloqui di lavoro, novit&agrave; del mondo digital e della robotica alla presenza dei principali player di settore Dal 16 al 18 giugno la citt&agrave; romagnola diventa la capitale mondiale dell&rsquo;innovazione con il WMF che realizza l&rsquo;Innovation Fair, &ndash; La pi&ugrave; grande Fiera sull&rsquo;Innovazione Digitale, che porta in Italia tutte le novit&agrave; &ndash; italiane e internazionali &ndash; del settore. Nell&rsquo;Area Espositiva della Fiera di Rimini distretti tematici, eventi su professioni digitali, cinema, editoria, alla presenza delle agenzie di settore, realt&agrave; del mondo e-commerce, della space economy, del podcast. Pi&ugrave; di 200 gli espositori &ndash; tra cui Intel, Aruba, Nexi, Rai, Ministero della Cultura &ndash; e oltre 100 gli eventi con un&rsquo;agenda ricca di momenti di networking, business matching, incontri B2B e dove potersi relazionare con startup internazionali, investitori, aziende innovative. Nel padiglione robotica presenti Sophia, Spot e iCub.<\/p>\n","protected":false},"author":1,"featured_media":23313,"comment_status":"open","ping_status":"open","sticky":false,"template":"","format":"standard","meta":{"rop_custom_images_group":[],"rop_custom_messages_group":[],"rop_publish_now":"initial","rop_publish_now_accounts":[],"rop_publish_now_history":[],"rop_publish_now_status":"pending","footnotes":""},"categories":[16],"tags":[281,1099,1228,9091],"class_list":["post-23311","post","type-post","status-publish","format-standard","has-post-thumbnail","hentry","category-articolo","tag-bruno-angelo-porcellana","tag-nonsolomodanews","tag-rimini","tag-wfm"],"_links":{"self":[{"href":"https:\/\/www.nonsolomodanews.it\/wordpress\/wp-json\/wp\/v2\/posts\/23311","targetHints":{"allow":["GET"]}}],"collection":[{"href":"https:\/\/www.nonsolomodanews.it\/wordpress\/wp-json\/wp\/v2\/posts"}],"about":[{"href":"https:\/\/www.nonsolomodanews.it\/wordpress\/wp-json\/wp\/v2\/types\/post"}],"author":[{"embeddable":true,"href":"https:\/\/www.nonsolomodanews.it\/wordpress\/wp-json\/wp\/v2\/users\/1"}],"replies":[{"embeddable":true,"href":"https:\/\/www.nonsolomodanews.it\/wordpress\/wp-json\/wp\/v2\/comments?post=23311"}],"version-history":[{"count":2,"href":"https:\/\/www.nonsolomodanews.it\/wordpress\/wp-json\/wp\/v2\/posts\/23311\/revisions"}],"predecessor-version":[{"id":23315,"href":"https:\/\/www.nonsolomodanews.it\/wordpress\/wp-json\/wp\/v2\/posts\/23311\/revisions\/23315"}],"wp:featuredmedia":[{"embeddable":true,"href":"https:\/\/www.nonsolomodanews.it\/wordpress\/wp-json\/wp\/v2\/media\/23313"}],"wp:attachment":[{"href":"https:\/\/www.nonsolomodanews.it\/wordpress\/wp-json\/wp\/v2\/media?parent=23311"}],"wp:term":[{"taxonomy":"category","embeddable":true,"href":"https:\/\/www.nonsolomodanews.it\/wordpress\/wp-json\/wp\/v2\/categories?post=23311"},{"taxonomy":"post_tag","embeddable":true,"href":"https:\/\/www.nonsolomodanews.it\/wordpress\/wp-json\/wp\/v2\/tags?post=23311"}],"curies":[{"name":"wp","href":"https:\/\/api.w.org\/{rel}","templated":true}]}}