{"id":23276,"date":"2022-05-23T12:00:29","date_gmt":"2022-05-23T12:00:29","guid":{"rendered":"https:\/\/www.nonsolomodanews.it\/wordpress\/?p=23276"},"modified":"2022-05-23T12:00:29","modified_gmt":"2022-05-23T12:00:29","slug":"esxence-the-art-perfumery-event-15-18-giugno-2022","status":"publish","type":"post","link":"https:\/\/www.nonsolomodanews.it\/wordpress\/esxence-the-art-perfumery-event-15-18-giugno-2022\/","title":{"rendered":"ESXENCE \u2013 THE ART PERFUMERY EVENT 15-18 GIUGNO 2022"},"content":{"rendered":"<p><span style=\"color: #000000;\"><strong><img loading=\"lazy\" decoding=\"async\" class=\"size-medium wp-image-23277 alignleft\" src=\"https:\/\/www.nonsolomodanews.it\/wordpress\/wp-content\/uploads\/2022\/05\/x6eJl6E6QXSEZ1anvGaG_aWRPr5KrBkiq0My8-300x300.png\" alt=\"\" width=\"300\" height=\"300\" srcset=\"https:\/\/www.nonsolomodanews.it\/wordpress\/wp-content\/uploads\/2022\/05\/x6eJl6E6QXSEZ1anvGaG_aWRPr5KrBkiq0My8-300x300.png 300w, https:\/\/www.nonsolomodanews.it\/wordpress\/wp-content\/uploads\/2022\/05\/x6eJl6E6QXSEZ1anvGaG_aWRPr5KrBkiq0My8-150x150.png 150w, https:\/\/www.nonsolomodanews.it\/wordpress\/wp-content\/uploads\/2022\/05\/x6eJl6E6QXSEZ1anvGaG_aWRPr5KrBkiq0My8.png 516w\" sizes=\"auto, (max-width: 300px) 100vw, 300px\" \/>ESXENCE \u2013 THE ART PERFUMERY EVENT &#8211; <\/strong><strong>Una 12esima edizione ad alto tasso di innovazione per l\u2019evento internazionale della Profumeria Artistica &#8211; <\/strong>15-18 giugno 2022, MiCo, Milano Convention Centre CityLife District<\/span><\/p>\n<p><span style=\"color: #000000;\"><strong>Esxence \u2013 The Art Perfumery Event<\/strong>, l\u2019appuntamento di riferimento della Profumeria Artistica a livello mondiale, prepara la sua XII edizione che si terr\u00e0 <strong>dal 15 al 18 giugno 2022 <\/strong>per la prima volta negli spazi di design di MiCo, Milano Convention Centre, cuore pulsante del CityLife District. La manifestazione, <strong>vetrina esclusiva della migliore produzione d\u2019autore, <\/strong>\u00e8 pronta ad affrontare nuove sfide e ad accogliere la community internazionale di operatori e appassionati in nome della cultura olfattiva pi\u00f9 autentica e ricercata.<\/span><\/p>\n<p><span style=\"color: #000000;\"><strong>Numerose le novit\u00e0<\/strong>, a partire dalla <strong>grande partecipazione dei brand<\/strong>, pi\u00f9 di 260, alcuni dei quali delle new entry, provenienti da Giappone, Australia, Argentina, Ungheria, Hong Kong.<\/span><\/p>\n<p><span style=\"color: #000000;\">La <strong>App di Esxence<\/strong>, a portata di smartphone, per canalizzare tutte le informazioni utili, quali la mappa dello spazio espositivo, il programma, il calendario dei convegni, la lista dei brand, le news e i comunicati stampa per operatori del settore e appassionati.<\/span><\/p>\n<p><span style=\"color: #000000;\">In pi\u00f9 l\u2019originale <strong>mostra, <\/strong>realizzata in collaborazione con IFF e allestita all\u2019interno del percorso espositivo, <strong>\u201cFleeting-Scents in Colour\u201d<\/strong>, un estratto dell\u2019esposizione omonima della Pinacoteca Mauritshuis dell\u2019Aia. Grazie a profumatori a pedale posti alla base dei quadri, qui in fedele riproduzione, sar\u00e0 possibile sentire odori e profumi dei paesaggi del XVII secolo raffigurati nelle singole opere, con l\u2019obiettivo di esplorare le opere d\u2019arte non solo visivamente ma anche da una nuova prospettiva olfattiva.<\/span><\/p>\n<p><span style=\"color: #000000;\">Saranno le <strong>case madri<\/strong>, storiche ed emergenti, a rappresentare l\u2019eccellenza della Profumeria Artistica. I brand sono selezionati dal <strong>Comitato Tecnico<\/strong>, composto da esperti di fama internazionale, in base alla qualit\u00e0 delle proposte e ai criteri distributivi. Esxence \u00e8 cos\u00ec in grado di offrire ai visitatori solo il meglio della produzione d\u2019autore, confermando <strong>Milano quale citt\u00e0 di riferimento di questo settore<\/strong>. Negli oltre 7000 metri quadri di MiCo, insieme ai <strong>Main Brand <\/strong>il pubblico di operatori, distributori, buyer e appassionati conoscer\u00e0 gli <strong>Spotlight<\/strong>, le realt\u00e0 emergenti del settore. La maggior parte di essi (circa il 70%) proviene dall\u2019estero; questo trend conferma Esxence quale prestigiosa occasione per farsi conoscere nel panorama internazionale.<\/span><\/p>\n<p><span style=\"color: #000000;\">Il <strong>concept <\/strong>scelto per questa nuova edizione di Esxence che accompagner\u00e0 i visitatori alla scoperta dello scrigno prezioso della profumeria d\u2019autore \u00e8 <strong>\u201cThrough The Mirror\u201d<\/strong>, che si traduce in <strong>bellezza, unicit\u00e0, consapevolezza, intimit\u00e0, coscienza<\/strong>. Lo specchio sar\u00e0 l\u2019elemento caratterizzante di quest\u2019anno: permette di vedere molteplici facce della realt\u00e0 e attraverso di esso \u00e8 possibile esplorare nuovi mondi, come quello della profumeria artistica e dell\u2019arte. Cos\u00ec il profumo \u00e8 lo specchio della nostra personalit\u00e0, capace di raccontare il nostro essere pi\u00f9 profondo e la nostra essenza. Ma, allo stesso tempo, pu\u00f2 riflettere anche la parte pi\u00f9 nascosta e misteriosa di noi, un lato non ancora svelato: quello che siamo e quello che vorremmo essere.<\/span><\/p>\n<p><span style=\"color: #000000;\"><strong>A livello mondiale l\u2019incidenza della Profumeria Artistica sul mercato globale del beauty <\/strong>\u00e8 ancor al di sotto del 2%, ma la sua incidenza sulla profumeria alcolica \u00e8 in continuo incremento, <strong>toccando punti che in media si aggirano attorno al 10% in molti paesi<\/strong>. Nel nostro mercato, quello che certamente ha la pi\u00f9 lunga attivit\u00e0 specifica nel settore, ha raggiunto livelli importanti. In Italia, infatti, nel 2021 il volume di fatturato della profumeria d\u2019autore si stima intorno ai 270 milioni di euro, corrispondente al 2,8% del beauty business italiano sul mercato interno, al 14,2% del fatturato del canale profumeria e al 30,6% delle vendite di fragranze. La profumeria \u201cdi nicchia\u201d \u00e8 nel pieno di una radicale e rapida trasformazione, talmente profonda da alterarne il modo stesso con cui la si nomina, si preferisce infatti oggi definirla come profumeria \u201cartistica e di ricerca\u201d.<\/span><\/p>\n<p><span style=\"color: #000000;\">\u201cSiamo molto lieti di poter presentare la dodicesima edizione di Esxence, dopo la forzata pausa causata dalla pandemia, &#8211; afferma <strong>Silvio Levi, co-fondatore della manifestazione e Direttore del Centro Studi Essencional<\/strong><\/span><\/p>\n<p><span style=\"color: #000000;\">&#8211; perch\u00e9 dar\u00e0 evidenza della estrema vitalit\u00e0 del settore, testimoniata dalla qualit\u00e0 di un\u2019offerta accuratamente selezionata dal Comitato Tecnico. Stiamo assistendo ad un vero e proprio Rinascimento per la Profumeria Artistica, con un incremento considerevole dei brand internazionali e italiani che hanno chiesto di partecipare alla manifestazione. In questi ultimi anni si \u00e8 riportata l\u2019attenzione sull\u2019importanza del senso dell\u2019olfatto e le persone hanno riscoperto il suo fondamentale ruolo nella quotidianit\u00e0 del benessere individuale. Come Centro Studi Essencional abbiamo lavorato insieme ad Esxence per le attivit\u00e0 di workshop e di analisi e in questi ultimi mesi abbiamo notato come i consumatori non abbiano ridotto l\u2019uso del profumo, capace di offrire evasione ed emozione, ma abbiano anche sviluppato la voglia di sperimentare, come evidenziato nella nostra indagine diffusa l\u2019anno scorso \u201cArtistic Perfumery and Pandemic\u201d. Le attivit\u00e0 svolte durante i lockdown vedono la loro prosecuzione naturale nel ricco programma di eventi che abbiamo costruito con Esxence per questa edizione\u201d.<\/span><\/p>\n<p><span style=\"color: #000000;\">\u201cOgni anno, grazie a un attento lavoro di ricerca e selezione, siamo in grado di offrire ai nostri visitatori le eccellenze della produzione della profumeria d\u2019autore \u2013 afferma <strong>Maurizio Cavezzali, co-fondatore di Esxence e Amministratore Delegato di Equipe Exibit<\/strong>. \u201cEsxence \u00e8 l\u2019evento di riferimento a livello mondiale dove si incontrano i pi\u00f9 importanti e strategici player del settore, si decidono le tendenze ed esordiscono i brand emergenti pi\u00f9 promettenti. Edizione dopo edizione puntiamo a rinnovarci, facendo tesoro delle esperienze passate e analizzando i trend pi\u00f9 rappresentativi del futuro. Lo dimostrano le maggiori novit\u00e0 di quest\u2019anno, che abbiamo fortemente voluto: la vocazione internazionale di Esxence che, grazie al supporto di ICE e di altri partner favorir\u00e0 scambi strategici tra operatori del settore di vari paesi, la mostra \u201cFleeting- Scents in Colour\u201d e la App a disposizione dei visitatori. Sono sicuro che l\u2019edizione di quest\u2019anno ci porter\u00e0 grandi soddisfazioni e nuovi stimoli per continuare a crescere\u201d.<\/span><\/p>\n<p><span style=\"color: #000000;\">EXPERIENCE LAB<\/span><\/p>\n<p><span style=\"color: #000000;\">Dentro MiCo si terr\u00e0 <strong>Experience Lab, <\/strong>l\u2019appuntamento di riferimento in Italia per l\u2019eccellenza del <strong>beauty di nicchia<\/strong>, il primo evento italiano, aperto agli operatori del settore e al pubblico, che mette in <strong>connessione brand unici<\/strong>, selezionati in base alla loro eccellenza nella nicchia di riferimento, <strong>con gli operatori del settore profumeria e beauty internazionale.<\/strong><\/span><\/p>\n<p><span style=\"color: #000000;\">Giunta alla sua seconda edizione la manifestazione traccia la propria direzione guidando i professionisti del settore e i visitatori negli spazi in cui troveranno brand unici, emergenti e all\u2019avanguardia che offriranno esperienze, scoperte e approfondimenti.<\/span><\/p>\n<p><span style=\"color: #000000;\">La kermesse vedr\u00e0 come protagonisti oltre <strong>60 espositori provenienti da tutto il mondo<\/strong>, che presenteranno le loro novit\u00e0 in merito a prodotti appartenenti alla categoria <strong>skincare, suncare, oral care, make- up, grooming, baby care, bath &amp; body, home beauty, lifestyle e beauty tools<\/strong>.<\/span><\/p>\n<p><span style=\"color: #000000;\">La nuova edizione, caratterizzata da un\u2019elevata qualit\u00e0 e da una forte contemporaneit\u00e0, ha come obiettivo la ricerca delle realt\u00e0 di nicchia in grado di interpretare le necessit\u00e0 dei consumatori, oggi sempre pi\u00f9 informati, evoluti e consapevoli. Durante le giornate di evento, all\u2019interno della sala conferenze, non mancheranno workshop e talk con esperti di settore, che arricchiranno il programma di Experience Lab con importanti contenuti.<\/span><\/p>\n<p><span style=\"color: #000000;\">IL CALENDARIO EVENTI DI ESXENCE<\/span><\/p>\n<p><span style=\"color: #000000;\">Come ogni anno Esxence prosegue nel suo intento di promozione della cultura olfattiva offrendo al proprio pubblico di professionisti e appassionati un ricco <strong>calendario di incontri, tavole rotonde, workshop, presentazioni e percorsi olfattivi<\/strong>, insieme ad esperti internazionali, studiosi e ricercatori, tra cui Michael Edwards, autore di Fragrances of the Word, enciclopedia mondiale delle fragranze e Annick Le Gu\u00e9rer, antropologa, storica ed esperta dei profumi. Gli appuntamenti sono realizzati <strong>in collaborazione con Essencional, il Centro Studi per la Profumeria Artistica.<\/strong><\/span><\/p>\n<p><span style=\"color: #000000;\">Il programma si aprir\u00e0 con l\u2019aggiornamento della <strong>web analysis<\/strong>, per monitorare ricerche, conversazioni e keyword sulla profumeria artistica, anche con l\u2019obiettivo di verificare quale sia la percezione dell\u2019identit\u00e0 della profumeria artistica nella mente del consumatore, come si stia modificando nei diversi mercati internazionali e quali siano i trend di questo specifico settore.<\/span><\/p>\n<p><span style=\"color: #000000;\">Tra i principali temi degli incontri: l\u2019<strong>analisi e le opportunit\u00e0 di mercati esteri <\/strong>di grande importanza in questo momento come l\u2019Africa e la Cina, il <strong>valore del mondo digitale <\/strong>all\u2019interno della profumeria artistica, <strong>l\u2019evoluzione del ruolo creativo dei profumieri <\/strong>in una tavola rotonda con 4 tra i <strong>nasi pi\u00f9 rilevanti a livello mondiale <\/strong>e la <strong>sostenibilit\u00e0 <\/strong>come tema centrale della filiera della profumeria artistica.<\/span><\/p>\n<p><span style=\"color: #000000;\">Anche per questa XII edizione Esxence potr\u00e0 contare su partner d\u2019eccellenza come Osmoth\u00e8que, unica ed esclusiva Conservatoria Internazionale dei profumi e Mouillettes &amp; Co., una nota realt\u00e0 italiana che sviluppa percorsi di formazione e consulenza legati all\u2019olfatto.<\/span><\/p>\n<p><span style=\"color: #000000;\">Ogni appuntamento del calendario eventi \u00e8 completamente gratuito e la sala conferenze sar\u00e0 aperta al pubblico per tutte le giornate di manifestazione.<\/span><\/p>\n<p><span style=\"color: #000000;\">Un ringraziamento a Business France, l\u2019Agenzia Nazionale Francese al servizio dell&#8217;internazionalizzazione dell&#8217;economia francese che da anni \u00e8 a fianco di Esxence.<\/span><\/p>\n<p><span style=\"color: #000000;\">Per informazioni: <a style=\"color: #000000;\" href=\"http:\/\/www.esxence.com\/\">www.esxence.com<\/a><\/span><\/p>\n<p><span style=\"color: #000000;\"><strong>Con il patrocinio di<\/strong>: Regione Lombardia, Comune di Milano<\/span><\/p>\n<p><span style=\"color: #000000;\"><strong>Con il supporto di<\/strong>: Ministero degli Affari Esteri e della Cooperazione Internazionale e di ICE &#8211; Agenzia per la promozione all&#8217;estero e l&#8217;internazionalizzazione delle imprese italiane<\/span><\/p>\n<p><span style=\"color: #000000;\"><strong>Sponsor<\/strong>: CFF Creative Flavour Fragrances | Grafiche Edicta | Les Parfumables |<\/span><\/p>\n<p><span style=\"color: #000000;\"><strong>Partner<\/strong>: Business France<\/span><\/p>\n<p><span style=\"color: #000000;\"><strong>Content Partner<\/strong>: Osmoth\u00e8que | Mouillettes &amp; Co.<\/span><\/p>\n<p><span style=\"color: #000000;\"><strong>Strategic Partner<\/strong>: Essencional<\/span><\/p>\n<p><span style=\"color: #000000;\">Il Centro Studi Essencional \u00e8 stato fondato da Silvio Levi nel 2019 con l\u2019obiettivo di contribuire alla ricerca e allo sviluppo del settore della Profumeria Artistica e come naturale prosecuzione dei workshop di Esxence. Nel 2019 il Centro Studi ha presentato \u201cWhispers about Artistic Perfumery\u201d uno studio sulla percezione online della Profumeria Artistica derivato da un&#8217;attivit\u00e0 di ascolto della rete a livello globale e da un sondaggio condotto all&#8217;interno della Comunit\u00e0 di Esxence.<\/span><\/p>\n<p><span style=\"color: #000000;\">Nel 2020l ha lanciato il suo sito internet <a style=\"color: #000000;\" href=\"http:\/\/www.essencional.com\/\">www.essencional.com <\/a>che pubblica contenuti editoriali originali quali interviste a brand, nasi, protagonisti e approfondimenti sulla profumeria artistica offrendo un servizio di osservatorio di settore, pubblicando articoli provenienti da altri siti e identificati come autorevoli da un board di advisor. La newsletter di Essencional offre settimanalmente il meglio dei contenuti sulla profumeria artistica, destinati a professionisti e ad appassionati.<\/span><\/p>\n<p><span style=\"color: #000000;\">Nel 2021 Essencional ha curato alcuni importanti webinar dell\u2019evento digitale Esxence on Air, tra cui \u201cInternational View on Artistic Perfumery: Focus China, Middle East, USA\u201d, \u201cArtistic Perfumery in the Digital World\u201d e \u201cArtistic Perfumery and Pandemic\u201d. Collabora con Essencional un advisory board di professionisti italiani e internazionali.<\/span><\/p>\n<p><span style=\"color: #000000;\">Dal 2019 \u00e8 partner di Esxence per la definizione del programma di eventi della manifestazione.<\/span><\/p>\n<p><span style=\"color: #000000;\"><strong>Ingresso su invito previa registrazione sul sito <\/strong><a style=\"color: #000000;\" href=\"http:\/\/www.esxence.com\/\">www.esxence.com<\/a> Ingresso operatori nelle quattro giornate di evento<\/span><\/p>\n<p><span style=\"color: #000000;\">Ingresso non operatori venerd\u00ec e sabato<\/span><\/p>\n<p><span style=\"color: #000000;\">Orari: da mercoled\u00ec a venerd\u00ec dalle ore 10.00 alle ore 18.30 \u2013 (ultimo ingresso ore 18.00) sabato dalle ore 10.00 alle ore 16.30 \u2013 (ultimo ingresso ore 16.00)<\/span><\/p>\n<p><span style=\"color: #000000;\">#esxence2022 <a style=\"color: #000000;\" href=\"http:\/\/www.esxence.com\/\">www.esxence.com<\/a><\/span><\/p>\n<p><span style=\"color: #000000;\">Facebook Esxence \u2013 The Art Perfumery Event Instagram Esxenceofficial<\/span><\/p>\n<p style=\"text-align: center;\"><span style=\"color: #000000;\">Testo a cura ufficio Stampa Esxence<\/span><br \/>\n<span style=\"color: #000000;\">Tutti i diritti riservati \u00a9 2022 \u2013 Email: nonsolomodanews@gmail.com<\/span><\/p>\n","protected":false},"excerpt":{"rendered":"<p>ESXENCE &ndash; THE ART PERFUMERY EVENT &ndash; Una 12esima edizione ad alto tasso di innovazione per l&rsquo;evento internazionale della Profumeria Artistica &ndash; 15-18 giugno 2022, MiCo, Milano Convention Centre CityLife District Esxence &ndash; The Art Perfumery Event, l&rsquo;appuntamento di riferimento della Profumeria Artistica a livello mondiale, prepara la sua XII edizione che si terr&agrave; dal 15 al 18 giugno 2022 per la prima volta negli spazi di design di MiCo, Milano Convention Centre, cuore pulsante del CityLife District. La manifestazione, vetrina esclusiva della migliore produzione d&rsquo;autore, &egrave; pronta ad affrontare nuove sfide e ad accogliere la community internazionale di operatori e appassionati in nome della cultura olfattiva pi&ugrave; autentica e ricercata. Numerose le novit&agrave;, a partire dalla grande partecipazione dei brand, pi&ugrave; di 260, alcuni dei quali delle new entry, provenienti da Giappone, Australia, Argentina, Ungheria, Hong Kong. La App di Esxence, a portata di smartphone, per canalizzare tutte le informazioni utili, quali la mappa dello spazio espositivo, il programma, il calendario dei convegni, la lista dei brand, le news e i comunicati stampa per operatori del settore e appassionati. In pi&ugrave; l&rsquo;originale mostra, realizzata in collaborazione con IFF e allestita all&rsquo;interno del percorso espositivo, &ldquo;Fleeting-Scents in Colour&rdquo;, un estratto [&hellip;]<\/p>\n","protected":false},"author":1,"featured_media":23278,"comment_status":"open","ping_status":"open","sticky":false,"template":"","format":"standard","meta":{"rop_custom_images_group":[],"rop_custom_messages_group":[],"rop_publish_now":"initial","rop_publish_now_accounts":[],"rop_publish_now_history":[],"rop_publish_now_status":"pending","footnotes":""},"categories":[16],"tags":[281,9089,1099],"class_list":["post-23276","post","type-post","status-publish","format-standard","has-post-thumbnail","hentry","category-articolo","tag-bruno-angelo-porcellana","tag-esxence","tag-nonsolomodanews"],"_links":{"self":[{"href":"https:\/\/www.nonsolomodanews.it\/wordpress\/wp-json\/wp\/v2\/posts\/23276","targetHints":{"allow":["GET"]}}],"collection":[{"href":"https:\/\/www.nonsolomodanews.it\/wordpress\/wp-json\/wp\/v2\/posts"}],"about":[{"href":"https:\/\/www.nonsolomodanews.it\/wordpress\/wp-json\/wp\/v2\/types\/post"}],"author":[{"embeddable":true,"href":"https:\/\/www.nonsolomodanews.it\/wordpress\/wp-json\/wp\/v2\/users\/1"}],"replies":[{"embeddable":true,"href":"https:\/\/www.nonsolomodanews.it\/wordpress\/wp-json\/wp\/v2\/comments?post=23276"}],"version-history":[{"count":2,"href":"https:\/\/www.nonsolomodanews.it\/wordpress\/wp-json\/wp\/v2\/posts\/23276\/revisions"}],"predecessor-version":[{"id":23280,"href":"https:\/\/www.nonsolomodanews.it\/wordpress\/wp-json\/wp\/v2\/posts\/23276\/revisions\/23280"}],"wp:featuredmedia":[{"embeddable":true,"href":"https:\/\/www.nonsolomodanews.it\/wordpress\/wp-json\/wp\/v2\/media\/23278"}],"wp:attachment":[{"href":"https:\/\/www.nonsolomodanews.it\/wordpress\/wp-json\/wp\/v2\/media?parent=23276"}],"wp:term":[{"taxonomy":"category","embeddable":true,"href":"https:\/\/www.nonsolomodanews.it\/wordpress\/wp-json\/wp\/v2\/categories?post=23276"},{"taxonomy":"post_tag","embeddable":true,"href":"https:\/\/www.nonsolomodanews.it\/wordpress\/wp-json\/wp\/v2\/tags?post=23276"}],"curies":[{"name":"wp","href":"https:\/\/api.w.org\/{rel}","templated":true}]}}